{"id":707,"date":"2010-06-10T16:13:48","date_gmt":"2010-06-10T14:13:48","guid":{"rendered":"https:\/\/pmza.sk.sk\/?p=707"},"modified":"2010-06-10T16:13:48","modified_gmt":"2010-06-10T14:13:48","slug":"barokova-sezona-v-budatine","status":"publish","type":"post","link":"https:\/\/pmza.sk\/?p=707","title":{"rendered":"Barokov\u00e1 sez\u00f3na v Budat\u00edne"},"content":{"rendered":"<p style=\"text-align: justify;\"><a href=\"https:\/\/pmza.sk\/wp-content\/uploads\/2010\/06\/baroko1.jpg\"><img fetchpriority=\"high\" decoding=\"async\" class=\"alignleft size-medium wp-image-710\" style=\"margin-left: 10px; margin-right: 10px; border: black 2px solid;\" title=\"baroko\" src=\"https:\/\/pmza.sk.sk\/wp-content\/uploads\/2010\/06\/baroko1-300x223.jpg\" alt=\"\" width=\"300\" height=\"223\" \/><\/a>Tohoro\u010dn\u00e9 leto a\u00a0jese\u0148 sa v\u00a0Are\u00e1li Budat\u00ednskeho hradu bud\u00fa nies\u0165 v\u00a0\u0161t\u00fdle baroka. Jedine\u010dn\u00e9 zbierky Pova\u017esk\u00e9ho m\u00fazea v\u00a0\u017diline prostredn\u00edctvom v\u00fdstavy\u00a0<strong>Z baroka \u2013 obraz, hudba, text <\/strong>pribl\u00ed\u017eia v\u00fdtvarn\u00e9 umenie, hudbu a\u00a0literat\u00faru \u017diliny z\u00a0obdobia 17. a\u00a018. storo\u010dia. \u201e<em>\u017dilina patrila k\u00a0centr\u00e1m barokovej kult\u00fary na Slovensku. Architekt\u00faru prezentuj\u00fa najm\u00e4 cirkevn\u00e9 stavby ako Kostol sv. Barbory alebo Kostol obr\u00e1tenia sv. Pavla. Nosite\u013emi barokovej hudby boli zn\u00e1mi autori ako Juraj Zrunek, Edmund Pascha \u010di\u00a0Adam Marmankovi\u010d. V\u010faka Dadanovej tla\u010diarni prekvitala v \u017diline kni\u017en\u00e1 kult\u00fara. V\u00a0meste p\u00f4sobili aj v\u00fdznamn\u00ed liter\u00e1ti, napr\u00edklad evanjelick\u00fd kazate\u013e Daniel Krman, autor n\u00e1bo\u017eensk\u00fdch textov, b\u00e1sn\u00ed, polem\u00edk a mnoh\u00fdch prekladov. Taktie\u017e to boli franti\u0161k\u00e1nski k\u0148azi Hugol\u00edn Gavlovi\u010d a\u00a0Vojtech Gazda, ktor\u00ed maj\u00fa nezastupite\u013en\u00e9 miesto v\u00a0slovenskej barokovej literat\u00fare<\/em>,\u201c pribl\u00ed\u017eil Michal Jureck\u00fd, jeden z autorov v\u00fdstavy a\u00a0 historik Pova\u017esk\u00e9ho m\u00fazea v \u017diline.<a href=\"https:\/\/pmza.sk\/wp-content\/uploads\/2010\/06\/baroko.jpg\"><\/a> <!--more-->V\u00fdstava predstav\u00ed prostredn\u00edctvom vz\u00e1cnych olejomalieb \u00a0najm\u00e4 barokov\u00e9 maliarstvo. Taktie\u017e odprezentuje perokresby na ru\u010dnom papieri, ktor\u00e9 boli s\u00fa\u010das\u0165ou expoz\u00edcie Budat\u00ednskeho hradu.<em> \u201eN\u00e1v\u0161tevn\u00edci m\u00f4\u017eu vidie\u0165 \u00a0olt\u00e1rne alebo z\u00e1vesn\u00e9 obrazy s biblickou\u00a0tematikou Star\u00e9ho a\u00a0Nov\u00e9ho z\u00e1kona, sv\u00e4tcov a\u00a0sv\u00e4tice. Z\u00a0prof\u00e1nneho umenia m\u00f4\u017eu obdivova\u0165 portr\u00e9t, krajinoma\u013ebu a z\u00e1ti\u0161ie. Unik\u00e1tom je monument\u00e1lny olt\u00e1rny obraz\u00a0 Obr\u00e1tenie sv. Pavla na ceste do Damasku od J\u00e1na Ign\u00e1ca Cimbala, absolventa viedenskej akad\u00e9mie, reprezentanta stredoeur\u00f3pskeho maliarstva 18. storo\u010dia,\u201c<\/em> dodala Jaroslava Mrvov\u00e1, autorka v\u00fdstavy a\u00a0histori\u010dka m\u00fazea. Medzi zauj\u00edmav\u00e9 vystaven\u00e9 expon\u00e1ty patria drobn\u00e9 okr\u00eddlen\u00e9 hlavi\u010dky anjelov\u00a0 alebo zl\u00e1ten\u00e9 polychr\u00f3movan\u00e9 vyrez\u00e1van\u00e9 svietniky, ktor\u00e9 zastupuj\u00fa barokov\u00e9 soch\u00e1rstvo a\u00a0rezb\u00e1rstvo.<br \/>\nBarokov\u00e9 expon\u00e1ty m\u00f4\u017eu n\u00e1v\u0161tevn\u00edci v\u00fdstavn\u00fdch priestorov Are\u00e1lu Budat\u00ednskeho hradu obdivova\u0165 <strong>od 11. j\u00fana 2010 do konca okt\u00f3bra 2010.<\/strong> Vernis\u00e1\u017e v\u00fdstavy, podfarben\u00e1 interpret\u00e1ciou skladieb z\u00a0obdobia baroka, sa uskuto\u010dn\u00ed <strong>vo \u0161tvrtok 17. j\u00fana 2010 o\u00a017,00h.<\/strong> Organiz\u00e1torom v\u00fdstavy je \u017dilinsk\u00fd samospr\u00e1vny kraj a\u00a0Pova\u017esk\u00e9 m\u00fazeum v\u00a0\u017diline.<\/p>\n","protected":false},"excerpt":{"rendered":"<p>Tohoro\u010dn\u00e9 leto a\u00a0jese\u0148 sa v\u00a0Are\u00e1li Budat\u00ednskeho hradu bud\u00fa nies\u0165 v\u00a0\u0161t\u00fdle baroka. Jedine\u010dn\u00e9 zbierky Pova\u017esk\u00e9ho m\u00fazea v\u00a0\u017diline prostredn\u00edctvom v\u00fdstavy\u00a0Z baroka \u2013 obraz, hudba, text pribl\u00ed\u017eia v\u00fdtvarn\u00e9 umenie, hudbu a\u00a0literat\u00faru \u017diliny z\u00a0obdobia 17. a\u00a018. storo\u010dia. \u201e\u017dilina patrila k\u00a0centr\u00e1m barokovej kult\u00fary na Slovensku. Architekt\u00faru prezentuj\u00fa najm\u00e4 cirkevn\u00e9 stavby ako Kostol sv. Barbory alebo Kostol obr\u00e1tenia sv. Pavla. Nosite\u013emi [&hellip;]<\/p>\n","protected":false},"author":2,"featured_media":0,"comment_status":"closed","ping_status":"closed","sticky":false,"template":"","format":"standard","meta":{"site-sidebar-layout":"default","site-content-layout":"","ast-site-content-layout":"","site-content-style":"default","site-sidebar-style":"default","ast-global-header-display":"","ast-banner-title-visibility":"","ast-main-header-display":"","ast-hfb-above-header-display":"","ast-hfb-below-header-display":"","ast-hfb-mobile-header-display":"","site-post-title":"","ast-breadcrumbs-content":"","ast-featured-img":"","footer-sml-layout":"","theme-transparent-header-meta":"","adv-header-id-meta":"","stick-header-meta":"","header-above-stick-meta":"","header-main-stick-meta":"","header-below-stick-meta":"","astra-migrate-meta-layouts":"default","ast-page-background-enabled":"default","ast-page-background-meta":{"desktop":{"background-color":"var(--ast-global-color-4)","background-image":"","background-repeat":"repeat","background-position":"center center","background-size":"auto","background-attachment":"scroll","background-type":"","background-media":"","overlay-type":"","overlay-color":"","overlay-opacity":"","overlay-gradient":""},"tablet":{"background-color":"","background-image":"","background-repeat":"repeat","background-position":"center center","background-size":"auto","background-attachment":"scroll","background-type":"","background-media":"","overlay-type":"","overlay-color":"","overlay-opacity":"","overlay-gradient":""},"mobile":{"background-color":"","background-image":"","background-repeat":"repeat","background-position":"center center","background-size":"auto","background-attachment":"scroll","background-type":"","background-media":"","overlay-type":"","overlay-color":"","overlay-opacity":"","overlay-gradient":""}},"ast-content-background-meta":{"desktop":{"background-color":"var(--ast-global-color-5)","background-image":"","background-repeat":"repeat","background-position":"center center","background-size":"auto","background-attachment":"scroll","background-type":"","background-media":"","overlay-type":"","overlay-color":"","overlay-opacity":"","overlay-gradient":""},"tablet":{"background-color":"var(--ast-global-color-5)","background-image":"","background-repeat":"repeat","background-position":"center center","background-size":"auto","background-attachment":"scroll","background-type":"","background-media":"","overlay-type":"","overlay-color":"","overlay-opacity":"","overlay-gradient":""},"mobile":{"background-color":"var(--ast-global-color-5)","background-image":"","background-repeat":"repeat","background-position":"center center","background-size":"auto","background-attachment":"scroll","background-type":"","background-media":"","overlay-type":"","overlay-color":"","overlay-opacity":"","overlay-gradient":""}},"footnotes":""},"categories":[29],"tags":[],"class_list":["post-707","post","type-post","status-publish","format-standard","hentry","category-archiv-2010"],"yoast_head":"<!-- This site is optimized with the Yoast SEO plugin v27.4 - https:\/\/yoast.com\/product\/yoast-seo-wordpress\/ -->\n<title>Barokov\u00e1 sez\u00f3na v Budat\u00edne - Pova\u017esk\u00e9 m\u00fazeum<\/title>\n<meta name=\"robots\" content=\"index, follow, max-snippet:-1, max-image-preview:large, max-video-preview:-1\" \/>\n<link rel=\"canonical\" href=\"https:\/\/pmza.sk\/?p=707\" \/>\n<meta property=\"og:locale\" content=\"sk_SK\" \/>\n<meta property=\"og:type\" content=\"article\" \/>\n<meta property=\"og:title\" content=\"Barokov\u00e1 sez\u00f3na v Budat\u00edne - Pova\u017esk\u00e9 m\u00fazeum\" \/>\n<meta property=\"og:description\" content=\"Tohoro\u010dn\u00e9 leto a\u00a0jese\u0148 sa v\u00a0Are\u00e1li Budat\u00ednskeho hradu bud\u00fa nies\u0165 v\u00a0\u0161t\u00fdle baroka. Jedine\u010dn\u00e9 zbierky Pova\u017esk\u00e9ho m\u00fazea v\u00a0\u017diline prostredn\u00edctvom v\u00fdstavy\u00a0Z baroka \u2013 obraz, hudba, text pribl\u00ed\u017eia v\u00fdtvarn\u00e9 umenie, hudbu a\u00a0literat\u00faru \u017diliny z\u00a0obdobia 17. a\u00a018. storo\u010dia. \u201e\u017dilina patrila k\u00a0centr\u00e1m barokovej kult\u00fary na Slovensku. Architekt\u00faru prezentuj\u00fa najm\u00e4 cirkevn\u00e9 stavby ako Kostol sv. Barbory alebo Kostol obr\u00e1tenia sv. Pavla. Nosite\u013emi [&hellip;]\" \/>\n<meta property=\"og:url\" content=\"https:\/\/pmza.sk\/?p=707\" \/>\n<meta property=\"og:site_name\" content=\"Pova\u017esk\u00e9 m\u00fazeum\" \/>\n<meta property=\"article:publisher\" content=\"https:\/\/www.facebook.com\/povazskemuzeum\" \/>\n<meta property=\"article:published_time\" content=\"2010-06-10T14:13:48+00:00\" \/>\n<meta property=\"og:image\" content=\"https:\/\/pmza.sk.sk\/wp-content\/uploads\/2010\/06\/baroko1-300x223.jpg\" \/>\n<meta name=\"author\" content=\"Pova\u017esk\u00e9 m\u00fazeum\" \/>\n<meta name=\"twitter:card\" content=\"summary_large_image\" \/>\n<meta name=\"twitter:label1\" content=\"Autor\" \/>\n\t<meta name=\"twitter:data1\" content=\"Pova\u017esk\u00e9 m\u00fazeum\" \/>\n\t<meta name=\"twitter:label2\" content=\"Predpokladan\u00fd \u010das \u010d\u00edtania\" \/>\n\t<meta name=\"twitter:data2\" content=\"2 min\u00faty\" \/>\n<script type=\"application\/ld+json\" class=\"yoast-schema-graph\">{\"@context\":\"https:\\\/\\\/schema.org\",\"@graph\":[{\"@type\":\"Article\",\"@id\":\"https:\\\/\\\/pmza.sk\\\/?p=707#article\",\"isPartOf\":{\"@id\":\"https:\\\/\\\/pmza.sk\\\/?p=707\"},\"author\":{\"name\":\"Pova\u017esk\u00e9 m\u00fazeum\",\"@id\":\"https:\\\/\\\/pmza.sk\\\/#\\\/schema\\\/person\\\/595e6a2ce731ea94dcd5d7f50a41ae33\"},\"headline\":\"Barokov\u00e1 sez\u00f3na v Budat\u00edne\",\"datePublished\":\"2010-06-10T14:13:48+00:00\",\"mainEntityOfPage\":{\"@id\":\"https:\\\/\\\/pmza.sk\\\/?p=707\"},\"wordCount\":387,\"publisher\":{\"@id\":\"https:\\\/\\\/pmza.sk\\\/#organization\"},\"image\":{\"@id\":\"https:\\\/\\\/pmza.sk\\\/?p=707#primaryimage\"},\"thumbnailUrl\":\"http:\\\/\\\/pmza.sk.sk\\\/wp-content\\\/uploads\\\/2010\\\/06\\\/baroko1-300x223.jpg\",\"articleSection\":[\"Arch\u00edv 2010\"],\"inLanguage\":\"sk-SK\"},{\"@type\":\"WebPage\",\"@id\":\"https:\\\/\\\/pmza.sk\\\/?p=707\",\"url\":\"https:\\\/\\\/pmza.sk\\\/?p=707\",\"name\":\"Barokov\u00e1 sez\u00f3na v Budat\u00edne - Pova\u017esk\u00e9 m\u00fazeum\",\"isPartOf\":{\"@id\":\"https:\\\/\\\/pmza.sk\\\/#website\"},\"primaryImageOfPage\":{\"@id\":\"https:\\\/\\\/pmza.sk\\\/?p=707#primaryimage\"},\"image\":{\"@id\":\"https:\\\/\\\/pmza.sk\\\/?p=707#primaryimage\"},\"thumbnailUrl\":\"http:\\\/\\\/pmza.sk.sk\\\/wp-content\\\/uploads\\\/2010\\\/06\\\/baroko1-300x223.jpg\",\"datePublished\":\"2010-06-10T14:13:48+00:00\",\"breadcrumb\":{\"@id\":\"https:\\\/\\\/pmza.sk\\\/?p=707#breadcrumb\"},\"inLanguage\":\"sk-SK\",\"potentialAction\":[{\"@type\":\"ReadAction\",\"target\":[\"https:\\\/\\\/pmza.sk\\\/?p=707\"]}]},{\"@type\":\"ImageObject\",\"inLanguage\":\"sk-SK\",\"@id\":\"https:\\\/\\\/pmza.sk\\\/?p=707#primaryimage\",\"url\":\"http:\\\/\\\/pmza.sk.sk\\\/wp-content\\\/uploads\\\/2010\\\/06\\\/baroko1-300x223.jpg\",\"contentUrl\":\"http:\\\/\\\/pmza.sk.sk\\\/wp-content\\\/uploads\\\/2010\\\/06\\\/baroko1-300x223.jpg\"},{\"@type\":\"BreadcrumbList\",\"@id\":\"https:\\\/\\\/pmza.sk\\\/?p=707#breadcrumb\",\"itemListElement\":[{\"@type\":\"ListItem\",\"position\":1,\"name\":\"Domovsk\u00e1 str\u00e1nka\",\"item\":\"https:\\\/\\\/pmza.sk\\\/\"},{\"@type\":\"ListItem\",\"position\":2,\"name\":\"Barokov\u00e1 sez\u00f3na v Budat\u00edne\"}]},{\"@type\":\"WebSite\",\"@id\":\"https:\\\/\\\/pmza.sk\\\/#website\",\"url\":\"https:\\\/\\\/pmza.sk\\\/\",\"name\":\"Pova\u017esk\u00e9 m\u00fazeum\",\"description\":\"Pova\u017esk\u00e9 m\u00fazeum v \u017diline je region\u00e1lne m\u00fazeum so s\u00eddlom v Budat\u00edne. Jeho expoz\u00edcie s\u00fa zameran\u00e9 na dejiny slovensk\u00e9ho umenia, kult\u00fary a dopravy.\",\"publisher\":{\"@id\":\"https:\\\/\\\/pmza.sk\\\/#organization\"},\"potentialAction\":[{\"@type\":\"SearchAction\",\"target\":{\"@type\":\"EntryPoint\",\"urlTemplate\":\"https:\\\/\\\/pmza.sk\\\/?s={search_term_string}\"},\"query-input\":{\"@type\":\"PropertyValueSpecification\",\"valueRequired\":true,\"valueName\":\"search_term_string\"}}],\"inLanguage\":\"sk-SK\"},{\"@type\":\"Organization\",\"@id\":\"https:\\\/\\\/pmza.sk\\\/#organization\",\"name\":\"Pova\u017esk\u00e9 m\u00fazeum\",\"url\":\"https:\\\/\\\/pmza.sk\\\/\",\"logo\":{\"@type\":\"ImageObject\",\"inLanguage\":\"sk-SK\",\"@id\":\"https:\\\/\\\/pmza.sk\\\/#\\\/schema\\\/logo\\\/image\\\/\",\"url\":\"https:\\\/\\\/pmza.sk\\\/wp-content\\\/uploads\\\/2022\\\/01\\\/logo_PM_horizontal.jpg\",\"contentUrl\":\"https:\\\/\\\/pmza.sk\\\/wp-content\\\/uploads\\\/2022\\\/01\\\/logo_PM_horizontal.jpg\",\"width\":231,\"height\":142,\"caption\":\"Pova\u017esk\u00e9 m\u00fazeum\"},\"image\":{\"@id\":\"https:\\\/\\\/pmza.sk\\\/#\\\/schema\\\/logo\\\/image\\\/\"},\"sameAs\":[\"https:\\\/\\\/www.facebook.com\\\/povazskemuzeum\",\"https:\\\/\\\/www.instagram.com\\\/povazskemuzeum\\\/\"]},{\"@type\":\"Person\",\"@id\":\"https:\\\/\\\/pmza.sk\\\/#\\\/schema\\\/person\\\/595e6a2ce731ea94dcd5d7f50a41ae33\",\"name\":\"Pova\u017esk\u00e9 m\u00fazeum\",\"image\":{\"@type\":\"ImageObject\",\"inLanguage\":\"sk-SK\",\"@id\":\"https:\\\/\\\/secure.gravatar.com\\\/avatar\\\/2bb7f1561282132fb5826dfeccc66c7996d11ee392ac6aaf7ced8a1c2027fbb2?s=96&d=mm&r=g\",\"url\":\"https:\\\/\\\/secure.gravatar.com\\\/avatar\\\/2bb7f1561282132fb5826dfeccc66c7996d11ee392ac6aaf7ced8a1c2027fbb2?s=96&d=mm&r=g\",\"contentUrl\":\"https:\\\/\\\/secure.gravatar.com\\\/avatar\\\/2bb7f1561282132fb5826dfeccc66c7996d11ee392ac6aaf7ced8a1c2027fbb2?s=96&d=mm&r=g\",\"caption\":\"Pova\u017esk\u00e9 m\u00fazeum\"}}]}<\/script>\n<!-- \/ Yoast SEO plugin. -->","yoast_head_json":{"title":"Barokov\u00e1 sez\u00f3na v Budat\u00edne - Pova\u017esk\u00e9 m\u00fazeum","robots":{"index":"index","follow":"follow","max-snippet":"max-snippet:-1","max-image-preview":"max-image-preview:large","max-video-preview":"max-video-preview:-1"},"canonical":"https:\/\/pmza.sk\/?p=707","og_locale":"sk_SK","og_type":"article","og_title":"Barokov\u00e1 sez\u00f3na v Budat\u00edne - Pova\u017esk\u00e9 m\u00fazeum","og_description":"Tohoro\u010dn\u00e9 leto a\u00a0jese\u0148 sa v\u00a0Are\u00e1li Budat\u00ednskeho hradu bud\u00fa nies\u0165 v\u00a0\u0161t\u00fdle baroka. Jedine\u010dn\u00e9 zbierky Pova\u017esk\u00e9ho m\u00fazea v\u00a0\u017diline prostredn\u00edctvom v\u00fdstavy\u00a0Z baroka \u2013 obraz, hudba, text pribl\u00ed\u017eia v\u00fdtvarn\u00e9 umenie, hudbu a\u00a0literat\u00faru \u017diliny z\u00a0obdobia 17. a\u00a018. storo\u010dia. \u201e\u017dilina patrila k\u00a0centr\u00e1m barokovej kult\u00fary na Slovensku. Architekt\u00faru prezentuj\u00fa najm\u00e4 cirkevn\u00e9 stavby ako Kostol sv. Barbory alebo Kostol obr\u00e1tenia sv. Pavla. Nosite\u013emi [&hellip;]","og_url":"https:\/\/pmza.sk\/?p=707","og_site_name":"Pova\u017esk\u00e9 m\u00fazeum","article_publisher":"https:\/\/www.facebook.com\/povazskemuzeum","article_published_time":"2010-06-10T14:13:48+00:00","og_image":[{"url":"https:\/\/pmza.sk.sk\/wp-content\/uploads\/2010\/06\/baroko1-300x223.jpg","type":"","width":"","height":""}],"author":"Pova\u017esk\u00e9 m\u00fazeum","twitter_card":"summary_large_image","twitter_misc":{"Autor":"Pova\u017esk\u00e9 m\u00fazeum","Predpokladan\u00fd \u010das \u010d\u00edtania":"2 min\u00faty"},"schema":{"@context":"https:\/\/schema.org","@graph":[{"@type":"Article","@id":"https:\/\/pmza.sk\/?p=707#article","isPartOf":{"@id":"https:\/\/pmza.sk\/?p=707"},"author":{"name":"Pova\u017esk\u00e9 m\u00fazeum","@id":"https:\/\/pmza.sk\/#\/schema\/person\/595e6a2ce731ea94dcd5d7f50a41ae33"},"headline":"Barokov\u00e1 sez\u00f3na v Budat\u00edne","datePublished":"2010-06-10T14:13:48+00:00","mainEntityOfPage":{"@id":"https:\/\/pmza.sk\/?p=707"},"wordCount":387,"publisher":{"@id":"https:\/\/pmza.sk\/#organization"},"image":{"@id":"https:\/\/pmza.sk\/?p=707#primaryimage"},"thumbnailUrl":"https:\/\/pmza.sk.sk\/wp-content\/uploads\/2010\/06\/baroko1-300x223.jpg","articleSection":["Arch\u00edv 2010"],"inLanguage":"sk-SK"},{"@type":"WebPage","@id":"https:\/\/pmza.sk\/?p=707","url":"https:\/\/pmza.sk\/?p=707","name":"Barokov\u00e1 sez\u00f3na v Budat\u00edne - Pova\u017esk\u00e9 m\u00fazeum","isPartOf":{"@id":"https:\/\/pmza.sk\/#website"},"primaryImageOfPage":{"@id":"https:\/\/pmza.sk\/?p=707#primaryimage"},"image":{"@id":"https:\/\/pmza.sk\/?p=707#primaryimage"},"thumbnailUrl":"https:\/\/pmza.sk.sk\/wp-content\/uploads\/2010\/06\/baroko1-300x223.jpg","datePublished":"2010-06-10T14:13:48+00:00","breadcrumb":{"@id":"https:\/\/pmza.sk\/?p=707#breadcrumb"},"inLanguage":"sk-SK","potentialAction":[{"@type":"ReadAction","target":["https:\/\/pmza.sk\/?p=707"]}]},{"@type":"ImageObject","inLanguage":"sk-SK","@id":"https:\/\/pmza.sk\/?p=707#primaryimage","url":"https:\/\/pmza.sk.sk\/wp-content\/uploads\/2010\/06\/baroko1-300x223.jpg","contentUrl":"https:\/\/pmza.sk.sk\/wp-content\/uploads\/2010\/06\/baroko1-300x223.jpg"},{"@type":"BreadcrumbList","@id":"https:\/\/pmza.sk\/?p=707#breadcrumb","itemListElement":[{"@type":"ListItem","position":1,"name":"Domovsk\u00e1 str\u00e1nka","item":"https:\/\/pmza.sk\/"},{"@type":"ListItem","position":2,"name":"Barokov\u00e1 sez\u00f3na v Budat\u00edne"}]},{"@type":"WebSite","@id":"https:\/\/pmza.sk\/#website","url":"https:\/\/pmza.sk\/","name":"Pova\u017esk\u00e9 m\u00fazeum","description":"Pova\u017esk\u00e9 m\u00fazeum v \u017diline je region\u00e1lne m\u00fazeum so s\u00eddlom v Budat\u00edne. Jeho expoz\u00edcie s\u00fa zameran\u00e9 na dejiny slovensk\u00e9ho umenia, kult\u00fary a dopravy.","publisher":{"@id":"https:\/\/pmza.sk\/#organization"},"potentialAction":[{"@type":"SearchAction","target":{"@type":"EntryPoint","urlTemplate":"https:\/\/pmza.sk\/?s={search_term_string}"},"query-input":{"@type":"PropertyValueSpecification","valueRequired":true,"valueName":"search_term_string"}}],"inLanguage":"sk-SK"},{"@type":"Organization","@id":"https:\/\/pmza.sk\/#organization","name":"Pova\u017esk\u00e9 m\u00fazeum","url":"https:\/\/pmza.sk\/","logo":{"@type":"ImageObject","inLanguage":"sk-SK","@id":"https:\/\/pmza.sk\/#\/schema\/logo\/image\/","url":"https:\/\/pmza.sk\/wp-content\/uploads\/2022\/01\/logo_PM_horizontal.jpg","contentUrl":"https:\/\/pmza.sk\/wp-content\/uploads\/2022\/01\/logo_PM_horizontal.jpg","width":231,"height":142,"caption":"Pova\u017esk\u00e9 m\u00fazeum"},"image":{"@id":"https:\/\/pmza.sk\/#\/schema\/logo\/image\/"},"sameAs":["https:\/\/www.facebook.com\/povazskemuzeum","https:\/\/www.instagram.com\/povazskemuzeum\/"]},{"@type":"Person","@id":"https:\/\/pmza.sk\/#\/schema\/person\/595e6a2ce731ea94dcd5d7f50a41ae33","name":"Pova\u017esk\u00e9 m\u00fazeum","image":{"@type":"ImageObject","inLanguage":"sk-SK","@id":"https:\/\/secure.gravatar.com\/avatar\/2bb7f1561282132fb5826dfeccc66c7996d11ee392ac6aaf7ced8a1c2027fbb2?s=96&d=mm&r=g","url":"https:\/\/secure.gravatar.com\/avatar\/2bb7f1561282132fb5826dfeccc66c7996d11ee392ac6aaf7ced8a1c2027fbb2?s=96&d=mm&r=g","contentUrl":"https:\/\/secure.gravatar.com\/avatar\/2bb7f1561282132fb5826dfeccc66c7996d11ee392ac6aaf7ced8a1c2027fbb2?s=96&d=mm&r=g","caption":"Pova\u017esk\u00e9 m\u00fazeum"}}]}},"_links":{"self":[{"href":"https:\/\/pmza.sk\/index.php?rest_route=\/wp\/v2\/posts\/707","targetHints":{"allow":["GET"]}}],"collection":[{"href":"https:\/\/pmza.sk\/index.php?rest_route=\/wp\/v2\/posts"}],"about":[{"href":"https:\/\/pmza.sk\/index.php?rest_route=\/wp\/v2\/types\/post"}],"author":[{"embeddable":true,"href":"https:\/\/pmza.sk\/index.php?rest_route=\/wp\/v2\/users\/2"}],"replies":[{"embeddable":true,"href":"https:\/\/pmza.sk\/index.php?rest_route=%2Fwp%2Fv2%2Fcomments&post=707"}],"version-history":[{"count":0,"href":"https:\/\/pmza.sk\/index.php?rest_route=\/wp\/v2\/posts\/707\/revisions"}],"wp:attachment":[{"href":"https:\/\/pmza.sk\/index.php?rest_route=%2Fwp%2Fv2%2Fmedia&parent=707"}],"wp:term":[{"taxonomy":"category","embeddable":true,"href":"https:\/\/pmza.sk\/index.php?rest_route=%2Fwp%2Fv2%2Fcategories&post=707"},{"taxonomy":"post_tag","embeddable":true,"href":"https:\/\/pmza.sk\/index.php?rest_route=%2Fwp%2Fv2%2Ftags&post=707"}],"curies":[{"name":"wp","href":"https:\/\/api.w.org\/{rel}","templated":true}]}}