{"id":70840,"date":"2025-07-01T12:01:27","date_gmt":"2025-07-01T10:01:27","guid":{"rendered":"https:\/\/pmza.sk\/?p=70840"},"modified":"2025-09-18T09:07:25","modified_gmt":"2025-09-18T07:07:25","slug":"pohlad-oltar-majstra-pavla-fotografie-petra-zupnika","status":"publish","type":"post","link":"https:\/\/pmza.sk\/?p=70840","title":{"rendered":"Poh\u013ead. Olt\u00e1r Majstra Pavla. Fotografie Petra \u017dupn\u00edka."},"content":{"rendered":"<p>Od 3. j\u00fala sa bude v\u00a0kaplnke Budat\u00ednskeho hradu nach\u00e1dza\u0165 v\u00fdnimo\u010dn\u00e1 v\u00fdstava fotografi\u00ed pod n\u00e1zvom Poh\u013ead. Olt\u00e1r Majstra Pavla. Fotografie Petra \u017dupn\u00edka.<\/p>\n<p>Peter \u017dupn\u00edk \u0161tudoval fotografiu na pra\u017eskej FAMU. Bol jedn\u00fdm z\u00a0najd\u00f4le\u017eitej\u0161\u00edch predstavite\u013eov tzv. slovenskej vlny \u2013 zoskupenia slovensk\u00fdch fotografov \u0161tuduj\u00facich v\u00a0osemdesiatych rokoch u\u00a0prof. J\u00e1na \u0160moka. V\u00a0minulosti p\u00f4sobil ako vo\u013en\u00fd fotograf vo Franc\u00fazsku a\u00a0\u010cech\u00e1ch, moment\u00e1lne na Slovensku. Spektrum jeho tvorby je \u0161irok\u00e9, od doma\u013eov\u00e1van\u00fdch \u00a0fotografi\u00ed \u00a0a\u017e po \u010dist\u00e9 v\u00fdtvarn\u00e9 obrazy ako tie zo s\u00e9rie majstra Pavla, ktor\u00e9 vznikli v roku 2014 . Jeho diela sa nach\u00e1dzaj\u00fa v\u00a0zbierkach svetov\u00fdch gal\u00e9ri\u00ed a\u00a0in\u0161tit\u00faci\u00ed v\u00a0Par\u00ed\u017ei, Lausanne, Houstone, Bostone, Prahe, Brne \u010di Bratislave.<\/p>\n<p>V\u00fdstava pon\u00faka p\u00f4sobiv\u00e9 poh\u013eady na hlavn\u00fd olt\u00e1r v\u00a0Chr\u00e1me sv. Jakuba v\u00a0Levo\u010di. Fotografie vznikli v\u00a0\u010dase, ke\u010f prebiehalo re\u0161taurovanie olt\u00e1ra a\u00a0autor mal mo\u017enos\u0165 vidie\u0165 a\u00a0zachyti\u0165 toto unik\u00e1tne dielo zbl\u00edzka. Z\u00e1bery tak odkr\u00fdvaj\u00fa nov\u00e9 mo\u017enosti vn\u00edmania a\u00a0nazerania na tvorbu Majstra Pavla. <em>\u201eJe to z\u00e1\u017eitok vidie\u0165 olt\u00e1r zbl\u00edzka, putujem Pavlov\u00fdm svetom, vn\u00edmam Bo\u017eiu kr\u00e1su. \u010casu aj svetla je m\u00e1lo. Pri \u010fal\u0161ej ceste sa ocit\u00e1m v levo\u010dsk\u00fdch ateli\u00e9roch, kde m\u00e1m v\u00fdnimo\u010dn\u00fa mo\u017enos\u0165 fotografova\u0165 rozobrat\u00fa Posledn\u00fa ve\u010deru, anjelov, nosi\u010dov koruny a nieko\u013eko fragmentov z olt\u00e1ra. H\u013ead\u00e1m ten spr\u00e1vny poh\u013ead, sochy o\u017e\u00edvaj\u00fa, veci maj\u00fa presn\u00fd v\u00fdznam, znovuobjavujem a obdivujem jeho nad\u010dasov\u00e9 dielo. Mojimi fotografiami sa chcem s vami podeli\u0165 o z\u00e1\u017eitok, vidie\u0165 a prec\u00edti\u0165 \u00fachvatn\u00e9 dielo Majstra Pavla z\u00a0Levo\u010de,\u201c<\/em> pribli\u017euje Peter \u017dupn\u00edk.<\/p>\n<p><em>\u201eTouto v\u00fdstavou by sme chceli aj na\u0161im n\u00e1v\u0161tevn\u00edkom pribl\u00ed\u017ei\u0165 nov\u00fd poh\u013ead na olt\u00e1r Majstra Pavla z Levo\u010de. Navy\u0161e, priestory barokovej kaplnky len umocnia z\u00e1\u017eitok z vystaven\u00fdch diel,\u201c<\/em> dop\u013a\u0148a kur\u00e1torka v\u00fdstavy \u2013 \u00a0etnologi\u010dka Pova\u017esk\u00e9ho m\u00fazea Adriana B\u00e1rdyov\u00e1.<\/p>\n<p>V\u00fdstava bude pre verejnos\u0165 pr\u00edstupn\u00e1 do 17. septembra 2025.<\/p>\n<p>&nbsp;<\/p>\n<div class=\"wp-block-image\"><img fetchpriority=\"high\" decoding=\"async\" class=\"wpa-warning wpa-image-missing-alt alignnone size-medium wp-image-70841\" src=\"https:\/\/pmza.sk\/wp-content\/uploads\/2025\/07\/Majster_Pavol_K1-255x360.jpg\" alt=\"\" width=\"255\" height=\"360\" data-warning=\"Missing alt text\" srcset=\"https:\/\/pmza.sk\/wp-content\/uploads\/2025\/07\/Majster_Pavol_K1-255x360.jpg 255w, https:\/\/pmza.sk\/wp-content\/uploads\/2025\/07\/Majster_Pavol_K1-520x736.jpg 520w, https:\/\/pmza.sk\/wp-content\/uploads\/2025\/07\/Majster_Pavol_K1-768x1086.jpg 768w, https:\/\/pmza.sk\/wp-content\/uploads\/2025\/07\/Majster_Pavol_K1-1086x1536.jpg 1086w, https:\/\/pmza.sk\/wp-content\/uploads\/2025\/07\/Majster_Pavol_K1-1448x2048.jpg 1448w, https:\/\/pmza.sk\/wp-content\/uploads\/2025\/07\/Majster_Pavol_K1-600x849.jpg 600w, https:\/\/pmza.sk\/wp-content\/uploads\/2025\/07\/Majster_Pavol_K1-scaled.jpg 1810w\" sizes=\"(max-width: 255px) 100vw, 255px\" \/><\/div>\n<div>Plag\u00e1t v plnej ve\u013ekosti <a href=\"https:\/\/pmza.sk\/wp-content\/uploads\/2025\/07\/Majster_Pavol_K1.pdf\">TU<\/a><\/div>\n","protected":false},"excerpt":{"rendered":"<p>Od 3. j\u00fala sa bude v\u00a0kaplnke Budat\u00ednskeho hradu nach\u00e1dza\u0165 v\u00fdnimo\u010dn\u00e1 v\u00fdstava fotografi\u00ed pod n\u00e1zvom Poh\u013ead. Olt\u00e1r Majstra Pavla. Fotografie Petra \u017dupn\u00edka. Peter \u017dupn\u00edk \u0161tudoval fotografiu na pra\u017eskej FAMU. Bol jedn\u00fdm z\u00a0najd\u00f4le\u017eitej\u0161\u00edch predstavite\u013eov tzv. slovenskej vlny \u2013 zoskupenia slovensk\u00fdch fotografov \u0161tuduj\u00facich v\u00a0osemdesiatych rokoch u\u00a0prof. J\u00e1na \u0160moka. V\u00a0minulosti p\u00f4sobil ako vo\u013en\u00fd fotograf vo Franc\u00fazsku a\u00a0\u010cech\u00e1ch, moment\u00e1lne na [&hellip;]<\/p>\n","protected":false},"author":2,"featured_media":70843,"comment_status":"closed","ping_status":"closed","sticky":false,"template":"","format":"standard","meta":{"site-sidebar-layout":"default","site-content-layout":"","ast-site-content-layout":"default","site-content-style":"default","site-sidebar-style":"default","ast-global-header-display":"","ast-banner-title-visibility":"","ast-main-header-display":"","ast-hfb-above-header-display":"","ast-hfb-below-header-display":"","ast-hfb-mobile-header-display":"","site-post-title":"","ast-breadcrumbs-content":"","ast-featured-img":"","footer-sml-layout":"","theme-transparent-header-meta":"default","adv-header-id-meta":"","stick-header-meta":"default","header-above-stick-meta":"","header-main-stick-meta":"","header-below-stick-meta":"","astra-migrate-meta-layouts":"set","ast-page-background-enabled":"default","ast-page-background-meta":{"desktop":{"background-color":"var(--ast-global-color-4)","background-image":"","background-repeat":"repeat","background-position":"center center","background-size":"auto","background-attachment":"scroll","background-type":"","background-media":"","overlay-type":"","overlay-color":"","overlay-opacity":"","overlay-gradient":""},"tablet":{"background-color":"","background-image":"","background-repeat":"repeat","background-position":"center center","background-size":"auto","background-attachment":"scroll","background-type":"","background-media":"","overlay-type":"","overlay-color":"","overlay-opacity":"","overlay-gradient":""},"mobile":{"background-color":"","background-image":"","background-repeat":"repeat","background-position":"center center","background-size":"auto","background-attachment":"scroll","background-type":"","background-media":"","overlay-type":"","overlay-color":"","overlay-opacity":"","overlay-gradient":""}},"ast-content-background-meta":{"desktop":{"background-color":"var(--ast-global-color-5)","background-image":"","background-repeat":"repeat","background-position":"center center","background-size":"auto","background-attachment":"scroll","background-type":"","background-media":"","overlay-type":"","overlay-color":"","overlay-opacity":"","overlay-gradient":""},"tablet":{"background-color":"var(--ast-global-color-5)","background-image":"","background-repeat":"repeat","background-position":"center center","background-size":"auto","background-attachment":"scroll","background-type":"","background-media":"","overlay-type":"","overlay-color":"","overlay-opacity":"","overlay-gradient":""},"mobile":{"background-color":"var(--ast-global-color-5)","background-image":"","background-repeat":"repeat","background-position":"center center","background-size":"auto","background-attachment":"scroll","background-type":"","background-media":"","overlay-type":"","overlay-color":"","overlay-opacity":"","overlay-gradient":""}},"footnotes":""},"categories":[72],"tags":[],"class_list":["post-70840","post","type-post","status-publish","format-standard","has-post-thumbnail","hentry","category-vystavy"],"yoast_head":"<!-- This site is optimized with the Yoast SEO plugin v27.4 - https:\/\/yoast.com\/product\/yoast-seo-wordpress\/ -->\n<title>Poh\u013ead. Olt\u00e1r Majstra Pavla. Fotografie Petra \u017dupn\u00edka. - Pova\u017esk\u00e9 m\u00fazeum<\/title>\n<meta name=\"robots\" content=\"index, follow, max-snippet:-1, max-image-preview:large, max-video-preview:-1\" \/>\n<link rel=\"canonical\" href=\"https:\/\/pmza.sk\/?p=70840\" \/>\n<meta property=\"og:locale\" content=\"sk_SK\" \/>\n<meta property=\"og:type\" content=\"article\" \/>\n<meta property=\"og:title\" content=\"Poh\u013ead. Olt\u00e1r Majstra Pavla. Fotografie Petra \u017dupn\u00edka. - Pova\u017esk\u00e9 m\u00fazeum\" \/>\n<meta property=\"og:description\" content=\"Od 3. j\u00fala sa bude v\u00a0kaplnke Budat\u00ednskeho hradu nach\u00e1dza\u0165 v\u00fdnimo\u010dn\u00e1 v\u00fdstava fotografi\u00ed pod n\u00e1zvom Poh\u013ead. Olt\u00e1r Majstra Pavla. Fotografie Petra \u017dupn\u00edka. Peter \u017dupn\u00edk \u0161tudoval fotografiu na pra\u017eskej FAMU. Bol jedn\u00fdm z\u00a0najd\u00f4le\u017eitej\u0161\u00edch predstavite\u013eov tzv. slovenskej vlny \u2013 zoskupenia slovensk\u00fdch fotografov \u0161tuduj\u00facich v\u00a0osemdesiatych rokoch u\u00a0prof. J\u00e1na \u0160moka. V\u00a0minulosti p\u00f4sobil ako vo\u013en\u00fd fotograf vo Franc\u00fazsku a\u00a0\u010cech\u00e1ch, moment\u00e1lne na [&hellip;]\" \/>\n<meta property=\"og:url\" content=\"https:\/\/pmza.sk\/?p=70840\" \/>\n<meta property=\"og:site_name\" content=\"Pova\u017esk\u00e9 m\u00fazeum\" \/>\n<meta property=\"article:publisher\" content=\"https:\/\/www.facebook.com\/povazskemuzeum\" \/>\n<meta property=\"article:published_time\" content=\"2025-07-01T10:01:27+00:00\" \/>\n<meta property=\"article:modified_time\" content=\"2025-09-18T07:07:25+00:00\" \/>\n<meta property=\"og:image\" content=\"https:\/\/pmza.sk\/wp-content\/uploads\/2025\/07\/Majster_Pavol_web-scaled.jpg\" \/>\n\t<meta property=\"og:image:width\" content=\"2560\" \/>\n\t<meta property=\"og:image:height\" content=\"2560\" \/>\n\t<meta property=\"og:image:type\" content=\"image\/jpeg\" \/>\n<meta name=\"author\" content=\"Pova\u017esk\u00e9 m\u00fazeum\" \/>\n<meta name=\"twitter:card\" content=\"summary_large_image\" \/>\n<meta name=\"twitter:label1\" content=\"Autor\" \/>\n\t<meta name=\"twitter:data1\" content=\"Pova\u017esk\u00e9 m\u00fazeum\" \/>\n\t<meta name=\"twitter:label2\" content=\"Predpokladan\u00fd \u010das \u010d\u00edtania\" \/>\n\t<meta name=\"twitter:data2\" content=\"2 min\u00faty\" \/>\n<script type=\"application\/ld+json\" class=\"yoast-schema-graph\">{\"@context\":\"https:\\\/\\\/schema.org\",\"@graph\":[{\"@type\":\"Article\",\"@id\":\"https:\\\/\\\/pmza.sk\\\/?p=70840#article\",\"isPartOf\":{\"@id\":\"https:\\\/\\\/pmza.sk\\\/?p=70840\"},\"author\":{\"name\":\"Pova\u017esk\u00e9 m\u00fazeum\",\"@id\":\"https:\\\/\\\/pmza.sk\\\/#\\\/schema\\\/person\\\/595e6a2ce731ea94dcd5d7f50a41ae33\"},\"headline\":\"Poh\u013ead. Olt\u00e1r Majstra Pavla. Fotografie Petra \u017dupn\u00edka.\",\"datePublished\":\"2025-07-01T10:01:27+00:00\",\"dateModified\":\"2025-09-18T07:07:25+00:00\",\"mainEntityOfPage\":{\"@id\":\"https:\\\/\\\/pmza.sk\\\/?p=70840\"},\"wordCount\":391,\"publisher\":{\"@id\":\"https:\\\/\\\/pmza.sk\\\/#organization\"},\"image\":{\"@id\":\"https:\\\/\\\/pmza.sk\\\/?p=70840#primaryimage\"},\"thumbnailUrl\":\"https:\\\/\\\/pmza.sk\\\/wp-content\\\/uploads\\\/2025\\\/07\\\/Majster_Pavol_web-scaled.jpg\",\"articleSection\":[\"V\u00fdstavy\"],\"inLanguage\":\"sk-SK\"},{\"@type\":\"WebPage\",\"@id\":\"https:\\\/\\\/pmza.sk\\\/?p=70840\",\"url\":\"https:\\\/\\\/pmza.sk\\\/?p=70840\",\"name\":\"Poh\u013ead. Olt\u00e1r Majstra Pavla. Fotografie Petra \u017dupn\u00edka. - Pova\u017esk\u00e9 m\u00fazeum\",\"isPartOf\":{\"@id\":\"https:\\\/\\\/pmza.sk\\\/#website\"},\"primaryImageOfPage\":{\"@id\":\"https:\\\/\\\/pmza.sk\\\/?p=70840#primaryimage\"},\"image\":{\"@id\":\"https:\\\/\\\/pmza.sk\\\/?p=70840#primaryimage\"},\"thumbnailUrl\":\"https:\\\/\\\/pmza.sk\\\/wp-content\\\/uploads\\\/2025\\\/07\\\/Majster_Pavol_web-scaled.jpg\",\"datePublished\":\"2025-07-01T10:01:27+00:00\",\"dateModified\":\"2025-09-18T07:07:25+00:00\",\"breadcrumb\":{\"@id\":\"https:\\\/\\\/pmza.sk\\\/?p=70840#breadcrumb\"},\"inLanguage\":\"sk-SK\",\"potentialAction\":[{\"@type\":\"ReadAction\",\"target\":[\"https:\\\/\\\/pmza.sk\\\/?p=70840\"]}]},{\"@type\":\"ImageObject\",\"inLanguage\":\"sk-SK\",\"@id\":\"https:\\\/\\\/pmza.sk\\\/?p=70840#primaryimage\",\"url\":\"https:\\\/\\\/pmza.sk\\\/wp-content\\\/uploads\\\/2025\\\/07\\\/Majster_Pavol_web-scaled.jpg\",\"contentUrl\":\"https:\\\/\\\/pmza.sk\\\/wp-content\\\/uploads\\\/2025\\\/07\\\/Majster_Pavol_web-scaled.jpg\",\"width\":2560,\"height\":2560},{\"@type\":\"BreadcrumbList\",\"@id\":\"https:\\\/\\\/pmza.sk\\\/?p=70840#breadcrumb\",\"itemListElement\":[{\"@type\":\"ListItem\",\"position\":1,\"name\":\"Domovsk\u00e1 str\u00e1nka\",\"item\":\"https:\\\/\\\/pmza.sk\\\/\"},{\"@type\":\"ListItem\",\"position\":2,\"name\":\"Poh\u013ead. Olt\u00e1r Majstra Pavla. Fotografie Petra \u017dupn\u00edka.\"}]},{\"@type\":\"WebSite\",\"@id\":\"https:\\\/\\\/pmza.sk\\\/#website\",\"url\":\"https:\\\/\\\/pmza.sk\\\/\",\"name\":\"Pova\u017esk\u00e9 m\u00fazeum\",\"description\":\"Pova\u017esk\u00e9 m\u00fazeum v \u017diline je region\u00e1lne m\u00fazeum so s\u00eddlom v Budat\u00edne. Jeho expoz\u00edcie s\u00fa zameran\u00e9 na dejiny slovensk\u00e9ho umenia, kult\u00fary a dopravy.\",\"publisher\":{\"@id\":\"https:\\\/\\\/pmza.sk\\\/#organization\"},\"potentialAction\":[{\"@type\":\"SearchAction\",\"target\":{\"@type\":\"EntryPoint\",\"urlTemplate\":\"https:\\\/\\\/pmza.sk\\\/?s={search_term_string}\"},\"query-input\":{\"@type\":\"PropertyValueSpecification\",\"valueRequired\":true,\"valueName\":\"search_term_string\"}}],\"inLanguage\":\"sk-SK\"},{\"@type\":\"Organization\",\"@id\":\"https:\\\/\\\/pmza.sk\\\/#organization\",\"name\":\"Pova\u017esk\u00e9 m\u00fazeum\",\"url\":\"https:\\\/\\\/pmza.sk\\\/\",\"logo\":{\"@type\":\"ImageObject\",\"inLanguage\":\"sk-SK\",\"@id\":\"https:\\\/\\\/pmza.sk\\\/#\\\/schema\\\/logo\\\/image\\\/\",\"url\":\"https:\\\/\\\/pmza.sk\\\/wp-content\\\/uploads\\\/2022\\\/01\\\/logo_PM_horizontal.jpg\",\"contentUrl\":\"https:\\\/\\\/pmza.sk\\\/wp-content\\\/uploads\\\/2022\\\/01\\\/logo_PM_horizontal.jpg\",\"width\":231,\"height\":142,\"caption\":\"Pova\u017esk\u00e9 m\u00fazeum\"},\"image\":{\"@id\":\"https:\\\/\\\/pmza.sk\\\/#\\\/schema\\\/logo\\\/image\\\/\"},\"sameAs\":[\"https:\\\/\\\/www.facebook.com\\\/povazskemuzeum\",\"https:\\\/\\\/www.instagram.com\\\/povazskemuzeum\\\/\"]},{\"@type\":\"Person\",\"@id\":\"https:\\\/\\\/pmza.sk\\\/#\\\/schema\\\/person\\\/595e6a2ce731ea94dcd5d7f50a41ae33\",\"name\":\"Pova\u017esk\u00e9 m\u00fazeum\",\"image\":{\"@type\":\"ImageObject\",\"inLanguage\":\"sk-SK\",\"@id\":\"https:\\\/\\\/secure.gravatar.com\\\/avatar\\\/2bb7f1561282132fb5826dfeccc66c7996d11ee392ac6aaf7ced8a1c2027fbb2?s=96&d=mm&r=g\",\"url\":\"https:\\\/\\\/secure.gravatar.com\\\/avatar\\\/2bb7f1561282132fb5826dfeccc66c7996d11ee392ac6aaf7ced8a1c2027fbb2?s=96&d=mm&r=g\",\"contentUrl\":\"https:\\\/\\\/secure.gravatar.com\\\/avatar\\\/2bb7f1561282132fb5826dfeccc66c7996d11ee392ac6aaf7ced8a1c2027fbb2?s=96&d=mm&r=g\",\"caption\":\"Pova\u017esk\u00e9 m\u00fazeum\"}}]}<\/script>\n<!-- \/ Yoast SEO plugin. -->","yoast_head_json":{"title":"Poh\u013ead. Olt\u00e1r Majstra Pavla. Fotografie Petra \u017dupn\u00edka. - Pova\u017esk\u00e9 m\u00fazeum","robots":{"index":"index","follow":"follow","max-snippet":"max-snippet:-1","max-image-preview":"max-image-preview:large","max-video-preview":"max-video-preview:-1"},"canonical":"https:\/\/pmza.sk\/?p=70840","og_locale":"sk_SK","og_type":"article","og_title":"Poh\u013ead. Olt\u00e1r Majstra Pavla. Fotografie Petra \u017dupn\u00edka. - Pova\u017esk\u00e9 m\u00fazeum","og_description":"Od 3. j\u00fala sa bude v\u00a0kaplnke Budat\u00ednskeho hradu nach\u00e1dza\u0165 v\u00fdnimo\u010dn\u00e1 v\u00fdstava fotografi\u00ed pod n\u00e1zvom Poh\u013ead. Olt\u00e1r Majstra Pavla. Fotografie Petra \u017dupn\u00edka. Peter \u017dupn\u00edk \u0161tudoval fotografiu na pra\u017eskej FAMU. Bol jedn\u00fdm z\u00a0najd\u00f4le\u017eitej\u0161\u00edch predstavite\u013eov tzv. slovenskej vlny \u2013 zoskupenia slovensk\u00fdch fotografov \u0161tuduj\u00facich v\u00a0osemdesiatych rokoch u\u00a0prof. J\u00e1na \u0160moka. V\u00a0minulosti p\u00f4sobil ako vo\u013en\u00fd fotograf vo Franc\u00fazsku a\u00a0\u010cech\u00e1ch, moment\u00e1lne na [&hellip;]","og_url":"https:\/\/pmza.sk\/?p=70840","og_site_name":"Pova\u017esk\u00e9 m\u00fazeum","article_publisher":"https:\/\/www.facebook.com\/povazskemuzeum","article_published_time":"2025-07-01T10:01:27+00:00","article_modified_time":"2025-09-18T07:07:25+00:00","og_image":[{"width":2560,"height":2560,"url":"https:\/\/pmza.sk\/wp-content\/uploads\/2025\/07\/Majster_Pavol_web-scaled.jpg","type":"image\/jpeg"}],"author":"Pova\u017esk\u00e9 m\u00fazeum","twitter_card":"summary_large_image","twitter_misc":{"Autor":"Pova\u017esk\u00e9 m\u00fazeum","Predpokladan\u00fd \u010das \u010d\u00edtania":"2 min\u00faty"},"schema":{"@context":"https:\/\/schema.org","@graph":[{"@type":"Article","@id":"https:\/\/pmza.sk\/?p=70840#article","isPartOf":{"@id":"https:\/\/pmza.sk\/?p=70840"},"author":{"name":"Pova\u017esk\u00e9 m\u00fazeum","@id":"https:\/\/pmza.sk\/#\/schema\/person\/595e6a2ce731ea94dcd5d7f50a41ae33"},"headline":"Poh\u013ead. Olt\u00e1r Majstra Pavla. Fotografie Petra \u017dupn\u00edka.","datePublished":"2025-07-01T10:01:27+00:00","dateModified":"2025-09-18T07:07:25+00:00","mainEntityOfPage":{"@id":"https:\/\/pmza.sk\/?p=70840"},"wordCount":391,"publisher":{"@id":"https:\/\/pmza.sk\/#organization"},"image":{"@id":"https:\/\/pmza.sk\/?p=70840#primaryimage"},"thumbnailUrl":"https:\/\/pmza.sk\/wp-content\/uploads\/2025\/07\/Majster_Pavol_web-scaled.jpg","articleSection":["V\u00fdstavy"],"inLanguage":"sk-SK"},{"@type":"WebPage","@id":"https:\/\/pmza.sk\/?p=70840","url":"https:\/\/pmza.sk\/?p=70840","name":"Poh\u013ead. Olt\u00e1r Majstra Pavla. Fotografie Petra \u017dupn\u00edka. - Pova\u017esk\u00e9 m\u00fazeum","isPartOf":{"@id":"https:\/\/pmza.sk\/#website"},"primaryImageOfPage":{"@id":"https:\/\/pmza.sk\/?p=70840#primaryimage"},"image":{"@id":"https:\/\/pmza.sk\/?p=70840#primaryimage"},"thumbnailUrl":"https:\/\/pmza.sk\/wp-content\/uploads\/2025\/07\/Majster_Pavol_web-scaled.jpg","datePublished":"2025-07-01T10:01:27+00:00","dateModified":"2025-09-18T07:07:25+00:00","breadcrumb":{"@id":"https:\/\/pmza.sk\/?p=70840#breadcrumb"},"inLanguage":"sk-SK","potentialAction":[{"@type":"ReadAction","target":["https:\/\/pmza.sk\/?p=70840"]}]},{"@type":"ImageObject","inLanguage":"sk-SK","@id":"https:\/\/pmza.sk\/?p=70840#primaryimage","url":"https:\/\/pmza.sk\/wp-content\/uploads\/2025\/07\/Majster_Pavol_web-scaled.jpg","contentUrl":"https:\/\/pmza.sk\/wp-content\/uploads\/2025\/07\/Majster_Pavol_web-scaled.jpg","width":2560,"height":2560},{"@type":"BreadcrumbList","@id":"https:\/\/pmza.sk\/?p=70840#breadcrumb","itemListElement":[{"@type":"ListItem","position":1,"name":"Domovsk\u00e1 str\u00e1nka","item":"https:\/\/pmza.sk\/"},{"@type":"ListItem","position":2,"name":"Poh\u013ead. Olt\u00e1r Majstra Pavla. Fotografie Petra \u017dupn\u00edka."}]},{"@type":"WebSite","@id":"https:\/\/pmza.sk\/#website","url":"https:\/\/pmza.sk\/","name":"Pova\u017esk\u00e9 m\u00fazeum","description":"Pova\u017esk\u00e9 m\u00fazeum v \u017diline je region\u00e1lne m\u00fazeum so s\u00eddlom v Budat\u00edne. Jeho expoz\u00edcie s\u00fa zameran\u00e9 na dejiny slovensk\u00e9ho umenia, kult\u00fary a dopravy.","publisher":{"@id":"https:\/\/pmza.sk\/#organization"},"potentialAction":[{"@type":"SearchAction","target":{"@type":"EntryPoint","urlTemplate":"https:\/\/pmza.sk\/?s={search_term_string}"},"query-input":{"@type":"PropertyValueSpecification","valueRequired":true,"valueName":"search_term_string"}}],"inLanguage":"sk-SK"},{"@type":"Organization","@id":"https:\/\/pmza.sk\/#organization","name":"Pova\u017esk\u00e9 m\u00fazeum","url":"https:\/\/pmza.sk\/","logo":{"@type":"ImageObject","inLanguage":"sk-SK","@id":"https:\/\/pmza.sk\/#\/schema\/logo\/image\/","url":"https:\/\/pmza.sk\/wp-content\/uploads\/2022\/01\/logo_PM_horizontal.jpg","contentUrl":"https:\/\/pmza.sk\/wp-content\/uploads\/2022\/01\/logo_PM_horizontal.jpg","width":231,"height":142,"caption":"Pova\u017esk\u00e9 m\u00fazeum"},"image":{"@id":"https:\/\/pmza.sk\/#\/schema\/logo\/image\/"},"sameAs":["https:\/\/www.facebook.com\/povazskemuzeum","https:\/\/www.instagram.com\/povazskemuzeum\/"]},{"@type":"Person","@id":"https:\/\/pmza.sk\/#\/schema\/person\/595e6a2ce731ea94dcd5d7f50a41ae33","name":"Pova\u017esk\u00e9 m\u00fazeum","image":{"@type":"ImageObject","inLanguage":"sk-SK","@id":"https:\/\/secure.gravatar.com\/avatar\/2bb7f1561282132fb5826dfeccc66c7996d11ee392ac6aaf7ced8a1c2027fbb2?s=96&d=mm&r=g","url":"https:\/\/secure.gravatar.com\/avatar\/2bb7f1561282132fb5826dfeccc66c7996d11ee392ac6aaf7ced8a1c2027fbb2?s=96&d=mm&r=g","contentUrl":"https:\/\/secure.gravatar.com\/avatar\/2bb7f1561282132fb5826dfeccc66c7996d11ee392ac6aaf7ced8a1c2027fbb2?s=96&d=mm&r=g","caption":"Pova\u017esk\u00e9 m\u00fazeum"}}]}},"_links":{"self":[{"href":"https:\/\/pmza.sk\/index.php?rest_route=\/wp\/v2\/posts\/70840","targetHints":{"allow":["GET"]}}],"collection":[{"href":"https:\/\/pmza.sk\/index.php?rest_route=\/wp\/v2\/posts"}],"about":[{"href":"https:\/\/pmza.sk\/index.php?rest_route=\/wp\/v2\/types\/post"}],"author":[{"embeddable":true,"href":"https:\/\/pmza.sk\/index.php?rest_route=\/wp\/v2\/users\/2"}],"replies":[{"embeddable":true,"href":"https:\/\/pmza.sk\/index.php?rest_route=%2Fwp%2Fv2%2Fcomments&post=70840"}],"version-history":[{"count":0,"href":"https:\/\/pmza.sk\/index.php?rest_route=\/wp\/v2\/posts\/70840\/revisions"}],"wp:featuredmedia":[{"embeddable":true,"href":"https:\/\/pmza.sk\/index.php?rest_route=\/wp\/v2\/media\/70843"}],"wp:attachment":[{"href":"https:\/\/pmza.sk\/index.php?rest_route=%2Fwp%2Fv2%2Fmedia&parent=70840"}],"wp:term":[{"taxonomy":"category","embeddable":true,"href":"https:\/\/pmza.sk\/index.php?rest_route=%2Fwp%2Fv2%2Fcategories&post=70840"},{"taxonomy":"post_tag","embeddable":true,"href":"https:\/\/pmza.sk\/index.php?rest_route=%2Fwp%2Fv2%2Ftags&post=70840"}],"curies":[{"name":"wp","href":"https:\/\/api.w.org\/{rel}","templated":true}]}}