{"id":70865,"date":"2025-07-02T09:51:58","date_gmt":"2025-07-02T07:51:58","guid":{"rendered":"https:\/\/pmza.sk\/?p=70865"},"modified":"2026-02-27T07:48:01","modified_gmt":"2026-02-27T06:48:01","slug":"restaurovanie-sestmiestnych-zaprahovych-sani-1-etapa","status":"publish","type":"post","link":"https:\/\/pmza.sk\/?p=70865","title":{"rendered":"Re\u0161taurovanie \u0161es\u0165miestnych z\u00e1prahov\u00fdch san\u00ed (1. etapa)"},"content":{"rendered":"<p>V\u00a0roku 1975 k\u00fapilo Pova\u017esk\u00e9 m\u00fazeum do zbierkov\u00e9ho fondu doprava \u0161es\u0165miestne z\u00e1prahov\u00e9 sane od Jozefa Zamborsk\u00e9ho z\u00a0okolia Bardejova. Tento zimn\u00fd dopravn\u00fd prostriedok pou\u017e\u00edvan\u00fd v\u00a0sedliackych rodin\u00e1ch v\u00a0regi\u00f3ne, odkia\u013e poch\u00e1dzal ich p\u00f4vodn\u00fd majite\u013e, bol vyroben\u00fd za\u010diatkom 20. storo\u010dia. Meno autora a\u00a0hist\u00f3ria san\u00ed je v\u0161ak nezn\u00e1ma, nako\u013eko sa nena\u0161li \u017eiadne dokumenty. Ide o\u00a0tzv. po\u013esk\u00fd typ san\u00ed, \u010domu zodpoved\u00e1 ich celkov\u00fd tvar a\u00a0pou\u017eitie tzv. vendl\u00edkov \u2013 bo\u010dn\u00fdch ty\u010d\u00ed po d\u013a\u017eke vozidla, ktor\u00e9 u\u013eah\u010dovali nastupovanie a\u00a0zabra\u0148ovali prevr\u00e1teniu san\u00ed na bok. D\u013a\u017eka san\u00ed je 267 cm, \u0161\u00edrka 120 cm a\u00a0v\u00fd\u0161ka 113 cm.<\/p>\n<p>Po kon\u0161truk\u010dnej str\u00e1nke tvor\u00ed predmet mas\u00edvny dreven\u00fd korpus, dve ly\u017einy, vendl\u00edky, seda\u010dky a\u00a0oje. V\u00a0zadnej \u010dasti je dreven\u00fd n\u00e1\u0161\u013eapn\u00fd schod\u00edk pre stojacu osobu. Ly\u017einy s\u00fa spojen\u00e9 s\u00a0korpusom dreven\u00fdmi nosn\u00edkmi. Kovov\u00e9 prvky maj\u00fa ozdobn\u00fa, nosn\u00fa a\u00a0ochrann\u00fa funkciu. Vyroben\u00e9 s\u00fa z\u00a0p\u00e1soviny alebo z oh\u00fdban\u00fdch kovov\u00fdch ty\u010d\u00ed, niekde vz\u00e1jomne zvaren\u00fdch. Na konci s\u00fa sto\u010den\u00e9 do tvaru \u0161pir\u00e1ly, so zakon\u010den\u00edm v\u00a0tvare listu alebo gu\u013eky. Predn\u00e9 \u010delo m\u00e1 tvar labutieho krku, \u010do bud\u00ed dojem elegancie. Sedadl\u00e1 maj\u00fa dreven\u00fd r\u00e1m, pru\u017einov\u00e9 p\u00e9rovanie, s\u00fa vyplnen\u00e9 slamou a\u00a0potiahnut\u00e9 zamatovou l\u00e1tkou. Po\u0165ah je \u010diasto\u010dne po\u0161koden\u00fd. Miesto pod seda\u010dkami je potiahnut\u00e9 kobercovou l\u00e1tkou.<\/p>\n<p>Z\u00e1merom re\u0161taurovania bola komplexn\u00e1 obnova umelecko-historick\u00fdch hodn\u00f4t predmetu odborne primeran\u00fdm remeseln\u00fdm sp\u00f4sobom, ktor\u00fd umo\u017en\u00ed prezentova\u0165 zachovan\u00e9 kvality diela v\u00a0expoz\u00edcii M\u00fazea dopravy v\u00a0Rajeck\u00fdch Tepliciach.\u00a0 Re\u0161taurovania san\u00ed sa zhostil Mgr. art. Jozef Barinka. Vzh\u013eadom na finan\u010dn\u00fa n\u00e1ro\u010dnos\u0165 a\u00a0objem pridelen\u00fdch prostriedkov z\u00a0Fondu na podporu umenia sme projekt rozdelili na dve etapy. Prv\u00e1 je zameran\u00e1 na dreven\u00e9 a\u00a0kovov\u00e9 \u010dasti, druh\u00e1 sa bude t\u00fdka\u0165 re\u0161taurovania seda\u010diek, textilu a\u00a0celkov\u00e9ho dokon\u010denia diela.<\/p>\n<p>Dreven\u00e9 \u010dasti boli pred re\u0161taurovan\u00edm kon\u0161truk\u010dne vo vyhovuj\u00facom stave, av\u0161ak mechanicky po\u0161koden\u00e9 \u2013 niektor\u00e9 boli prasknut\u00e9, in\u00e9 s\u00a0drobn\u00fdmi \u00fabytkami drevnej hmoty. Farebn\u00e1 sch\u00e9ma bola sekund\u00e1rna, realizovan\u00e1 viacer\u00fdmi n\u00e1termi v\u00a0t\u00f3noch tmavozelenej, svetlozelenej, \u010dervenej a sivej farby. V\u00fdstavba polychr\u00f3mie je \u0161tandardn\u00e1. Farebn\u00e1 \u00faprava bola nanesen\u00e1 priamo na drevo, star\u0161ie vrstvy boli v\u00a0d\u00e1vnej\u0161ej dobe zbr\u00fasen\u00e9. Kovov\u00e9 \u010dasti natret\u00e9 sivou farbou boli miestami skorodovan\u00e9.<\/p>\n<p>V\u00a0prvej pracovnej f\u00e1ze re\u0161taurovania boli demontovan\u00e9 sn\u00edmate\u013en\u00e9 \u010dasti san\u00ed. Spoje dr\u017eali pomocou skrutiek a\u00a0mat\u00edc, vplyvom hrdze v\u0161ak nebolo mo\u017en\u00e9 v\u0161etky odskrutkova\u0165 a\u00a0muselo sa preto prist\u00fapi\u0165 k\u00a0demont\u00e1\u017ei autog\u00e9nom. N\u00e1sledne do\u0161lo k\u00a0plo\u0161n\u00e9mu odstra\u0148ovaniu n\u00e1teru (farby a\u00a0laku), ktor\u00fd tvoril s\u00favisl\u00fa vrstvu na korpuse, dreven\u00fdch doplnkoch, kovov\u00fdch a\u00a0kon\u0161truk\u010dn\u00fdch s\u00fa\u010diastkach. V\u00a0dreve sa zistili vn\u00fatorn\u00e9 praskliny.<\/p>\n<p>Nasledovala obnova dreven\u00fdch \u010dast\u00ed \u2013 n\u00e1hrada nepou\u017eite\u013en\u00fdch (odpadnut\u00fdch a\u00a0\u00faplne prasknut\u00fdch) \u010dast\u00ed jase\u0148ovou drevnou hmotou za\u010dapovanou k\u00a0zost\u00e1vaj\u00facim zachovan\u00fdm \u010dastiam prvku (vendl\u00edk, ly\u017einy) a\u00a0zatmelenie. V\u0161etky nedostatky boli znovu obnoven\u00e9 do takej miery, aby nedoch\u00e1dzalo k\u00a0pr\u00edpadn\u00e9mu praskaniu. V\u0161etky tmely, \u010di u\u017e polyuret\u00e1nov\u00e9 alebo akrylov\u00e9, boli vybr\u00fasen\u00e9 br\u00fasnym papierom v\u00a0r\u00f4znych hr\u00fabkach. Drevn\u00e1 hmota bola napusten\u00e1 proti \u0161kodcom insektic\u00eddnym a\u00a0fungic\u00eddnym n\u00e1terom. Farebn\u00e1 rekon\u0161trukcia sa\u00a0 vykonala ru\u010dn\u00fdm nan\u00e1\u0161an\u00edm nieko\u013ek\u00fdch vrstiev alkydov\u00fdm n\u00e1terom. Na z\u00e1ver boli vyhotoven\u00e9 linky. Konzervovanie skorodovan\u00fdch \u010dast\u00ed kovov\u00fdch prvkov sa uskuto\u010dnilo zbr\u00fasen\u00edm n\u00e1terov, kompletn\u00fdm odhrdzen\u00edm, pieskovan\u00edm, ochrann\u00fdm n\u00e1terom proti kor\u00f3zii\u00a0 a\u00a0samotn\u00fdm n\u00e1terom v\u00a0dvoch vrstv\u00e1ch. Nakoniec boli obnoven\u00e9 dreven\u00e9 a\u00a0kovov\u00e9 prvky zmontovan\u00e9 sp\u00e4\u0165 ku korpusu.<\/p>\n<p>V\u00a0s\u00fa\u010dasnosti u\u017e m\u00e1me schv\u00e1len\u00fa dot\u00e1ciu z\u00a0Fondu na podporu umenia na realiz\u00e1ciu 2. etapy, ktor\u00e1 sa bude t\u00fdka\u0165 obnovy sedadiel, vr\u00e1tane \u010dal\u00fanenia, doplnenia podlahovej krytiny, zmontovania v\u0161etk\u00fdch prvkov do p\u00f4vodn\u00e9ho celku a\u00a0vykonania z\u00e1vere\u010dnej povrchovej \u00fapravy san\u00ed. Farba povrchov\u00e9ho n\u00e1teru sa na z\u00e1klade konzult\u00e1cie s\u00a0kur\u00e1torom pribl\u00ed\u017eila obvykl\u00fdm farebn\u00fdm odtie\u0148om tohto typu vozidiel v\u00a0danej dobe.<\/p>\n<p>Re\u0161taurovan\u00edm sa okrem dosiahnutia v\u00fdrazn\u00e9ho zlep\u0161enia fyzick\u00e9ho stavu predmetu dosiahlo aj\u00a0 v\u00fdrazn\u00e9 zv\u00fd\u0161enie jeho estetickej a\u00a0dokumenta\u010dnej hodnoty. Ver\u00edme, \u017ee po \u00faplnom dokon\u010den\u00ed a\u00a0vystaven\u00ed sane nadchn\u00fa nielen n\u00e1v\u0161tevn\u00edkov be\u017en\u00fdch prehliadok, ale i\u00a0\u0161peci\u00e1lnych podujat\u00ed, ako je <em>Mikul\u00e1\u0161 v\u00a0m\u00fazeu dopravy <\/em>s\u00a0nieko\u013ekoro\u010dnou trad\u00edciou.<\/p>\n<p>text: Mgr. Peter \u0160imko, PhD.<\/p>\n<p><strong>Re\u0161taurovanie san\u00ed podporil z\u00a0verejn\u00fdch zdrojov Fond na podporu umenia.<\/strong><\/p>\n<div class=\"wp-block-image\"><img fetchpriority=\"high\" decoding=\"async\" class=\"wpa-warning wpa-image-missing-alt alignnone wp-image-70866\" src=\"https:\/\/pmza.sk\/wp-content\/uploads\/2025\/07\/FPU_logo1_modre-480x360.jpg\" alt=\"\" width=\"304\" height=\"228\" data-warning=\"Missing alt text\" srcset=\"https:\/\/pmza.sk\/wp-content\/uploads\/2025\/07\/FPU_logo1_modre-480x360.jpg 480w, https:\/\/pmza.sk\/wp-content\/uploads\/2025\/07\/FPU_logo1_modre-982x736.jpg 982w, https:\/\/pmza.sk\/wp-content\/uploads\/2025\/07\/FPU_logo1_modre-768x576.jpg 768w, https:\/\/pmza.sk\/wp-content\/uploads\/2025\/07\/FPU_logo1_modre-1536x1152.jpg 1536w, https:\/\/pmza.sk\/wp-content\/uploads\/2025\/07\/FPU_logo1_modre-2048x1536.jpg 2048w, https:\/\/pmza.sk\/wp-content\/uploads\/2025\/07\/FPU_logo1_modre-600x450.jpg 600w\" sizes=\"(max-width: 304px) 100vw, 304px\" \/><\/div>\n<div><\/div>\n<div>\n<figure id=\"attachment_70867\" aria-describedby=\"caption-attachment-70867\" style=\"width: 479px\" class=\"wp-caption alignnone\"><img decoding=\"async\" class=\"wpa-warning wpa-image-missing-alt size-medium wp-image-70867\" src=\"https:\/\/pmza.sk\/wp-content\/uploads\/2025\/07\/Obr.-1-479x360.jpg\" alt=\"\" width=\"479\" height=\"360\" data-warning=\"Missing alt text\" srcset=\"https:\/\/pmza.sk\/wp-content\/uploads\/2025\/07\/Obr.-1-479x360.jpg 479w, https:\/\/pmza.sk\/wp-content\/uploads\/2025\/07\/Obr.-1-980x736.jpg 980w, https:\/\/pmza.sk\/wp-content\/uploads\/2025\/07\/Obr.-1-768x577.jpg 768w, https:\/\/pmza.sk\/wp-content\/uploads\/2025\/07\/Obr.-1-1536x1154.jpg 1536w, https:\/\/pmza.sk\/wp-content\/uploads\/2025\/07\/Obr.-1-2048x1539.jpg 2048w, https:\/\/pmza.sk\/wp-content\/uploads\/2025\/07\/Obr.-1-600x451.jpg 600w\" sizes=\"(max-width: 479px) 100vw, 479px\" \/><figcaption id=\"caption-attachment-70867\" class=\"wp-caption-text\">Celkov\u00fd poh\u013ead na sane (2014). Zdroj: digitaliz\u00e1cia<\/figcaption><\/figure>\n<figure id=\"attachment_70868\" aria-describedby=\"caption-attachment-70868\" style=\"width: 570px\" class=\"wp-caption alignnone\"><img decoding=\"async\" class=\"wpa-warning wpa-image-missing-alt size-medium wp-image-70868\" src=\"https:\/\/pmza.sk\/wp-content\/uploads\/2025\/07\/Obr.-2-570x321.jpg\" alt=\"\" width=\"570\" height=\"321\" data-warning=\"Missing alt text\" srcset=\"https:\/\/pmza.sk\/wp-content\/uploads\/2025\/07\/Obr.-2-570x321.jpg 570w, https:\/\/pmza.sk\/wp-content\/uploads\/2025\/07\/Obr.-2-1170x658.jpg 1170w, https:\/\/pmza.sk\/wp-content\/uploads\/2025\/07\/Obr.-2-768x432.jpg 768w, https:\/\/pmza.sk\/wp-content\/uploads\/2025\/07\/Obr.-2-1536x864.jpg 1536w, https:\/\/pmza.sk\/wp-content\/uploads\/2025\/07\/Obr.-2-2048x1152.jpg 2048w, https:\/\/pmza.sk\/wp-content\/uploads\/2025\/07\/Obr.-2-600x338.jpg 600w\" sizes=\"(max-width: 570px) 100vw, 570px\" \/><figcaption id=\"caption-attachment-70868\" class=\"wp-caption-text\">Po\u0161kodenie bo\u010dnice \u2013 stav pred re\u0161taurovan\u00edm. Foto: Peter \u0160imko<\/figcaption><\/figure>\n<figure id=\"attachment_70869\" aria-describedby=\"caption-attachment-70869\" style=\"width: 570px\" class=\"wp-caption alignnone\"><img loading=\"lazy\" decoding=\"async\" class=\"wpa-warning wpa-image-missing-alt size-medium wp-image-70869\" src=\"https:\/\/pmza.sk\/wp-content\/uploads\/2025\/07\/Obr.-4-570x321.jpg\" alt=\"\" width=\"570\" height=\"321\" data-warning=\"Missing alt text\" srcset=\"https:\/\/pmza.sk\/wp-content\/uploads\/2025\/07\/Obr.-4-570x321.jpg 570w, https:\/\/pmza.sk\/wp-content\/uploads\/2025\/07\/Obr.-4-1170x658.jpg 1170w, https:\/\/pmza.sk\/wp-content\/uploads\/2025\/07\/Obr.-4-768x432.jpg 768w, https:\/\/pmza.sk\/wp-content\/uploads\/2025\/07\/Obr.-4-1536x864.jpg 1536w, https:\/\/pmza.sk\/wp-content\/uploads\/2025\/07\/Obr.-4-2048x1152.jpg 2048w, https:\/\/pmza.sk\/wp-content\/uploads\/2025\/07\/Obr.-4-600x338.jpg 600w\" sizes=\"(max-width: 570px) 100vw, 570px\" \/><figcaption id=\"caption-attachment-70869\" class=\"wp-caption-text\">Po\u0161koden\u00fd po\u0165ah a podlahov\u00e1 krytina \u2013 stav pred re\u0161taurovan\u00edm. Foto: Peter \u0160imko<\/figcaption><\/figure>\n<figure id=\"attachment_70870\" aria-describedby=\"caption-attachment-70870\" style=\"width: 570px\" class=\"wp-caption alignnone\"><img loading=\"lazy\" decoding=\"async\" class=\"wpa-warning wpa-image-missing-alt size-medium wp-image-70870\" src=\"https:\/\/pmza.sk\/wp-content\/uploads\/2025\/07\/Obr.-8-570x321.jpg\" alt=\"\" width=\"570\" height=\"321\" data-warning=\"Missing alt text\" srcset=\"https:\/\/pmza.sk\/wp-content\/uploads\/2025\/07\/Obr.-8-570x321.jpg 570w, https:\/\/pmza.sk\/wp-content\/uploads\/2025\/07\/Obr.-8-1170x658.jpg 1170w, https:\/\/pmza.sk\/wp-content\/uploads\/2025\/07\/Obr.-8-768x432.jpg 768w, https:\/\/pmza.sk\/wp-content\/uploads\/2025\/07\/Obr.-8-1536x864.jpg 1536w, https:\/\/pmza.sk\/wp-content\/uploads\/2025\/07\/Obr.-8-600x338.jpg 600w, https:\/\/pmza.sk\/wp-content\/uploads\/2025\/07\/Obr.-8.jpg 1920w\" sizes=\"(max-width: 570px) 100vw, 570px\" \/><figcaption id=\"caption-attachment-70870\" class=\"wp-caption-text\">Odstra\u0148ovanie star\u00fdch n\u00e1terov. Foto: Jozef Barinka<\/figcaption><\/figure>\n<figure id=\"attachment_70871\" aria-describedby=\"caption-attachment-70871\" style=\"width: 270px\" class=\"wp-caption alignnone\"><img loading=\"lazy\" decoding=\"async\" class=\"wpa-warning wpa-image-missing-alt size-medium wp-image-70871\" src=\"https:\/\/pmza.sk\/wp-content\/uploads\/2025\/07\/Obr.-10-270x360.jpg\" alt=\"\" width=\"270\" height=\"360\" data-warning=\"Missing alt text\" srcset=\"https:\/\/pmza.sk\/wp-content\/uploads\/2025\/07\/Obr.-10-270x360.jpg 270w, https:\/\/pmza.sk\/wp-content\/uploads\/2025\/07\/Obr.-10-552x736.jpg 552w, https:\/\/pmza.sk\/wp-content\/uploads\/2025\/07\/Obr.-10-768x1024.jpg 768w, https:\/\/pmza.sk\/wp-content\/uploads\/2025\/07\/Obr.-10-1152x1536.jpg 1152w, https:\/\/pmza.sk\/wp-content\/uploads\/2025\/07\/Obr.-10-600x800.jpg 600w, https:\/\/pmza.sk\/wp-content\/uploads\/2025\/07\/Obr.-10.jpg 1536w\" sizes=\"(max-width: 270px) 100vw, 270px\" \/><figcaption id=\"caption-attachment-70871\" class=\"wp-caption-text\">Realiz\u00e1cia nov\u00e9ho n\u00e1teru. Foto: Jozef Barinka<\/figcaption><\/figure>\n<figure id=\"attachment_70872\" aria-describedby=\"caption-attachment-70872\" style=\"width: 337px\" class=\"wp-caption alignnone\"><img loading=\"lazy\" decoding=\"async\" class=\"wpa-warning wpa-image-missing-alt size-medium wp-image-70872\" src=\"https:\/\/pmza.sk\/wp-content\/uploads\/2025\/07\/Obr.-11-337x360.jpg\" alt=\"\" width=\"337\" height=\"360\" data-warning=\"Missing alt text\" srcset=\"https:\/\/pmza.sk\/wp-content\/uploads\/2025\/07\/Obr.-11-337x360.jpg 337w, https:\/\/pmza.sk\/wp-content\/uploads\/2025\/07\/Obr.-11-689x736.jpg 689w, https:\/\/pmza.sk\/wp-content\/uploads\/2025\/07\/Obr.-11-768x821.jpg 768w, https:\/\/pmza.sk\/wp-content\/uploads\/2025\/07\/Obr.-11-1437x1536.jpg 1437w, https:\/\/pmza.sk\/wp-content\/uploads\/2025\/07\/Obr.-11-600x641.jpg 600w, https:\/\/pmza.sk\/wp-content\/uploads\/2025\/07\/Obr.-11.jpg 1442w\" sizes=\"(max-width: 337px) 100vw, 337px\" \/><figcaption id=\"caption-attachment-70872\" class=\"wp-caption-text\">Realiz\u00e1cia nov\u00e9ho n\u00e1teru. Foto: Jozef Barinka<\/figcaption><\/figure>\n<\/div>\n","protected":false},"excerpt":{"rendered":"<p>V\u00a0roku 1975 k\u00fapilo Pova\u017esk\u00e9 m\u00fazeum do zbierkov\u00e9ho fondu doprava \u0161es\u0165miestne z\u00e1prahov\u00e9 sane od Jozefa Zamborsk\u00e9ho z\u00a0okolia Bardejova. Tento zimn\u00fd dopravn\u00fd prostriedok pou\u017e\u00edvan\u00fd v\u00a0sedliackych rodin\u00e1ch v\u00a0regi\u00f3ne, odkia\u013e poch\u00e1dzal ich p\u00f4vodn\u00fd majite\u013e, bol vyroben\u00fd za\u010diatkom 20. storo\u010dia. Meno autora a\u00a0hist\u00f3ria san\u00ed je v\u0161ak nezn\u00e1ma, nako\u013eko sa nena\u0161li \u017eiadne dokumenty. Ide o\u00a0tzv. po\u013esk\u00fd typ san\u00ed, \u010domu zodpoved\u00e1 ich [&hellip;]<\/p>\n","protected":false},"author":2,"featured_media":70871,"comment_status":"closed","ping_status":"closed","sticky":false,"template":"","format":"standard","meta":{"site-sidebar-layout":"default","site-content-layout":"","ast-site-content-layout":"default","site-content-style":"default","site-sidebar-style":"default","ast-global-header-display":"","ast-banner-title-visibility":"","ast-main-header-display":"","ast-hfb-above-header-display":"","ast-hfb-below-header-display":"","ast-hfb-mobile-header-display":"","site-post-title":"","ast-breadcrumbs-content":"","ast-featured-img":"","footer-sml-layout":"","theme-transparent-header-meta":"default","adv-header-id-meta":"","stick-header-meta":"default","header-above-stick-meta":"","header-main-stick-meta":"","header-below-stick-meta":"","astra-migrate-meta-layouts":"set","ast-page-background-enabled":"default","ast-page-background-meta":{"desktop":{"background-color":"var(--ast-global-color-4)","background-image":"","background-repeat":"repeat","background-position":"center center","background-size":"auto","background-attachment":"scroll","background-type":"","background-media":"","overlay-type":"","overlay-color":"","overlay-opacity":"","overlay-gradient":""},"tablet":{"background-color":"","background-image":"","background-repeat":"repeat","background-position":"center center","background-size":"auto","background-attachment":"scroll","background-type":"","background-media":"","overlay-type":"","overlay-color":"","overlay-opacity":"","overlay-gradient":""},"mobile":{"background-color":"","background-image":"","background-repeat":"repeat","background-position":"center center","background-size":"auto","background-attachment":"scroll","background-type":"","background-media":"","overlay-type":"","overlay-color":"","overlay-opacity":"","overlay-gradient":""}},"ast-content-background-meta":{"desktop":{"background-color":"var(--ast-global-color-5)","background-image":"","background-repeat":"repeat","background-position":"center center","background-size":"auto","background-attachment":"scroll","background-type":"","background-media":"","overlay-type":"","overlay-color":"","overlay-opacity":"","overlay-gradient":""},"tablet":{"background-color":"var(--ast-global-color-5)","background-image":"","background-repeat":"repeat","background-position":"center center","background-size":"auto","background-attachment":"scroll","background-type":"","background-media":"","overlay-type":"","overlay-color":"","overlay-opacity":"","overlay-gradient":""},"mobile":{"background-color":"var(--ast-global-color-5)","background-image":"","background-repeat":"repeat","background-position":"center center","background-size":"auto","background-attachment":"scroll","background-type":"","background-media":"","overlay-type":"","overlay-color":"","overlay-opacity":"","overlay-gradient":""}},"footnotes":""},"categories":[31],"tags":[],"class_list":["post-70865","post","type-post","status-publish","format-standard","has-post-thumbnail","hentry","category-aktuality"],"yoast_head":"<!-- This site is optimized with the Yoast SEO plugin v27.4 - https:\/\/yoast.com\/product\/yoast-seo-wordpress\/ -->\n<title>Re\u0161taurovanie \u0161es\u0165miestnych z\u00e1prahov\u00fdch san\u00ed (1. etapa) - Pova\u017esk\u00e9 m\u00fazeum<\/title>\n<meta name=\"robots\" content=\"index, follow, max-snippet:-1, max-image-preview:large, max-video-preview:-1\" \/>\n<link rel=\"canonical\" href=\"https:\/\/pmza.sk\/?p=70865\" \/>\n<meta property=\"og:locale\" content=\"sk_SK\" \/>\n<meta property=\"og:type\" content=\"article\" \/>\n<meta property=\"og:title\" content=\"Re\u0161taurovanie \u0161es\u0165miestnych z\u00e1prahov\u00fdch san\u00ed (1. etapa) - Pova\u017esk\u00e9 m\u00fazeum\" \/>\n<meta property=\"og:description\" content=\"V\u00a0roku 1975 k\u00fapilo Pova\u017esk\u00e9 m\u00fazeum do zbierkov\u00e9ho fondu doprava \u0161es\u0165miestne z\u00e1prahov\u00e9 sane od Jozefa Zamborsk\u00e9ho z\u00a0okolia Bardejova. Tento zimn\u00fd dopravn\u00fd prostriedok pou\u017e\u00edvan\u00fd v\u00a0sedliackych rodin\u00e1ch v\u00a0regi\u00f3ne, odkia\u013e poch\u00e1dzal ich p\u00f4vodn\u00fd majite\u013e, bol vyroben\u00fd za\u010diatkom 20. storo\u010dia. Meno autora a\u00a0hist\u00f3ria san\u00ed je v\u0161ak nezn\u00e1ma, nako\u013eko sa nena\u0161li \u017eiadne dokumenty. Ide o\u00a0tzv. po\u013esk\u00fd typ san\u00ed, \u010domu zodpoved\u00e1 ich [&hellip;]\" \/>\n<meta property=\"og:url\" content=\"https:\/\/pmza.sk\/?p=70865\" \/>\n<meta property=\"og:site_name\" content=\"Pova\u017esk\u00e9 m\u00fazeum\" \/>\n<meta property=\"article:publisher\" content=\"https:\/\/www.facebook.com\/povazskemuzeum\" \/>\n<meta property=\"article:published_time\" content=\"2025-07-02T07:51:58+00:00\" \/>\n<meta property=\"article:modified_time\" content=\"2026-02-27T06:48:01+00:00\" \/>\n<meta property=\"og:image\" content=\"https:\/\/pmza.sk\/wp-content\/uploads\/2025\/07\/Obr.-10.jpg\" \/>\n\t<meta property=\"og:image:width\" content=\"1536\" \/>\n\t<meta property=\"og:image:height\" content=\"2048\" \/>\n\t<meta property=\"og:image:type\" content=\"image\/jpeg\" \/>\n<meta name=\"author\" content=\"Pova\u017esk\u00e9 m\u00fazeum\" \/>\n<meta name=\"twitter:card\" content=\"summary_large_image\" \/>\n<meta name=\"twitter:label1\" content=\"Autor\" \/>\n\t<meta name=\"twitter:data1\" content=\"Pova\u017esk\u00e9 m\u00fazeum\" \/>\n\t<meta name=\"twitter:label2\" content=\"Predpokladan\u00fd \u010das \u010d\u00edtania\" \/>\n\t<meta name=\"twitter:data2\" content=\"5 min\u00fat\" \/>\n<script type=\"application\/ld+json\" class=\"yoast-schema-graph\">{\"@context\":\"https:\\\/\\\/schema.org\",\"@graph\":[{\"@type\":\"Article\",\"@id\":\"https:\\\/\\\/pmza.sk\\\/?p=70865#article\",\"isPartOf\":{\"@id\":\"https:\\\/\\\/pmza.sk\\\/?p=70865\"},\"author\":{\"name\":\"Pova\u017esk\u00e9 m\u00fazeum\",\"@id\":\"https:\\\/\\\/pmza.sk\\\/#\\\/schema\\\/person\\\/595e6a2ce731ea94dcd5d7f50a41ae33\"},\"headline\":\"Re\u0161taurovanie \u0161es\u0165miestnych z\u00e1prahov\u00fdch san\u00ed (1. etapa)\",\"datePublished\":\"2025-07-02T07:51:58+00:00\",\"dateModified\":\"2026-02-27T06:48:01+00:00\",\"mainEntityOfPage\":{\"@id\":\"https:\\\/\\\/pmza.sk\\\/?p=70865\"},\"wordCount\":943,\"publisher\":{\"@id\":\"https:\\\/\\\/pmza.sk\\\/#organization\"},\"image\":{\"@id\":\"https:\\\/\\\/pmza.sk\\\/?p=70865#primaryimage\"},\"thumbnailUrl\":\"https:\\\/\\\/pmza.sk\\\/wp-content\\\/uploads\\\/2025\\\/07\\\/Obr.-10.jpg\",\"articleSection\":[\"Aktuality\"],\"inLanguage\":\"sk-SK\"},{\"@type\":\"WebPage\",\"@id\":\"https:\\\/\\\/pmza.sk\\\/?p=70865\",\"url\":\"https:\\\/\\\/pmza.sk\\\/?p=70865\",\"name\":\"Re\u0161taurovanie \u0161es\u0165miestnych z\u00e1prahov\u00fdch san\u00ed (1. etapa) - Pova\u017esk\u00e9 m\u00fazeum\",\"isPartOf\":{\"@id\":\"https:\\\/\\\/pmza.sk\\\/#website\"},\"primaryImageOfPage\":{\"@id\":\"https:\\\/\\\/pmza.sk\\\/?p=70865#primaryimage\"},\"image\":{\"@id\":\"https:\\\/\\\/pmza.sk\\\/?p=70865#primaryimage\"},\"thumbnailUrl\":\"https:\\\/\\\/pmza.sk\\\/wp-content\\\/uploads\\\/2025\\\/07\\\/Obr.-10.jpg\",\"datePublished\":\"2025-07-02T07:51:58+00:00\",\"dateModified\":\"2026-02-27T06:48:01+00:00\",\"breadcrumb\":{\"@id\":\"https:\\\/\\\/pmza.sk\\\/?p=70865#breadcrumb\"},\"inLanguage\":\"sk-SK\",\"potentialAction\":[{\"@type\":\"ReadAction\",\"target\":[\"https:\\\/\\\/pmza.sk\\\/?p=70865\"]}]},{\"@type\":\"ImageObject\",\"inLanguage\":\"sk-SK\",\"@id\":\"https:\\\/\\\/pmza.sk\\\/?p=70865#primaryimage\",\"url\":\"https:\\\/\\\/pmza.sk\\\/wp-content\\\/uploads\\\/2025\\\/07\\\/Obr.-10.jpg\",\"contentUrl\":\"https:\\\/\\\/pmza.sk\\\/wp-content\\\/uploads\\\/2025\\\/07\\\/Obr.-10.jpg\",\"width\":1536,\"height\":2048,\"caption\":\"Realiz\u00e1cia nov\u00e9ho n\u00e1teru. Foto: Jozef Barinka\"},{\"@type\":\"BreadcrumbList\",\"@id\":\"https:\\\/\\\/pmza.sk\\\/?p=70865#breadcrumb\",\"itemListElement\":[{\"@type\":\"ListItem\",\"position\":1,\"name\":\"Domovsk\u00e1 str\u00e1nka\",\"item\":\"https:\\\/\\\/pmza.sk\\\/\"},{\"@type\":\"ListItem\",\"position\":2,\"name\":\"Re\u0161taurovanie \u0161es\u0165miestnych z\u00e1prahov\u00fdch san\u00ed (1. etapa)\"}]},{\"@type\":\"WebSite\",\"@id\":\"https:\\\/\\\/pmza.sk\\\/#website\",\"url\":\"https:\\\/\\\/pmza.sk\\\/\",\"name\":\"Pova\u017esk\u00e9 m\u00fazeum\",\"description\":\"Pova\u017esk\u00e9 m\u00fazeum v \u017diline je region\u00e1lne m\u00fazeum so s\u00eddlom v Budat\u00edne. Jeho expoz\u00edcie s\u00fa zameran\u00e9 na dejiny slovensk\u00e9ho umenia, kult\u00fary a dopravy.\",\"publisher\":{\"@id\":\"https:\\\/\\\/pmza.sk\\\/#organization\"},\"potentialAction\":[{\"@type\":\"SearchAction\",\"target\":{\"@type\":\"EntryPoint\",\"urlTemplate\":\"https:\\\/\\\/pmza.sk\\\/?s={search_term_string}\"},\"query-input\":{\"@type\":\"PropertyValueSpecification\",\"valueRequired\":true,\"valueName\":\"search_term_string\"}}],\"inLanguage\":\"sk-SK\"},{\"@type\":\"Organization\",\"@id\":\"https:\\\/\\\/pmza.sk\\\/#organization\",\"name\":\"Pova\u017esk\u00e9 m\u00fazeum\",\"url\":\"https:\\\/\\\/pmza.sk\\\/\",\"logo\":{\"@type\":\"ImageObject\",\"inLanguage\":\"sk-SK\",\"@id\":\"https:\\\/\\\/pmza.sk\\\/#\\\/schema\\\/logo\\\/image\\\/\",\"url\":\"https:\\\/\\\/pmza.sk\\\/wp-content\\\/uploads\\\/2022\\\/01\\\/logo_PM_horizontal.jpg\",\"contentUrl\":\"https:\\\/\\\/pmza.sk\\\/wp-content\\\/uploads\\\/2022\\\/01\\\/logo_PM_horizontal.jpg\",\"width\":231,\"height\":142,\"caption\":\"Pova\u017esk\u00e9 m\u00fazeum\"},\"image\":{\"@id\":\"https:\\\/\\\/pmza.sk\\\/#\\\/schema\\\/logo\\\/image\\\/\"},\"sameAs\":[\"https:\\\/\\\/www.facebook.com\\\/povazskemuzeum\",\"https:\\\/\\\/www.instagram.com\\\/povazskemuzeum\\\/\"]},{\"@type\":\"Person\",\"@id\":\"https:\\\/\\\/pmza.sk\\\/#\\\/schema\\\/person\\\/595e6a2ce731ea94dcd5d7f50a41ae33\",\"name\":\"Pova\u017esk\u00e9 m\u00fazeum\",\"image\":{\"@type\":\"ImageObject\",\"inLanguage\":\"sk-SK\",\"@id\":\"https:\\\/\\\/secure.gravatar.com\\\/avatar\\\/2bb7f1561282132fb5826dfeccc66c7996d11ee392ac6aaf7ced8a1c2027fbb2?s=96&d=mm&r=g\",\"url\":\"https:\\\/\\\/secure.gravatar.com\\\/avatar\\\/2bb7f1561282132fb5826dfeccc66c7996d11ee392ac6aaf7ced8a1c2027fbb2?s=96&d=mm&r=g\",\"contentUrl\":\"https:\\\/\\\/secure.gravatar.com\\\/avatar\\\/2bb7f1561282132fb5826dfeccc66c7996d11ee392ac6aaf7ced8a1c2027fbb2?s=96&d=mm&r=g\",\"caption\":\"Pova\u017esk\u00e9 m\u00fazeum\"}}]}<\/script>\n<!-- \/ Yoast SEO plugin. -->","yoast_head_json":{"title":"Re\u0161taurovanie \u0161es\u0165miestnych z\u00e1prahov\u00fdch san\u00ed (1. etapa) - Pova\u017esk\u00e9 m\u00fazeum","robots":{"index":"index","follow":"follow","max-snippet":"max-snippet:-1","max-image-preview":"max-image-preview:large","max-video-preview":"max-video-preview:-1"},"canonical":"https:\/\/pmza.sk\/?p=70865","og_locale":"sk_SK","og_type":"article","og_title":"Re\u0161taurovanie \u0161es\u0165miestnych z\u00e1prahov\u00fdch san\u00ed (1. etapa) - Pova\u017esk\u00e9 m\u00fazeum","og_description":"V\u00a0roku 1975 k\u00fapilo Pova\u017esk\u00e9 m\u00fazeum do zbierkov\u00e9ho fondu doprava \u0161es\u0165miestne z\u00e1prahov\u00e9 sane od Jozefa Zamborsk\u00e9ho z\u00a0okolia Bardejova. Tento zimn\u00fd dopravn\u00fd prostriedok pou\u017e\u00edvan\u00fd v\u00a0sedliackych rodin\u00e1ch v\u00a0regi\u00f3ne, odkia\u013e poch\u00e1dzal ich p\u00f4vodn\u00fd majite\u013e, bol vyroben\u00fd za\u010diatkom 20. storo\u010dia. Meno autora a\u00a0hist\u00f3ria san\u00ed je v\u0161ak nezn\u00e1ma, nako\u013eko sa nena\u0161li \u017eiadne dokumenty. Ide o\u00a0tzv. po\u013esk\u00fd typ san\u00ed, \u010domu zodpoved\u00e1 ich [&hellip;]","og_url":"https:\/\/pmza.sk\/?p=70865","og_site_name":"Pova\u017esk\u00e9 m\u00fazeum","article_publisher":"https:\/\/www.facebook.com\/povazskemuzeum","article_published_time":"2025-07-02T07:51:58+00:00","article_modified_time":"2026-02-27T06:48:01+00:00","og_image":[{"width":1536,"height":2048,"url":"https:\/\/pmza.sk\/wp-content\/uploads\/2025\/07\/Obr.-10.jpg","type":"image\/jpeg"}],"author":"Pova\u017esk\u00e9 m\u00fazeum","twitter_card":"summary_large_image","twitter_misc":{"Autor":"Pova\u017esk\u00e9 m\u00fazeum","Predpokladan\u00fd \u010das \u010d\u00edtania":"5 min\u00fat"},"schema":{"@context":"https:\/\/schema.org","@graph":[{"@type":"Article","@id":"https:\/\/pmza.sk\/?p=70865#article","isPartOf":{"@id":"https:\/\/pmza.sk\/?p=70865"},"author":{"name":"Pova\u017esk\u00e9 m\u00fazeum","@id":"https:\/\/pmza.sk\/#\/schema\/person\/595e6a2ce731ea94dcd5d7f50a41ae33"},"headline":"Re\u0161taurovanie \u0161es\u0165miestnych z\u00e1prahov\u00fdch san\u00ed (1. etapa)","datePublished":"2025-07-02T07:51:58+00:00","dateModified":"2026-02-27T06:48:01+00:00","mainEntityOfPage":{"@id":"https:\/\/pmza.sk\/?p=70865"},"wordCount":943,"publisher":{"@id":"https:\/\/pmza.sk\/#organization"},"image":{"@id":"https:\/\/pmza.sk\/?p=70865#primaryimage"},"thumbnailUrl":"https:\/\/pmza.sk\/wp-content\/uploads\/2025\/07\/Obr.-10.jpg","articleSection":["Aktuality"],"inLanguage":"sk-SK"},{"@type":"WebPage","@id":"https:\/\/pmza.sk\/?p=70865","url":"https:\/\/pmza.sk\/?p=70865","name":"Re\u0161taurovanie \u0161es\u0165miestnych z\u00e1prahov\u00fdch san\u00ed (1. etapa) - Pova\u017esk\u00e9 m\u00fazeum","isPartOf":{"@id":"https:\/\/pmza.sk\/#website"},"primaryImageOfPage":{"@id":"https:\/\/pmza.sk\/?p=70865#primaryimage"},"image":{"@id":"https:\/\/pmza.sk\/?p=70865#primaryimage"},"thumbnailUrl":"https:\/\/pmza.sk\/wp-content\/uploads\/2025\/07\/Obr.-10.jpg","datePublished":"2025-07-02T07:51:58+00:00","dateModified":"2026-02-27T06:48:01+00:00","breadcrumb":{"@id":"https:\/\/pmza.sk\/?p=70865#breadcrumb"},"inLanguage":"sk-SK","potentialAction":[{"@type":"ReadAction","target":["https:\/\/pmza.sk\/?p=70865"]}]},{"@type":"ImageObject","inLanguage":"sk-SK","@id":"https:\/\/pmza.sk\/?p=70865#primaryimage","url":"https:\/\/pmza.sk\/wp-content\/uploads\/2025\/07\/Obr.-10.jpg","contentUrl":"https:\/\/pmza.sk\/wp-content\/uploads\/2025\/07\/Obr.-10.jpg","width":1536,"height":2048,"caption":"Realiz\u00e1cia nov\u00e9ho n\u00e1teru. Foto: Jozef Barinka"},{"@type":"BreadcrumbList","@id":"https:\/\/pmza.sk\/?p=70865#breadcrumb","itemListElement":[{"@type":"ListItem","position":1,"name":"Domovsk\u00e1 str\u00e1nka","item":"https:\/\/pmza.sk\/"},{"@type":"ListItem","position":2,"name":"Re\u0161taurovanie \u0161es\u0165miestnych z\u00e1prahov\u00fdch san\u00ed (1. etapa)"}]},{"@type":"WebSite","@id":"https:\/\/pmza.sk\/#website","url":"https:\/\/pmza.sk\/","name":"Pova\u017esk\u00e9 m\u00fazeum","description":"Pova\u017esk\u00e9 m\u00fazeum v \u017diline je region\u00e1lne m\u00fazeum so s\u00eddlom v Budat\u00edne. Jeho expoz\u00edcie s\u00fa zameran\u00e9 na dejiny slovensk\u00e9ho umenia, kult\u00fary a dopravy.","publisher":{"@id":"https:\/\/pmza.sk\/#organization"},"potentialAction":[{"@type":"SearchAction","target":{"@type":"EntryPoint","urlTemplate":"https:\/\/pmza.sk\/?s={search_term_string}"},"query-input":{"@type":"PropertyValueSpecification","valueRequired":true,"valueName":"search_term_string"}}],"inLanguage":"sk-SK"},{"@type":"Organization","@id":"https:\/\/pmza.sk\/#organization","name":"Pova\u017esk\u00e9 m\u00fazeum","url":"https:\/\/pmza.sk\/","logo":{"@type":"ImageObject","inLanguage":"sk-SK","@id":"https:\/\/pmza.sk\/#\/schema\/logo\/image\/","url":"https:\/\/pmza.sk\/wp-content\/uploads\/2022\/01\/logo_PM_horizontal.jpg","contentUrl":"https:\/\/pmza.sk\/wp-content\/uploads\/2022\/01\/logo_PM_horizontal.jpg","width":231,"height":142,"caption":"Pova\u017esk\u00e9 m\u00fazeum"},"image":{"@id":"https:\/\/pmza.sk\/#\/schema\/logo\/image\/"},"sameAs":["https:\/\/www.facebook.com\/povazskemuzeum","https:\/\/www.instagram.com\/povazskemuzeum\/"]},{"@type":"Person","@id":"https:\/\/pmza.sk\/#\/schema\/person\/595e6a2ce731ea94dcd5d7f50a41ae33","name":"Pova\u017esk\u00e9 m\u00fazeum","image":{"@type":"ImageObject","inLanguage":"sk-SK","@id":"https:\/\/secure.gravatar.com\/avatar\/2bb7f1561282132fb5826dfeccc66c7996d11ee392ac6aaf7ced8a1c2027fbb2?s=96&d=mm&r=g","url":"https:\/\/secure.gravatar.com\/avatar\/2bb7f1561282132fb5826dfeccc66c7996d11ee392ac6aaf7ced8a1c2027fbb2?s=96&d=mm&r=g","contentUrl":"https:\/\/secure.gravatar.com\/avatar\/2bb7f1561282132fb5826dfeccc66c7996d11ee392ac6aaf7ced8a1c2027fbb2?s=96&d=mm&r=g","caption":"Pova\u017esk\u00e9 m\u00fazeum"}}]}},"_links":{"self":[{"href":"https:\/\/pmza.sk\/index.php?rest_route=\/wp\/v2\/posts\/70865","targetHints":{"allow":["GET"]}}],"collection":[{"href":"https:\/\/pmza.sk\/index.php?rest_route=\/wp\/v2\/posts"}],"about":[{"href":"https:\/\/pmza.sk\/index.php?rest_route=\/wp\/v2\/types\/post"}],"author":[{"embeddable":true,"href":"https:\/\/pmza.sk\/index.php?rest_route=\/wp\/v2\/users\/2"}],"replies":[{"embeddable":true,"href":"https:\/\/pmza.sk\/index.php?rest_route=%2Fwp%2Fv2%2Fcomments&post=70865"}],"version-history":[{"count":0,"href":"https:\/\/pmza.sk\/index.php?rest_route=\/wp\/v2\/posts\/70865\/revisions"}],"wp:featuredmedia":[{"embeddable":true,"href":"https:\/\/pmza.sk\/index.php?rest_route=\/wp\/v2\/media\/70871"}],"wp:attachment":[{"href":"https:\/\/pmza.sk\/index.php?rest_route=%2Fwp%2Fv2%2Fmedia&parent=70865"}],"wp:term":[{"taxonomy":"category","embeddable":true,"href":"https:\/\/pmza.sk\/index.php?rest_route=%2Fwp%2Fv2%2Fcategories&post=70865"},{"taxonomy":"post_tag","embeddable":true,"href":"https:\/\/pmza.sk\/index.php?rest_route=%2Fwp%2Fv2%2Ftags&post=70865"}],"curies":[{"name":"wp","href":"https:\/\/api.w.org\/{rel}","templated":true}]}}