{"id":70916,"date":"2025-07-08T10:34:47","date_gmt":"2025-07-08T08:34:47","guid":{"rendered":"https:\/\/pmza.sk\/?p=70916"},"modified":"2025-07-23T06:56:16","modified_gmt":"2025-07-23T04:56:16","slug":"komentovana-prehliadka-vystavy-anatomia-pamiatky","status":"publish","type":"post","link":"https:\/\/pmza.sk\/?p=70916","title":{"rendered":"Komentovan\u00e1 prehliadka v\u00fdstavy Anat\u00f3mia pamiatky"},"content":{"rendered":"<p>Poz\u00fdvame v\u00e1s na komentovan\u00fa prehliadku v\u00fdstavy Anat\u00f3mia pamiatky, ktor\u00e1 sa uskuto\u010dn\u00ed 22. j\u00fala 2025 o 15.00 na Budat\u00ednskom hrade.<\/p>\n<p>T\u00e1to v\u00fdstava pribli\u017euje v\u00fdznam a hodnotu stavebn\u00fdch pamiatok a\u00a0jej autormi s\u00fa Ing. arch. Peter Kru\u0161insk\u00fd, PhD. zo Stavebnej fakulty \u017dilinskej univerzity v\u00a0\u017diline a\u00a0Doc. Ing. Oto Mak\u00fd\u0161, PhD. zo Stavebnej fakulty Slovenskej technickej univerzity v\u00a0Bratislave.<\/p>\n<p>N\u00e1v\u0161tevn\u00edci maj\u00fa jedine\u010dn\u00fa pr\u00edle\u017eitos\u0165 dozvedie\u0165 sa viac o vybran\u00fdch stavebn\u00fdch technik\u00e1ch od z\u00e1kladov a\u017e po strechu a\u00a0ich vz\u00e1jomn\u00e9 s\u00favislosti. V\u00fdstavou ich prevedie Peter Kru\u0161insk\u00fd a\u00a0priestor dostane aj diskusia.<\/p>\n<p>Vstup je vo\u013en\u00fd.<\/p>\n<div class=\"wp-block-image\"><img fetchpriority=\"high\" decoding=\"async\" class=\"wpa-warning wpa-image-missing-alt alignnone size-medium wp-image-70917\" src=\"https:\/\/pmza.sk\/wp-content\/uploads\/2025\/07\/Anatomia_pamiatky_komentovana-255x360.jpg\" alt=\"\" width=\"255\" height=\"360\" data-warning=\"Missing alt text\" srcset=\"https:\/\/pmza.sk\/wp-content\/uploads\/2025\/07\/Anatomia_pamiatky_komentovana-255x360.jpg 255w, https:\/\/pmza.sk\/wp-content\/uploads\/2025\/07\/Anatomia_pamiatky_komentovana-520x736.jpg 520w, https:\/\/pmza.sk\/wp-content\/uploads\/2025\/07\/Anatomia_pamiatky_komentovana-768x1086.jpg 768w, https:\/\/pmza.sk\/wp-content\/uploads\/2025\/07\/Anatomia_pamiatky_komentovana-1086x1536.jpg 1086w, https:\/\/pmza.sk\/wp-content\/uploads\/2025\/07\/Anatomia_pamiatky_komentovana-1448x2048.jpg 1448w, https:\/\/pmza.sk\/wp-content\/uploads\/2025\/07\/Anatomia_pamiatky_komentovana-600x849.jpg 600w, https:\/\/pmza.sk\/wp-content\/uploads\/2025\/07\/Anatomia_pamiatky_komentovana-scaled.jpg 1810w\" sizes=\"(max-width: 255px) 100vw, 255px\" \/><\/div>\n<div>Plag\u00e1t v plnej ve\u013ekosti <a href=\"https:\/\/pmza.sk\/wp-content\/uploads\/2025\/07\/Anatomia_pamiatky_komentovana.pdf\">TU<\/a><\/div>\n","protected":false},"excerpt":{"rendered":"<p>Poz\u00fdvame v\u00e1s na komentovan\u00fa prehliadku v\u00fdstavy Anat\u00f3mia pamiatky, ktor\u00e1 sa uskuto\u010dn\u00ed 22. j\u00fala 2025 o 15.00 na Budat\u00ednskom hrade. T\u00e1to v\u00fdstava pribli\u017euje v\u00fdznam a hodnotu stavebn\u00fdch pamiatok a\u00a0jej autormi s\u00fa Ing. arch. Peter Kru\u0161insk\u00fd, PhD. zo Stavebnej fakulty \u017dilinskej univerzity v\u00a0\u017diline a\u00a0Doc. Ing. Oto Mak\u00fd\u0161, PhD. zo Stavebnej fakulty Slovenskej technickej univerzity v\u00a0Bratislave. N\u00e1v\u0161tevn\u00edci maj\u00fa [&hellip;]<\/p>\n","protected":false},"author":2,"featured_media":70919,"comment_status":"closed","ping_status":"closed","sticky":false,"template":"","format":"standard","meta":{"site-sidebar-layout":"default","site-content-layout":"","ast-site-content-layout":"default","site-content-style":"default","site-sidebar-style":"default","ast-global-header-display":"","ast-banner-title-visibility":"","ast-main-header-display":"","ast-hfb-above-header-display":"","ast-hfb-below-header-display":"","ast-hfb-mobile-header-display":"","site-post-title":"","ast-breadcrumbs-content":"","ast-featured-img":"","footer-sml-layout":"","theme-transparent-header-meta":"default","adv-header-id-meta":"","stick-header-meta":"default","header-above-stick-meta":"","header-main-stick-meta":"","header-below-stick-meta":"","astra-migrate-meta-layouts":"set","ast-page-background-enabled":"default","ast-page-background-meta":{"desktop":{"background-color":"var(--ast-global-color-4)","background-image":"","background-repeat":"repeat","background-position":"center center","background-size":"auto","background-attachment":"scroll","background-type":"","background-media":"","overlay-type":"","overlay-color":"","overlay-opacity":"","overlay-gradient":""},"tablet":{"background-color":"","background-image":"","background-repeat":"repeat","background-position":"center center","background-size":"auto","background-attachment":"scroll","background-type":"","background-media":"","overlay-type":"","overlay-color":"","overlay-opacity":"","overlay-gradient":""},"mobile":{"background-color":"","background-image":"","background-repeat":"repeat","background-position":"center center","background-size":"auto","background-attachment":"scroll","background-type":"","background-media":"","overlay-type":"","overlay-color":"","overlay-opacity":"","overlay-gradient":""}},"ast-content-background-meta":{"desktop":{"background-color":"var(--ast-global-color-5)","background-image":"","background-repeat":"repeat","background-position":"center center","background-size":"auto","background-attachment":"scroll","background-type":"","background-media":"","overlay-type":"","overlay-color":"","overlay-opacity":"","overlay-gradient":""},"tablet":{"background-color":"var(--ast-global-color-5)","background-image":"","background-repeat":"repeat","background-position":"center center","background-size":"auto","background-attachment":"scroll","background-type":"","background-media":"","overlay-type":"","overlay-color":"","overlay-opacity":"","overlay-gradient":""},"mobile":{"background-color":"var(--ast-global-color-5)","background-image":"","background-repeat":"repeat","background-position":"center center","background-size":"auto","background-attachment":"scroll","background-type":"","background-media":"","overlay-type":"","overlay-color":"","overlay-opacity":"","overlay-gradient":""}},"footnotes":""},"categories":[71],"tags":[],"class_list":["post-70916","post","type-post","status-publish","format-standard","has-post-thumbnail","hentry","category-podujatia"],"yoast_head":"<!-- This site is optimized with the Yoast SEO plugin v27.4 - https:\/\/yoast.com\/product\/yoast-seo-wordpress\/ -->\n<title>Komentovan\u00e1 prehliadka v\u00fdstavy Anat\u00f3mia pamiatky - Pova\u017esk\u00e9 m\u00fazeum<\/title>\n<meta name=\"robots\" content=\"index, follow, max-snippet:-1, max-image-preview:large, max-video-preview:-1\" \/>\n<link rel=\"canonical\" href=\"https:\/\/pmza.sk\/?p=70916\" \/>\n<meta property=\"og:locale\" content=\"sk_SK\" \/>\n<meta property=\"og:type\" content=\"article\" \/>\n<meta property=\"og:title\" content=\"Komentovan\u00e1 prehliadka v\u00fdstavy Anat\u00f3mia pamiatky - Pova\u017esk\u00e9 m\u00fazeum\" \/>\n<meta property=\"og:description\" content=\"Poz\u00fdvame v\u00e1s na komentovan\u00fa prehliadku v\u00fdstavy Anat\u00f3mia pamiatky, ktor\u00e1 sa uskuto\u010dn\u00ed 22. j\u00fala 2025 o 15.00 na Budat\u00ednskom hrade. T\u00e1to v\u00fdstava pribli\u017euje v\u00fdznam a hodnotu stavebn\u00fdch pamiatok a\u00a0jej autormi s\u00fa Ing. arch. Peter Kru\u0161insk\u00fd, PhD. zo Stavebnej fakulty \u017dilinskej univerzity v\u00a0\u017diline a\u00a0Doc. Ing. Oto Mak\u00fd\u0161, PhD. zo Stavebnej fakulty Slovenskej technickej univerzity v\u00a0Bratislave. N\u00e1v\u0161tevn\u00edci maj\u00fa [&hellip;]\" \/>\n<meta property=\"og:url\" content=\"https:\/\/pmza.sk\/?p=70916\" \/>\n<meta property=\"og:site_name\" content=\"Pova\u017esk\u00e9 m\u00fazeum\" \/>\n<meta property=\"article:publisher\" content=\"https:\/\/www.facebook.com\/povazskemuzeum\" \/>\n<meta property=\"article:published_time\" content=\"2025-07-08T08:34:47+00:00\" \/>\n<meta property=\"article:modified_time\" content=\"2025-07-23T04:56:16+00:00\" \/>\n<meta property=\"og:image\" content=\"https:\/\/pmza.sk\/wp-content\/uploads\/2025\/07\/Komentovana_Anatomia_pamiatky_web-scaled.jpg\" \/>\n\t<meta property=\"og:image:width\" content=\"2560\" \/>\n\t<meta property=\"og:image:height\" content=\"2560\" \/>\n\t<meta property=\"og:image:type\" content=\"image\/jpeg\" \/>\n<meta name=\"author\" content=\"Pova\u017esk\u00e9 m\u00fazeum\" \/>\n<meta name=\"twitter:card\" content=\"summary_large_image\" \/>\n<meta name=\"twitter:label1\" content=\"Autor\" \/>\n\t<meta name=\"twitter:data1\" content=\"Pova\u017esk\u00e9 m\u00fazeum\" \/>\n\t<meta name=\"twitter:label2\" content=\"Predpokladan\u00fd \u010das \u010d\u00edtania\" \/>\n\t<meta name=\"twitter:data2\" content=\"1 min\u00fata\" \/>\n<script type=\"application\/ld+json\" class=\"yoast-schema-graph\">{\"@context\":\"https:\\\/\\\/schema.org\",\"@graph\":[{\"@type\":\"Article\",\"@id\":\"https:\\\/\\\/pmza.sk\\\/?p=70916#article\",\"isPartOf\":{\"@id\":\"https:\\\/\\\/pmza.sk\\\/?p=70916\"},\"author\":{\"name\":\"Pova\u017esk\u00e9 m\u00fazeum\",\"@id\":\"https:\\\/\\\/pmza.sk\\\/#\\\/schema\\\/person\\\/595e6a2ce731ea94dcd5d7f50a41ae33\"},\"headline\":\"Komentovan\u00e1 prehliadka v\u00fdstavy Anat\u00f3mia pamiatky\",\"datePublished\":\"2025-07-08T08:34:47+00:00\",\"dateModified\":\"2025-07-23T04:56:16+00:00\",\"mainEntityOfPage\":{\"@id\":\"https:\\\/\\\/pmza.sk\\\/?p=70916\"},\"wordCount\":129,\"publisher\":{\"@id\":\"https:\\\/\\\/pmza.sk\\\/#organization\"},\"image\":{\"@id\":\"https:\\\/\\\/pmza.sk\\\/?p=70916#primaryimage\"},\"thumbnailUrl\":\"https:\\\/\\\/pmza.sk\\\/wp-content\\\/uploads\\\/2025\\\/07\\\/Komentovana_Anatomia_pamiatky_web-scaled.jpg\",\"articleSection\":[\"Podujatia\"],\"inLanguage\":\"sk-SK\"},{\"@type\":\"WebPage\",\"@id\":\"https:\\\/\\\/pmza.sk\\\/?p=70916\",\"url\":\"https:\\\/\\\/pmza.sk\\\/?p=70916\",\"name\":\"Komentovan\u00e1 prehliadka v\u00fdstavy Anat\u00f3mia pamiatky - Pova\u017esk\u00e9 m\u00fazeum\",\"isPartOf\":{\"@id\":\"https:\\\/\\\/pmza.sk\\\/#website\"},\"primaryImageOfPage\":{\"@id\":\"https:\\\/\\\/pmza.sk\\\/?p=70916#primaryimage\"},\"image\":{\"@id\":\"https:\\\/\\\/pmza.sk\\\/?p=70916#primaryimage\"},\"thumbnailUrl\":\"https:\\\/\\\/pmza.sk\\\/wp-content\\\/uploads\\\/2025\\\/07\\\/Komentovana_Anatomia_pamiatky_web-scaled.jpg\",\"datePublished\":\"2025-07-08T08:34:47+00:00\",\"dateModified\":\"2025-07-23T04:56:16+00:00\",\"breadcrumb\":{\"@id\":\"https:\\\/\\\/pmza.sk\\\/?p=70916#breadcrumb\"},\"inLanguage\":\"sk-SK\",\"potentialAction\":[{\"@type\":\"ReadAction\",\"target\":[\"https:\\\/\\\/pmza.sk\\\/?p=70916\"]}]},{\"@type\":\"ImageObject\",\"inLanguage\":\"sk-SK\",\"@id\":\"https:\\\/\\\/pmza.sk\\\/?p=70916#primaryimage\",\"url\":\"https:\\\/\\\/pmza.sk\\\/wp-content\\\/uploads\\\/2025\\\/07\\\/Komentovana_Anatomia_pamiatky_web-scaled.jpg\",\"contentUrl\":\"https:\\\/\\\/pmza.sk\\\/wp-content\\\/uploads\\\/2025\\\/07\\\/Komentovana_Anatomia_pamiatky_web-scaled.jpg\",\"width\":2560,\"height\":2560},{\"@type\":\"BreadcrumbList\",\"@id\":\"https:\\\/\\\/pmza.sk\\\/?p=70916#breadcrumb\",\"itemListElement\":[{\"@type\":\"ListItem\",\"position\":1,\"name\":\"Domovsk\u00e1 str\u00e1nka\",\"item\":\"https:\\\/\\\/pmza.sk\\\/\"},{\"@type\":\"ListItem\",\"position\":2,\"name\":\"Komentovan\u00e1 prehliadka v\u00fdstavy Anat\u00f3mia pamiatky\"}]},{\"@type\":\"WebSite\",\"@id\":\"https:\\\/\\\/pmza.sk\\\/#website\",\"url\":\"https:\\\/\\\/pmza.sk\\\/\",\"name\":\"Pova\u017esk\u00e9 m\u00fazeum\",\"description\":\"Pova\u017esk\u00e9 m\u00fazeum v \u017diline je region\u00e1lne m\u00fazeum so s\u00eddlom v Budat\u00edne. Jeho expoz\u00edcie s\u00fa zameran\u00e9 na dejiny slovensk\u00e9ho umenia, kult\u00fary a dopravy.\",\"publisher\":{\"@id\":\"https:\\\/\\\/pmza.sk\\\/#organization\"},\"potentialAction\":[{\"@type\":\"SearchAction\",\"target\":{\"@type\":\"EntryPoint\",\"urlTemplate\":\"https:\\\/\\\/pmza.sk\\\/?s={search_term_string}\"},\"query-input\":{\"@type\":\"PropertyValueSpecification\",\"valueRequired\":true,\"valueName\":\"search_term_string\"}}],\"inLanguage\":\"sk-SK\"},{\"@type\":\"Organization\",\"@id\":\"https:\\\/\\\/pmza.sk\\\/#organization\",\"name\":\"Pova\u017esk\u00e9 m\u00fazeum\",\"url\":\"https:\\\/\\\/pmza.sk\\\/\",\"logo\":{\"@type\":\"ImageObject\",\"inLanguage\":\"sk-SK\",\"@id\":\"https:\\\/\\\/pmza.sk\\\/#\\\/schema\\\/logo\\\/image\\\/\",\"url\":\"https:\\\/\\\/pmza.sk\\\/wp-content\\\/uploads\\\/2022\\\/01\\\/logo_PM_horizontal.jpg\",\"contentUrl\":\"https:\\\/\\\/pmza.sk\\\/wp-content\\\/uploads\\\/2022\\\/01\\\/logo_PM_horizontal.jpg\",\"width\":231,\"height\":142,\"caption\":\"Pova\u017esk\u00e9 m\u00fazeum\"},\"image\":{\"@id\":\"https:\\\/\\\/pmza.sk\\\/#\\\/schema\\\/logo\\\/image\\\/\"},\"sameAs\":[\"https:\\\/\\\/www.facebook.com\\\/povazskemuzeum\",\"https:\\\/\\\/www.instagram.com\\\/povazskemuzeum\\\/\"]},{\"@type\":\"Person\",\"@id\":\"https:\\\/\\\/pmza.sk\\\/#\\\/schema\\\/person\\\/595e6a2ce731ea94dcd5d7f50a41ae33\",\"name\":\"Pova\u017esk\u00e9 m\u00fazeum\",\"image\":{\"@type\":\"ImageObject\",\"inLanguage\":\"sk-SK\",\"@id\":\"https:\\\/\\\/secure.gravatar.com\\\/avatar\\\/2bb7f1561282132fb5826dfeccc66c7996d11ee392ac6aaf7ced8a1c2027fbb2?s=96&d=mm&r=g\",\"url\":\"https:\\\/\\\/secure.gravatar.com\\\/avatar\\\/2bb7f1561282132fb5826dfeccc66c7996d11ee392ac6aaf7ced8a1c2027fbb2?s=96&d=mm&r=g\",\"contentUrl\":\"https:\\\/\\\/secure.gravatar.com\\\/avatar\\\/2bb7f1561282132fb5826dfeccc66c7996d11ee392ac6aaf7ced8a1c2027fbb2?s=96&d=mm&r=g\",\"caption\":\"Pova\u017esk\u00e9 m\u00fazeum\"}}]}<\/script>\n<!-- \/ Yoast SEO plugin. -->","yoast_head_json":{"title":"Komentovan\u00e1 prehliadka v\u00fdstavy Anat\u00f3mia pamiatky - Pova\u017esk\u00e9 m\u00fazeum","robots":{"index":"index","follow":"follow","max-snippet":"max-snippet:-1","max-image-preview":"max-image-preview:large","max-video-preview":"max-video-preview:-1"},"canonical":"https:\/\/pmza.sk\/?p=70916","og_locale":"sk_SK","og_type":"article","og_title":"Komentovan\u00e1 prehliadka v\u00fdstavy Anat\u00f3mia pamiatky - Pova\u017esk\u00e9 m\u00fazeum","og_description":"Poz\u00fdvame v\u00e1s na komentovan\u00fa prehliadku v\u00fdstavy Anat\u00f3mia pamiatky, ktor\u00e1 sa uskuto\u010dn\u00ed 22. j\u00fala 2025 o 15.00 na Budat\u00ednskom hrade. T\u00e1to v\u00fdstava pribli\u017euje v\u00fdznam a hodnotu stavebn\u00fdch pamiatok a\u00a0jej autormi s\u00fa Ing. arch. Peter Kru\u0161insk\u00fd, PhD. zo Stavebnej fakulty \u017dilinskej univerzity v\u00a0\u017diline a\u00a0Doc. Ing. Oto Mak\u00fd\u0161, PhD. zo Stavebnej fakulty Slovenskej technickej univerzity v\u00a0Bratislave. N\u00e1v\u0161tevn\u00edci maj\u00fa [&hellip;]","og_url":"https:\/\/pmza.sk\/?p=70916","og_site_name":"Pova\u017esk\u00e9 m\u00fazeum","article_publisher":"https:\/\/www.facebook.com\/povazskemuzeum","article_published_time":"2025-07-08T08:34:47+00:00","article_modified_time":"2025-07-23T04:56:16+00:00","og_image":[{"width":2560,"height":2560,"url":"https:\/\/pmza.sk\/wp-content\/uploads\/2025\/07\/Komentovana_Anatomia_pamiatky_web-scaled.jpg","type":"image\/jpeg"}],"author":"Pova\u017esk\u00e9 m\u00fazeum","twitter_card":"summary_large_image","twitter_misc":{"Autor":"Pova\u017esk\u00e9 m\u00fazeum","Predpokladan\u00fd \u010das \u010d\u00edtania":"1 min\u00fata"},"schema":{"@context":"https:\/\/schema.org","@graph":[{"@type":"Article","@id":"https:\/\/pmza.sk\/?p=70916#article","isPartOf":{"@id":"https:\/\/pmza.sk\/?p=70916"},"author":{"name":"Pova\u017esk\u00e9 m\u00fazeum","@id":"https:\/\/pmza.sk\/#\/schema\/person\/595e6a2ce731ea94dcd5d7f50a41ae33"},"headline":"Komentovan\u00e1 prehliadka v\u00fdstavy Anat\u00f3mia pamiatky","datePublished":"2025-07-08T08:34:47+00:00","dateModified":"2025-07-23T04:56:16+00:00","mainEntityOfPage":{"@id":"https:\/\/pmza.sk\/?p=70916"},"wordCount":129,"publisher":{"@id":"https:\/\/pmza.sk\/#organization"},"image":{"@id":"https:\/\/pmza.sk\/?p=70916#primaryimage"},"thumbnailUrl":"https:\/\/pmza.sk\/wp-content\/uploads\/2025\/07\/Komentovana_Anatomia_pamiatky_web-scaled.jpg","articleSection":["Podujatia"],"inLanguage":"sk-SK"},{"@type":"WebPage","@id":"https:\/\/pmza.sk\/?p=70916","url":"https:\/\/pmza.sk\/?p=70916","name":"Komentovan\u00e1 prehliadka v\u00fdstavy Anat\u00f3mia pamiatky - Pova\u017esk\u00e9 m\u00fazeum","isPartOf":{"@id":"https:\/\/pmza.sk\/#website"},"primaryImageOfPage":{"@id":"https:\/\/pmza.sk\/?p=70916#primaryimage"},"image":{"@id":"https:\/\/pmza.sk\/?p=70916#primaryimage"},"thumbnailUrl":"https:\/\/pmza.sk\/wp-content\/uploads\/2025\/07\/Komentovana_Anatomia_pamiatky_web-scaled.jpg","datePublished":"2025-07-08T08:34:47+00:00","dateModified":"2025-07-23T04:56:16+00:00","breadcrumb":{"@id":"https:\/\/pmza.sk\/?p=70916#breadcrumb"},"inLanguage":"sk-SK","potentialAction":[{"@type":"ReadAction","target":["https:\/\/pmza.sk\/?p=70916"]}]},{"@type":"ImageObject","inLanguage":"sk-SK","@id":"https:\/\/pmza.sk\/?p=70916#primaryimage","url":"https:\/\/pmza.sk\/wp-content\/uploads\/2025\/07\/Komentovana_Anatomia_pamiatky_web-scaled.jpg","contentUrl":"https:\/\/pmza.sk\/wp-content\/uploads\/2025\/07\/Komentovana_Anatomia_pamiatky_web-scaled.jpg","width":2560,"height":2560},{"@type":"BreadcrumbList","@id":"https:\/\/pmza.sk\/?p=70916#breadcrumb","itemListElement":[{"@type":"ListItem","position":1,"name":"Domovsk\u00e1 str\u00e1nka","item":"https:\/\/pmza.sk\/"},{"@type":"ListItem","position":2,"name":"Komentovan\u00e1 prehliadka v\u00fdstavy Anat\u00f3mia pamiatky"}]},{"@type":"WebSite","@id":"https:\/\/pmza.sk\/#website","url":"https:\/\/pmza.sk\/","name":"Pova\u017esk\u00e9 m\u00fazeum","description":"Pova\u017esk\u00e9 m\u00fazeum v \u017diline je region\u00e1lne m\u00fazeum so s\u00eddlom v Budat\u00edne. Jeho expoz\u00edcie s\u00fa zameran\u00e9 na dejiny slovensk\u00e9ho umenia, kult\u00fary a dopravy.","publisher":{"@id":"https:\/\/pmza.sk\/#organization"},"potentialAction":[{"@type":"SearchAction","target":{"@type":"EntryPoint","urlTemplate":"https:\/\/pmza.sk\/?s={search_term_string}"},"query-input":{"@type":"PropertyValueSpecification","valueRequired":true,"valueName":"search_term_string"}}],"inLanguage":"sk-SK"},{"@type":"Organization","@id":"https:\/\/pmza.sk\/#organization","name":"Pova\u017esk\u00e9 m\u00fazeum","url":"https:\/\/pmza.sk\/","logo":{"@type":"ImageObject","inLanguage":"sk-SK","@id":"https:\/\/pmza.sk\/#\/schema\/logo\/image\/","url":"https:\/\/pmza.sk\/wp-content\/uploads\/2022\/01\/logo_PM_horizontal.jpg","contentUrl":"https:\/\/pmza.sk\/wp-content\/uploads\/2022\/01\/logo_PM_horizontal.jpg","width":231,"height":142,"caption":"Pova\u017esk\u00e9 m\u00fazeum"},"image":{"@id":"https:\/\/pmza.sk\/#\/schema\/logo\/image\/"},"sameAs":["https:\/\/www.facebook.com\/povazskemuzeum","https:\/\/www.instagram.com\/povazskemuzeum\/"]},{"@type":"Person","@id":"https:\/\/pmza.sk\/#\/schema\/person\/595e6a2ce731ea94dcd5d7f50a41ae33","name":"Pova\u017esk\u00e9 m\u00fazeum","image":{"@type":"ImageObject","inLanguage":"sk-SK","@id":"https:\/\/secure.gravatar.com\/avatar\/2bb7f1561282132fb5826dfeccc66c7996d11ee392ac6aaf7ced8a1c2027fbb2?s=96&d=mm&r=g","url":"https:\/\/secure.gravatar.com\/avatar\/2bb7f1561282132fb5826dfeccc66c7996d11ee392ac6aaf7ced8a1c2027fbb2?s=96&d=mm&r=g","contentUrl":"https:\/\/secure.gravatar.com\/avatar\/2bb7f1561282132fb5826dfeccc66c7996d11ee392ac6aaf7ced8a1c2027fbb2?s=96&d=mm&r=g","caption":"Pova\u017esk\u00e9 m\u00fazeum"}}]}},"_links":{"self":[{"href":"https:\/\/pmza.sk\/index.php?rest_route=\/wp\/v2\/posts\/70916","targetHints":{"allow":["GET"]}}],"collection":[{"href":"https:\/\/pmza.sk\/index.php?rest_route=\/wp\/v2\/posts"}],"about":[{"href":"https:\/\/pmza.sk\/index.php?rest_route=\/wp\/v2\/types\/post"}],"author":[{"embeddable":true,"href":"https:\/\/pmza.sk\/index.php?rest_route=\/wp\/v2\/users\/2"}],"replies":[{"embeddable":true,"href":"https:\/\/pmza.sk\/index.php?rest_route=%2Fwp%2Fv2%2Fcomments&post=70916"}],"version-history":[{"count":0,"href":"https:\/\/pmza.sk\/index.php?rest_route=\/wp\/v2\/posts\/70916\/revisions"}],"wp:featuredmedia":[{"embeddable":true,"href":"https:\/\/pmza.sk\/index.php?rest_route=\/wp\/v2\/media\/70919"}],"wp:attachment":[{"href":"https:\/\/pmza.sk\/index.php?rest_route=%2Fwp%2Fv2%2Fmedia&parent=70916"}],"wp:term":[{"taxonomy":"category","embeddable":true,"href":"https:\/\/pmza.sk\/index.php?rest_route=%2Fwp%2Fv2%2Fcategories&post=70916"},{"taxonomy":"post_tag","embeddable":true,"href":"https:\/\/pmza.sk\/index.php?rest_route=%2Fwp%2Fv2%2Ftags&post=70916"}],"curies":[{"name":"wp","href":"https:\/\/api.w.org\/{rel}","templated":true}]}}