{"id":71194,"date":"2025-07-22T09:45:59","date_gmt":"2025-07-22T07:45:59","guid":{"rendered":"https:\/\/pmza.sk\/?p=71194"},"modified":"2026-02-27T07:47:55","modified_gmt":"2026-02-27T06:47:55","slug":"nebo-pod-rukami-restauratorov","status":"publish","type":"post","link":"https:\/\/pmza.sk\/?p=71194","title":{"rendered":"Nebo pod rukami re\u0161taur\u00e1torov"},"content":{"rendered":"<p>Hrad Stre\u010dno ka\u017edoro\u010dne l\u00e1ka n\u00e1v\u0161tevn\u00edkov na jedine\u010dn\u00e9 no\u010dn\u00e9 prehliadky, ktor\u00e9 zaujm\u00fa nielen programom, ale aj kulisami. Toto leto si mohli vychutna\u0165 jedine\u010dn\u00fa prehliadku s\u00a0n\u00e1zvom \u017deny pred s\u00fadom. Na dotvorenie spr\u00e1vnej atmosf\u00e9ry neba, ktor\u00e1 bolo s\u00fa\u010das\u0165ou scen\u00e1ra, vyrobili pracovn\u00edci z\u00a0oddelenia ochrany zbierok autentick\u00e9 oblaky. Na ich realiz\u00e1cii sa podie\u013eali: ved\u00faci oddelenia PhDr. Jozef Mih\u00e1lik, konzerv\u00e1tor Eduard Pol\u00e1\u010dek a\u00a0re\u0161taur\u00e1torka\/konzerv\u00e1torka Mgr. art. Barbora Lokajov\u00e1. Pr\u00e1ca na projekte trvala pribli\u017ene 26 hod\u00edn. V\u00fdroba 5 ks oblakov si vy\u017eiadala 10 m zaja\u010dieho pletiva, 12 ks PUR peny, mno\u017estvo papiera, biely maliarsky n\u00e1ter, akrylov\u00e9 farby, penetra\u010dn\u00fd n\u00e1ter a\u00a0biely sprej.<\/p>\n<p>Najsk\u00f4r sme zo zaja\u010dieho pletiva vymodelovali z\u00e1kladn\u00e9 tvary oblakov. Do vn\u00fatra sme vlo\u017eili vrecia naplnen\u00e9 papierom, aby sme \u010do najviac od\u013eah\u010dili celkov\u00fa hmotu a\u00a0u\u0161etrili materi\u00e1l. Pomocou PUR peny a\u00a0striekacej pi\u0161tole sme vytvorili povrchov\u00fa vrstvu, kde sme pod\u013ea potreby prid\u00e1vali na objeme a\u00a0plastickosti. Po vytvrdnut\u00ed PUR peny sme pomocou orez\u00e1vac\u00edch \u00a0no\u017eov a\u00a0ra\u0161pl\u00ed vymodelovali po\u017eadovan\u00e9 tvary oblakov. N\u00e1sledne boli oblaky natret\u00e9 hrubou vrstvou bielej maliarskej farby a\u00a0po zaschnut\u00ed bola t\u00e1to vrstva fixovan\u00e1 penetra\u010dn\u00fdm n\u00e1terom. Druh\u00e1 vrstva farby pozost\u00e1vala z\u00a0bielej akrylovej farby ur\u010denej na r\u00f4zne druhy povrchov. Po jej zaschnut\u00ed boli slabo prekryt\u00e9 miesta oblakov striekan\u00e9 bielym sprejom a\u00a0n\u00e1sledne farebne t\u00f3novan\u00e9 akrylov\u00fdmi farbami pre dosiahnutie re\u00e1lnej\u0161ieho vzh\u013eadu. Oblaky boli zavesen\u00e9 na oce\u013eov\u00fdch lank\u00e1ch, ktor\u00e9 sa nav\u0155tali do stien kaplnky.\u00a0 In\u0161talovanie trvalo dva dni a\u00a0ukon\u010den\u00e9 bol v\u00a0de\u0148 podujatia.<\/p>\n<p>Oblaky bud\u00fa zdobi\u0165 priestor kaplnky cel\u00fd mesiac a n\u00e1v\u0161tevn\u00edci ich uvidia aj na nasleduj\u00facej no\u010dnej prehliadke 20. augusta. V\u00a0bud\u00facnosti bud\u00fa pod\u013ea potreby vyu\u017e\u00edvan\u00e9 ako kulisy divadelno-hrav\u00e9ho zoskupenia RAZCA. Ver\u00edme, \u017ee n\u00e1s \u010dakaj\u00fa aj \u010fal\u0161ie zauj\u00edmav\u00e9 projekty, v\u00a0r\u00e1mci ktor\u00fdch budeme m\u00f4c\u0165 v\u00a0oddelen\u00ed ochrany zbierok pouk\u00e1za\u0165 na tvorivos\u0165 a\u00a0v\u00fdtvarn\u00e9 nadanie zamestnancov m\u00fazea.<\/p>\n<p><strong>Text:<\/strong> PhDr. Jozef Mih\u00e1lik, Pova\u017esk\u00e9 m\u00fazeum<\/p>\n<p><strong>Foto:<\/strong> PhDr. Jozef Mih\u00e1lik, PhDr. Magdal\u00e9na Lackov\u00e1<\/p>\n<div class=\"wp-block-image\"><img fetchpriority=\"high\" decoding=\"async\" class=\"wpa-warning wpa-image-missing-alt alignnone size-medium wp-image-71195\" src=\"https:\/\/pmza.sk\/wp-content\/uploads\/2025\/07\/foto-1-480x360.jpg\" alt=\"\" width=\"480\" height=\"360\" data-warning=\"Missing alt text\" srcset=\"https:\/\/pmza.sk\/wp-content\/uploads\/2025\/07\/foto-1-480x360.jpg 480w, https:\/\/pmza.sk\/wp-content\/uploads\/2025\/07\/foto-1-600x450.jpg 600w, https:\/\/pmza.sk\/wp-content\/uploads\/2025\/07\/foto-1.jpg 640w\" sizes=\"(max-width: 480px) 100vw, 480px\" \/><\/div>\n<div>Modelovanie oblakov z PUR peny<\/div>\n<div><\/div>\n<div>\n<div class=\"wp-block-image\"><img decoding=\"async\" class=\"wpa-warning wpa-image-missing-alt alignnone wp-image-71196\" src=\"https:\/\/pmza.sk\/wp-content\/uploads\/2025\/07\/foto-2-570x321.jpg\" alt=\"\" width=\"479\" height=\"270\" data-warning=\"Missing alt text\" srcset=\"https:\/\/pmza.sk\/wp-content\/uploads\/2025\/07\/foto-2-570x321.jpg 570w, https:\/\/pmza.sk\/wp-content\/uploads\/2025\/07\/foto-2-1170x659.jpg 1170w, https:\/\/pmza.sk\/wp-content\/uploads\/2025\/07\/foto-2-768x432.jpg 768w, https:\/\/pmza.sk\/wp-content\/uploads\/2025\/07\/foto-2-1536x865.jpg 1536w, https:\/\/pmza.sk\/wp-content\/uploads\/2025\/07\/foto-2-2048x1153.jpg 2048w, https:\/\/pmza.sk\/wp-content\/uploads\/2025\/07\/foto-2-600x338.jpg 600w\" sizes=\"(max-width: 479px) 100vw, 479px\" \/><\/div>\n<div>Orez\u00e1vanie oblakov na po\u017eadovan\u00e9 tvary<\/div>\n<\/div>\n<div><\/div>\n<div>\n<div class=\"wp-block-image\"><img decoding=\"async\" class=\"wpa-warning wpa-image-missing-alt alignnone size-medium wp-image-71197\" src=\"https:\/\/pmza.sk\/wp-content\/uploads\/2025\/07\/foto-3-480x360.jpg\" alt=\"\" width=\"480\" height=\"360\" data-warning=\"Missing alt text\" srcset=\"https:\/\/pmza.sk\/wp-content\/uploads\/2025\/07\/foto-3-480x360.jpg 480w, https:\/\/pmza.sk\/wp-content\/uploads\/2025\/07\/foto-3-600x450.jpg 600w, https:\/\/pmza.sk\/wp-content\/uploads\/2025\/07\/foto-3.jpg 640w\" sizes=\"(max-width: 480px) 100vw, 480px\" \/><\/div>\n<div>Natieranie a modelovanie oblakov<\/div>\n<div><\/div>\n<div>\n<div class=\"wp-block-image\"><img loading=\"lazy\" decoding=\"async\" class=\"wpa-warning wpa-image-missing-alt alignnone size-medium wp-image-71198\" src=\"https:\/\/pmza.sk\/wp-content\/uploads\/2025\/07\/foto-4-480x360.jpg\" alt=\"\" width=\"480\" height=\"360\" data-warning=\"Missing alt text\" srcset=\"https:\/\/pmza.sk\/wp-content\/uploads\/2025\/07\/foto-4-480x360.jpg 480w, https:\/\/pmza.sk\/wp-content\/uploads\/2025\/07\/foto-4-600x450.jpg 600w, https:\/\/pmza.sk\/wp-content\/uploads\/2025\/07\/foto-4.jpg 640w\" sizes=\"(max-width: 480px) 100vw, 480px\" \/><\/div>\n<div>Dokon\u010den\u00e9 dielo a spokojn\u00fd t\u00edm z oddelenia na ochranu zbierok<\/div>\n<div><\/div>\n<div>\n<div class=\"wp-block-image\"><img loading=\"lazy\" decoding=\"async\" class=\"wpa-warning wpa-image-missing-alt alignnone size-medium wp-image-71199\" src=\"https:\/\/pmza.sk\/wp-content\/uploads\/2025\/07\/foto-5-240x360.jpg\" alt=\"\" width=\"240\" height=\"360\" data-warning=\"Missing alt text\" srcset=\"https:\/\/pmza.sk\/wp-content\/uploads\/2025\/07\/foto-5-240x360.jpg 240w, https:\/\/pmza.sk\/wp-content\/uploads\/2025\/07\/foto-5-491x736.jpg 491w, https:\/\/pmza.sk\/wp-content\/uploads\/2025\/07\/foto-5-768x1152.jpg 768w, https:\/\/pmza.sk\/wp-content\/uploads\/2025\/07\/foto-5-1024x1536.jpg 1024w, https:\/\/pmza.sk\/wp-content\/uploads\/2025\/07\/foto-5-1365x2048.jpg 1365w, https:\/\/pmza.sk\/wp-content\/uploads\/2025\/07\/foto-5-600x900.jpg 600w, https:\/\/pmza.sk\/wp-content\/uploads\/2025\/07\/foto-5-scaled.jpg 1707w\" sizes=\"(max-width: 240px) 100vw, 240px\" \/><\/div>\n<\/div>\n<\/div>\n<\/div>\n<div>\n<p>In\u0161tal\u00e1cia oblakov v kaplnke hradu Stre\u010dno<\/p>\n<div class=\"wp-block-image\"><img loading=\"lazy\" decoding=\"async\" class=\"wpa-warning wpa-image-missing-alt alignnone size-medium wp-image-71200\" src=\"https:\/\/pmza.sk\/wp-content\/uploads\/2025\/07\/foto-6-540x360.jpg\" alt=\"\" width=\"540\" height=\"360\" data-warning=\"Missing alt text\" srcset=\"https:\/\/pmza.sk\/wp-content\/uploads\/2025\/07\/foto-6-540x360.jpg 540w, https:\/\/pmza.sk\/wp-content\/uploads\/2025\/07\/foto-6-1104x736.jpg 1104w, https:\/\/pmza.sk\/wp-content\/uploads\/2025\/07\/foto-6-768x512.jpg 768w, https:\/\/pmza.sk\/wp-content\/uploads\/2025\/07\/foto-6-1536x1024.jpg 1536w, https:\/\/pmza.sk\/wp-content\/uploads\/2025\/07\/foto-6-2048x1365.jpg 2048w, https:\/\/pmza.sk\/wp-content\/uploads\/2025\/07\/foto-6-600x400.jpg 600w\" sizes=\"(max-width: 540px) 100vw, 540px\" \/><\/div>\n<div>In\u0161tal\u00e1cia oblakov v kaplnke hradu Stre\u010dno<\/div>\n<\/div>\n<div><\/div>\n","protected":false},"excerpt":{"rendered":"<p>Hrad Stre\u010dno ka\u017edoro\u010dne l\u00e1ka n\u00e1v\u0161tevn\u00edkov na jedine\u010dn\u00e9 no\u010dn\u00e9 prehliadky, ktor\u00e9 zaujm\u00fa nielen programom, ale aj kulisami. Toto leto si mohli vychutna\u0165 jedine\u010dn\u00fa prehliadku s\u00a0n\u00e1zvom \u017deny pred s\u00fadom. Na dotvorenie spr\u00e1vnej atmosf\u00e9ry neba, ktor\u00e1 bolo s\u00fa\u010das\u0165ou scen\u00e1ra, vyrobili pracovn\u00edci z\u00a0oddelenia ochrany zbierok autentick\u00e9 oblaky. Na ich realiz\u00e1cii sa podie\u013eali: ved\u00faci oddelenia PhDr. Jozef Mih\u00e1lik, konzerv\u00e1tor Eduard [&hellip;]<\/p>\n","protected":false},"author":2,"featured_media":71198,"comment_status":"closed","ping_status":"closed","sticky":false,"template":"","format":"standard","meta":{"site-sidebar-layout":"default","site-content-layout":"","ast-site-content-layout":"default","site-content-style":"default","site-sidebar-style":"default","ast-global-header-display":"","ast-banner-title-visibility":"","ast-main-header-display":"","ast-hfb-above-header-display":"","ast-hfb-below-header-display":"","ast-hfb-mobile-header-display":"","site-post-title":"","ast-breadcrumbs-content":"","ast-featured-img":"","footer-sml-layout":"","theme-transparent-header-meta":"default","adv-header-id-meta":"","stick-header-meta":"default","header-above-stick-meta":"","header-main-stick-meta":"","header-below-stick-meta":"","astra-migrate-meta-layouts":"set","ast-page-background-enabled":"default","ast-page-background-meta":{"desktop":{"background-color":"var(--ast-global-color-4)","background-image":"","background-repeat":"repeat","background-position":"center center","background-size":"auto","background-attachment":"scroll","background-type":"","background-media":"","overlay-type":"","overlay-color":"","overlay-opacity":"","overlay-gradient":""},"tablet":{"background-color":"","background-image":"","background-repeat":"repeat","background-position":"center center","background-size":"auto","background-attachment":"scroll","background-type":"","background-media":"","overlay-type":"","overlay-color":"","overlay-opacity":"","overlay-gradient":""},"mobile":{"background-color":"","background-image":"","background-repeat":"repeat","background-position":"center center","background-size":"auto","background-attachment":"scroll","background-type":"","background-media":"","overlay-type":"","overlay-color":"","overlay-opacity":"","overlay-gradient":""}},"ast-content-background-meta":{"desktop":{"background-color":"var(--ast-global-color-5)","background-image":"","background-repeat":"repeat","background-position":"center center","background-size":"auto","background-attachment":"scroll","background-type":"","background-media":"","overlay-type":"","overlay-color":"","overlay-opacity":"","overlay-gradient":""},"tablet":{"background-color":"var(--ast-global-color-5)","background-image":"","background-repeat":"repeat","background-position":"center center","background-size":"auto","background-attachment":"scroll","background-type":"","background-media":"","overlay-type":"","overlay-color":"","overlay-opacity":"","overlay-gradient":""},"mobile":{"background-color":"var(--ast-global-color-5)","background-image":"","background-repeat":"repeat","background-position":"center center","background-size":"auto","background-attachment":"scroll","background-type":"","background-media":"","overlay-type":"","overlay-color":"","overlay-opacity":"","overlay-gradient":""}},"footnotes":""},"categories":[31],"tags":[],"class_list":["post-71194","post","type-post","status-publish","format-standard","has-post-thumbnail","hentry","category-aktuality"],"yoast_head":"<!-- This site is optimized with the Yoast SEO plugin v27.4 - https:\/\/yoast.com\/product\/yoast-seo-wordpress\/ -->\n<title>Nebo pod rukami re\u0161taur\u00e1torov - Pova\u017esk\u00e9 m\u00fazeum<\/title>\n<meta name=\"robots\" content=\"index, follow, max-snippet:-1, max-image-preview:large, max-video-preview:-1\" \/>\n<link rel=\"canonical\" href=\"https:\/\/pmza.sk\/?p=71194\" \/>\n<meta property=\"og:locale\" content=\"sk_SK\" \/>\n<meta property=\"og:type\" content=\"article\" \/>\n<meta property=\"og:title\" content=\"Nebo pod rukami re\u0161taur\u00e1torov - Pova\u017esk\u00e9 m\u00fazeum\" \/>\n<meta property=\"og:description\" content=\"Hrad Stre\u010dno ka\u017edoro\u010dne l\u00e1ka n\u00e1v\u0161tevn\u00edkov na jedine\u010dn\u00e9 no\u010dn\u00e9 prehliadky, ktor\u00e9 zaujm\u00fa nielen programom, ale aj kulisami. Toto leto si mohli vychutna\u0165 jedine\u010dn\u00fa prehliadku s\u00a0n\u00e1zvom \u017deny pred s\u00fadom. Na dotvorenie spr\u00e1vnej atmosf\u00e9ry neba, ktor\u00e1 bolo s\u00fa\u010das\u0165ou scen\u00e1ra, vyrobili pracovn\u00edci z\u00a0oddelenia ochrany zbierok autentick\u00e9 oblaky. Na ich realiz\u00e1cii sa podie\u013eali: ved\u00faci oddelenia PhDr. Jozef Mih\u00e1lik, konzerv\u00e1tor Eduard [&hellip;]\" \/>\n<meta property=\"og:url\" content=\"https:\/\/pmza.sk\/?p=71194\" \/>\n<meta property=\"og:site_name\" content=\"Pova\u017esk\u00e9 m\u00fazeum\" \/>\n<meta property=\"article:publisher\" content=\"https:\/\/www.facebook.com\/povazskemuzeum\" \/>\n<meta property=\"article:published_time\" content=\"2025-07-22T07:45:59+00:00\" \/>\n<meta property=\"article:modified_time\" content=\"2026-02-27T06:47:55+00:00\" \/>\n<meta property=\"og:image\" content=\"https:\/\/pmza.sk\/wp-content\/uploads\/2025\/07\/foto-4.jpg\" \/>\n\t<meta property=\"og:image:width\" content=\"640\" \/>\n\t<meta property=\"og:image:height\" content=\"480\" \/>\n\t<meta property=\"og:image:type\" content=\"image\/jpeg\" \/>\n<meta name=\"author\" content=\"Pova\u017esk\u00e9 m\u00fazeum\" \/>\n<meta name=\"twitter:card\" content=\"summary_large_image\" \/>\n<meta name=\"twitter:label1\" content=\"Autor\" \/>\n\t<meta name=\"twitter:data1\" content=\"Pova\u017esk\u00e9 m\u00fazeum\" \/>\n\t<meta name=\"twitter:label2\" content=\"Predpokladan\u00fd \u010das \u010d\u00edtania\" \/>\n\t<meta name=\"twitter:data2\" content=\"2 min\u00faty\" \/>\n<script type=\"application\/ld+json\" class=\"yoast-schema-graph\">{\"@context\":\"https:\\\/\\\/schema.org\",\"@graph\":[{\"@type\":\"Article\",\"@id\":\"https:\\\/\\\/pmza.sk\\\/?p=71194#article\",\"isPartOf\":{\"@id\":\"https:\\\/\\\/pmza.sk\\\/?p=71194\"},\"author\":{\"name\":\"Pova\u017esk\u00e9 m\u00fazeum\",\"@id\":\"https:\\\/\\\/pmza.sk\\\/#\\\/schema\\\/person\\\/595e6a2ce731ea94dcd5d7f50a41ae33\"},\"headline\":\"Nebo pod rukami re\u0161taur\u00e1torov\",\"datePublished\":\"2025-07-22T07:45:59+00:00\",\"dateModified\":\"2026-02-27T06:47:55+00:00\",\"mainEntityOfPage\":{\"@id\":\"https:\\\/\\\/pmza.sk\\\/?p=71194\"},\"wordCount\":443,\"publisher\":{\"@id\":\"https:\\\/\\\/pmza.sk\\\/#organization\"},\"image\":{\"@id\":\"https:\\\/\\\/pmza.sk\\\/?p=71194#primaryimage\"},\"thumbnailUrl\":\"https:\\\/\\\/pmza.sk\\\/wp-content\\\/uploads\\\/2025\\\/07\\\/foto-4.jpg\",\"articleSection\":[\"Aktuality\"],\"inLanguage\":\"sk-SK\"},{\"@type\":\"WebPage\",\"@id\":\"https:\\\/\\\/pmza.sk\\\/?p=71194\",\"url\":\"https:\\\/\\\/pmza.sk\\\/?p=71194\",\"name\":\"Nebo pod rukami re\u0161taur\u00e1torov - Pova\u017esk\u00e9 m\u00fazeum\",\"isPartOf\":{\"@id\":\"https:\\\/\\\/pmza.sk\\\/#website\"},\"primaryImageOfPage\":{\"@id\":\"https:\\\/\\\/pmza.sk\\\/?p=71194#primaryimage\"},\"image\":{\"@id\":\"https:\\\/\\\/pmza.sk\\\/?p=71194#primaryimage\"},\"thumbnailUrl\":\"https:\\\/\\\/pmza.sk\\\/wp-content\\\/uploads\\\/2025\\\/07\\\/foto-4.jpg\",\"datePublished\":\"2025-07-22T07:45:59+00:00\",\"dateModified\":\"2026-02-27T06:47:55+00:00\",\"breadcrumb\":{\"@id\":\"https:\\\/\\\/pmza.sk\\\/?p=71194#breadcrumb\"},\"inLanguage\":\"sk-SK\",\"potentialAction\":[{\"@type\":\"ReadAction\",\"target\":[\"https:\\\/\\\/pmza.sk\\\/?p=71194\"]}]},{\"@type\":\"ImageObject\",\"inLanguage\":\"sk-SK\",\"@id\":\"https:\\\/\\\/pmza.sk\\\/?p=71194#primaryimage\",\"url\":\"https:\\\/\\\/pmza.sk\\\/wp-content\\\/uploads\\\/2025\\\/07\\\/foto-4.jpg\",\"contentUrl\":\"https:\\\/\\\/pmza.sk\\\/wp-content\\\/uploads\\\/2025\\\/07\\\/foto-4.jpg\",\"width\":640,\"height\":480},{\"@type\":\"BreadcrumbList\",\"@id\":\"https:\\\/\\\/pmza.sk\\\/?p=71194#breadcrumb\",\"itemListElement\":[{\"@type\":\"ListItem\",\"position\":1,\"name\":\"Domovsk\u00e1 str\u00e1nka\",\"item\":\"https:\\\/\\\/pmza.sk\\\/\"},{\"@type\":\"ListItem\",\"position\":2,\"name\":\"Nebo pod rukami re\u0161taur\u00e1torov\"}]},{\"@type\":\"WebSite\",\"@id\":\"https:\\\/\\\/pmza.sk\\\/#website\",\"url\":\"https:\\\/\\\/pmza.sk\\\/\",\"name\":\"Pova\u017esk\u00e9 m\u00fazeum\",\"description\":\"Pova\u017esk\u00e9 m\u00fazeum v \u017diline je region\u00e1lne m\u00fazeum so s\u00eddlom v Budat\u00edne. Jeho expoz\u00edcie s\u00fa zameran\u00e9 na dejiny slovensk\u00e9ho umenia, kult\u00fary a dopravy.\",\"publisher\":{\"@id\":\"https:\\\/\\\/pmza.sk\\\/#organization\"},\"potentialAction\":[{\"@type\":\"SearchAction\",\"target\":{\"@type\":\"EntryPoint\",\"urlTemplate\":\"https:\\\/\\\/pmza.sk\\\/?s={search_term_string}\"},\"query-input\":{\"@type\":\"PropertyValueSpecification\",\"valueRequired\":true,\"valueName\":\"search_term_string\"}}],\"inLanguage\":\"sk-SK\"},{\"@type\":\"Organization\",\"@id\":\"https:\\\/\\\/pmza.sk\\\/#organization\",\"name\":\"Pova\u017esk\u00e9 m\u00fazeum\",\"url\":\"https:\\\/\\\/pmza.sk\\\/\",\"logo\":{\"@type\":\"ImageObject\",\"inLanguage\":\"sk-SK\",\"@id\":\"https:\\\/\\\/pmza.sk\\\/#\\\/schema\\\/logo\\\/image\\\/\",\"url\":\"https:\\\/\\\/pmza.sk\\\/wp-content\\\/uploads\\\/2022\\\/01\\\/logo_PM_horizontal.jpg\",\"contentUrl\":\"https:\\\/\\\/pmza.sk\\\/wp-content\\\/uploads\\\/2022\\\/01\\\/logo_PM_horizontal.jpg\",\"width\":231,\"height\":142,\"caption\":\"Pova\u017esk\u00e9 m\u00fazeum\"},\"image\":{\"@id\":\"https:\\\/\\\/pmza.sk\\\/#\\\/schema\\\/logo\\\/image\\\/\"},\"sameAs\":[\"https:\\\/\\\/www.facebook.com\\\/povazskemuzeum\",\"https:\\\/\\\/www.instagram.com\\\/povazskemuzeum\\\/\"]},{\"@type\":\"Person\",\"@id\":\"https:\\\/\\\/pmza.sk\\\/#\\\/schema\\\/person\\\/595e6a2ce731ea94dcd5d7f50a41ae33\",\"name\":\"Pova\u017esk\u00e9 m\u00fazeum\",\"image\":{\"@type\":\"ImageObject\",\"inLanguage\":\"sk-SK\",\"@id\":\"https:\\\/\\\/secure.gravatar.com\\\/avatar\\\/2bb7f1561282132fb5826dfeccc66c7996d11ee392ac6aaf7ced8a1c2027fbb2?s=96&d=mm&r=g\",\"url\":\"https:\\\/\\\/secure.gravatar.com\\\/avatar\\\/2bb7f1561282132fb5826dfeccc66c7996d11ee392ac6aaf7ced8a1c2027fbb2?s=96&d=mm&r=g\",\"contentUrl\":\"https:\\\/\\\/secure.gravatar.com\\\/avatar\\\/2bb7f1561282132fb5826dfeccc66c7996d11ee392ac6aaf7ced8a1c2027fbb2?s=96&d=mm&r=g\",\"caption\":\"Pova\u017esk\u00e9 m\u00fazeum\"}}]}<\/script>\n<!-- \/ Yoast SEO plugin. -->","yoast_head_json":{"title":"Nebo pod rukami re\u0161taur\u00e1torov - Pova\u017esk\u00e9 m\u00fazeum","robots":{"index":"index","follow":"follow","max-snippet":"max-snippet:-1","max-image-preview":"max-image-preview:large","max-video-preview":"max-video-preview:-1"},"canonical":"https:\/\/pmza.sk\/?p=71194","og_locale":"sk_SK","og_type":"article","og_title":"Nebo pod rukami re\u0161taur\u00e1torov - Pova\u017esk\u00e9 m\u00fazeum","og_description":"Hrad Stre\u010dno ka\u017edoro\u010dne l\u00e1ka n\u00e1v\u0161tevn\u00edkov na jedine\u010dn\u00e9 no\u010dn\u00e9 prehliadky, ktor\u00e9 zaujm\u00fa nielen programom, ale aj kulisami. Toto leto si mohli vychutna\u0165 jedine\u010dn\u00fa prehliadku s\u00a0n\u00e1zvom \u017deny pred s\u00fadom. Na dotvorenie spr\u00e1vnej atmosf\u00e9ry neba, ktor\u00e1 bolo s\u00fa\u010das\u0165ou scen\u00e1ra, vyrobili pracovn\u00edci z\u00a0oddelenia ochrany zbierok autentick\u00e9 oblaky. Na ich realiz\u00e1cii sa podie\u013eali: ved\u00faci oddelenia PhDr. Jozef Mih\u00e1lik, konzerv\u00e1tor Eduard [&hellip;]","og_url":"https:\/\/pmza.sk\/?p=71194","og_site_name":"Pova\u017esk\u00e9 m\u00fazeum","article_publisher":"https:\/\/www.facebook.com\/povazskemuzeum","article_published_time":"2025-07-22T07:45:59+00:00","article_modified_time":"2026-02-27T06:47:55+00:00","og_image":[{"width":640,"height":480,"url":"https:\/\/pmza.sk\/wp-content\/uploads\/2025\/07\/foto-4.jpg","type":"image\/jpeg"}],"author":"Pova\u017esk\u00e9 m\u00fazeum","twitter_card":"summary_large_image","twitter_misc":{"Autor":"Pova\u017esk\u00e9 m\u00fazeum","Predpokladan\u00fd \u010das \u010d\u00edtania":"2 min\u00faty"},"schema":{"@context":"https:\/\/schema.org","@graph":[{"@type":"Article","@id":"https:\/\/pmza.sk\/?p=71194#article","isPartOf":{"@id":"https:\/\/pmza.sk\/?p=71194"},"author":{"name":"Pova\u017esk\u00e9 m\u00fazeum","@id":"https:\/\/pmza.sk\/#\/schema\/person\/595e6a2ce731ea94dcd5d7f50a41ae33"},"headline":"Nebo pod rukami re\u0161taur\u00e1torov","datePublished":"2025-07-22T07:45:59+00:00","dateModified":"2026-02-27T06:47:55+00:00","mainEntityOfPage":{"@id":"https:\/\/pmza.sk\/?p=71194"},"wordCount":443,"publisher":{"@id":"https:\/\/pmza.sk\/#organization"},"image":{"@id":"https:\/\/pmza.sk\/?p=71194#primaryimage"},"thumbnailUrl":"https:\/\/pmza.sk\/wp-content\/uploads\/2025\/07\/foto-4.jpg","articleSection":["Aktuality"],"inLanguage":"sk-SK"},{"@type":"WebPage","@id":"https:\/\/pmza.sk\/?p=71194","url":"https:\/\/pmza.sk\/?p=71194","name":"Nebo pod rukami re\u0161taur\u00e1torov - Pova\u017esk\u00e9 m\u00fazeum","isPartOf":{"@id":"https:\/\/pmza.sk\/#website"},"primaryImageOfPage":{"@id":"https:\/\/pmza.sk\/?p=71194#primaryimage"},"image":{"@id":"https:\/\/pmza.sk\/?p=71194#primaryimage"},"thumbnailUrl":"https:\/\/pmza.sk\/wp-content\/uploads\/2025\/07\/foto-4.jpg","datePublished":"2025-07-22T07:45:59+00:00","dateModified":"2026-02-27T06:47:55+00:00","breadcrumb":{"@id":"https:\/\/pmza.sk\/?p=71194#breadcrumb"},"inLanguage":"sk-SK","potentialAction":[{"@type":"ReadAction","target":["https:\/\/pmza.sk\/?p=71194"]}]},{"@type":"ImageObject","inLanguage":"sk-SK","@id":"https:\/\/pmza.sk\/?p=71194#primaryimage","url":"https:\/\/pmza.sk\/wp-content\/uploads\/2025\/07\/foto-4.jpg","contentUrl":"https:\/\/pmza.sk\/wp-content\/uploads\/2025\/07\/foto-4.jpg","width":640,"height":480},{"@type":"BreadcrumbList","@id":"https:\/\/pmza.sk\/?p=71194#breadcrumb","itemListElement":[{"@type":"ListItem","position":1,"name":"Domovsk\u00e1 str\u00e1nka","item":"https:\/\/pmza.sk\/"},{"@type":"ListItem","position":2,"name":"Nebo pod rukami re\u0161taur\u00e1torov"}]},{"@type":"WebSite","@id":"https:\/\/pmza.sk\/#website","url":"https:\/\/pmza.sk\/","name":"Pova\u017esk\u00e9 m\u00fazeum","description":"Pova\u017esk\u00e9 m\u00fazeum v \u017diline je region\u00e1lne m\u00fazeum so s\u00eddlom v Budat\u00edne. Jeho expoz\u00edcie s\u00fa zameran\u00e9 na dejiny slovensk\u00e9ho umenia, kult\u00fary a dopravy.","publisher":{"@id":"https:\/\/pmza.sk\/#organization"},"potentialAction":[{"@type":"SearchAction","target":{"@type":"EntryPoint","urlTemplate":"https:\/\/pmza.sk\/?s={search_term_string}"},"query-input":{"@type":"PropertyValueSpecification","valueRequired":true,"valueName":"search_term_string"}}],"inLanguage":"sk-SK"},{"@type":"Organization","@id":"https:\/\/pmza.sk\/#organization","name":"Pova\u017esk\u00e9 m\u00fazeum","url":"https:\/\/pmza.sk\/","logo":{"@type":"ImageObject","inLanguage":"sk-SK","@id":"https:\/\/pmza.sk\/#\/schema\/logo\/image\/","url":"https:\/\/pmza.sk\/wp-content\/uploads\/2022\/01\/logo_PM_horizontal.jpg","contentUrl":"https:\/\/pmza.sk\/wp-content\/uploads\/2022\/01\/logo_PM_horizontal.jpg","width":231,"height":142,"caption":"Pova\u017esk\u00e9 m\u00fazeum"},"image":{"@id":"https:\/\/pmza.sk\/#\/schema\/logo\/image\/"},"sameAs":["https:\/\/www.facebook.com\/povazskemuzeum","https:\/\/www.instagram.com\/povazskemuzeum\/"]},{"@type":"Person","@id":"https:\/\/pmza.sk\/#\/schema\/person\/595e6a2ce731ea94dcd5d7f50a41ae33","name":"Pova\u017esk\u00e9 m\u00fazeum","image":{"@type":"ImageObject","inLanguage":"sk-SK","@id":"https:\/\/secure.gravatar.com\/avatar\/2bb7f1561282132fb5826dfeccc66c7996d11ee392ac6aaf7ced8a1c2027fbb2?s=96&d=mm&r=g","url":"https:\/\/secure.gravatar.com\/avatar\/2bb7f1561282132fb5826dfeccc66c7996d11ee392ac6aaf7ced8a1c2027fbb2?s=96&d=mm&r=g","contentUrl":"https:\/\/secure.gravatar.com\/avatar\/2bb7f1561282132fb5826dfeccc66c7996d11ee392ac6aaf7ced8a1c2027fbb2?s=96&d=mm&r=g","caption":"Pova\u017esk\u00e9 m\u00fazeum"}}]}},"_links":{"self":[{"href":"https:\/\/pmza.sk\/index.php?rest_route=\/wp\/v2\/posts\/71194","targetHints":{"allow":["GET"]}}],"collection":[{"href":"https:\/\/pmza.sk\/index.php?rest_route=\/wp\/v2\/posts"}],"about":[{"href":"https:\/\/pmza.sk\/index.php?rest_route=\/wp\/v2\/types\/post"}],"author":[{"embeddable":true,"href":"https:\/\/pmza.sk\/index.php?rest_route=\/wp\/v2\/users\/2"}],"replies":[{"embeddable":true,"href":"https:\/\/pmza.sk\/index.php?rest_route=%2Fwp%2Fv2%2Fcomments&post=71194"}],"version-history":[{"count":0,"href":"https:\/\/pmza.sk\/index.php?rest_route=\/wp\/v2\/posts\/71194\/revisions"}],"wp:featuredmedia":[{"embeddable":true,"href":"https:\/\/pmza.sk\/index.php?rest_route=\/wp\/v2\/media\/71198"}],"wp:attachment":[{"href":"https:\/\/pmza.sk\/index.php?rest_route=%2Fwp%2Fv2%2Fmedia&parent=71194"}],"wp:term":[{"taxonomy":"category","embeddable":true,"href":"https:\/\/pmza.sk\/index.php?rest_route=%2Fwp%2Fv2%2Fcategories&post=71194"},{"taxonomy":"post_tag","embeddable":true,"href":"https:\/\/pmza.sk\/index.php?rest_route=%2Fwp%2Fv2%2Ftags&post=71194"}],"curies":[{"name":"wp","href":"https:\/\/api.w.org\/{rel}","templated":true}]}}