{"id":71338,"date":"2025-08-07T11:01:10","date_gmt":"2025-08-07T09:01:10","guid":{"rendered":"https:\/\/pmza.sk\/?p=71338"},"modified":"2025-11-03T06:58:50","modified_gmt":"2025-11-03T05:58:50","slug":"strieborne-roky-marty-filovej","status":"publish","type":"post","link":"https:\/\/pmza.sk\/?p=71338","title":{"rendered":"Strieborn\u00e9 roky Marty Filovej"},"content":{"rendered":"<p>V\u00a0r\u00e1mci prebiehaj\u00faceho Roku drot\u00e1rstva, ktor\u00fd pripom\u00edna 35 rokov \u00fasilia in\u0161tit\u00facie\u00a0 o\u00a0revitaliz\u00e1ciu drot\u00e1rstva na Slovensku, pripravilo Pova\u017esk\u00e9 m\u00fazeum reprezentat\u00edvnu retrospekt\u00edvnu v\u00fdstavu \u0161perk\u00e1rky Marty Filovej. Predstavuje prierez tromi desiatkami tvoriv\u00fdch rokov autorky a kon\u00e1 sa pri pr\u00edle\u017eitosti jej v\u00fdznamn\u00e9ho \u017eivotn\u00e9ho jubilea.<\/p>\n<p>Rod\u00e1\u010dka z\u00a0Mal\u017een\u00edc (okr. Trnava) \u017eije a\u00a0tvor\u00ed v\u00a0Rosine, ne\u010faleko \u017diliny. Prostredie, v\u00a0ktorom vyrastala, bolo bohat\u00e9 na folkl\u00f3rne trad\u00edcie, osobit\u00e9 kroje a\u00a0v\u00fd\u0161ivky, \u010do formovalo jej estetick\u00e9 c\u00edtenie. Z\u00a0rodiny si odniesla remeseln\u00fa zru\u010dnos\u0165 aj v\u00fdtvarn\u00fd talent, tvorbe sa v\u0161ak za\u010dala venova\u0165 a\u017e v zrelom veku. In\u0161pirovala ju pr\u00e1ca umeleck\u00fdch remeseln\u00edkov na podujat\u00ed <strong>Stretnutie drot\u00e1rskych majstrov<\/strong> v Budat\u00ednskom hrade v roku 1995.<\/p>\n<p>Ako vy\u0161tudovan\u00e1 strojn\u00e1 in\u017einierka mala ku kovu v\u017edy bl\u00edzko, a\u00a0tak prirodzene nadviazala na drot\u00e1rsku trad\u00edciu severoz\u00e1padn\u00e9ho Slovenska. Spo\u010diatku s\u00a0kovov\u00fdm vl\u00e1knom pracovala len vo vo\u013enom \u010dase,\u00a0 po odchode do d\u00f4chodku sa \u0161perk\u00e1rstvu za\u010dala venova\u0165 naplno a\u00a0profesion\u00e1lne. \u0160pecializuje sa na autorsk\u00fd \u0161perk. In\u0161piruje ju pr\u00edroda, vesm\u00edr, zvl\u00e1\u0161tne geografick\u00e9 lokality, kult\u00fara, hist\u00f3ria i duchovn\u00e9 t\u00e9my. Pracuje v\u00fdlu\u010dne so strieborn\u00fdm dr\u00f4tom r\u00fddzosti 925\/1000. Kombinuje ho s\u00a0polodrahokamami, rie\u010dnymi perlami, koralmi, miner\u00e1lmi, \u0161pecifick\u00fdmi horninami \u010di fos\u00edliami. Z\u00a0techn\u00edk naj\u010dastej\u0161ie sp\u00e1ja siete zo \u0161itej \u010dipky s\u00a0vo\u013ene tvarovan\u00fdm dr\u00f4tom, sporadicky vyu\u017e\u00edva aj pl\u00e1tnov\u00fa v\u00e4zbu, viazan\u00e9 uzly a\u00a0 svoje vlastn\u00e9 autorsk\u00e9 postupy.<\/p>\n<p><em>\u201eMarta Filov\u00e1 je pr\u00edkladom nev\u0161edn\u00e9ho harmonick\u00e9ho kontrastu technickej mysle a citlivej umeleckej du\u0161e. Prostredn\u00edctvom jemn\u00e9ho strieborn\u00e9ho dr\u00f4tu a\u00a0atrakt\u00edvnych kame\u0148ov pos\u00fava star\u00e9 drot\u00e1rske remeslo do novej \u00a0polohy. \u0160perk ako druh \u00fa\u017eitkovo-dekorat\u00edvneho artefaktu ch\u00e1pe ako v\u00fdtvarn\u00fd objekt, do ktor\u00e9ho pretavuje kus svojej osobnosti a\u00a0tvoriv\u00e9ho ducha,<\/em> <em>z\u00e1rove\u0148 jej diela nestr\u00e1caj\u00fa svoj p\u00f4vodn\u00fd \u00fa\u010del a v\u0161etky s\u00fa plnohodnotne nosite\u013en\u00e9,\u201c <\/em>pribl\u00ed\u017eila kur\u00e1torka v\u00fdstavy \u2013 histori\u010dka drot\u00e1rstva z\u00a0Pova\u017esk\u00e9ho m\u00fazea Katar\u00edna Hallonov\u00e1.<\/p>\n<p>Marta Filov\u00e1 tvor\u00ed spont\u00e1nne, intuit\u00edvne, imaginat\u00edvne.<em> \u201eNiektor\u00fd \u0161perk vznikne za p\u00e1r hod\u00edn, in\u00fd v\u00a0procese tvorby dozrieva aj cel\u00e9 mesiace. Symbolicky do nich pretavuje svoje pocity, spomienky, posolstv\u00e1, ale aj pr\u00edrodn\u00e9 deje a mikropr\u00edbehy k\u00f3dovan\u00e9 v\u00fdtvarn\u00fdm jazykom. Srdcom jej \u0161perkov s\u00fa kamene a\u00a0pr\u00edrodniny, ktor\u00e9 do nich vklad\u00e1. Ur\u010duj\u00fa ich druh, charakter, formu, kompoz\u00edciu, pou\u017eit\u00e9 techniky i\u00a0n\u00e1zov a\u00a0okolit\u00e9mu svet <\/em><em>pon\u00fakaj\u00fa asoci\u00e1cie\u00a0 sprostredk\u00favaj\u00face autorkine videnie sveta,\u201c <\/em>doplnila K. Hallonov\u00e1.<\/p>\n<p><em>\u00a0<\/em>Autorka tvor\u00ed prim\u00e1rne pre \u017eeny, experimentuje v\u0161ak aj so \u0161perkmi pre mu\u017eov a svadobn\u00fdmi s\u00fapravami pre p\u00e1ry. Ka\u017ed\u00fd z jej v\u00fdtvorov je origin\u00e1l o\u0161etren\u00fd ochrannou zn\u00e1mkou \u00darady priemyseln\u00e9ho vlastn\u00edctva a zna\u010dkou Puncov\u00e9ho \u00faradu Slovenskej republiky. Zhotovuje ich ako solit\u00e9ry, alebo v\u00a0mal\u00fdch s\u00e9ri\u00e1ch maxim\u00e1lne do piatich kusov. Jej pr\u00e1ce s\u00fa zauj\u00edmav\u00e9, atrakt\u00edvne a\u00a0efektn\u00e9. \u00daspe\u0161ne nimi reprezentovala kult\u00farne trad\u00edcie Slovenska v\u00a0zahrani\u010d\u00ed a\u00a0Kancel\u00e1ria prezidenta Slovenskej republiky ich\u00a0 vyu\u017eila ako\u00a0 ofici\u00e1lne \u0161t\u00e1tne dary pre v\u00fdznamn\u00e9 zahrani\u010dn\u00e9 osobnosti. Dnes ich nosia \u013eudia vo viac ne\u017e 35 krajin\u00e1ch sveta<strong>, <\/strong>medzi nimi aj viacer\u00e9 prv\u00e9 d\u00e1my \u010di princezn\u00e1<strong>.<\/strong><\/p>\n<p>V\u00fdstava Strieborn\u00e9 roky Marty Filovej bude pre verejnos\u0165 pr\u00edstupn\u00e1 od 15. 8. 2025 vo v\u00fdstavnej s\u00e1le Budat\u00ednskeho hradu a potrv\u00e1 do 3. 11. 2025.<\/p>\n<p>Viac inform\u00e1ci\u00ed o autorkinej tvorbe na \/<a href=\"https:\/\/martafilova.sk\/\">https:\/\/martafilova.sk\/<\/a><\/p>\n<div class=\"wp-block-image\"><img fetchpriority=\"high\" decoding=\"async\" class=\"wpa-warning wpa-image-missing-alt alignnone size-medium wp-image-71340\" src=\"https:\/\/pmza.sk\/wp-content\/uploads\/2025\/08\/Strieborne_roky_K6-255x360.jpg\" alt=\"\" width=\"255\" height=\"360\" data-warning=\"Missing alt text\" srcset=\"https:\/\/pmza.sk\/wp-content\/uploads\/2025\/08\/Strieborne_roky_K6-255x360.jpg 255w, https:\/\/pmza.sk\/wp-content\/uploads\/2025\/08\/Strieborne_roky_K6-520x736.jpg 520w, https:\/\/pmza.sk\/wp-content\/uploads\/2025\/08\/Strieborne_roky_K6-768x1086.jpg 768w, https:\/\/pmza.sk\/wp-content\/uploads\/2025\/08\/Strieborne_roky_K6-1086x1536.jpg 1086w, https:\/\/pmza.sk\/wp-content\/uploads\/2025\/08\/Strieborne_roky_K6-1448x2048.jpg 1448w, https:\/\/pmza.sk\/wp-content\/uploads\/2025\/08\/Strieborne_roky_K6-600x849.jpg 600w, https:\/\/pmza.sk\/wp-content\/uploads\/2025\/08\/Strieborne_roky_K6-scaled.jpg 1810w\" sizes=\"(max-width: 255px) 100vw, 255px\" \/><\/div>\n<div><\/div>\n<div>Plag\u00e1t v plnej kvalite <a href=\"https:\/\/pmza.sk\/wp-content\/uploads\/2025\/08\/Strieborne_roky_K6.pdf\">TU<\/a><\/div>\n<p><strong>\u00a0<\/strong><\/p>\n","protected":false},"excerpt":{"rendered":"<p>V\u00a0r\u00e1mci prebiehaj\u00faceho Roku drot\u00e1rstva, ktor\u00fd pripom\u00edna 35 rokov \u00fasilia in\u0161tit\u00facie\u00a0 o\u00a0revitaliz\u00e1ciu drot\u00e1rstva na Slovensku, pripravilo Pova\u017esk\u00e9 m\u00fazeum reprezentat\u00edvnu retrospekt\u00edvnu v\u00fdstavu \u0161perk\u00e1rky Marty Filovej. Predstavuje prierez tromi desiatkami tvoriv\u00fdch rokov autorky a kon\u00e1 sa pri pr\u00edle\u017eitosti jej v\u00fdznamn\u00e9ho \u017eivotn\u00e9ho jubilea. Rod\u00e1\u010dka z\u00a0Mal\u017een\u00edc (okr. Trnava) \u017eije a\u00a0tvor\u00ed v\u00a0Rosine, ne\u010faleko \u017diliny. Prostredie, v\u00a0ktorom vyrastala, bolo bohat\u00e9 na folkl\u00f3rne [&hellip;]<\/p>\n","protected":false},"author":2,"featured_media":71339,"comment_status":"closed","ping_status":"closed","sticky":false,"template":"","format":"standard","meta":{"site-sidebar-layout":"default","site-content-layout":"","ast-site-content-layout":"default","site-content-style":"default","site-sidebar-style":"default","ast-global-header-display":"","ast-banner-title-visibility":"","ast-main-header-display":"","ast-hfb-above-header-display":"","ast-hfb-below-header-display":"","ast-hfb-mobile-header-display":"","site-post-title":"","ast-breadcrumbs-content":"","ast-featured-img":"","footer-sml-layout":"","theme-transparent-header-meta":"default","adv-header-id-meta":"","stick-header-meta":"default","header-above-stick-meta":"","header-main-stick-meta":"","header-below-stick-meta":"","astra-migrate-meta-layouts":"set","ast-page-background-enabled":"default","ast-page-background-meta":{"desktop":{"background-color":"var(--ast-global-color-4)","background-image":"","background-repeat":"repeat","background-position":"center center","background-size":"auto","background-attachment":"scroll","background-type":"","background-media":"","overlay-type":"","overlay-color":"","overlay-opacity":"","overlay-gradient":""},"tablet":{"background-color":"","background-image":"","background-repeat":"repeat","background-position":"center center","background-size":"auto","background-attachment":"scroll","background-type":"","background-media":"","overlay-type":"","overlay-color":"","overlay-opacity":"","overlay-gradient":""},"mobile":{"background-color":"","background-image":"","background-repeat":"repeat","background-position":"center center","background-size":"auto","background-attachment":"scroll","background-type":"","background-media":"","overlay-type":"","overlay-color":"","overlay-opacity":"","overlay-gradient":""}},"ast-content-background-meta":{"desktop":{"background-color":"var(--ast-global-color-5)","background-image":"","background-repeat":"repeat","background-position":"center center","background-size":"auto","background-attachment":"scroll","background-type":"","background-media":"","overlay-type":"","overlay-color":"","overlay-opacity":"","overlay-gradient":""},"tablet":{"background-color":"var(--ast-global-color-5)","background-image":"","background-repeat":"repeat","background-position":"center center","background-size":"auto","background-attachment":"scroll","background-type":"","background-media":"","overlay-type":"","overlay-color":"","overlay-opacity":"","overlay-gradient":""},"mobile":{"background-color":"var(--ast-global-color-5)","background-image":"","background-repeat":"repeat","background-position":"center center","background-size":"auto","background-attachment":"scroll","background-type":"","background-media":"","overlay-type":"","overlay-color":"","overlay-opacity":"","overlay-gradient":""}},"footnotes":""},"categories":[72],"tags":[],"class_list":["post-71338","post","type-post","status-publish","format-standard","has-post-thumbnail","hentry","category-vystavy"],"yoast_head":"<!-- This site is optimized with the Yoast SEO plugin v27.4 - https:\/\/yoast.com\/product\/yoast-seo-wordpress\/ -->\n<title>Strieborn\u00e9 roky Marty Filovej - Pova\u017esk\u00e9 m\u00fazeum<\/title>\n<meta name=\"robots\" content=\"index, follow, max-snippet:-1, max-image-preview:large, max-video-preview:-1\" \/>\n<link rel=\"canonical\" href=\"https:\/\/pmza.sk\/?p=71338\" \/>\n<meta property=\"og:locale\" content=\"sk_SK\" \/>\n<meta property=\"og:type\" content=\"article\" \/>\n<meta property=\"og:title\" content=\"Strieborn\u00e9 roky Marty Filovej - Pova\u017esk\u00e9 m\u00fazeum\" \/>\n<meta property=\"og:description\" content=\"V\u00a0r\u00e1mci prebiehaj\u00faceho Roku drot\u00e1rstva, ktor\u00fd pripom\u00edna 35 rokov \u00fasilia in\u0161tit\u00facie\u00a0 o\u00a0revitaliz\u00e1ciu drot\u00e1rstva na Slovensku, pripravilo Pova\u017esk\u00e9 m\u00fazeum reprezentat\u00edvnu retrospekt\u00edvnu v\u00fdstavu \u0161perk\u00e1rky Marty Filovej. Predstavuje prierez tromi desiatkami tvoriv\u00fdch rokov autorky a kon\u00e1 sa pri pr\u00edle\u017eitosti jej v\u00fdznamn\u00e9ho \u017eivotn\u00e9ho jubilea. Rod\u00e1\u010dka z\u00a0Mal\u017een\u00edc (okr. Trnava) \u017eije a\u00a0tvor\u00ed v\u00a0Rosine, ne\u010faleko \u017diliny. Prostredie, v\u00a0ktorom vyrastala, bolo bohat\u00e9 na folkl\u00f3rne [&hellip;]\" \/>\n<meta property=\"og:url\" content=\"https:\/\/pmza.sk\/?p=71338\" \/>\n<meta property=\"og:site_name\" content=\"Pova\u017esk\u00e9 m\u00fazeum\" \/>\n<meta property=\"article:publisher\" content=\"https:\/\/www.facebook.com\/povazskemuzeum\" \/>\n<meta property=\"article:published_time\" content=\"2025-08-07T09:01:10+00:00\" \/>\n<meta property=\"article:modified_time\" content=\"2025-11-03T05:58:50+00:00\" \/>\n<meta property=\"og:image\" content=\"https:\/\/pmza.sk\/wp-content\/uploads\/2025\/08\/Strieborne_roky_web2-scaled.jpg\" \/>\n\t<meta property=\"og:image:width\" content=\"2560\" \/>\n\t<meta property=\"og:image:height\" content=\"2560\" \/>\n\t<meta property=\"og:image:type\" content=\"image\/jpeg\" \/>\n<meta name=\"author\" content=\"Pova\u017esk\u00e9 m\u00fazeum\" \/>\n<meta name=\"twitter:card\" content=\"summary_large_image\" \/>\n<meta name=\"twitter:label1\" content=\"Autor\" \/>\n\t<meta name=\"twitter:data1\" content=\"Pova\u017esk\u00e9 m\u00fazeum\" \/>\n\t<meta name=\"twitter:label2\" content=\"Predpokladan\u00fd \u010das \u010d\u00edtania\" \/>\n\t<meta name=\"twitter:data2\" content=\"3 min\u00faty\" \/>\n<script type=\"application\/ld+json\" class=\"yoast-schema-graph\">{\"@context\":\"https:\\\/\\\/schema.org\",\"@graph\":[{\"@type\":\"Article\",\"@id\":\"https:\\\/\\\/pmza.sk\\\/?p=71338#article\",\"isPartOf\":{\"@id\":\"https:\\\/\\\/pmza.sk\\\/?p=71338\"},\"author\":{\"name\":\"Pova\u017esk\u00e9 m\u00fazeum\",\"@id\":\"https:\\\/\\\/pmza.sk\\\/#\\\/schema\\\/person\\\/595e6a2ce731ea94dcd5d7f50a41ae33\"},\"headline\":\"Strieborn\u00e9 roky Marty Filovej\",\"datePublished\":\"2025-08-07T09:01:10+00:00\",\"dateModified\":\"2025-11-03T05:58:50+00:00\",\"mainEntityOfPage\":{\"@id\":\"https:\\\/\\\/pmza.sk\\\/?p=71338\"},\"wordCount\":640,\"publisher\":{\"@id\":\"https:\\\/\\\/pmza.sk\\\/#organization\"},\"image\":{\"@id\":\"https:\\\/\\\/pmza.sk\\\/?p=71338#primaryimage\"},\"thumbnailUrl\":\"https:\\\/\\\/pmza.sk\\\/wp-content\\\/uploads\\\/2025\\\/08\\\/Strieborne_roky_web2-scaled.jpg\",\"articleSection\":[\"V\u00fdstavy\"],\"inLanguage\":\"sk-SK\"},{\"@type\":\"WebPage\",\"@id\":\"https:\\\/\\\/pmza.sk\\\/?p=71338\",\"url\":\"https:\\\/\\\/pmza.sk\\\/?p=71338\",\"name\":\"Strieborn\u00e9 roky Marty Filovej - Pova\u017esk\u00e9 m\u00fazeum\",\"isPartOf\":{\"@id\":\"https:\\\/\\\/pmza.sk\\\/#website\"},\"primaryImageOfPage\":{\"@id\":\"https:\\\/\\\/pmza.sk\\\/?p=71338#primaryimage\"},\"image\":{\"@id\":\"https:\\\/\\\/pmza.sk\\\/?p=71338#primaryimage\"},\"thumbnailUrl\":\"https:\\\/\\\/pmza.sk\\\/wp-content\\\/uploads\\\/2025\\\/08\\\/Strieborne_roky_web2-scaled.jpg\",\"datePublished\":\"2025-08-07T09:01:10+00:00\",\"dateModified\":\"2025-11-03T05:58:50+00:00\",\"breadcrumb\":{\"@id\":\"https:\\\/\\\/pmza.sk\\\/?p=71338#breadcrumb\"},\"inLanguage\":\"sk-SK\",\"potentialAction\":[{\"@type\":\"ReadAction\",\"target\":[\"https:\\\/\\\/pmza.sk\\\/?p=71338\"]}]},{\"@type\":\"ImageObject\",\"inLanguage\":\"sk-SK\",\"@id\":\"https:\\\/\\\/pmza.sk\\\/?p=71338#primaryimage\",\"url\":\"https:\\\/\\\/pmza.sk\\\/wp-content\\\/uploads\\\/2025\\\/08\\\/Strieborne_roky_web2-scaled.jpg\",\"contentUrl\":\"https:\\\/\\\/pmza.sk\\\/wp-content\\\/uploads\\\/2025\\\/08\\\/Strieborne_roky_web2-scaled.jpg\",\"width\":2560,\"height\":2560},{\"@type\":\"BreadcrumbList\",\"@id\":\"https:\\\/\\\/pmza.sk\\\/?p=71338#breadcrumb\",\"itemListElement\":[{\"@type\":\"ListItem\",\"position\":1,\"name\":\"Domovsk\u00e1 str\u00e1nka\",\"item\":\"https:\\\/\\\/pmza.sk\\\/\"},{\"@type\":\"ListItem\",\"position\":2,\"name\":\"Strieborn\u00e9 roky Marty Filovej\"}]},{\"@type\":\"WebSite\",\"@id\":\"https:\\\/\\\/pmza.sk\\\/#website\",\"url\":\"https:\\\/\\\/pmza.sk\\\/\",\"name\":\"Pova\u017esk\u00e9 m\u00fazeum\",\"description\":\"Pova\u017esk\u00e9 m\u00fazeum v \u017diline je region\u00e1lne m\u00fazeum so s\u00eddlom v Budat\u00edne. Jeho expoz\u00edcie s\u00fa zameran\u00e9 na dejiny slovensk\u00e9ho umenia, kult\u00fary a dopravy.\",\"publisher\":{\"@id\":\"https:\\\/\\\/pmza.sk\\\/#organization\"},\"potentialAction\":[{\"@type\":\"SearchAction\",\"target\":{\"@type\":\"EntryPoint\",\"urlTemplate\":\"https:\\\/\\\/pmza.sk\\\/?s={search_term_string}\"},\"query-input\":{\"@type\":\"PropertyValueSpecification\",\"valueRequired\":true,\"valueName\":\"search_term_string\"}}],\"inLanguage\":\"sk-SK\"},{\"@type\":\"Organization\",\"@id\":\"https:\\\/\\\/pmza.sk\\\/#organization\",\"name\":\"Pova\u017esk\u00e9 m\u00fazeum\",\"url\":\"https:\\\/\\\/pmza.sk\\\/\",\"logo\":{\"@type\":\"ImageObject\",\"inLanguage\":\"sk-SK\",\"@id\":\"https:\\\/\\\/pmza.sk\\\/#\\\/schema\\\/logo\\\/image\\\/\",\"url\":\"https:\\\/\\\/pmza.sk\\\/wp-content\\\/uploads\\\/2022\\\/01\\\/logo_PM_horizontal.jpg\",\"contentUrl\":\"https:\\\/\\\/pmza.sk\\\/wp-content\\\/uploads\\\/2022\\\/01\\\/logo_PM_horizontal.jpg\",\"width\":231,\"height\":142,\"caption\":\"Pova\u017esk\u00e9 m\u00fazeum\"},\"image\":{\"@id\":\"https:\\\/\\\/pmza.sk\\\/#\\\/schema\\\/logo\\\/image\\\/\"},\"sameAs\":[\"https:\\\/\\\/www.facebook.com\\\/povazskemuzeum\",\"https:\\\/\\\/www.instagram.com\\\/povazskemuzeum\\\/\"]},{\"@type\":\"Person\",\"@id\":\"https:\\\/\\\/pmza.sk\\\/#\\\/schema\\\/person\\\/595e6a2ce731ea94dcd5d7f50a41ae33\",\"name\":\"Pova\u017esk\u00e9 m\u00fazeum\",\"image\":{\"@type\":\"ImageObject\",\"inLanguage\":\"sk-SK\",\"@id\":\"https:\\\/\\\/secure.gravatar.com\\\/avatar\\\/2bb7f1561282132fb5826dfeccc66c7996d11ee392ac6aaf7ced8a1c2027fbb2?s=96&d=mm&r=g\",\"url\":\"https:\\\/\\\/secure.gravatar.com\\\/avatar\\\/2bb7f1561282132fb5826dfeccc66c7996d11ee392ac6aaf7ced8a1c2027fbb2?s=96&d=mm&r=g\",\"contentUrl\":\"https:\\\/\\\/secure.gravatar.com\\\/avatar\\\/2bb7f1561282132fb5826dfeccc66c7996d11ee392ac6aaf7ced8a1c2027fbb2?s=96&d=mm&r=g\",\"caption\":\"Pova\u017esk\u00e9 m\u00fazeum\"}}]}<\/script>\n<!-- \/ Yoast SEO plugin. -->","yoast_head_json":{"title":"Strieborn\u00e9 roky Marty Filovej - Pova\u017esk\u00e9 m\u00fazeum","robots":{"index":"index","follow":"follow","max-snippet":"max-snippet:-1","max-image-preview":"max-image-preview:large","max-video-preview":"max-video-preview:-1"},"canonical":"https:\/\/pmza.sk\/?p=71338","og_locale":"sk_SK","og_type":"article","og_title":"Strieborn\u00e9 roky Marty Filovej - Pova\u017esk\u00e9 m\u00fazeum","og_description":"V\u00a0r\u00e1mci prebiehaj\u00faceho Roku drot\u00e1rstva, ktor\u00fd pripom\u00edna 35 rokov \u00fasilia in\u0161tit\u00facie\u00a0 o\u00a0revitaliz\u00e1ciu drot\u00e1rstva na Slovensku, pripravilo Pova\u017esk\u00e9 m\u00fazeum reprezentat\u00edvnu retrospekt\u00edvnu v\u00fdstavu \u0161perk\u00e1rky Marty Filovej. Predstavuje prierez tromi desiatkami tvoriv\u00fdch rokov autorky a kon\u00e1 sa pri pr\u00edle\u017eitosti jej v\u00fdznamn\u00e9ho \u017eivotn\u00e9ho jubilea. Rod\u00e1\u010dka z\u00a0Mal\u017een\u00edc (okr. Trnava) \u017eije a\u00a0tvor\u00ed v\u00a0Rosine, ne\u010faleko \u017diliny. Prostredie, v\u00a0ktorom vyrastala, bolo bohat\u00e9 na folkl\u00f3rne [&hellip;]","og_url":"https:\/\/pmza.sk\/?p=71338","og_site_name":"Pova\u017esk\u00e9 m\u00fazeum","article_publisher":"https:\/\/www.facebook.com\/povazskemuzeum","article_published_time":"2025-08-07T09:01:10+00:00","article_modified_time":"2025-11-03T05:58:50+00:00","og_image":[{"width":2560,"height":2560,"url":"https:\/\/pmza.sk\/wp-content\/uploads\/2025\/08\/Strieborne_roky_web2-scaled.jpg","type":"image\/jpeg"}],"author":"Pova\u017esk\u00e9 m\u00fazeum","twitter_card":"summary_large_image","twitter_misc":{"Autor":"Pova\u017esk\u00e9 m\u00fazeum","Predpokladan\u00fd \u010das \u010d\u00edtania":"3 min\u00faty"},"schema":{"@context":"https:\/\/schema.org","@graph":[{"@type":"Article","@id":"https:\/\/pmza.sk\/?p=71338#article","isPartOf":{"@id":"https:\/\/pmza.sk\/?p=71338"},"author":{"name":"Pova\u017esk\u00e9 m\u00fazeum","@id":"https:\/\/pmza.sk\/#\/schema\/person\/595e6a2ce731ea94dcd5d7f50a41ae33"},"headline":"Strieborn\u00e9 roky Marty Filovej","datePublished":"2025-08-07T09:01:10+00:00","dateModified":"2025-11-03T05:58:50+00:00","mainEntityOfPage":{"@id":"https:\/\/pmza.sk\/?p=71338"},"wordCount":640,"publisher":{"@id":"https:\/\/pmza.sk\/#organization"},"image":{"@id":"https:\/\/pmza.sk\/?p=71338#primaryimage"},"thumbnailUrl":"https:\/\/pmza.sk\/wp-content\/uploads\/2025\/08\/Strieborne_roky_web2-scaled.jpg","articleSection":["V\u00fdstavy"],"inLanguage":"sk-SK"},{"@type":"WebPage","@id":"https:\/\/pmza.sk\/?p=71338","url":"https:\/\/pmza.sk\/?p=71338","name":"Strieborn\u00e9 roky Marty Filovej - Pova\u017esk\u00e9 m\u00fazeum","isPartOf":{"@id":"https:\/\/pmza.sk\/#website"},"primaryImageOfPage":{"@id":"https:\/\/pmza.sk\/?p=71338#primaryimage"},"image":{"@id":"https:\/\/pmza.sk\/?p=71338#primaryimage"},"thumbnailUrl":"https:\/\/pmza.sk\/wp-content\/uploads\/2025\/08\/Strieborne_roky_web2-scaled.jpg","datePublished":"2025-08-07T09:01:10+00:00","dateModified":"2025-11-03T05:58:50+00:00","breadcrumb":{"@id":"https:\/\/pmza.sk\/?p=71338#breadcrumb"},"inLanguage":"sk-SK","potentialAction":[{"@type":"ReadAction","target":["https:\/\/pmza.sk\/?p=71338"]}]},{"@type":"ImageObject","inLanguage":"sk-SK","@id":"https:\/\/pmza.sk\/?p=71338#primaryimage","url":"https:\/\/pmza.sk\/wp-content\/uploads\/2025\/08\/Strieborne_roky_web2-scaled.jpg","contentUrl":"https:\/\/pmza.sk\/wp-content\/uploads\/2025\/08\/Strieborne_roky_web2-scaled.jpg","width":2560,"height":2560},{"@type":"BreadcrumbList","@id":"https:\/\/pmza.sk\/?p=71338#breadcrumb","itemListElement":[{"@type":"ListItem","position":1,"name":"Domovsk\u00e1 str\u00e1nka","item":"https:\/\/pmza.sk\/"},{"@type":"ListItem","position":2,"name":"Strieborn\u00e9 roky Marty Filovej"}]},{"@type":"WebSite","@id":"https:\/\/pmza.sk\/#website","url":"https:\/\/pmza.sk\/","name":"Pova\u017esk\u00e9 m\u00fazeum","description":"Pova\u017esk\u00e9 m\u00fazeum v \u017diline je region\u00e1lne m\u00fazeum so s\u00eddlom v Budat\u00edne. Jeho expoz\u00edcie s\u00fa zameran\u00e9 na dejiny slovensk\u00e9ho umenia, kult\u00fary a dopravy.","publisher":{"@id":"https:\/\/pmza.sk\/#organization"},"potentialAction":[{"@type":"SearchAction","target":{"@type":"EntryPoint","urlTemplate":"https:\/\/pmza.sk\/?s={search_term_string}"},"query-input":{"@type":"PropertyValueSpecification","valueRequired":true,"valueName":"search_term_string"}}],"inLanguage":"sk-SK"},{"@type":"Organization","@id":"https:\/\/pmza.sk\/#organization","name":"Pova\u017esk\u00e9 m\u00fazeum","url":"https:\/\/pmza.sk\/","logo":{"@type":"ImageObject","inLanguage":"sk-SK","@id":"https:\/\/pmza.sk\/#\/schema\/logo\/image\/","url":"https:\/\/pmza.sk\/wp-content\/uploads\/2022\/01\/logo_PM_horizontal.jpg","contentUrl":"https:\/\/pmza.sk\/wp-content\/uploads\/2022\/01\/logo_PM_horizontal.jpg","width":231,"height":142,"caption":"Pova\u017esk\u00e9 m\u00fazeum"},"image":{"@id":"https:\/\/pmza.sk\/#\/schema\/logo\/image\/"},"sameAs":["https:\/\/www.facebook.com\/povazskemuzeum","https:\/\/www.instagram.com\/povazskemuzeum\/"]},{"@type":"Person","@id":"https:\/\/pmza.sk\/#\/schema\/person\/595e6a2ce731ea94dcd5d7f50a41ae33","name":"Pova\u017esk\u00e9 m\u00fazeum","image":{"@type":"ImageObject","inLanguage":"sk-SK","@id":"https:\/\/secure.gravatar.com\/avatar\/2bb7f1561282132fb5826dfeccc66c7996d11ee392ac6aaf7ced8a1c2027fbb2?s=96&d=mm&r=g","url":"https:\/\/secure.gravatar.com\/avatar\/2bb7f1561282132fb5826dfeccc66c7996d11ee392ac6aaf7ced8a1c2027fbb2?s=96&d=mm&r=g","contentUrl":"https:\/\/secure.gravatar.com\/avatar\/2bb7f1561282132fb5826dfeccc66c7996d11ee392ac6aaf7ced8a1c2027fbb2?s=96&d=mm&r=g","caption":"Pova\u017esk\u00e9 m\u00fazeum"}}]}},"_links":{"self":[{"href":"https:\/\/pmza.sk\/index.php?rest_route=\/wp\/v2\/posts\/71338","targetHints":{"allow":["GET"]}}],"collection":[{"href":"https:\/\/pmza.sk\/index.php?rest_route=\/wp\/v2\/posts"}],"about":[{"href":"https:\/\/pmza.sk\/index.php?rest_route=\/wp\/v2\/types\/post"}],"author":[{"embeddable":true,"href":"https:\/\/pmza.sk\/index.php?rest_route=\/wp\/v2\/users\/2"}],"replies":[{"embeddable":true,"href":"https:\/\/pmza.sk\/index.php?rest_route=%2Fwp%2Fv2%2Fcomments&post=71338"}],"version-history":[{"count":0,"href":"https:\/\/pmza.sk\/index.php?rest_route=\/wp\/v2\/posts\/71338\/revisions"}],"wp:featuredmedia":[{"embeddable":true,"href":"https:\/\/pmza.sk\/index.php?rest_route=\/wp\/v2\/media\/71339"}],"wp:attachment":[{"href":"https:\/\/pmza.sk\/index.php?rest_route=%2Fwp%2Fv2%2Fmedia&parent=71338"}],"wp:term":[{"taxonomy":"category","embeddable":true,"href":"https:\/\/pmza.sk\/index.php?rest_route=%2Fwp%2Fv2%2Fcategories&post=71338"},{"taxonomy":"post_tag","embeddable":true,"href":"https:\/\/pmza.sk\/index.php?rest_route=%2Fwp%2Fv2%2Ftags&post=71338"}],"curies":[{"name":"wp","href":"https:\/\/api.w.org\/{rel}","templated":true}]}}