{"id":71408,"date":"2025-08-12T08:53:02","date_gmt":"2025-08-12T06:53:02","guid":{"rendered":"https:\/\/pmza.sk\/?p=71408"},"modified":"2025-09-03T09:40:00","modified_gmt":"2025-09-03T07:40:00","slug":"stan-sa-navstevnikom-1-500-000","status":"publish","type":"post","link":"https:\/\/pmza.sk\/?p=71408","title":{"rendered":"Sta\u0148 sa n\u00e1v\u0161tevn\u00edkom 1 500 000!"},"content":{"rendered":"<p>Na hrade Stre\u010dno sa po\u010das augusta bl\u00ed\u017eime k\u00a0rekordu a\u00a0o\u010dak\u00e1vame n\u00e1v\u0161tevn\u00edka \u010d\u00edslo 1\u00a0500\u00a0000. Stane sa tak pr\u00e1ve v\u00a0roku, ke\u010f si pripom\u00edname 30 rokov od spr\u00edstupnenia hradu verejnosti.<\/p>\n<p>Hrad z prelomu 13. a 14. storo\u010dia vznikol p\u00f4vodne ako str\u00e1\u017eny objekt pri ceste do Turca, kde sa vyberalo m\u00fdto. Postupne sa stal najlep\u0161ie opevnen\u00fdm hradom na hornom Pova\u017e\u00ed. V roku 1970 ho vyhl\u00e1sili za n\u00e1rodn\u00fa kult\u00farnu pamiatku. Pre verejnos\u0165 bol spr\u00edstupnen\u00fd 12. j\u00fala 1995 po dlhotrvaj\u00facich rekon\u0161truk\u010dn\u00fdch pr\u00e1cach.<\/p>\n<p><em>\u201ePrv\u00fa sez\u00f3nu bol z\u00e1ujem o\u00a0n\u00e1v\u0161tevu hradu obrovsk\u00fd. Po\u010das j\u00fala a\u017e septembra k\u00a0n\u00e1m pri\u0161lo viac ako 43\u00a0000 \u013eud\u00ed, v\u00a0auguste to bolo neuverite\u013en\u00fdch 22\u00a0382 n\u00e1v\u0161tevn\u00edkov,\u201c <\/em>pribli\u017euje Katar\u00edna Rep\u00e1\u0148ov\u00e1, ktor\u00e1 je spr\u00e1vky\u0148ou hradu Stre\u010dno od jeho otvorenia. Hrad Stre\u010dno bol medzi prv\u00fdmi hradmi na Slovensku, ktor\u00e9 organizovali \u0161peci\u00e1lne tematick\u00e9 podujatia. <em>\u201e\u013dudia boli ve\u013emi v\u010fa\u010dn\u00ed za ka\u017ed\u00e9 vyst\u00fapenie, \u00fa\u010dinkuj\u00facim odpustili aj drobn\u00e9 chybi\u010dky,\u201c<\/em> dod\u00e1va K. Rep\u00e1\u0148ov\u00e1. Hrad patr\u00ed dodnes k\u00a0ob\u013e\u00faben\u00fdm cie\u013eom turistov nielen zo Slovenska. N\u00e1v\u0161tevnos\u0165 sa dlhodobo dr\u017e\u00ed na \u010d\u00edsle okolo 50\u00a0000 za sez\u00f3nu. Doteraz najviac n\u00e1v\u0161tevn\u00edkov pri\u0161lo v\u00a0roku 2009, a\u00a0to a\u017e 62\u00a0492. Menej ich bolo po\u010das pand\u00e9mie koronav\u00edrusu a\u00a0v\u00a0obdob\u00ed opr\u00e1v cesty okolo hradu.<\/p>\n<p>\u00dadiv nad tak\u00fdm vysok\u00fdm \u010d\u00edslom vyjadril aj riadite\u013e Pova\u017esk\u00e9ho m\u00fazea Michal Jureck\u00fd: <em>\u201eToto \u010d\u00edslo ma ve\u013emi milo prekvapilo a\u00a0je skvel\u00e9, \u017ee ho vedieme. N\u00e1v\u0161tevnos\u0165 tak nie je len \u00fadaj do \u0161tatistiky, ale uvid\u00edme za n\u00edm konkr\u00e9tneho \u010dloveka, ktor\u00e9mu m\u00f4\u017eeme urobi\u0165 rados\u0165. Z\u00e1rove\u0148 je to pre n\u00e1s pr\u00edle\u017eitos\u0165 zhodnoti\u0165 doteraj\u0161iu \u010dinnos\u0165 hradu Stre\u010dno a\u00a0v\u00fdzva robi\u0165 na\u010falej na\u0161u pr\u00e1cu tak, aby mal ka\u017ed\u00fd n\u00e1v\u0161tevn\u00edk pocit, \u017ee je v\u00fdnimo\u010dn\u00fd ,\u201c<\/em> doplnil riadite\u013e Pova\u017esk\u00e9ho m\u00fazea Michal Jureck\u00fd.<\/p>\n<p>Na n\u00e1v\u0161tevn\u00edka s\u00a0\u010d\u00edslom 1\u00a0500\u00a0000 \u010dak\u00e1 pri vstupe do hradu prekvapenie. Ak t\u00fa\u017eite za\u017ei\u0165 v\u00fdnimo\u010dn\u00fa prehliadku, napl\u00e1nujte si n\u00e1v\u0161tevu hradu e\u0161te do konca letn\u00fdch pr\u00e1zdnin.<\/p>\n<figure id=\"attachment_71411\" aria-describedby=\"caption-attachment-71411\" style=\"width: 344px\" class=\"wp-caption alignnone\"><img fetchpriority=\"high\" decoding=\"async\" class=\"wpa-warning wpa-image-missing-alt size-medium wp-image-71411\" src=\"https:\/\/pmza.sk\/wp-content\/uploads\/2025\/08\/prvi-navstevnici-hradu-Strecno-2-344x360.jpg\" alt=\"\" width=\"344\" height=\"360\" data-warning=\"Missing alt text\" srcset=\"https:\/\/pmza.sk\/wp-content\/uploads\/2025\/08\/prvi-navstevnici-hradu-Strecno-2-344x360.jpg 344w, https:\/\/pmza.sk\/wp-content\/uploads\/2025\/08\/prvi-navstevnici-hradu-Strecno-2-703x736.jpg 703w, https:\/\/pmza.sk\/wp-content\/uploads\/2025\/08\/prvi-navstevnici-hradu-Strecno-2-600x629.jpg 600w, https:\/\/pmza.sk\/wp-content\/uploads\/2025\/08\/prvi-navstevnici-hradu-Strecno-2.jpg 714w\" sizes=\"(max-width: 344px) 100vw, 344px\" \/><figcaption id=\"caption-attachment-71411\" class=\"wp-caption-text\">Prv\u00ed n\u00e1v\u0161tevn\u00edci hradu Stre\u010dno<\/figcaption><\/figure>\n","protected":false},"excerpt":{"rendered":"<p>Na hrade Stre\u010dno sa po\u010das augusta bl\u00ed\u017eime k\u00a0rekordu a\u00a0o\u010dak\u00e1vame n\u00e1v\u0161tevn\u00edka \u010d\u00edslo 1\u00a0500\u00a0000. Stane sa tak pr\u00e1ve v\u00a0roku, ke\u010f si pripom\u00edname 30 rokov od spr\u00edstupnenia hradu verejnosti. Hrad z prelomu 13. a 14. storo\u010dia vznikol p\u00f4vodne ako str\u00e1\u017eny objekt pri ceste do Turca, kde sa vyberalo m\u00fdto. Postupne sa stal najlep\u0161ie opevnen\u00fdm hradom na hornom Pova\u017e\u00ed. [&hellip;]<\/p>\n","protected":false},"author":2,"featured_media":71409,"comment_status":"closed","ping_status":"closed","sticky":false,"template":"","format":"standard","meta":{"site-sidebar-layout":"default","site-content-layout":"","ast-site-content-layout":"default","site-content-style":"default","site-sidebar-style":"default","ast-global-header-display":"","ast-banner-title-visibility":"","ast-main-header-display":"","ast-hfb-above-header-display":"","ast-hfb-below-header-display":"","ast-hfb-mobile-header-display":"","site-post-title":"","ast-breadcrumbs-content":"","ast-featured-img":"","footer-sml-layout":"","theme-transparent-header-meta":"default","adv-header-id-meta":"","stick-header-meta":"default","header-above-stick-meta":"","header-main-stick-meta":"","header-below-stick-meta":"","astra-migrate-meta-layouts":"set","ast-page-background-enabled":"default","ast-page-background-meta":{"desktop":{"background-color":"var(--ast-global-color-4)","background-image":"","background-repeat":"repeat","background-position":"center center","background-size":"auto","background-attachment":"scroll","background-type":"","background-media":"","overlay-type":"","overlay-color":"","overlay-opacity":"","overlay-gradient":""},"tablet":{"background-color":"","background-image":"","background-repeat":"repeat","background-position":"center center","background-size":"auto","background-attachment":"scroll","background-type":"","background-media":"","overlay-type":"","overlay-color":"","overlay-opacity":"","overlay-gradient":""},"mobile":{"background-color":"","background-image":"","background-repeat":"repeat","background-position":"center center","background-size":"auto","background-attachment":"scroll","background-type":"","background-media":"","overlay-type":"","overlay-color":"","overlay-opacity":"","overlay-gradient":""}},"ast-content-background-meta":{"desktop":{"background-color":"var(--ast-global-color-5)","background-image":"","background-repeat":"repeat","background-position":"center center","background-size":"auto","background-attachment":"scroll","background-type":"","background-media":"","overlay-type":"","overlay-color":"","overlay-opacity":"","overlay-gradient":""},"tablet":{"background-color":"var(--ast-global-color-5)","background-image":"","background-repeat":"repeat","background-position":"center center","background-size":"auto","background-attachment":"scroll","background-type":"","background-media":"","overlay-type":"","overlay-color":"","overlay-opacity":"","overlay-gradient":""},"mobile":{"background-color":"var(--ast-global-color-5)","background-image":"","background-repeat":"repeat","background-position":"center center","background-size":"auto","background-attachment":"scroll","background-type":"","background-media":"","overlay-type":"","overlay-color":"","overlay-opacity":"","overlay-gradient":""}},"footnotes":""},"categories":[31],"tags":[],"class_list":["post-71408","post","type-post","status-publish","format-standard","has-post-thumbnail","hentry","category-aktuality"],"yoast_head":"<!-- This site is optimized with the Yoast SEO plugin v27.4 - https:\/\/yoast.com\/product\/yoast-seo-wordpress\/ -->\n<title>Sta\u0148 sa n\u00e1v\u0161tevn\u00edkom 1 500 000! - Pova\u017esk\u00e9 m\u00fazeum<\/title>\n<meta name=\"robots\" content=\"index, follow, max-snippet:-1, max-image-preview:large, max-video-preview:-1\" \/>\n<link rel=\"canonical\" href=\"https:\/\/pmza.sk\/?p=71408\" \/>\n<meta property=\"og:locale\" content=\"sk_SK\" \/>\n<meta property=\"og:type\" content=\"article\" \/>\n<meta property=\"og:title\" content=\"Sta\u0148 sa n\u00e1v\u0161tevn\u00edkom 1 500 000! - Pova\u017esk\u00e9 m\u00fazeum\" \/>\n<meta property=\"og:description\" content=\"Na hrade Stre\u010dno sa po\u010das augusta bl\u00ed\u017eime k\u00a0rekordu a\u00a0o\u010dak\u00e1vame n\u00e1v\u0161tevn\u00edka \u010d\u00edslo 1\u00a0500\u00a0000. Stane sa tak pr\u00e1ve v\u00a0roku, ke\u010f si pripom\u00edname 30 rokov od spr\u00edstupnenia hradu verejnosti. Hrad z prelomu 13. a 14. storo\u010dia vznikol p\u00f4vodne ako str\u00e1\u017eny objekt pri ceste do Turca, kde sa vyberalo m\u00fdto. Postupne sa stal najlep\u0161ie opevnen\u00fdm hradom na hornom Pova\u017e\u00ed. [&hellip;]\" \/>\n<meta property=\"og:url\" content=\"https:\/\/pmza.sk\/?p=71408\" \/>\n<meta property=\"og:site_name\" content=\"Pova\u017esk\u00e9 m\u00fazeum\" \/>\n<meta property=\"article:publisher\" content=\"https:\/\/www.facebook.com\/povazskemuzeum\" \/>\n<meta property=\"article:published_time\" content=\"2025-08-12T06:53:02+00:00\" \/>\n<meta property=\"article:modified_time\" content=\"2025-09-03T07:40:00+00:00\" \/>\n<meta property=\"og:image\" content=\"https:\/\/pmza.sk\/wp-content\/uploads\/2025\/08\/DSC_9380.jpg\" \/>\n\t<meta property=\"og:image:width\" content=\"1300\" \/>\n\t<meta property=\"og:image:height\" content=\"867\" \/>\n\t<meta property=\"og:image:type\" content=\"image\/jpeg\" \/>\n<meta name=\"author\" content=\"Pova\u017esk\u00e9 m\u00fazeum\" \/>\n<meta name=\"twitter:card\" content=\"summary_large_image\" \/>\n<meta name=\"twitter:label1\" content=\"Autor\" \/>\n\t<meta name=\"twitter:data1\" content=\"Pova\u017esk\u00e9 m\u00fazeum\" \/>\n\t<meta name=\"twitter:label2\" content=\"Predpokladan\u00fd \u010das \u010d\u00edtania\" \/>\n\t<meta name=\"twitter:data2\" content=\"2 min\u00faty\" \/>\n<script type=\"application\/ld+json\" class=\"yoast-schema-graph\">{\"@context\":\"https:\\\/\\\/schema.org\",\"@graph\":[{\"@type\":\"Article\",\"@id\":\"https:\\\/\\\/pmza.sk\\\/?p=71408#article\",\"isPartOf\":{\"@id\":\"https:\\\/\\\/pmza.sk\\\/?p=71408\"},\"author\":{\"name\":\"Pova\u017esk\u00e9 m\u00fazeum\",\"@id\":\"https:\\\/\\\/pmza.sk\\\/#\\\/schema\\\/person\\\/595e6a2ce731ea94dcd5d7f50a41ae33\"},\"headline\":\"Sta\u0148 sa n\u00e1v\u0161tevn\u00edkom 1 500 000!\",\"datePublished\":\"2025-08-12T06:53:02+00:00\",\"dateModified\":\"2025-09-03T07:40:00+00:00\",\"mainEntityOfPage\":{\"@id\":\"https:\\\/\\\/pmza.sk\\\/?p=71408\"},\"wordCount\":411,\"publisher\":{\"@id\":\"https:\\\/\\\/pmza.sk\\\/#organization\"},\"image\":{\"@id\":\"https:\\\/\\\/pmza.sk\\\/?p=71408#primaryimage\"},\"thumbnailUrl\":\"https:\\\/\\\/pmza.sk\\\/wp-content\\\/uploads\\\/2025\\\/08\\\/DSC_9380.jpg\",\"articleSection\":[\"Aktuality\"],\"inLanguage\":\"sk-SK\"},{\"@type\":\"WebPage\",\"@id\":\"https:\\\/\\\/pmza.sk\\\/?p=71408\",\"url\":\"https:\\\/\\\/pmza.sk\\\/?p=71408\",\"name\":\"Sta\u0148 sa n\u00e1v\u0161tevn\u00edkom 1 500 000! - Pova\u017esk\u00e9 m\u00fazeum\",\"isPartOf\":{\"@id\":\"https:\\\/\\\/pmza.sk\\\/#website\"},\"primaryImageOfPage\":{\"@id\":\"https:\\\/\\\/pmza.sk\\\/?p=71408#primaryimage\"},\"image\":{\"@id\":\"https:\\\/\\\/pmza.sk\\\/?p=71408#primaryimage\"},\"thumbnailUrl\":\"https:\\\/\\\/pmza.sk\\\/wp-content\\\/uploads\\\/2025\\\/08\\\/DSC_9380.jpg\",\"datePublished\":\"2025-08-12T06:53:02+00:00\",\"dateModified\":\"2025-09-03T07:40:00+00:00\",\"breadcrumb\":{\"@id\":\"https:\\\/\\\/pmza.sk\\\/?p=71408#breadcrumb\"},\"inLanguage\":\"sk-SK\",\"potentialAction\":[{\"@type\":\"ReadAction\",\"target\":[\"https:\\\/\\\/pmza.sk\\\/?p=71408\"]}]},{\"@type\":\"ImageObject\",\"inLanguage\":\"sk-SK\",\"@id\":\"https:\\\/\\\/pmza.sk\\\/?p=71408#primaryimage\",\"url\":\"https:\\\/\\\/pmza.sk\\\/wp-content\\\/uploads\\\/2025\\\/08\\\/DSC_9380.jpg\",\"contentUrl\":\"https:\\\/\\\/pmza.sk\\\/wp-content\\\/uploads\\\/2025\\\/08\\\/DSC_9380.jpg\",\"width\":1300,\"height\":867},{\"@type\":\"BreadcrumbList\",\"@id\":\"https:\\\/\\\/pmza.sk\\\/?p=71408#breadcrumb\",\"itemListElement\":[{\"@type\":\"ListItem\",\"position\":1,\"name\":\"Domovsk\u00e1 str\u00e1nka\",\"item\":\"https:\\\/\\\/pmza.sk\\\/\"},{\"@type\":\"ListItem\",\"position\":2,\"name\":\"Sta\u0148 sa n\u00e1v\u0161tevn\u00edkom 1 500 000!\"}]},{\"@type\":\"WebSite\",\"@id\":\"https:\\\/\\\/pmza.sk\\\/#website\",\"url\":\"https:\\\/\\\/pmza.sk\\\/\",\"name\":\"Pova\u017esk\u00e9 m\u00fazeum\",\"description\":\"Pova\u017esk\u00e9 m\u00fazeum v \u017diline je region\u00e1lne m\u00fazeum so s\u00eddlom v Budat\u00edne. Jeho expoz\u00edcie s\u00fa zameran\u00e9 na dejiny slovensk\u00e9ho umenia, kult\u00fary a dopravy.\",\"publisher\":{\"@id\":\"https:\\\/\\\/pmza.sk\\\/#organization\"},\"potentialAction\":[{\"@type\":\"SearchAction\",\"target\":{\"@type\":\"EntryPoint\",\"urlTemplate\":\"https:\\\/\\\/pmza.sk\\\/?s={search_term_string}\"},\"query-input\":{\"@type\":\"PropertyValueSpecification\",\"valueRequired\":true,\"valueName\":\"search_term_string\"}}],\"inLanguage\":\"sk-SK\"},{\"@type\":\"Organization\",\"@id\":\"https:\\\/\\\/pmza.sk\\\/#organization\",\"name\":\"Pova\u017esk\u00e9 m\u00fazeum\",\"url\":\"https:\\\/\\\/pmza.sk\\\/\",\"logo\":{\"@type\":\"ImageObject\",\"inLanguage\":\"sk-SK\",\"@id\":\"https:\\\/\\\/pmza.sk\\\/#\\\/schema\\\/logo\\\/image\\\/\",\"url\":\"https:\\\/\\\/pmza.sk\\\/wp-content\\\/uploads\\\/2022\\\/01\\\/logo_PM_horizontal.jpg\",\"contentUrl\":\"https:\\\/\\\/pmza.sk\\\/wp-content\\\/uploads\\\/2022\\\/01\\\/logo_PM_horizontal.jpg\",\"width\":231,\"height\":142,\"caption\":\"Pova\u017esk\u00e9 m\u00fazeum\"},\"image\":{\"@id\":\"https:\\\/\\\/pmza.sk\\\/#\\\/schema\\\/logo\\\/image\\\/\"},\"sameAs\":[\"https:\\\/\\\/www.facebook.com\\\/povazskemuzeum\",\"https:\\\/\\\/www.instagram.com\\\/povazskemuzeum\\\/\"]},{\"@type\":\"Person\",\"@id\":\"https:\\\/\\\/pmza.sk\\\/#\\\/schema\\\/person\\\/595e6a2ce731ea94dcd5d7f50a41ae33\",\"name\":\"Pova\u017esk\u00e9 m\u00fazeum\",\"image\":{\"@type\":\"ImageObject\",\"inLanguage\":\"sk-SK\",\"@id\":\"https:\\\/\\\/secure.gravatar.com\\\/avatar\\\/2bb7f1561282132fb5826dfeccc66c7996d11ee392ac6aaf7ced8a1c2027fbb2?s=96&d=mm&r=g\",\"url\":\"https:\\\/\\\/secure.gravatar.com\\\/avatar\\\/2bb7f1561282132fb5826dfeccc66c7996d11ee392ac6aaf7ced8a1c2027fbb2?s=96&d=mm&r=g\",\"contentUrl\":\"https:\\\/\\\/secure.gravatar.com\\\/avatar\\\/2bb7f1561282132fb5826dfeccc66c7996d11ee392ac6aaf7ced8a1c2027fbb2?s=96&d=mm&r=g\",\"caption\":\"Pova\u017esk\u00e9 m\u00fazeum\"}}]}<\/script>\n<!-- \/ Yoast SEO plugin. -->","yoast_head_json":{"title":"Sta\u0148 sa n\u00e1v\u0161tevn\u00edkom 1 500 000! - Pova\u017esk\u00e9 m\u00fazeum","robots":{"index":"index","follow":"follow","max-snippet":"max-snippet:-1","max-image-preview":"max-image-preview:large","max-video-preview":"max-video-preview:-1"},"canonical":"https:\/\/pmza.sk\/?p=71408","og_locale":"sk_SK","og_type":"article","og_title":"Sta\u0148 sa n\u00e1v\u0161tevn\u00edkom 1 500 000! - Pova\u017esk\u00e9 m\u00fazeum","og_description":"Na hrade Stre\u010dno sa po\u010das augusta bl\u00ed\u017eime k\u00a0rekordu a\u00a0o\u010dak\u00e1vame n\u00e1v\u0161tevn\u00edka \u010d\u00edslo 1\u00a0500\u00a0000. Stane sa tak pr\u00e1ve v\u00a0roku, ke\u010f si pripom\u00edname 30 rokov od spr\u00edstupnenia hradu verejnosti. Hrad z prelomu 13. a 14. storo\u010dia vznikol p\u00f4vodne ako str\u00e1\u017eny objekt pri ceste do Turca, kde sa vyberalo m\u00fdto. Postupne sa stal najlep\u0161ie opevnen\u00fdm hradom na hornom Pova\u017e\u00ed. [&hellip;]","og_url":"https:\/\/pmza.sk\/?p=71408","og_site_name":"Pova\u017esk\u00e9 m\u00fazeum","article_publisher":"https:\/\/www.facebook.com\/povazskemuzeum","article_published_time":"2025-08-12T06:53:02+00:00","article_modified_time":"2025-09-03T07:40:00+00:00","og_image":[{"width":1300,"height":867,"url":"https:\/\/pmza.sk\/wp-content\/uploads\/2025\/08\/DSC_9380.jpg","type":"image\/jpeg"}],"author":"Pova\u017esk\u00e9 m\u00fazeum","twitter_card":"summary_large_image","twitter_misc":{"Autor":"Pova\u017esk\u00e9 m\u00fazeum","Predpokladan\u00fd \u010das \u010d\u00edtania":"2 min\u00faty"},"schema":{"@context":"https:\/\/schema.org","@graph":[{"@type":"Article","@id":"https:\/\/pmza.sk\/?p=71408#article","isPartOf":{"@id":"https:\/\/pmza.sk\/?p=71408"},"author":{"name":"Pova\u017esk\u00e9 m\u00fazeum","@id":"https:\/\/pmza.sk\/#\/schema\/person\/595e6a2ce731ea94dcd5d7f50a41ae33"},"headline":"Sta\u0148 sa n\u00e1v\u0161tevn\u00edkom 1 500 000!","datePublished":"2025-08-12T06:53:02+00:00","dateModified":"2025-09-03T07:40:00+00:00","mainEntityOfPage":{"@id":"https:\/\/pmza.sk\/?p=71408"},"wordCount":411,"publisher":{"@id":"https:\/\/pmza.sk\/#organization"},"image":{"@id":"https:\/\/pmza.sk\/?p=71408#primaryimage"},"thumbnailUrl":"https:\/\/pmza.sk\/wp-content\/uploads\/2025\/08\/DSC_9380.jpg","articleSection":["Aktuality"],"inLanguage":"sk-SK"},{"@type":"WebPage","@id":"https:\/\/pmza.sk\/?p=71408","url":"https:\/\/pmza.sk\/?p=71408","name":"Sta\u0148 sa n\u00e1v\u0161tevn\u00edkom 1 500 000! - Pova\u017esk\u00e9 m\u00fazeum","isPartOf":{"@id":"https:\/\/pmza.sk\/#website"},"primaryImageOfPage":{"@id":"https:\/\/pmza.sk\/?p=71408#primaryimage"},"image":{"@id":"https:\/\/pmza.sk\/?p=71408#primaryimage"},"thumbnailUrl":"https:\/\/pmza.sk\/wp-content\/uploads\/2025\/08\/DSC_9380.jpg","datePublished":"2025-08-12T06:53:02+00:00","dateModified":"2025-09-03T07:40:00+00:00","breadcrumb":{"@id":"https:\/\/pmza.sk\/?p=71408#breadcrumb"},"inLanguage":"sk-SK","potentialAction":[{"@type":"ReadAction","target":["https:\/\/pmza.sk\/?p=71408"]}]},{"@type":"ImageObject","inLanguage":"sk-SK","@id":"https:\/\/pmza.sk\/?p=71408#primaryimage","url":"https:\/\/pmza.sk\/wp-content\/uploads\/2025\/08\/DSC_9380.jpg","contentUrl":"https:\/\/pmza.sk\/wp-content\/uploads\/2025\/08\/DSC_9380.jpg","width":1300,"height":867},{"@type":"BreadcrumbList","@id":"https:\/\/pmza.sk\/?p=71408#breadcrumb","itemListElement":[{"@type":"ListItem","position":1,"name":"Domovsk\u00e1 str\u00e1nka","item":"https:\/\/pmza.sk\/"},{"@type":"ListItem","position":2,"name":"Sta\u0148 sa n\u00e1v\u0161tevn\u00edkom 1 500 000!"}]},{"@type":"WebSite","@id":"https:\/\/pmza.sk\/#website","url":"https:\/\/pmza.sk\/","name":"Pova\u017esk\u00e9 m\u00fazeum","description":"Pova\u017esk\u00e9 m\u00fazeum v \u017diline je region\u00e1lne m\u00fazeum so s\u00eddlom v Budat\u00edne. Jeho expoz\u00edcie s\u00fa zameran\u00e9 na dejiny slovensk\u00e9ho umenia, kult\u00fary a dopravy.","publisher":{"@id":"https:\/\/pmza.sk\/#organization"},"potentialAction":[{"@type":"SearchAction","target":{"@type":"EntryPoint","urlTemplate":"https:\/\/pmza.sk\/?s={search_term_string}"},"query-input":{"@type":"PropertyValueSpecification","valueRequired":true,"valueName":"search_term_string"}}],"inLanguage":"sk-SK"},{"@type":"Organization","@id":"https:\/\/pmza.sk\/#organization","name":"Pova\u017esk\u00e9 m\u00fazeum","url":"https:\/\/pmza.sk\/","logo":{"@type":"ImageObject","inLanguage":"sk-SK","@id":"https:\/\/pmza.sk\/#\/schema\/logo\/image\/","url":"https:\/\/pmza.sk\/wp-content\/uploads\/2022\/01\/logo_PM_horizontal.jpg","contentUrl":"https:\/\/pmza.sk\/wp-content\/uploads\/2022\/01\/logo_PM_horizontal.jpg","width":231,"height":142,"caption":"Pova\u017esk\u00e9 m\u00fazeum"},"image":{"@id":"https:\/\/pmza.sk\/#\/schema\/logo\/image\/"},"sameAs":["https:\/\/www.facebook.com\/povazskemuzeum","https:\/\/www.instagram.com\/povazskemuzeum\/"]},{"@type":"Person","@id":"https:\/\/pmza.sk\/#\/schema\/person\/595e6a2ce731ea94dcd5d7f50a41ae33","name":"Pova\u017esk\u00e9 m\u00fazeum","image":{"@type":"ImageObject","inLanguage":"sk-SK","@id":"https:\/\/secure.gravatar.com\/avatar\/2bb7f1561282132fb5826dfeccc66c7996d11ee392ac6aaf7ced8a1c2027fbb2?s=96&d=mm&r=g","url":"https:\/\/secure.gravatar.com\/avatar\/2bb7f1561282132fb5826dfeccc66c7996d11ee392ac6aaf7ced8a1c2027fbb2?s=96&d=mm&r=g","contentUrl":"https:\/\/secure.gravatar.com\/avatar\/2bb7f1561282132fb5826dfeccc66c7996d11ee392ac6aaf7ced8a1c2027fbb2?s=96&d=mm&r=g","caption":"Pova\u017esk\u00e9 m\u00fazeum"}}]}},"_links":{"self":[{"href":"https:\/\/pmza.sk\/index.php?rest_route=\/wp\/v2\/posts\/71408","targetHints":{"allow":["GET"]}}],"collection":[{"href":"https:\/\/pmza.sk\/index.php?rest_route=\/wp\/v2\/posts"}],"about":[{"href":"https:\/\/pmza.sk\/index.php?rest_route=\/wp\/v2\/types\/post"}],"author":[{"embeddable":true,"href":"https:\/\/pmza.sk\/index.php?rest_route=\/wp\/v2\/users\/2"}],"replies":[{"embeddable":true,"href":"https:\/\/pmza.sk\/index.php?rest_route=%2Fwp%2Fv2%2Fcomments&post=71408"}],"version-history":[{"count":0,"href":"https:\/\/pmza.sk\/index.php?rest_route=\/wp\/v2\/posts\/71408\/revisions"}],"wp:featuredmedia":[{"embeddable":true,"href":"https:\/\/pmza.sk\/index.php?rest_route=\/wp\/v2\/media\/71409"}],"wp:attachment":[{"href":"https:\/\/pmza.sk\/index.php?rest_route=%2Fwp%2Fv2%2Fmedia&parent=71408"}],"wp:term":[{"taxonomy":"category","embeddable":true,"href":"https:\/\/pmza.sk\/index.php?rest_route=%2Fwp%2Fv2%2Fcategories&post=71408"},{"taxonomy":"post_tag","embeddable":true,"href":"https:\/\/pmza.sk\/index.php?rest_route=%2Fwp%2Fv2%2Ftags&post=71408"}],"curies":[{"name":"wp","href":"https:\/\/api.w.org\/{rel}","templated":true}]}}