{"id":72321,"date":"2025-09-26T07:02:08","date_gmt":"2025-09-26T05:02:08","guid":{"rendered":"https:\/\/pmza.sk\/?p=72321"},"modified":"2025-11-20T09:53:25","modified_gmt":"2025-11-20T08:53:25","slug":"masky-mexika","status":"publish","type":"post","link":"https:\/\/pmza.sk\/?p=72321","title":{"rendered":"Masky Mexika"},"content":{"rendered":"<p>Severn\u00fd pal\u00e1c hradu Stre\u010dno o\u017eije od\u00a0okt\u00f3bra origin\u00e1lnou v\u00fdstavou Masky Mexika, v\u00a0ktorej sa stretn\u00fa trad\u00edcie Latinskej Ameriky.<\/p>\n<p>Organiz\u00e1torkou tejto jedine\u010dnej v\u00fdstavy je Sveteln\u00fd ateli\u00e9r Sonie Siblik. Jeho majite\u013eka poch\u00e1dza z\u00a0Mexika a\u00a0hoci umenie bolo neoddelite\u013enou s\u00fa\u010das\u0165ou jej \u017eivota od mali\u010dka, zaujalo ju \u0161t\u00fadium pedagogiky a\u00a0lie\u010debnej v\u00fdchovy. Ako lektorka a\u00a0terapeutka potom roky p\u00f4sobila v\u00a0Mexiku aj Eur\u00f3pe. V\u00a0umeleckej sf\u00e9re ju ve\u013emi ovplyvnil otec, no zmena v\u00a0jej kari\u00e9re pri\u0161la so zmenou bydliska. Pri rekon\u0161trukcii rodinn\u00e9ho podniku vo Viedni, vznikla my\u0161lienka vyu\u017ei\u0165 miestnosti ako galerijn\u00e9 priestory a pon\u00faknu\u0165 umelcom platformu na prezent\u00e1ciu svojich diel. Odvtedy sa z\u00a0nej stala kur\u00e1torka, venuje sa organizovaniu v\u00fdstav a\u00a0r\u00f4znym umeleck\u00fdm projektom.<\/p>\n<p>V\u00fdstava Masky Mexika pribli\u017euje obdobie latinskoamerick\u00e9ho baroka, ktor\u00fd je prezentovan\u00fd ako obdobie kult\u00farneho synkretizmu, kde sa prel\u00ednali eur\u00f3pske, indi\u00e1nske a\u00a0africk\u00e9 vplyvy. <em>\u201eT\u00e1to zmes kult\u00far sa prejavila nielen v\u00a0architekt\u00fare a\u00a0umen\u00ed, ale aj v\u00a0sl\u00e1vnostn\u00fdch prejavoch. Masky, v\u00a0ktor\u00fdch sa kombinuj\u00fa \u0161t\u00fdly r\u00f4znych kult\u00far sa zmenili na symboly a\u00a0jednotliv\u00e9 predmety. Okrem funkcie sl\u00e1vnostn\u00fdch ozd\u00f4b, mali aj hlbok\u00fd duchovn\u00fd v\u00fdznam. V\u00a0mnoh\u00fdch indi\u00e1nskych a\u00a0africk\u00fdch kult\u00farach boli masky pova\u017eovan\u00e9 za nosite\u013eky duchovn\u00fdch s\u00edl, schopn\u00e9 reprezentova\u0165 bo\u017estv\u00e1, duchov predkov, alebo m\u00fdtick\u00e9 postavy. Pri za\u010dlenen\u00ed do barokov\u00fdch n\u00e1bo\u017eensk\u00fdch cerem\u00f3ni\u00ed prid\u00e1vali masky \u010fal\u0161ie vrstvy, obohacuj\u00face duchovn\u00fd z\u00e1\u017eitok sl\u00e1vnost\u00ed,\u201c<\/em> vysvetlila Sonia Siblik.<\/p>\n<p>Charakter v\u00fdstavy s\u00favis\u00ed s\u00a0 okt\u00f3brovou no\u010dnou prehliadkou. <em>\u201eKe\u010f som videla v\u00fdstavu Sonie Siblik v\u00a0Bratislave, napadlo mi, \u017ee by sa n\u00e1m v\u00fdborne hodila do konceptu prehliadky D\u00eda de los Muertos, ktor\u00e1 je oslavou sviatku m\u0155tvych v\u00a0Mexiku. Autorku som oslovila prostredn\u00edctvom ved\u00facej tane\u010dnej skupiny Magisterial, ktor\u00e1 bude tie\u017e s\u00fa\u010das\u0165ou no\u010dnej prehliadky a\u00a0v\u0161etko do seba zapadlo,\u201c<\/em> pribl\u00ed\u017eila spr\u00e1vky\u0148a hradu Stre\u010dno Katar\u00edna Rep\u00e1\u0148ov\u00e1.<\/p>\n<p>Sl\u00e1vnostn\u00e9 otvorenie v\u00fdstavy Masky Mexika sa bude kona\u0165 v stredu 1. okt\u00f3bra o 16.00 na hrade Stre\u010dno. V\u00fdstava bude pr\u00edstupn\u00e1 v r\u00e1mci prehliadky hradu do 28. novembra 2025.<\/p>\n<div class=\"wp-block-image\"><img fetchpriority=\"high\" decoding=\"async\" class=\"wpa-warning wpa-image-missing-alt alignnone size-medium wp-image-72322\" src=\"https:\/\/pmza.sk\/wp-content\/uploads\/2025\/09\/Masky_Mexika_K2-255x360.jpg\" alt=\"\" width=\"255\" height=\"360\" data-warning=\"Missing alt text\" srcset=\"https:\/\/pmza.sk\/wp-content\/uploads\/2025\/09\/Masky_Mexika_K2-255x360.jpg 255w, https:\/\/pmza.sk\/wp-content\/uploads\/2025\/09\/Masky_Mexika_K2-520x736.jpg 520w, https:\/\/pmza.sk\/wp-content\/uploads\/2025\/09\/Masky_Mexika_K2-768x1086.jpg 768w, https:\/\/pmza.sk\/wp-content\/uploads\/2025\/09\/Masky_Mexika_K2-1086x1536.jpg 1086w, https:\/\/pmza.sk\/wp-content\/uploads\/2025\/09\/Masky_Mexika_K2-1448x2048.jpg 1448w, https:\/\/pmza.sk\/wp-content\/uploads\/2025\/09\/Masky_Mexika_K2-600x849.jpg 600w, https:\/\/pmza.sk\/wp-content\/uploads\/2025\/09\/Masky_Mexika_K2-scaled.jpg 1810w\" sizes=\"(max-width: 255px) 100vw, 255px\" \/><\/div>\n<div>Plag\u00e1t v plnej ve\u013ekosti <a href=\"https:\/\/pmza.sk\/wp-content\/uploads\/2025\/09\/Masky_Mexika_K2.pdf\">TU<\/a><\/div>\n","protected":false},"excerpt":{"rendered":"<p>Severn\u00fd pal\u00e1c hradu Stre\u010dno o\u017eije od\u00a0okt\u00f3bra origin\u00e1lnou v\u00fdstavou Masky Mexika, v\u00a0ktorej sa stretn\u00fa trad\u00edcie Latinskej Ameriky. Organiz\u00e1torkou tejto jedine\u010dnej v\u00fdstavy je Sveteln\u00fd ateli\u00e9r Sonie Siblik. Jeho majite\u013eka poch\u00e1dza z\u00a0Mexika a\u00a0hoci umenie bolo neoddelite\u013enou s\u00fa\u010das\u0165ou jej \u017eivota od mali\u010dka, zaujalo ju \u0161t\u00fadium pedagogiky a\u00a0lie\u010debnej v\u00fdchovy. Ako lektorka a\u00a0terapeutka potom roky p\u00f4sobila v\u00a0Mexiku aj Eur\u00f3pe. V\u00a0umeleckej sf\u00e9re [&hellip;]<\/p>\n","protected":false},"author":2,"featured_media":73274,"comment_status":"closed","ping_status":"closed","sticky":false,"template":"","format":"standard","meta":{"site-sidebar-layout":"default","site-content-layout":"","ast-site-content-layout":"default","site-content-style":"default","site-sidebar-style":"default","ast-global-header-display":"","ast-banner-title-visibility":"","ast-main-header-display":"","ast-hfb-above-header-display":"","ast-hfb-below-header-display":"","ast-hfb-mobile-header-display":"","site-post-title":"","ast-breadcrumbs-content":"","ast-featured-img":"","footer-sml-layout":"","theme-transparent-header-meta":"default","adv-header-id-meta":"","stick-header-meta":"default","header-above-stick-meta":"","header-main-stick-meta":"","header-below-stick-meta":"","astra-migrate-meta-layouts":"set","ast-page-background-enabled":"default","ast-page-background-meta":{"desktop":{"background-color":"var(--ast-global-color-4)","background-image":"","background-repeat":"repeat","background-position":"center center","background-size":"auto","background-attachment":"scroll","background-type":"","background-media":"","overlay-type":"","overlay-color":"","overlay-opacity":"","overlay-gradient":""},"tablet":{"background-color":"","background-image":"","background-repeat":"repeat","background-position":"center center","background-size":"auto","background-attachment":"scroll","background-type":"","background-media":"","overlay-type":"","overlay-color":"","overlay-opacity":"","overlay-gradient":""},"mobile":{"background-color":"","background-image":"","background-repeat":"repeat","background-position":"center center","background-size":"auto","background-attachment":"scroll","background-type":"","background-media":"","overlay-type":"","overlay-color":"","overlay-opacity":"","overlay-gradient":""}},"ast-content-background-meta":{"desktop":{"background-color":"var(--ast-global-color-5)","background-image":"","background-repeat":"repeat","background-position":"center center","background-size":"auto","background-attachment":"scroll","background-type":"","background-media":"","overlay-type":"","overlay-color":"","overlay-opacity":"","overlay-gradient":""},"tablet":{"background-color":"var(--ast-global-color-5)","background-image":"","background-repeat":"repeat","background-position":"center center","background-size":"auto","background-attachment":"scroll","background-type":"","background-media":"","overlay-type":"","overlay-color":"","overlay-opacity":"","overlay-gradient":""},"mobile":{"background-color":"var(--ast-global-color-5)","background-image":"","background-repeat":"repeat","background-position":"center center","background-size":"auto","background-attachment":"scroll","background-type":"","background-media":"","overlay-type":"","overlay-color":"","overlay-opacity":"","overlay-gradient":""}},"footnotes":""},"categories":[72],"tags":[],"class_list":["post-72321","post","type-post","status-publish","format-standard","has-post-thumbnail","hentry","category-vystavy"],"yoast_head":"<!-- This site is optimized with the Yoast SEO plugin v27.4 - https:\/\/yoast.com\/product\/yoast-seo-wordpress\/ -->\n<title>Masky Mexika - Pova\u017esk\u00e9 m\u00fazeum<\/title>\n<meta name=\"robots\" content=\"index, follow, max-snippet:-1, max-image-preview:large, max-video-preview:-1\" \/>\n<link rel=\"canonical\" href=\"https:\/\/pmza.sk\/?p=72321\" \/>\n<meta property=\"og:locale\" content=\"sk_SK\" \/>\n<meta property=\"og:type\" content=\"article\" \/>\n<meta property=\"og:title\" content=\"Masky Mexika - Pova\u017esk\u00e9 m\u00fazeum\" \/>\n<meta property=\"og:description\" content=\"Severn\u00fd pal\u00e1c hradu Stre\u010dno o\u017eije od\u00a0okt\u00f3bra origin\u00e1lnou v\u00fdstavou Masky Mexika, v\u00a0ktorej sa stretn\u00fa trad\u00edcie Latinskej Ameriky. Organiz\u00e1torkou tejto jedine\u010dnej v\u00fdstavy je Sveteln\u00fd ateli\u00e9r Sonie Siblik. Jeho majite\u013eka poch\u00e1dza z\u00a0Mexika a\u00a0hoci umenie bolo neoddelite\u013enou s\u00fa\u010das\u0165ou jej \u017eivota od mali\u010dka, zaujalo ju \u0161t\u00fadium pedagogiky a\u00a0lie\u010debnej v\u00fdchovy. Ako lektorka a\u00a0terapeutka potom roky p\u00f4sobila v\u00a0Mexiku aj Eur\u00f3pe. V\u00a0umeleckej sf\u00e9re [&hellip;]\" \/>\n<meta property=\"og:url\" content=\"https:\/\/pmza.sk\/?p=72321\" \/>\n<meta property=\"og:site_name\" content=\"Pova\u017esk\u00e9 m\u00fazeum\" \/>\n<meta property=\"article:publisher\" content=\"https:\/\/www.facebook.com\/povazskemuzeum\" \/>\n<meta property=\"article:published_time\" content=\"2025-09-26T05:02:08+00:00\" \/>\n<meta property=\"article:modified_time\" content=\"2025-11-20T08:53:25+00:00\" \/>\n<meta property=\"og:image\" content=\"https:\/\/pmza.sk\/wp-content\/uploads\/2025\/09\/Masky_Mexika_web2-scaled.jpg\" \/>\n\t<meta property=\"og:image:width\" content=\"2560\" \/>\n\t<meta property=\"og:image:height\" content=\"2560\" \/>\n\t<meta property=\"og:image:type\" content=\"image\/jpeg\" \/>\n<meta name=\"author\" content=\"Pova\u017esk\u00e9 m\u00fazeum\" \/>\n<meta name=\"twitter:card\" content=\"summary_large_image\" \/>\n<meta name=\"twitter:label1\" content=\"Autor\" \/>\n\t<meta name=\"twitter:data1\" content=\"Pova\u017esk\u00e9 m\u00fazeum\" \/>\n\t<meta name=\"twitter:label2\" content=\"Predpokladan\u00fd \u010das \u010d\u00edtania\" \/>\n\t<meta name=\"twitter:data2\" content=\"2 min\u00faty\" \/>\n<script type=\"application\/ld+json\" class=\"yoast-schema-graph\">{\"@context\":\"https:\\\/\\\/schema.org\",\"@graph\":[{\"@type\":\"Article\",\"@id\":\"https:\\\/\\\/pmza.sk\\\/?p=72321#article\",\"isPartOf\":{\"@id\":\"https:\\\/\\\/pmza.sk\\\/?p=72321\"},\"author\":{\"name\":\"Pova\u017esk\u00e9 m\u00fazeum\",\"@id\":\"https:\\\/\\\/pmza.sk\\\/#\\\/schema\\\/person\\\/595e6a2ce731ea94dcd5d7f50a41ae33\"},\"headline\":\"Masky Mexika\",\"datePublished\":\"2025-09-26T05:02:08+00:00\",\"dateModified\":\"2025-11-20T08:53:25+00:00\",\"mainEntityOfPage\":{\"@id\":\"https:\\\/\\\/pmza.sk\\\/?p=72321\"},\"wordCount\":411,\"publisher\":{\"@id\":\"https:\\\/\\\/pmza.sk\\\/#organization\"},\"image\":{\"@id\":\"https:\\\/\\\/pmza.sk\\\/?p=72321#primaryimage\"},\"thumbnailUrl\":\"https:\\\/\\\/pmza.sk\\\/wp-content\\\/uploads\\\/2025\\\/09\\\/Masky_Mexika_web2-scaled.jpg\",\"articleSection\":[\"V\u00fdstavy\"],\"inLanguage\":\"sk-SK\"},{\"@type\":\"WebPage\",\"@id\":\"https:\\\/\\\/pmza.sk\\\/?p=72321\",\"url\":\"https:\\\/\\\/pmza.sk\\\/?p=72321\",\"name\":\"Masky Mexika - Pova\u017esk\u00e9 m\u00fazeum\",\"isPartOf\":{\"@id\":\"https:\\\/\\\/pmza.sk\\\/#website\"},\"primaryImageOfPage\":{\"@id\":\"https:\\\/\\\/pmza.sk\\\/?p=72321#primaryimage\"},\"image\":{\"@id\":\"https:\\\/\\\/pmza.sk\\\/?p=72321#primaryimage\"},\"thumbnailUrl\":\"https:\\\/\\\/pmza.sk\\\/wp-content\\\/uploads\\\/2025\\\/09\\\/Masky_Mexika_web2-scaled.jpg\",\"datePublished\":\"2025-09-26T05:02:08+00:00\",\"dateModified\":\"2025-11-20T08:53:25+00:00\",\"breadcrumb\":{\"@id\":\"https:\\\/\\\/pmza.sk\\\/?p=72321#breadcrumb\"},\"inLanguage\":\"sk-SK\",\"potentialAction\":[{\"@type\":\"ReadAction\",\"target\":[\"https:\\\/\\\/pmza.sk\\\/?p=72321\"]}]},{\"@type\":\"ImageObject\",\"inLanguage\":\"sk-SK\",\"@id\":\"https:\\\/\\\/pmza.sk\\\/?p=72321#primaryimage\",\"url\":\"https:\\\/\\\/pmza.sk\\\/wp-content\\\/uploads\\\/2025\\\/09\\\/Masky_Mexika_web2-scaled.jpg\",\"contentUrl\":\"https:\\\/\\\/pmza.sk\\\/wp-content\\\/uploads\\\/2025\\\/09\\\/Masky_Mexika_web2-scaled.jpg\",\"width\":2560,\"height\":2560},{\"@type\":\"BreadcrumbList\",\"@id\":\"https:\\\/\\\/pmza.sk\\\/?p=72321#breadcrumb\",\"itemListElement\":[{\"@type\":\"ListItem\",\"position\":1,\"name\":\"Domovsk\u00e1 str\u00e1nka\",\"item\":\"https:\\\/\\\/pmza.sk\\\/\"},{\"@type\":\"ListItem\",\"position\":2,\"name\":\"Masky Mexika\"}]},{\"@type\":\"WebSite\",\"@id\":\"https:\\\/\\\/pmza.sk\\\/#website\",\"url\":\"https:\\\/\\\/pmza.sk\\\/\",\"name\":\"Pova\u017esk\u00e9 m\u00fazeum\",\"description\":\"Pova\u017esk\u00e9 m\u00fazeum v \u017diline je region\u00e1lne m\u00fazeum so s\u00eddlom v Budat\u00edne. Jeho expoz\u00edcie s\u00fa zameran\u00e9 na dejiny slovensk\u00e9ho umenia, kult\u00fary a dopravy.\",\"publisher\":{\"@id\":\"https:\\\/\\\/pmza.sk\\\/#organization\"},\"potentialAction\":[{\"@type\":\"SearchAction\",\"target\":{\"@type\":\"EntryPoint\",\"urlTemplate\":\"https:\\\/\\\/pmza.sk\\\/?s={search_term_string}\"},\"query-input\":{\"@type\":\"PropertyValueSpecification\",\"valueRequired\":true,\"valueName\":\"search_term_string\"}}],\"inLanguage\":\"sk-SK\"},{\"@type\":\"Organization\",\"@id\":\"https:\\\/\\\/pmza.sk\\\/#organization\",\"name\":\"Pova\u017esk\u00e9 m\u00fazeum\",\"url\":\"https:\\\/\\\/pmza.sk\\\/\",\"logo\":{\"@type\":\"ImageObject\",\"inLanguage\":\"sk-SK\",\"@id\":\"https:\\\/\\\/pmza.sk\\\/#\\\/schema\\\/logo\\\/image\\\/\",\"url\":\"https:\\\/\\\/pmza.sk\\\/wp-content\\\/uploads\\\/2022\\\/01\\\/logo_PM_horizontal.jpg\",\"contentUrl\":\"https:\\\/\\\/pmza.sk\\\/wp-content\\\/uploads\\\/2022\\\/01\\\/logo_PM_horizontal.jpg\",\"width\":231,\"height\":142,\"caption\":\"Pova\u017esk\u00e9 m\u00fazeum\"},\"image\":{\"@id\":\"https:\\\/\\\/pmza.sk\\\/#\\\/schema\\\/logo\\\/image\\\/\"},\"sameAs\":[\"https:\\\/\\\/www.facebook.com\\\/povazskemuzeum\",\"https:\\\/\\\/www.instagram.com\\\/povazskemuzeum\\\/\"]},{\"@type\":\"Person\",\"@id\":\"https:\\\/\\\/pmza.sk\\\/#\\\/schema\\\/person\\\/595e6a2ce731ea94dcd5d7f50a41ae33\",\"name\":\"Pova\u017esk\u00e9 m\u00fazeum\",\"image\":{\"@type\":\"ImageObject\",\"inLanguage\":\"sk-SK\",\"@id\":\"https:\\\/\\\/secure.gravatar.com\\\/avatar\\\/2bb7f1561282132fb5826dfeccc66c7996d11ee392ac6aaf7ced8a1c2027fbb2?s=96&d=mm&r=g\",\"url\":\"https:\\\/\\\/secure.gravatar.com\\\/avatar\\\/2bb7f1561282132fb5826dfeccc66c7996d11ee392ac6aaf7ced8a1c2027fbb2?s=96&d=mm&r=g\",\"contentUrl\":\"https:\\\/\\\/secure.gravatar.com\\\/avatar\\\/2bb7f1561282132fb5826dfeccc66c7996d11ee392ac6aaf7ced8a1c2027fbb2?s=96&d=mm&r=g\",\"caption\":\"Pova\u017esk\u00e9 m\u00fazeum\"}}]}<\/script>\n<!-- \/ Yoast SEO plugin. -->","yoast_head_json":{"title":"Masky Mexika - Pova\u017esk\u00e9 m\u00fazeum","robots":{"index":"index","follow":"follow","max-snippet":"max-snippet:-1","max-image-preview":"max-image-preview:large","max-video-preview":"max-video-preview:-1"},"canonical":"https:\/\/pmza.sk\/?p=72321","og_locale":"sk_SK","og_type":"article","og_title":"Masky Mexika - Pova\u017esk\u00e9 m\u00fazeum","og_description":"Severn\u00fd pal\u00e1c hradu Stre\u010dno o\u017eije od\u00a0okt\u00f3bra origin\u00e1lnou v\u00fdstavou Masky Mexika, v\u00a0ktorej sa stretn\u00fa trad\u00edcie Latinskej Ameriky. Organiz\u00e1torkou tejto jedine\u010dnej v\u00fdstavy je Sveteln\u00fd ateli\u00e9r Sonie Siblik. Jeho majite\u013eka poch\u00e1dza z\u00a0Mexika a\u00a0hoci umenie bolo neoddelite\u013enou s\u00fa\u010das\u0165ou jej \u017eivota od mali\u010dka, zaujalo ju \u0161t\u00fadium pedagogiky a\u00a0lie\u010debnej v\u00fdchovy. Ako lektorka a\u00a0terapeutka potom roky p\u00f4sobila v\u00a0Mexiku aj Eur\u00f3pe. V\u00a0umeleckej sf\u00e9re [&hellip;]","og_url":"https:\/\/pmza.sk\/?p=72321","og_site_name":"Pova\u017esk\u00e9 m\u00fazeum","article_publisher":"https:\/\/www.facebook.com\/povazskemuzeum","article_published_time":"2025-09-26T05:02:08+00:00","article_modified_time":"2025-11-20T08:53:25+00:00","og_image":[{"width":2560,"height":2560,"url":"https:\/\/pmza.sk\/wp-content\/uploads\/2025\/09\/Masky_Mexika_web2-scaled.jpg","type":"image\/jpeg"}],"author":"Pova\u017esk\u00e9 m\u00fazeum","twitter_card":"summary_large_image","twitter_misc":{"Autor":"Pova\u017esk\u00e9 m\u00fazeum","Predpokladan\u00fd \u010das \u010d\u00edtania":"2 min\u00faty"},"schema":{"@context":"https:\/\/schema.org","@graph":[{"@type":"Article","@id":"https:\/\/pmza.sk\/?p=72321#article","isPartOf":{"@id":"https:\/\/pmza.sk\/?p=72321"},"author":{"name":"Pova\u017esk\u00e9 m\u00fazeum","@id":"https:\/\/pmza.sk\/#\/schema\/person\/595e6a2ce731ea94dcd5d7f50a41ae33"},"headline":"Masky Mexika","datePublished":"2025-09-26T05:02:08+00:00","dateModified":"2025-11-20T08:53:25+00:00","mainEntityOfPage":{"@id":"https:\/\/pmza.sk\/?p=72321"},"wordCount":411,"publisher":{"@id":"https:\/\/pmza.sk\/#organization"},"image":{"@id":"https:\/\/pmza.sk\/?p=72321#primaryimage"},"thumbnailUrl":"https:\/\/pmza.sk\/wp-content\/uploads\/2025\/09\/Masky_Mexika_web2-scaled.jpg","articleSection":["V\u00fdstavy"],"inLanguage":"sk-SK"},{"@type":"WebPage","@id":"https:\/\/pmza.sk\/?p=72321","url":"https:\/\/pmza.sk\/?p=72321","name":"Masky Mexika - Pova\u017esk\u00e9 m\u00fazeum","isPartOf":{"@id":"https:\/\/pmza.sk\/#website"},"primaryImageOfPage":{"@id":"https:\/\/pmza.sk\/?p=72321#primaryimage"},"image":{"@id":"https:\/\/pmza.sk\/?p=72321#primaryimage"},"thumbnailUrl":"https:\/\/pmza.sk\/wp-content\/uploads\/2025\/09\/Masky_Mexika_web2-scaled.jpg","datePublished":"2025-09-26T05:02:08+00:00","dateModified":"2025-11-20T08:53:25+00:00","breadcrumb":{"@id":"https:\/\/pmza.sk\/?p=72321#breadcrumb"},"inLanguage":"sk-SK","potentialAction":[{"@type":"ReadAction","target":["https:\/\/pmza.sk\/?p=72321"]}]},{"@type":"ImageObject","inLanguage":"sk-SK","@id":"https:\/\/pmza.sk\/?p=72321#primaryimage","url":"https:\/\/pmza.sk\/wp-content\/uploads\/2025\/09\/Masky_Mexika_web2-scaled.jpg","contentUrl":"https:\/\/pmza.sk\/wp-content\/uploads\/2025\/09\/Masky_Mexika_web2-scaled.jpg","width":2560,"height":2560},{"@type":"BreadcrumbList","@id":"https:\/\/pmza.sk\/?p=72321#breadcrumb","itemListElement":[{"@type":"ListItem","position":1,"name":"Domovsk\u00e1 str\u00e1nka","item":"https:\/\/pmza.sk\/"},{"@type":"ListItem","position":2,"name":"Masky Mexika"}]},{"@type":"WebSite","@id":"https:\/\/pmza.sk\/#website","url":"https:\/\/pmza.sk\/","name":"Pova\u017esk\u00e9 m\u00fazeum","description":"Pova\u017esk\u00e9 m\u00fazeum v \u017diline je region\u00e1lne m\u00fazeum so s\u00eddlom v Budat\u00edne. Jeho expoz\u00edcie s\u00fa zameran\u00e9 na dejiny slovensk\u00e9ho umenia, kult\u00fary a dopravy.","publisher":{"@id":"https:\/\/pmza.sk\/#organization"},"potentialAction":[{"@type":"SearchAction","target":{"@type":"EntryPoint","urlTemplate":"https:\/\/pmza.sk\/?s={search_term_string}"},"query-input":{"@type":"PropertyValueSpecification","valueRequired":true,"valueName":"search_term_string"}}],"inLanguage":"sk-SK"},{"@type":"Organization","@id":"https:\/\/pmza.sk\/#organization","name":"Pova\u017esk\u00e9 m\u00fazeum","url":"https:\/\/pmza.sk\/","logo":{"@type":"ImageObject","inLanguage":"sk-SK","@id":"https:\/\/pmza.sk\/#\/schema\/logo\/image\/","url":"https:\/\/pmza.sk\/wp-content\/uploads\/2022\/01\/logo_PM_horizontal.jpg","contentUrl":"https:\/\/pmza.sk\/wp-content\/uploads\/2022\/01\/logo_PM_horizontal.jpg","width":231,"height":142,"caption":"Pova\u017esk\u00e9 m\u00fazeum"},"image":{"@id":"https:\/\/pmza.sk\/#\/schema\/logo\/image\/"},"sameAs":["https:\/\/www.facebook.com\/povazskemuzeum","https:\/\/www.instagram.com\/povazskemuzeum\/"]},{"@type":"Person","@id":"https:\/\/pmza.sk\/#\/schema\/person\/595e6a2ce731ea94dcd5d7f50a41ae33","name":"Pova\u017esk\u00e9 m\u00fazeum","image":{"@type":"ImageObject","inLanguage":"sk-SK","@id":"https:\/\/secure.gravatar.com\/avatar\/2bb7f1561282132fb5826dfeccc66c7996d11ee392ac6aaf7ced8a1c2027fbb2?s=96&d=mm&r=g","url":"https:\/\/secure.gravatar.com\/avatar\/2bb7f1561282132fb5826dfeccc66c7996d11ee392ac6aaf7ced8a1c2027fbb2?s=96&d=mm&r=g","contentUrl":"https:\/\/secure.gravatar.com\/avatar\/2bb7f1561282132fb5826dfeccc66c7996d11ee392ac6aaf7ced8a1c2027fbb2?s=96&d=mm&r=g","caption":"Pova\u017esk\u00e9 m\u00fazeum"}}]}},"_links":{"self":[{"href":"https:\/\/pmza.sk\/index.php?rest_route=\/wp\/v2\/posts\/72321","targetHints":{"allow":["GET"]}}],"collection":[{"href":"https:\/\/pmza.sk\/index.php?rest_route=\/wp\/v2\/posts"}],"about":[{"href":"https:\/\/pmza.sk\/index.php?rest_route=\/wp\/v2\/types\/post"}],"author":[{"embeddable":true,"href":"https:\/\/pmza.sk\/index.php?rest_route=\/wp\/v2\/users\/2"}],"replies":[{"embeddable":true,"href":"https:\/\/pmza.sk\/index.php?rest_route=%2Fwp%2Fv2%2Fcomments&post=72321"}],"version-history":[{"count":0,"href":"https:\/\/pmza.sk\/index.php?rest_route=\/wp\/v2\/posts\/72321\/revisions"}],"wp:featuredmedia":[{"embeddable":true,"href":"https:\/\/pmza.sk\/index.php?rest_route=\/wp\/v2\/media\/73274"}],"wp:attachment":[{"href":"https:\/\/pmza.sk\/index.php?rest_route=%2Fwp%2Fv2%2Fmedia&parent=72321"}],"wp:term":[{"taxonomy":"category","embeddable":true,"href":"https:\/\/pmza.sk\/index.php?rest_route=%2Fwp%2Fv2%2Fcategories&post=72321"},{"taxonomy":"post_tag","embeddable":true,"href":"https:\/\/pmza.sk\/index.php?rest_route=%2Fwp%2Fv2%2Ftags&post=72321"}],"curies":[{"name":"wp","href":"https:\/\/api.w.org\/{rel}","templated":true}]}}