{"id":7245,"date":"2013-04-18T13:21:45","date_gmt":"2013-04-18T11:21:45","guid":{"rendered":"https:\/\/pmza.sk.sk\/?p=7245"},"modified":"2013-04-18T13:21:45","modified_gmt":"2013-04-18T11:21:45","slug":"letnu-sezonu-na-strecne-otvoria-hradni-sluzobnici","status":"publish","type":"post","link":"https:\/\/pmza.sk\/?p=7245","title":{"rendered":"Letn\u00fa sez\u00f3nu na Stre\u010dne otvoria hradn\u00ed slu\u017eobn\u00edci"},"content":{"rendered":"<p><a href=\"https:\/\/pmza.sk\/wp-content\/uploads\/2013\/04\/hrad-Strecno.jpg\"><img fetchpriority=\"high\" decoding=\"async\" class=\"alignleft size-medium wp-image-7246\" style=\"border: 2px solid black; margin: 4px;\" title=\"hrad Stre\u010dno\" src=\"https:\/\/pmza.sk.sk\/wp-content\/uploads\/2013\/04\/hrad-Stre\u010dno-300x200.jpg\" alt=\"\" width=\"300\" height=\"200\" \/><\/a>Na otvoren\u00ed tohtoro\u010dnej letnej sez\u00f3ny hradu Stre\u010dno, ktor\u00e1 sa u\u017e tradi\u010dne uskuto\u010dn\u00ed <strong>1. m\u00e1ja,<\/strong> o\u017eij\u00fa zn\u00e1me osobnosti slovensk\u00fdch dej\u00edn. Zauj\u00edmav\u00e9 fakty z hist\u00f3rie hradu, ale aj o \u017eivote najzn\u00e1mej\u0161ej panovn\u00ed\u010dky \u017dofie Bosniakovej sa n\u00e1v\u0161tevn\u00edci dozvedia prostredn\u00edctvom rozpr\u00e1vania jej slu\u017eobn\u00edctva, ktor\u00e9 bude n\u00e1v\u0161tevn\u00edkov celou prehliadkou sprev\u00e1dza\u0165. <em>\u201eCestou po hradn\u00fdch chodb\u00e1ch a miestnostiach natraf\u00edte aj na postavi\u010dky kedysi ob\u00fdvaj\u00face tieto m\u00fary. Slu\u017eobn\u00edctvo sv\u00e4tice zo Stre\u010dna bude pod\u00e1va\u0165 p\u00fatav\u00fd v\u00fdklad o\u00a0\u017eivote \u013eud\u00ed na hrade so zauj\u00edmav\u00fdmi spestreniami historick\u00fdch faktov,\u201c<\/em> prezradila Michaela Pastorkov\u00e1-Z\u00e1vodn\u00e1 z divadelno-improviza\u010dnej skupiny <em>Kapor na sc\u00e9ne<\/em> zo \u017diliny. <!--more-->Vyvrcholen\u00edm programu na hlavnom n\u00e1dvor\u00ed bude \u00faryvok \u201ezaru\u010dene\u201c pravdivej legendy o najsl\u00e1vnej\u0161om slovenskom zbojn\u00edkovi. <em>\u201eN\u00e1v\u0161tevn\u00edci sa m\u00f4\u017eu te\u0161i\u0165 tie\u017e na sokoliarov sv. Bavona z\u00a0Banskej \u0160tiavnice, ktor\u00ed predstavia prastar\u00e9 umenie lovu s\u00a0drav\u00fdmi vt\u00e1kmi a\u00a0nebud\u00fa ch\u00fdba\u0165 ani martinsk\u00ed delostrelci pod veden\u00edm kapr\u00e1la \u010cara,\u201c<\/em> predstavila \u010das\u0165 programu spr\u00e1vky\u0148a hradu Stre\u010dno, Katar\u00edna Rep\u00e1\u0148ov\u00e1. Ako \u010falej dodala, pre host\u00ed je u\u017e od 17. apr\u00edla pripraven\u00e1 tie\u017e nov\u00e1 v\u00fdstava dermoplastick\u00fdch prepar\u00e1tov drav\u00fdch vt\u00e1kov severoz\u00e1padn\u00e9ho Slovenska pod n\u00e1zvom Vl\u00e1dcovia v\u00fd\u0161in, ktor\u00e1 bude n\u00e1v\u0161tevn\u00edkom spr\u00edstupnen\u00e1 a\u017e do 26. 6. 2013. <em>\u201eKa\u017ed\u00fd rok sa sna\u017e\u00edme pripravi\u0165 atrakt\u00edvnu ponuku sprievodn\u00fdch podujat\u00ed a\u00a0program bohat\u00fd najm\u00e4 na eduka\u010dn\u00e9, kult\u00farno-vzdel\u00e1vacie a\u00a0umeleck\u00e9 \u010dinnosti. Inak tomu nebude ani tento rok,\u201c<\/em> dodal na z\u00e1ver riadite\u013e Pova\u017esk\u00e9ho m\u00fazea v\u00a0\u017diline, Ladislav Cimer\u00e1k.<\/p>\n<p>Organiz\u00e1torom sl\u00e1vnostn\u00e9ho otvorenia hradu Stre\u010dno, ktor\u00e9 sa uskuto\u010dn\u00ed d\u0148a <strong>1. m\u00e1ja od 9.00 hod. s\u00a0posledn\u00fdm vstupom o\u00a017.00 hod.<\/strong> je<strong> <\/strong>Pova\u017esk\u00e9 m\u00fazeum v\u00a0\u017diline v\u00a0zria\u010fovate\u013eskej p\u00f4sobnosti \u017dilinsk\u00e9ho samospr\u00e1vneho kraja.<\/p>\n","protected":false},"excerpt":{"rendered":"<p>Na otvoren\u00ed tohtoro\u010dnej letnej sez\u00f3ny hradu Stre\u010dno, ktor\u00e1 sa u\u017e tradi\u010dne uskuto\u010dn\u00ed 1. m\u00e1ja, o\u017eij\u00fa zn\u00e1me osobnosti slovensk\u00fdch dej\u00edn. Zauj\u00edmav\u00e9 fakty z hist\u00f3rie hradu, ale aj o \u017eivote najzn\u00e1mej\u0161ej panovn\u00ed\u010dky \u017dofie Bosniakovej sa n\u00e1v\u0161tevn\u00edci dozvedia prostredn\u00edctvom rozpr\u00e1vania jej slu\u017eobn\u00edctva, ktor\u00e9 bude n\u00e1v\u0161tevn\u00edkov celou prehliadkou sprev\u00e1dza\u0165. \u201eCestou po hradn\u00fdch chodb\u00e1ch a miestnostiach natraf\u00edte aj na postavi\u010dky [&hellip;]<\/p>\n","protected":false},"author":2,"featured_media":0,"comment_status":"closed","ping_status":"closed","sticky":false,"template":"","format":"standard","meta":{"site-sidebar-layout":"default","site-content-layout":"","ast-site-content-layout":"","site-content-style":"default","site-sidebar-style":"default","ast-global-header-display":"","ast-banner-title-visibility":"","ast-main-header-display":"","ast-hfb-above-header-display":"","ast-hfb-below-header-display":"","ast-hfb-mobile-header-display":"","site-post-title":"","ast-breadcrumbs-content":"","ast-featured-img":"","footer-sml-layout":"","theme-transparent-header-meta":"","adv-header-id-meta":"","stick-header-meta":"","header-above-stick-meta":"","header-main-stick-meta":"","header-below-stick-meta":"","astra-migrate-meta-layouts":"default","ast-page-background-enabled":"default","ast-page-background-meta":{"desktop":{"background-color":"var(--ast-global-color-4)","background-image":"","background-repeat":"repeat","background-position":"center center","background-size":"auto","background-attachment":"scroll","background-type":"","background-media":"","overlay-type":"","overlay-color":"","overlay-opacity":"","overlay-gradient":""},"tablet":{"background-color":"","background-image":"","background-repeat":"repeat","background-position":"center center","background-size":"auto","background-attachment":"scroll","background-type":"","background-media":"","overlay-type":"","overlay-color":"","overlay-opacity":"","overlay-gradient":""},"mobile":{"background-color":"","background-image":"","background-repeat":"repeat","background-position":"center center","background-size":"auto","background-attachment":"scroll","background-type":"","background-media":"","overlay-type":"","overlay-color":"","overlay-opacity":"","overlay-gradient":""}},"ast-content-background-meta":{"desktop":{"background-color":"var(--ast-global-color-5)","background-image":"","background-repeat":"repeat","background-position":"center center","background-size":"auto","background-attachment":"scroll","background-type":"","background-media":"","overlay-type":"","overlay-color":"","overlay-opacity":"","overlay-gradient":""},"tablet":{"background-color":"var(--ast-global-color-5)","background-image":"","background-repeat":"repeat","background-position":"center center","background-size":"auto","background-attachment":"scroll","background-type":"","background-media":"","overlay-type":"","overlay-color":"","overlay-opacity":"","overlay-gradient":""},"mobile":{"background-color":"var(--ast-global-color-5)","background-image":"","background-repeat":"repeat","background-position":"center center","background-size":"auto","background-attachment":"scroll","background-type":"","background-media":"","overlay-type":"","overlay-color":"","overlay-opacity":"","overlay-gradient":""}},"footnotes":""},"categories":[33],"tags":[],"class_list":["post-7245","post","type-post","status-publish","format-standard","hentry","category-archiv-2013"],"yoast_head":"<!-- This site is optimized with the Yoast SEO plugin v27.4 - https:\/\/yoast.com\/product\/yoast-seo-wordpress\/ -->\n<title>Letn\u00fa sez\u00f3nu na Stre\u010dne otvoria hradn\u00ed slu\u017eobn\u00edci - Pova\u017esk\u00e9 m\u00fazeum<\/title>\n<meta name=\"robots\" content=\"index, follow, max-snippet:-1, max-image-preview:large, max-video-preview:-1\" \/>\n<link rel=\"canonical\" href=\"https:\/\/pmza.sk\/?p=7245\" \/>\n<meta property=\"og:locale\" content=\"sk_SK\" \/>\n<meta property=\"og:type\" content=\"article\" \/>\n<meta property=\"og:title\" content=\"Letn\u00fa sez\u00f3nu na Stre\u010dne otvoria hradn\u00ed slu\u017eobn\u00edci - Pova\u017esk\u00e9 m\u00fazeum\" \/>\n<meta property=\"og:description\" content=\"Na otvoren\u00ed tohtoro\u010dnej letnej sez\u00f3ny hradu Stre\u010dno, ktor\u00e1 sa u\u017e tradi\u010dne uskuto\u010dn\u00ed 1. m\u00e1ja, o\u017eij\u00fa zn\u00e1me osobnosti slovensk\u00fdch dej\u00edn. Zauj\u00edmav\u00e9 fakty z hist\u00f3rie hradu, ale aj o \u017eivote najzn\u00e1mej\u0161ej panovn\u00ed\u010dky \u017dofie Bosniakovej sa n\u00e1v\u0161tevn\u00edci dozvedia prostredn\u00edctvom rozpr\u00e1vania jej slu\u017eobn\u00edctva, ktor\u00e9 bude n\u00e1v\u0161tevn\u00edkov celou prehliadkou sprev\u00e1dza\u0165. \u201eCestou po hradn\u00fdch chodb\u00e1ch a miestnostiach natraf\u00edte aj na postavi\u010dky [&hellip;]\" \/>\n<meta property=\"og:url\" content=\"https:\/\/pmza.sk\/?p=7245\" \/>\n<meta property=\"og:site_name\" content=\"Pova\u017esk\u00e9 m\u00fazeum\" \/>\n<meta property=\"article:publisher\" content=\"https:\/\/www.facebook.com\/povazskemuzeum\" \/>\n<meta property=\"article:published_time\" content=\"2013-04-18T11:21:45+00:00\" \/>\n<meta name=\"author\" content=\"Pova\u017esk\u00e9 m\u00fazeum\" \/>\n<meta name=\"twitter:card\" content=\"summary_large_image\" \/>\n<meta name=\"twitter:label1\" content=\"Autor\" \/>\n\t<meta name=\"twitter:data1\" content=\"Pova\u017esk\u00e9 m\u00fazeum\" \/>\n\t<meta name=\"twitter:label2\" content=\"Predpokladan\u00fd \u010das \u010d\u00edtania\" \/>\n\t<meta name=\"twitter:data2\" content=\"2 min\u00faty\" \/>\n<script type=\"application\/ld+json\" class=\"yoast-schema-graph\">{\"@context\":\"https:\\\/\\\/schema.org\",\"@graph\":[{\"@type\":\"Article\",\"@id\":\"https:\\\/\\\/pmza.sk\\\/?p=7245#article\",\"isPartOf\":{\"@id\":\"https:\\\/\\\/pmza.sk\\\/?p=7245\"},\"author\":{\"name\":\"Pova\u017esk\u00e9 m\u00fazeum\",\"@id\":\"https:\\\/\\\/pmza.sk\\\/#\\\/schema\\\/person\\\/595e6a2ce731ea94dcd5d7f50a41ae33\"},\"headline\":\"Letn\u00fa sez\u00f3nu na Stre\u010dne otvoria hradn\u00ed slu\u017eobn\u00edci\",\"datePublished\":\"2013-04-18T11:21:45+00:00\",\"mainEntityOfPage\":{\"@id\":\"https:\\\/\\\/pmza.sk\\\/?p=7245\"},\"wordCount\":352,\"publisher\":{\"@id\":\"https:\\\/\\\/pmza.sk\\\/#organization\"},\"articleSection\":[\"Arch\u00edv 2013\"],\"inLanguage\":\"sk-SK\"},{\"@type\":\"WebPage\",\"@id\":\"https:\\\/\\\/pmza.sk\\\/?p=7245\",\"url\":\"https:\\\/\\\/pmza.sk\\\/?p=7245\",\"name\":\"Letn\u00fa sez\u00f3nu na Stre\u010dne otvoria hradn\u00ed slu\u017eobn\u00edci - Pova\u017esk\u00e9 m\u00fazeum\",\"isPartOf\":{\"@id\":\"https:\\\/\\\/pmza.sk\\\/#website\"},\"datePublished\":\"2013-04-18T11:21:45+00:00\",\"breadcrumb\":{\"@id\":\"https:\\\/\\\/pmza.sk\\\/?p=7245#breadcrumb\"},\"inLanguage\":\"sk-SK\",\"potentialAction\":[{\"@type\":\"ReadAction\",\"target\":[\"https:\\\/\\\/pmza.sk\\\/?p=7245\"]}]},{\"@type\":\"BreadcrumbList\",\"@id\":\"https:\\\/\\\/pmza.sk\\\/?p=7245#breadcrumb\",\"itemListElement\":[{\"@type\":\"ListItem\",\"position\":1,\"name\":\"Domovsk\u00e1 str\u00e1nka\",\"item\":\"https:\\\/\\\/pmza.sk\\\/\"},{\"@type\":\"ListItem\",\"position\":2,\"name\":\"Letn\u00fa sez\u00f3nu na Stre\u010dne otvoria hradn\u00ed slu\u017eobn\u00edci\"}]},{\"@type\":\"WebSite\",\"@id\":\"https:\\\/\\\/pmza.sk\\\/#website\",\"url\":\"https:\\\/\\\/pmza.sk\\\/\",\"name\":\"Pova\u017esk\u00e9 m\u00fazeum\",\"description\":\"Pova\u017esk\u00e9 m\u00fazeum v \u017diline je region\u00e1lne m\u00fazeum so s\u00eddlom v Budat\u00edne. Jeho expoz\u00edcie s\u00fa zameran\u00e9 na dejiny slovensk\u00e9ho umenia, kult\u00fary a dopravy.\",\"publisher\":{\"@id\":\"https:\\\/\\\/pmza.sk\\\/#organization\"},\"potentialAction\":[{\"@type\":\"SearchAction\",\"target\":{\"@type\":\"EntryPoint\",\"urlTemplate\":\"https:\\\/\\\/pmza.sk\\\/?s={search_term_string}\"},\"query-input\":{\"@type\":\"PropertyValueSpecification\",\"valueRequired\":true,\"valueName\":\"search_term_string\"}}],\"inLanguage\":\"sk-SK\"},{\"@type\":\"Organization\",\"@id\":\"https:\\\/\\\/pmza.sk\\\/#organization\",\"name\":\"Pova\u017esk\u00e9 m\u00fazeum\",\"url\":\"https:\\\/\\\/pmza.sk\\\/\",\"logo\":{\"@type\":\"ImageObject\",\"inLanguage\":\"sk-SK\",\"@id\":\"https:\\\/\\\/pmza.sk\\\/#\\\/schema\\\/logo\\\/image\\\/\",\"url\":\"https:\\\/\\\/pmza.sk\\\/wp-content\\\/uploads\\\/2022\\\/01\\\/logo_PM_horizontal.jpg\",\"contentUrl\":\"https:\\\/\\\/pmza.sk\\\/wp-content\\\/uploads\\\/2022\\\/01\\\/logo_PM_horizontal.jpg\",\"width\":231,\"height\":142,\"caption\":\"Pova\u017esk\u00e9 m\u00fazeum\"},\"image\":{\"@id\":\"https:\\\/\\\/pmza.sk\\\/#\\\/schema\\\/logo\\\/image\\\/\"},\"sameAs\":[\"https:\\\/\\\/www.facebook.com\\\/povazskemuzeum\",\"https:\\\/\\\/www.instagram.com\\\/povazskemuzeum\\\/\"]},{\"@type\":\"Person\",\"@id\":\"https:\\\/\\\/pmza.sk\\\/#\\\/schema\\\/person\\\/595e6a2ce731ea94dcd5d7f50a41ae33\",\"name\":\"Pova\u017esk\u00e9 m\u00fazeum\",\"image\":{\"@type\":\"ImageObject\",\"inLanguage\":\"sk-SK\",\"@id\":\"https:\\\/\\\/secure.gravatar.com\\\/avatar\\\/2bb7f1561282132fb5826dfeccc66c7996d11ee392ac6aaf7ced8a1c2027fbb2?s=96&d=mm&r=g\",\"url\":\"https:\\\/\\\/secure.gravatar.com\\\/avatar\\\/2bb7f1561282132fb5826dfeccc66c7996d11ee392ac6aaf7ced8a1c2027fbb2?s=96&d=mm&r=g\",\"contentUrl\":\"https:\\\/\\\/secure.gravatar.com\\\/avatar\\\/2bb7f1561282132fb5826dfeccc66c7996d11ee392ac6aaf7ced8a1c2027fbb2?s=96&d=mm&r=g\",\"caption\":\"Pova\u017esk\u00e9 m\u00fazeum\"}}]}<\/script>\n<!-- \/ Yoast SEO plugin. -->","yoast_head_json":{"title":"Letn\u00fa sez\u00f3nu na Stre\u010dne otvoria hradn\u00ed slu\u017eobn\u00edci - Pova\u017esk\u00e9 m\u00fazeum","robots":{"index":"index","follow":"follow","max-snippet":"max-snippet:-1","max-image-preview":"max-image-preview:large","max-video-preview":"max-video-preview:-1"},"canonical":"https:\/\/pmza.sk\/?p=7245","og_locale":"sk_SK","og_type":"article","og_title":"Letn\u00fa sez\u00f3nu na Stre\u010dne otvoria hradn\u00ed slu\u017eobn\u00edci - Pova\u017esk\u00e9 m\u00fazeum","og_description":"Na otvoren\u00ed tohtoro\u010dnej letnej sez\u00f3ny hradu Stre\u010dno, ktor\u00e1 sa u\u017e tradi\u010dne uskuto\u010dn\u00ed 1. m\u00e1ja, o\u017eij\u00fa zn\u00e1me osobnosti slovensk\u00fdch dej\u00edn. Zauj\u00edmav\u00e9 fakty z hist\u00f3rie hradu, ale aj o \u017eivote najzn\u00e1mej\u0161ej panovn\u00ed\u010dky \u017dofie Bosniakovej sa n\u00e1v\u0161tevn\u00edci dozvedia prostredn\u00edctvom rozpr\u00e1vania jej slu\u017eobn\u00edctva, ktor\u00e9 bude n\u00e1v\u0161tevn\u00edkov celou prehliadkou sprev\u00e1dza\u0165. \u201eCestou po hradn\u00fdch chodb\u00e1ch a miestnostiach natraf\u00edte aj na postavi\u010dky [&hellip;]","og_url":"https:\/\/pmza.sk\/?p=7245","og_site_name":"Pova\u017esk\u00e9 m\u00fazeum","article_publisher":"https:\/\/www.facebook.com\/povazskemuzeum","article_published_time":"2013-04-18T11:21:45+00:00","author":"Pova\u017esk\u00e9 m\u00fazeum","twitter_card":"summary_large_image","twitter_misc":{"Autor":"Pova\u017esk\u00e9 m\u00fazeum","Predpokladan\u00fd \u010das \u010d\u00edtania":"2 min\u00faty"},"schema":{"@context":"https:\/\/schema.org","@graph":[{"@type":"Article","@id":"https:\/\/pmza.sk\/?p=7245#article","isPartOf":{"@id":"https:\/\/pmza.sk\/?p=7245"},"author":{"name":"Pova\u017esk\u00e9 m\u00fazeum","@id":"https:\/\/pmza.sk\/#\/schema\/person\/595e6a2ce731ea94dcd5d7f50a41ae33"},"headline":"Letn\u00fa sez\u00f3nu na Stre\u010dne otvoria hradn\u00ed slu\u017eobn\u00edci","datePublished":"2013-04-18T11:21:45+00:00","mainEntityOfPage":{"@id":"https:\/\/pmza.sk\/?p=7245"},"wordCount":352,"publisher":{"@id":"https:\/\/pmza.sk\/#organization"},"articleSection":["Arch\u00edv 2013"],"inLanguage":"sk-SK"},{"@type":"WebPage","@id":"https:\/\/pmza.sk\/?p=7245","url":"https:\/\/pmza.sk\/?p=7245","name":"Letn\u00fa sez\u00f3nu na Stre\u010dne otvoria hradn\u00ed slu\u017eobn\u00edci - Pova\u017esk\u00e9 m\u00fazeum","isPartOf":{"@id":"https:\/\/pmza.sk\/#website"},"datePublished":"2013-04-18T11:21:45+00:00","breadcrumb":{"@id":"https:\/\/pmza.sk\/?p=7245#breadcrumb"},"inLanguage":"sk-SK","potentialAction":[{"@type":"ReadAction","target":["https:\/\/pmza.sk\/?p=7245"]}]},{"@type":"BreadcrumbList","@id":"https:\/\/pmza.sk\/?p=7245#breadcrumb","itemListElement":[{"@type":"ListItem","position":1,"name":"Domovsk\u00e1 str\u00e1nka","item":"https:\/\/pmza.sk\/"},{"@type":"ListItem","position":2,"name":"Letn\u00fa sez\u00f3nu na Stre\u010dne otvoria hradn\u00ed slu\u017eobn\u00edci"}]},{"@type":"WebSite","@id":"https:\/\/pmza.sk\/#website","url":"https:\/\/pmza.sk\/","name":"Pova\u017esk\u00e9 m\u00fazeum","description":"Pova\u017esk\u00e9 m\u00fazeum v \u017diline je region\u00e1lne m\u00fazeum so s\u00eddlom v Budat\u00edne. Jeho expoz\u00edcie s\u00fa zameran\u00e9 na dejiny slovensk\u00e9ho umenia, kult\u00fary a dopravy.","publisher":{"@id":"https:\/\/pmza.sk\/#organization"},"potentialAction":[{"@type":"SearchAction","target":{"@type":"EntryPoint","urlTemplate":"https:\/\/pmza.sk\/?s={search_term_string}"},"query-input":{"@type":"PropertyValueSpecification","valueRequired":true,"valueName":"search_term_string"}}],"inLanguage":"sk-SK"},{"@type":"Organization","@id":"https:\/\/pmza.sk\/#organization","name":"Pova\u017esk\u00e9 m\u00fazeum","url":"https:\/\/pmza.sk\/","logo":{"@type":"ImageObject","inLanguage":"sk-SK","@id":"https:\/\/pmza.sk\/#\/schema\/logo\/image\/","url":"https:\/\/pmza.sk\/wp-content\/uploads\/2022\/01\/logo_PM_horizontal.jpg","contentUrl":"https:\/\/pmza.sk\/wp-content\/uploads\/2022\/01\/logo_PM_horizontal.jpg","width":231,"height":142,"caption":"Pova\u017esk\u00e9 m\u00fazeum"},"image":{"@id":"https:\/\/pmza.sk\/#\/schema\/logo\/image\/"},"sameAs":["https:\/\/www.facebook.com\/povazskemuzeum","https:\/\/www.instagram.com\/povazskemuzeum\/"]},{"@type":"Person","@id":"https:\/\/pmza.sk\/#\/schema\/person\/595e6a2ce731ea94dcd5d7f50a41ae33","name":"Pova\u017esk\u00e9 m\u00fazeum","image":{"@type":"ImageObject","inLanguage":"sk-SK","@id":"https:\/\/secure.gravatar.com\/avatar\/2bb7f1561282132fb5826dfeccc66c7996d11ee392ac6aaf7ced8a1c2027fbb2?s=96&d=mm&r=g","url":"https:\/\/secure.gravatar.com\/avatar\/2bb7f1561282132fb5826dfeccc66c7996d11ee392ac6aaf7ced8a1c2027fbb2?s=96&d=mm&r=g","contentUrl":"https:\/\/secure.gravatar.com\/avatar\/2bb7f1561282132fb5826dfeccc66c7996d11ee392ac6aaf7ced8a1c2027fbb2?s=96&d=mm&r=g","caption":"Pova\u017esk\u00e9 m\u00fazeum"}}]}},"_links":{"self":[{"href":"https:\/\/pmza.sk\/index.php?rest_route=\/wp\/v2\/posts\/7245","targetHints":{"allow":["GET"]}}],"collection":[{"href":"https:\/\/pmza.sk\/index.php?rest_route=\/wp\/v2\/posts"}],"about":[{"href":"https:\/\/pmza.sk\/index.php?rest_route=\/wp\/v2\/types\/post"}],"author":[{"embeddable":true,"href":"https:\/\/pmza.sk\/index.php?rest_route=\/wp\/v2\/users\/2"}],"replies":[{"embeddable":true,"href":"https:\/\/pmza.sk\/index.php?rest_route=%2Fwp%2Fv2%2Fcomments&post=7245"}],"version-history":[{"count":0,"href":"https:\/\/pmza.sk\/index.php?rest_route=\/wp\/v2\/posts\/7245\/revisions"}],"wp:attachment":[{"href":"https:\/\/pmza.sk\/index.php?rest_route=%2Fwp%2Fv2%2Fmedia&parent=7245"}],"wp:term":[{"taxonomy":"category","embeddable":true,"href":"https:\/\/pmza.sk\/index.php?rest_route=%2Fwp%2Fv2%2Fcategories&post=7245"},{"taxonomy":"post_tag","embeddable":true,"href":"https:\/\/pmza.sk\/index.php?rest_route=%2Fwp%2Fv2%2Ftags&post=7245"}],"curies":[{"name":"wp","href":"https:\/\/api.w.org\/{rel}","templated":true}]}}