{"id":7273,"date":"2013-04-25T15:52:25","date_gmt":"2013-04-25T13:52:25","guid":{"rendered":"https:\/\/pmza.sk.sk\/?p=7273"},"modified":"2013-04-25T15:52:25","modified_gmt":"2013-04-25T13:52:25","slug":"7273","status":"publish","type":"post","link":"https:\/\/pmza.sk\/?p=7273","title":{"rendered":"Modern\u00e9 sakr\u00e1lne umenie v Sob\u00e1\u0161nom pal\u00e1ci v Byt\u010di"},"content":{"rendered":"<p><a href=\"https:\/\/pmza.sk\/wp-content\/uploads\/2013\/04\/L.-Jezo.jpg\"><img fetchpriority=\"high\" decoding=\"async\" class=\"alignleft size-medium wp-image-7274\" style=\"border: 2px solid black; margin: 4px;\" title=\"\u013d. Je\u017eo\" src=\"https:\/\/pmza.sk.sk\/wp-content\/uploads\/2013\/04\/\u013d.-Je\u017eo-180x300.jpg\" alt=\"\" width=\"180\" height=\"300\" \/><\/a>Sob\u00e1\u0161ny pal\u00e1c v\u00a0Byt\u010di sa v\u00a0posledn\u00fdch rokoch stal miestom, kde okrem m\u00fazejn\u00fdch v\u00fdstav dost\u00e1vaj\u00fa priestor aj umelci, ktor\u00ed s\u00fa svojou osobou, alebo tvorbou spojen\u00ed s\u00a0regi\u00f3nom. \u0160tvrtou v\u00fdstavou, ktor\u00e1 je v\u00a0tomto roku realizovan\u00e1 v\u00a0t\u00fdchto priestoroch, je v\u00fdstava amat\u00e9rskeho v\u00fdtvarn\u00edka \u013dubom\u00edra Je\u017ea <strong><em>Ma\u013eovan\u00e9 pr\u00edrodou alebo Nielen chlebom je \u010dlovek \u017eiv<\/em>\u00fd<\/strong>. Vernis\u00e1\u017e v\u00fdstavy, na ktor\u00fa je pozvan\u00e1 \u0161irok\u00e1 verejnos\u0165, sa uskuto\u010dn\u00ed<strong> 3.m\u00e1ja 2013 o\u00a017.00 hod<\/strong>. <em><!--more-->\u201eSme ve\u013emi radi, \u017ee doteraj\u0161ie aktivity v\u00a0pal\u00e1ci boli n\u00e1v\u0161tevn\u00edkmi hodnoten\u00e9 ve\u013emi pozit\u00edvne. Posledn\u00e9 v\u00fdstavy pril\u00e1kali do na\u0161ich priestorov takmer 3000 z\u00e1ujemcov. Sme preto ve\u013emi radi, \u017ee aj na\u010falej budeme takmer ka\u017ed\u00fd mesiac verejnosti predstavova\u0165 r\u00f4zne druhy umenia, ako aj predmety z\u00a0na\u0161ich zbierkov\u00fdch fondov,\u201c<\/em> uviedol riadite\u013e Pova\u017esk\u00e9ho m\u00fazea v\u00a0\u017diline, Ladislav Cimer\u00e1k.<br \/>\n\u013dubom\u00edr Je\u017eo poch\u00e1dza z\u00a0obce Ladce. Je amat\u00e9rskym v\u00fdtvarn\u00edkom, \u010dasto insitn\u00fdm, tvor\u00ed zo srdca a\u00a0pre rados\u0165. Kr\u00e1se kame\u0148a a\u00a0pr\u00edrody sa venuje viac ne\u017e 20 rokov, ale a\u017e v\u00a0roku 2011 sa rozhodol predstavi\u0165 svoje diela verejnosti. \u201e<em>Na b\u00e1ze kame\u0148a s\u00fa vytvoren\u00e9 v\u0161etky obrazy, ktor\u00e9 s\u00fa v\u00a03D verzii vhodn\u00e9 aj pre div\u00e1kov pou\u017e\u00edvaj\u00facich Braillovo p\u00edsmo. Vo svojej tvorbe d\u00e1vam do kontrastu, ale i\u00a0 porovn\u00e1vam dielo stvoren\u00e9 s\u00a0dielom dotvoren\u00fdm \u013eudsk\u00fdmi rukami. V\u00e4\u010d\u0161ia \u010das\u0165 pr\u00e1ce, cel\u00fd materi\u00e1l je k\u00a0dispoz\u00edcii v\u00a0pr\u00edrode. Men\u0161ia \u010das\u0165 \u013eudskej pr\u00e1ce spo\u010d\u00edva v\u00a0jeho opracovan\u00ed, vytrieden\u00ed, ulo\u017een\u00ed a\u00a0upevnen\u00ed tak, aby to bolo vkusn\u00e9, estetick\u00e9, \u010di aspo\u0148 zauj\u00edmav\u00e9,\u201c <\/em>uviedol \u013dubom\u00edr Je\u017eo.<br \/>\nOrganiz\u00e1torom v\u00fdstavy, ktor\u00e1 bude v\u00a0Sob\u00e1\u0161nom pal\u00e1ci v\u00a0Byt\u010di spr\u00edstupnen\u00e1 od 3. m\u00e1ja do 31. m\u00e1ja 2013 je Pova\u017esk\u00e9 m\u00fazeum v\u00a0\u017diline v\u00a0zria\u010fovate\u013eskej p\u00f4sobnosti \u017dilinsk\u00e9ho samospr\u00e1vneho kraja.<\/p>\n","protected":false},"excerpt":{"rendered":"<p>Sob\u00e1\u0161ny pal\u00e1c v\u00a0Byt\u010di sa v\u00a0posledn\u00fdch rokoch stal miestom, kde okrem m\u00fazejn\u00fdch v\u00fdstav dost\u00e1vaj\u00fa priestor aj umelci, ktor\u00ed s\u00fa svojou osobou, alebo tvorbou spojen\u00ed s\u00a0regi\u00f3nom. \u0160tvrtou v\u00fdstavou, ktor\u00e1 je v\u00a0tomto roku realizovan\u00e1 v\u00a0t\u00fdchto priestoroch, je v\u00fdstava amat\u00e9rskeho v\u00fdtvarn\u00edka \u013dubom\u00edra Je\u017ea Ma\u013eovan\u00e9 pr\u00edrodou alebo Nielen chlebom je \u010dlovek \u017eiv\u00fd. Vernis\u00e1\u017e v\u00fdstavy, na ktor\u00fa je pozvan\u00e1 \u0161irok\u00e1 verejnos\u0165, [&hellip;]<\/p>\n","protected":false},"author":2,"featured_media":0,"comment_status":"closed","ping_status":"closed","sticky":false,"template":"","format":"standard","meta":{"site-sidebar-layout":"default","site-content-layout":"","ast-site-content-layout":"","site-content-style":"default","site-sidebar-style":"default","ast-global-header-display":"","ast-banner-title-visibility":"","ast-main-header-display":"","ast-hfb-above-header-display":"","ast-hfb-below-header-display":"","ast-hfb-mobile-header-display":"","site-post-title":"","ast-breadcrumbs-content":"","ast-featured-img":"","footer-sml-layout":"","theme-transparent-header-meta":"","adv-header-id-meta":"","stick-header-meta":"","header-above-stick-meta":"","header-main-stick-meta":"","header-below-stick-meta":"","astra-migrate-meta-layouts":"default","ast-page-background-enabled":"default","ast-page-background-meta":{"desktop":{"background-color":"var(--ast-global-color-4)","background-image":"","background-repeat":"repeat","background-position":"center center","background-size":"auto","background-attachment":"scroll","background-type":"","background-media":"","overlay-type":"","overlay-color":"","overlay-opacity":"","overlay-gradient":""},"tablet":{"background-color":"","background-image":"","background-repeat":"repeat","background-position":"center center","background-size":"auto","background-attachment":"scroll","background-type":"","background-media":"","overlay-type":"","overlay-color":"","overlay-opacity":"","overlay-gradient":""},"mobile":{"background-color":"","background-image":"","background-repeat":"repeat","background-position":"center center","background-size":"auto","background-attachment":"scroll","background-type":"","background-media":"","overlay-type":"","overlay-color":"","overlay-opacity":"","overlay-gradient":""}},"ast-content-background-meta":{"desktop":{"background-color":"var(--ast-global-color-5)","background-image":"","background-repeat":"repeat","background-position":"center center","background-size":"auto","background-attachment":"scroll","background-type":"","background-media":"","overlay-type":"","overlay-color":"","overlay-opacity":"","overlay-gradient":""},"tablet":{"background-color":"var(--ast-global-color-5)","background-image":"","background-repeat":"repeat","background-position":"center center","background-size":"auto","background-attachment":"scroll","background-type":"","background-media":"","overlay-type":"","overlay-color":"","overlay-opacity":"","overlay-gradient":""},"mobile":{"background-color":"var(--ast-global-color-5)","background-image":"","background-repeat":"repeat","background-position":"center center","background-size":"auto","background-attachment":"scroll","background-type":"","background-media":"","overlay-type":"","overlay-color":"","overlay-opacity":"","overlay-gradient":""}},"footnotes":""},"categories":[33],"tags":[],"class_list":["post-7273","post","type-post","status-publish","format-standard","hentry","category-archiv-2013"],"yoast_head":"<!-- This site is optimized with the Yoast SEO plugin v27.4 - https:\/\/yoast.com\/product\/yoast-seo-wordpress\/ -->\n<title>Modern\u00e9 sakr\u00e1lne umenie v Sob\u00e1\u0161nom pal\u00e1ci v Byt\u010di - Pova\u017esk\u00e9 m\u00fazeum<\/title>\n<meta name=\"robots\" content=\"index, follow, max-snippet:-1, max-image-preview:large, max-video-preview:-1\" \/>\n<link rel=\"canonical\" href=\"https:\/\/pmza.sk\/?p=7273\" \/>\n<meta property=\"og:locale\" content=\"sk_SK\" \/>\n<meta property=\"og:type\" content=\"article\" \/>\n<meta property=\"og:title\" content=\"Modern\u00e9 sakr\u00e1lne umenie v Sob\u00e1\u0161nom pal\u00e1ci v Byt\u010di - Pova\u017esk\u00e9 m\u00fazeum\" \/>\n<meta property=\"og:description\" content=\"Sob\u00e1\u0161ny pal\u00e1c v\u00a0Byt\u010di sa v\u00a0posledn\u00fdch rokoch stal miestom, kde okrem m\u00fazejn\u00fdch v\u00fdstav dost\u00e1vaj\u00fa priestor aj umelci, ktor\u00ed s\u00fa svojou osobou, alebo tvorbou spojen\u00ed s\u00a0regi\u00f3nom. \u0160tvrtou v\u00fdstavou, ktor\u00e1 je v\u00a0tomto roku realizovan\u00e1 v\u00a0t\u00fdchto priestoroch, je v\u00fdstava amat\u00e9rskeho v\u00fdtvarn\u00edka \u013dubom\u00edra Je\u017ea Ma\u013eovan\u00e9 pr\u00edrodou alebo Nielen chlebom je \u010dlovek \u017eiv\u00fd. Vernis\u00e1\u017e v\u00fdstavy, na ktor\u00fa je pozvan\u00e1 \u0161irok\u00e1 verejnos\u0165, [&hellip;]\" \/>\n<meta property=\"og:url\" content=\"https:\/\/pmza.sk\/?p=7273\" \/>\n<meta property=\"og:site_name\" content=\"Pova\u017esk\u00e9 m\u00fazeum\" \/>\n<meta property=\"article:publisher\" content=\"https:\/\/www.facebook.com\/povazskemuzeum\" \/>\n<meta property=\"article:published_time\" content=\"2013-04-25T13:52:25+00:00\" \/>\n<meta name=\"author\" content=\"Pova\u017esk\u00e9 m\u00fazeum\" \/>\n<meta name=\"twitter:card\" content=\"summary_large_image\" \/>\n<meta name=\"twitter:label1\" content=\"Autor\" \/>\n\t<meta name=\"twitter:data1\" content=\"Pova\u017esk\u00e9 m\u00fazeum\" \/>\n\t<meta name=\"twitter:label2\" content=\"Predpokladan\u00fd \u010das \u010d\u00edtania\" \/>\n\t<meta name=\"twitter:data2\" content=\"2 min\u00faty\" \/>\n<script type=\"application\/ld+json\" class=\"yoast-schema-graph\">{\"@context\":\"https:\\\/\\\/schema.org\",\"@graph\":[{\"@type\":\"Article\",\"@id\":\"https:\\\/\\\/pmza.sk\\\/?p=7273#article\",\"isPartOf\":{\"@id\":\"https:\\\/\\\/pmza.sk\\\/?p=7273\"},\"author\":{\"name\":\"Pova\u017esk\u00e9 m\u00fazeum\",\"@id\":\"https:\\\/\\\/pmza.sk\\\/#\\\/schema\\\/person\\\/595e6a2ce731ea94dcd5d7f50a41ae33\"},\"headline\":\"Modern\u00e9 sakr\u00e1lne umenie v Sob\u00e1\u0161nom pal\u00e1ci v Byt\u010di\",\"datePublished\":\"2013-04-25T13:52:25+00:00\",\"mainEntityOfPage\":{\"@id\":\"https:\\\/\\\/pmza.sk\\\/?p=7273\"},\"wordCount\":351,\"publisher\":{\"@id\":\"https:\\\/\\\/pmza.sk\\\/#organization\"},\"articleSection\":[\"Arch\u00edv 2013\"],\"inLanguage\":\"sk-SK\"},{\"@type\":\"WebPage\",\"@id\":\"https:\\\/\\\/pmza.sk\\\/?p=7273\",\"url\":\"https:\\\/\\\/pmza.sk\\\/?p=7273\",\"name\":\"Modern\u00e9 sakr\u00e1lne umenie v Sob\u00e1\u0161nom pal\u00e1ci v Byt\u010di - Pova\u017esk\u00e9 m\u00fazeum\",\"isPartOf\":{\"@id\":\"https:\\\/\\\/pmza.sk\\\/#website\"},\"datePublished\":\"2013-04-25T13:52:25+00:00\",\"breadcrumb\":{\"@id\":\"https:\\\/\\\/pmza.sk\\\/?p=7273#breadcrumb\"},\"inLanguage\":\"sk-SK\",\"potentialAction\":[{\"@type\":\"ReadAction\",\"target\":[\"https:\\\/\\\/pmza.sk\\\/?p=7273\"]}]},{\"@type\":\"BreadcrumbList\",\"@id\":\"https:\\\/\\\/pmza.sk\\\/?p=7273#breadcrumb\",\"itemListElement\":[{\"@type\":\"ListItem\",\"position\":1,\"name\":\"Domovsk\u00e1 str\u00e1nka\",\"item\":\"https:\\\/\\\/pmza.sk\\\/\"},{\"@type\":\"ListItem\",\"position\":2,\"name\":\"Modern\u00e9 sakr\u00e1lne umenie v Sob\u00e1\u0161nom pal\u00e1ci v Byt\u010di\"}]},{\"@type\":\"WebSite\",\"@id\":\"https:\\\/\\\/pmza.sk\\\/#website\",\"url\":\"https:\\\/\\\/pmza.sk\\\/\",\"name\":\"Pova\u017esk\u00e9 m\u00fazeum\",\"description\":\"Pova\u017esk\u00e9 m\u00fazeum v \u017diline je region\u00e1lne m\u00fazeum so s\u00eddlom v Budat\u00edne. Jeho expoz\u00edcie s\u00fa zameran\u00e9 na dejiny slovensk\u00e9ho umenia, kult\u00fary a dopravy.\",\"publisher\":{\"@id\":\"https:\\\/\\\/pmza.sk\\\/#organization\"},\"potentialAction\":[{\"@type\":\"SearchAction\",\"target\":{\"@type\":\"EntryPoint\",\"urlTemplate\":\"https:\\\/\\\/pmza.sk\\\/?s={search_term_string}\"},\"query-input\":{\"@type\":\"PropertyValueSpecification\",\"valueRequired\":true,\"valueName\":\"search_term_string\"}}],\"inLanguage\":\"sk-SK\"},{\"@type\":\"Organization\",\"@id\":\"https:\\\/\\\/pmza.sk\\\/#organization\",\"name\":\"Pova\u017esk\u00e9 m\u00fazeum\",\"url\":\"https:\\\/\\\/pmza.sk\\\/\",\"logo\":{\"@type\":\"ImageObject\",\"inLanguage\":\"sk-SK\",\"@id\":\"https:\\\/\\\/pmza.sk\\\/#\\\/schema\\\/logo\\\/image\\\/\",\"url\":\"https:\\\/\\\/pmza.sk\\\/wp-content\\\/uploads\\\/2022\\\/01\\\/logo_PM_horizontal.jpg\",\"contentUrl\":\"https:\\\/\\\/pmza.sk\\\/wp-content\\\/uploads\\\/2022\\\/01\\\/logo_PM_horizontal.jpg\",\"width\":231,\"height\":142,\"caption\":\"Pova\u017esk\u00e9 m\u00fazeum\"},\"image\":{\"@id\":\"https:\\\/\\\/pmza.sk\\\/#\\\/schema\\\/logo\\\/image\\\/\"},\"sameAs\":[\"https:\\\/\\\/www.facebook.com\\\/povazskemuzeum\",\"https:\\\/\\\/www.instagram.com\\\/povazskemuzeum\\\/\"]},{\"@type\":\"Person\",\"@id\":\"https:\\\/\\\/pmza.sk\\\/#\\\/schema\\\/person\\\/595e6a2ce731ea94dcd5d7f50a41ae33\",\"name\":\"Pova\u017esk\u00e9 m\u00fazeum\",\"image\":{\"@type\":\"ImageObject\",\"inLanguage\":\"sk-SK\",\"@id\":\"https:\\\/\\\/secure.gravatar.com\\\/avatar\\\/2bb7f1561282132fb5826dfeccc66c7996d11ee392ac6aaf7ced8a1c2027fbb2?s=96&d=mm&r=g\",\"url\":\"https:\\\/\\\/secure.gravatar.com\\\/avatar\\\/2bb7f1561282132fb5826dfeccc66c7996d11ee392ac6aaf7ced8a1c2027fbb2?s=96&d=mm&r=g\",\"contentUrl\":\"https:\\\/\\\/secure.gravatar.com\\\/avatar\\\/2bb7f1561282132fb5826dfeccc66c7996d11ee392ac6aaf7ced8a1c2027fbb2?s=96&d=mm&r=g\",\"caption\":\"Pova\u017esk\u00e9 m\u00fazeum\"}}]}<\/script>\n<!-- \/ Yoast SEO plugin. -->","yoast_head_json":{"title":"Modern\u00e9 sakr\u00e1lne umenie v Sob\u00e1\u0161nom pal\u00e1ci v Byt\u010di - Pova\u017esk\u00e9 m\u00fazeum","robots":{"index":"index","follow":"follow","max-snippet":"max-snippet:-1","max-image-preview":"max-image-preview:large","max-video-preview":"max-video-preview:-1"},"canonical":"https:\/\/pmza.sk\/?p=7273","og_locale":"sk_SK","og_type":"article","og_title":"Modern\u00e9 sakr\u00e1lne umenie v Sob\u00e1\u0161nom pal\u00e1ci v Byt\u010di - Pova\u017esk\u00e9 m\u00fazeum","og_description":"Sob\u00e1\u0161ny pal\u00e1c v\u00a0Byt\u010di sa v\u00a0posledn\u00fdch rokoch stal miestom, kde okrem m\u00fazejn\u00fdch v\u00fdstav dost\u00e1vaj\u00fa priestor aj umelci, ktor\u00ed s\u00fa svojou osobou, alebo tvorbou spojen\u00ed s\u00a0regi\u00f3nom. \u0160tvrtou v\u00fdstavou, ktor\u00e1 je v\u00a0tomto roku realizovan\u00e1 v\u00a0t\u00fdchto priestoroch, je v\u00fdstava amat\u00e9rskeho v\u00fdtvarn\u00edka \u013dubom\u00edra Je\u017ea Ma\u013eovan\u00e9 pr\u00edrodou alebo Nielen chlebom je \u010dlovek \u017eiv\u00fd. Vernis\u00e1\u017e v\u00fdstavy, na ktor\u00fa je pozvan\u00e1 \u0161irok\u00e1 verejnos\u0165, [&hellip;]","og_url":"https:\/\/pmza.sk\/?p=7273","og_site_name":"Pova\u017esk\u00e9 m\u00fazeum","article_publisher":"https:\/\/www.facebook.com\/povazskemuzeum","article_published_time":"2013-04-25T13:52:25+00:00","author":"Pova\u017esk\u00e9 m\u00fazeum","twitter_card":"summary_large_image","twitter_misc":{"Autor":"Pova\u017esk\u00e9 m\u00fazeum","Predpokladan\u00fd \u010das \u010d\u00edtania":"2 min\u00faty"},"schema":{"@context":"https:\/\/schema.org","@graph":[{"@type":"Article","@id":"https:\/\/pmza.sk\/?p=7273#article","isPartOf":{"@id":"https:\/\/pmza.sk\/?p=7273"},"author":{"name":"Pova\u017esk\u00e9 m\u00fazeum","@id":"https:\/\/pmza.sk\/#\/schema\/person\/595e6a2ce731ea94dcd5d7f50a41ae33"},"headline":"Modern\u00e9 sakr\u00e1lne umenie v Sob\u00e1\u0161nom pal\u00e1ci v Byt\u010di","datePublished":"2013-04-25T13:52:25+00:00","mainEntityOfPage":{"@id":"https:\/\/pmza.sk\/?p=7273"},"wordCount":351,"publisher":{"@id":"https:\/\/pmza.sk\/#organization"},"articleSection":["Arch\u00edv 2013"],"inLanguage":"sk-SK"},{"@type":"WebPage","@id":"https:\/\/pmza.sk\/?p=7273","url":"https:\/\/pmza.sk\/?p=7273","name":"Modern\u00e9 sakr\u00e1lne umenie v Sob\u00e1\u0161nom pal\u00e1ci v Byt\u010di - Pova\u017esk\u00e9 m\u00fazeum","isPartOf":{"@id":"https:\/\/pmza.sk\/#website"},"datePublished":"2013-04-25T13:52:25+00:00","breadcrumb":{"@id":"https:\/\/pmza.sk\/?p=7273#breadcrumb"},"inLanguage":"sk-SK","potentialAction":[{"@type":"ReadAction","target":["https:\/\/pmza.sk\/?p=7273"]}]},{"@type":"BreadcrumbList","@id":"https:\/\/pmza.sk\/?p=7273#breadcrumb","itemListElement":[{"@type":"ListItem","position":1,"name":"Domovsk\u00e1 str\u00e1nka","item":"https:\/\/pmza.sk\/"},{"@type":"ListItem","position":2,"name":"Modern\u00e9 sakr\u00e1lne umenie v Sob\u00e1\u0161nom pal\u00e1ci v Byt\u010di"}]},{"@type":"WebSite","@id":"https:\/\/pmza.sk\/#website","url":"https:\/\/pmza.sk\/","name":"Pova\u017esk\u00e9 m\u00fazeum","description":"Pova\u017esk\u00e9 m\u00fazeum v \u017diline je region\u00e1lne m\u00fazeum so s\u00eddlom v Budat\u00edne. Jeho expoz\u00edcie s\u00fa zameran\u00e9 na dejiny slovensk\u00e9ho umenia, kult\u00fary a dopravy.","publisher":{"@id":"https:\/\/pmza.sk\/#organization"},"potentialAction":[{"@type":"SearchAction","target":{"@type":"EntryPoint","urlTemplate":"https:\/\/pmza.sk\/?s={search_term_string}"},"query-input":{"@type":"PropertyValueSpecification","valueRequired":true,"valueName":"search_term_string"}}],"inLanguage":"sk-SK"},{"@type":"Organization","@id":"https:\/\/pmza.sk\/#organization","name":"Pova\u017esk\u00e9 m\u00fazeum","url":"https:\/\/pmza.sk\/","logo":{"@type":"ImageObject","inLanguage":"sk-SK","@id":"https:\/\/pmza.sk\/#\/schema\/logo\/image\/","url":"https:\/\/pmza.sk\/wp-content\/uploads\/2022\/01\/logo_PM_horizontal.jpg","contentUrl":"https:\/\/pmza.sk\/wp-content\/uploads\/2022\/01\/logo_PM_horizontal.jpg","width":231,"height":142,"caption":"Pova\u017esk\u00e9 m\u00fazeum"},"image":{"@id":"https:\/\/pmza.sk\/#\/schema\/logo\/image\/"},"sameAs":["https:\/\/www.facebook.com\/povazskemuzeum","https:\/\/www.instagram.com\/povazskemuzeum\/"]},{"@type":"Person","@id":"https:\/\/pmza.sk\/#\/schema\/person\/595e6a2ce731ea94dcd5d7f50a41ae33","name":"Pova\u017esk\u00e9 m\u00fazeum","image":{"@type":"ImageObject","inLanguage":"sk-SK","@id":"https:\/\/secure.gravatar.com\/avatar\/2bb7f1561282132fb5826dfeccc66c7996d11ee392ac6aaf7ced8a1c2027fbb2?s=96&d=mm&r=g","url":"https:\/\/secure.gravatar.com\/avatar\/2bb7f1561282132fb5826dfeccc66c7996d11ee392ac6aaf7ced8a1c2027fbb2?s=96&d=mm&r=g","contentUrl":"https:\/\/secure.gravatar.com\/avatar\/2bb7f1561282132fb5826dfeccc66c7996d11ee392ac6aaf7ced8a1c2027fbb2?s=96&d=mm&r=g","caption":"Pova\u017esk\u00e9 m\u00fazeum"}}]}},"_links":{"self":[{"href":"https:\/\/pmza.sk\/index.php?rest_route=\/wp\/v2\/posts\/7273","targetHints":{"allow":["GET"]}}],"collection":[{"href":"https:\/\/pmza.sk\/index.php?rest_route=\/wp\/v2\/posts"}],"about":[{"href":"https:\/\/pmza.sk\/index.php?rest_route=\/wp\/v2\/types\/post"}],"author":[{"embeddable":true,"href":"https:\/\/pmza.sk\/index.php?rest_route=\/wp\/v2\/users\/2"}],"replies":[{"embeddable":true,"href":"https:\/\/pmza.sk\/index.php?rest_route=%2Fwp%2Fv2%2Fcomments&post=7273"}],"version-history":[{"count":0,"href":"https:\/\/pmza.sk\/index.php?rest_route=\/wp\/v2\/posts\/7273\/revisions"}],"wp:attachment":[{"href":"https:\/\/pmza.sk\/index.php?rest_route=%2Fwp%2Fv2%2Fmedia&parent=7273"}],"wp:term":[{"taxonomy":"category","embeddable":true,"href":"https:\/\/pmza.sk\/index.php?rest_route=%2Fwp%2Fv2%2Fcategories&post=7273"},{"taxonomy":"post_tag","embeddable":true,"href":"https:\/\/pmza.sk\/index.php?rest_route=%2Fwp%2Fv2%2Ftags&post=7273"}],"curies":[{"name":"wp","href":"https:\/\/api.w.org\/{rel}","templated":true}]}}