{"id":72870,"date":"2025-10-23T07:04:45","date_gmt":"2025-10-23T05:04:45","guid":{"rendered":"https:\/\/pmza.sk\/?p=72870"},"modified":"2025-11-07T07:10:03","modified_gmt":"2025-11-07T06:10:03","slug":"hradny-atelier-2","status":"publish","type":"post","link":"https:\/\/pmza.sk\/?p=72870","title":{"rendered":"Hradn\u00fd ateli\u00e9r"},"content":{"rendered":"<p>V\u00a0stredu 5. novembra 2025 sa predn\u00e1\u0161kov\u00e1 miestnos\u0165 Budat\u00ednskeho hradu zmen\u00ed na Hradn\u00fd ateli\u00e9r. Popoludn\u00ed o\u00a015.00 poz\u00fdvame v\u0161etk\u00fdch milovn\u00edkov v\u00fdtvarn\u00e9ho umenia, za\u010diato\u010dn\u00edkov aj sk\u00fasen\u00fdch umelcov, ktor\u00ed m\u00f4\u017eu naplno rozvin\u00fa\u0165 svoju fant\u00e1ziu. Podobn\u00e9 podujatie zalo\u017een\u00e9 na vo\u013enej umeleckej tvorbe sa konalo u\u017e v\u00a0septembri a\u00a0ver\u00edme, \u017ee tento raz sa ho z\u00fa\u010dastn\u00ed e\u0161te viac z\u00e1ujemcov.<\/p>\n<p><em>\u201eBudeme sa venova\u0165 kresbe kompoz\u00edcie v\u00a0priestore, pri ktorej sa zameriame na jej proporcie a usporiadanie predmetov, perspekt\u00edvu a\u00a0tie\u0148ovanie. Kresba, ktor\u00e1 zah\u0155\u0148a techniku ceruzky, rudky a\u00a0uhl\u00edka, \u00a0patr\u00ed k najstar\u0161\u00edm technik\u00e1m a k\u00a0z\u00e1kladn\u00fdm zru\u010dnostiam umelca, ktor\u00fd pomocou nej dok\u00e1\u017ee vyjadri\u0165 nielen presnos\u0165 viden\u00e9ho predmetu, ale aj vlastn\u00e9 pocity a\u00a0my\u0161lienky,\u201c<\/em> pribli\u017euje Darina Bellovi\u010dov\u00e1 z\u00a0Pova\u017esk\u00e9ho m\u00fazea.<\/p>\n<p>Podujatie je ur\u010den\u00e9 pre osoby star\u0161ie ako 15 rokov. Po\u010det miest je obmedzen\u00fd, preto je vhodn\u00e9 rezervova\u0165 si svoje miesto na tel. \u010d\u00edsle 0907 108 659.<\/p>\n<p><strong>Cena:<\/strong> 5 \u20ac\/osoba<\/p>\n<div class=\"wp-block-image\"><img fetchpriority=\"high\" decoding=\"async\" class=\"wpa-warning wpa-image-missing-alt alignnone size-medium wp-image-72871\" src=\"https:\/\/pmza.sk\/wp-content\/uploads\/2025\/10\/Hradny_atelier_K1-255x360.jpg\" alt=\"\" width=\"255\" height=\"360\" data-warning=\"Missing alt text\" srcset=\"https:\/\/pmza.sk\/wp-content\/uploads\/2025\/10\/Hradny_atelier_K1-255x360.jpg 255w, https:\/\/pmza.sk\/wp-content\/uploads\/2025\/10\/Hradny_atelier_K1-520x736.jpg 520w, https:\/\/pmza.sk\/wp-content\/uploads\/2025\/10\/Hradny_atelier_K1-768x1086.jpg 768w, https:\/\/pmza.sk\/wp-content\/uploads\/2025\/10\/Hradny_atelier_K1-1086x1536.jpg 1086w, https:\/\/pmza.sk\/wp-content\/uploads\/2025\/10\/Hradny_atelier_K1-1448x2048.jpg 1448w, https:\/\/pmza.sk\/wp-content\/uploads\/2025\/10\/Hradny_atelier_K1-600x849.jpg 600w, https:\/\/pmza.sk\/wp-content\/uploads\/2025\/10\/Hradny_atelier_K1-scaled.jpg 1810w\" sizes=\"(max-width: 255px) 100vw, 255px\" \/><\/div>\n<div>Plag\u00e1t v plnej ve\u013ekosti <a href=\"https:\/\/pmza.sk\/wp-content\/uploads\/2025\/10\/Hradny_atelier_K1.pdf\">TU<\/a><\/div>\n","protected":false},"excerpt":{"rendered":"<p>V\u00a0stredu 5. novembra 2025 sa predn\u00e1\u0161kov\u00e1 miestnos\u0165 Budat\u00ednskeho hradu zmen\u00ed na Hradn\u00fd ateli\u00e9r. Popoludn\u00ed o\u00a015.00 poz\u00fdvame v\u0161etk\u00fdch milovn\u00edkov v\u00fdtvarn\u00e9ho umenia, za\u010diato\u010dn\u00edkov aj sk\u00fasen\u00fdch umelcov, ktor\u00ed m\u00f4\u017eu naplno rozvin\u00fa\u0165 svoju fant\u00e1ziu. Podobn\u00e9 podujatie zalo\u017een\u00e9 na vo\u013enej umeleckej tvorbe sa konalo u\u017e v\u00a0septembri a\u00a0ver\u00edme, \u017ee tento raz sa ho z\u00fa\u010dastn\u00ed e\u0161te viac z\u00e1ujemcov. \u201eBudeme sa venova\u0165 kresbe [&hellip;]<\/p>\n","protected":false},"author":2,"featured_media":72873,"comment_status":"closed","ping_status":"closed","sticky":false,"template":"","format":"standard","meta":{"site-sidebar-layout":"default","site-content-layout":"","ast-site-content-layout":"default","site-content-style":"default","site-sidebar-style":"default","ast-global-header-display":"","ast-banner-title-visibility":"","ast-main-header-display":"","ast-hfb-above-header-display":"","ast-hfb-below-header-display":"","ast-hfb-mobile-header-display":"","site-post-title":"","ast-breadcrumbs-content":"","ast-featured-img":"","footer-sml-layout":"","theme-transparent-header-meta":"default","adv-header-id-meta":"","stick-header-meta":"default","header-above-stick-meta":"","header-main-stick-meta":"","header-below-stick-meta":"","astra-migrate-meta-layouts":"set","ast-page-background-enabled":"default","ast-page-background-meta":{"desktop":{"background-color":"var(--ast-global-color-4)","background-image":"","background-repeat":"repeat","background-position":"center center","background-size":"auto","background-attachment":"scroll","background-type":"","background-media":"","overlay-type":"","overlay-color":"","overlay-opacity":"","overlay-gradient":""},"tablet":{"background-color":"","background-image":"","background-repeat":"repeat","background-position":"center center","background-size":"auto","background-attachment":"scroll","background-type":"","background-media":"","overlay-type":"","overlay-color":"","overlay-opacity":"","overlay-gradient":""},"mobile":{"background-color":"","background-image":"","background-repeat":"repeat","background-position":"center center","background-size":"auto","background-attachment":"scroll","background-type":"","background-media":"","overlay-type":"","overlay-color":"","overlay-opacity":"","overlay-gradient":""}},"ast-content-background-meta":{"desktop":{"background-color":"var(--ast-global-color-5)","background-image":"","background-repeat":"repeat","background-position":"center center","background-size":"auto","background-attachment":"scroll","background-type":"","background-media":"","overlay-type":"","overlay-color":"","overlay-opacity":"","overlay-gradient":""},"tablet":{"background-color":"var(--ast-global-color-5)","background-image":"","background-repeat":"repeat","background-position":"center center","background-size":"auto","background-attachment":"scroll","background-type":"","background-media":"","overlay-type":"","overlay-color":"","overlay-opacity":"","overlay-gradient":""},"mobile":{"background-color":"var(--ast-global-color-5)","background-image":"","background-repeat":"repeat","background-position":"center center","background-size":"auto","background-attachment":"scroll","background-type":"","background-media":"","overlay-type":"","overlay-color":"","overlay-opacity":"","overlay-gradient":""}},"footnotes":""},"categories":[71],"tags":[],"class_list":["post-72870","post","type-post","status-publish","format-standard","has-post-thumbnail","hentry","category-podujatia"],"yoast_head":"<!-- This site is optimized with the Yoast SEO plugin v27.4 - https:\/\/yoast.com\/product\/yoast-seo-wordpress\/ -->\n<title>Hradn\u00fd ateli\u00e9r - Pova\u017esk\u00e9 m\u00fazeum<\/title>\n<meta name=\"robots\" content=\"index, follow, max-snippet:-1, max-image-preview:large, max-video-preview:-1\" \/>\n<link rel=\"canonical\" href=\"https:\/\/pmza.sk\/?p=72870\" \/>\n<meta property=\"og:locale\" content=\"sk_SK\" \/>\n<meta property=\"og:type\" content=\"article\" \/>\n<meta property=\"og:title\" content=\"Hradn\u00fd ateli\u00e9r - Pova\u017esk\u00e9 m\u00fazeum\" \/>\n<meta property=\"og:description\" content=\"V\u00a0stredu 5. novembra 2025 sa predn\u00e1\u0161kov\u00e1 miestnos\u0165 Budat\u00ednskeho hradu zmen\u00ed na Hradn\u00fd ateli\u00e9r. Popoludn\u00ed o\u00a015.00 poz\u00fdvame v\u0161etk\u00fdch milovn\u00edkov v\u00fdtvarn\u00e9ho umenia, za\u010diato\u010dn\u00edkov aj sk\u00fasen\u00fdch umelcov, ktor\u00ed m\u00f4\u017eu naplno rozvin\u00fa\u0165 svoju fant\u00e1ziu. Podobn\u00e9 podujatie zalo\u017een\u00e9 na vo\u013enej umeleckej tvorbe sa konalo u\u017e v\u00a0septembri a\u00a0ver\u00edme, \u017ee tento raz sa ho z\u00fa\u010dastn\u00ed e\u0161te viac z\u00e1ujemcov. \u201eBudeme sa venova\u0165 kresbe [&hellip;]\" \/>\n<meta property=\"og:url\" content=\"https:\/\/pmza.sk\/?p=72870\" \/>\n<meta property=\"og:site_name\" content=\"Pova\u017esk\u00e9 m\u00fazeum\" \/>\n<meta property=\"article:publisher\" content=\"https:\/\/www.facebook.com\/povazskemuzeum\" \/>\n<meta property=\"article:published_time\" content=\"2025-10-23T05:04:45+00:00\" \/>\n<meta property=\"article:modified_time\" content=\"2025-11-07T06:10:03+00:00\" \/>\n<meta property=\"og:image\" content=\"https:\/\/pmza.sk\/wp-content\/uploads\/2025\/10\/Hradny_atelier_web-scaled.jpg\" \/>\n\t<meta property=\"og:image:width\" content=\"2560\" \/>\n\t<meta property=\"og:image:height\" content=\"2560\" \/>\n\t<meta property=\"og:image:type\" content=\"image\/jpeg\" \/>\n<meta name=\"author\" content=\"Pova\u017esk\u00e9 m\u00fazeum\" \/>\n<meta name=\"twitter:card\" content=\"summary_large_image\" \/>\n<meta name=\"twitter:label1\" content=\"Autor\" \/>\n\t<meta name=\"twitter:data1\" content=\"Pova\u017esk\u00e9 m\u00fazeum\" \/>\n\t<meta name=\"twitter:label2\" content=\"Predpokladan\u00fd \u010das \u010d\u00edtania\" \/>\n\t<meta name=\"twitter:data2\" content=\"1 min\u00fata\" \/>\n<script type=\"application\/ld+json\" class=\"yoast-schema-graph\">{\"@context\":\"https:\\\/\\\/schema.org\",\"@graph\":[{\"@type\":\"Article\",\"@id\":\"https:\\\/\\\/pmza.sk\\\/?p=72870#article\",\"isPartOf\":{\"@id\":\"https:\\\/\\\/pmza.sk\\\/?p=72870\"},\"author\":{\"name\":\"Pova\u017esk\u00e9 m\u00fazeum\",\"@id\":\"https:\\\/\\\/pmza.sk\\\/#\\\/schema\\\/person\\\/595e6a2ce731ea94dcd5d7f50a41ae33\"},\"headline\":\"Hradn\u00fd ateli\u00e9r\",\"datePublished\":\"2025-10-23T05:04:45+00:00\",\"dateModified\":\"2025-11-07T06:10:03+00:00\",\"mainEntityOfPage\":{\"@id\":\"https:\\\/\\\/pmza.sk\\\/?p=72870\"},\"wordCount\":187,\"publisher\":{\"@id\":\"https:\\\/\\\/pmza.sk\\\/#organization\"},\"image\":{\"@id\":\"https:\\\/\\\/pmza.sk\\\/?p=72870#primaryimage\"},\"thumbnailUrl\":\"https:\\\/\\\/pmza.sk\\\/wp-content\\\/uploads\\\/2025\\\/10\\\/Hradny_atelier_web-scaled.jpg\",\"articleSection\":[\"Podujatia\"],\"inLanguage\":\"sk-SK\"},{\"@type\":\"WebPage\",\"@id\":\"https:\\\/\\\/pmza.sk\\\/?p=72870\",\"url\":\"https:\\\/\\\/pmza.sk\\\/?p=72870\",\"name\":\"Hradn\u00fd ateli\u00e9r - Pova\u017esk\u00e9 m\u00fazeum\",\"isPartOf\":{\"@id\":\"https:\\\/\\\/pmza.sk\\\/#website\"},\"primaryImageOfPage\":{\"@id\":\"https:\\\/\\\/pmza.sk\\\/?p=72870#primaryimage\"},\"image\":{\"@id\":\"https:\\\/\\\/pmza.sk\\\/?p=72870#primaryimage\"},\"thumbnailUrl\":\"https:\\\/\\\/pmza.sk\\\/wp-content\\\/uploads\\\/2025\\\/10\\\/Hradny_atelier_web-scaled.jpg\",\"datePublished\":\"2025-10-23T05:04:45+00:00\",\"dateModified\":\"2025-11-07T06:10:03+00:00\",\"breadcrumb\":{\"@id\":\"https:\\\/\\\/pmza.sk\\\/?p=72870#breadcrumb\"},\"inLanguage\":\"sk-SK\",\"potentialAction\":[{\"@type\":\"ReadAction\",\"target\":[\"https:\\\/\\\/pmza.sk\\\/?p=72870\"]}]},{\"@type\":\"ImageObject\",\"inLanguage\":\"sk-SK\",\"@id\":\"https:\\\/\\\/pmza.sk\\\/?p=72870#primaryimage\",\"url\":\"https:\\\/\\\/pmza.sk\\\/wp-content\\\/uploads\\\/2025\\\/10\\\/Hradny_atelier_web-scaled.jpg\",\"contentUrl\":\"https:\\\/\\\/pmza.sk\\\/wp-content\\\/uploads\\\/2025\\\/10\\\/Hradny_atelier_web-scaled.jpg\",\"width\":2560,\"height\":2560},{\"@type\":\"BreadcrumbList\",\"@id\":\"https:\\\/\\\/pmza.sk\\\/?p=72870#breadcrumb\",\"itemListElement\":[{\"@type\":\"ListItem\",\"position\":1,\"name\":\"Domovsk\u00e1 str\u00e1nka\",\"item\":\"https:\\\/\\\/pmza.sk\\\/\"},{\"@type\":\"ListItem\",\"position\":2,\"name\":\"Hradn\u00fd ateli\u00e9r\"}]},{\"@type\":\"WebSite\",\"@id\":\"https:\\\/\\\/pmza.sk\\\/#website\",\"url\":\"https:\\\/\\\/pmza.sk\\\/\",\"name\":\"Pova\u017esk\u00e9 m\u00fazeum\",\"description\":\"Pova\u017esk\u00e9 m\u00fazeum v \u017diline je region\u00e1lne m\u00fazeum so s\u00eddlom v Budat\u00edne. Jeho expoz\u00edcie s\u00fa zameran\u00e9 na dejiny slovensk\u00e9ho umenia, kult\u00fary a dopravy.\",\"publisher\":{\"@id\":\"https:\\\/\\\/pmza.sk\\\/#organization\"},\"potentialAction\":[{\"@type\":\"SearchAction\",\"target\":{\"@type\":\"EntryPoint\",\"urlTemplate\":\"https:\\\/\\\/pmza.sk\\\/?s={search_term_string}\"},\"query-input\":{\"@type\":\"PropertyValueSpecification\",\"valueRequired\":true,\"valueName\":\"search_term_string\"}}],\"inLanguage\":\"sk-SK\"},{\"@type\":\"Organization\",\"@id\":\"https:\\\/\\\/pmza.sk\\\/#organization\",\"name\":\"Pova\u017esk\u00e9 m\u00fazeum\",\"url\":\"https:\\\/\\\/pmza.sk\\\/\",\"logo\":{\"@type\":\"ImageObject\",\"inLanguage\":\"sk-SK\",\"@id\":\"https:\\\/\\\/pmza.sk\\\/#\\\/schema\\\/logo\\\/image\\\/\",\"url\":\"https:\\\/\\\/pmza.sk\\\/wp-content\\\/uploads\\\/2022\\\/01\\\/logo_PM_horizontal.jpg\",\"contentUrl\":\"https:\\\/\\\/pmza.sk\\\/wp-content\\\/uploads\\\/2022\\\/01\\\/logo_PM_horizontal.jpg\",\"width\":231,\"height\":142,\"caption\":\"Pova\u017esk\u00e9 m\u00fazeum\"},\"image\":{\"@id\":\"https:\\\/\\\/pmza.sk\\\/#\\\/schema\\\/logo\\\/image\\\/\"},\"sameAs\":[\"https:\\\/\\\/www.facebook.com\\\/povazskemuzeum\",\"https:\\\/\\\/www.instagram.com\\\/povazskemuzeum\\\/\"]},{\"@type\":\"Person\",\"@id\":\"https:\\\/\\\/pmza.sk\\\/#\\\/schema\\\/person\\\/595e6a2ce731ea94dcd5d7f50a41ae33\",\"name\":\"Pova\u017esk\u00e9 m\u00fazeum\",\"image\":{\"@type\":\"ImageObject\",\"inLanguage\":\"sk-SK\",\"@id\":\"https:\\\/\\\/secure.gravatar.com\\\/avatar\\\/2bb7f1561282132fb5826dfeccc66c7996d11ee392ac6aaf7ced8a1c2027fbb2?s=96&d=mm&r=g\",\"url\":\"https:\\\/\\\/secure.gravatar.com\\\/avatar\\\/2bb7f1561282132fb5826dfeccc66c7996d11ee392ac6aaf7ced8a1c2027fbb2?s=96&d=mm&r=g\",\"contentUrl\":\"https:\\\/\\\/secure.gravatar.com\\\/avatar\\\/2bb7f1561282132fb5826dfeccc66c7996d11ee392ac6aaf7ced8a1c2027fbb2?s=96&d=mm&r=g\",\"caption\":\"Pova\u017esk\u00e9 m\u00fazeum\"}}]}<\/script>\n<!-- \/ Yoast SEO plugin. -->","yoast_head_json":{"title":"Hradn\u00fd ateli\u00e9r - Pova\u017esk\u00e9 m\u00fazeum","robots":{"index":"index","follow":"follow","max-snippet":"max-snippet:-1","max-image-preview":"max-image-preview:large","max-video-preview":"max-video-preview:-1"},"canonical":"https:\/\/pmza.sk\/?p=72870","og_locale":"sk_SK","og_type":"article","og_title":"Hradn\u00fd ateli\u00e9r - Pova\u017esk\u00e9 m\u00fazeum","og_description":"V\u00a0stredu 5. novembra 2025 sa predn\u00e1\u0161kov\u00e1 miestnos\u0165 Budat\u00ednskeho hradu zmen\u00ed na Hradn\u00fd ateli\u00e9r. Popoludn\u00ed o\u00a015.00 poz\u00fdvame v\u0161etk\u00fdch milovn\u00edkov v\u00fdtvarn\u00e9ho umenia, za\u010diato\u010dn\u00edkov aj sk\u00fasen\u00fdch umelcov, ktor\u00ed m\u00f4\u017eu naplno rozvin\u00fa\u0165 svoju fant\u00e1ziu. Podobn\u00e9 podujatie zalo\u017een\u00e9 na vo\u013enej umeleckej tvorbe sa konalo u\u017e v\u00a0septembri a\u00a0ver\u00edme, \u017ee tento raz sa ho z\u00fa\u010dastn\u00ed e\u0161te viac z\u00e1ujemcov. \u201eBudeme sa venova\u0165 kresbe [&hellip;]","og_url":"https:\/\/pmza.sk\/?p=72870","og_site_name":"Pova\u017esk\u00e9 m\u00fazeum","article_publisher":"https:\/\/www.facebook.com\/povazskemuzeum","article_published_time":"2025-10-23T05:04:45+00:00","article_modified_time":"2025-11-07T06:10:03+00:00","og_image":[{"width":2560,"height":2560,"url":"https:\/\/pmza.sk\/wp-content\/uploads\/2025\/10\/Hradny_atelier_web-scaled.jpg","type":"image\/jpeg"}],"author":"Pova\u017esk\u00e9 m\u00fazeum","twitter_card":"summary_large_image","twitter_misc":{"Autor":"Pova\u017esk\u00e9 m\u00fazeum","Predpokladan\u00fd \u010das \u010d\u00edtania":"1 min\u00fata"},"schema":{"@context":"https:\/\/schema.org","@graph":[{"@type":"Article","@id":"https:\/\/pmza.sk\/?p=72870#article","isPartOf":{"@id":"https:\/\/pmza.sk\/?p=72870"},"author":{"name":"Pova\u017esk\u00e9 m\u00fazeum","@id":"https:\/\/pmza.sk\/#\/schema\/person\/595e6a2ce731ea94dcd5d7f50a41ae33"},"headline":"Hradn\u00fd ateli\u00e9r","datePublished":"2025-10-23T05:04:45+00:00","dateModified":"2025-11-07T06:10:03+00:00","mainEntityOfPage":{"@id":"https:\/\/pmza.sk\/?p=72870"},"wordCount":187,"publisher":{"@id":"https:\/\/pmza.sk\/#organization"},"image":{"@id":"https:\/\/pmza.sk\/?p=72870#primaryimage"},"thumbnailUrl":"https:\/\/pmza.sk\/wp-content\/uploads\/2025\/10\/Hradny_atelier_web-scaled.jpg","articleSection":["Podujatia"],"inLanguage":"sk-SK"},{"@type":"WebPage","@id":"https:\/\/pmza.sk\/?p=72870","url":"https:\/\/pmza.sk\/?p=72870","name":"Hradn\u00fd ateli\u00e9r - Pova\u017esk\u00e9 m\u00fazeum","isPartOf":{"@id":"https:\/\/pmza.sk\/#website"},"primaryImageOfPage":{"@id":"https:\/\/pmza.sk\/?p=72870#primaryimage"},"image":{"@id":"https:\/\/pmza.sk\/?p=72870#primaryimage"},"thumbnailUrl":"https:\/\/pmza.sk\/wp-content\/uploads\/2025\/10\/Hradny_atelier_web-scaled.jpg","datePublished":"2025-10-23T05:04:45+00:00","dateModified":"2025-11-07T06:10:03+00:00","breadcrumb":{"@id":"https:\/\/pmza.sk\/?p=72870#breadcrumb"},"inLanguage":"sk-SK","potentialAction":[{"@type":"ReadAction","target":["https:\/\/pmza.sk\/?p=72870"]}]},{"@type":"ImageObject","inLanguage":"sk-SK","@id":"https:\/\/pmza.sk\/?p=72870#primaryimage","url":"https:\/\/pmza.sk\/wp-content\/uploads\/2025\/10\/Hradny_atelier_web-scaled.jpg","contentUrl":"https:\/\/pmza.sk\/wp-content\/uploads\/2025\/10\/Hradny_atelier_web-scaled.jpg","width":2560,"height":2560},{"@type":"BreadcrumbList","@id":"https:\/\/pmza.sk\/?p=72870#breadcrumb","itemListElement":[{"@type":"ListItem","position":1,"name":"Domovsk\u00e1 str\u00e1nka","item":"https:\/\/pmza.sk\/"},{"@type":"ListItem","position":2,"name":"Hradn\u00fd ateli\u00e9r"}]},{"@type":"WebSite","@id":"https:\/\/pmza.sk\/#website","url":"https:\/\/pmza.sk\/","name":"Pova\u017esk\u00e9 m\u00fazeum","description":"Pova\u017esk\u00e9 m\u00fazeum v \u017diline je region\u00e1lne m\u00fazeum so s\u00eddlom v Budat\u00edne. Jeho expoz\u00edcie s\u00fa zameran\u00e9 na dejiny slovensk\u00e9ho umenia, kult\u00fary a dopravy.","publisher":{"@id":"https:\/\/pmza.sk\/#organization"},"potentialAction":[{"@type":"SearchAction","target":{"@type":"EntryPoint","urlTemplate":"https:\/\/pmza.sk\/?s={search_term_string}"},"query-input":{"@type":"PropertyValueSpecification","valueRequired":true,"valueName":"search_term_string"}}],"inLanguage":"sk-SK"},{"@type":"Organization","@id":"https:\/\/pmza.sk\/#organization","name":"Pova\u017esk\u00e9 m\u00fazeum","url":"https:\/\/pmza.sk\/","logo":{"@type":"ImageObject","inLanguage":"sk-SK","@id":"https:\/\/pmza.sk\/#\/schema\/logo\/image\/","url":"https:\/\/pmza.sk\/wp-content\/uploads\/2022\/01\/logo_PM_horizontal.jpg","contentUrl":"https:\/\/pmza.sk\/wp-content\/uploads\/2022\/01\/logo_PM_horizontal.jpg","width":231,"height":142,"caption":"Pova\u017esk\u00e9 m\u00fazeum"},"image":{"@id":"https:\/\/pmza.sk\/#\/schema\/logo\/image\/"},"sameAs":["https:\/\/www.facebook.com\/povazskemuzeum","https:\/\/www.instagram.com\/povazskemuzeum\/"]},{"@type":"Person","@id":"https:\/\/pmza.sk\/#\/schema\/person\/595e6a2ce731ea94dcd5d7f50a41ae33","name":"Pova\u017esk\u00e9 m\u00fazeum","image":{"@type":"ImageObject","inLanguage":"sk-SK","@id":"https:\/\/secure.gravatar.com\/avatar\/2bb7f1561282132fb5826dfeccc66c7996d11ee392ac6aaf7ced8a1c2027fbb2?s=96&d=mm&r=g","url":"https:\/\/secure.gravatar.com\/avatar\/2bb7f1561282132fb5826dfeccc66c7996d11ee392ac6aaf7ced8a1c2027fbb2?s=96&d=mm&r=g","contentUrl":"https:\/\/secure.gravatar.com\/avatar\/2bb7f1561282132fb5826dfeccc66c7996d11ee392ac6aaf7ced8a1c2027fbb2?s=96&d=mm&r=g","caption":"Pova\u017esk\u00e9 m\u00fazeum"}}]}},"_links":{"self":[{"href":"https:\/\/pmza.sk\/index.php?rest_route=\/wp\/v2\/posts\/72870","targetHints":{"allow":["GET"]}}],"collection":[{"href":"https:\/\/pmza.sk\/index.php?rest_route=\/wp\/v2\/posts"}],"about":[{"href":"https:\/\/pmza.sk\/index.php?rest_route=\/wp\/v2\/types\/post"}],"author":[{"embeddable":true,"href":"https:\/\/pmza.sk\/index.php?rest_route=\/wp\/v2\/users\/2"}],"replies":[{"embeddable":true,"href":"https:\/\/pmza.sk\/index.php?rest_route=%2Fwp%2Fv2%2Fcomments&post=72870"}],"version-history":[{"count":0,"href":"https:\/\/pmza.sk\/index.php?rest_route=\/wp\/v2\/posts\/72870\/revisions"}],"wp:featuredmedia":[{"embeddable":true,"href":"https:\/\/pmza.sk\/index.php?rest_route=\/wp\/v2\/media\/72873"}],"wp:attachment":[{"href":"https:\/\/pmza.sk\/index.php?rest_route=%2Fwp%2Fv2%2Fmedia&parent=72870"}],"wp:term":[{"taxonomy":"category","embeddable":true,"href":"https:\/\/pmza.sk\/index.php?rest_route=%2Fwp%2Fv2%2Fcategories&post=72870"},{"taxonomy":"post_tag","embeddable":true,"href":"https:\/\/pmza.sk\/index.php?rest_route=%2Fwp%2Fv2%2Ftags&post=72870"}],"curies":[{"name":"wp","href":"https:\/\/api.w.org\/{rel}","templated":true}]}}