{"id":72877,"date":"2025-10-23T12:24:38","date_gmt":"2025-10-23T10:24:38","guid":{"rendered":"https:\/\/pmza.sk\/?p=72877"},"modified":"2026-02-02T08:14:58","modified_gmt":"2026-02-02T07:14:58","slug":"ikona-okno-do-neba","status":"publish","type":"post","link":"https:\/\/pmza.sk\/?p=72877","title":{"rendered":"Ikona \u2013 Okno do neba"},"content":{"rendered":"<p>V kaplnke Budat\u00ednskeho hradu bude in\u0161talovan\u00e1 zauj\u00edmav\u00e1 v\u00fdstava s\u00a0n\u00e1zvom Ikona \u2013 okno do neba, ktor\u00e1 pod\u010diarkne duchovn\u00fd rozmer objektu. P\u00edsanie ikon je \u0161pecifick\u00fd druh kres\u0165ansk\u00e9ho umenia, ktor\u00e9 vzniklo v Byzantskej r\u00ed\u0161i a v ktorom platia ur\u010dit\u00e9 pravidl\u00e1. Ikony zobrazuj\u00fa biblick\u00e9 pr\u00edbehy, postavy sv\u00e4t\u00fdch, prorokov a anjelov. Je to teda Bo\u017eie slovo nap\u00edsan\u00e9 farbami, preto sa ikony nema\u013euj\u00fa, ale p\u00ed\u0161u. Ka\u017ed\u00e1 z nich toti\u017e rozpr\u00e1va pr\u00edbeh Star\u00e9ho alebo Nov\u00e9ho z\u00e1kona.<\/p>\n<p>Ikony sa p\u00ed\u0161u tradi\u010dnou maliarskou technikou na lipov\u00e9 drevo, ktor\u00e9 obsahuje m\u00e1lo \u017eivice, a\u00a0preto dlh\u0161ie vydr\u017e\u00ed. Na dosku sa nan\u00e1\u0161a ako prv\u00fd kriedov\u00fd podklad, ktor\u00fd sa sklad\u00e1 z viacer\u00fdch vrstiev. Po vyschnut\u00ed sa tento podklad, naz\u00fdvan\u00fd \u0161eps, vybr\u00fasi do hladka. Na\u0148 sa nan\u00e1\u0161aj\u00fa vrstvy farieb, ktor\u00e9 sa n\u00e1sledne lakuj\u00fa. Autorkou v\u00fdstavy v\u00a0barokovej kaplnke Budat\u00ednskeho hradu \u00a0je Vladim\u00edra \u010carneck\u00e1 \u2013 \u010dlenka Spolku ikonopiscov sv. Cyrila a Metoda Slovenska, ktor\u00e1 v\u0161etky vystaven\u00e9 ikony sama nap\u00edsala. <em>\u201eNa ikone s\u00fa najd\u00f4le\u017eitej\u0161ie ruky a\u00a0tv\u00e1r s\u00a0o\u010dami a\u00a0u\u0161ami. Ikona sa toti\u017e d\u00edva a\u00a0po\u010d\u00fava. Na\u0161e modlitby vysly\u0161\u00ed v\u00a0n\u00e1\u0161 prospech, ale mo\u017eno nie vtedy a\u00a0tak\u00fdm sp\u00f4sobom, ako to my \u010dak\u00e1me,\u201c<\/em> pribli\u017euje V. \u010carneck\u00e1, ktor\u00e1 u\u017e nap\u00edsala 70 ikon. Ku v\u0161etk\u00fdm m\u00e1 osobitn\u00fd vz\u0165ah, ale najbli\u017e\u0161ia jej je prvotina \u2013 ikona Sedembolestnej Panny M\u00e1rie. T\u00fa dokon\u010dila 15. septembra a\u00a0presne v\u00a0ten de\u0148 bola aj posv\u00e4ten\u00e1. <em>\u201eIkony oslovia mnoh\u00fdch \u013eud\u00ed a\u00a0nemusia by\u0165 ani veriaci, aby vn\u00edmali ich energiu,\u201c <\/em>dop\u013a\u0148a V. \u010carneck\u00e1.<\/p>\n<p>Sl\u00e1vnostn\u00e9 otvorenie v\u00fdstavy Ikona \u2013 okno do neba sa bude kona\u0165 v\u00a0stredu 29. okt\u00f3bra o\u00a016.00 v\u00a0kaplnke Budat\u00ednskeho hradu. V\u00fdstava bude pr\u00edstupn\u00e1 v\u00a0r\u00e1mci prehliadky kaplnky do 1. febru\u00e1ra 2026. Vstup je vo\u013en\u00fd.<\/p>\n<p>&nbsp;<\/p>\n<div class=\"wp-block-image\"><img fetchpriority=\"high\" decoding=\"async\" class=\"wpa-warning wpa-image-missing-alt alignnone size-medium wp-image-72878\" src=\"https:\/\/pmza.sk\/wp-content\/uploads\/2025\/10\/Ikona_K1-255x360.jpg\" alt=\"\" width=\"255\" height=\"360\" data-warning=\"Missing alt text\" srcset=\"https:\/\/pmza.sk\/wp-content\/uploads\/2025\/10\/Ikona_K1-255x360.jpg 255w, https:\/\/pmza.sk\/wp-content\/uploads\/2025\/10\/Ikona_K1-520x736.jpg 520w, https:\/\/pmza.sk\/wp-content\/uploads\/2025\/10\/Ikona_K1-768x1086.jpg 768w, https:\/\/pmza.sk\/wp-content\/uploads\/2025\/10\/Ikona_K1-1086x1536.jpg 1086w, https:\/\/pmza.sk\/wp-content\/uploads\/2025\/10\/Ikona_K1-1448x2048.jpg 1448w, https:\/\/pmza.sk\/wp-content\/uploads\/2025\/10\/Ikona_K1-600x849.jpg 600w, https:\/\/pmza.sk\/wp-content\/uploads\/2025\/10\/Ikona_K1-scaled.jpg 1810w\" sizes=\"(max-width: 255px) 100vw, 255px\" \/><\/div>\n<div>Plag\u00e1t v plnej ve\u013ekosti <a href=\"https:\/\/pmza.sk\/wp-content\/uploads\/2025\/10\/Ikona_K1.pdf\">TU<\/a><\/div>\n","protected":false},"excerpt":{"rendered":"<p>V kaplnke Budat\u00ednskeho hradu bude in\u0161talovan\u00e1 zauj\u00edmav\u00e1 v\u00fdstava s\u00a0n\u00e1zvom Ikona \u2013 okno do neba, ktor\u00e1 pod\u010diarkne duchovn\u00fd rozmer objektu. P\u00edsanie ikon je \u0161pecifick\u00fd druh kres\u0165ansk\u00e9ho umenia, ktor\u00e9 vzniklo v Byzantskej r\u00ed\u0161i a v ktorom platia ur\u010dit\u00e9 pravidl\u00e1. Ikony zobrazuj\u00fa biblick\u00e9 pr\u00edbehy, postavy sv\u00e4t\u00fdch, prorokov a anjelov. Je to teda Bo\u017eie slovo nap\u00edsan\u00e9 farbami, preto sa [&hellip;]<\/p>\n","protected":false},"author":2,"featured_media":72880,"comment_status":"closed","ping_status":"closed","sticky":false,"template":"","format":"standard","meta":{"site-sidebar-layout":"default","site-content-layout":"","ast-site-content-layout":"default","site-content-style":"default","site-sidebar-style":"default","ast-global-header-display":"","ast-banner-title-visibility":"","ast-main-header-display":"","ast-hfb-above-header-display":"","ast-hfb-below-header-display":"","ast-hfb-mobile-header-display":"","site-post-title":"","ast-breadcrumbs-content":"","ast-featured-img":"","footer-sml-layout":"","theme-transparent-header-meta":"default","adv-header-id-meta":"","stick-header-meta":"default","header-above-stick-meta":"","header-main-stick-meta":"","header-below-stick-meta":"","astra-migrate-meta-layouts":"set","ast-page-background-enabled":"default","ast-page-background-meta":{"desktop":{"background-color":"var(--ast-global-color-4)","background-image":"","background-repeat":"repeat","background-position":"center center","background-size":"auto","background-attachment":"scroll","background-type":"","background-media":"","overlay-type":"","overlay-color":"","overlay-opacity":"","overlay-gradient":""},"tablet":{"background-color":"","background-image":"","background-repeat":"repeat","background-position":"center center","background-size":"auto","background-attachment":"scroll","background-type":"","background-media":"","overlay-type":"","overlay-color":"","overlay-opacity":"","overlay-gradient":""},"mobile":{"background-color":"","background-image":"","background-repeat":"repeat","background-position":"center center","background-size":"auto","background-attachment":"scroll","background-type":"","background-media":"","overlay-type":"","overlay-color":"","overlay-opacity":"","overlay-gradient":""}},"ast-content-background-meta":{"desktop":{"background-color":"var(--ast-global-color-5)","background-image":"","background-repeat":"repeat","background-position":"center center","background-size":"auto","background-attachment":"scroll","background-type":"","background-media":"","overlay-type":"","overlay-color":"","overlay-opacity":"","overlay-gradient":""},"tablet":{"background-color":"var(--ast-global-color-5)","background-image":"","background-repeat":"repeat","background-position":"center center","background-size":"auto","background-attachment":"scroll","background-type":"","background-media":"","overlay-type":"","overlay-color":"","overlay-opacity":"","overlay-gradient":""},"mobile":{"background-color":"var(--ast-global-color-5)","background-image":"","background-repeat":"repeat","background-position":"center center","background-size":"auto","background-attachment":"scroll","background-type":"","background-media":"","overlay-type":"","overlay-color":"","overlay-opacity":"","overlay-gradient":""}},"footnotes":""},"categories":[72],"tags":[],"class_list":["post-72877","post","type-post","status-publish","format-standard","has-post-thumbnail","hentry","category-vystavy"],"yoast_head":"<!-- This site is optimized with the Yoast SEO plugin v27.4 - https:\/\/yoast.com\/product\/yoast-seo-wordpress\/ -->\n<title>Ikona \u2013 Okno do neba - Pova\u017esk\u00e9 m\u00fazeum<\/title>\n<meta name=\"robots\" content=\"index, follow, max-snippet:-1, max-image-preview:large, max-video-preview:-1\" \/>\n<link rel=\"canonical\" href=\"https:\/\/pmza.sk\/?p=72877\" \/>\n<meta property=\"og:locale\" content=\"sk_SK\" \/>\n<meta property=\"og:type\" content=\"article\" \/>\n<meta property=\"og:title\" content=\"Ikona \u2013 Okno do neba - Pova\u017esk\u00e9 m\u00fazeum\" \/>\n<meta property=\"og:description\" content=\"V kaplnke Budat\u00ednskeho hradu bude in\u0161talovan\u00e1 zauj\u00edmav\u00e1 v\u00fdstava s\u00a0n\u00e1zvom Ikona \u2013 okno do neba, ktor\u00e1 pod\u010diarkne duchovn\u00fd rozmer objektu. P\u00edsanie ikon je \u0161pecifick\u00fd druh kres\u0165ansk\u00e9ho umenia, ktor\u00e9 vzniklo v Byzantskej r\u00ed\u0161i a v ktorom platia ur\u010dit\u00e9 pravidl\u00e1. Ikony zobrazuj\u00fa biblick\u00e9 pr\u00edbehy, postavy sv\u00e4t\u00fdch, prorokov a anjelov. Je to teda Bo\u017eie slovo nap\u00edsan\u00e9 farbami, preto sa [&hellip;]\" \/>\n<meta property=\"og:url\" content=\"https:\/\/pmza.sk\/?p=72877\" \/>\n<meta property=\"og:site_name\" content=\"Pova\u017esk\u00e9 m\u00fazeum\" \/>\n<meta property=\"article:publisher\" content=\"https:\/\/www.facebook.com\/povazskemuzeum\" \/>\n<meta property=\"article:published_time\" content=\"2025-10-23T10:24:38+00:00\" \/>\n<meta property=\"article:modified_time\" content=\"2026-02-02T07:14:58+00:00\" \/>\n<meta property=\"og:image\" content=\"https:\/\/pmza.sk\/wp-content\/uploads\/2025\/10\/Ikona_web-scaled.jpg\" \/>\n\t<meta property=\"og:image:width\" content=\"2560\" \/>\n\t<meta property=\"og:image:height\" content=\"2560\" \/>\n\t<meta property=\"og:image:type\" content=\"image\/jpeg\" \/>\n<meta name=\"author\" content=\"Pova\u017esk\u00e9 m\u00fazeum\" \/>\n<meta name=\"twitter:card\" content=\"summary_large_image\" \/>\n<meta name=\"twitter:label1\" content=\"Autor\" \/>\n\t<meta name=\"twitter:data1\" content=\"Pova\u017esk\u00e9 m\u00fazeum\" \/>\n\t<meta name=\"twitter:label2\" content=\"Predpokladan\u00fd \u010das \u010d\u00edtania\" \/>\n\t<meta name=\"twitter:data2\" content=\"2 min\u00faty\" \/>\n<script type=\"application\/ld+json\" class=\"yoast-schema-graph\">{\"@context\":\"https:\\\/\\\/schema.org\",\"@graph\":[{\"@type\":\"Article\",\"@id\":\"https:\\\/\\\/pmza.sk\\\/?p=72877#article\",\"isPartOf\":{\"@id\":\"https:\\\/\\\/pmza.sk\\\/?p=72877\"},\"author\":{\"name\":\"Pova\u017esk\u00e9 m\u00fazeum\",\"@id\":\"https:\\\/\\\/pmza.sk\\\/#\\\/schema\\\/person\\\/595e6a2ce731ea94dcd5d7f50a41ae33\"},\"headline\":\"Ikona \u2013 Okno do neba\",\"datePublished\":\"2025-10-23T10:24:38+00:00\",\"dateModified\":\"2026-02-02T07:14:58+00:00\",\"mainEntityOfPage\":{\"@id\":\"https:\\\/\\\/pmza.sk\\\/?p=72877\"},\"wordCount\":340,\"publisher\":{\"@id\":\"https:\\\/\\\/pmza.sk\\\/#organization\"},\"image\":{\"@id\":\"https:\\\/\\\/pmza.sk\\\/?p=72877#primaryimage\"},\"thumbnailUrl\":\"https:\\\/\\\/pmza.sk\\\/wp-content\\\/uploads\\\/2025\\\/10\\\/Ikona_web-scaled.jpg\",\"articleSection\":[\"V\u00fdstavy\"],\"inLanguage\":\"sk-SK\"},{\"@type\":\"WebPage\",\"@id\":\"https:\\\/\\\/pmza.sk\\\/?p=72877\",\"url\":\"https:\\\/\\\/pmza.sk\\\/?p=72877\",\"name\":\"Ikona \u2013 Okno do neba - Pova\u017esk\u00e9 m\u00fazeum\",\"isPartOf\":{\"@id\":\"https:\\\/\\\/pmza.sk\\\/#website\"},\"primaryImageOfPage\":{\"@id\":\"https:\\\/\\\/pmza.sk\\\/?p=72877#primaryimage\"},\"image\":{\"@id\":\"https:\\\/\\\/pmza.sk\\\/?p=72877#primaryimage\"},\"thumbnailUrl\":\"https:\\\/\\\/pmza.sk\\\/wp-content\\\/uploads\\\/2025\\\/10\\\/Ikona_web-scaled.jpg\",\"datePublished\":\"2025-10-23T10:24:38+00:00\",\"dateModified\":\"2026-02-02T07:14:58+00:00\",\"breadcrumb\":{\"@id\":\"https:\\\/\\\/pmza.sk\\\/?p=72877#breadcrumb\"},\"inLanguage\":\"sk-SK\",\"potentialAction\":[{\"@type\":\"ReadAction\",\"target\":[\"https:\\\/\\\/pmza.sk\\\/?p=72877\"]}]},{\"@type\":\"ImageObject\",\"inLanguage\":\"sk-SK\",\"@id\":\"https:\\\/\\\/pmza.sk\\\/?p=72877#primaryimage\",\"url\":\"https:\\\/\\\/pmza.sk\\\/wp-content\\\/uploads\\\/2025\\\/10\\\/Ikona_web-scaled.jpg\",\"contentUrl\":\"https:\\\/\\\/pmza.sk\\\/wp-content\\\/uploads\\\/2025\\\/10\\\/Ikona_web-scaled.jpg\",\"width\":2560,\"height\":2560},{\"@type\":\"BreadcrumbList\",\"@id\":\"https:\\\/\\\/pmza.sk\\\/?p=72877#breadcrumb\",\"itemListElement\":[{\"@type\":\"ListItem\",\"position\":1,\"name\":\"Domovsk\u00e1 str\u00e1nka\",\"item\":\"https:\\\/\\\/pmza.sk\\\/\"},{\"@type\":\"ListItem\",\"position\":2,\"name\":\"Ikona \u2013 Okno do neba\"}]},{\"@type\":\"WebSite\",\"@id\":\"https:\\\/\\\/pmza.sk\\\/#website\",\"url\":\"https:\\\/\\\/pmza.sk\\\/\",\"name\":\"Pova\u017esk\u00e9 m\u00fazeum\",\"description\":\"Pova\u017esk\u00e9 m\u00fazeum v \u017diline je region\u00e1lne m\u00fazeum so s\u00eddlom v Budat\u00edne. Jeho expoz\u00edcie s\u00fa zameran\u00e9 na dejiny slovensk\u00e9ho umenia, kult\u00fary a dopravy.\",\"publisher\":{\"@id\":\"https:\\\/\\\/pmza.sk\\\/#organization\"},\"potentialAction\":[{\"@type\":\"SearchAction\",\"target\":{\"@type\":\"EntryPoint\",\"urlTemplate\":\"https:\\\/\\\/pmza.sk\\\/?s={search_term_string}\"},\"query-input\":{\"@type\":\"PropertyValueSpecification\",\"valueRequired\":true,\"valueName\":\"search_term_string\"}}],\"inLanguage\":\"sk-SK\"},{\"@type\":\"Organization\",\"@id\":\"https:\\\/\\\/pmza.sk\\\/#organization\",\"name\":\"Pova\u017esk\u00e9 m\u00fazeum\",\"url\":\"https:\\\/\\\/pmza.sk\\\/\",\"logo\":{\"@type\":\"ImageObject\",\"inLanguage\":\"sk-SK\",\"@id\":\"https:\\\/\\\/pmza.sk\\\/#\\\/schema\\\/logo\\\/image\\\/\",\"url\":\"https:\\\/\\\/pmza.sk\\\/wp-content\\\/uploads\\\/2022\\\/01\\\/logo_PM_horizontal.jpg\",\"contentUrl\":\"https:\\\/\\\/pmza.sk\\\/wp-content\\\/uploads\\\/2022\\\/01\\\/logo_PM_horizontal.jpg\",\"width\":231,\"height\":142,\"caption\":\"Pova\u017esk\u00e9 m\u00fazeum\"},\"image\":{\"@id\":\"https:\\\/\\\/pmza.sk\\\/#\\\/schema\\\/logo\\\/image\\\/\"},\"sameAs\":[\"https:\\\/\\\/www.facebook.com\\\/povazskemuzeum\",\"https:\\\/\\\/www.instagram.com\\\/povazskemuzeum\\\/\"]},{\"@type\":\"Person\",\"@id\":\"https:\\\/\\\/pmza.sk\\\/#\\\/schema\\\/person\\\/595e6a2ce731ea94dcd5d7f50a41ae33\",\"name\":\"Pova\u017esk\u00e9 m\u00fazeum\",\"image\":{\"@type\":\"ImageObject\",\"inLanguage\":\"sk-SK\",\"@id\":\"https:\\\/\\\/secure.gravatar.com\\\/avatar\\\/2bb7f1561282132fb5826dfeccc66c7996d11ee392ac6aaf7ced8a1c2027fbb2?s=96&d=mm&r=g\",\"url\":\"https:\\\/\\\/secure.gravatar.com\\\/avatar\\\/2bb7f1561282132fb5826dfeccc66c7996d11ee392ac6aaf7ced8a1c2027fbb2?s=96&d=mm&r=g\",\"contentUrl\":\"https:\\\/\\\/secure.gravatar.com\\\/avatar\\\/2bb7f1561282132fb5826dfeccc66c7996d11ee392ac6aaf7ced8a1c2027fbb2?s=96&d=mm&r=g\",\"caption\":\"Pova\u017esk\u00e9 m\u00fazeum\"}}]}<\/script>\n<!-- \/ Yoast SEO plugin. -->","yoast_head_json":{"title":"Ikona \u2013 Okno do neba - Pova\u017esk\u00e9 m\u00fazeum","robots":{"index":"index","follow":"follow","max-snippet":"max-snippet:-1","max-image-preview":"max-image-preview:large","max-video-preview":"max-video-preview:-1"},"canonical":"https:\/\/pmza.sk\/?p=72877","og_locale":"sk_SK","og_type":"article","og_title":"Ikona \u2013 Okno do neba - Pova\u017esk\u00e9 m\u00fazeum","og_description":"V kaplnke Budat\u00ednskeho hradu bude in\u0161talovan\u00e1 zauj\u00edmav\u00e1 v\u00fdstava s\u00a0n\u00e1zvom Ikona \u2013 okno do neba, ktor\u00e1 pod\u010diarkne duchovn\u00fd rozmer objektu. P\u00edsanie ikon je \u0161pecifick\u00fd druh kres\u0165ansk\u00e9ho umenia, ktor\u00e9 vzniklo v Byzantskej r\u00ed\u0161i a v ktorom platia ur\u010dit\u00e9 pravidl\u00e1. Ikony zobrazuj\u00fa biblick\u00e9 pr\u00edbehy, postavy sv\u00e4t\u00fdch, prorokov a anjelov. Je to teda Bo\u017eie slovo nap\u00edsan\u00e9 farbami, preto sa [&hellip;]","og_url":"https:\/\/pmza.sk\/?p=72877","og_site_name":"Pova\u017esk\u00e9 m\u00fazeum","article_publisher":"https:\/\/www.facebook.com\/povazskemuzeum","article_published_time":"2025-10-23T10:24:38+00:00","article_modified_time":"2026-02-02T07:14:58+00:00","og_image":[{"width":2560,"height":2560,"url":"https:\/\/pmza.sk\/wp-content\/uploads\/2025\/10\/Ikona_web-scaled.jpg","type":"image\/jpeg"}],"author":"Pova\u017esk\u00e9 m\u00fazeum","twitter_card":"summary_large_image","twitter_misc":{"Autor":"Pova\u017esk\u00e9 m\u00fazeum","Predpokladan\u00fd \u010das \u010d\u00edtania":"2 min\u00faty"},"schema":{"@context":"https:\/\/schema.org","@graph":[{"@type":"Article","@id":"https:\/\/pmza.sk\/?p=72877#article","isPartOf":{"@id":"https:\/\/pmza.sk\/?p=72877"},"author":{"name":"Pova\u017esk\u00e9 m\u00fazeum","@id":"https:\/\/pmza.sk\/#\/schema\/person\/595e6a2ce731ea94dcd5d7f50a41ae33"},"headline":"Ikona \u2013 Okno do neba","datePublished":"2025-10-23T10:24:38+00:00","dateModified":"2026-02-02T07:14:58+00:00","mainEntityOfPage":{"@id":"https:\/\/pmza.sk\/?p=72877"},"wordCount":340,"publisher":{"@id":"https:\/\/pmza.sk\/#organization"},"image":{"@id":"https:\/\/pmza.sk\/?p=72877#primaryimage"},"thumbnailUrl":"https:\/\/pmza.sk\/wp-content\/uploads\/2025\/10\/Ikona_web-scaled.jpg","articleSection":["V\u00fdstavy"],"inLanguage":"sk-SK"},{"@type":"WebPage","@id":"https:\/\/pmza.sk\/?p=72877","url":"https:\/\/pmza.sk\/?p=72877","name":"Ikona \u2013 Okno do neba - Pova\u017esk\u00e9 m\u00fazeum","isPartOf":{"@id":"https:\/\/pmza.sk\/#website"},"primaryImageOfPage":{"@id":"https:\/\/pmza.sk\/?p=72877#primaryimage"},"image":{"@id":"https:\/\/pmza.sk\/?p=72877#primaryimage"},"thumbnailUrl":"https:\/\/pmza.sk\/wp-content\/uploads\/2025\/10\/Ikona_web-scaled.jpg","datePublished":"2025-10-23T10:24:38+00:00","dateModified":"2026-02-02T07:14:58+00:00","breadcrumb":{"@id":"https:\/\/pmza.sk\/?p=72877#breadcrumb"},"inLanguage":"sk-SK","potentialAction":[{"@type":"ReadAction","target":["https:\/\/pmza.sk\/?p=72877"]}]},{"@type":"ImageObject","inLanguage":"sk-SK","@id":"https:\/\/pmza.sk\/?p=72877#primaryimage","url":"https:\/\/pmza.sk\/wp-content\/uploads\/2025\/10\/Ikona_web-scaled.jpg","contentUrl":"https:\/\/pmza.sk\/wp-content\/uploads\/2025\/10\/Ikona_web-scaled.jpg","width":2560,"height":2560},{"@type":"BreadcrumbList","@id":"https:\/\/pmza.sk\/?p=72877#breadcrumb","itemListElement":[{"@type":"ListItem","position":1,"name":"Domovsk\u00e1 str\u00e1nka","item":"https:\/\/pmza.sk\/"},{"@type":"ListItem","position":2,"name":"Ikona \u2013 Okno do neba"}]},{"@type":"WebSite","@id":"https:\/\/pmza.sk\/#website","url":"https:\/\/pmza.sk\/","name":"Pova\u017esk\u00e9 m\u00fazeum","description":"Pova\u017esk\u00e9 m\u00fazeum v \u017diline je region\u00e1lne m\u00fazeum so s\u00eddlom v Budat\u00edne. Jeho expoz\u00edcie s\u00fa zameran\u00e9 na dejiny slovensk\u00e9ho umenia, kult\u00fary a dopravy.","publisher":{"@id":"https:\/\/pmza.sk\/#organization"},"potentialAction":[{"@type":"SearchAction","target":{"@type":"EntryPoint","urlTemplate":"https:\/\/pmza.sk\/?s={search_term_string}"},"query-input":{"@type":"PropertyValueSpecification","valueRequired":true,"valueName":"search_term_string"}}],"inLanguage":"sk-SK"},{"@type":"Organization","@id":"https:\/\/pmza.sk\/#organization","name":"Pova\u017esk\u00e9 m\u00fazeum","url":"https:\/\/pmza.sk\/","logo":{"@type":"ImageObject","inLanguage":"sk-SK","@id":"https:\/\/pmza.sk\/#\/schema\/logo\/image\/","url":"https:\/\/pmza.sk\/wp-content\/uploads\/2022\/01\/logo_PM_horizontal.jpg","contentUrl":"https:\/\/pmza.sk\/wp-content\/uploads\/2022\/01\/logo_PM_horizontal.jpg","width":231,"height":142,"caption":"Pova\u017esk\u00e9 m\u00fazeum"},"image":{"@id":"https:\/\/pmza.sk\/#\/schema\/logo\/image\/"},"sameAs":["https:\/\/www.facebook.com\/povazskemuzeum","https:\/\/www.instagram.com\/povazskemuzeum\/"]},{"@type":"Person","@id":"https:\/\/pmza.sk\/#\/schema\/person\/595e6a2ce731ea94dcd5d7f50a41ae33","name":"Pova\u017esk\u00e9 m\u00fazeum","image":{"@type":"ImageObject","inLanguage":"sk-SK","@id":"https:\/\/secure.gravatar.com\/avatar\/2bb7f1561282132fb5826dfeccc66c7996d11ee392ac6aaf7ced8a1c2027fbb2?s=96&d=mm&r=g","url":"https:\/\/secure.gravatar.com\/avatar\/2bb7f1561282132fb5826dfeccc66c7996d11ee392ac6aaf7ced8a1c2027fbb2?s=96&d=mm&r=g","contentUrl":"https:\/\/secure.gravatar.com\/avatar\/2bb7f1561282132fb5826dfeccc66c7996d11ee392ac6aaf7ced8a1c2027fbb2?s=96&d=mm&r=g","caption":"Pova\u017esk\u00e9 m\u00fazeum"}}]}},"_links":{"self":[{"href":"https:\/\/pmza.sk\/index.php?rest_route=\/wp\/v2\/posts\/72877","targetHints":{"allow":["GET"]}}],"collection":[{"href":"https:\/\/pmza.sk\/index.php?rest_route=\/wp\/v2\/posts"}],"about":[{"href":"https:\/\/pmza.sk\/index.php?rest_route=\/wp\/v2\/types\/post"}],"author":[{"embeddable":true,"href":"https:\/\/pmza.sk\/index.php?rest_route=\/wp\/v2\/users\/2"}],"replies":[{"embeddable":true,"href":"https:\/\/pmza.sk\/index.php?rest_route=%2Fwp%2Fv2%2Fcomments&post=72877"}],"version-history":[{"count":0,"href":"https:\/\/pmza.sk\/index.php?rest_route=\/wp\/v2\/posts\/72877\/revisions"}],"wp:featuredmedia":[{"embeddable":true,"href":"https:\/\/pmza.sk\/index.php?rest_route=\/wp\/v2\/media\/72880"}],"wp:attachment":[{"href":"https:\/\/pmza.sk\/index.php?rest_route=%2Fwp%2Fv2%2Fmedia&parent=72877"}],"wp:term":[{"taxonomy":"category","embeddable":true,"href":"https:\/\/pmza.sk\/index.php?rest_route=%2Fwp%2Fv2%2Fcategories&post=72877"},{"taxonomy":"post_tag","embeddable":true,"href":"https:\/\/pmza.sk\/index.php?rest_route=%2Fwp%2Fv2%2Ftags&post=72877"}],"curies":[{"name":"wp","href":"https:\/\/api.w.org\/{rel}","templated":true}]}}