{"id":7309,"date":"2013-05-01T14:43:07","date_gmt":"2013-05-01T12:43:07","guid":{"rendered":"https:\/\/pmza.sk.sk\/?p=7309"},"modified":"2013-05-01T14:43:07","modified_gmt":"2013-05-01T12:43:07","slug":"vystava-preparatov-dravych-vtakov-spestri-aj-hradnu-skolu","status":"publish","type":"post","link":"https:\/\/pmza.sk\/?p=7309","title":{"rendered":"V\u00fdstava prepar\u00e1tov drav\u00fdch vt\u00e1kov spestr\u00ed aj Hradn\u00fa \u0161kolu"},"content":{"rendered":"<p><strong> <\/strong><\/p>\n<p><a href=\"https:\/\/pmza.sk\/wp-content\/uploads\/2013\/05\/Mysiak-lesny_Juraj-Ziak.jpg\"><img fetchpriority=\"high\" decoding=\"async\" class=\"alignleft size-medium wp-image-7310\" style=\"margin: 4px; border: 2px solid black;\" title=\"My\u0161iak lesn\u00fd_Juraj \u017diak\" src=\"https:\/\/pmza.sk.sk\/wp-content\/uploads\/2013\/05\/My\u0161iak-lesn\u00fd_Juraj-\u017diak-200x300.jpg\" alt=\"\" width=\"186\" height=\"278\" \/><\/a>Jedno z\u00a0najvyh\u013ead\u00e1vanej\u0161\u00edch podujat\u00ed Pova\u017esk\u00e9ho m\u00fazea v\u00a0\u017diline, ur\u010den\u00e9 \u017eiakom z\u00e1kladn\u00fdch \u0161k\u00f4l, vstupuje do svojho jeden\u00e1steho ro\u010dn\u00edka. Po\u010das Hradnej \u0161koly na hrade Stre\u010dno bud\u00fa tento rok \u017eiaci op\u00e4\u0165 spozn\u00e1va\u0165 zauj\u00edmav\u00fa pr\u00e1cu m\u00fazejn\u00fdch pracovn\u00edkov, ktor\u00ed ich zasv\u00e4tia do tajov re\u0161taurovania, preparovania, \u010di historick\u00e9ho b\u00e1dania. ,,<em>O\u00a0hradn\u00fa \u0161kolu ka\u017edoro\u010dne prejavuj\u00fa z\u00e1ujem desiatky \u0161k\u00f4l z\u00a0cel\u00e9ho regi\u00f3nu<\/em>. <em>Aj tento rok je prihl\u00e1sen\u00fdch u\u017e viac ako 600 \u00fa\u010dastn\u00edkov. Je jednou z\u00a0na\u0161ich prior\u00edt budova\u0165 vz\u0165ahy pr\u00e1ve so \u017eiakmi a\u00a0\u0161tudentmi a\u00a0sme radi, \u017ee aj t\u00fdmto podujat\u00edm sa k\u00a0tomuto cie\u013eu pribli\u017eujeme,\u201c <\/em>uviedol Ladislav Cimer\u00e1k, riadite\u013e Pova\u017esk\u00e9ho m\u00fazea v\u00a0\u017diline.<\/p>\n<p>Zauj\u00edmav\u00fdm spestren\u00edm podujatia je u\u017e ka\u017edoro\u010dne pr\u00edrodovedn\u00e1 v\u00fdstava. Tentoraz pracovn\u00edci zoologickej sekcie Pova\u017esk\u00e9ho m\u00fazea zaostrili svoju pozornos\u0165 na drav\u00e9 vt\u00e1ky \u2013 pred\u00e1torov. <!--more-->V\u00fdstava <strong><em>Vl\u00e1dcovia v\u00fd\u0161in<\/em><\/strong> pribli\u017euje n\u00e1v\u0161tevn\u00edkom hradu Stre\u010dno druhov\u00fa a\u00a0morfologick\u00fa rozmanitos\u0165 drav\u00fdch vt\u00e1kov, ktor\u00e9 sa vyskytuj\u00fa na \u00fazem\u00ed severoz\u00e1padn\u00e9ho Slovenska. V\u010faka svoj\u00edm vynikaj\u00facim letov\u00fdch schopnostiam ovl\u00e1dli ovzdu\u0161ie, mnoh\u00e9 sa zas prisp\u00f4sobili na lov koristi v\u00a0r\u00f4znych typoch povrchov\u00fdch v\u00f4d \u010di na zemi. ,,<em>Dravce musia by\u0165 v\u017edy o\u00a0krok pred svojou potenci\u00e1lnou koris\u0165ou, \u010domu zodpoved\u00e1 aj rozvoj a\u00a0\u0161trukt\u00fara ich centr\u00e1lnej nervovej s\u00fastavy a\u00a0pohybov\u00e9ho apar\u00e1tu. Zlo\u017eit\u00e9 a\u00a0r\u00fdchle pohyby koordinuje dobre vyvinut\u00fd mozo\u010dek. Dravce s\u00fa vyzbrojen\u00e9 tie\u017e dokonal\u00fdm zrakom. Aby konkr\u00e9tne druhy v\u00a0konkr\u00e9tnom prostred\u00ed zvolili energeticky najv\u00fdhodnej\u0161iu strat\u00e9giu lovu koristi, maj\u00fa dravce v\u00a0porovnan\u00ed s\u00a0in\u00fdmi skupinami vt\u00e1kov omnoho dokonalej\u0161ie vyvinut\u00e9 mozgov\u00e9 centr\u00e1 pre u\u010denie a\u00a0pam\u00e4\u0165. Najv\u00e4\u010d\u0161\u00edm dravcom, ktor\u00fd sa v\u00a0posledn\u00fdch rokoch objavuje na \u00fazem\u00ed severoz\u00e1padn\u00e9ho Slovenska po\u010das jarn\u00e9ho alebo jesenn\u00e9ho \u0165ahu a\u00a0taktie\u017e tu zimuje, je rybo\u017erav\u00fd orliak morsk\u00fd, s rozp\u00e4t\u00edm kr\u00eddel 2,4 m a\u00a0s hmotnos\u0165ou viac ako 6 kg. Druh\u00fdm najv\u00e4\u010d\u0161\u00edm drav\u00fdm vt\u00e1kom, ktor\u00fd tu aj pravidelne hniezdi, je orol skaln\u00fd,\u201c<\/em> uviedol Ladislav Hl\u00f4\u0161ka, zool\u00f3g Pova\u017esk\u00e9ho m\u00fazea v\u00a0\u017diline a\u00a0kur\u00e1tor v\u00fdstavy.<\/p>\n<p>V\u00fdstava Vl\u00e1dcovia v\u00fd\u0161in je na hrade Stre\u010dno u\u017e spr\u00edstupnen\u00e1 v\u0161etk\u00fdm n\u00e1v\u0161tevn\u00edkom a bude trva\u0165\u00a0<strong> do 26. j\u00fana<\/strong>. Podujatie Hradn\u00e1 \u0161kola je len pre objednan\u00e9 skupiny a\u00a0kon\u00e1 sa ka\u017ed\u00fd j\u00fanov\u00fd utorok. Organiz\u00e1torom je Pova\u017esk\u00e9\u00a0 m\u00fazeum v\u00a0\u017diline v\u00a0zria\u010fovate\u013eskej p\u00f4sobnosti \u017dilinsk\u00e9ho samospr\u00e1vneho kraja.<\/p>\n","protected":false},"excerpt":{"rendered":"<p>Jedno z\u00a0najvyh\u013ead\u00e1vanej\u0161\u00edch podujat\u00ed Pova\u017esk\u00e9ho m\u00fazea v\u00a0\u017diline, ur\u010den\u00e9 \u017eiakom z\u00e1kladn\u00fdch \u0161k\u00f4l, vstupuje do svojho jeden\u00e1steho ro\u010dn\u00edka. Po\u010das Hradnej \u0161koly na hrade Stre\u010dno bud\u00fa tento rok \u017eiaci op\u00e4\u0165 spozn\u00e1va\u0165 zauj\u00edmav\u00fa pr\u00e1cu m\u00fazejn\u00fdch pracovn\u00edkov, ktor\u00ed ich zasv\u00e4tia do tajov re\u0161taurovania, preparovania, \u010di historick\u00e9ho b\u00e1dania. ,,O\u00a0hradn\u00fa \u0161kolu ka\u017edoro\u010dne prejavuj\u00fa z\u00e1ujem desiatky \u0161k\u00f4l z\u00a0cel\u00e9ho regi\u00f3nu. Aj tento rok je prihl\u00e1sen\u00fdch [&hellip;]<\/p>\n","protected":false},"author":2,"featured_media":0,"comment_status":"closed","ping_status":"closed","sticky":false,"template":"","format":"standard","meta":{"site-sidebar-layout":"default","site-content-layout":"","ast-site-content-layout":"","site-content-style":"default","site-sidebar-style":"default","ast-global-header-display":"","ast-banner-title-visibility":"","ast-main-header-display":"","ast-hfb-above-header-display":"","ast-hfb-below-header-display":"","ast-hfb-mobile-header-display":"","site-post-title":"","ast-breadcrumbs-content":"","ast-featured-img":"","footer-sml-layout":"","theme-transparent-header-meta":"","adv-header-id-meta":"","stick-header-meta":"","header-above-stick-meta":"","header-main-stick-meta":"","header-below-stick-meta":"","astra-migrate-meta-layouts":"default","ast-page-background-enabled":"default","ast-page-background-meta":{"desktop":{"background-color":"var(--ast-global-color-4)","background-image":"","background-repeat":"repeat","background-position":"center center","background-size":"auto","background-attachment":"scroll","background-type":"","background-media":"","overlay-type":"","overlay-color":"","overlay-opacity":"","overlay-gradient":""},"tablet":{"background-color":"","background-image":"","background-repeat":"repeat","background-position":"center center","background-size":"auto","background-attachment":"scroll","background-type":"","background-media":"","overlay-type":"","overlay-color":"","overlay-opacity":"","overlay-gradient":""},"mobile":{"background-color":"","background-image":"","background-repeat":"repeat","background-position":"center center","background-size":"auto","background-attachment":"scroll","background-type":"","background-media":"","overlay-type":"","overlay-color":"","overlay-opacity":"","overlay-gradient":""}},"ast-content-background-meta":{"desktop":{"background-color":"var(--ast-global-color-5)","background-image":"","background-repeat":"repeat","background-position":"center center","background-size":"auto","background-attachment":"scroll","background-type":"","background-media":"","overlay-type":"","overlay-color":"","overlay-opacity":"","overlay-gradient":""},"tablet":{"background-color":"var(--ast-global-color-5)","background-image":"","background-repeat":"repeat","background-position":"center center","background-size":"auto","background-attachment":"scroll","background-type":"","background-media":"","overlay-type":"","overlay-color":"","overlay-opacity":"","overlay-gradient":""},"mobile":{"background-color":"var(--ast-global-color-5)","background-image":"","background-repeat":"repeat","background-position":"center center","background-size":"auto","background-attachment":"scroll","background-type":"","background-media":"","overlay-type":"","overlay-color":"","overlay-opacity":"","overlay-gradient":""}},"footnotes":""},"categories":[33],"tags":[],"class_list":["post-7309","post","type-post","status-publish","format-standard","hentry","category-archiv-2013"],"yoast_head":"<!-- This site is optimized with the Yoast SEO plugin v27.4 - https:\/\/yoast.com\/product\/yoast-seo-wordpress\/ -->\n<title>V\u00fdstava prepar\u00e1tov drav\u00fdch vt\u00e1kov spestr\u00ed aj Hradn\u00fa \u0161kolu - Pova\u017esk\u00e9 m\u00fazeum<\/title>\n<meta name=\"robots\" content=\"index, follow, max-snippet:-1, max-image-preview:large, max-video-preview:-1\" \/>\n<link rel=\"canonical\" href=\"https:\/\/pmza.sk\/?p=7309\" \/>\n<meta property=\"og:locale\" content=\"sk_SK\" \/>\n<meta property=\"og:type\" content=\"article\" \/>\n<meta property=\"og:title\" content=\"V\u00fdstava prepar\u00e1tov drav\u00fdch vt\u00e1kov spestr\u00ed aj Hradn\u00fa \u0161kolu - Pova\u017esk\u00e9 m\u00fazeum\" \/>\n<meta property=\"og:description\" content=\"Jedno z\u00a0najvyh\u013ead\u00e1vanej\u0161\u00edch podujat\u00ed Pova\u017esk\u00e9ho m\u00fazea v\u00a0\u017diline, ur\u010den\u00e9 \u017eiakom z\u00e1kladn\u00fdch \u0161k\u00f4l, vstupuje do svojho jeden\u00e1steho ro\u010dn\u00edka. Po\u010das Hradnej \u0161koly na hrade Stre\u010dno bud\u00fa tento rok \u017eiaci op\u00e4\u0165 spozn\u00e1va\u0165 zauj\u00edmav\u00fa pr\u00e1cu m\u00fazejn\u00fdch pracovn\u00edkov, ktor\u00ed ich zasv\u00e4tia do tajov re\u0161taurovania, preparovania, \u010di historick\u00e9ho b\u00e1dania. ,,O\u00a0hradn\u00fa \u0161kolu ka\u017edoro\u010dne prejavuj\u00fa z\u00e1ujem desiatky \u0161k\u00f4l z\u00a0cel\u00e9ho regi\u00f3nu. Aj tento rok je prihl\u00e1sen\u00fdch [&hellip;]\" \/>\n<meta property=\"og:url\" content=\"https:\/\/pmza.sk\/?p=7309\" \/>\n<meta property=\"og:site_name\" content=\"Pova\u017esk\u00e9 m\u00fazeum\" \/>\n<meta property=\"article:publisher\" content=\"https:\/\/www.facebook.com\/povazskemuzeum\" \/>\n<meta property=\"article:published_time\" content=\"2013-05-01T12:43:07+00:00\" \/>\n<meta name=\"author\" content=\"Pova\u017esk\u00e9 m\u00fazeum\" \/>\n<meta name=\"twitter:card\" content=\"summary_large_image\" \/>\n<meta name=\"twitter:label1\" content=\"Autor\" \/>\n\t<meta name=\"twitter:data1\" content=\"Pova\u017esk\u00e9 m\u00fazeum\" \/>\n\t<meta name=\"twitter:label2\" content=\"Predpokladan\u00fd \u010das \u010d\u00edtania\" \/>\n\t<meta name=\"twitter:data2\" content=\"2 min\u00faty\" \/>\n<script type=\"application\/ld+json\" class=\"yoast-schema-graph\">{\"@context\":\"https:\\\/\\\/schema.org\",\"@graph\":[{\"@type\":\"Article\",\"@id\":\"https:\\\/\\\/pmza.sk\\\/?p=7309#article\",\"isPartOf\":{\"@id\":\"https:\\\/\\\/pmza.sk\\\/?p=7309\"},\"author\":{\"name\":\"Pova\u017esk\u00e9 m\u00fazeum\",\"@id\":\"https:\\\/\\\/pmza.sk\\\/#\\\/schema\\\/person\\\/595e6a2ce731ea94dcd5d7f50a41ae33\"},\"headline\":\"V\u00fdstava prepar\u00e1tov drav\u00fdch vt\u00e1kov spestr\u00ed aj Hradn\u00fa \u0161kolu\",\"datePublished\":\"2013-05-01T12:43:07+00:00\",\"mainEntityOfPage\":{\"@id\":\"https:\\\/\\\/pmza.sk\\\/?p=7309\"},\"wordCount\":482,\"publisher\":{\"@id\":\"https:\\\/\\\/pmza.sk\\\/#organization\"},\"articleSection\":[\"Arch\u00edv 2013\"],\"inLanguage\":\"sk-SK\"},{\"@type\":\"WebPage\",\"@id\":\"https:\\\/\\\/pmza.sk\\\/?p=7309\",\"url\":\"https:\\\/\\\/pmza.sk\\\/?p=7309\",\"name\":\"V\u00fdstava prepar\u00e1tov drav\u00fdch vt\u00e1kov spestr\u00ed aj Hradn\u00fa \u0161kolu - Pova\u017esk\u00e9 m\u00fazeum\",\"isPartOf\":{\"@id\":\"https:\\\/\\\/pmza.sk\\\/#website\"},\"datePublished\":\"2013-05-01T12:43:07+00:00\",\"breadcrumb\":{\"@id\":\"https:\\\/\\\/pmza.sk\\\/?p=7309#breadcrumb\"},\"inLanguage\":\"sk-SK\",\"potentialAction\":[{\"@type\":\"ReadAction\",\"target\":[\"https:\\\/\\\/pmza.sk\\\/?p=7309\"]}]},{\"@type\":\"BreadcrumbList\",\"@id\":\"https:\\\/\\\/pmza.sk\\\/?p=7309#breadcrumb\",\"itemListElement\":[{\"@type\":\"ListItem\",\"position\":1,\"name\":\"Domovsk\u00e1 str\u00e1nka\",\"item\":\"https:\\\/\\\/pmza.sk\\\/\"},{\"@type\":\"ListItem\",\"position\":2,\"name\":\"V\u00fdstava prepar\u00e1tov drav\u00fdch vt\u00e1kov spestr\u00ed aj Hradn\u00fa \u0161kolu\"}]},{\"@type\":\"WebSite\",\"@id\":\"https:\\\/\\\/pmza.sk\\\/#website\",\"url\":\"https:\\\/\\\/pmza.sk\\\/\",\"name\":\"Pova\u017esk\u00e9 m\u00fazeum\",\"description\":\"Pova\u017esk\u00e9 m\u00fazeum v \u017diline je region\u00e1lne m\u00fazeum so s\u00eddlom v Budat\u00edne. Jeho expoz\u00edcie s\u00fa zameran\u00e9 na dejiny slovensk\u00e9ho umenia, kult\u00fary a dopravy.\",\"publisher\":{\"@id\":\"https:\\\/\\\/pmza.sk\\\/#organization\"},\"potentialAction\":[{\"@type\":\"SearchAction\",\"target\":{\"@type\":\"EntryPoint\",\"urlTemplate\":\"https:\\\/\\\/pmza.sk\\\/?s={search_term_string}\"},\"query-input\":{\"@type\":\"PropertyValueSpecification\",\"valueRequired\":true,\"valueName\":\"search_term_string\"}}],\"inLanguage\":\"sk-SK\"},{\"@type\":\"Organization\",\"@id\":\"https:\\\/\\\/pmza.sk\\\/#organization\",\"name\":\"Pova\u017esk\u00e9 m\u00fazeum\",\"url\":\"https:\\\/\\\/pmza.sk\\\/\",\"logo\":{\"@type\":\"ImageObject\",\"inLanguage\":\"sk-SK\",\"@id\":\"https:\\\/\\\/pmza.sk\\\/#\\\/schema\\\/logo\\\/image\\\/\",\"url\":\"https:\\\/\\\/pmza.sk\\\/wp-content\\\/uploads\\\/2022\\\/01\\\/logo_PM_horizontal.jpg\",\"contentUrl\":\"https:\\\/\\\/pmza.sk\\\/wp-content\\\/uploads\\\/2022\\\/01\\\/logo_PM_horizontal.jpg\",\"width\":231,\"height\":142,\"caption\":\"Pova\u017esk\u00e9 m\u00fazeum\"},\"image\":{\"@id\":\"https:\\\/\\\/pmza.sk\\\/#\\\/schema\\\/logo\\\/image\\\/\"},\"sameAs\":[\"https:\\\/\\\/www.facebook.com\\\/povazskemuzeum\",\"https:\\\/\\\/www.instagram.com\\\/povazskemuzeum\\\/\"]},{\"@type\":\"Person\",\"@id\":\"https:\\\/\\\/pmza.sk\\\/#\\\/schema\\\/person\\\/595e6a2ce731ea94dcd5d7f50a41ae33\",\"name\":\"Pova\u017esk\u00e9 m\u00fazeum\",\"image\":{\"@type\":\"ImageObject\",\"inLanguage\":\"sk-SK\",\"@id\":\"https:\\\/\\\/secure.gravatar.com\\\/avatar\\\/2bb7f1561282132fb5826dfeccc66c7996d11ee392ac6aaf7ced8a1c2027fbb2?s=96&d=mm&r=g\",\"url\":\"https:\\\/\\\/secure.gravatar.com\\\/avatar\\\/2bb7f1561282132fb5826dfeccc66c7996d11ee392ac6aaf7ced8a1c2027fbb2?s=96&d=mm&r=g\",\"contentUrl\":\"https:\\\/\\\/secure.gravatar.com\\\/avatar\\\/2bb7f1561282132fb5826dfeccc66c7996d11ee392ac6aaf7ced8a1c2027fbb2?s=96&d=mm&r=g\",\"caption\":\"Pova\u017esk\u00e9 m\u00fazeum\"}}]}<\/script>\n<!-- \/ Yoast SEO plugin. -->","yoast_head_json":{"title":"V\u00fdstava prepar\u00e1tov drav\u00fdch vt\u00e1kov spestr\u00ed aj Hradn\u00fa \u0161kolu - Pova\u017esk\u00e9 m\u00fazeum","robots":{"index":"index","follow":"follow","max-snippet":"max-snippet:-1","max-image-preview":"max-image-preview:large","max-video-preview":"max-video-preview:-1"},"canonical":"https:\/\/pmza.sk\/?p=7309","og_locale":"sk_SK","og_type":"article","og_title":"V\u00fdstava prepar\u00e1tov drav\u00fdch vt\u00e1kov spestr\u00ed aj Hradn\u00fa \u0161kolu - Pova\u017esk\u00e9 m\u00fazeum","og_description":"Jedno z\u00a0najvyh\u013ead\u00e1vanej\u0161\u00edch podujat\u00ed Pova\u017esk\u00e9ho m\u00fazea v\u00a0\u017diline, ur\u010den\u00e9 \u017eiakom z\u00e1kladn\u00fdch \u0161k\u00f4l, vstupuje do svojho jeden\u00e1steho ro\u010dn\u00edka. Po\u010das Hradnej \u0161koly na hrade Stre\u010dno bud\u00fa tento rok \u017eiaci op\u00e4\u0165 spozn\u00e1va\u0165 zauj\u00edmav\u00fa pr\u00e1cu m\u00fazejn\u00fdch pracovn\u00edkov, ktor\u00ed ich zasv\u00e4tia do tajov re\u0161taurovania, preparovania, \u010di historick\u00e9ho b\u00e1dania. ,,O\u00a0hradn\u00fa \u0161kolu ka\u017edoro\u010dne prejavuj\u00fa z\u00e1ujem desiatky \u0161k\u00f4l z\u00a0cel\u00e9ho regi\u00f3nu. Aj tento rok je prihl\u00e1sen\u00fdch [&hellip;]","og_url":"https:\/\/pmza.sk\/?p=7309","og_site_name":"Pova\u017esk\u00e9 m\u00fazeum","article_publisher":"https:\/\/www.facebook.com\/povazskemuzeum","article_published_time":"2013-05-01T12:43:07+00:00","author":"Pova\u017esk\u00e9 m\u00fazeum","twitter_card":"summary_large_image","twitter_misc":{"Autor":"Pova\u017esk\u00e9 m\u00fazeum","Predpokladan\u00fd \u010das \u010d\u00edtania":"2 min\u00faty"},"schema":{"@context":"https:\/\/schema.org","@graph":[{"@type":"Article","@id":"https:\/\/pmza.sk\/?p=7309#article","isPartOf":{"@id":"https:\/\/pmza.sk\/?p=7309"},"author":{"name":"Pova\u017esk\u00e9 m\u00fazeum","@id":"https:\/\/pmza.sk\/#\/schema\/person\/595e6a2ce731ea94dcd5d7f50a41ae33"},"headline":"V\u00fdstava prepar\u00e1tov drav\u00fdch vt\u00e1kov spestr\u00ed aj Hradn\u00fa \u0161kolu","datePublished":"2013-05-01T12:43:07+00:00","mainEntityOfPage":{"@id":"https:\/\/pmza.sk\/?p=7309"},"wordCount":482,"publisher":{"@id":"https:\/\/pmza.sk\/#organization"},"articleSection":["Arch\u00edv 2013"],"inLanguage":"sk-SK"},{"@type":"WebPage","@id":"https:\/\/pmza.sk\/?p=7309","url":"https:\/\/pmza.sk\/?p=7309","name":"V\u00fdstava prepar\u00e1tov drav\u00fdch vt\u00e1kov spestr\u00ed aj Hradn\u00fa \u0161kolu - Pova\u017esk\u00e9 m\u00fazeum","isPartOf":{"@id":"https:\/\/pmza.sk\/#website"},"datePublished":"2013-05-01T12:43:07+00:00","breadcrumb":{"@id":"https:\/\/pmza.sk\/?p=7309#breadcrumb"},"inLanguage":"sk-SK","potentialAction":[{"@type":"ReadAction","target":["https:\/\/pmza.sk\/?p=7309"]}]},{"@type":"BreadcrumbList","@id":"https:\/\/pmza.sk\/?p=7309#breadcrumb","itemListElement":[{"@type":"ListItem","position":1,"name":"Domovsk\u00e1 str\u00e1nka","item":"https:\/\/pmza.sk\/"},{"@type":"ListItem","position":2,"name":"V\u00fdstava prepar\u00e1tov drav\u00fdch vt\u00e1kov spestr\u00ed aj Hradn\u00fa \u0161kolu"}]},{"@type":"WebSite","@id":"https:\/\/pmza.sk\/#website","url":"https:\/\/pmza.sk\/","name":"Pova\u017esk\u00e9 m\u00fazeum","description":"Pova\u017esk\u00e9 m\u00fazeum v \u017diline je region\u00e1lne m\u00fazeum so s\u00eddlom v Budat\u00edne. Jeho expoz\u00edcie s\u00fa zameran\u00e9 na dejiny slovensk\u00e9ho umenia, kult\u00fary a dopravy.","publisher":{"@id":"https:\/\/pmza.sk\/#organization"},"potentialAction":[{"@type":"SearchAction","target":{"@type":"EntryPoint","urlTemplate":"https:\/\/pmza.sk\/?s={search_term_string}"},"query-input":{"@type":"PropertyValueSpecification","valueRequired":true,"valueName":"search_term_string"}}],"inLanguage":"sk-SK"},{"@type":"Organization","@id":"https:\/\/pmza.sk\/#organization","name":"Pova\u017esk\u00e9 m\u00fazeum","url":"https:\/\/pmza.sk\/","logo":{"@type":"ImageObject","inLanguage":"sk-SK","@id":"https:\/\/pmza.sk\/#\/schema\/logo\/image\/","url":"https:\/\/pmza.sk\/wp-content\/uploads\/2022\/01\/logo_PM_horizontal.jpg","contentUrl":"https:\/\/pmza.sk\/wp-content\/uploads\/2022\/01\/logo_PM_horizontal.jpg","width":231,"height":142,"caption":"Pova\u017esk\u00e9 m\u00fazeum"},"image":{"@id":"https:\/\/pmza.sk\/#\/schema\/logo\/image\/"},"sameAs":["https:\/\/www.facebook.com\/povazskemuzeum","https:\/\/www.instagram.com\/povazskemuzeum\/"]},{"@type":"Person","@id":"https:\/\/pmza.sk\/#\/schema\/person\/595e6a2ce731ea94dcd5d7f50a41ae33","name":"Pova\u017esk\u00e9 m\u00fazeum","image":{"@type":"ImageObject","inLanguage":"sk-SK","@id":"https:\/\/secure.gravatar.com\/avatar\/2bb7f1561282132fb5826dfeccc66c7996d11ee392ac6aaf7ced8a1c2027fbb2?s=96&d=mm&r=g","url":"https:\/\/secure.gravatar.com\/avatar\/2bb7f1561282132fb5826dfeccc66c7996d11ee392ac6aaf7ced8a1c2027fbb2?s=96&d=mm&r=g","contentUrl":"https:\/\/secure.gravatar.com\/avatar\/2bb7f1561282132fb5826dfeccc66c7996d11ee392ac6aaf7ced8a1c2027fbb2?s=96&d=mm&r=g","caption":"Pova\u017esk\u00e9 m\u00fazeum"}}]}},"_links":{"self":[{"href":"https:\/\/pmza.sk\/index.php?rest_route=\/wp\/v2\/posts\/7309","targetHints":{"allow":["GET"]}}],"collection":[{"href":"https:\/\/pmza.sk\/index.php?rest_route=\/wp\/v2\/posts"}],"about":[{"href":"https:\/\/pmza.sk\/index.php?rest_route=\/wp\/v2\/types\/post"}],"author":[{"embeddable":true,"href":"https:\/\/pmza.sk\/index.php?rest_route=\/wp\/v2\/users\/2"}],"replies":[{"embeddable":true,"href":"https:\/\/pmza.sk\/index.php?rest_route=%2Fwp%2Fv2%2Fcomments&post=7309"}],"version-history":[{"count":0,"href":"https:\/\/pmza.sk\/index.php?rest_route=\/wp\/v2\/posts\/7309\/revisions"}],"wp:attachment":[{"href":"https:\/\/pmza.sk\/index.php?rest_route=%2Fwp%2Fv2%2Fmedia&parent=7309"}],"wp:term":[{"taxonomy":"category","embeddable":true,"href":"https:\/\/pmza.sk\/index.php?rest_route=%2Fwp%2Fv2%2Fcategories&post=7309"},{"taxonomy":"post_tag","embeddable":true,"href":"https:\/\/pmza.sk\/index.php?rest_route=%2Fwp%2Fv2%2Ftags&post=7309"}],"curies":[{"name":"wp","href":"https:\/\/api.w.org\/{rel}","templated":true}]}}