{"id":73200,"date":"2025-11-07T12:54:39","date_gmt":"2025-11-07T11:54:39","guid":{"rendered":"https:\/\/pmza.sk\/?p=73200"},"modified":"2026-02-27T07:49:37","modified_gmt":"2026-02-27T06:49:37","slug":"predkovia-rodu-balasa","status":"publish","type":"post","link":"https:\/\/pmza.sk\/?p=73200","title":{"rendered":"Majitelia Budat\u00ednskeho hradu (1. \u010das\u0165)"},"content":{"rendered":"<p><strong>Predkovia rodu Bala\u0161a<\/strong><\/p>\n<p>Prv\u00fdmi majite\u013emi \u00fazemia na s\u00fatoku riek Kysuca a V\u00e1h, ktor\u00e9 patrilo k Ja\u010dat\u00ednu (Kysuck\u00e9 Nov\u00e9 Mesto) a nesk\u00f4r bolo s\u00fa\u010das\u0165ou Var\u00ednskeho panstva, sa stali predkovia rodu Bala\u0161a (Balassa) <strong>Michal <\/strong>a<strong>\u00a0Detrik II<\/strong>.. Z\u00edskali ho od Bela IV. listinou z 24. okt\u00f3bra 1254. Pravdepodobne z ich iniciat\u00edvy bola na tomto \u00fazem\u00ed vybudovan\u00e1 opevnen\u00e1 ve\u017ea Budat\u00edn, ktor\u00e1 plnila \u00falohu bli\u017e\u0161ieho spr\u00e1vneho centra pri rieke a chr\u00e1nila brod V\u00e1hu na obchodnej ceste zo \u017diliny do Sliezska (obr. \u010d. 1). Predkovia rodu Bala\u0161a na konci 13. storo\u010dia pri\u0161li o svoje majetky vojensk\u00fdm z\u00e1sahom Mat\u00fa\u0161a \u010c\u00e1ka Tren\u010dianskeho. Po jeho smrti v roku 1321, Budat\u00edn a ostatn\u00e9 hrady z\u00edskali sp\u00e4\u0165 od panovn\u00edka Karola R\u00f3berta. Kr\u00e1\u013eovsk\u00e1 listina o navr\u00e1ten\u00ed majetkov z 1. m\u00e1ja\u00a0 1321 bola vystaven\u00e1 pre Biterovho syna Petra a vnuka Juraja a je prvou p\u00edsomnou zmienkou o existencii Budat\u00ednskeho hradu. Predkovia rodu Bala\u0161a Budat\u00edn nakoniec vlastnili do roku 1323, kedy sa stal kr\u00e1\u013eovsk\u00fdm majetkom.<\/p>\n<p>V 13. a 14. storo\u010d\u00ed predkovia rodu Bala\u0161a zast\u00e1vali d\u00f4le\u017eit\u00e9 funkcie v \u017eupnej spr\u00e1ve. Napr\u00edklad ako zvolensk\u00ed \u017eupani st\u00e1li pri zrode Zvolenskej ve\u013e\u017eupy, kde sa nach\u00e1dzali ich p\u00f4vodn\u00e9 majetky. T\u00fato poz\u00edciu si udr\u017eali necel\u00fdch 120 rokov (1222 \u2013 1338), prakticky a\u017e do z\u00e1niku \u017eupy. Okrem majetkov na Hornom Pova\u017e\u00ed im patrili majetky v hontianskej a novohradskej \u017eupe.<\/p>\n<p>Najv\u00fdznamnej\u0161\u00edm pre dejiny rodu Bala\u0161a po Synkovi, najstar\u0161om zn\u00e1mom predkovi, bol jeho syn Detrik I. zv. Ve\u013ek\u00fd (1222 \u2013 1246). Bol prv\u00fdm zvolensk\u00fdm \u017eupanom. Pred jeho zvolen\u00edm, zast\u00e1val pre kr\u00e1\u013ea Ondreja II. funkcie kr\u00e1\u013eovsk\u00e9ho \u010dloveka (<em>homo regius<\/em>) a\u00a0kr\u00e1\u013eovsk\u00e9ho prokur\u00e1tora. Prejaven\u00e1 d\u00f4vera kr\u00e1\u013ea sa odzrkadlila aj na Detrikovom vlastn\u00edctve p\u00f4dy. Za svoje z\u00e1sluhy vo\u010di panovn\u00edkovi z\u00edskal rozsiahle majetky (v roku 1229 to bolo jednor\u00e1zovo 10 poplu\u017e\u00ed zeme v\u00a0Bor\u0161ode), a\u00a0tak sa predkovia rodu Bala\u0161a zaradili medzi vysok\u00fa \u0161\u013eachtu (<em>barones regni ex officio<\/em>). Detrik I. mal troch synov <strong>Mika I.<\/strong>, Mikul\u00e1\u0161a a\u00a0<strong>Detrika II<\/strong>., ktor\u00ed zalo\u017eili tri samostatn\u00e9 vetvy.<\/p>\n<p><strong>Miko I.<\/strong> je najd\u00f4le\u017eitej\u0161\u00ed zo v\u0161etk\u00fdch synov, preto\u017ee v jeho rodovej l\u00ednii sa nach\u00e1dzaj\u00fa neskor\u0161\u00ed Bala\u0161ovci. Jeho syn <strong>Michal<\/strong> v\u00a0rokoch 1253 \u2013 1270 zast\u00e1val funkciu zvolensk\u00e9ho \u017eupana. V\u00a0roku 1273 z\u00edskal od panovn\u00edka mand\u00e1t o op\u00e4tovnom nadobudnut\u00ed kr\u00e1\u013eovsk\u00fdch majetkov, ktor\u00e9 boli v\u00a0tom \u010dase neopr\u00e1vnene zabran\u00e9 in\u00fdmi \u0161\u013eachticmi.<\/p>\n<p><strong>Detrik II<\/strong>., spi\u0161sk\u00fd \u017eupan (1250 \u2013 1254), sa spolu so svoj\u00edm bratom Mikom I. dohodli pred rokom 1254 s\u00a0kr\u00e1\u013eom Belom IV. na v\u00fdmene svojich majetkov na Orave, Turci a\u00a0Liptove za majetky Tepli\u010dka, Var\u00edn a\u00a0\u017dilina.<\/p>\n<p>V roku 1323 doch\u00e1dza k\u00a0v\u00fdmene majetkov v\u00a0rode. Mikova l\u00ednia rodu z\u00edskava za Var\u00edn a\u00a0hrad Su\u010dany od magistra Don\u010da (z Mikul\u00e1\u0161ovej l\u00ednie) \u010earmoty a\u00a0Modr\u00fd Kame\u0148, od ktor\u00fdch si za\u010dali \u010dlenovia rodu p\u00edsa\u0165 pr\u00eddomok <em>\u201e<\/em><em>de Gyarmath \u00e9s K\u00e9kk<\/em><em>\u0151<\/em><em>, Gyarmati,<\/em> alebo<em> Modrokamensk\u00ed<\/em><em>\u201c<\/em>. Rodov\u00e9 meno Balassa za\u010dali pou\u017e\u00edva\u0165 a\u017e potomkovia Bal\u00e1\u017ea z \u010earm\u00f4t (dol. 1364 \u2013 1388), ktor\u00fd bol pod\u017eupanom R\u00e1bak\u00f6zu a kastel\u00e1nom na kr\u00e1\u013eovskom hrade Kapa v \u0160opronskej \u017eupe. Bala\u0161ovci z\u00edskali za svoje slu\u017eby panovn\u00edkom nesk\u00f4r vysok\u00e9 hodnosti \u2013 dedi\u010dn\u00e9ho bar\u00f3na (<em>barones solo nomine<\/em>) (1561) a\u00a0gr\u00f3fa (1664).<\/p>\n<p>* Uveden\u00ed predkovia rodu Bala\u0161a, ktor\u00ed dali postavi\u0165 Budat\u00edn, z moci svojho \u00faradu pou\u017e\u00edvali v\u00e4\u010d\u0161inou \u00faradn\u00e9 pe\u010date (obr. \u010d. 2) v mene kr\u00e1\u013ea, nemali jednotn\u00fd rodov\u00fd erb. V\u00fdnimkou bol magister Don\u010d (okolo roku 1277 \u2013 po roku 1345), ktor\u00fd u\u017e\u00edval vlastn\u00fd \u00fapln\u00fd erb, ktor\u00fd mu panovn\u00edk Karol R\u00f3bert polep\u0161il arm\u00e1lesom v roku 1327. Povolil mu zmeni\u0165 strieborn\u00e9 fig\u00fary na \u0161t\u00edte, na zlat\u00e9 (obr. \u010d. 3). Najstar\u0161\u00ed zn\u00e1my doklad o podobe erbu rodu Bala\u0161a je z pe\u010date J\u00e1na Bala\u0161u z roku 1572 &#8211; v \u010dervenom poli je \u010dierna zubria hlava so zlat\u00fdmi rohmi. Po pravej strane hlavy je zlat\u00e1 hviezdi\u010dka a po \u013eavej strane strieborn\u00fd polmesiac. Od pov\u00fd\u0161enia do bar\u00f3nskeho stavu a udelenia vyznamenania Dra\u010dieho r\u00e1du Melchiorovi v roku 1561, mali Bala\u0161ovci erb obkolesen\u00fd korunovan\u00fdm zelen\u00fdm drakom (obr. \u010d. 4).<\/p>\n<div class=\"wp-block-image\"><img fetchpriority=\"high\" decoding=\"async\" class=\"wpa-warning wpa-image-missing-alt alignnone size-medium wp-image-73201\" src=\"https:\/\/pmza.sk\/wp-content\/uploads\/2025\/11\/IMG_1377-540x360.jpg\" alt=\"\" width=\"540\" height=\"360\" data-warning=\"Missing alt text\" srcset=\"https:\/\/pmza.sk\/wp-content\/uploads\/2025\/11\/IMG_1377-540x360.jpg 540w, https:\/\/pmza.sk\/wp-content\/uploads\/2025\/11\/IMG_1377-1104x736.jpg 1104w, https:\/\/pmza.sk\/wp-content\/uploads\/2025\/11\/IMG_1377-768x512.jpg 768w, https:\/\/pmza.sk\/wp-content\/uploads\/2025\/11\/IMG_1377-1536x1024.jpg 1536w, https:\/\/pmza.sk\/wp-content\/uploads\/2025\/11\/IMG_1377-2048x1365.jpg 2048w, https:\/\/pmza.sk\/wp-content\/uploads\/2025\/11\/IMG_1377-600x400.jpg 600w\" sizes=\"(max-width: 540px) 100vw, 540px\" \/><\/div>\n<div>Budat\u00ednsky hrad. Podoba okolo roku 1300 v mierke 1 : 72. Autor modelu P. \u0160imko, 2019. (Expoz\u00edcia Budat\u00ednskeho hradu)<\/div>\n<div><\/div>\n<div><\/div>\n<div>\n<div class=\"wp-block-image\"><img decoding=\"async\" class=\"wpa-warning wpa-image-missing-alt alignnone size-full wp-image-73202\" src=\"https:\/\/pmza.sk\/wp-content\/uploads\/2025\/11\/Obr-c-2.png\" alt=\"\" width=\"226\" height=\"254\" data-warning=\"Missing alt text\" \/><\/div>\n<\/div>\n<p>Pe\u010da\u0165 zvolensk\u00e9ho \u017eupana Michala. (Zdroj: L. VRTE\u013d)<\/p>\n<p>&nbsp;<\/p>\n<div class=\"wp-block-image\"><img decoding=\"async\" class=\"wpa-warning wpa-image-missing-alt alignnone size-medium wp-image-73203\" src=\"https:\/\/pmza.sk\/wp-content\/uploads\/2025\/11\/Obr-c-3-239x360.png\" alt=\"\" width=\"239\" height=\"360\" data-warning=\"Missing alt text\" srcset=\"https:\/\/pmza.sk\/wp-content\/uploads\/2025\/11\/Obr-c-3-239x360.png 239w, https:\/\/pmza.sk\/wp-content\/uploads\/2025\/11\/Obr-c-3-489x736.png 489w, https:\/\/pmza.sk\/wp-content\/uploads\/2025\/11\/Obr-c-3.png 506w\" sizes=\"(max-width: 239px) 100vw, 239px\" \/><\/div>\n<div>Polep\u0161en\u00fd erb magistra Don\u010da od Karola R\u00f3berta. (Zdroj: L. VRTE\u013d)<\/div>\n<div><\/div>\n<div>\n<div class=\"wp-block-image\"><img loading=\"lazy\" decoding=\"async\" class=\"wpa-warning wpa-image-missing-alt alignnone size-medium wp-image-73204\" src=\"https:\/\/pmza.sk\/wp-content\/uploads\/2025\/11\/Obr-c-4-357x360.png\" alt=\"\" width=\"357\" height=\"360\" data-warning=\"Missing alt text\" srcset=\"https:\/\/pmza.sk\/wp-content\/uploads\/2025\/11\/Obr-c-4-357x360.png 357w, https:\/\/pmza.sk\/wp-content\/uploads\/2025\/11\/Obr-c-4-100x100.png 100w, https:\/\/pmza.sk\/wp-content\/uploads\/2025\/11\/Obr-c-4.png 506w\" sizes=\"(max-width: 357px) 100vw, 357px\" \/><\/div>\n<div>Erb rodu Bala\u0161a z roku 1572. (Zdroj: J. NOV\u00c1K)<\/div>\n<\/div>\n<div><\/div>\n<div><\/div>\n<p><strong>Text:<\/strong> Mgr. Darina Bellovi\u010dov\u00e1, histori\u010dka Pova\u017esk\u00e9ho m\u00fazea<\/p>\n<p><strong>Pou\u017eit\u00e1 literat\u00fara:<\/strong><\/p>\n<p>BUCHTA, A.: Bala\u0161ovci a\u00a0Kysuce do roku 1323. In <em>Zborn\u00edk Kysuck\u00e9ho m\u00fazea v\u00a0\u010cadci. <\/em>\u010cadca: Kysuck\u00e9 m\u00fazeum<em>, <\/em>15\/2013.<\/p>\n<p>JANURA, T.: Stredovek\u00fd hrad pod\u013ea p\u00edsomn\u00fdch prame\u0148ov. In BEDN\u00c1R, P. \u2013 STANEKOV\u00c1, Z. \u2013 \u0160IMKO, P. (eds): <em>Budat\u00ednsky hrad. <\/em>\u017dilina: Pova\u017esk\u00e9 m\u00fazeum, 2019.<\/p>\n<p>MELI\u0160, B. J.: Predkovia Bala\u0161ovcov v\u00a0\u00falohe zvolensk\u00fdch \u017eupanov do polovice 14. storo\u010dia. In FERENCOV\u00c1, H. \u2013 ANTOLOV\u00c1, E.: <em>Rod Bala\u0161ovcov v\u00a013. a\u017e 19. storo\u010d\u00ed. <\/em>SNM: M\u00fazeum b\u00e1bkarsk\u00fdch kult\u00far a\u00a0hra\u010diek Modr\u00fd Kame\u0148, 2013<em>.<\/em><\/p>\n<p>NOV\u00c1K, J.: <em>Rodov\u00e9 erby na Slovensku I.<\/em> Martin: Vydavate\u013estvo Osveta, 1980.<\/p>\n<p>VRTE\u013d, L.: <em>Osem storo\u010d\u00ed heraldiky<\/em>. Martin: Vydavate\u013estvo Matice Slovenskej, 2003.<\/p>\n","protected":false},"excerpt":{"rendered":"<p>Predkovia rodu Bala\u0161a Prv\u00fdmi majite\u013emi \u00fazemia na s\u00fatoku riek Kysuca a V\u00e1h, ktor\u00e9 patrilo k Ja\u010dat\u00ednu (Kysuck\u00e9 Nov\u00e9 Mesto) a nesk\u00f4r bolo s\u00fa\u010das\u0165ou Var\u00ednskeho panstva, sa stali predkovia rodu Bala\u0161a (Balassa) Michal a\u00a0Detrik II.. Z\u00edskali ho od Bela IV. listinou z 24. okt\u00f3bra 1254. Pravdepodobne z ich iniciat\u00edvy bola na tomto \u00fazem\u00ed vybudovan\u00e1 opevnen\u00e1 ve\u017ea [&hellip;]<\/p>\n","protected":false},"author":2,"featured_media":73201,"comment_status":"closed","ping_status":"closed","sticky":false,"template":"","format":"standard","meta":{"site-sidebar-layout":"default","site-content-layout":"","ast-site-content-layout":"default","site-content-style":"default","site-sidebar-style":"default","ast-global-header-display":"","ast-banner-title-visibility":"","ast-main-header-display":"","ast-hfb-above-header-display":"","ast-hfb-below-header-display":"","ast-hfb-mobile-header-display":"","site-post-title":"","ast-breadcrumbs-content":"","ast-featured-img":"","footer-sml-layout":"","theme-transparent-header-meta":"default","adv-header-id-meta":"","stick-header-meta":"default","header-above-stick-meta":"","header-main-stick-meta":"","header-below-stick-meta":"","astra-migrate-meta-layouts":"set","ast-page-background-enabled":"default","ast-page-background-meta":{"desktop":{"background-color":"var(--ast-global-color-4)","background-image":"","background-repeat":"repeat","background-position":"center center","background-size":"auto","background-attachment":"scroll","background-type":"","background-media":"","overlay-type":"","overlay-color":"","overlay-opacity":"","overlay-gradient":""},"tablet":{"background-color":"","background-image":"","background-repeat":"repeat","background-position":"center center","background-size":"auto","background-attachment":"scroll","background-type":"","background-media":"","overlay-type":"","overlay-color":"","overlay-opacity":"","overlay-gradient":""},"mobile":{"background-color":"","background-image":"","background-repeat":"repeat","background-position":"center center","background-size":"auto","background-attachment":"scroll","background-type":"","background-media":"","overlay-type":"","overlay-color":"","overlay-opacity":"","overlay-gradient":""}},"ast-content-background-meta":{"desktop":{"background-color":"var(--ast-global-color-5)","background-image":"","background-repeat":"repeat","background-position":"center center","background-size":"auto","background-attachment":"scroll","background-type":"","background-media":"","overlay-type":"","overlay-color":"","overlay-opacity":"","overlay-gradient":""},"tablet":{"background-color":"var(--ast-global-color-5)","background-image":"","background-repeat":"repeat","background-position":"center center","background-size":"auto","background-attachment":"scroll","background-type":"","background-media":"","overlay-type":"","overlay-color":"","overlay-opacity":"","overlay-gradient":""},"mobile":{"background-color":"var(--ast-global-color-5)","background-image":"","background-repeat":"repeat","background-position":"center center","background-size":"auto","background-attachment":"scroll","background-type":"","background-media":"","overlay-type":"","overlay-color":"","overlay-opacity":"","overlay-gradient":""}},"footnotes":""},"categories":[31],"tags":[],"class_list":["post-73200","post","type-post","status-publish","format-standard","has-post-thumbnail","hentry","category-aktuality"],"yoast_head":"<!-- This site is optimized with the Yoast SEO plugin v27.4 - https:\/\/yoast.com\/product\/yoast-seo-wordpress\/ -->\n<title>Majitelia Budat\u00ednskeho hradu (1. \u010das\u0165) - Pova\u017esk\u00e9 m\u00fazeum<\/title>\n<meta name=\"robots\" content=\"index, follow, max-snippet:-1, max-image-preview:large, max-video-preview:-1\" \/>\n<link rel=\"canonical\" href=\"https:\/\/pmza.sk\/?p=73200\" \/>\n<meta property=\"og:locale\" content=\"sk_SK\" \/>\n<meta property=\"og:type\" content=\"article\" \/>\n<meta property=\"og:title\" content=\"Majitelia Budat\u00ednskeho hradu (1. \u010das\u0165) - Pova\u017esk\u00e9 m\u00fazeum\" \/>\n<meta property=\"og:description\" content=\"Predkovia rodu Bala\u0161a Prv\u00fdmi majite\u013emi \u00fazemia na s\u00fatoku riek Kysuca a V\u00e1h, ktor\u00e9 patrilo k Ja\u010dat\u00ednu (Kysuck\u00e9 Nov\u00e9 Mesto) a nesk\u00f4r bolo s\u00fa\u010das\u0165ou Var\u00ednskeho panstva, sa stali predkovia rodu Bala\u0161a (Balassa) Michal a\u00a0Detrik II.. Z\u00edskali ho od Bela IV. listinou z 24. okt\u00f3bra 1254. Pravdepodobne z ich iniciat\u00edvy bola na tomto \u00fazem\u00ed vybudovan\u00e1 opevnen\u00e1 ve\u017ea [&hellip;]\" \/>\n<meta property=\"og:url\" content=\"https:\/\/pmza.sk\/?p=73200\" \/>\n<meta property=\"og:site_name\" content=\"Pova\u017esk\u00e9 m\u00fazeum\" \/>\n<meta property=\"article:publisher\" content=\"https:\/\/www.facebook.com\/povazskemuzeum\" \/>\n<meta property=\"article:published_time\" content=\"2025-11-07T11:54:39+00:00\" \/>\n<meta property=\"article:modified_time\" content=\"2026-02-27T06:49:37+00:00\" \/>\n<meta property=\"og:image\" content=\"https:\/\/pmza.sk\/wp-content\/uploads\/2025\/11\/IMG_1377-scaled.jpg\" \/>\n\t<meta property=\"og:image:width\" content=\"2560\" \/>\n\t<meta property=\"og:image:height\" content=\"1707\" \/>\n\t<meta property=\"og:image:type\" content=\"image\/jpeg\" \/>\n<meta name=\"author\" content=\"Pova\u017esk\u00e9 m\u00fazeum\" \/>\n<meta name=\"twitter:card\" content=\"summary_large_image\" \/>\n<meta name=\"twitter:label1\" content=\"Autor\" \/>\n\t<meta name=\"twitter:data1\" content=\"Pova\u017esk\u00e9 m\u00fazeum\" \/>\n\t<meta name=\"twitter:label2\" content=\"Predpokladan\u00fd \u010das \u010d\u00edtania\" \/>\n\t<meta name=\"twitter:data2\" content=\"5 min\u00fat\" \/>\n<script type=\"application\/ld+json\" class=\"yoast-schema-graph\">{\"@context\":\"https:\\\/\\\/schema.org\",\"@graph\":[{\"@type\":\"Article\",\"@id\":\"https:\\\/\\\/pmza.sk\\\/?p=73200#article\",\"isPartOf\":{\"@id\":\"https:\\\/\\\/pmza.sk\\\/?p=73200\"},\"author\":{\"name\":\"Pova\u017esk\u00e9 m\u00fazeum\",\"@id\":\"https:\\\/\\\/pmza.sk\\\/#\\\/schema\\\/person\\\/595e6a2ce731ea94dcd5d7f50a41ae33\"},\"headline\":\"Majitelia Budat\u00ednskeho hradu (1. \u010das\u0165)\",\"datePublished\":\"2025-11-07T11:54:39+00:00\",\"dateModified\":\"2026-02-27T06:49:37+00:00\",\"mainEntityOfPage\":{\"@id\":\"https:\\\/\\\/pmza.sk\\\/?p=73200\"},\"wordCount\":914,\"publisher\":{\"@id\":\"https:\\\/\\\/pmza.sk\\\/#organization\"},\"image\":{\"@id\":\"https:\\\/\\\/pmza.sk\\\/?p=73200#primaryimage\"},\"thumbnailUrl\":\"https:\\\/\\\/pmza.sk\\\/wp-content\\\/uploads\\\/2025\\\/11\\\/IMG_1377-scaled.jpg\",\"articleSection\":[\"Aktuality\"],\"inLanguage\":\"sk-SK\"},{\"@type\":\"WebPage\",\"@id\":\"https:\\\/\\\/pmza.sk\\\/?p=73200\",\"url\":\"https:\\\/\\\/pmza.sk\\\/?p=73200\",\"name\":\"Majitelia Budat\u00ednskeho hradu (1. \u010das\u0165) - Pova\u017esk\u00e9 m\u00fazeum\",\"isPartOf\":{\"@id\":\"https:\\\/\\\/pmza.sk\\\/#website\"},\"primaryImageOfPage\":{\"@id\":\"https:\\\/\\\/pmza.sk\\\/?p=73200#primaryimage\"},\"image\":{\"@id\":\"https:\\\/\\\/pmza.sk\\\/?p=73200#primaryimage\"},\"thumbnailUrl\":\"https:\\\/\\\/pmza.sk\\\/wp-content\\\/uploads\\\/2025\\\/11\\\/IMG_1377-scaled.jpg\",\"datePublished\":\"2025-11-07T11:54:39+00:00\",\"dateModified\":\"2026-02-27T06:49:37+00:00\",\"breadcrumb\":{\"@id\":\"https:\\\/\\\/pmza.sk\\\/?p=73200#breadcrumb\"},\"inLanguage\":\"sk-SK\",\"potentialAction\":[{\"@type\":\"ReadAction\",\"target\":[\"https:\\\/\\\/pmza.sk\\\/?p=73200\"]}]},{\"@type\":\"ImageObject\",\"inLanguage\":\"sk-SK\",\"@id\":\"https:\\\/\\\/pmza.sk\\\/?p=73200#primaryimage\",\"url\":\"https:\\\/\\\/pmza.sk\\\/wp-content\\\/uploads\\\/2025\\\/11\\\/IMG_1377-scaled.jpg\",\"contentUrl\":\"https:\\\/\\\/pmza.sk\\\/wp-content\\\/uploads\\\/2025\\\/11\\\/IMG_1377-scaled.jpg\",\"width\":2560,\"height\":1707},{\"@type\":\"BreadcrumbList\",\"@id\":\"https:\\\/\\\/pmza.sk\\\/?p=73200#breadcrumb\",\"itemListElement\":[{\"@type\":\"ListItem\",\"position\":1,\"name\":\"Domovsk\u00e1 str\u00e1nka\",\"item\":\"https:\\\/\\\/pmza.sk\\\/\"},{\"@type\":\"ListItem\",\"position\":2,\"name\":\"Majitelia Budat\u00ednskeho hradu (1. \u010das\u0165)\"}]},{\"@type\":\"WebSite\",\"@id\":\"https:\\\/\\\/pmza.sk\\\/#website\",\"url\":\"https:\\\/\\\/pmza.sk\\\/\",\"name\":\"Pova\u017esk\u00e9 m\u00fazeum\",\"description\":\"Pova\u017esk\u00e9 m\u00fazeum v \u017diline je region\u00e1lne m\u00fazeum so s\u00eddlom v Budat\u00edne. Jeho expoz\u00edcie s\u00fa zameran\u00e9 na dejiny slovensk\u00e9ho umenia, kult\u00fary a dopravy.\",\"publisher\":{\"@id\":\"https:\\\/\\\/pmza.sk\\\/#organization\"},\"potentialAction\":[{\"@type\":\"SearchAction\",\"target\":{\"@type\":\"EntryPoint\",\"urlTemplate\":\"https:\\\/\\\/pmza.sk\\\/?s={search_term_string}\"},\"query-input\":{\"@type\":\"PropertyValueSpecification\",\"valueRequired\":true,\"valueName\":\"search_term_string\"}}],\"inLanguage\":\"sk-SK\"},{\"@type\":\"Organization\",\"@id\":\"https:\\\/\\\/pmza.sk\\\/#organization\",\"name\":\"Pova\u017esk\u00e9 m\u00fazeum\",\"url\":\"https:\\\/\\\/pmza.sk\\\/\",\"logo\":{\"@type\":\"ImageObject\",\"inLanguage\":\"sk-SK\",\"@id\":\"https:\\\/\\\/pmza.sk\\\/#\\\/schema\\\/logo\\\/image\\\/\",\"url\":\"https:\\\/\\\/pmza.sk\\\/wp-content\\\/uploads\\\/2022\\\/01\\\/logo_PM_horizontal.jpg\",\"contentUrl\":\"https:\\\/\\\/pmza.sk\\\/wp-content\\\/uploads\\\/2022\\\/01\\\/logo_PM_horizontal.jpg\",\"width\":231,\"height\":142,\"caption\":\"Pova\u017esk\u00e9 m\u00fazeum\"},\"image\":{\"@id\":\"https:\\\/\\\/pmza.sk\\\/#\\\/schema\\\/logo\\\/image\\\/\"},\"sameAs\":[\"https:\\\/\\\/www.facebook.com\\\/povazskemuzeum\",\"https:\\\/\\\/www.instagram.com\\\/povazskemuzeum\\\/\"]},{\"@type\":\"Person\",\"@id\":\"https:\\\/\\\/pmza.sk\\\/#\\\/schema\\\/person\\\/595e6a2ce731ea94dcd5d7f50a41ae33\",\"name\":\"Pova\u017esk\u00e9 m\u00fazeum\",\"image\":{\"@type\":\"ImageObject\",\"inLanguage\":\"sk-SK\",\"@id\":\"https:\\\/\\\/secure.gravatar.com\\\/avatar\\\/2bb7f1561282132fb5826dfeccc66c7996d11ee392ac6aaf7ced8a1c2027fbb2?s=96&d=mm&r=g\",\"url\":\"https:\\\/\\\/secure.gravatar.com\\\/avatar\\\/2bb7f1561282132fb5826dfeccc66c7996d11ee392ac6aaf7ced8a1c2027fbb2?s=96&d=mm&r=g\",\"contentUrl\":\"https:\\\/\\\/secure.gravatar.com\\\/avatar\\\/2bb7f1561282132fb5826dfeccc66c7996d11ee392ac6aaf7ced8a1c2027fbb2?s=96&d=mm&r=g\",\"caption\":\"Pova\u017esk\u00e9 m\u00fazeum\"}}]}<\/script>\n<!-- \/ Yoast SEO plugin. -->","yoast_head_json":{"title":"Majitelia Budat\u00ednskeho hradu (1. \u010das\u0165) - Pova\u017esk\u00e9 m\u00fazeum","robots":{"index":"index","follow":"follow","max-snippet":"max-snippet:-1","max-image-preview":"max-image-preview:large","max-video-preview":"max-video-preview:-1"},"canonical":"https:\/\/pmza.sk\/?p=73200","og_locale":"sk_SK","og_type":"article","og_title":"Majitelia Budat\u00ednskeho hradu (1. \u010das\u0165) - Pova\u017esk\u00e9 m\u00fazeum","og_description":"Predkovia rodu Bala\u0161a Prv\u00fdmi majite\u013emi \u00fazemia na s\u00fatoku riek Kysuca a V\u00e1h, ktor\u00e9 patrilo k Ja\u010dat\u00ednu (Kysuck\u00e9 Nov\u00e9 Mesto) a nesk\u00f4r bolo s\u00fa\u010das\u0165ou Var\u00ednskeho panstva, sa stali predkovia rodu Bala\u0161a (Balassa) Michal a\u00a0Detrik II.. Z\u00edskali ho od Bela IV. listinou z 24. okt\u00f3bra 1254. Pravdepodobne z ich iniciat\u00edvy bola na tomto \u00fazem\u00ed vybudovan\u00e1 opevnen\u00e1 ve\u017ea [&hellip;]","og_url":"https:\/\/pmza.sk\/?p=73200","og_site_name":"Pova\u017esk\u00e9 m\u00fazeum","article_publisher":"https:\/\/www.facebook.com\/povazskemuzeum","article_published_time":"2025-11-07T11:54:39+00:00","article_modified_time":"2026-02-27T06:49:37+00:00","og_image":[{"width":2560,"height":1707,"url":"https:\/\/pmza.sk\/wp-content\/uploads\/2025\/11\/IMG_1377-scaled.jpg","type":"image\/jpeg"}],"author":"Pova\u017esk\u00e9 m\u00fazeum","twitter_card":"summary_large_image","twitter_misc":{"Autor":"Pova\u017esk\u00e9 m\u00fazeum","Predpokladan\u00fd \u010das \u010d\u00edtania":"5 min\u00fat"},"schema":{"@context":"https:\/\/schema.org","@graph":[{"@type":"Article","@id":"https:\/\/pmza.sk\/?p=73200#article","isPartOf":{"@id":"https:\/\/pmza.sk\/?p=73200"},"author":{"name":"Pova\u017esk\u00e9 m\u00fazeum","@id":"https:\/\/pmza.sk\/#\/schema\/person\/595e6a2ce731ea94dcd5d7f50a41ae33"},"headline":"Majitelia Budat\u00ednskeho hradu (1. \u010das\u0165)","datePublished":"2025-11-07T11:54:39+00:00","dateModified":"2026-02-27T06:49:37+00:00","mainEntityOfPage":{"@id":"https:\/\/pmza.sk\/?p=73200"},"wordCount":914,"publisher":{"@id":"https:\/\/pmza.sk\/#organization"},"image":{"@id":"https:\/\/pmza.sk\/?p=73200#primaryimage"},"thumbnailUrl":"https:\/\/pmza.sk\/wp-content\/uploads\/2025\/11\/IMG_1377-scaled.jpg","articleSection":["Aktuality"],"inLanguage":"sk-SK"},{"@type":"WebPage","@id":"https:\/\/pmza.sk\/?p=73200","url":"https:\/\/pmza.sk\/?p=73200","name":"Majitelia Budat\u00ednskeho hradu (1. \u010das\u0165) - Pova\u017esk\u00e9 m\u00fazeum","isPartOf":{"@id":"https:\/\/pmza.sk\/#website"},"primaryImageOfPage":{"@id":"https:\/\/pmza.sk\/?p=73200#primaryimage"},"image":{"@id":"https:\/\/pmza.sk\/?p=73200#primaryimage"},"thumbnailUrl":"https:\/\/pmza.sk\/wp-content\/uploads\/2025\/11\/IMG_1377-scaled.jpg","datePublished":"2025-11-07T11:54:39+00:00","dateModified":"2026-02-27T06:49:37+00:00","breadcrumb":{"@id":"https:\/\/pmza.sk\/?p=73200#breadcrumb"},"inLanguage":"sk-SK","potentialAction":[{"@type":"ReadAction","target":["https:\/\/pmza.sk\/?p=73200"]}]},{"@type":"ImageObject","inLanguage":"sk-SK","@id":"https:\/\/pmza.sk\/?p=73200#primaryimage","url":"https:\/\/pmza.sk\/wp-content\/uploads\/2025\/11\/IMG_1377-scaled.jpg","contentUrl":"https:\/\/pmza.sk\/wp-content\/uploads\/2025\/11\/IMG_1377-scaled.jpg","width":2560,"height":1707},{"@type":"BreadcrumbList","@id":"https:\/\/pmza.sk\/?p=73200#breadcrumb","itemListElement":[{"@type":"ListItem","position":1,"name":"Domovsk\u00e1 str\u00e1nka","item":"https:\/\/pmza.sk\/"},{"@type":"ListItem","position":2,"name":"Majitelia Budat\u00ednskeho hradu (1. \u010das\u0165)"}]},{"@type":"WebSite","@id":"https:\/\/pmza.sk\/#website","url":"https:\/\/pmza.sk\/","name":"Pova\u017esk\u00e9 m\u00fazeum","description":"Pova\u017esk\u00e9 m\u00fazeum v \u017diline je region\u00e1lne m\u00fazeum so s\u00eddlom v Budat\u00edne. Jeho expoz\u00edcie s\u00fa zameran\u00e9 na dejiny slovensk\u00e9ho umenia, kult\u00fary a dopravy.","publisher":{"@id":"https:\/\/pmza.sk\/#organization"},"potentialAction":[{"@type":"SearchAction","target":{"@type":"EntryPoint","urlTemplate":"https:\/\/pmza.sk\/?s={search_term_string}"},"query-input":{"@type":"PropertyValueSpecification","valueRequired":true,"valueName":"search_term_string"}}],"inLanguage":"sk-SK"},{"@type":"Organization","@id":"https:\/\/pmza.sk\/#organization","name":"Pova\u017esk\u00e9 m\u00fazeum","url":"https:\/\/pmza.sk\/","logo":{"@type":"ImageObject","inLanguage":"sk-SK","@id":"https:\/\/pmza.sk\/#\/schema\/logo\/image\/","url":"https:\/\/pmza.sk\/wp-content\/uploads\/2022\/01\/logo_PM_horizontal.jpg","contentUrl":"https:\/\/pmza.sk\/wp-content\/uploads\/2022\/01\/logo_PM_horizontal.jpg","width":231,"height":142,"caption":"Pova\u017esk\u00e9 m\u00fazeum"},"image":{"@id":"https:\/\/pmza.sk\/#\/schema\/logo\/image\/"},"sameAs":["https:\/\/www.facebook.com\/povazskemuzeum","https:\/\/www.instagram.com\/povazskemuzeum\/"]},{"@type":"Person","@id":"https:\/\/pmza.sk\/#\/schema\/person\/595e6a2ce731ea94dcd5d7f50a41ae33","name":"Pova\u017esk\u00e9 m\u00fazeum","image":{"@type":"ImageObject","inLanguage":"sk-SK","@id":"https:\/\/secure.gravatar.com\/avatar\/2bb7f1561282132fb5826dfeccc66c7996d11ee392ac6aaf7ced8a1c2027fbb2?s=96&d=mm&r=g","url":"https:\/\/secure.gravatar.com\/avatar\/2bb7f1561282132fb5826dfeccc66c7996d11ee392ac6aaf7ced8a1c2027fbb2?s=96&d=mm&r=g","contentUrl":"https:\/\/secure.gravatar.com\/avatar\/2bb7f1561282132fb5826dfeccc66c7996d11ee392ac6aaf7ced8a1c2027fbb2?s=96&d=mm&r=g","caption":"Pova\u017esk\u00e9 m\u00fazeum"}}]}},"_links":{"self":[{"href":"https:\/\/pmza.sk\/index.php?rest_route=\/wp\/v2\/posts\/73200","targetHints":{"allow":["GET"]}}],"collection":[{"href":"https:\/\/pmza.sk\/index.php?rest_route=\/wp\/v2\/posts"}],"about":[{"href":"https:\/\/pmza.sk\/index.php?rest_route=\/wp\/v2\/types\/post"}],"author":[{"embeddable":true,"href":"https:\/\/pmza.sk\/index.php?rest_route=\/wp\/v2\/users\/2"}],"replies":[{"embeddable":true,"href":"https:\/\/pmza.sk\/index.php?rest_route=%2Fwp%2Fv2%2Fcomments&post=73200"}],"version-history":[{"count":0,"href":"https:\/\/pmza.sk\/index.php?rest_route=\/wp\/v2\/posts\/73200\/revisions"}],"wp:featuredmedia":[{"embeddable":true,"href":"https:\/\/pmza.sk\/index.php?rest_route=\/wp\/v2\/media\/73201"}],"wp:attachment":[{"href":"https:\/\/pmza.sk\/index.php?rest_route=%2Fwp%2Fv2%2Fmedia&parent=73200"}],"wp:term":[{"taxonomy":"category","embeddable":true,"href":"https:\/\/pmza.sk\/index.php?rest_route=%2Fwp%2Fv2%2Fcategories&post=73200"},{"taxonomy":"post_tag","embeddable":true,"href":"https:\/\/pmza.sk\/index.php?rest_route=%2Fwp%2Fv2%2Ftags&post=73200"}],"curies":[{"name":"wp","href":"https:\/\/api.w.org\/{rel}","templated":true}]}}