{"id":73216,"date":"2025-11-10T16:00:46","date_gmt":"2025-11-10T15:00:46","guid":{"rendered":"https:\/\/pmza.sk\/?p=73216"},"modified":"2025-12-11T07:50:23","modified_gmt":"2025-12-11T06:50:23","slug":"vianocne-debatky","status":"publish","type":"post","link":"https:\/\/pmza.sk\/?p=73216","title":{"rendered":"Viano\u010dn\u00e9 debatky"},"content":{"rendered":"<p>Dn\u00ed do Vianoc ub\u00fada a ka\u017ed\u00fd z n\u00e1s, mal\u00fd aj ve\u013ek\u00fd, sa nevie do\u010dka\u0165 \u0160tedr\u00e9ho ve\u010dera. Pr\u00ed\u010fte si skr\u00e1ti\u0165 \u010dakanie na Budat\u00ednsky hrad, kde sa v stredu 10. decembra o 16.00 bud\u00fa kona\u0165 Viano\u010dn\u00e9 debatky.<\/p>\n<p><em>\u201eRozhodli sme sa aj tento rok prinies\u0165 koncept tohto viano\u010dn\u00e9ho podujatia, ktor\u00e9 v\u0161ak bude v\u00a0nie\u010dom in\u00e9, od t\u00fdch predo\u0161l\u00fdch. Na za\u010diatku bud\u00fa m\u00f4c\u0165 n\u00e1v\u0161tevn\u00edci \u201edebati\u0165\u201c s\u00a0na\u0161ou histori\u010dkou Darinou Bellovi\u010dovou, ktor\u00e1 im porozpr\u00e1va, ako sa sl\u00e1vili Vianoce na \u0161\u013eachtickom dvore,\u201c<\/em> hovor\u00ed autorka konceptu Tatiana Kub\u00e1\u0148ov\u00e1. N\u00e1v\u0161tevn\u00edci sa tie\u017e dozvedia ako prenikol viano\u010dn\u00fd strom\u010dek z\u00a0mestsk\u00e9ho prostredia na \u0161\u013eachtick\u00fd dvor,\u00a0 \u010domu sa \u0161\u013eachta venovala po\u010das viano\u010dn\u00fdch sviatkov \u010di ak\u00e9 bolo ob\u013e\u00faben\u00e9 jedlo na \u0161tedrove\u010dernom stole.<\/p>\n<p>Nasledova\u0165 bude uk\u00e1\u017eka v\u00fdroby obl\u00e1tok, ktor\u00e9 sa bud\u00fa da\u0165 na mieste aj zak\u00fapi\u0165. \u201e<em>A\u00a0samozrejme, neodmyslite\u013enou s\u00fa\u010das\u0165ou bud\u00fa tvoriv\u00e9 dielne, v\u00a0r\u00e1mci ktor\u00fdch si spolo\u010dne vyrob\u00edme viano\u010dn\u00e9 ozdoby,\u201c <\/em>dod\u00e1va T. Kub\u00e1\u0148ov\u00e1.<\/p>\n<p>Podujatie je vhodn\u00e9 pre v\u0161etky vekov\u00e9 kateg\u00f3rie. Cena je 3 \u20ac na osobu. V pr\u00edpade z\u00e1ujmu je vhodn\u00e9 sa objedna\u0165 na telef\u00f3nnom \u010d\u00edsle 0907 108\u00a0659.<\/p>\n<div class=\"wp-block-image\"><img fetchpriority=\"high\" decoding=\"async\" class=\"wpa-warning wpa-image-missing-alt alignnone size-medium wp-image-73218\" src=\"https:\/\/pmza.sk\/wp-content\/uploads\/2025\/11\/Vianocne_debatky_K1-255x360.jpg\" alt=\"\" width=\"255\" height=\"360\" data-warning=\"Missing alt text\" srcset=\"https:\/\/pmza.sk\/wp-content\/uploads\/2025\/11\/Vianocne_debatky_K1-255x360.jpg 255w, https:\/\/pmza.sk\/wp-content\/uploads\/2025\/11\/Vianocne_debatky_K1-520x736.jpg 520w, https:\/\/pmza.sk\/wp-content\/uploads\/2025\/11\/Vianocne_debatky_K1-768x1086.jpg 768w, https:\/\/pmza.sk\/wp-content\/uploads\/2025\/11\/Vianocne_debatky_K1-1086x1536.jpg 1086w, https:\/\/pmza.sk\/wp-content\/uploads\/2025\/11\/Vianocne_debatky_K1-1448x2048.jpg 1448w, https:\/\/pmza.sk\/wp-content\/uploads\/2025\/11\/Vianocne_debatky_K1-600x849.jpg 600w, https:\/\/pmza.sk\/wp-content\/uploads\/2025\/11\/Vianocne_debatky_K1-scaled.jpg 1810w\" sizes=\"(max-width: 255px) 100vw, 255px\" \/><\/div>\n<div>Plag\u00e1t v plnej kvalite <a href=\"https:\/\/pmza.sk\/wp-content\/uploads\/2025\/11\/Vianocne_debatky_K1.pdf\">TU<\/a><\/div>\n<p>&nbsp;<\/p>\n","protected":false},"excerpt":{"rendered":"<p>Dn\u00ed do Vianoc ub\u00fada a ka\u017ed\u00fd z n\u00e1s, mal\u00fd aj ve\u013ek\u00fd, sa nevie do\u010dka\u0165 \u0160tedr\u00e9ho ve\u010dera. Pr\u00ed\u010fte si skr\u00e1ti\u0165 \u010dakanie na Budat\u00ednsky hrad, kde sa v stredu 10. decembra o 16.00 bud\u00fa kona\u0165 Viano\u010dn\u00e9 debatky. \u201eRozhodli sme sa aj tento rok prinies\u0165 koncept tohto viano\u010dn\u00e9ho podujatia, ktor\u00e9 v\u0161ak bude v\u00a0nie\u010dom in\u00e9, od t\u00fdch predo\u0161l\u00fdch. Na [&hellip;]<\/p>\n","protected":false},"author":2,"featured_media":73217,"comment_status":"closed","ping_status":"closed","sticky":false,"template":"","format":"standard","meta":{"site-sidebar-layout":"default","site-content-layout":"","ast-site-content-layout":"default","site-content-style":"default","site-sidebar-style":"default","ast-global-header-display":"","ast-banner-title-visibility":"","ast-main-header-display":"","ast-hfb-above-header-display":"","ast-hfb-below-header-display":"","ast-hfb-mobile-header-display":"","site-post-title":"","ast-breadcrumbs-content":"","ast-featured-img":"","footer-sml-layout":"","theme-transparent-header-meta":"default","adv-header-id-meta":"","stick-header-meta":"default","header-above-stick-meta":"","header-main-stick-meta":"","header-below-stick-meta":"","astra-migrate-meta-layouts":"set","ast-page-background-enabled":"default","ast-page-background-meta":{"desktop":{"background-color":"var(--ast-global-color-4)","background-image":"","background-repeat":"repeat","background-position":"center center","background-size":"auto","background-attachment":"scroll","background-type":"","background-media":"","overlay-type":"","overlay-color":"","overlay-opacity":"","overlay-gradient":""},"tablet":{"background-color":"","background-image":"","background-repeat":"repeat","background-position":"center center","background-size":"auto","background-attachment":"scroll","background-type":"","background-media":"","overlay-type":"","overlay-color":"","overlay-opacity":"","overlay-gradient":""},"mobile":{"background-color":"","background-image":"","background-repeat":"repeat","background-position":"center center","background-size":"auto","background-attachment":"scroll","background-type":"","background-media":"","overlay-type":"","overlay-color":"","overlay-opacity":"","overlay-gradient":""}},"ast-content-background-meta":{"desktop":{"background-color":"var(--ast-global-color-5)","background-image":"","background-repeat":"repeat","background-position":"center center","background-size":"auto","background-attachment":"scroll","background-type":"","background-media":"","overlay-type":"","overlay-color":"","overlay-opacity":"","overlay-gradient":""},"tablet":{"background-color":"var(--ast-global-color-5)","background-image":"","background-repeat":"repeat","background-position":"center center","background-size":"auto","background-attachment":"scroll","background-type":"","background-media":"","overlay-type":"","overlay-color":"","overlay-opacity":"","overlay-gradient":""},"mobile":{"background-color":"var(--ast-global-color-5)","background-image":"","background-repeat":"repeat","background-position":"center center","background-size":"auto","background-attachment":"scroll","background-type":"","background-media":"","overlay-type":"","overlay-color":"","overlay-opacity":"","overlay-gradient":""}},"footnotes":""},"categories":[71],"tags":[],"class_list":["post-73216","post","type-post","status-publish","format-standard","has-post-thumbnail","hentry","category-podujatia"],"yoast_head":"<!-- This site is optimized with the Yoast SEO plugin v27.4 - https:\/\/yoast.com\/product\/yoast-seo-wordpress\/ -->\n<title>Viano\u010dn\u00e9 debatky - Pova\u017esk\u00e9 m\u00fazeum<\/title>\n<meta name=\"robots\" content=\"index, follow, max-snippet:-1, max-image-preview:large, max-video-preview:-1\" \/>\n<link rel=\"canonical\" href=\"https:\/\/pmza.sk\/?p=73216\" \/>\n<meta property=\"og:locale\" content=\"sk_SK\" \/>\n<meta property=\"og:type\" content=\"article\" \/>\n<meta property=\"og:title\" content=\"Viano\u010dn\u00e9 debatky - Pova\u017esk\u00e9 m\u00fazeum\" \/>\n<meta property=\"og:description\" content=\"Dn\u00ed do Vianoc ub\u00fada a ka\u017ed\u00fd z n\u00e1s, mal\u00fd aj ve\u013ek\u00fd, sa nevie do\u010dka\u0165 \u0160tedr\u00e9ho ve\u010dera. Pr\u00ed\u010fte si skr\u00e1ti\u0165 \u010dakanie na Budat\u00ednsky hrad, kde sa v stredu 10. decembra o 16.00 bud\u00fa kona\u0165 Viano\u010dn\u00e9 debatky. \u201eRozhodli sme sa aj tento rok prinies\u0165 koncept tohto viano\u010dn\u00e9ho podujatia, ktor\u00e9 v\u0161ak bude v\u00a0nie\u010dom in\u00e9, od t\u00fdch predo\u0161l\u00fdch. Na [&hellip;]\" \/>\n<meta property=\"og:url\" content=\"https:\/\/pmza.sk\/?p=73216\" \/>\n<meta property=\"og:site_name\" content=\"Pova\u017esk\u00e9 m\u00fazeum\" \/>\n<meta property=\"article:publisher\" content=\"https:\/\/www.facebook.com\/povazskemuzeum\" \/>\n<meta property=\"article:published_time\" content=\"2025-11-10T15:00:46+00:00\" \/>\n<meta property=\"article:modified_time\" content=\"2025-12-11T06:50:23+00:00\" \/>\n<meta property=\"og:image\" content=\"https:\/\/pmza.sk\/wp-content\/uploads\/2025\/11\/Vianocne_debatky_web-scaled.jpg\" \/>\n\t<meta property=\"og:image:width\" content=\"2560\" \/>\n\t<meta property=\"og:image:height\" content=\"2560\" \/>\n\t<meta property=\"og:image:type\" content=\"image\/jpeg\" \/>\n<meta name=\"author\" content=\"Pova\u017esk\u00e9 m\u00fazeum\" \/>\n<meta name=\"twitter:card\" content=\"summary_large_image\" \/>\n<meta name=\"twitter:label1\" content=\"Autor\" \/>\n\t<meta name=\"twitter:data1\" content=\"Pova\u017esk\u00e9 m\u00fazeum\" \/>\n\t<meta name=\"twitter:label2\" content=\"Predpokladan\u00fd \u010das \u010d\u00edtania\" \/>\n\t<meta name=\"twitter:data2\" content=\"1 min\u00fata\" \/>\n<script type=\"application\/ld+json\" class=\"yoast-schema-graph\">{\"@context\":\"https:\\\/\\\/schema.org\",\"@graph\":[{\"@type\":\"Article\",\"@id\":\"https:\\\/\\\/pmza.sk\\\/?p=73216#article\",\"isPartOf\":{\"@id\":\"https:\\\/\\\/pmza.sk\\\/?p=73216\"},\"author\":{\"name\":\"Pova\u017esk\u00e9 m\u00fazeum\",\"@id\":\"https:\\\/\\\/pmza.sk\\\/#\\\/schema\\\/person\\\/595e6a2ce731ea94dcd5d7f50a41ae33\"},\"headline\":\"Viano\u010dn\u00e9 debatky\",\"datePublished\":\"2025-11-10T15:00:46+00:00\",\"dateModified\":\"2025-12-11T06:50:23+00:00\",\"mainEntityOfPage\":{\"@id\":\"https:\\\/\\\/pmza.sk\\\/?p=73216\"},\"wordCount\":229,\"publisher\":{\"@id\":\"https:\\\/\\\/pmza.sk\\\/#organization\"},\"image\":{\"@id\":\"https:\\\/\\\/pmza.sk\\\/?p=73216#primaryimage\"},\"thumbnailUrl\":\"https:\\\/\\\/pmza.sk\\\/wp-content\\\/uploads\\\/2025\\\/11\\\/Vianocne_debatky_web-scaled.jpg\",\"articleSection\":[\"Podujatia\"],\"inLanguage\":\"sk-SK\"},{\"@type\":\"WebPage\",\"@id\":\"https:\\\/\\\/pmza.sk\\\/?p=73216\",\"url\":\"https:\\\/\\\/pmza.sk\\\/?p=73216\",\"name\":\"Viano\u010dn\u00e9 debatky - Pova\u017esk\u00e9 m\u00fazeum\",\"isPartOf\":{\"@id\":\"https:\\\/\\\/pmza.sk\\\/#website\"},\"primaryImageOfPage\":{\"@id\":\"https:\\\/\\\/pmza.sk\\\/?p=73216#primaryimage\"},\"image\":{\"@id\":\"https:\\\/\\\/pmza.sk\\\/?p=73216#primaryimage\"},\"thumbnailUrl\":\"https:\\\/\\\/pmza.sk\\\/wp-content\\\/uploads\\\/2025\\\/11\\\/Vianocne_debatky_web-scaled.jpg\",\"datePublished\":\"2025-11-10T15:00:46+00:00\",\"dateModified\":\"2025-12-11T06:50:23+00:00\",\"breadcrumb\":{\"@id\":\"https:\\\/\\\/pmza.sk\\\/?p=73216#breadcrumb\"},\"inLanguage\":\"sk-SK\",\"potentialAction\":[{\"@type\":\"ReadAction\",\"target\":[\"https:\\\/\\\/pmza.sk\\\/?p=73216\"]}]},{\"@type\":\"ImageObject\",\"inLanguage\":\"sk-SK\",\"@id\":\"https:\\\/\\\/pmza.sk\\\/?p=73216#primaryimage\",\"url\":\"https:\\\/\\\/pmza.sk\\\/wp-content\\\/uploads\\\/2025\\\/11\\\/Vianocne_debatky_web-scaled.jpg\",\"contentUrl\":\"https:\\\/\\\/pmza.sk\\\/wp-content\\\/uploads\\\/2025\\\/11\\\/Vianocne_debatky_web-scaled.jpg\",\"width\":2560,\"height\":2560},{\"@type\":\"BreadcrumbList\",\"@id\":\"https:\\\/\\\/pmza.sk\\\/?p=73216#breadcrumb\",\"itemListElement\":[{\"@type\":\"ListItem\",\"position\":1,\"name\":\"Domovsk\u00e1 str\u00e1nka\",\"item\":\"https:\\\/\\\/pmza.sk\\\/\"},{\"@type\":\"ListItem\",\"position\":2,\"name\":\"Viano\u010dn\u00e9 debatky\"}]},{\"@type\":\"WebSite\",\"@id\":\"https:\\\/\\\/pmza.sk\\\/#website\",\"url\":\"https:\\\/\\\/pmza.sk\\\/\",\"name\":\"Pova\u017esk\u00e9 m\u00fazeum\",\"description\":\"Pova\u017esk\u00e9 m\u00fazeum v \u017diline je region\u00e1lne m\u00fazeum so s\u00eddlom v Budat\u00edne. Jeho expoz\u00edcie s\u00fa zameran\u00e9 na dejiny slovensk\u00e9ho umenia, kult\u00fary a dopravy.\",\"publisher\":{\"@id\":\"https:\\\/\\\/pmza.sk\\\/#organization\"},\"potentialAction\":[{\"@type\":\"SearchAction\",\"target\":{\"@type\":\"EntryPoint\",\"urlTemplate\":\"https:\\\/\\\/pmza.sk\\\/?s={search_term_string}\"},\"query-input\":{\"@type\":\"PropertyValueSpecification\",\"valueRequired\":true,\"valueName\":\"search_term_string\"}}],\"inLanguage\":\"sk-SK\"},{\"@type\":\"Organization\",\"@id\":\"https:\\\/\\\/pmza.sk\\\/#organization\",\"name\":\"Pova\u017esk\u00e9 m\u00fazeum\",\"url\":\"https:\\\/\\\/pmza.sk\\\/\",\"logo\":{\"@type\":\"ImageObject\",\"inLanguage\":\"sk-SK\",\"@id\":\"https:\\\/\\\/pmza.sk\\\/#\\\/schema\\\/logo\\\/image\\\/\",\"url\":\"https:\\\/\\\/pmza.sk\\\/wp-content\\\/uploads\\\/2022\\\/01\\\/logo_PM_horizontal.jpg\",\"contentUrl\":\"https:\\\/\\\/pmza.sk\\\/wp-content\\\/uploads\\\/2022\\\/01\\\/logo_PM_horizontal.jpg\",\"width\":231,\"height\":142,\"caption\":\"Pova\u017esk\u00e9 m\u00fazeum\"},\"image\":{\"@id\":\"https:\\\/\\\/pmza.sk\\\/#\\\/schema\\\/logo\\\/image\\\/\"},\"sameAs\":[\"https:\\\/\\\/www.facebook.com\\\/povazskemuzeum\",\"https:\\\/\\\/www.instagram.com\\\/povazskemuzeum\\\/\"]},{\"@type\":\"Person\",\"@id\":\"https:\\\/\\\/pmza.sk\\\/#\\\/schema\\\/person\\\/595e6a2ce731ea94dcd5d7f50a41ae33\",\"name\":\"Pova\u017esk\u00e9 m\u00fazeum\",\"image\":{\"@type\":\"ImageObject\",\"inLanguage\":\"sk-SK\",\"@id\":\"https:\\\/\\\/secure.gravatar.com\\\/avatar\\\/2bb7f1561282132fb5826dfeccc66c7996d11ee392ac6aaf7ced8a1c2027fbb2?s=96&d=mm&r=g\",\"url\":\"https:\\\/\\\/secure.gravatar.com\\\/avatar\\\/2bb7f1561282132fb5826dfeccc66c7996d11ee392ac6aaf7ced8a1c2027fbb2?s=96&d=mm&r=g\",\"contentUrl\":\"https:\\\/\\\/secure.gravatar.com\\\/avatar\\\/2bb7f1561282132fb5826dfeccc66c7996d11ee392ac6aaf7ced8a1c2027fbb2?s=96&d=mm&r=g\",\"caption\":\"Pova\u017esk\u00e9 m\u00fazeum\"}}]}<\/script>\n<!-- \/ Yoast SEO plugin. -->","yoast_head_json":{"title":"Viano\u010dn\u00e9 debatky - Pova\u017esk\u00e9 m\u00fazeum","robots":{"index":"index","follow":"follow","max-snippet":"max-snippet:-1","max-image-preview":"max-image-preview:large","max-video-preview":"max-video-preview:-1"},"canonical":"https:\/\/pmza.sk\/?p=73216","og_locale":"sk_SK","og_type":"article","og_title":"Viano\u010dn\u00e9 debatky - Pova\u017esk\u00e9 m\u00fazeum","og_description":"Dn\u00ed do Vianoc ub\u00fada a ka\u017ed\u00fd z n\u00e1s, mal\u00fd aj ve\u013ek\u00fd, sa nevie do\u010dka\u0165 \u0160tedr\u00e9ho ve\u010dera. Pr\u00ed\u010fte si skr\u00e1ti\u0165 \u010dakanie na Budat\u00ednsky hrad, kde sa v stredu 10. decembra o 16.00 bud\u00fa kona\u0165 Viano\u010dn\u00e9 debatky. \u201eRozhodli sme sa aj tento rok prinies\u0165 koncept tohto viano\u010dn\u00e9ho podujatia, ktor\u00e9 v\u0161ak bude v\u00a0nie\u010dom in\u00e9, od t\u00fdch predo\u0161l\u00fdch. Na [&hellip;]","og_url":"https:\/\/pmza.sk\/?p=73216","og_site_name":"Pova\u017esk\u00e9 m\u00fazeum","article_publisher":"https:\/\/www.facebook.com\/povazskemuzeum","article_published_time":"2025-11-10T15:00:46+00:00","article_modified_time":"2025-12-11T06:50:23+00:00","og_image":[{"width":2560,"height":2560,"url":"https:\/\/pmza.sk\/wp-content\/uploads\/2025\/11\/Vianocne_debatky_web-scaled.jpg","type":"image\/jpeg"}],"author":"Pova\u017esk\u00e9 m\u00fazeum","twitter_card":"summary_large_image","twitter_misc":{"Autor":"Pova\u017esk\u00e9 m\u00fazeum","Predpokladan\u00fd \u010das \u010d\u00edtania":"1 min\u00fata"},"schema":{"@context":"https:\/\/schema.org","@graph":[{"@type":"Article","@id":"https:\/\/pmza.sk\/?p=73216#article","isPartOf":{"@id":"https:\/\/pmza.sk\/?p=73216"},"author":{"name":"Pova\u017esk\u00e9 m\u00fazeum","@id":"https:\/\/pmza.sk\/#\/schema\/person\/595e6a2ce731ea94dcd5d7f50a41ae33"},"headline":"Viano\u010dn\u00e9 debatky","datePublished":"2025-11-10T15:00:46+00:00","dateModified":"2025-12-11T06:50:23+00:00","mainEntityOfPage":{"@id":"https:\/\/pmza.sk\/?p=73216"},"wordCount":229,"publisher":{"@id":"https:\/\/pmza.sk\/#organization"},"image":{"@id":"https:\/\/pmza.sk\/?p=73216#primaryimage"},"thumbnailUrl":"https:\/\/pmza.sk\/wp-content\/uploads\/2025\/11\/Vianocne_debatky_web-scaled.jpg","articleSection":["Podujatia"],"inLanguage":"sk-SK"},{"@type":"WebPage","@id":"https:\/\/pmza.sk\/?p=73216","url":"https:\/\/pmza.sk\/?p=73216","name":"Viano\u010dn\u00e9 debatky - Pova\u017esk\u00e9 m\u00fazeum","isPartOf":{"@id":"https:\/\/pmza.sk\/#website"},"primaryImageOfPage":{"@id":"https:\/\/pmza.sk\/?p=73216#primaryimage"},"image":{"@id":"https:\/\/pmza.sk\/?p=73216#primaryimage"},"thumbnailUrl":"https:\/\/pmza.sk\/wp-content\/uploads\/2025\/11\/Vianocne_debatky_web-scaled.jpg","datePublished":"2025-11-10T15:00:46+00:00","dateModified":"2025-12-11T06:50:23+00:00","breadcrumb":{"@id":"https:\/\/pmza.sk\/?p=73216#breadcrumb"},"inLanguage":"sk-SK","potentialAction":[{"@type":"ReadAction","target":["https:\/\/pmza.sk\/?p=73216"]}]},{"@type":"ImageObject","inLanguage":"sk-SK","@id":"https:\/\/pmza.sk\/?p=73216#primaryimage","url":"https:\/\/pmza.sk\/wp-content\/uploads\/2025\/11\/Vianocne_debatky_web-scaled.jpg","contentUrl":"https:\/\/pmza.sk\/wp-content\/uploads\/2025\/11\/Vianocne_debatky_web-scaled.jpg","width":2560,"height":2560},{"@type":"BreadcrumbList","@id":"https:\/\/pmza.sk\/?p=73216#breadcrumb","itemListElement":[{"@type":"ListItem","position":1,"name":"Domovsk\u00e1 str\u00e1nka","item":"https:\/\/pmza.sk\/"},{"@type":"ListItem","position":2,"name":"Viano\u010dn\u00e9 debatky"}]},{"@type":"WebSite","@id":"https:\/\/pmza.sk\/#website","url":"https:\/\/pmza.sk\/","name":"Pova\u017esk\u00e9 m\u00fazeum","description":"Pova\u017esk\u00e9 m\u00fazeum v \u017diline je region\u00e1lne m\u00fazeum so s\u00eddlom v Budat\u00edne. Jeho expoz\u00edcie s\u00fa zameran\u00e9 na dejiny slovensk\u00e9ho umenia, kult\u00fary a dopravy.","publisher":{"@id":"https:\/\/pmza.sk\/#organization"},"potentialAction":[{"@type":"SearchAction","target":{"@type":"EntryPoint","urlTemplate":"https:\/\/pmza.sk\/?s={search_term_string}"},"query-input":{"@type":"PropertyValueSpecification","valueRequired":true,"valueName":"search_term_string"}}],"inLanguage":"sk-SK"},{"@type":"Organization","@id":"https:\/\/pmza.sk\/#organization","name":"Pova\u017esk\u00e9 m\u00fazeum","url":"https:\/\/pmza.sk\/","logo":{"@type":"ImageObject","inLanguage":"sk-SK","@id":"https:\/\/pmza.sk\/#\/schema\/logo\/image\/","url":"https:\/\/pmza.sk\/wp-content\/uploads\/2022\/01\/logo_PM_horizontal.jpg","contentUrl":"https:\/\/pmza.sk\/wp-content\/uploads\/2022\/01\/logo_PM_horizontal.jpg","width":231,"height":142,"caption":"Pova\u017esk\u00e9 m\u00fazeum"},"image":{"@id":"https:\/\/pmza.sk\/#\/schema\/logo\/image\/"},"sameAs":["https:\/\/www.facebook.com\/povazskemuzeum","https:\/\/www.instagram.com\/povazskemuzeum\/"]},{"@type":"Person","@id":"https:\/\/pmza.sk\/#\/schema\/person\/595e6a2ce731ea94dcd5d7f50a41ae33","name":"Pova\u017esk\u00e9 m\u00fazeum","image":{"@type":"ImageObject","inLanguage":"sk-SK","@id":"https:\/\/secure.gravatar.com\/avatar\/2bb7f1561282132fb5826dfeccc66c7996d11ee392ac6aaf7ced8a1c2027fbb2?s=96&d=mm&r=g","url":"https:\/\/secure.gravatar.com\/avatar\/2bb7f1561282132fb5826dfeccc66c7996d11ee392ac6aaf7ced8a1c2027fbb2?s=96&d=mm&r=g","contentUrl":"https:\/\/secure.gravatar.com\/avatar\/2bb7f1561282132fb5826dfeccc66c7996d11ee392ac6aaf7ced8a1c2027fbb2?s=96&d=mm&r=g","caption":"Pova\u017esk\u00e9 m\u00fazeum"}}]}},"_links":{"self":[{"href":"https:\/\/pmza.sk\/index.php?rest_route=\/wp\/v2\/posts\/73216","targetHints":{"allow":["GET"]}}],"collection":[{"href":"https:\/\/pmza.sk\/index.php?rest_route=\/wp\/v2\/posts"}],"about":[{"href":"https:\/\/pmza.sk\/index.php?rest_route=\/wp\/v2\/types\/post"}],"author":[{"embeddable":true,"href":"https:\/\/pmza.sk\/index.php?rest_route=\/wp\/v2\/users\/2"}],"replies":[{"embeddable":true,"href":"https:\/\/pmza.sk\/index.php?rest_route=%2Fwp%2Fv2%2Fcomments&post=73216"}],"version-history":[{"count":0,"href":"https:\/\/pmza.sk\/index.php?rest_route=\/wp\/v2\/posts\/73216\/revisions"}],"wp:featuredmedia":[{"embeddable":true,"href":"https:\/\/pmza.sk\/index.php?rest_route=\/wp\/v2\/media\/73217"}],"wp:attachment":[{"href":"https:\/\/pmza.sk\/index.php?rest_route=%2Fwp%2Fv2%2Fmedia&parent=73216"}],"wp:term":[{"taxonomy":"category","embeddable":true,"href":"https:\/\/pmza.sk\/index.php?rest_route=%2Fwp%2Fv2%2Fcategories&post=73216"},{"taxonomy":"post_tag","embeddable":true,"href":"https:\/\/pmza.sk\/index.php?rest_route=%2Fwp%2Fv2%2Ftags&post=73216"}],"curies":[{"name":"wp","href":"https:\/\/api.w.org\/{rel}","templated":true}]}}