{"id":73441,"date":"2025-11-21T10:43:55","date_gmt":"2025-11-21T09:43:55","guid":{"rendered":"https:\/\/pmza.sk\/?p=73441"},"modified":"2026-02-27T07:49:44","modified_gmt":"2026-02-27T06:49:44","slug":"majitelia-budatinskeho-hradu-2-cast","status":"publish","type":"post","link":"https:\/\/pmza.sk\/?p=73441","title":{"rendered":"Majitelia Budat\u00ednskeho hradu (2. \u010das\u0165)"},"content":{"rendered":"<p><strong>Budat\u00edn kr\u00e1\u013eovsk\u00fdm majetkom (1323 <\/strong>\u2013<strong> 1424)<\/strong><\/p>\n<p>Po smrti Mat\u00fa\u0161a \u010c\u00e1ka Tren\u010dianskeho (\u20201321) kr\u00e1\u013e Karol I. R\u00f3bert u\u017e ve\u013emi neveril predkom rodu Bala\u0161a (Mikova l\u00ednia rodu), ktor\u00ed boli v\u00a0\u010dase nepokojov neutr\u00e1lni a nest\u00e1li na jeho strane. S\u00edce im v\u00a0roku 1321 vr\u00e1til majetky a\u00a0pr\u00edjmy z\u00a0nich, ale spr\u00e1vu a\u00a0kontrolu nad nimi si ponechal. Dosadzoval si na hrady vlastn\u00fdch kastel\u00e1nov. Napr\u00edklad pri hrade Var\u00edn sa spom\u00edna ako kastel\u00e1n v\u00a0roku 1323 Alexander z\u00a0rodu Koscki. Toto neist\u00e9 postavenie Bala\u0161ovcov don\u00fatilo k\u00a0odchodu z\u00a0Horn\u00e9ho Pova\u017eia na panstv\u00e1 Hont a\u00a0Novohrad, ktor\u00e9 z\u00edskali v\u00fdmenou s\u00a0magistrom Don\u010dom. Magister Don\u010d, zvolensk\u00fd a\u00a0kom\u00e1r\u0148ansk\u00fd \u017eupan a diplomat v\u00a0slu\u017eb\u00e1ch kr\u00e1\u013ea Karola I., si touto v\u00fdmenou v\u00a0roku 1323 pri\u010dlenil Var\u00ednske panstvo k\u00a0svojmu \u00fazemiu, ktor\u00e9 sa rozprestieralo na sever od V\u00e1hu medzi Kysucou a\u00a0Oravou. Budat\u00ednska opevnen\u00e1 ve\u017ea zostala, pod\u013ea listiny z\u00a0roku 1323, kde bola zaznamenan\u00e1 met\u00e1cia majetku Var\u00edn, hrani\u010dn\u00fdm bodom spolu s\u00a0riekou Kysucou. Z\u00a0toho vypl\u00fdva, \u017ee st\u00e1la na samom okraji tohto \u00fazemia a\u00a0mo\u017eno \u201e<em>mimo neho<\/em>\u201c, \u010do by vysvet\u013eovalo, \u017ee v\u00a0tomto roku u\u017e patrila medzi kr\u00e1\u013eovsk\u00e9 majetky. V\u00a0druhom rade touto v\u00fdmenou pl\u00e1n Bala\u0161ovcov na vznik osobitne spravovan\u00e9ho Budat\u00ednskeho panstva, ktor\u00e9 by vzniklo spojen\u00edm \u010dasti var\u00ednskych majetkov a\u00a0Ja\u010dat\u00edna, zanikol.<\/p>\n<p>Uhorsk\u00fd kr\u00e1\u013e <strong>Karol I. R\u00f3bert<\/strong> z<strong>\u00a0<\/strong>dynastie<strong> Anjou <\/strong>(1301\/1309\/1310 \u2013 1342) bol p\u00f4vodom z\u00a0Neapolska. Po upevnen\u00ed svojej moci nad odbojnou \u0161\u013eachtou v\u00a0Uhorsku sa za\u010dal venova\u0165 obnove zni\u010denej krajiny. Na jeho hospod\u00e1rske a\u00a0ekonomick\u00e9 reformy nadviazal jeho syn <strong>\u013dudov\u00edt I\u00a0. Ve\u013ek\u00fd <\/strong>(1342 \u2013 1382) Avicitn\u00fdm z\u00e1konom, ktor\u00fd sa stal nesk\u00f4r s\u00fa\u010das\u0165ou korunova\u010dn\u00fdch pr\u00edsah a\u00a0s jeho 24 nariadeniami upravoval administrat\u00edvu v\u00a0krajine, \u0161trukt\u00faru \u0161\u013eachtick\u00e9ho vlastn\u00edctva, pomery poddan\u00fdch a\u00a0posilnil postavenie \u0161\u013eachty vo\u010di kr\u00e1\u013eovi. Za vl\u00e1dy oboch panovn\u00edkov nedo\u0161lo na \u00fazem\u00ed Slovenska k\u00a0\u017eiadnym v\u00e4\u010d\u0161\u00edm vojensk\u00fdm udalostiam, ktor\u00e9 by znova rozvr\u00e1tili krajinu. Svojou politikou stabilizovali zahrani\u010dnopolitick\u00e9 postavenie Uhorska, \u010d\u00edm sa stalo najv\u00fdznamnej\u0161\u00edm eur\u00f3pskym \u0161t\u00e1tom.<\/p>\n<p>O tom, kto spravoval Budat\u00edn za Anjouovcov, sa zachovalo m\u00e1lo p\u00edsomn\u00fdch spr\u00e1v. Z nich vieme, \u017ee v roku 1336 a 1337 bol kastel\u00e1nom Budat\u00edna <strong>Eli\u00e1\u0161, <\/strong>syn Mat\u00fa\u0161a z Ho\u0161tinej, ktor\u00fd bol prv\u00fdm zn\u00e1mym predkom S\u00fa\u013eovskovcov zo S\u00fa\u013eova. V\u00a0\u010dase vl\u00e1dy <strong>M\u00e1rie z\u00a0Anjou <\/strong>(1382 \u2013 1385) v\u00a0roku 1384 Budat\u00edn a\u00a0in\u00e9 hrady spravovali Mikul\u00e1\u0161 a\u00a0\u0160tefan, synovia Pov\u0161u. Boli to kr\u00e1\u013eovsk\u00ed \u017eupani zo Stre\u010dnianskej hradnej \u017eupy, ktor\u00e1 sa rozprestierala pribli\u017ene na \u00fazem\u00ed dne\u0161n\u00e9ho \u017eilinsk\u00e9ho okresu.<\/p>\n<p>Opevnen\u00e1 ve\u017ea Budat\u00edna v tomto obdob\u00ed na\u010falej plnila \u00falohu str\u00e1\u017enu a\u00a0obrann\u00fa. Bola m\u00fdtnou stanicou (dol. u\u017e od roku 1321), kde sa vyberali m\u00fdtne poplatky. \u010cas\u0165 z v\u00fdnosu sa pou\u017e\u00edvala priamo na udr\u017eiavanie ciest, prievozu alebo kompy, zvy\u0161n\u00e1 \u010das\u0165 sa odv\u00e1dzala do kr\u00e1\u013eovskej pokladnice. Pr\u00e1vo v\u00fdberu m\u00fdta a cla bol p\u00f4vodne len kr\u00e1\u013eovsk\u00fd reg\u00e1l, ktor\u00fd sa postupne oslabil don\u00e1ciami v\u00fdnosu z \u010dinnosti jednotliv\u00fdch m\u00fdtnic a vyd\u00e1van\u00edm privil\u00e9gi\u00ed pre mest\u00e1. V\u00a0odpise listiny z\u00a0roku 1381 sa pri zmienke o\u00a0moste na V\u00e1hu pri Budat\u00edne uv\u00e1dza, \u017ee v\u00fdnosy z\u00a0mostn\u00e9ho m\u00fdta sa p\u00f4vodne delili na polovicu medzi kr\u00e1\u013ea a dedi\u010dn\u00e9ho richt\u00e1ra \u017diliny, panovn\u00edk ale previedol svoj diel na \u017eilinsk\u00fdch me\u0161\u0165anov.<\/p>\n<p>Po Anjouovcoch \u010fal\u0161\u00edm v\u00fdznamn\u00fdm panovn\u00edkom bol <strong>\u017digmund Luxembursk\u00fd<\/strong> (1387 \u2013 1437), ktor\u00fd sa v roku 1387 po dramatick\u00fdch udalostiach v krajine a proti v\u00f4li v\u00e4\u010d\u0161ej \u010dasti uhorsk\u00fdch stavov nechal korunova\u0165 za uhorsk\u00e9ho kr\u00e1\u013ea. Aj ke\u010f splnil form\u00e1lne n\u00e1le\u017eitosti, aby sa stal uhorsk\u00fdm panovn\u00edkom, \u0161\u013eachta ho vytrvalo odmietala a\u017e do za\u010d. 15. stor. Po\u010das svojej 50 ro\u010dnej vl\u00e1dy sa zasl\u00fa\u017eil na medzin\u00e1rodnej \u00farovni o reformu cirkvi a r\u00ed\u0161e. Stal sa ako prv\u00fd panovn\u00edk Uhorska cis\u00e1rom Sv. r\u00edmskej r\u00ed\u0161e (1433) a v Uhorsku roku 1435 zreformoval s\u00fadnictvo. Dok\u00e1zal sa vypracova\u0165 na v\u00fdznamn\u00e9ho eur\u00f3pskeho politika.<\/p>\n<p>Jeho prvou man\u017eelkou bola dc\u00e9ra \u013dudov\u00edta I. M\u00e1ria z\u00a0Anjou. Jeho druhou man\u017eelkou (od r. 1405) bola energick\u00e1 <strong>Barbora Celjsk\u00e1 <\/strong>(okolo \u20551390 \u2013 \u20201451), ktor\u00e1 bola jedinou \u017eenou medzi dvadsiatimi tromi zakladate\u013emi Dra\u010dieho r\u00e1du. V roku 1419 sa dostala do cis\u00e1rovej nemilosti pre ch\u00fdry o jej nevere v Kostnici. Kr\u00e1\u013e jej odobral majetok, rozpustil jej sprievod a ju poslal do vyhnanstva do Oradey. Po ich zmieren\u00ed sa kr\u00e1\u013eovn\u00e1 Barbora mohla vr\u00e1ti\u0165 na dvor. \u017digmund ju \u0161tedro od\u0161kodnil za straten\u00e9 majetky. V m\u00e1ji 1424 z\u00edskala majetky v Tren\u010dianskej a Zvolenskej stolici. O darovan\u00fdch kr\u00e1\u013eovsk\u00fdch hradoch S\u00fa\u010da, Tren\u010d\u00edn, Vr\u0161atec Pova\u017esk\u00e1 Bystrica, Hri\u010dov, Stre\u010dno a Starhrad v Tren\u010dianskej stolici sa zmie\u0148uje listina rak\u00faskeho vojvodu Albrechta a uhorsk\u00fdch magn\u00e1tov z 25. m\u00e1ja 1424. K nim nadobudla aj \u201e<em>ak\u00fdsi Budat\u00edn, ktor\u00e9ho stavby s\u00fa zboren\u00e9, strhnut\u00e9 a\u00a0odstr\u00e1nen\u00e9.\u201c <\/em><\/p>\n<p>Nie je zn\u00e1my d\u00f4vod po\u0161kodenia Budat\u00ednskeho hradu. Kr\u00e1\u013eovn\u00e1 Barbora pravdepodobne nemala z\u00e1ujem opravi\u0165 hrad. Jej majetky v\u00a0Tren\u010dianskej stolici spravovali jej bl\u00edzki slu\u017eobn\u00edci z\u00a0ne\u010falek\u00fdch hradov Hri\u010dov, Stre\u010dno, Lietava a Starhrad. V\u00a0tom \u010dase Pova\u017eie pre \u017digmunda Luxembursk\u00e9ho plnilo v\u00fdznamn\u00fa \u00falohu pri obrane severoz\u00e1padn\u00e9ho pohrani\u010dia Uhorsk\u00e9ho kr\u00e1\u013eovstva. Sved\u010d\u00ed o\u00a0tom funkcia a titul <em>capitaneus terre fluvii Wagh, <\/em>teda kapit\u00e1n Pova\u017eia. U\u017e v\u00a0roku 1421, v\u00a0s\u00favislosti s\u00a0husitsk\u00fdm ohrozen\u00edm, kr\u00e1\u013e vymenoval do tejto funkcie tren\u010dianskeho \u017eupana Mikul\u00e1\u0161a z\u00a0Per\u00edna. Po jeho skone bol kapit\u00e1nom tren\u010diansky \u017eupan Stibor zo Stibor\u00edc ml.. Obaja menovan\u00ed patrili k\u00a0najbli\u017e\u0161\u00edm d\u00f4vern\u00edkom kr\u00e1\u013ea. V\u00a0rokoch 1429 \u2013 1430 boli v\u00a0tejto funkcii predstavitelia strednej \u0161\u013eachty, ktor\u00ed patrili do okruhu kr\u00e1\u013eovnej Barbory, tren\u010dianski \u017eupani Ladislav Ha\u010fm\u00e1\u0161 a \u0160tefan z\u00a0Brezovice. \u0160tefan bol kr\u00e1\u013eovnin poh\u00e1rnik a\u00a0famili\u00e1r. Po roku 1430 sa funkcia u\u017e nespom\u00edna.<\/p>\n<p>Kr\u00e1\u013eovn\u00e1 Barbora 6. m\u00e1ja 1435 v\u0161etky svoje majetky, ktor\u00e9 boli spravovan\u00e9 z\u00a0Budat\u00edna, darovala <em>pro honore <\/em>svojmu vern\u00e9mu kapit\u00e1novi Ladislavovi z\u00a0Necp\u00e1l. Ten ich mohol u\u017e\u00edva\u0165 len v\u00a0\u010dase vykon\u00e1vania svojej funkcie.<\/p>\n<p>Vojvoda <strong>Albrecht II. Habsbursk\u00fd <\/strong>obvinil Barboru zo sprisahania vo\u010di cis\u00e1rovi a z vlastizrady a 5. decembra 1437 ju dal zatkn\u00fa\u0165. O \u0161tyri dni nesk\u00f4r zomrel cis\u00e1r \u017digmund Luxembursk\u00fd. Vojvoda Albrecht sa sna\u017eil utaji\u0165 jeho smr\u0165 do svojej korunov\u00e1cie za uhor. kr\u00e1\u013ea (1437 \u2013 1439), ktor\u00fa ani z\u010faleka nemal ist\u00fa. Kr\u00e1\u013eovn\u00fa prepustil a\u017e po nieko\u013ek\u00fdch mesiacoch po korunov\u00e1cii, zbavil ju v\u0161etk\u00fdch majetkov a konkr\u00e9tne vlastn\u00edctvo Budat\u00edna previedol na Hat\u0148anskovcov z Hatn\u00e9ho. Kr\u00e1\u013eovn\u00e1 po odchode panovn\u00edka Albrechta z krajiny v 2. pol. roku 1438 utiekla do Po\u013eska pod ochranu po\u013esk\u00e9ho kr\u00e1\u013ea.<\/p>\n<p>* Uhorsk\u00ed panovn\u00edci v\u00a0obdob\u00ed stredoveku pou\u017e\u00edvali vlastn\u00e9 panovn\u00edcke erby, ktor\u00fdmi sa identifikovali v\u00a0r\u00e1mci svojej krajiny, ale aj navonok k\u00a0\u010fal\u0161\u00edm okolit\u00fdm \u0161t\u00e1tom. Podobu svojho erbu umiest\u0148ovali aj na svoju panovn\u00edcku pe\u010da\u0165, ktorou potvrdzovali listiny. Arp\u00e1dovci s\u00a0ob\u013eubou pou\u017e\u00edvali ako hlavn\u00e9 erbov\u00e9 znamenie dvojkr\u00ed\u017e. S\u00a0pr\u00edchodom Anjuovcov sa panovn\u00edcka heraldika v\u00fdrazne zmenila. Dvojkr\u00ed\u017e sa za\u010dal vyskytova\u0165 preva\u017ene na panovn\u00edckych pe\u010datiach.<\/p>\n<p><strong>Karol I. R\u00f3bert z\u00a0Anjou<\/strong> pou\u017e\u00edval \u0161tiepen\u00fd \u0161t\u00edt, prv\u00e9 modr\u00e9 pole je posiate zlat\u00fdmi \u013ealiami a\u00a0druh\u00e9 je p\u00e4\u0165kr\u00e1t \u010derveno-strieborno delen\u00e9. Jeho syn <strong>\u013dudov\u00edt I. <\/strong>pou\u017e\u00edval ten ist\u00fd erb, len polia na \u0148om boli obsahovo obr\u00e1ten\u00e9. Spojenie t\u00fdchto dvoch erbov\u00fdch znamen\u00ed vzniklo na Apeninskom polostrove. Princezn\u00e1 M\u00e1ria Uhorsk\u00e1, dc\u00e9ra \u0160tefana V. sa vydala za neapolsk\u00e9ho princa Karola II. a priniesla si so sebou pruhovan\u00fd erb svojho otca. Ich syn Karol Martel z Anjou zaradil do svojho erbu erb svojho otca (anjouovsk\u00e9 \u013ealie) a erb svojej matky. V r\u00e1mci dedi\u010dnosti erbu t\u00fato erbov\u00fa symboliku pou\u017e\u00edvali \u010fal\u0161\u00ed potomkovia, syn Karol I. a vnuk \u013dudov\u00edt I. Tak vznikol zdru\u017een\u00fd erb anjouovsk\u00fdch kr\u00e1\u013eov. \u013dudov\u00edt I. Ve\u013ek\u00fd pou\u017e\u00edval na svojom \u0161tvrtenom \u00faplnom erbe znaky kraj\u00edn, ktor\u00e9 zdedil a z\u00edskal po\u010das svojej vl\u00e1dy. Na \u0148om m\u00f4\u017eeme vidie\u0165 v 1. poli erb dynastie Anjouovcov, \u010falej v porad\u00ed erb Po\u013eska, Uhorska a Dalm\u00e1cie. Klenotom je medzi dvoma p\u0161tros\u00edmi perami hlava p\u0161trosa so zlatou korunou, dr\u017eiaceho v \u010dervenom zob\u00e1ku zlat\u00fa podkovu. Tento klenot priniesol do Uhorska Karol I. R\u00f3bert.<\/p>\n<p><strong>\u017digmund Luxembursk\u00fd<\/strong>, posledn\u00fd potomok luxemburskej dynastie nepou\u017e\u00edval svoje rodov\u00e9 znamenie \u2013 \u010derven\u00e9ho leva na modro-bielom pruhovanom \u0161t\u00edte. Ve\u013emi peknou uk\u00e1\u017ekou zdru\u017een\u00e9ho vyobrazenia erbov \u017digmunda a\u00a0jeho dvoch man\u017eeliek <strong>M\u00e1rie z\u00a0Anjou<\/strong> a\u00a0<strong>Barbory Celjskej<\/strong> je drevoryt z nemeckej kroniky z 15. stor. V hornej polovici vyobrazenia s\u00fa panovn\u00edcke portr\u00e9ty a pod nimi s\u00fa ich erby. Z\u013eava je kr\u00e1\u013eovn\u00e1 M\u00e1ria \u2013 \u0161tvrten\u00fd erb, kde je v 1. a 4. poli znak Doln\u00e9ho Uhorska (pruhovan\u00fd) a v 2 a 3 poli znak Horn\u00e9ho Uhorska (dvojkr\u00ed\u017e na trojvr\u0161\u00ed). V strede je erb cis\u00e1ra \u017digmunda \u2013 \u0161tiepen\u00fd erb. V prvom delenom poli je v hornej polovici obr\u00e1ten\u00fd lev a v dolnej polovici znak Horn\u00e9ho Uhorska. V druhom poli je korunovan\u00fd dvojorol. Sprava je kr\u00e1\u013eovn\u00e1 Barbora \u2013 \u0161tvrten\u00fd erb, kde s\u00fa v 1. a 4. modrom poli tri hviezdi\u010dky (2, 1) a v 2. a 3. poli s\u00fa tri brvn\u00e1.<\/p>\n<div class=\"wp-block-image\"><img fetchpriority=\"high\" decoding=\"async\" class=\"wpa-warning wpa-image-missing-alt alignnone wp-image-73447\" src=\"https:\/\/pmza.sk\/wp-content\/uploads\/2025\/11\/Titulna-fotka-570x245.png\" alt=\"\" width=\"470\" height=\"202\" data-warning=\"Missing alt text\" srcset=\"https:\/\/pmza.sk\/wp-content\/uploads\/2025\/11\/Titulna-fotka-570x245.png 570w, https:\/\/pmza.sk\/wp-content\/uploads\/2025\/11\/Titulna-fotka-1170x504.png 1170w, https:\/\/pmza.sk\/wp-content\/uploads\/2025\/11\/Titulna-fotka-768x331.png 768w, https:\/\/pmza.sk\/wp-content\/uploads\/2025\/11\/Titulna-fotka-600x258.png 600w, https:\/\/pmza.sk\/wp-content\/uploads\/2025\/11\/Titulna-fotka.png 1466w\" sizes=\"(max-width: 470px) 100vw, 470px\" \/><\/div>\n<div>\n<p>Najstar\u0161ia zmienka o hrade Budat\u00edn v listine\u00a0 z roku 1321. (Zdroj: BEDN\u00c1R, <em>Budat\u00ednsky hrad<\/em>)<\/p>\n<p>&nbsp;<\/p>\n<\/div>\n<div class=\"wp-block-image\"><img decoding=\"async\" class=\"wpa-warning wpa-image-missing-alt alignnone size-full wp-image-73443\" src=\"https:\/\/pmza.sk\/wp-content\/uploads\/2025\/11\/Karol-I.-Robert-z-Anjou.jpg\" alt=\"\" width=\"261\" height=\"300\" data-warning=\"Missing alt text\" \/><\/div>\n<div>\n<p>Karol R\u00f3bert z Anjou (Zdroj: <a href=\"https:\/\/historylab.dennikn.sk\/this-day-in-history\/27-08-1310\/\">https:\/\/historylab.dennikn.sk\/this-day-in-history\/27-08-1310\/<\/a>)<\/p>\n<p>&nbsp;<\/p>\n<div class=\"wp-block-image\"><img decoding=\"async\" class=\"wpa-warning wpa-image-missing-alt alignnone wp-image-73444\" src=\"https:\/\/pmza.sk\/wp-content\/uploads\/2025\/11\/Panovnicky-erb-Karola-I.-Roberta-z-Anjou-348x360.png\" alt=\"\" width=\"248\" height=\"257\" data-warning=\"Missing alt text\" srcset=\"https:\/\/pmza.sk\/wp-content\/uploads\/2025\/11\/Panovnicky-erb-Karola-I.-Roberta-z-Anjou-348x360.png 348w, https:\/\/pmza.sk\/wp-content\/uploads\/2025\/11\/Panovnicky-erb-Karola-I.-Roberta-z-Anjou.png 460w\" sizes=\"(max-width: 248px) 100vw, 248px\" \/><\/div>\n<div>Panovn\u00edcky erb Karola I. R\u00f3berta z\u00a0Anjou (Zdroj: kresba L. Vrte\u013e)<\/div>\n<div><\/div>\n<div><\/div>\n<div>\n<div class=\"wp-block-image\"><img loading=\"lazy\" decoding=\"async\" class=\"wpa-warning wpa-image-missing-alt alignnone size-medium wp-image-73445\" src=\"https:\/\/pmza.sk\/wp-content\/uploads\/2025\/11\/Panovnicky-erb-Ludovita-I.-Velkeho-226x360.png\" alt=\"\" width=\"226\" height=\"360\" data-warning=\"Missing alt text\" srcset=\"https:\/\/pmza.sk\/wp-content\/uploads\/2025\/11\/Panovnicky-erb-Ludovita-I.-Velkeho-226x360.png 226w, https:\/\/pmza.sk\/wp-content\/uploads\/2025\/11\/Panovnicky-erb-Ludovita-I.-Velkeho.png 443w\" sizes=\"(max-width: 226px) 100vw, 226px\" \/><\/div>\n<div>Panovn\u00edcky erb \u013dudov\u00edta I. Ve\u013ek\u00e9ho (Zdroj: L. Vrte\u013e)<\/div>\n<div><\/div>\n<div>\n<div class=\"wp-block-image\"><img loading=\"lazy\" decoding=\"async\" class=\"wpa-warning wpa-image-missing-alt alignnone size-medium wp-image-73448\" src=\"https:\/\/pmza.sk\/wp-content\/uploads\/2025\/11\/Uplny-erb-Ludovita-I.-Velkeho-145x360.jpg\" alt=\"\" width=\"145\" height=\"360\" data-warning=\"Missing alt text\" srcset=\"https:\/\/pmza.sk\/wp-content\/uploads\/2025\/11\/Uplny-erb-Ludovita-I.-Velkeho-145x360.jpg 145w, https:\/\/pmza.sk\/wp-content\/uploads\/2025\/11\/Uplny-erb-Ludovita-I.-Velkeho.jpg 242w\" sizes=\"(max-width: 145px) 100vw, 145px\" \/><\/div>\n<div>\u00dapln\u00fd erb \u013dudov\u00edta I. Ve\u013ek\u00e9ho (Zdroj: L. Vrte\u013e)<\/div>\n<div><\/div>\n<div>\n<div class=\"wp-block-image\"><img loading=\"lazy\" decoding=\"async\" class=\"wpa-warning wpa-image-missing-alt alignnone size-medium wp-image-73442\" src=\"https:\/\/pmza.sk\/wp-content\/uploads\/2025\/11\/Druha-panovnicka-pecat-Ludovita-I.-z-roku-1363-570x309.jpg\" alt=\"\" width=\"570\" height=\"309\" data-warning=\"Missing alt text\" srcset=\"https:\/\/pmza.sk\/wp-content\/uploads\/2025\/11\/Druha-panovnicka-pecat-Ludovita-I.-z-roku-1363-570x309.jpg 570w, https:\/\/pmza.sk\/wp-content\/uploads\/2025\/11\/Druha-panovnicka-pecat-Ludovita-I.-z-roku-1363-768x416.jpg 768w, https:\/\/pmza.sk\/wp-content\/uploads\/2025\/11\/Druha-panovnicka-pecat-Ludovita-I.-z-roku-1363-600x325.jpg 600w, https:\/\/pmza.sk\/wp-content\/uploads\/2025\/11\/Druha-panovnicka-pecat-Ludovita-I.-z-roku-1363.jpg 800w\" sizes=\"(max-width: 570px) 100vw, 570px\" \/><\/div>\n<div>\n<p>Druh\u00e1 panovn\u00edcka pe\u010da\u0165 \u013dudov\u00edta I. z roku 1363. (Zdroj: <a href=\"https:\/\/en.wikipedia.org\/wiki\/Louis_I_of_Hungary#\/media\/File:Louis_the_Great_big_seal.jpg\">https:\/\/en.wikipedia.org\/wiki\/Louis_I_of_Hungary#\/media\/File:Louis_the_Great_big_seal.jpg<\/a>)<\/p>\n<p>&nbsp;<\/p>\n<div class=\"wp-block-image\"><img loading=\"lazy\" decoding=\"async\" class=\"wpa-warning wpa-image-missing-alt alignnone wp-image-73446\" src=\"https:\/\/pmza.sk\/wp-content\/uploads\/2025\/11\/Portrety-s-erbami-Zigmunda-Luxemburskeho-Marie-z-Anjou-a-Barbory-Celjskej-453x360.png\" alt=\"\" width=\"342\" height=\"272\" data-warning=\"Missing alt text\" srcset=\"https:\/\/pmza.sk\/wp-content\/uploads\/2025\/11\/Portrety-s-erbami-Zigmunda-Luxemburskeho-Marie-z-Anjou-a-Barbory-Celjskej-453x360.png 453w, https:\/\/pmza.sk\/wp-content\/uploads\/2025\/11\/Portrety-s-erbami-Zigmunda-Luxemburskeho-Marie-z-Anjou-a-Barbory-Celjskej-926x736.png 926w, https:\/\/pmza.sk\/wp-content\/uploads\/2025\/11\/Portrety-s-erbami-Zigmunda-Luxemburskeho-Marie-z-Anjou-a-Barbory-Celjskej-768x611.png 768w, https:\/\/pmza.sk\/wp-content\/uploads\/2025\/11\/Portrety-s-erbami-Zigmunda-Luxemburskeho-Marie-z-Anjou-a-Barbory-Celjskej-600x477.png 600w, https:\/\/pmza.sk\/wp-content\/uploads\/2025\/11\/Portrety-s-erbami-Zigmunda-Luxemburskeho-Marie-z-Anjou-a-Barbory-Celjskej.png 1064w\" sizes=\"(max-width: 342px) 100vw, 342px\" \/><\/div>\n<div>\n<p>Portr\u00e9ty s erbami \u017digmunda Luxembursk\u00e9ho, M\u00e1rie z\u00a0Anjou a\u00a0Barbory Celjskej. (Zdroj: GHH)<\/p>\n<\/div>\n<\/div>\n<\/div>\n<\/div>\n<\/div>\n<\/div>\n<p><strong>Text:<\/strong> Mgr. Darina Bellovi\u010dov\u00e1, histori\u010dka Pova\u017esk\u00e9ho m\u00fazea<\/p>\n<p><strong>Pou\u017eit\u00e1 literat\u00fara:<\/strong><\/p>\n<p>BUCHTA, A.: Bala\u0161ovci a\u00a0Kysuce do roku 1323. In <em>Zborn\u00edk Kysuck\u00e9ho m\u00fazea v\u00a0\u010cadci. <\/em>\u010cadca: Kysuck\u00e9 m\u00fazeum<em>, <\/em>15\/2013.<\/p>\n<p>DVO\u0158\u00c1KOV\u00c1, D.: Smr\u0165 cis\u00e1ra \u017digmunda Luxembursk\u00e9ho. In <em>Historick\u00fd \u010dasopis<\/em>, ro\u010d. 69, \u010d. 1, 2021.<\/p>\n<p>FIALA, A<em>.<\/em>: Kr\u00e1\u013eovn\u00e1 Barbora, rod Celjsk\u00fdch a\u00a0ich erby vo vz\u0165ahu k\u00a0Slovensku<em>. <\/em>In <em>Genealogicko-heraldick\u00fd hlas, <\/em>ro\u010d. 5, \u010d. 1, 1995.<\/p>\n<p>FIALA, M. \u2013 IZAKOVI\u010cOV\u00c1, M. \u2013 MARSINA, R.: Budat\u00edn. In <em>Vlastivedn\u00fd \u010dasopis<\/em>, ro\u010d. 14, \u010d. 3, 1965.<\/p>\n<p>K\u00d3NYA, P. et al.: <em>Dejiny Uhorska<\/em>. Bratislava: Vydavate\u013estvo Citadela, 2014.<\/p>\n<p>R\u00c1BIK, V. \u2013 LABANC, P. \u2013 TIBENSK\u00dd, M..: <em>Slovensk\u00e9 stredovek\u00e9 dejiny II<\/em>. Trnava: Filozofick\u00e1 fakulta TU, 2013.<\/p>\n<p>\u0160IMKO, P.: Budat\u00ednsky hrad na kri\u017eovatke ciest. In BEDN\u00c1R, P. \u2013 STANEKOV\u00c1, Z. \u2013 \u0160IMKO, P. (eds): <em>Budat\u00ednsky hrad. <\/em>\u017dilina: Pova\u017esk\u00e9 m\u00fazeum, 2019.<\/p>\n<p>VRTE\u013d, L.: <em>Osem storo\u010d\u00ed heraldiky<\/em>. Martin: Vydavate\u013estvo Matice Slovenskej, 2003.<\/p>\n","protected":false},"excerpt":{"rendered":"<p>Budat\u00edn kr\u00e1\u013eovsk\u00fdm majetkom (1323 \u2013 1424) Po smrti Mat\u00fa\u0161a \u010c\u00e1ka Tren\u010dianskeho (\u20201321) kr\u00e1\u013e Karol I. R\u00f3bert u\u017e ve\u013emi neveril predkom rodu Bala\u0161a (Mikova l\u00ednia rodu), ktor\u00ed boli v\u00a0\u010dase nepokojov neutr\u00e1lni a nest\u00e1li na jeho strane. S\u00edce im v\u00a0roku 1321 vr\u00e1til majetky a\u00a0pr\u00edjmy z\u00a0nich, ale spr\u00e1vu a\u00a0kontrolu nad nimi si ponechal. Dosadzoval si na hrady vlastn\u00fdch [&hellip;]<\/p>\n","protected":false},"author":2,"featured_media":73447,"comment_status":"closed","ping_status":"closed","sticky":false,"template":"","format":"standard","meta":{"site-sidebar-layout":"default","site-content-layout":"","ast-site-content-layout":"default","site-content-style":"default","site-sidebar-style":"default","ast-global-header-display":"","ast-banner-title-visibility":"","ast-main-header-display":"","ast-hfb-above-header-display":"","ast-hfb-below-header-display":"","ast-hfb-mobile-header-display":"","site-post-title":"","ast-breadcrumbs-content":"","ast-featured-img":"","footer-sml-layout":"","theme-transparent-header-meta":"default","adv-header-id-meta":"","stick-header-meta":"default","header-above-stick-meta":"","header-main-stick-meta":"","header-below-stick-meta":"","astra-migrate-meta-layouts":"set","ast-page-background-enabled":"default","ast-page-background-meta":{"desktop":{"background-color":"var(--ast-global-color-4)","background-image":"","background-repeat":"repeat","background-position":"center center","background-size":"auto","background-attachment":"scroll","background-type":"","background-media":"","overlay-type":"","overlay-color":"","overlay-opacity":"","overlay-gradient":""},"tablet":{"background-color":"","background-image":"","background-repeat":"repeat","background-position":"center center","background-size":"auto","background-attachment":"scroll","background-type":"","background-media":"","overlay-type":"","overlay-color":"","overlay-opacity":"","overlay-gradient":""},"mobile":{"background-color":"","background-image":"","background-repeat":"repeat","background-position":"center center","background-size":"auto","background-attachment":"scroll","background-type":"","background-media":"","overlay-type":"","overlay-color":"","overlay-opacity":"","overlay-gradient":""}},"ast-content-background-meta":{"desktop":{"background-color":"var(--ast-global-color-5)","background-image":"","background-repeat":"repeat","background-position":"center center","background-size":"auto","background-attachment":"scroll","background-type":"","background-media":"","overlay-type":"","overlay-color":"","overlay-opacity":"","overlay-gradient":""},"tablet":{"background-color":"var(--ast-global-color-5)","background-image":"","background-repeat":"repeat","background-position":"center center","background-size":"auto","background-attachment":"scroll","background-type":"","background-media":"","overlay-type":"","overlay-color":"","overlay-opacity":"","overlay-gradient":""},"mobile":{"background-color":"var(--ast-global-color-5)","background-image":"","background-repeat":"repeat","background-position":"center center","background-size":"auto","background-attachment":"scroll","background-type":"","background-media":"","overlay-type":"","overlay-color":"","overlay-opacity":"","overlay-gradient":""}},"footnotes":""},"categories":[31],"tags":[],"class_list":["post-73441","post","type-post","status-publish","format-standard","has-post-thumbnail","hentry","category-aktuality"],"yoast_head":"<!-- This site is optimized with the Yoast SEO plugin v27.4 - https:\/\/yoast.com\/product\/yoast-seo-wordpress\/ -->\n<title>Majitelia Budat\u00ednskeho hradu (2. \u010das\u0165) - Pova\u017esk\u00e9 m\u00fazeum<\/title>\n<meta name=\"robots\" content=\"index, follow, max-snippet:-1, max-image-preview:large, max-video-preview:-1\" \/>\n<link rel=\"canonical\" href=\"https:\/\/pmza.sk\/?p=73441\" \/>\n<meta property=\"og:locale\" content=\"sk_SK\" \/>\n<meta property=\"og:type\" content=\"article\" \/>\n<meta property=\"og:title\" content=\"Majitelia Budat\u00ednskeho hradu (2. \u010das\u0165) - Pova\u017esk\u00e9 m\u00fazeum\" \/>\n<meta property=\"og:description\" content=\"Budat\u00edn kr\u00e1\u013eovsk\u00fdm majetkom (1323 \u2013 1424) Po smrti Mat\u00fa\u0161a \u010c\u00e1ka Tren\u010dianskeho (\u20201321) kr\u00e1\u013e Karol I. R\u00f3bert u\u017e ve\u013emi neveril predkom rodu Bala\u0161a (Mikova l\u00ednia rodu), ktor\u00ed boli v\u00a0\u010dase nepokojov neutr\u00e1lni a nest\u00e1li na jeho strane. S\u00edce im v\u00a0roku 1321 vr\u00e1til majetky a\u00a0pr\u00edjmy z\u00a0nich, ale spr\u00e1vu a\u00a0kontrolu nad nimi si ponechal. Dosadzoval si na hrady vlastn\u00fdch [&hellip;]\" \/>\n<meta property=\"og:url\" content=\"https:\/\/pmza.sk\/?p=73441\" \/>\n<meta property=\"og:site_name\" content=\"Pova\u017esk\u00e9 m\u00fazeum\" \/>\n<meta property=\"article:publisher\" content=\"https:\/\/www.facebook.com\/povazskemuzeum\" \/>\n<meta property=\"article:published_time\" content=\"2025-11-21T09:43:55+00:00\" \/>\n<meta property=\"article:modified_time\" content=\"2026-02-27T06:49:44+00:00\" \/>\n<meta property=\"og:image\" content=\"https:\/\/pmza.sk\/wp-content\/uploads\/2025\/11\/Titulna-fotka.png\" \/>\n\t<meta property=\"og:image:width\" content=\"1466\" \/>\n\t<meta property=\"og:image:height\" content=\"631\" \/>\n\t<meta property=\"og:image:type\" content=\"image\/png\" \/>\n<meta name=\"author\" content=\"Pova\u017esk\u00e9 m\u00fazeum\" \/>\n<meta name=\"twitter:card\" content=\"summary_large_image\" \/>\n<meta name=\"twitter:label1\" content=\"Autor\" \/>\n\t<meta name=\"twitter:data1\" content=\"Pova\u017esk\u00e9 m\u00fazeum\" \/>\n\t<meta name=\"twitter:label2\" content=\"Predpokladan\u00fd \u010das \u010d\u00edtania\" \/>\n\t<meta name=\"twitter:data2\" content=\"10 min\u00fat\" \/>\n<script type=\"application\/ld+json\" class=\"yoast-schema-graph\">{\"@context\":\"https:\\\/\\\/schema.org\",\"@graph\":[{\"@type\":\"Article\",\"@id\":\"https:\\\/\\\/pmza.sk\\\/?p=73441#article\",\"isPartOf\":{\"@id\":\"https:\\\/\\\/pmza.sk\\\/?p=73441\"},\"author\":{\"name\":\"Pova\u017esk\u00e9 m\u00fazeum\",\"@id\":\"https:\\\/\\\/pmza.sk\\\/#\\\/schema\\\/person\\\/595e6a2ce731ea94dcd5d7f50a41ae33\"},\"headline\":\"Majitelia Budat\u00ednskeho hradu (2. \u010das\u0165)\",\"datePublished\":\"2025-11-21T09:43:55+00:00\",\"dateModified\":\"2026-02-27T06:49:44+00:00\",\"mainEntityOfPage\":{\"@id\":\"https:\\\/\\\/pmza.sk\\\/?p=73441\"},\"wordCount\":1918,\"publisher\":{\"@id\":\"https:\\\/\\\/pmza.sk\\\/#organization\"},\"image\":{\"@id\":\"https:\\\/\\\/pmza.sk\\\/?p=73441#primaryimage\"},\"thumbnailUrl\":\"https:\\\/\\\/pmza.sk\\\/wp-content\\\/uploads\\\/2025\\\/11\\\/Titulna-fotka.png\",\"articleSection\":[\"Aktuality\"],\"inLanguage\":\"sk-SK\"},{\"@type\":\"WebPage\",\"@id\":\"https:\\\/\\\/pmza.sk\\\/?p=73441\",\"url\":\"https:\\\/\\\/pmza.sk\\\/?p=73441\",\"name\":\"Majitelia Budat\u00ednskeho hradu (2. \u010das\u0165) - Pova\u017esk\u00e9 m\u00fazeum\",\"isPartOf\":{\"@id\":\"https:\\\/\\\/pmza.sk\\\/#website\"},\"primaryImageOfPage\":{\"@id\":\"https:\\\/\\\/pmza.sk\\\/?p=73441#primaryimage\"},\"image\":{\"@id\":\"https:\\\/\\\/pmza.sk\\\/?p=73441#primaryimage\"},\"thumbnailUrl\":\"https:\\\/\\\/pmza.sk\\\/wp-content\\\/uploads\\\/2025\\\/11\\\/Titulna-fotka.png\",\"datePublished\":\"2025-11-21T09:43:55+00:00\",\"dateModified\":\"2026-02-27T06:49:44+00:00\",\"breadcrumb\":{\"@id\":\"https:\\\/\\\/pmza.sk\\\/?p=73441#breadcrumb\"},\"inLanguage\":\"sk-SK\",\"potentialAction\":[{\"@type\":\"ReadAction\",\"target\":[\"https:\\\/\\\/pmza.sk\\\/?p=73441\"]}]},{\"@type\":\"ImageObject\",\"inLanguage\":\"sk-SK\",\"@id\":\"https:\\\/\\\/pmza.sk\\\/?p=73441#primaryimage\",\"url\":\"https:\\\/\\\/pmza.sk\\\/wp-content\\\/uploads\\\/2025\\\/11\\\/Titulna-fotka.png\",\"contentUrl\":\"https:\\\/\\\/pmza.sk\\\/wp-content\\\/uploads\\\/2025\\\/11\\\/Titulna-fotka.png\",\"width\":1466,\"height\":631},{\"@type\":\"BreadcrumbList\",\"@id\":\"https:\\\/\\\/pmza.sk\\\/?p=73441#breadcrumb\",\"itemListElement\":[{\"@type\":\"ListItem\",\"position\":1,\"name\":\"Domovsk\u00e1 str\u00e1nka\",\"item\":\"https:\\\/\\\/pmza.sk\\\/\"},{\"@type\":\"ListItem\",\"position\":2,\"name\":\"Majitelia Budat\u00ednskeho hradu (2. \u010das\u0165)\"}]},{\"@type\":\"WebSite\",\"@id\":\"https:\\\/\\\/pmza.sk\\\/#website\",\"url\":\"https:\\\/\\\/pmza.sk\\\/\",\"name\":\"Pova\u017esk\u00e9 m\u00fazeum\",\"description\":\"Pova\u017esk\u00e9 m\u00fazeum v \u017diline je region\u00e1lne m\u00fazeum so s\u00eddlom v Budat\u00edne. Jeho expoz\u00edcie s\u00fa zameran\u00e9 na dejiny slovensk\u00e9ho umenia, kult\u00fary a dopravy.\",\"publisher\":{\"@id\":\"https:\\\/\\\/pmza.sk\\\/#organization\"},\"potentialAction\":[{\"@type\":\"SearchAction\",\"target\":{\"@type\":\"EntryPoint\",\"urlTemplate\":\"https:\\\/\\\/pmza.sk\\\/?s={search_term_string}\"},\"query-input\":{\"@type\":\"PropertyValueSpecification\",\"valueRequired\":true,\"valueName\":\"search_term_string\"}}],\"inLanguage\":\"sk-SK\"},{\"@type\":\"Organization\",\"@id\":\"https:\\\/\\\/pmza.sk\\\/#organization\",\"name\":\"Pova\u017esk\u00e9 m\u00fazeum\",\"url\":\"https:\\\/\\\/pmza.sk\\\/\",\"logo\":{\"@type\":\"ImageObject\",\"inLanguage\":\"sk-SK\",\"@id\":\"https:\\\/\\\/pmza.sk\\\/#\\\/schema\\\/logo\\\/image\\\/\",\"url\":\"https:\\\/\\\/pmza.sk\\\/wp-content\\\/uploads\\\/2022\\\/01\\\/logo_PM_horizontal.jpg\",\"contentUrl\":\"https:\\\/\\\/pmza.sk\\\/wp-content\\\/uploads\\\/2022\\\/01\\\/logo_PM_horizontal.jpg\",\"width\":231,\"height\":142,\"caption\":\"Pova\u017esk\u00e9 m\u00fazeum\"},\"image\":{\"@id\":\"https:\\\/\\\/pmza.sk\\\/#\\\/schema\\\/logo\\\/image\\\/\"},\"sameAs\":[\"https:\\\/\\\/www.facebook.com\\\/povazskemuzeum\",\"https:\\\/\\\/www.instagram.com\\\/povazskemuzeum\\\/\"]},{\"@type\":\"Person\",\"@id\":\"https:\\\/\\\/pmza.sk\\\/#\\\/schema\\\/person\\\/595e6a2ce731ea94dcd5d7f50a41ae33\",\"name\":\"Pova\u017esk\u00e9 m\u00fazeum\",\"image\":{\"@type\":\"ImageObject\",\"inLanguage\":\"sk-SK\",\"@id\":\"https:\\\/\\\/secure.gravatar.com\\\/avatar\\\/2bb7f1561282132fb5826dfeccc66c7996d11ee392ac6aaf7ced8a1c2027fbb2?s=96&d=mm&r=g\",\"url\":\"https:\\\/\\\/secure.gravatar.com\\\/avatar\\\/2bb7f1561282132fb5826dfeccc66c7996d11ee392ac6aaf7ced8a1c2027fbb2?s=96&d=mm&r=g\",\"contentUrl\":\"https:\\\/\\\/secure.gravatar.com\\\/avatar\\\/2bb7f1561282132fb5826dfeccc66c7996d11ee392ac6aaf7ced8a1c2027fbb2?s=96&d=mm&r=g\",\"caption\":\"Pova\u017esk\u00e9 m\u00fazeum\"}}]}<\/script>\n<!-- \/ Yoast SEO plugin. -->","yoast_head_json":{"title":"Majitelia Budat\u00ednskeho hradu (2. \u010das\u0165) - Pova\u017esk\u00e9 m\u00fazeum","robots":{"index":"index","follow":"follow","max-snippet":"max-snippet:-1","max-image-preview":"max-image-preview:large","max-video-preview":"max-video-preview:-1"},"canonical":"https:\/\/pmza.sk\/?p=73441","og_locale":"sk_SK","og_type":"article","og_title":"Majitelia Budat\u00ednskeho hradu (2. \u010das\u0165) - Pova\u017esk\u00e9 m\u00fazeum","og_description":"Budat\u00edn kr\u00e1\u013eovsk\u00fdm majetkom (1323 \u2013 1424) Po smrti Mat\u00fa\u0161a \u010c\u00e1ka Tren\u010dianskeho (\u20201321) kr\u00e1\u013e Karol I. R\u00f3bert u\u017e ve\u013emi neveril predkom rodu Bala\u0161a (Mikova l\u00ednia rodu), ktor\u00ed boli v\u00a0\u010dase nepokojov neutr\u00e1lni a nest\u00e1li na jeho strane. S\u00edce im v\u00a0roku 1321 vr\u00e1til majetky a\u00a0pr\u00edjmy z\u00a0nich, ale spr\u00e1vu a\u00a0kontrolu nad nimi si ponechal. Dosadzoval si na hrady vlastn\u00fdch [&hellip;]","og_url":"https:\/\/pmza.sk\/?p=73441","og_site_name":"Pova\u017esk\u00e9 m\u00fazeum","article_publisher":"https:\/\/www.facebook.com\/povazskemuzeum","article_published_time":"2025-11-21T09:43:55+00:00","article_modified_time":"2026-02-27T06:49:44+00:00","og_image":[{"width":1466,"height":631,"url":"https:\/\/pmza.sk\/wp-content\/uploads\/2025\/11\/Titulna-fotka.png","type":"image\/png"}],"author":"Pova\u017esk\u00e9 m\u00fazeum","twitter_card":"summary_large_image","twitter_misc":{"Autor":"Pova\u017esk\u00e9 m\u00fazeum","Predpokladan\u00fd \u010das \u010d\u00edtania":"10 min\u00fat"},"schema":{"@context":"https:\/\/schema.org","@graph":[{"@type":"Article","@id":"https:\/\/pmza.sk\/?p=73441#article","isPartOf":{"@id":"https:\/\/pmza.sk\/?p=73441"},"author":{"name":"Pova\u017esk\u00e9 m\u00fazeum","@id":"https:\/\/pmza.sk\/#\/schema\/person\/595e6a2ce731ea94dcd5d7f50a41ae33"},"headline":"Majitelia Budat\u00ednskeho hradu (2. \u010das\u0165)","datePublished":"2025-11-21T09:43:55+00:00","dateModified":"2026-02-27T06:49:44+00:00","mainEntityOfPage":{"@id":"https:\/\/pmza.sk\/?p=73441"},"wordCount":1918,"publisher":{"@id":"https:\/\/pmza.sk\/#organization"},"image":{"@id":"https:\/\/pmza.sk\/?p=73441#primaryimage"},"thumbnailUrl":"https:\/\/pmza.sk\/wp-content\/uploads\/2025\/11\/Titulna-fotka.png","articleSection":["Aktuality"],"inLanguage":"sk-SK"},{"@type":"WebPage","@id":"https:\/\/pmza.sk\/?p=73441","url":"https:\/\/pmza.sk\/?p=73441","name":"Majitelia Budat\u00ednskeho hradu (2. \u010das\u0165) - Pova\u017esk\u00e9 m\u00fazeum","isPartOf":{"@id":"https:\/\/pmza.sk\/#website"},"primaryImageOfPage":{"@id":"https:\/\/pmza.sk\/?p=73441#primaryimage"},"image":{"@id":"https:\/\/pmza.sk\/?p=73441#primaryimage"},"thumbnailUrl":"https:\/\/pmza.sk\/wp-content\/uploads\/2025\/11\/Titulna-fotka.png","datePublished":"2025-11-21T09:43:55+00:00","dateModified":"2026-02-27T06:49:44+00:00","breadcrumb":{"@id":"https:\/\/pmza.sk\/?p=73441#breadcrumb"},"inLanguage":"sk-SK","potentialAction":[{"@type":"ReadAction","target":["https:\/\/pmza.sk\/?p=73441"]}]},{"@type":"ImageObject","inLanguage":"sk-SK","@id":"https:\/\/pmza.sk\/?p=73441#primaryimage","url":"https:\/\/pmza.sk\/wp-content\/uploads\/2025\/11\/Titulna-fotka.png","contentUrl":"https:\/\/pmza.sk\/wp-content\/uploads\/2025\/11\/Titulna-fotka.png","width":1466,"height":631},{"@type":"BreadcrumbList","@id":"https:\/\/pmza.sk\/?p=73441#breadcrumb","itemListElement":[{"@type":"ListItem","position":1,"name":"Domovsk\u00e1 str\u00e1nka","item":"https:\/\/pmza.sk\/"},{"@type":"ListItem","position":2,"name":"Majitelia Budat\u00ednskeho hradu (2. \u010das\u0165)"}]},{"@type":"WebSite","@id":"https:\/\/pmza.sk\/#website","url":"https:\/\/pmza.sk\/","name":"Pova\u017esk\u00e9 m\u00fazeum","description":"Pova\u017esk\u00e9 m\u00fazeum v \u017diline je region\u00e1lne m\u00fazeum so s\u00eddlom v Budat\u00edne. Jeho expoz\u00edcie s\u00fa zameran\u00e9 na dejiny slovensk\u00e9ho umenia, kult\u00fary a dopravy.","publisher":{"@id":"https:\/\/pmza.sk\/#organization"},"potentialAction":[{"@type":"SearchAction","target":{"@type":"EntryPoint","urlTemplate":"https:\/\/pmza.sk\/?s={search_term_string}"},"query-input":{"@type":"PropertyValueSpecification","valueRequired":true,"valueName":"search_term_string"}}],"inLanguage":"sk-SK"},{"@type":"Organization","@id":"https:\/\/pmza.sk\/#organization","name":"Pova\u017esk\u00e9 m\u00fazeum","url":"https:\/\/pmza.sk\/","logo":{"@type":"ImageObject","inLanguage":"sk-SK","@id":"https:\/\/pmza.sk\/#\/schema\/logo\/image\/","url":"https:\/\/pmza.sk\/wp-content\/uploads\/2022\/01\/logo_PM_horizontal.jpg","contentUrl":"https:\/\/pmza.sk\/wp-content\/uploads\/2022\/01\/logo_PM_horizontal.jpg","width":231,"height":142,"caption":"Pova\u017esk\u00e9 m\u00fazeum"},"image":{"@id":"https:\/\/pmza.sk\/#\/schema\/logo\/image\/"},"sameAs":["https:\/\/www.facebook.com\/povazskemuzeum","https:\/\/www.instagram.com\/povazskemuzeum\/"]},{"@type":"Person","@id":"https:\/\/pmza.sk\/#\/schema\/person\/595e6a2ce731ea94dcd5d7f50a41ae33","name":"Pova\u017esk\u00e9 m\u00fazeum","image":{"@type":"ImageObject","inLanguage":"sk-SK","@id":"https:\/\/secure.gravatar.com\/avatar\/2bb7f1561282132fb5826dfeccc66c7996d11ee392ac6aaf7ced8a1c2027fbb2?s=96&d=mm&r=g","url":"https:\/\/secure.gravatar.com\/avatar\/2bb7f1561282132fb5826dfeccc66c7996d11ee392ac6aaf7ced8a1c2027fbb2?s=96&d=mm&r=g","contentUrl":"https:\/\/secure.gravatar.com\/avatar\/2bb7f1561282132fb5826dfeccc66c7996d11ee392ac6aaf7ced8a1c2027fbb2?s=96&d=mm&r=g","caption":"Pova\u017esk\u00e9 m\u00fazeum"}}]}},"_links":{"self":[{"href":"https:\/\/pmza.sk\/index.php?rest_route=\/wp\/v2\/posts\/73441","targetHints":{"allow":["GET"]}}],"collection":[{"href":"https:\/\/pmza.sk\/index.php?rest_route=\/wp\/v2\/posts"}],"about":[{"href":"https:\/\/pmza.sk\/index.php?rest_route=\/wp\/v2\/types\/post"}],"author":[{"embeddable":true,"href":"https:\/\/pmza.sk\/index.php?rest_route=\/wp\/v2\/users\/2"}],"replies":[{"embeddable":true,"href":"https:\/\/pmza.sk\/index.php?rest_route=%2Fwp%2Fv2%2Fcomments&post=73441"}],"version-history":[{"count":0,"href":"https:\/\/pmza.sk\/index.php?rest_route=\/wp\/v2\/posts\/73441\/revisions"}],"wp:featuredmedia":[{"embeddable":true,"href":"https:\/\/pmza.sk\/index.php?rest_route=\/wp\/v2\/media\/73447"}],"wp:attachment":[{"href":"https:\/\/pmza.sk\/index.php?rest_route=%2Fwp%2Fv2%2Fmedia&parent=73441"}],"wp:term":[{"taxonomy":"category","embeddable":true,"href":"https:\/\/pmza.sk\/index.php?rest_route=%2Fwp%2Fv2%2Fcategories&post=73441"},{"taxonomy":"post_tag","embeddable":true,"href":"https:\/\/pmza.sk\/index.php?rest_route=%2Fwp%2Fv2%2Ftags&post=73441"}],"curies":[{"name":"wp","href":"https:\/\/api.w.org\/{rel}","templated":true}]}}