{"id":7357,"date":"2013-05-10T12:58:32","date_gmt":"2013-05-10T10:58:32","guid":{"rendered":"https:\/\/pmza.sk.sk\/?p=7357"},"modified":"2013-05-10T12:58:32","modified_gmt":"2013-05-10T10:58:32","slug":"noc-v-muzeu-aj-s-babkovym-divadlom","status":"publish","type":"post","link":"https:\/\/pmza.sk\/?p=7357","title":{"rendered":"Noc v m\u00fazeu aj s b\u00e1bkov\u00fdm divadlom"},"content":{"rendered":"<p><a href=\"https:\/\/pmza.sk\/wp-content\/uploads\/2013\/05\/Kata-dcera-kata.jpg\"><img fetchpriority=\"high\" decoding=\"async\" class=\"alignleft size-medium wp-image-7358\" style=\"border: 2px solid black; margin: 4px;\" title=\"Kata dc\u00e9ra kata\" src=\"https:\/\/pmza.sk.sk\/wp-content\/uploads\/2013\/05\/Kata-dc\u00e9ra-kata-300x199.jpg\" alt=\"\" width=\"300\" height=\"199\" \/><\/a>V\u00a0s\u00favislosti s IX. ro\u010dn\u00edkom eur\u00f3pskeho podujatia <strong>Noc m\u00faze\u00ed a\u00a0gal\u00e9ri\u00ed 2013<\/strong> Pova\u017esk\u00e9 m\u00fazeum v\u00a0\u017diline pripravilo pre svojich n\u00e1v\u0161tevn\u00edkov dve l\u00e1kav\u00e9 ponuky. Hrad Stre\u010dno bude po\u010das tohto podujatia prv\u00fdkr\u00e1t v\u00a0tomto roku otvoren\u00fd od 20.00 hod. takmer do polnoci. <em>\u201eNo\u010dn\u00e9 prehliadky hradu patria k na\u0161im\u00a0najob\u013e\u00fabenej\u0161\u00edm a najnav\u0161tevovanej\u0161\u00edm podujatiam. Po\u010das letnej sez\u00f3ny s\u00fa preto do programu zaraden\u00e9 nieko\u013ekokr\u00e1t. Aby n\u00e1v\u0161tevn\u00edci za\u017eili v\u017edy nie\u010do nov\u00e9, bude aj v\u00a0tomto roku ka\u017ed\u00e1 no\u010dn\u00e1 prehliadka laden\u00e1 do inej tematiky<\/em>,\u201c uviedol Ladislav Cimer\u00e1k, riadite\u013e Pova\u017esk\u00e9ho m\u00fazea v\u00a0\u017diline. <!--more-->U\u017e <strong>v\u00a0sobotu 18. m\u00e1ja<\/strong> okrem nev\u0161ednej no\u010dnej atmosf\u00e9ry spestr\u00ed prehliadku oh\u0148ov\u00e9 predstavenie o\u00a022.00 hod. Verejnosti bude spr\u00edstupnen\u00e1 aj diel\u0148a konzerv\u00e1tora keramiky v\u00a0podhrad\u00ed, kde bude predstaven\u00e1 \u010derstvo rekon\u0161truovan\u00e1 keramika z\u00a0P\u00fachova a\u00a0z\u00a0Var\u00edna.<br \/>\nU\u017e druh\u00fd rok sa do Noci m\u00faze\u00ed a\u00a0gal\u00e9ri\u00ed zapoj\u00ed aj are\u00e1l Budat\u00ednskeho hradu. Jedine\u010dn\u00e1 drot\u00e1rska expoz\u00edcia bude v\u00a0sobotu 18. m\u00e1ja 2013 spr\u00edstupnen\u00e1 v\u00fdnimo\u010dne do 20.00 hod.\u00a0 Okrem toho sa\u00a0 v\u00a0are\u00e1li o\u00a017.00 hod. predstav\u00ed B\u00e1bkov\u00e9 divadlo \u017dilina s\u00a0inscen\u00e1ciou Kata dc\u00e9ra kata, ktor\u00e1, pln\u00e1 humoru, par\u00f3die a\u00a0vtipu predstavuje legendu kastel\u00e1na z\u00a0Budat\u00ednskeho hradu, ktor\u00fd m\u00e1 z\u00e1ujem o sl\u00fa\u017eku hradn\u00e9ho p\u00e1na. <em>\u201eB\u00e1bkov\u00e9 divadlo v\u00a0\u017diline je moment\u00e1lne kv\u00f4li rekon\u0161trukcii zatvoren\u00e9. Na\u0161e tvoriv\u00e9 aktivity v\u0161ak rozhodne neut\u00edchaj\u00fa a\u00a0sme radi, \u017ee sa m\u00f4\u017eeme na\u0161im div\u00e1kom tentokr\u00e1t predstavi\u0165 priamo v\u00a0prostred\u00ed, s\u00a0ktor\u00fdm je pr\u00edbeh spojen\u00fd,\u201c <\/em>uviedol Peter Taba\u010dek, riadite\u013e B\u00e1bkov\u00e9ho divadla \u017dilina.<em><br \/>\n<\/em>Organiz\u00e1torom no\u010dnej prehliadky hradu Stre\u010dno, prehliadky expoz\u00edcie drotARStvo \u00a0a\u00a0inscen\u00e1cie Kata dc\u00e9ra kata v\u00a0are\u00e1li Budat\u00ednskeho hradu v\u00a0sobotu 18. m\u00e1ja 2013 v\u00a0r\u00e1mci podujatia Noc m\u00faze\u00ed a\u00a0gal\u00e9ri\u00ed 2013 je Pova\u017esk\u00e9 m\u00fazeum v\u00a0\u017diline v zria\u010fovate\u013eskej p\u00f4sobnosti \u017dilinsk\u00e9ho samospr\u00e1vneho kraja\u00a0a\u00a0B\u00e1bkov\u00e9 divadlo \u017dilina.<\/p>\n","protected":false},"excerpt":{"rendered":"<p>V\u00a0s\u00favislosti s IX. ro\u010dn\u00edkom eur\u00f3pskeho podujatia Noc m\u00faze\u00ed a\u00a0gal\u00e9ri\u00ed 2013 Pova\u017esk\u00e9 m\u00fazeum v\u00a0\u017diline pripravilo pre svojich n\u00e1v\u0161tevn\u00edkov dve l\u00e1kav\u00e9 ponuky. Hrad Stre\u010dno bude po\u010das tohto podujatia prv\u00fdkr\u00e1t v\u00a0tomto roku otvoren\u00fd od 20.00 hod. takmer do polnoci. \u201eNo\u010dn\u00e9 prehliadky hradu patria k na\u0161im\u00a0najob\u013e\u00fabenej\u0161\u00edm a najnav\u0161tevovanej\u0161\u00edm podujatiam. Po\u010das letnej sez\u00f3ny s\u00fa preto do programu zaraden\u00e9 nieko\u013ekokr\u00e1t. Aby [&hellip;]<\/p>\n","protected":false},"author":2,"featured_media":0,"comment_status":"closed","ping_status":"closed","sticky":false,"template":"","format":"standard","meta":{"site-sidebar-layout":"default","site-content-layout":"","ast-site-content-layout":"","site-content-style":"default","site-sidebar-style":"default","ast-global-header-display":"","ast-banner-title-visibility":"","ast-main-header-display":"","ast-hfb-above-header-display":"","ast-hfb-below-header-display":"","ast-hfb-mobile-header-display":"","site-post-title":"","ast-breadcrumbs-content":"","ast-featured-img":"","footer-sml-layout":"","theme-transparent-header-meta":"","adv-header-id-meta":"","stick-header-meta":"","header-above-stick-meta":"","header-main-stick-meta":"","header-below-stick-meta":"","astra-migrate-meta-layouts":"default","ast-page-background-enabled":"default","ast-page-background-meta":{"desktop":{"background-color":"var(--ast-global-color-4)","background-image":"","background-repeat":"repeat","background-position":"center center","background-size":"auto","background-attachment":"scroll","background-type":"","background-media":"","overlay-type":"","overlay-color":"","overlay-opacity":"","overlay-gradient":""},"tablet":{"background-color":"","background-image":"","background-repeat":"repeat","background-position":"center center","background-size":"auto","background-attachment":"scroll","background-type":"","background-media":"","overlay-type":"","overlay-color":"","overlay-opacity":"","overlay-gradient":""},"mobile":{"background-color":"","background-image":"","background-repeat":"repeat","background-position":"center center","background-size":"auto","background-attachment":"scroll","background-type":"","background-media":"","overlay-type":"","overlay-color":"","overlay-opacity":"","overlay-gradient":""}},"ast-content-background-meta":{"desktop":{"background-color":"var(--ast-global-color-5)","background-image":"","background-repeat":"repeat","background-position":"center center","background-size":"auto","background-attachment":"scroll","background-type":"","background-media":"","overlay-type":"","overlay-color":"","overlay-opacity":"","overlay-gradient":""},"tablet":{"background-color":"var(--ast-global-color-5)","background-image":"","background-repeat":"repeat","background-position":"center center","background-size":"auto","background-attachment":"scroll","background-type":"","background-media":"","overlay-type":"","overlay-color":"","overlay-opacity":"","overlay-gradient":""},"mobile":{"background-color":"var(--ast-global-color-5)","background-image":"","background-repeat":"repeat","background-position":"center center","background-size":"auto","background-attachment":"scroll","background-type":"","background-media":"","overlay-type":"","overlay-color":"","overlay-opacity":"","overlay-gradient":""}},"footnotes":""},"categories":[33],"tags":[],"class_list":["post-7357","post","type-post","status-publish","format-standard","hentry","category-archiv-2013"],"yoast_head":"<!-- This site is optimized with the Yoast SEO plugin v27.4 - https:\/\/yoast.com\/product\/yoast-seo-wordpress\/ -->\n<title>Noc v m\u00fazeu aj s b\u00e1bkov\u00fdm divadlom - Pova\u017esk\u00e9 m\u00fazeum<\/title>\n<meta name=\"robots\" content=\"index, follow, max-snippet:-1, max-image-preview:large, max-video-preview:-1\" \/>\n<link rel=\"canonical\" href=\"https:\/\/pmza.sk\/?p=7357\" \/>\n<meta property=\"og:locale\" content=\"sk_SK\" \/>\n<meta property=\"og:type\" content=\"article\" \/>\n<meta property=\"og:title\" content=\"Noc v m\u00fazeu aj s b\u00e1bkov\u00fdm divadlom - Pova\u017esk\u00e9 m\u00fazeum\" \/>\n<meta property=\"og:description\" content=\"V\u00a0s\u00favislosti s IX. ro\u010dn\u00edkom eur\u00f3pskeho podujatia Noc m\u00faze\u00ed a\u00a0gal\u00e9ri\u00ed 2013 Pova\u017esk\u00e9 m\u00fazeum v\u00a0\u017diline pripravilo pre svojich n\u00e1v\u0161tevn\u00edkov dve l\u00e1kav\u00e9 ponuky. Hrad Stre\u010dno bude po\u010das tohto podujatia prv\u00fdkr\u00e1t v\u00a0tomto roku otvoren\u00fd od 20.00 hod. takmer do polnoci. \u201eNo\u010dn\u00e9 prehliadky hradu patria k na\u0161im\u00a0najob\u013e\u00fabenej\u0161\u00edm a najnav\u0161tevovanej\u0161\u00edm podujatiam. Po\u010das letnej sez\u00f3ny s\u00fa preto do programu zaraden\u00e9 nieko\u013ekokr\u00e1t. Aby [&hellip;]\" \/>\n<meta property=\"og:url\" content=\"https:\/\/pmza.sk\/?p=7357\" \/>\n<meta property=\"og:site_name\" content=\"Pova\u017esk\u00e9 m\u00fazeum\" \/>\n<meta property=\"article:publisher\" content=\"https:\/\/www.facebook.com\/povazskemuzeum\" \/>\n<meta property=\"article:published_time\" content=\"2013-05-10T10:58:32+00:00\" \/>\n<meta name=\"author\" content=\"Pova\u017esk\u00e9 m\u00fazeum\" \/>\n<meta name=\"twitter:card\" content=\"summary_large_image\" \/>\n<meta name=\"twitter:label1\" content=\"Autor\" \/>\n\t<meta name=\"twitter:data1\" content=\"Pova\u017esk\u00e9 m\u00fazeum\" \/>\n\t<meta name=\"twitter:label2\" content=\"Predpokladan\u00fd \u010das \u010d\u00edtania\" \/>\n\t<meta name=\"twitter:data2\" content=\"2 min\u00faty\" \/>\n<script type=\"application\/ld+json\" class=\"yoast-schema-graph\">{\"@context\":\"https:\\\/\\\/schema.org\",\"@graph\":[{\"@type\":\"Article\",\"@id\":\"https:\\\/\\\/pmza.sk\\\/?p=7357#article\",\"isPartOf\":{\"@id\":\"https:\\\/\\\/pmza.sk\\\/?p=7357\"},\"author\":{\"name\":\"Pova\u017esk\u00e9 m\u00fazeum\",\"@id\":\"https:\\\/\\\/pmza.sk\\\/#\\\/schema\\\/person\\\/595e6a2ce731ea94dcd5d7f50a41ae33\"},\"headline\":\"Noc v m\u00fazeu aj s b\u00e1bkov\u00fdm divadlom\",\"datePublished\":\"2013-05-10T10:58:32+00:00\",\"mainEntityOfPage\":{\"@id\":\"https:\\\/\\\/pmza.sk\\\/?p=7357\"},\"wordCount\":376,\"publisher\":{\"@id\":\"https:\\\/\\\/pmza.sk\\\/#organization\"},\"articleSection\":[\"Arch\u00edv 2013\"],\"inLanguage\":\"sk-SK\"},{\"@type\":\"WebPage\",\"@id\":\"https:\\\/\\\/pmza.sk\\\/?p=7357\",\"url\":\"https:\\\/\\\/pmza.sk\\\/?p=7357\",\"name\":\"Noc v m\u00fazeu aj s b\u00e1bkov\u00fdm divadlom - Pova\u017esk\u00e9 m\u00fazeum\",\"isPartOf\":{\"@id\":\"https:\\\/\\\/pmza.sk\\\/#website\"},\"datePublished\":\"2013-05-10T10:58:32+00:00\",\"breadcrumb\":{\"@id\":\"https:\\\/\\\/pmza.sk\\\/?p=7357#breadcrumb\"},\"inLanguage\":\"sk-SK\",\"potentialAction\":[{\"@type\":\"ReadAction\",\"target\":[\"https:\\\/\\\/pmza.sk\\\/?p=7357\"]}]},{\"@type\":\"BreadcrumbList\",\"@id\":\"https:\\\/\\\/pmza.sk\\\/?p=7357#breadcrumb\",\"itemListElement\":[{\"@type\":\"ListItem\",\"position\":1,\"name\":\"Domovsk\u00e1 str\u00e1nka\",\"item\":\"https:\\\/\\\/pmza.sk\\\/\"},{\"@type\":\"ListItem\",\"position\":2,\"name\":\"Noc v m\u00fazeu aj s b\u00e1bkov\u00fdm divadlom\"}]},{\"@type\":\"WebSite\",\"@id\":\"https:\\\/\\\/pmza.sk\\\/#website\",\"url\":\"https:\\\/\\\/pmza.sk\\\/\",\"name\":\"Pova\u017esk\u00e9 m\u00fazeum\",\"description\":\"Pova\u017esk\u00e9 m\u00fazeum v \u017diline je region\u00e1lne m\u00fazeum so s\u00eddlom v Budat\u00edne. Jeho expoz\u00edcie s\u00fa zameran\u00e9 na dejiny slovensk\u00e9ho umenia, kult\u00fary a dopravy.\",\"publisher\":{\"@id\":\"https:\\\/\\\/pmza.sk\\\/#organization\"},\"potentialAction\":[{\"@type\":\"SearchAction\",\"target\":{\"@type\":\"EntryPoint\",\"urlTemplate\":\"https:\\\/\\\/pmza.sk\\\/?s={search_term_string}\"},\"query-input\":{\"@type\":\"PropertyValueSpecification\",\"valueRequired\":true,\"valueName\":\"search_term_string\"}}],\"inLanguage\":\"sk-SK\"},{\"@type\":\"Organization\",\"@id\":\"https:\\\/\\\/pmza.sk\\\/#organization\",\"name\":\"Pova\u017esk\u00e9 m\u00fazeum\",\"url\":\"https:\\\/\\\/pmza.sk\\\/\",\"logo\":{\"@type\":\"ImageObject\",\"inLanguage\":\"sk-SK\",\"@id\":\"https:\\\/\\\/pmza.sk\\\/#\\\/schema\\\/logo\\\/image\\\/\",\"url\":\"https:\\\/\\\/pmza.sk\\\/wp-content\\\/uploads\\\/2022\\\/01\\\/logo_PM_horizontal.jpg\",\"contentUrl\":\"https:\\\/\\\/pmza.sk\\\/wp-content\\\/uploads\\\/2022\\\/01\\\/logo_PM_horizontal.jpg\",\"width\":231,\"height\":142,\"caption\":\"Pova\u017esk\u00e9 m\u00fazeum\"},\"image\":{\"@id\":\"https:\\\/\\\/pmza.sk\\\/#\\\/schema\\\/logo\\\/image\\\/\"},\"sameAs\":[\"https:\\\/\\\/www.facebook.com\\\/povazskemuzeum\",\"https:\\\/\\\/www.instagram.com\\\/povazskemuzeum\\\/\"]},{\"@type\":\"Person\",\"@id\":\"https:\\\/\\\/pmza.sk\\\/#\\\/schema\\\/person\\\/595e6a2ce731ea94dcd5d7f50a41ae33\",\"name\":\"Pova\u017esk\u00e9 m\u00fazeum\",\"image\":{\"@type\":\"ImageObject\",\"inLanguage\":\"sk-SK\",\"@id\":\"https:\\\/\\\/secure.gravatar.com\\\/avatar\\\/2bb7f1561282132fb5826dfeccc66c7996d11ee392ac6aaf7ced8a1c2027fbb2?s=96&d=mm&r=g\",\"url\":\"https:\\\/\\\/secure.gravatar.com\\\/avatar\\\/2bb7f1561282132fb5826dfeccc66c7996d11ee392ac6aaf7ced8a1c2027fbb2?s=96&d=mm&r=g\",\"contentUrl\":\"https:\\\/\\\/secure.gravatar.com\\\/avatar\\\/2bb7f1561282132fb5826dfeccc66c7996d11ee392ac6aaf7ced8a1c2027fbb2?s=96&d=mm&r=g\",\"caption\":\"Pova\u017esk\u00e9 m\u00fazeum\"}}]}<\/script>\n<!-- \/ Yoast SEO plugin. -->","yoast_head_json":{"title":"Noc v m\u00fazeu aj s b\u00e1bkov\u00fdm divadlom - Pova\u017esk\u00e9 m\u00fazeum","robots":{"index":"index","follow":"follow","max-snippet":"max-snippet:-1","max-image-preview":"max-image-preview:large","max-video-preview":"max-video-preview:-1"},"canonical":"https:\/\/pmza.sk\/?p=7357","og_locale":"sk_SK","og_type":"article","og_title":"Noc v m\u00fazeu aj s b\u00e1bkov\u00fdm divadlom - Pova\u017esk\u00e9 m\u00fazeum","og_description":"V\u00a0s\u00favislosti s IX. ro\u010dn\u00edkom eur\u00f3pskeho podujatia Noc m\u00faze\u00ed a\u00a0gal\u00e9ri\u00ed 2013 Pova\u017esk\u00e9 m\u00fazeum v\u00a0\u017diline pripravilo pre svojich n\u00e1v\u0161tevn\u00edkov dve l\u00e1kav\u00e9 ponuky. Hrad Stre\u010dno bude po\u010das tohto podujatia prv\u00fdkr\u00e1t v\u00a0tomto roku otvoren\u00fd od 20.00 hod. takmer do polnoci. \u201eNo\u010dn\u00e9 prehliadky hradu patria k na\u0161im\u00a0najob\u013e\u00fabenej\u0161\u00edm a najnav\u0161tevovanej\u0161\u00edm podujatiam. Po\u010das letnej sez\u00f3ny s\u00fa preto do programu zaraden\u00e9 nieko\u013ekokr\u00e1t. Aby [&hellip;]","og_url":"https:\/\/pmza.sk\/?p=7357","og_site_name":"Pova\u017esk\u00e9 m\u00fazeum","article_publisher":"https:\/\/www.facebook.com\/povazskemuzeum","article_published_time":"2013-05-10T10:58:32+00:00","author":"Pova\u017esk\u00e9 m\u00fazeum","twitter_card":"summary_large_image","twitter_misc":{"Autor":"Pova\u017esk\u00e9 m\u00fazeum","Predpokladan\u00fd \u010das \u010d\u00edtania":"2 min\u00faty"},"schema":{"@context":"https:\/\/schema.org","@graph":[{"@type":"Article","@id":"https:\/\/pmza.sk\/?p=7357#article","isPartOf":{"@id":"https:\/\/pmza.sk\/?p=7357"},"author":{"name":"Pova\u017esk\u00e9 m\u00fazeum","@id":"https:\/\/pmza.sk\/#\/schema\/person\/595e6a2ce731ea94dcd5d7f50a41ae33"},"headline":"Noc v m\u00fazeu aj s b\u00e1bkov\u00fdm divadlom","datePublished":"2013-05-10T10:58:32+00:00","mainEntityOfPage":{"@id":"https:\/\/pmza.sk\/?p=7357"},"wordCount":376,"publisher":{"@id":"https:\/\/pmza.sk\/#organization"},"articleSection":["Arch\u00edv 2013"],"inLanguage":"sk-SK"},{"@type":"WebPage","@id":"https:\/\/pmza.sk\/?p=7357","url":"https:\/\/pmza.sk\/?p=7357","name":"Noc v m\u00fazeu aj s b\u00e1bkov\u00fdm divadlom - Pova\u017esk\u00e9 m\u00fazeum","isPartOf":{"@id":"https:\/\/pmza.sk\/#website"},"datePublished":"2013-05-10T10:58:32+00:00","breadcrumb":{"@id":"https:\/\/pmza.sk\/?p=7357#breadcrumb"},"inLanguage":"sk-SK","potentialAction":[{"@type":"ReadAction","target":["https:\/\/pmza.sk\/?p=7357"]}]},{"@type":"BreadcrumbList","@id":"https:\/\/pmza.sk\/?p=7357#breadcrumb","itemListElement":[{"@type":"ListItem","position":1,"name":"Domovsk\u00e1 str\u00e1nka","item":"https:\/\/pmza.sk\/"},{"@type":"ListItem","position":2,"name":"Noc v m\u00fazeu aj s b\u00e1bkov\u00fdm divadlom"}]},{"@type":"WebSite","@id":"https:\/\/pmza.sk\/#website","url":"https:\/\/pmza.sk\/","name":"Pova\u017esk\u00e9 m\u00fazeum","description":"Pova\u017esk\u00e9 m\u00fazeum v \u017diline je region\u00e1lne m\u00fazeum so s\u00eddlom v Budat\u00edne. Jeho expoz\u00edcie s\u00fa zameran\u00e9 na dejiny slovensk\u00e9ho umenia, kult\u00fary a dopravy.","publisher":{"@id":"https:\/\/pmza.sk\/#organization"},"potentialAction":[{"@type":"SearchAction","target":{"@type":"EntryPoint","urlTemplate":"https:\/\/pmza.sk\/?s={search_term_string}"},"query-input":{"@type":"PropertyValueSpecification","valueRequired":true,"valueName":"search_term_string"}}],"inLanguage":"sk-SK"},{"@type":"Organization","@id":"https:\/\/pmza.sk\/#organization","name":"Pova\u017esk\u00e9 m\u00fazeum","url":"https:\/\/pmza.sk\/","logo":{"@type":"ImageObject","inLanguage":"sk-SK","@id":"https:\/\/pmza.sk\/#\/schema\/logo\/image\/","url":"https:\/\/pmza.sk\/wp-content\/uploads\/2022\/01\/logo_PM_horizontal.jpg","contentUrl":"https:\/\/pmza.sk\/wp-content\/uploads\/2022\/01\/logo_PM_horizontal.jpg","width":231,"height":142,"caption":"Pova\u017esk\u00e9 m\u00fazeum"},"image":{"@id":"https:\/\/pmza.sk\/#\/schema\/logo\/image\/"},"sameAs":["https:\/\/www.facebook.com\/povazskemuzeum","https:\/\/www.instagram.com\/povazskemuzeum\/"]},{"@type":"Person","@id":"https:\/\/pmza.sk\/#\/schema\/person\/595e6a2ce731ea94dcd5d7f50a41ae33","name":"Pova\u017esk\u00e9 m\u00fazeum","image":{"@type":"ImageObject","inLanguage":"sk-SK","@id":"https:\/\/secure.gravatar.com\/avatar\/2bb7f1561282132fb5826dfeccc66c7996d11ee392ac6aaf7ced8a1c2027fbb2?s=96&d=mm&r=g","url":"https:\/\/secure.gravatar.com\/avatar\/2bb7f1561282132fb5826dfeccc66c7996d11ee392ac6aaf7ced8a1c2027fbb2?s=96&d=mm&r=g","contentUrl":"https:\/\/secure.gravatar.com\/avatar\/2bb7f1561282132fb5826dfeccc66c7996d11ee392ac6aaf7ced8a1c2027fbb2?s=96&d=mm&r=g","caption":"Pova\u017esk\u00e9 m\u00fazeum"}}]}},"_links":{"self":[{"href":"https:\/\/pmza.sk\/index.php?rest_route=\/wp\/v2\/posts\/7357","targetHints":{"allow":["GET"]}}],"collection":[{"href":"https:\/\/pmza.sk\/index.php?rest_route=\/wp\/v2\/posts"}],"about":[{"href":"https:\/\/pmza.sk\/index.php?rest_route=\/wp\/v2\/types\/post"}],"author":[{"embeddable":true,"href":"https:\/\/pmza.sk\/index.php?rest_route=\/wp\/v2\/users\/2"}],"replies":[{"embeddable":true,"href":"https:\/\/pmza.sk\/index.php?rest_route=%2Fwp%2Fv2%2Fcomments&post=7357"}],"version-history":[{"count":0,"href":"https:\/\/pmza.sk\/index.php?rest_route=\/wp\/v2\/posts\/7357\/revisions"}],"wp:attachment":[{"href":"https:\/\/pmza.sk\/index.php?rest_route=%2Fwp%2Fv2%2Fmedia&parent=7357"}],"wp:term":[{"taxonomy":"category","embeddable":true,"href":"https:\/\/pmza.sk\/index.php?rest_route=%2Fwp%2Fv2%2Fcategories&post=7357"},{"taxonomy":"post_tag","embeddable":true,"href":"https:\/\/pmza.sk\/index.php?rest_route=%2Fwp%2Fv2%2Ftags&post=7357"}],"curies":[{"name":"wp","href":"https:\/\/api.w.org\/{rel}","templated":true}]}}