{"id":73858,"date":"2025-12-19T08:38:15","date_gmt":"2025-12-19T07:38:15","guid":{"rendered":"https:\/\/pmza.sk\/?p=73858"},"modified":"2026-03-26T11:14:02","modified_gmt":"2026-03-26T10:14:02","slug":"take-slovenske","status":"publish","type":"post","link":"https:\/\/pmza.sk\/?p=73858","title":{"rendered":"Tak\u00e9 slovensk\u00e9"},"content":{"rendered":"<p>\u00daspe\u0161n\u00e1 v\u00fdstava\u00a0Tak\u00e9 slovensk\u00e9, ktor\u00e1 v uplynul\u00fdch mesiacoch p\u00fatala nemal\u00fa pozornos\u0165 n\u00e1v\u0161tevn\u00edkov Budat\u00ednskeho hradu, sa ch\u00fdli k svojmu koncu. Unik\u00e1tnu kolekciu s\u00fa\u010dasn\u00e9ho drot\u00e1rskeho umeleck\u00e9ho remesla je mo\u017en\u00e9 nav\u0161t\u00edvi\u0165 u\u017e len\u00a0do nedele 22. marca 2026.<\/p>\n<p>V\u00fdstava pon\u00faka zauj\u00edmav\u00fd poh\u013ead na to, \u010do modern\u00ed tvorcovia pova\u017euj\u00fa za pr\u00edzna\u010dne slovensk\u00e9. Prezentuje origin\u00e1lne diela z dr\u00f4tu od\u00a0p\u00e4\u0165desiatich autorov zo Slovenska a \u010ciech, ktor\u00ed sa identifikovali s t\u00e9mou domova nielen prostredn\u00edctvom historick\u00e9ho poznania, ale \u010dasto aj cez osobn\u00e9 spomienky z detstva \u010di z\u00e1\u017eitky z potuliek krajinou. Ideovo je zameran\u00e1 na odkr\u00fdvanie autentick\u00fdch dom\u00e1cich hodn\u00f4t cez \u0161pecifick\u00e9 n\u00e1rodn\u00e9 znaky, osobit\u00e9 symboly vidieka, prvky \u013eudovej kult\u00fary i pr\u00edrodn\u00e9 zvl\u00e1\u0161tnosti.<\/p>\n<p>N\u00e1v\u0161tevn\u00edci m\u00f4\u017eu vidie\u0165 pestr\u00fa kolekciu unik\u00e1tnych v\u00fdtvarn\u00fdch diel stv\u00e1rnen\u00fdch neobvykl\u00fdmi v\u00fdrazov\u00fdmi prostriedkami, ktor\u00e9 s\u00fa pre pr\u00e1cu s dr\u00f4tom charakteristick\u00e9. N\u00e1jdu tu typick\u00e9\u00a0dom\u00e1ce zvierat\u00e1 z\u00a0dedinsk\u00fdch dvorov aj \u017eivo\u010d\u00edchy na\u0161ich lesov, ikonick\u00e9 \u010di\u010dmianske chalupy, umeleck\u00e9 reflexie \u017eivota a \u0165a\u017ekej pr\u00e1ce obyvate\u013eov Slovenska v\u00a0minulosti aj odkazy na svadobn\u00e9, ve\u013ekono\u010dn\u00e9 a viano\u010dn\u00e9 zvyky. <em>\u201eJe fascinuj\u00face sledova\u0165, ako autori dok\u00e1zali pretavi\u0165 abstraktn\u00e9 pojmy ako domov a trad\u00edcia do pevnej, no<\/em><em> pritom vzdu\u0161nej \u0161trukt\u00fary dr\u00f4tu,\u201c<\/em>\u00a0kon\u0161tatuje kur\u00e1torka v\u00fdstavy Mgr. Katar\u00edna Hallonov\u00e1.<\/p>\n<p>Vystaven\u00e9 pr\u00e1ce s\u00fa v\u00fdsledkom tematickej \u00falohy vyhl\u00e1senej Pova\u017esk\u00fdm m\u00fazeom v spolupr\u00e1ci s OZ Gal\u00e9ria dr\u00f4tu pre rok 2025 i drot\u00e1rskeho workshopu, ktor\u00fd sa uskuto\u010dnil v r\u00e1mci 31. ro\u010dn\u00edka Stretnutia drot\u00e1rskych majstrov v priestoroch m\u00fazea.\u00a0V\u00fdstava je pr\u00edstupn\u00e1 v podkrov\u00ed Budat\u00ednskeho hradu\u00a0po\u010das be\u017en\u00fdch otv\u00e1rac\u00edch hod\u00edn.<\/p>\n<p>Projekt z verejn\u00fdch zdrojov podporil Fond na podporu umenia.<\/p>\n<div class=\"wp-block-image\"><img fetchpriority=\"high\" decoding=\"async\" class=\"wpa-warning wpa-image-missing-alt alignnone wp-image-73862\" src=\"https:\/\/pmza.sk\/wp-content\/uploads\/2025\/12\/FPU_logo1_modre-480x360.jpg\" alt=\"\" width=\"320\" height=\"240\" data-warning=\"Missing alt text\" srcset=\"https:\/\/pmza.sk\/wp-content\/uploads\/2025\/12\/FPU_logo1_modre-480x360.jpg 480w, https:\/\/pmza.sk\/wp-content\/uploads\/2025\/12\/FPU_logo1_modre-982x736.jpg 982w, https:\/\/pmza.sk\/wp-content\/uploads\/2025\/12\/FPU_logo1_modre-768x576.jpg 768w, https:\/\/pmza.sk\/wp-content\/uploads\/2025\/12\/FPU_logo1_modre-1536x1152.jpg 1536w, https:\/\/pmza.sk\/wp-content\/uploads\/2025\/12\/FPU_logo1_modre-2048x1536.jpg 2048w, https:\/\/pmza.sk\/wp-content\/uploads\/2025\/12\/FPU_logo1_modre-600x450.jpg 600w\" sizes=\"(max-width: 320px) 100vw, 320px\" \/><\/div>\n<div><\/div>\n<div>\n<div class=\"wp-block-image\"><img decoding=\"async\" class=\"wpa-warning wpa-image-missing-alt alignnone size-medium wp-image-73859\" src=\"https:\/\/pmza.sk\/wp-content\/uploads\/2025\/12\/Take_slovenske_A3_K1-255x360.jpg\" alt=\"\" width=\"255\" height=\"360\" data-warning=\"Missing alt text\" srcset=\"https:\/\/pmza.sk\/wp-content\/uploads\/2025\/12\/Take_slovenske_A3_K1-255x360.jpg 255w, https:\/\/pmza.sk\/wp-content\/uploads\/2025\/12\/Take_slovenske_A3_K1-520x736.jpg 520w, https:\/\/pmza.sk\/wp-content\/uploads\/2025\/12\/Take_slovenske_A3_K1-768x1086.jpg 768w, https:\/\/pmza.sk\/wp-content\/uploads\/2025\/12\/Take_slovenske_A3_K1-1086x1536.jpg 1086w, https:\/\/pmza.sk\/wp-content\/uploads\/2025\/12\/Take_slovenske_A3_K1-1448x2048.jpg 1448w, https:\/\/pmza.sk\/wp-content\/uploads\/2025\/12\/Take_slovenske_A3_K1-600x849.jpg 600w, https:\/\/pmza.sk\/wp-content\/uploads\/2025\/12\/Take_slovenske_A3_K1-scaled.jpg 1810w\" sizes=\"(max-width: 255px) 100vw, 255px\" \/><\/div>\n<div>Plag\u00e1t v plnej ve\u013ekosti <a href=\"https:\/\/pmza.sk\/wp-content\/uploads\/2025\/12\/Take_slovenske_A3_K1.pdf\">TU<\/a><\/div>\n<\/div>\n","protected":false},"excerpt":{"rendered":"<p>\u00daspe\u0161n\u00e1 v\u00fdstava\u00a0Tak\u00e9 slovensk\u00e9, ktor\u00e1 v uplynul\u00fdch mesiacoch p\u00fatala nemal\u00fa pozornos\u0165 n\u00e1v\u0161tevn\u00edkov Budat\u00ednskeho hradu, sa ch\u00fdli k svojmu koncu. Unik\u00e1tnu kolekciu s\u00fa\u010dasn\u00e9ho drot\u00e1rskeho umeleck\u00e9ho remesla je mo\u017en\u00e9 nav\u0161t\u00edvi\u0165 u\u017e len\u00a0do nedele 22. marca 2026. V\u00fdstava pon\u00faka zauj\u00edmav\u00fd poh\u013ead na to, \u010do modern\u00ed tvorcovia pova\u017euj\u00fa za pr\u00edzna\u010dne slovensk\u00e9. Prezentuje origin\u00e1lne diela z dr\u00f4tu od\u00a0p\u00e4\u0165desiatich autorov zo Slovenska [&hellip;]<\/p>\n","protected":false},"author":2,"featured_media":73861,"comment_status":"closed","ping_status":"closed","sticky":false,"template":"","format":"standard","meta":{"site-sidebar-layout":"default","site-content-layout":"","ast-site-content-layout":"default","site-content-style":"default","site-sidebar-style":"default","ast-global-header-display":"","ast-banner-title-visibility":"","ast-main-header-display":"","ast-hfb-above-header-display":"","ast-hfb-below-header-display":"","ast-hfb-mobile-header-display":"","site-post-title":"","ast-breadcrumbs-content":"","ast-featured-img":"","footer-sml-layout":"","theme-transparent-header-meta":"default","adv-header-id-meta":"","stick-header-meta":"default","header-above-stick-meta":"","header-main-stick-meta":"","header-below-stick-meta":"","astra-migrate-meta-layouts":"set","ast-page-background-enabled":"default","ast-page-background-meta":{"desktop":{"background-color":"var(--ast-global-color-4)","background-image":"","background-repeat":"repeat","background-position":"center center","background-size":"auto","background-attachment":"scroll","background-type":"","background-media":"","overlay-type":"","overlay-color":"","overlay-opacity":"","overlay-gradient":""},"tablet":{"background-color":"","background-image":"","background-repeat":"repeat","background-position":"center center","background-size":"auto","background-attachment":"scroll","background-type":"","background-media":"","overlay-type":"","overlay-color":"","overlay-opacity":"","overlay-gradient":""},"mobile":{"background-color":"","background-image":"","background-repeat":"repeat","background-position":"center center","background-size":"auto","background-attachment":"scroll","background-type":"","background-media":"","overlay-type":"","overlay-color":"","overlay-opacity":"","overlay-gradient":""}},"ast-content-background-meta":{"desktop":{"background-color":"var(--ast-global-color-5)","background-image":"","background-repeat":"repeat","background-position":"center center","background-size":"auto","background-attachment":"scroll","background-type":"","background-media":"","overlay-type":"","overlay-color":"","overlay-opacity":"","overlay-gradient":""},"tablet":{"background-color":"var(--ast-global-color-5)","background-image":"","background-repeat":"repeat","background-position":"center center","background-size":"auto","background-attachment":"scroll","background-type":"","background-media":"","overlay-type":"","overlay-color":"","overlay-opacity":"","overlay-gradient":""},"mobile":{"background-color":"var(--ast-global-color-5)","background-image":"","background-repeat":"repeat","background-position":"center center","background-size":"auto","background-attachment":"scroll","background-type":"","background-media":"","overlay-type":"","overlay-color":"","overlay-opacity":"","overlay-gradient":""}},"footnotes":""},"categories":[72],"tags":[],"class_list":["post-73858","post","type-post","status-publish","format-standard","has-post-thumbnail","hentry","category-vystavy"],"yoast_head":"<!-- This site is optimized with the Yoast SEO plugin v27.4 - https:\/\/yoast.com\/product\/yoast-seo-wordpress\/ -->\n<title>Tak\u00e9 slovensk\u00e9 - Pova\u017esk\u00e9 m\u00fazeum<\/title>\n<meta name=\"robots\" content=\"index, follow, max-snippet:-1, max-image-preview:large, max-video-preview:-1\" \/>\n<link rel=\"canonical\" href=\"https:\/\/pmza.sk\/?p=73858\" \/>\n<meta property=\"og:locale\" content=\"sk_SK\" \/>\n<meta property=\"og:type\" content=\"article\" \/>\n<meta property=\"og:title\" content=\"Tak\u00e9 slovensk\u00e9 - Pova\u017esk\u00e9 m\u00fazeum\" \/>\n<meta property=\"og:description\" content=\"\u00daspe\u0161n\u00e1 v\u00fdstava\u00a0Tak\u00e9 slovensk\u00e9, ktor\u00e1 v uplynul\u00fdch mesiacoch p\u00fatala nemal\u00fa pozornos\u0165 n\u00e1v\u0161tevn\u00edkov Budat\u00ednskeho hradu, sa ch\u00fdli k svojmu koncu. Unik\u00e1tnu kolekciu s\u00fa\u010dasn\u00e9ho drot\u00e1rskeho umeleck\u00e9ho remesla je mo\u017en\u00e9 nav\u0161t\u00edvi\u0165 u\u017e len\u00a0do nedele 22. marca 2026. V\u00fdstava pon\u00faka zauj\u00edmav\u00fd poh\u013ead na to, \u010do modern\u00ed tvorcovia pova\u017euj\u00fa za pr\u00edzna\u010dne slovensk\u00e9. Prezentuje origin\u00e1lne diela z dr\u00f4tu od\u00a0p\u00e4\u0165desiatich autorov zo Slovenska [&hellip;]\" \/>\n<meta property=\"og:url\" content=\"https:\/\/pmza.sk\/?p=73858\" \/>\n<meta property=\"og:site_name\" content=\"Pova\u017esk\u00e9 m\u00fazeum\" \/>\n<meta property=\"article:publisher\" content=\"https:\/\/www.facebook.com\/povazskemuzeum\" \/>\n<meta property=\"article:published_time\" content=\"2025-12-19T07:38:15+00:00\" \/>\n<meta property=\"article:modified_time\" content=\"2026-03-26T10:14:02+00:00\" \/>\n<meta property=\"og:image\" content=\"https:\/\/pmza.sk\/wp-content\/uploads\/2025\/12\/Take_slovenske_web-scaled.jpg\" \/>\n\t<meta property=\"og:image:width\" content=\"2560\" \/>\n\t<meta property=\"og:image:height\" content=\"2560\" \/>\n\t<meta property=\"og:image:type\" content=\"image\/jpeg\" \/>\n<meta name=\"author\" content=\"Pova\u017esk\u00e9 m\u00fazeum\" \/>\n<meta name=\"twitter:card\" content=\"summary_large_image\" \/>\n<meta name=\"twitter:label1\" content=\"Autor\" \/>\n\t<meta name=\"twitter:data1\" content=\"Pova\u017esk\u00e9 m\u00fazeum\" \/>\n\t<meta name=\"twitter:label2\" content=\"Predpokladan\u00fd \u010das \u010d\u00edtania\" \/>\n\t<meta name=\"twitter:data2\" content=\"2 min\u00faty\" \/>\n<script type=\"application\/ld+json\" class=\"yoast-schema-graph\">{\"@context\":\"https:\\\/\\\/schema.org\",\"@graph\":[{\"@type\":\"Article\",\"@id\":\"https:\\\/\\\/pmza.sk\\\/?p=73858#article\",\"isPartOf\":{\"@id\":\"https:\\\/\\\/pmza.sk\\\/?p=73858\"},\"author\":{\"name\":\"Pova\u017esk\u00e9 m\u00fazeum\",\"@id\":\"https:\\\/\\\/pmza.sk\\\/#\\\/schema\\\/person\\\/595e6a2ce731ea94dcd5d7f50a41ae33\"},\"headline\":\"Tak\u00e9 slovensk\u00e9\",\"datePublished\":\"2025-12-19T07:38:15+00:00\",\"dateModified\":\"2026-03-26T10:14:02+00:00\",\"mainEntityOfPage\":{\"@id\":\"https:\\\/\\\/pmza.sk\\\/?p=73858\"},\"wordCount\":342,\"publisher\":{\"@id\":\"https:\\\/\\\/pmza.sk\\\/#organization\"},\"image\":{\"@id\":\"https:\\\/\\\/pmza.sk\\\/?p=73858#primaryimage\"},\"thumbnailUrl\":\"https:\\\/\\\/pmza.sk\\\/wp-content\\\/uploads\\\/2025\\\/12\\\/Take_slovenske_web-scaled.jpg\",\"articleSection\":[\"V\u00fdstavy\"],\"inLanguage\":\"sk-SK\"},{\"@type\":\"WebPage\",\"@id\":\"https:\\\/\\\/pmza.sk\\\/?p=73858\",\"url\":\"https:\\\/\\\/pmza.sk\\\/?p=73858\",\"name\":\"Tak\u00e9 slovensk\u00e9 - Pova\u017esk\u00e9 m\u00fazeum\",\"isPartOf\":{\"@id\":\"https:\\\/\\\/pmza.sk\\\/#website\"},\"primaryImageOfPage\":{\"@id\":\"https:\\\/\\\/pmza.sk\\\/?p=73858#primaryimage\"},\"image\":{\"@id\":\"https:\\\/\\\/pmza.sk\\\/?p=73858#primaryimage\"},\"thumbnailUrl\":\"https:\\\/\\\/pmza.sk\\\/wp-content\\\/uploads\\\/2025\\\/12\\\/Take_slovenske_web-scaled.jpg\",\"datePublished\":\"2025-12-19T07:38:15+00:00\",\"dateModified\":\"2026-03-26T10:14:02+00:00\",\"breadcrumb\":{\"@id\":\"https:\\\/\\\/pmza.sk\\\/?p=73858#breadcrumb\"},\"inLanguage\":\"sk-SK\",\"potentialAction\":[{\"@type\":\"ReadAction\",\"target\":[\"https:\\\/\\\/pmza.sk\\\/?p=73858\"]}]},{\"@type\":\"ImageObject\",\"inLanguage\":\"sk-SK\",\"@id\":\"https:\\\/\\\/pmza.sk\\\/?p=73858#primaryimage\",\"url\":\"https:\\\/\\\/pmza.sk\\\/wp-content\\\/uploads\\\/2025\\\/12\\\/Take_slovenske_web-scaled.jpg\",\"contentUrl\":\"https:\\\/\\\/pmza.sk\\\/wp-content\\\/uploads\\\/2025\\\/12\\\/Take_slovenske_web-scaled.jpg\",\"width\":2560,\"height\":2560},{\"@type\":\"BreadcrumbList\",\"@id\":\"https:\\\/\\\/pmza.sk\\\/?p=73858#breadcrumb\",\"itemListElement\":[{\"@type\":\"ListItem\",\"position\":1,\"name\":\"Domovsk\u00e1 str\u00e1nka\",\"item\":\"https:\\\/\\\/pmza.sk\\\/\"},{\"@type\":\"ListItem\",\"position\":2,\"name\":\"Tak\u00e9 slovensk\u00e9\"}]},{\"@type\":\"WebSite\",\"@id\":\"https:\\\/\\\/pmza.sk\\\/#website\",\"url\":\"https:\\\/\\\/pmza.sk\\\/\",\"name\":\"Pova\u017esk\u00e9 m\u00fazeum\",\"description\":\"Pova\u017esk\u00e9 m\u00fazeum v \u017diline je region\u00e1lne m\u00fazeum so s\u00eddlom v Budat\u00edne. Jeho expoz\u00edcie s\u00fa zameran\u00e9 na dejiny slovensk\u00e9ho umenia, kult\u00fary a dopravy.\",\"publisher\":{\"@id\":\"https:\\\/\\\/pmza.sk\\\/#organization\"},\"potentialAction\":[{\"@type\":\"SearchAction\",\"target\":{\"@type\":\"EntryPoint\",\"urlTemplate\":\"https:\\\/\\\/pmza.sk\\\/?s={search_term_string}\"},\"query-input\":{\"@type\":\"PropertyValueSpecification\",\"valueRequired\":true,\"valueName\":\"search_term_string\"}}],\"inLanguage\":\"sk-SK\"},{\"@type\":\"Organization\",\"@id\":\"https:\\\/\\\/pmza.sk\\\/#organization\",\"name\":\"Pova\u017esk\u00e9 m\u00fazeum\",\"url\":\"https:\\\/\\\/pmza.sk\\\/\",\"logo\":{\"@type\":\"ImageObject\",\"inLanguage\":\"sk-SK\",\"@id\":\"https:\\\/\\\/pmza.sk\\\/#\\\/schema\\\/logo\\\/image\\\/\",\"url\":\"https:\\\/\\\/pmza.sk\\\/wp-content\\\/uploads\\\/2022\\\/01\\\/logo_PM_horizontal.jpg\",\"contentUrl\":\"https:\\\/\\\/pmza.sk\\\/wp-content\\\/uploads\\\/2022\\\/01\\\/logo_PM_horizontal.jpg\",\"width\":231,\"height\":142,\"caption\":\"Pova\u017esk\u00e9 m\u00fazeum\"},\"image\":{\"@id\":\"https:\\\/\\\/pmza.sk\\\/#\\\/schema\\\/logo\\\/image\\\/\"},\"sameAs\":[\"https:\\\/\\\/www.facebook.com\\\/povazskemuzeum\",\"https:\\\/\\\/www.instagram.com\\\/povazskemuzeum\\\/\"]},{\"@type\":\"Person\",\"@id\":\"https:\\\/\\\/pmza.sk\\\/#\\\/schema\\\/person\\\/595e6a2ce731ea94dcd5d7f50a41ae33\",\"name\":\"Pova\u017esk\u00e9 m\u00fazeum\",\"image\":{\"@type\":\"ImageObject\",\"inLanguage\":\"sk-SK\",\"@id\":\"https:\\\/\\\/secure.gravatar.com\\\/avatar\\\/2bb7f1561282132fb5826dfeccc66c7996d11ee392ac6aaf7ced8a1c2027fbb2?s=96&d=mm&r=g\",\"url\":\"https:\\\/\\\/secure.gravatar.com\\\/avatar\\\/2bb7f1561282132fb5826dfeccc66c7996d11ee392ac6aaf7ced8a1c2027fbb2?s=96&d=mm&r=g\",\"contentUrl\":\"https:\\\/\\\/secure.gravatar.com\\\/avatar\\\/2bb7f1561282132fb5826dfeccc66c7996d11ee392ac6aaf7ced8a1c2027fbb2?s=96&d=mm&r=g\",\"caption\":\"Pova\u017esk\u00e9 m\u00fazeum\"}}]}<\/script>\n<!-- \/ Yoast SEO plugin. -->","yoast_head_json":{"title":"Tak\u00e9 slovensk\u00e9 - Pova\u017esk\u00e9 m\u00fazeum","robots":{"index":"index","follow":"follow","max-snippet":"max-snippet:-1","max-image-preview":"max-image-preview:large","max-video-preview":"max-video-preview:-1"},"canonical":"https:\/\/pmza.sk\/?p=73858","og_locale":"sk_SK","og_type":"article","og_title":"Tak\u00e9 slovensk\u00e9 - Pova\u017esk\u00e9 m\u00fazeum","og_description":"\u00daspe\u0161n\u00e1 v\u00fdstava\u00a0Tak\u00e9 slovensk\u00e9, ktor\u00e1 v uplynul\u00fdch mesiacoch p\u00fatala nemal\u00fa pozornos\u0165 n\u00e1v\u0161tevn\u00edkov Budat\u00ednskeho hradu, sa ch\u00fdli k svojmu koncu. Unik\u00e1tnu kolekciu s\u00fa\u010dasn\u00e9ho drot\u00e1rskeho umeleck\u00e9ho remesla je mo\u017en\u00e9 nav\u0161t\u00edvi\u0165 u\u017e len\u00a0do nedele 22. marca 2026. V\u00fdstava pon\u00faka zauj\u00edmav\u00fd poh\u013ead na to, \u010do modern\u00ed tvorcovia pova\u017euj\u00fa za pr\u00edzna\u010dne slovensk\u00e9. Prezentuje origin\u00e1lne diela z dr\u00f4tu od\u00a0p\u00e4\u0165desiatich autorov zo Slovenska [&hellip;]","og_url":"https:\/\/pmza.sk\/?p=73858","og_site_name":"Pova\u017esk\u00e9 m\u00fazeum","article_publisher":"https:\/\/www.facebook.com\/povazskemuzeum","article_published_time":"2025-12-19T07:38:15+00:00","article_modified_time":"2026-03-26T10:14:02+00:00","og_image":[{"width":2560,"height":2560,"url":"https:\/\/pmza.sk\/wp-content\/uploads\/2025\/12\/Take_slovenske_web-scaled.jpg","type":"image\/jpeg"}],"author":"Pova\u017esk\u00e9 m\u00fazeum","twitter_card":"summary_large_image","twitter_misc":{"Autor":"Pova\u017esk\u00e9 m\u00fazeum","Predpokladan\u00fd \u010das \u010d\u00edtania":"2 min\u00faty"},"schema":{"@context":"https:\/\/schema.org","@graph":[{"@type":"Article","@id":"https:\/\/pmza.sk\/?p=73858#article","isPartOf":{"@id":"https:\/\/pmza.sk\/?p=73858"},"author":{"name":"Pova\u017esk\u00e9 m\u00fazeum","@id":"https:\/\/pmza.sk\/#\/schema\/person\/595e6a2ce731ea94dcd5d7f50a41ae33"},"headline":"Tak\u00e9 slovensk\u00e9","datePublished":"2025-12-19T07:38:15+00:00","dateModified":"2026-03-26T10:14:02+00:00","mainEntityOfPage":{"@id":"https:\/\/pmza.sk\/?p=73858"},"wordCount":342,"publisher":{"@id":"https:\/\/pmza.sk\/#organization"},"image":{"@id":"https:\/\/pmza.sk\/?p=73858#primaryimage"},"thumbnailUrl":"https:\/\/pmza.sk\/wp-content\/uploads\/2025\/12\/Take_slovenske_web-scaled.jpg","articleSection":["V\u00fdstavy"],"inLanguage":"sk-SK"},{"@type":"WebPage","@id":"https:\/\/pmza.sk\/?p=73858","url":"https:\/\/pmza.sk\/?p=73858","name":"Tak\u00e9 slovensk\u00e9 - Pova\u017esk\u00e9 m\u00fazeum","isPartOf":{"@id":"https:\/\/pmza.sk\/#website"},"primaryImageOfPage":{"@id":"https:\/\/pmza.sk\/?p=73858#primaryimage"},"image":{"@id":"https:\/\/pmza.sk\/?p=73858#primaryimage"},"thumbnailUrl":"https:\/\/pmza.sk\/wp-content\/uploads\/2025\/12\/Take_slovenske_web-scaled.jpg","datePublished":"2025-12-19T07:38:15+00:00","dateModified":"2026-03-26T10:14:02+00:00","breadcrumb":{"@id":"https:\/\/pmza.sk\/?p=73858#breadcrumb"},"inLanguage":"sk-SK","potentialAction":[{"@type":"ReadAction","target":["https:\/\/pmza.sk\/?p=73858"]}]},{"@type":"ImageObject","inLanguage":"sk-SK","@id":"https:\/\/pmza.sk\/?p=73858#primaryimage","url":"https:\/\/pmza.sk\/wp-content\/uploads\/2025\/12\/Take_slovenske_web-scaled.jpg","contentUrl":"https:\/\/pmza.sk\/wp-content\/uploads\/2025\/12\/Take_slovenske_web-scaled.jpg","width":2560,"height":2560},{"@type":"BreadcrumbList","@id":"https:\/\/pmza.sk\/?p=73858#breadcrumb","itemListElement":[{"@type":"ListItem","position":1,"name":"Domovsk\u00e1 str\u00e1nka","item":"https:\/\/pmza.sk\/"},{"@type":"ListItem","position":2,"name":"Tak\u00e9 slovensk\u00e9"}]},{"@type":"WebSite","@id":"https:\/\/pmza.sk\/#website","url":"https:\/\/pmza.sk\/","name":"Pova\u017esk\u00e9 m\u00fazeum","description":"Pova\u017esk\u00e9 m\u00fazeum v \u017diline je region\u00e1lne m\u00fazeum so s\u00eddlom v Budat\u00edne. Jeho expoz\u00edcie s\u00fa zameran\u00e9 na dejiny slovensk\u00e9ho umenia, kult\u00fary a dopravy.","publisher":{"@id":"https:\/\/pmza.sk\/#organization"},"potentialAction":[{"@type":"SearchAction","target":{"@type":"EntryPoint","urlTemplate":"https:\/\/pmza.sk\/?s={search_term_string}"},"query-input":{"@type":"PropertyValueSpecification","valueRequired":true,"valueName":"search_term_string"}}],"inLanguage":"sk-SK"},{"@type":"Organization","@id":"https:\/\/pmza.sk\/#organization","name":"Pova\u017esk\u00e9 m\u00fazeum","url":"https:\/\/pmza.sk\/","logo":{"@type":"ImageObject","inLanguage":"sk-SK","@id":"https:\/\/pmza.sk\/#\/schema\/logo\/image\/","url":"https:\/\/pmza.sk\/wp-content\/uploads\/2022\/01\/logo_PM_horizontal.jpg","contentUrl":"https:\/\/pmza.sk\/wp-content\/uploads\/2022\/01\/logo_PM_horizontal.jpg","width":231,"height":142,"caption":"Pova\u017esk\u00e9 m\u00fazeum"},"image":{"@id":"https:\/\/pmza.sk\/#\/schema\/logo\/image\/"},"sameAs":["https:\/\/www.facebook.com\/povazskemuzeum","https:\/\/www.instagram.com\/povazskemuzeum\/"]},{"@type":"Person","@id":"https:\/\/pmza.sk\/#\/schema\/person\/595e6a2ce731ea94dcd5d7f50a41ae33","name":"Pova\u017esk\u00e9 m\u00fazeum","image":{"@type":"ImageObject","inLanguage":"sk-SK","@id":"https:\/\/secure.gravatar.com\/avatar\/2bb7f1561282132fb5826dfeccc66c7996d11ee392ac6aaf7ced8a1c2027fbb2?s=96&d=mm&r=g","url":"https:\/\/secure.gravatar.com\/avatar\/2bb7f1561282132fb5826dfeccc66c7996d11ee392ac6aaf7ced8a1c2027fbb2?s=96&d=mm&r=g","contentUrl":"https:\/\/secure.gravatar.com\/avatar\/2bb7f1561282132fb5826dfeccc66c7996d11ee392ac6aaf7ced8a1c2027fbb2?s=96&d=mm&r=g","caption":"Pova\u017esk\u00e9 m\u00fazeum"}}]}},"_links":{"self":[{"href":"https:\/\/pmza.sk\/index.php?rest_route=\/wp\/v2\/posts\/73858","targetHints":{"allow":["GET"]}}],"collection":[{"href":"https:\/\/pmza.sk\/index.php?rest_route=\/wp\/v2\/posts"}],"about":[{"href":"https:\/\/pmza.sk\/index.php?rest_route=\/wp\/v2\/types\/post"}],"author":[{"embeddable":true,"href":"https:\/\/pmza.sk\/index.php?rest_route=\/wp\/v2\/users\/2"}],"replies":[{"embeddable":true,"href":"https:\/\/pmza.sk\/index.php?rest_route=%2Fwp%2Fv2%2Fcomments&post=73858"}],"version-history":[{"count":1,"href":"https:\/\/pmza.sk\/index.php?rest_route=\/wp\/v2\/posts\/73858\/revisions"}],"predecessor-version":[{"id":76726,"href":"https:\/\/pmza.sk\/index.php?rest_route=\/wp\/v2\/posts\/73858\/revisions\/76726"}],"wp:featuredmedia":[{"embeddable":true,"href":"https:\/\/pmza.sk\/index.php?rest_route=\/wp\/v2\/media\/73861"}],"wp:attachment":[{"href":"https:\/\/pmza.sk\/index.php?rest_route=%2Fwp%2Fv2%2Fmedia&parent=73858"}],"wp:term":[{"taxonomy":"category","embeddable":true,"href":"https:\/\/pmza.sk\/index.php?rest_route=%2Fwp%2Fv2%2Fcategories&post=73858"},{"taxonomy":"post_tag","embeddable":true,"href":"https:\/\/pmza.sk\/index.php?rest_route=%2Fwp%2Fv2%2Ftags&post=73858"}],"curies":[{"name":"wp","href":"https:\/\/api.w.org\/{rel}","templated":true}]}}