{"id":73864,"date":"2025-12-19T09:06:50","date_gmt":"2025-12-19T08:06:50","guid":{"rendered":"https:\/\/pmza.sk\/?p=73864"},"modified":"2026-02-27T07:49:59","modified_gmt":"2026-02-27T06:49:59","slug":"majitelia-budatinskeho-hradu-4-cast","status":"publish","type":"post","link":"https:\/\/pmza.sk\/?p=73864","title":{"rendered":"Majitelia Budat\u00ednskeho hradu (4. \u010das\u0165)"},"content":{"rendered":"<p><strong>Su\u0148ogovci z\u00a0Jasenice a Budat\u00edna (1. \u010das\u0165)<\/strong><\/p>\n<p>Su\u0148ogovci (Suneg, Szunyogh) poch\u00e1dzaj\u00fa p\u00f4vodne z\u00a0Abova. Ich prv\u00fd majetkov\u00fd zisk na Hornom Pova\u017e\u00ed je dolo\u017een\u00fd svedectvom nitrianskeho biskupa a\u00a0\u017eupana Michala zo 6. j\u00fana 1394, v\u00a0ktorom sa hovor\u00ed o\u00a0predaji jasenick\u00e9ho \u0161olt\u00fdstva pod\u017eupanovi v Abovskej stolici <strong>Mikul\u00e1\u0161ovi Su\u0148ogovi<\/strong> a\u00a0jeho synom <strong>Michalovi, \u0160tefanovi, J\u00e1novi a\u00a0Ladislavovi<\/strong> za 50 hrivien strieborn\u00fdch den\u00e1rov. Prv\u00fd z\u00a0potomkov Mikul\u00e1\u0161a Su\u0148oga, ktor\u00fd za\u010dal pou\u017e\u00edva\u0165 pr\u00eddomok <em>z\u00a0Jasenice<\/em> bol <strong>Matej<\/strong>. V roku 1458 sa spom\u00edna ako z\u00e1stupca panovn\u00edka (<em>homo regius<\/em>) a\u00a0nesk\u00f4r ako majite\u013e bl\u00edzkeho, \u010di susedn\u00e9ho majetku (<em>commes taneus, vicinus<\/em>). Matej mal dvoch synov, <strong>Bartolomeja<\/strong> a\u00a0<strong>Ga\u0161para<\/strong>, s ktor\u00fdmi v roku 1487 z\u00edskal od panovn\u00edka Mateja Korv\u00edna (1458 \u2012 1490) don\u00e1ciu na majetky Sverepec a Visolaje.<\/p>\n<p>Svoj pr\u00eddomok Su\u0148ogovci roz\u0161\u00edrili o\u00a0Budat\u00edn, ke\u010f Ga\u0161par Su\u0148og (zakl. <strong>budat\u00ednskej l\u00ednie<\/strong>) z\u00edskal majetkov\u00e9 pr\u00e1va na budat\u00ednske majetky a\u00a0majetky v Marikovskej doline od Juraja III. z\u00a0Hatn\u00e9ho v\u00a0roku 1504. V\u00a0roku 1507 od neho z\u00edskal formou z\u00e1lohu Budat\u00ednske panstvo. Na z\u00e1klade svedectva Tur\u010dianskeho konventu o\u00a0tejto transakcii nariadil panovn\u00edk uvedenie Ga\u0161para Su\u0148oga,\u00a0jeho man\u017eelky <strong>Al\u017ebety<\/strong> a\u00a0ich synov <strong>Kri\u0161tofa, Moj\u017ei\u0161a<\/strong> a\u00a0<strong>Ladislava <\/strong>(\u20551495) do jeho dr\u017eby, ktor\u00e9 sa uskuto\u010dnilo 17. febru\u00e1ra 1508. Po smrti Juraja III. v\u00a0roku 1510 tieto dve uveden\u00e9 skuto\u010dnosti potvrdzovali majetkov\u00e9 pr\u00e1vo Su\u0148ogovcov na Budat\u00ednske panstvo a\u017e do roku 1580, kedy na\u0148 z\u00edskali riadnu don\u00e1ciu od panovn\u00edka.<\/p>\n<p>Su\u0148ogovci to v\u0161ak od za\u010diatku nemali \u013eahk\u00e9, museli toti\u017e svoj n\u00e1rok na z\u00edskan\u00e9 majetky br\u00e1ni\u0165 pred rodom Podmanick\u00fdch (od roku 1466 u\u017e\u00edval z\u00e1loh. majetky v Marikovskej doline) a rodom z Korl\u00e1tky (dedi\u010dn\u00fd n\u00e1rok \u2012 \u017digmund z Hatn\u00e9ho mal za man\u017eelku \u017dofiu z Korl\u00e1tky), ktor\u00ed sa tie\u017e ozna\u010dovali za vlastn\u00edkov majetkov Hat\u0148anskovcov. Na z\u00e1klade vz\u00e1jomnej dohody, ktor\u00e1 sa uskuto\u010dnila 17. augusta 1510 o vysporiadan\u00ed v\u0161etk\u00fdch ot\u00e1zok s\u00favisiacich s od\u00famr\u0165ou a vz\u00e1jomn\u00fdch vyplateniach, si vlastn\u00edctvo Budat\u00ednskeho panstva Su\u0148ogovci udr\u017eali.<\/p>\n<p>Ga\u0161par Su\u0148og zomrel v\u00a0roku 1520. Jeho brat Bartolomej neopr\u00e1vnene po\u017eadoval de\u013ebu v\u0161etk\u00fdch jeho majetkov v\u00a0roku 1521, aj budat\u00ednskych, na ktor\u00e9 nemal \u017eiadny n\u00e1rok. N\u00e1rok mal len na dedi\u010dn\u00e9, alebo s\u00a0bratom spolo\u010dne nadobudnut\u00e9 majetky. Ke\u010f neuspel v\u00a0r\u00e1mci rodinnej dohody, obr\u00e1til sa na s\u00fad. Spor s\u00a0jeho synovcami trval a\u017e do roku 1549, kedy sa s\u00fadne rozhodnutia priklonili na stranu Ga\u0161parov\u00fdch synov. Bartolomej nakoniec zostal b\u00fdva\u0165 v\u00a0Jasenici, kde vznikla <strong>zemianska (jasenick\u00e1)<\/strong> l\u00ednia rodu.<\/p>\n<p>V\u00a0tom istom obdob\u00ed z\u00edskal Budat\u00edn rod Podmanick\u00fdch. Po bitke pri Moh\u00e1\u010di v roku 1526 a v\u00a0dobe politick\u00e9ho rozkolu, sa bratia J\u00e1n (\u2020 1545) a\u00a0Rafael Podmanick\u00ed postavili na stranu J\u00e1na Z\u00e1po\u013esk\u00e9ho a\u00a0postupn\u00fdm zaberan\u00edm cudz\u00edch majetkov sa stali prakticky neobmedzen\u00fdmi p\u00e1nmi v prostred\u00ed Tren\u010dianskej stolice. So s\u00fahlasom <strong>Moj\u017ei\u0161a Su\u0148oga <\/strong>(\u2020 medzi rokmi 1552 \u2012 1554) v roku 1534 obsadili Budat\u00edn, ktor\u00fd bol v \u010dase nepokojov rozboren\u00fd. Podmanick\u00ed hrad opravili, opevnili, posilnili pos\u00e1dkou a vykon\u00e1vali z neho ozbrojen\u00e9 vojensk\u00e9 v\u00fdpravy proti st\u00fapencom Ferdinanda I. Habsbursk\u00e9ho a proti bansk\u00fdm mest\u00e1m. V roku 1548 v\u0161ak <strong>Ladislav Su\u0148og<\/strong> za\u010dal po\u017eadova\u0165 od panovn\u00edka Ferdinanda I.\u00a0svoju polovicu Budat\u00edna, ktor\u00fa mu v\u00a0roku 1549 na pr\u00edkaz panovn\u00edka musel Rafael Podmanick\u00fd vr\u00e1ti\u0165. Aj ke\u010f ofici\u00e1lne Budat\u00ednske panstvo patrilo obom bratom Su\u0148ogovcom.<\/p>\n<p>Po vr\u00e1ten\u00ed Budat\u00edna Su\u0148ogovci uskuto\u010dnili na hrade rozsiahlu renesan\u010dn\u00fa prestavbu. Po\u010das nej ve\u017ea pre\u0161la \u010diasto\u010dnou adapt\u00e1ciou \u2012 pece nahradili otvoren\u00e9 kozuby a\u00a0star\u00e9 gotick\u00e9 okn\u00e1 nahradili renesan\u010dn\u00e9 ostenia ukon\u010den\u00e9 r\u00edmsami. Pre zv\u00fd\u0161enie komfortu b\u00fdvania bola k v\u00fdchodnej strane obytnej ve\u017ee pristavan\u00e1 trojpodla\u017en\u00e1 obytn\u00e1 stavba, ktorej miestnosti boli zaklenut\u00e9 valen\u00fdmi klenbami. K\u00a0nej boli nesk\u00f4r pristavan\u00e9 men\u0161ie pr\u00edzemn\u00e9 stavby pri severnom a\u00a0z\u00e1padnom opevnen\u00ed. Po\u010das pr\u00e1c do\u0161lo aj k\u00a0zabezpe\u010deniu stability hradby. Vznikla nov\u00e1 pr\u00edstupov\u00e1 cesta do hradu z\u00a0v\u00fdchodnej strany. Renesan\u010dn\u00fa prestavbu dodnes dokumentuje n\u00e1pis na kozube na 1. poschod\u00ed ve\u017ee IGNIS ET ARS SUPLEANT NATURE DEFECTUM 1551.<\/p>\n<p>Ke\u010f\u017ee Ladislav Su\u0148og mal len dve dc\u00e9ry, majetky zdedili Moj\u017ei\u0161ovi synovia <strong>J\u00e1n II.<\/strong> (\u20551541 \u2012 \u20201593),<strong> Moj\u017ei\u0161 II., Juraj <\/strong>(\u20201578) a<strong>\u00a0Rafael. <\/strong>O tom, ako ve\u013ek\u00e9 bolo Budat\u00ednske panstvo v roku 1572 hovor\u00ed jeho \u010diastkov\u00fd urb\u00e1r, ktor\u00fd je najstar\u0161\u00edm zn\u00e1mym prame\u0148om pre kysuck\u00e9 \u00fazemie a je p\u00edsan\u00fd v slovenskom jazyku. Panstvo sa skladalo z 23 ded\u00edn: (Kysuck\u00e9) Nov\u00e9 Mesto, (Kysuck\u00fd) Lieskovec, Dubie, Horn\u00e1 Rudina (Rudina), Doln\u00e1 Rudina (Rudinka), Brodno, Svedern\u00edk, Ve\u013ek\u00e1 Divina, Chlmec, Z\u00e1dubnie, Vranie, Divinka, Radolie, (Lietavsk\u00e1) Z\u00e1vadka, Neslu\u0161a, \u010cadca, Povina, (Budat\u00ednska) Lehota, Budat\u00edn, Nov\u00e9, Lopu\u0161n\u00e1, Visolaje a Sverepec.<\/p>\n<p>V\u00a0roku 1580 cis\u00e1r Rudolf II. (1572 \u2013 1608) udelil don\u00e1ciu na Budat\u00ednske panstvo <strong>J\u00e1novi II.<\/strong>, <strong>Moj\u017ei\u0161ovi III<\/strong>. (syn Juraja) a\u00a0<strong>\u0160tefanovi<\/strong> (syn J\u00e1na II.), ktorou Su\u0148ogovci z\u00edskali tieto majetky.<\/p>\n<p><em>\u201e&#8230;hrad Budat\u00edn spolu s m\u00fdtom a\u00a0majerom cel\u00e9 meste\u010dko Nov\u00e9 Mesto nad Kysucou spolu s\u00a0m\u00fdtom, ktor\u00e9 tu je, ako aj cel\u00e9 obce Z\u00e1dubnie, Brodno, Vranie, Horn\u00e1 Rudina spolu so \u0161\u013eachtickou k\u00fariou, Ni\u017en\u00e1 Rudina s\u00a0majermi a\u00a0k\u00fariami sa tu nach\u00e1dzaj\u00facimi, Rado\u013ea s\u00a0k\u00fariou, Neslu\u0161a, Lopu\u0161ne inak Kozlovice pod horou Vrete\u0148, Lieskovec, Ochodnica, Dunajov, \u010cadca, Chlmec, Svedern\u00edk s\u00a0k\u00fariou a\u00a0majerom, Divina Vi\u0161n\u00e1 alebo Horn\u00e1, Brezov\u00e9, Rovn\u00e9, Visolaje s\u00a0k\u00fariou a\u00a0majerom, Svedern\u00edk, Zavadka s\u00a0k\u00fariou a\u00a0majerom, Divinka Ni\u017en\u00e1, alebo Doln\u00e1.\u201c<\/em><\/p>\n<p>Z rodu Su\u0148ogovcov sa tak stal vplyvn\u00fd rod, ktor\u00fd viedol hrani\u010dn\u00e9 a majetkov\u00e9 spory so susedn\u00fdmi rodmi, Te\u0161\u00ednskym knie\u017eactvom a dokonca aj s mestom \u017dilina kv\u00f4li vyberaniu m\u00fdta a \u00fadr\u017eby mosta cez V\u00e1h. Na konci 16. stor. sa su\u0148ogovsk\u00e1 budat\u00ednska l\u00ednia rodu rozdelila na dve vetvy, na <strong>sliezsku<\/strong> (zakl. bol J\u00e1n II., ktor\u00fd v roku 1592 k\u00fapil sliezske panstvo Bilsko za 80 000 toliarov od rodiny Schaffgotsch) a (uhorsk\u00fa) <strong>tren\u010diansku<\/strong> (zakl. bol Juraj). V\u00a0roku 1588 J\u00e1n II. z\u00edskal od panovn\u00edka Rudolfa II. bar\u00f3nsky titul, ktor\u00fd bol nesk\u00f4r v\u00a0roku 1604 potvrden\u00fd aj jeho synovcovi Moj\u017ei\u0161ovi III (\u20201622). Pri z\u00edskan\u00ed bar\u00f3nskeho titulu boli d\u00f4le\u017eit\u00e9 okrem vojensk\u00fdch z\u00e1sluh v\u00a016. stor. aj kontakty na kr\u00e1\u013eovskom dvore. Teda jedn\u00fdm s\u00a0d\u00f4vodov udelenia titulu Su\u0148ogovcom bolo dvorsk\u00e9 pr\u00edbuzenstvo s\u00a0b\u00fdval\u00fdm dvorsk\u00fdm vicekancel\u00e1rom J\u00e1nom Listim (Moj\u017ei\u0161ova matka bola \u017dofia Listiov\u00e1) a \u010falej vzdelanos\u0165 a\u00a0zna\u010dn\u00e9 uhorsk\u00e9 a\u00a0sliezske majetky.<\/p>\n<p>\u2055 Podoba bar\u00f3nskeho erbu sa od zemianskeho erbu jasenickej l\u00ednie ve\u013emi nel\u00ed\u0161ila. Hlavn\u00fdm znamen\u00edm na \u0161t\u00edte zost\u00e1va na\u010falej rytier na koni na pa\u017eiti so z\u00e1stavou na pravom pleci. Klenot tvor\u00ed \u013ealia.<\/p>\n<p>Uk\u00e1\u017ekou je erb Moj\u017ei\u0161a III. Su\u0148oga, ktor\u00fd sa nach\u00e1dza na prvej pe\u010dati z\u00a0roku 1606. Pe\u010da\u0165 je najstar\u0161\u00edm zn\u00e1mym heraldick\u00fdmi prame\u0148om tren\u010dianskej vetvy rodu. Pe\u010da\u0165 m\u00e1 v\u00a0\u0161tyroch rohoch inici\u00e1lky MO SZV . D . P . (<em>Moyzis Szunegh de Pudetin<\/em>). Znamenie na \u0161t\u00edte predstavuje rytiera na koni na pa\u017eiti so z\u00e1stavou na pravom pleci. Klenot tvor\u00ed \u013ealia.<\/p>\n<p>Prof. Nov\u00e1k uv\u00e1dza e\u0161te Moj\u017ei\u0161ovu druh\u00fa pe\u010da\u0165 z roku 1606, na ktorej je u\u017e erb odli\u0161n\u00fd. Tieto odli\u0161nosti sa objavuj\u00fa u Su\u0148ogovcov aj v neskor\u0161om obdob\u00ed, bu\u010f v podobe delen\u00e9ho \u0161t\u00edtu, v po\u010dte hviezdi\u010diek, alebo inej farby fig\u00fary. Pe\u010da\u0165 obsahuje kruhopis MOSES SZVNYOGH \u00a0DE \u00a0IESSEN(I)TZA L\/iber\/B\/aro\/ IN BVDEETS. \u0160t\u00edt erbu je delen\u00fd. V hornej polovici je op\u00e4\u0165 rytier na koni so z\u00e1stavou na pravom pleci a pole je posiate hviezdi\u010dkami. Doln\u00e1 polovica \u0161t\u00edtu je p\u00e4\u0165kr\u00e1t delen\u00e1. Klenotom \u0161t\u00edtu je \u013ealia.<\/p>\n<p>Tento druh\u00fd bar\u00f3nsky erb je vyobrazen\u00fd vo farbe v s\u00favekej zbierke \u0160tefana Jesensk\u00e9ho. Horn\u00e1 polovica \u0161t\u00edtu je \u010derven\u00e1, hviezdi\u010dky s\u00fa zlat\u00e9 a rytier so z\u00e1stavou je biely. V opise je uveden\u00e9, \u017ee rytier v \u013eavej ruke dr\u017e\u00ed ov\u00e1lny zelen\u00fd \u0161t\u00edt a k\u00f4\u0148 m\u00e1 krk prestrelen\u00fd zlat\u00fdm \u0161\u00edpom. Autor opisu uv\u00e1dza, \u017ee na z\u00e1stave a na \u0161t\u00edte rytiera bola fig\u00fara v podobe osi (ma\u010f. sz\u00fanyog). Prof. Nov\u00e1k v\u0161ak hovor\u00ed o \u013ealii, ktor\u00e1 sa automaticky dostala do klenotu a pravdepodobne bola aj p\u00f4vodn\u00fdm erbom Su\u0148ogovcov. Z\u00e1stava neobsahuje \u017eiadnu fig\u00faru na pe\u010dati z roku 1606. V dolnom poli sa strieda zelen\u00e1 a zlat\u00e1 farba. \u013dalia v klenote je biela a prikr\u00fdvadl\u00e1 s\u00fa strieborno-\u010derven\u00e9 a zlato-zelen\u00e9.<\/p>\n<div class=\"wp-block-image\"><img fetchpriority=\"high\" decoding=\"async\" class=\"wpa-warning wpa-image-missing-alt alignnone size-medium wp-image-73866\" src=\"https:\/\/pmza.sk\/wp-content\/uploads\/2025\/12\/IMG_20251218_092853_HDR-481x360.jpg\" alt=\"\" width=\"481\" height=\"360\" data-warning=\"Missing alt text\" srcset=\"https:\/\/pmza.sk\/wp-content\/uploads\/2025\/12\/IMG_20251218_092853_HDR-481x360.jpg 481w, https:\/\/pmza.sk\/wp-content\/uploads\/2025\/12\/IMG_20251218_092853_HDR-984x736.jpg 984w, https:\/\/pmza.sk\/wp-content\/uploads\/2025\/12\/IMG_20251218_092853_HDR-768x575.jpg 768w, https:\/\/pmza.sk\/wp-content\/uploads\/2025\/12\/IMG_20251218_092853_HDR-1536x1149.jpg 1536w, https:\/\/pmza.sk\/wp-content\/uploads\/2025\/12\/IMG_20251218_092853_HDR-2048x1532.jpg 2048w, https:\/\/pmza.sk\/wp-content\/uploads\/2025\/12\/IMG_20251218_092853_HDR-600x449.jpg 600w\" sizes=\"(max-width: 481px) 100vw, 481px\" \/><\/div>\n<div>\n<p>Budat\u00ednsky hrad. Podoba okolo roku 1550 v mierke 1 : 72. Autor modelu P. \u0160imko, 2019. (Expoz\u00edcia Budat\u00ednskeho hradu)<\/p>\n<div class=\"wp-block-image\"><img decoding=\"async\" class=\"wpa-warning wpa-image-missing-alt alignnone size-medium wp-image-73865\" src=\"https:\/\/pmza.sk\/wp-content\/uploads\/2025\/12\/IMG_20241024_135755_HDR-203x360.jpg\" alt=\"\" width=\"203\" height=\"360\" data-warning=\"Missing alt text\" srcset=\"https:\/\/pmza.sk\/wp-content\/uploads\/2025\/12\/IMG_20241024_135755_HDR-203x360.jpg 203w, https:\/\/pmza.sk\/wp-content\/uploads\/2025\/12\/IMG_20241024_135755_HDR-414x736.jpg 414w, https:\/\/pmza.sk\/wp-content\/uploads\/2025\/12\/IMG_20241024_135755_HDR-768x1365.jpg 768w, https:\/\/pmza.sk\/wp-content\/uploads\/2025\/12\/IMG_20241024_135755_HDR-864x1536.jpg 864w, https:\/\/pmza.sk\/wp-content\/uploads\/2025\/12\/IMG_20241024_135755_HDR-1152x2048.jpg 1152w, https:\/\/pmza.sk\/wp-content\/uploads\/2025\/12\/IMG_20241024_135755_HDR-600x1067.jpg 600w, https:\/\/pmza.sk\/wp-content\/uploads\/2025\/12\/IMG_20241024_135755_HDR-scaled.jpg 1440w\" sizes=\"(max-width: 203px) 100vw, 203px\" \/><\/div>\n<div>\n<p>Kozub na 1. poschod\u00ed ve\u017ee s\u00a0n\u00e1pisom z\u00a0roku 1551. (Zdroj: foto autorka textu)<\/p>\n<div class=\"wp-block-image\"><img decoding=\"async\" class=\"wpa-warning wpa-image-missing-alt alignnone size-medium wp-image-73880\" src=\"https:\/\/pmza.sk\/wp-content\/uploads\/2025\/12\/doc07705320251219112117_001-287x360.jpg\" alt=\"\" width=\"287\" height=\"360\" data-warning=\"Missing alt text\" srcset=\"https:\/\/pmza.sk\/wp-content\/uploads\/2025\/12\/doc07705320251219112117_001-287x360.jpg 287w, https:\/\/pmza.sk\/wp-content\/uploads\/2025\/12\/doc07705320251219112117_001-587x736.jpg 587w, https:\/\/pmza.sk\/wp-content\/uploads\/2025\/12\/doc07705320251219112117_001-768x962.jpg 768w, https:\/\/pmza.sk\/wp-content\/uploads\/2025\/12\/doc07705320251219112117_001-600x752.jpg 600w, https:\/\/pmza.sk\/wp-content\/uploads\/2025\/12\/doc07705320251219112117_001.jpg 1043w\" sizes=\"(max-width: 287px) 100vw, 287px\" \/><\/div>\n<div>Profilovan\u00e9 ostenie okna na poschod\u00ed rizalitu v\u00fdchodn\u00e9ho pal\u00e1ca. (Zdroj: BEDN\u00c1R, <em>Budat\u00ednsky hrad<\/em>, str. 215)<\/div>\n<div>\n<div class=\"wp-block-image\"><img loading=\"lazy\" decoding=\"async\" class=\"wpa-warning wpa-image-missing-alt alignnone size-medium wp-image-73879\" src=\"https:\/\/pmza.sk\/wp-content\/uploads\/2025\/12\/doc07705220251219112041_001-209x360.jpg\" alt=\"\" width=\"209\" height=\"360\" data-warning=\"Missing alt text\" srcset=\"https:\/\/pmza.sk\/wp-content\/uploads\/2025\/12\/doc07705220251219112041_001-209x360.jpg 209w, https:\/\/pmza.sk\/wp-content\/uploads\/2025\/12\/doc07705220251219112041_001-428x736.jpg 428w, https:\/\/pmza.sk\/wp-content\/uploads\/2025\/12\/doc07705220251219112041_001-768x1320.jpg 768w, https:\/\/pmza.sk\/wp-content\/uploads\/2025\/12\/doc07705220251219112041_001-600x1031.jpg 600w, https:\/\/pmza.sk\/wp-content\/uploads\/2025\/12\/doc07705220251219112041_001.jpg 863w\" sizes=\"(max-width: 209px) 100vw, 209px\" \/><\/div>\n<div>Detail profil\u00e1cie p\u00e4tky port\u00e1lu. (Zdroj: BEDN\u00c1R, <em>Budat\u00ednsky hrad<\/em>, str. 209)<\/div>\n<\/div>\n<div><\/div>\n<div class=\"wp-block-image\"><img loading=\"lazy\" decoding=\"async\" class=\"wpa-warning wpa-image-missing-alt alignnone size-medium wp-image-73867\" src=\"https:\/\/pmza.sk\/wp-content\/uploads\/2025\/12\/Snimka-obrazovky-2025-10-31-123648-373x360.png\" alt=\"\" width=\"373\" height=\"360\" data-warning=\"Missing alt text\" srcset=\"https:\/\/pmza.sk\/wp-content\/uploads\/2025\/12\/Snimka-obrazovky-2025-10-31-123648-373x360.png 373w, https:\/\/pmza.sk\/wp-content\/uploads\/2025\/12\/Snimka-obrazovky-2025-10-31-123648-600x579.png 600w, https:\/\/pmza.sk\/wp-content\/uploads\/2025\/12\/Snimka-obrazovky-2025-10-31-123648.png 736w\" sizes=\"(max-width: 373px) 100vw, 373px\" \/><\/div>\n<div>\n<p>Prv\u00e1 pe\u010da\u0165 Moj\u017ei\u0161a III. Su\u0148oga z\u00a0roku 1606. (Zdroj: NOV\u00c1K, <em>Rodov\u00e9 erby, <\/em>Tab. 2\/8<em>)<\/em><\/p>\n<div class=\"wp-block-image\"><img loading=\"lazy\" decoding=\"async\" class=\"wpa-warning wpa-image-missing-alt alignnone size-medium wp-image-73868\" src=\"https:\/\/pmza.sk\/wp-content\/uploads\/2025\/12\/Snimka-obrazovky-2025-12-19-084840-312x360.png\" alt=\"\" width=\"312\" height=\"360\" data-warning=\"Missing alt text\" srcset=\"https:\/\/pmza.sk\/wp-content\/uploads\/2025\/12\/Snimka-obrazovky-2025-12-19-084840-312x360.png 312w, https:\/\/pmza.sk\/wp-content\/uploads\/2025\/12\/Snimka-obrazovky-2025-12-19-084840.png 511w\" sizes=\"(max-width: 312px) 100vw, 312px\" \/><\/div>\n<div>\n<p>Farebn\u00e1 rekon\u0161trukcia bar\u00f3nskeho erbu z pe\u010date Ga\u0161para III. Su\u0148oga z\u00a0roku 1655 pod\u013ea blaz\u00f3nu v zbierke \u0160tefana Jesensk\u00e9ho. (Zdroj: FEDERMAYER, <em>Lexik\u00f3n.<\/em> str. 328)<\/p>\n<div><\/div>\n<p><strong>Text:<\/strong> Mgr. Darina Bellovi\u010dov\u00e1, histori\u010dka Pova\u017esk\u00e9ho m\u00fazea<\/p>\n<p><strong>Pou\u017eit\u00e1 literat\u00fara<\/strong><\/p>\n<p>BEDN\u00c1R, P. et al.: Prestavby hradu za Su\u0148ogovcov z\u00a0poh\u013eadu najnov\u0161\u00edch v\u00fdskumov. In BEDN\u00c1R, P. \u2013 STANEKOV\u00c1, Z. \u2013 \u0160IMKO, P. (eds): <em>Budat\u00ednsky hrad. <\/em>\u017dilina: Pova\u017esk\u00e9 m\u00fazeum, 2019.<\/p>\n<p>FEDERMAYER, F.: <em>Lexik\u00f3n erbov \u0161\u013eachty na Slovensku I. Tren\u010dianska stolica<\/em>. Bratislava: Hajko &amp; Hajkov\u00e1, 2000.<\/p>\n<p>MARTINICK\u00dd, M.: Jasenica v\u00a0p\u00edsomn\u00fdch prame\u0148och z\u00a0rokov 1269 \u2013 1526. In PEKAR, R.: <em>Jasenica v\u00a0premen\u00e1ch \u010dasu<\/em>. Jasenica: Obec Jasenica, 2019.<\/p>\n<p>MARTINICK\u00dd, M.: Doln\u00e1 Marikov\u00e1 v\u00a0stredovek\u00fdch p\u00edsomn\u00fdch prame\u0148och. In \u0160UJAK, P. \u2012 R\u00c1GULOV\u00c1<em>, <\/em>P.:<em> Doln\u00e1 Marikov\u00e1 1321 \u2012 2021<\/em>. Doln\u00e1 Marikov\u00e1: Obec Doln\u00e1 Marikov\u00e1, 2021.<\/p>\n<p>NOV\u00c1K, J.: <em>Rodov\u00e9 erby na Slovensku I<\/em>. Martin: Vydavate\u013estvo Osveta, 1980.<\/p>\n<p>P\u00c1LFFY, G.: Bar\u00f3ni a\u00a0magn\u00e1ti v\u00a0Uhorskom kr\u00e1\u013eovstve v\u00a016. storo\u010d\u00ed. In <em>Forum Historiae, <\/em>ro\u010d. 4, \u010d, 2, 2012.<\/p>\n<p>PAR\u00c1\u010cOV\u00c1, A.: Su\u0148ogovci z\u00a0Jasenice a\u00a0Budat\u00edna. In PINDUR, D. \u2013 TUR\u00d3CI, M. a\u00a0kol.: <em>\u0160\u013eachta na Kysuciach a\u00a0jej susedia. <\/em>Kysuck\u00e9 m\u00fazeum v\u00a0\u010cadci<em>; <\/em>Muzeum T\u011b\u0161\u00ednska; Pova\u017esk\u00e9 m\u00fazeum v\u00a0\u017diline, 2012.<\/p>\n<p>VELI\u010cKA, D.: Urb\u00e1r Budat\u00ednskeho panstva z\u00a0roku 1572. In <em>Slovensk\u00e1 archivistika, <\/em>ro\u010d. 47, \u010d. 2, 2012.<\/p>\n<\/div>\n<\/div>\n<\/div>\n<\/div>\n","protected":false},"excerpt":{"rendered":"<p>Su\u0148ogovci z\u00a0Jasenice a Budat\u00edna (1. \u010das\u0165) Su\u0148ogovci (Suneg, Szunyogh) poch\u00e1dzaj\u00fa p\u00f4vodne z\u00a0Abova. Ich prv\u00fd majetkov\u00fd zisk na Hornom Pova\u017e\u00ed je dolo\u017een\u00fd svedectvom nitrianskeho biskupa a\u00a0\u017eupana Michala zo 6. j\u00fana 1394, v\u00a0ktorom sa hovor\u00ed o\u00a0predaji jasenick\u00e9ho \u0161olt\u00fdstva pod\u017eupanovi v Abovskej stolici Mikul\u00e1\u0161ovi Su\u0148ogovi a\u00a0jeho synom Michalovi, \u0160tefanovi, J\u00e1novi a\u00a0Ladislavovi za 50 hrivien strieborn\u00fdch den\u00e1rov. Prv\u00fd z\u00a0potomkov [&hellip;]<\/p>\n","protected":false},"author":2,"featured_media":73866,"comment_status":"closed","ping_status":"closed","sticky":false,"template":"","format":"standard","meta":{"site-sidebar-layout":"default","site-content-layout":"","ast-site-content-layout":"default","site-content-style":"default","site-sidebar-style":"default","ast-global-header-display":"","ast-banner-title-visibility":"","ast-main-header-display":"","ast-hfb-above-header-display":"","ast-hfb-below-header-display":"","ast-hfb-mobile-header-display":"","site-post-title":"","ast-breadcrumbs-content":"","ast-featured-img":"","footer-sml-layout":"","theme-transparent-header-meta":"default","adv-header-id-meta":"","stick-header-meta":"default","header-above-stick-meta":"","header-main-stick-meta":"","header-below-stick-meta":"","astra-migrate-meta-layouts":"set","ast-page-background-enabled":"default","ast-page-background-meta":{"desktop":{"background-color":"var(--ast-global-color-4)","background-image":"","background-repeat":"repeat","background-position":"center center","background-size":"auto","background-attachment":"scroll","background-type":"","background-media":"","overlay-type":"","overlay-color":"","overlay-opacity":"","overlay-gradient":""},"tablet":{"background-color":"","background-image":"","background-repeat":"repeat","background-position":"center center","background-size":"auto","background-attachment":"scroll","background-type":"","background-media":"","overlay-type":"","overlay-color":"","overlay-opacity":"","overlay-gradient":""},"mobile":{"background-color":"","background-image":"","background-repeat":"repeat","background-position":"center center","background-size":"auto","background-attachment":"scroll","background-type":"","background-media":"","overlay-type":"","overlay-color":"","overlay-opacity":"","overlay-gradient":""}},"ast-content-background-meta":{"desktop":{"background-color":"var(--ast-global-color-5)","background-image":"","background-repeat":"repeat","background-position":"center center","background-size":"auto","background-attachment":"scroll","background-type":"","background-media":"","overlay-type":"","overlay-color":"","overlay-opacity":"","overlay-gradient":""},"tablet":{"background-color":"var(--ast-global-color-5)","background-image":"","background-repeat":"repeat","background-position":"center center","background-size":"auto","background-attachment":"scroll","background-type":"","background-media":"","overlay-type":"","overlay-color":"","overlay-opacity":"","overlay-gradient":""},"mobile":{"background-color":"var(--ast-global-color-5)","background-image":"","background-repeat":"repeat","background-position":"center center","background-size":"auto","background-attachment":"scroll","background-type":"","background-media":"","overlay-type":"","overlay-color":"","overlay-opacity":"","overlay-gradient":""}},"footnotes":""},"categories":[31],"tags":[],"class_list":["post-73864","post","type-post","status-publish","format-standard","has-post-thumbnail","hentry","category-aktuality"],"yoast_head":"<!-- This site is optimized with the Yoast SEO plugin v27.4 - https:\/\/yoast.com\/product\/yoast-seo-wordpress\/ -->\n<title>Majitelia Budat\u00ednskeho hradu (4. \u010das\u0165) - Pova\u017esk\u00e9 m\u00fazeum<\/title>\n<meta name=\"robots\" content=\"index, follow, max-snippet:-1, max-image-preview:large, max-video-preview:-1\" \/>\n<link rel=\"canonical\" href=\"https:\/\/pmza.sk\/?p=73864\" \/>\n<meta property=\"og:locale\" content=\"sk_SK\" \/>\n<meta property=\"og:type\" content=\"article\" \/>\n<meta property=\"og:title\" content=\"Majitelia Budat\u00ednskeho hradu (4. \u010das\u0165) - Pova\u017esk\u00e9 m\u00fazeum\" \/>\n<meta property=\"og:description\" content=\"Su\u0148ogovci z\u00a0Jasenice a Budat\u00edna (1. \u010das\u0165) Su\u0148ogovci (Suneg, Szunyogh) poch\u00e1dzaj\u00fa p\u00f4vodne z\u00a0Abova. Ich prv\u00fd majetkov\u00fd zisk na Hornom Pova\u017e\u00ed je dolo\u017een\u00fd svedectvom nitrianskeho biskupa a\u00a0\u017eupana Michala zo 6. j\u00fana 1394, v\u00a0ktorom sa hovor\u00ed o\u00a0predaji jasenick\u00e9ho \u0161olt\u00fdstva pod\u017eupanovi v Abovskej stolici Mikul\u00e1\u0161ovi Su\u0148ogovi a\u00a0jeho synom Michalovi, \u0160tefanovi, J\u00e1novi a\u00a0Ladislavovi za 50 hrivien strieborn\u00fdch den\u00e1rov. Prv\u00fd z\u00a0potomkov [&hellip;]\" \/>\n<meta property=\"og:url\" content=\"https:\/\/pmza.sk\/?p=73864\" \/>\n<meta property=\"og:site_name\" content=\"Pova\u017esk\u00e9 m\u00fazeum\" \/>\n<meta property=\"article:publisher\" content=\"https:\/\/www.facebook.com\/povazskemuzeum\" \/>\n<meta property=\"article:published_time\" content=\"2025-12-19T08:06:50+00:00\" \/>\n<meta property=\"article:modified_time\" content=\"2026-02-27T06:49:59+00:00\" \/>\n<meta property=\"og:image\" content=\"https:\/\/pmza.sk\/wp-content\/uploads\/2025\/12\/IMG_20251218_092853_HDR-scaled.jpg\" \/>\n\t<meta property=\"og:image:width\" content=\"2560\" \/>\n\t<meta property=\"og:image:height\" content=\"1916\" \/>\n\t<meta property=\"og:image:type\" content=\"image\/jpeg\" \/>\n<meta name=\"author\" content=\"Pova\u017esk\u00e9 m\u00fazeum\" \/>\n<meta name=\"twitter:card\" content=\"summary_large_image\" \/>\n<meta name=\"twitter:label1\" content=\"Autor\" \/>\n\t<meta name=\"twitter:data1\" content=\"Pova\u017esk\u00e9 m\u00fazeum\" \/>\n\t<meta name=\"twitter:label2\" content=\"Predpokladan\u00fd \u010das \u010d\u00edtania\" \/>\n\t<meta name=\"twitter:data2\" content=\"9 min\u00fat\" \/>\n<script type=\"application\/ld+json\" class=\"yoast-schema-graph\">{\"@context\":\"https:\\\/\\\/schema.org\",\"@graph\":[{\"@type\":\"Article\",\"@id\":\"https:\\\/\\\/pmza.sk\\\/?p=73864#article\",\"isPartOf\":{\"@id\":\"https:\\\/\\\/pmza.sk\\\/?p=73864\"},\"author\":{\"name\":\"Pova\u017esk\u00e9 m\u00fazeum\",\"@id\":\"https:\\\/\\\/pmza.sk\\\/#\\\/schema\\\/person\\\/595e6a2ce731ea94dcd5d7f50a41ae33\"},\"headline\":\"Majitelia Budat\u00ednskeho hradu (4. \u010das\u0165)\",\"datePublished\":\"2025-12-19T08:06:50+00:00\",\"dateModified\":\"2026-02-27T06:49:59+00:00\",\"mainEntityOfPage\":{\"@id\":\"https:\\\/\\\/pmza.sk\\\/?p=73864\"},\"wordCount\":1843,\"publisher\":{\"@id\":\"https:\\\/\\\/pmza.sk\\\/#organization\"},\"image\":{\"@id\":\"https:\\\/\\\/pmza.sk\\\/?p=73864#primaryimage\"},\"thumbnailUrl\":\"https:\\\/\\\/pmza.sk\\\/wp-content\\\/uploads\\\/2025\\\/12\\\/IMG_20251218_092853_HDR-scaled.jpg\",\"articleSection\":[\"Aktuality\"],\"inLanguage\":\"sk-SK\"},{\"@type\":\"WebPage\",\"@id\":\"https:\\\/\\\/pmza.sk\\\/?p=73864\",\"url\":\"https:\\\/\\\/pmza.sk\\\/?p=73864\",\"name\":\"Majitelia Budat\u00ednskeho hradu (4. \u010das\u0165) - Pova\u017esk\u00e9 m\u00fazeum\",\"isPartOf\":{\"@id\":\"https:\\\/\\\/pmza.sk\\\/#website\"},\"primaryImageOfPage\":{\"@id\":\"https:\\\/\\\/pmza.sk\\\/?p=73864#primaryimage\"},\"image\":{\"@id\":\"https:\\\/\\\/pmza.sk\\\/?p=73864#primaryimage\"},\"thumbnailUrl\":\"https:\\\/\\\/pmza.sk\\\/wp-content\\\/uploads\\\/2025\\\/12\\\/IMG_20251218_092853_HDR-scaled.jpg\",\"datePublished\":\"2025-12-19T08:06:50+00:00\",\"dateModified\":\"2026-02-27T06:49:59+00:00\",\"breadcrumb\":{\"@id\":\"https:\\\/\\\/pmza.sk\\\/?p=73864#breadcrumb\"},\"inLanguage\":\"sk-SK\",\"potentialAction\":[{\"@type\":\"ReadAction\",\"target\":[\"https:\\\/\\\/pmza.sk\\\/?p=73864\"]}]},{\"@type\":\"ImageObject\",\"inLanguage\":\"sk-SK\",\"@id\":\"https:\\\/\\\/pmza.sk\\\/?p=73864#primaryimage\",\"url\":\"https:\\\/\\\/pmza.sk\\\/wp-content\\\/uploads\\\/2025\\\/12\\\/IMG_20251218_092853_HDR-scaled.jpg\",\"contentUrl\":\"https:\\\/\\\/pmza.sk\\\/wp-content\\\/uploads\\\/2025\\\/12\\\/IMG_20251218_092853_HDR-scaled.jpg\",\"width\":2560,\"height\":1916},{\"@type\":\"BreadcrumbList\",\"@id\":\"https:\\\/\\\/pmza.sk\\\/?p=73864#breadcrumb\",\"itemListElement\":[{\"@type\":\"ListItem\",\"position\":1,\"name\":\"Domovsk\u00e1 str\u00e1nka\",\"item\":\"https:\\\/\\\/pmza.sk\\\/\"},{\"@type\":\"ListItem\",\"position\":2,\"name\":\"Majitelia Budat\u00ednskeho hradu (4. \u010das\u0165)\"}]},{\"@type\":\"WebSite\",\"@id\":\"https:\\\/\\\/pmza.sk\\\/#website\",\"url\":\"https:\\\/\\\/pmza.sk\\\/\",\"name\":\"Pova\u017esk\u00e9 m\u00fazeum\",\"description\":\"Pova\u017esk\u00e9 m\u00fazeum v \u017diline je region\u00e1lne m\u00fazeum so s\u00eddlom v Budat\u00edne. Jeho expoz\u00edcie s\u00fa zameran\u00e9 na dejiny slovensk\u00e9ho umenia, kult\u00fary a dopravy.\",\"publisher\":{\"@id\":\"https:\\\/\\\/pmza.sk\\\/#organization\"},\"potentialAction\":[{\"@type\":\"SearchAction\",\"target\":{\"@type\":\"EntryPoint\",\"urlTemplate\":\"https:\\\/\\\/pmza.sk\\\/?s={search_term_string}\"},\"query-input\":{\"@type\":\"PropertyValueSpecification\",\"valueRequired\":true,\"valueName\":\"search_term_string\"}}],\"inLanguage\":\"sk-SK\"},{\"@type\":\"Organization\",\"@id\":\"https:\\\/\\\/pmza.sk\\\/#organization\",\"name\":\"Pova\u017esk\u00e9 m\u00fazeum\",\"url\":\"https:\\\/\\\/pmza.sk\\\/\",\"logo\":{\"@type\":\"ImageObject\",\"inLanguage\":\"sk-SK\",\"@id\":\"https:\\\/\\\/pmza.sk\\\/#\\\/schema\\\/logo\\\/image\\\/\",\"url\":\"https:\\\/\\\/pmza.sk\\\/wp-content\\\/uploads\\\/2022\\\/01\\\/logo_PM_horizontal.jpg\",\"contentUrl\":\"https:\\\/\\\/pmza.sk\\\/wp-content\\\/uploads\\\/2022\\\/01\\\/logo_PM_horizontal.jpg\",\"width\":231,\"height\":142,\"caption\":\"Pova\u017esk\u00e9 m\u00fazeum\"},\"image\":{\"@id\":\"https:\\\/\\\/pmza.sk\\\/#\\\/schema\\\/logo\\\/image\\\/\"},\"sameAs\":[\"https:\\\/\\\/www.facebook.com\\\/povazskemuzeum\",\"https:\\\/\\\/www.instagram.com\\\/povazskemuzeum\\\/\"]},{\"@type\":\"Person\",\"@id\":\"https:\\\/\\\/pmza.sk\\\/#\\\/schema\\\/person\\\/595e6a2ce731ea94dcd5d7f50a41ae33\",\"name\":\"Pova\u017esk\u00e9 m\u00fazeum\",\"image\":{\"@type\":\"ImageObject\",\"inLanguage\":\"sk-SK\",\"@id\":\"https:\\\/\\\/secure.gravatar.com\\\/avatar\\\/2bb7f1561282132fb5826dfeccc66c7996d11ee392ac6aaf7ced8a1c2027fbb2?s=96&d=mm&r=g\",\"url\":\"https:\\\/\\\/secure.gravatar.com\\\/avatar\\\/2bb7f1561282132fb5826dfeccc66c7996d11ee392ac6aaf7ced8a1c2027fbb2?s=96&d=mm&r=g\",\"contentUrl\":\"https:\\\/\\\/secure.gravatar.com\\\/avatar\\\/2bb7f1561282132fb5826dfeccc66c7996d11ee392ac6aaf7ced8a1c2027fbb2?s=96&d=mm&r=g\",\"caption\":\"Pova\u017esk\u00e9 m\u00fazeum\"}}]}<\/script>\n<!-- \/ Yoast SEO plugin. -->","yoast_head_json":{"title":"Majitelia Budat\u00ednskeho hradu (4. \u010das\u0165) - Pova\u017esk\u00e9 m\u00fazeum","robots":{"index":"index","follow":"follow","max-snippet":"max-snippet:-1","max-image-preview":"max-image-preview:large","max-video-preview":"max-video-preview:-1"},"canonical":"https:\/\/pmza.sk\/?p=73864","og_locale":"sk_SK","og_type":"article","og_title":"Majitelia Budat\u00ednskeho hradu (4. \u010das\u0165) - Pova\u017esk\u00e9 m\u00fazeum","og_description":"Su\u0148ogovci z\u00a0Jasenice a Budat\u00edna (1. \u010das\u0165) Su\u0148ogovci (Suneg, Szunyogh) poch\u00e1dzaj\u00fa p\u00f4vodne z\u00a0Abova. Ich prv\u00fd majetkov\u00fd zisk na Hornom Pova\u017e\u00ed je dolo\u017een\u00fd svedectvom nitrianskeho biskupa a\u00a0\u017eupana Michala zo 6. j\u00fana 1394, v\u00a0ktorom sa hovor\u00ed o\u00a0predaji jasenick\u00e9ho \u0161olt\u00fdstva pod\u017eupanovi v Abovskej stolici Mikul\u00e1\u0161ovi Su\u0148ogovi a\u00a0jeho synom Michalovi, \u0160tefanovi, J\u00e1novi a\u00a0Ladislavovi za 50 hrivien strieborn\u00fdch den\u00e1rov. Prv\u00fd z\u00a0potomkov [&hellip;]","og_url":"https:\/\/pmza.sk\/?p=73864","og_site_name":"Pova\u017esk\u00e9 m\u00fazeum","article_publisher":"https:\/\/www.facebook.com\/povazskemuzeum","article_published_time":"2025-12-19T08:06:50+00:00","article_modified_time":"2026-02-27T06:49:59+00:00","og_image":[{"width":2560,"height":1916,"url":"https:\/\/pmza.sk\/wp-content\/uploads\/2025\/12\/IMG_20251218_092853_HDR-scaled.jpg","type":"image\/jpeg"}],"author":"Pova\u017esk\u00e9 m\u00fazeum","twitter_card":"summary_large_image","twitter_misc":{"Autor":"Pova\u017esk\u00e9 m\u00fazeum","Predpokladan\u00fd \u010das \u010d\u00edtania":"9 min\u00fat"},"schema":{"@context":"https:\/\/schema.org","@graph":[{"@type":"Article","@id":"https:\/\/pmza.sk\/?p=73864#article","isPartOf":{"@id":"https:\/\/pmza.sk\/?p=73864"},"author":{"name":"Pova\u017esk\u00e9 m\u00fazeum","@id":"https:\/\/pmza.sk\/#\/schema\/person\/595e6a2ce731ea94dcd5d7f50a41ae33"},"headline":"Majitelia Budat\u00ednskeho hradu (4. \u010das\u0165)","datePublished":"2025-12-19T08:06:50+00:00","dateModified":"2026-02-27T06:49:59+00:00","mainEntityOfPage":{"@id":"https:\/\/pmza.sk\/?p=73864"},"wordCount":1843,"publisher":{"@id":"https:\/\/pmza.sk\/#organization"},"image":{"@id":"https:\/\/pmza.sk\/?p=73864#primaryimage"},"thumbnailUrl":"https:\/\/pmza.sk\/wp-content\/uploads\/2025\/12\/IMG_20251218_092853_HDR-scaled.jpg","articleSection":["Aktuality"],"inLanguage":"sk-SK"},{"@type":"WebPage","@id":"https:\/\/pmza.sk\/?p=73864","url":"https:\/\/pmza.sk\/?p=73864","name":"Majitelia Budat\u00ednskeho hradu (4. \u010das\u0165) - Pova\u017esk\u00e9 m\u00fazeum","isPartOf":{"@id":"https:\/\/pmza.sk\/#website"},"primaryImageOfPage":{"@id":"https:\/\/pmza.sk\/?p=73864#primaryimage"},"image":{"@id":"https:\/\/pmza.sk\/?p=73864#primaryimage"},"thumbnailUrl":"https:\/\/pmza.sk\/wp-content\/uploads\/2025\/12\/IMG_20251218_092853_HDR-scaled.jpg","datePublished":"2025-12-19T08:06:50+00:00","dateModified":"2026-02-27T06:49:59+00:00","breadcrumb":{"@id":"https:\/\/pmza.sk\/?p=73864#breadcrumb"},"inLanguage":"sk-SK","potentialAction":[{"@type":"ReadAction","target":["https:\/\/pmza.sk\/?p=73864"]}]},{"@type":"ImageObject","inLanguage":"sk-SK","@id":"https:\/\/pmza.sk\/?p=73864#primaryimage","url":"https:\/\/pmza.sk\/wp-content\/uploads\/2025\/12\/IMG_20251218_092853_HDR-scaled.jpg","contentUrl":"https:\/\/pmza.sk\/wp-content\/uploads\/2025\/12\/IMG_20251218_092853_HDR-scaled.jpg","width":2560,"height":1916},{"@type":"BreadcrumbList","@id":"https:\/\/pmza.sk\/?p=73864#breadcrumb","itemListElement":[{"@type":"ListItem","position":1,"name":"Domovsk\u00e1 str\u00e1nka","item":"https:\/\/pmza.sk\/"},{"@type":"ListItem","position":2,"name":"Majitelia Budat\u00ednskeho hradu (4. \u010das\u0165)"}]},{"@type":"WebSite","@id":"https:\/\/pmza.sk\/#website","url":"https:\/\/pmza.sk\/","name":"Pova\u017esk\u00e9 m\u00fazeum","description":"Pova\u017esk\u00e9 m\u00fazeum v \u017diline je region\u00e1lne m\u00fazeum so s\u00eddlom v Budat\u00edne. Jeho expoz\u00edcie s\u00fa zameran\u00e9 na dejiny slovensk\u00e9ho umenia, kult\u00fary a dopravy.","publisher":{"@id":"https:\/\/pmza.sk\/#organization"},"potentialAction":[{"@type":"SearchAction","target":{"@type":"EntryPoint","urlTemplate":"https:\/\/pmza.sk\/?s={search_term_string}"},"query-input":{"@type":"PropertyValueSpecification","valueRequired":true,"valueName":"search_term_string"}}],"inLanguage":"sk-SK"},{"@type":"Organization","@id":"https:\/\/pmza.sk\/#organization","name":"Pova\u017esk\u00e9 m\u00fazeum","url":"https:\/\/pmza.sk\/","logo":{"@type":"ImageObject","inLanguage":"sk-SK","@id":"https:\/\/pmza.sk\/#\/schema\/logo\/image\/","url":"https:\/\/pmza.sk\/wp-content\/uploads\/2022\/01\/logo_PM_horizontal.jpg","contentUrl":"https:\/\/pmza.sk\/wp-content\/uploads\/2022\/01\/logo_PM_horizontal.jpg","width":231,"height":142,"caption":"Pova\u017esk\u00e9 m\u00fazeum"},"image":{"@id":"https:\/\/pmza.sk\/#\/schema\/logo\/image\/"},"sameAs":["https:\/\/www.facebook.com\/povazskemuzeum","https:\/\/www.instagram.com\/povazskemuzeum\/"]},{"@type":"Person","@id":"https:\/\/pmza.sk\/#\/schema\/person\/595e6a2ce731ea94dcd5d7f50a41ae33","name":"Pova\u017esk\u00e9 m\u00fazeum","image":{"@type":"ImageObject","inLanguage":"sk-SK","@id":"https:\/\/secure.gravatar.com\/avatar\/2bb7f1561282132fb5826dfeccc66c7996d11ee392ac6aaf7ced8a1c2027fbb2?s=96&d=mm&r=g","url":"https:\/\/secure.gravatar.com\/avatar\/2bb7f1561282132fb5826dfeccc66c7996d11ee392ac6aaf7ced8a1c2027fbb2?s=96&d=mm&r=g","contentUrl":"https:\/\/secure.gravatar.com\/avatar\/2bb7f1561282132fb5826dfeccc66c7996d11ee392ac6aaf7ced8a1c2027fbb2?s=96&d=mm&r=g","caption":"Pova\u017esk\u00e9 m\u00fazeum"}}]}},"_links":{"self":[{"href":"https:\/\/pmza.sk\/index.php?rest_route=\/wp\/v2\/posts\/73864","targetHints":{"allow":["GET"]}}],"collection":[{"href":"https:\/\/pmza.sk\/index.php?rest_route=\/wp\/v2\/posts"}],"about":[{"href":"https:\/\/pmza.sk\/index.php?rest_route=\/wp\/v2\/types\/post"}],"author":[{"embeddable":true,"href":"https:\/\/pmza.sk\/index.php?rest_route=\/wp\/v2\/users\/2"}],"replies":[{"embeddable":true,"href":"https:\/\/pmza.sk\/index.php?rest_route=%2Fwp%2Fv2%2Fcomments&post=73864"}],"version-history":[{"count":0,"href":"https:\/\/pmza.sk\/index.php?rest_route=\/wp\/v2\/posts\/73864\/revisions"}],"wp:featuredmedia":[{"embeddable":true,"href":"https:\/\/pmza.sk\/index.php?rest_route=\/wp\/v2\/media\/73866"}],"wp:attachment":[{"href":"https:\/\/pmza.sk\/index.php?rest_route=%2Fwp%2Fv2%2Fmedia&parent=73864"}],"wp:term":[{"taxonomy":"category","embeddable":true,"href":"https:\/\/pmza.sk\/index.php?rest_route=%2Fwp%2Fv2%2Fcategories&post=73864"},{"taxonomy":"post_tag","embeddable":true,"href":"https:\/\/pmza.sk\/index.php?rest_route=%2Fwp%2Fv2%2Ftags&post=73864"}],"curies":[{"name":"wp","href":"https:\/\/api.w.org\/{rel}","templated":true}]}}