{"id":7389,"date":"2013-05-15T08:31:20","date_gmt":"2013-05-15T06:31:20","guid":{"rendered":"https:\/\/pmza.sk.sk\/?p=7389"},"modified":"2013-05-15T08:31:20","modified_gmt":"2013-05-15T06:31:20","slug":"areal-budatinskeho-hradu-opat-rozkvitne","status":"publish","type":"post","link":"https:\/\/pmza.sk\/?p=7389","title":{"rendered":"Are\u00e1l Budat\u00ednskeho hradu op\u00e4\u0165 rozkvitne"},"content":{"rendered":"<p><span style=\"font-size: 13px; line-height: 19px;\"><a href=\"https:\/\/pmza.sk\/wp-content\/uploads\/2013\/05\/Jarna-krasa-20122.jpg\"><img fetchpriority=\"high\" decoding=\"async\" class=\"alignleft size-medium wp-image-7393\" style=\"margin: 4px; border: 2px solid black;\" title=\"Jarn\u00e1 kr\u00e1sa 2012\" src=\"https:\/\/pmza.sk.sk\/wp-content\/uploads\/2013\/05\/Jarn\u00e1-kr\u00e1sa-20122-300x200.jpg\" alt=\"\" width=\"300\" height=\"200\" \/><\/a>Are\u00e1l Budat\u00ednskeho hradu u\u017e druh\u00fdkr\u00e1t rozkvitne pri pr\u00edle\u017eitosti v\u00fdstavy <strong>Jarn\u00e1 kr\u00e1sa<\/strong>. V\u00a0d\u0148och <\/span><strong style=\"font-size: 13px; line-height: 19px;\">17. a\u017e 19. m\u00e1ja 2013<\/strong><span style=\"font-size: 13px; line-height: 19px;\"> sa predstav\u00ed viac ako 20 vystavovate\u013eov byl\u00edn, drev\u00edn, bonsajov, kaktusov, tillandsi\u00ed a\u00a0m\u00e4so\u017erav\u00fdch rastl\u00edn. Verejnos\u0165 sa bude m\u00f4c\u0165 z\u00fa\u010dastni\u0165 tie\u017e odborn\u00fdch predn\u00e1\u0161ok na t\u00e9my aran\u017eovanie kvet\u00edn, budovanie skaliek, projektovanie z\u00e1hrad \u010di pestovanie balk\u00f3nov\u00fdch, okrasn\u00fdch a\u00a0m\u00e4so\u017erav\u00fdch rastl\u00edn a drev\u00edn. <!--more-->Predstaven\u00e9 bud\u00fa v\u010del\u00e1rske produkty \u010di z\u00e1hradn\u00e1 technika. Ka\u017ed\u00fd vystavovate\u013e je ochotn\u00fd vysvetli\u0165 a\u00a0konzultova\u0165 dan\u00fa problematiku. V nede\u013eu, 19. m\u00e1ja o\u00a014.00 hod. n\u00e1v\u0161tevu are\u00e1lu spestr\u00ed vyst\u00fapenie Divadla na Hojda\u010dke so spracovan\u00edm pr\u00edbehu Don Quijote. \u00a0<!--more--><span style=\"font-size: 13px; line-height: 19px;\"><span style=\"font-size: 13px; line-height: 19px;\">,,<\/span><em style=\"font-size: 13px; line-height: 19px;\">Sme radi, \u017ee m\u00f4\u017eeme zopakova\u0165 mimoriadne \u00faspe\u0161n\u00e9 podujatie, ktor\u00e9 minul\u00fd rok nav\u0161t\u00edvili stovky z\u00e1ujemcov.<\/em><span style=\"font-size: 13px; line-height: 19px;\"> <\/span><em style=\"font-size: 13px; line-height: 19px;\">Ke\u010f\u017ee tak\u00fdto druh v\u00fdstavy je e\u0161te st\u00e1le v\u00a0regi\u00f3ne<\/em><span style=\"font-size: 13px; line-height: 19px;\"> <\/span><em style=\"font-size: 13px; line-height: 19px;\">nie\u010d\u00edm v\u00fdnimo\u010dn\u00fdm, kvalita, ale aj pestros\u0165 rastl\u00edn a produktov, ktor\u00e9 bud\u00fa prezentovan\u00e9 bude jednozna\u010dne na vysokej \u00farovni,\u201c <\/em><span style=\"font-size: 13px; line-height: 19px;\">uviedla Darina Funt\u00edkov\u00e1, predsedky\u0148a OZ Mal\u00e1 Fatra a\u00a0organiz\u00e1torka v\u00fdstavy.<\/span><\/span><span style=\"font-size: 13px; line-height: 19px;\">Organiz\u00e1torom v\u00fdstavy a podujatia so zahrani\u010dnou \u00fa\u010das\u0165ou Jarn\u00e1 kr\u00e1sa v\u00a0d\u0148och 18. a\u017e 20. m\u00e1ja 2012 je OZ Mal\u00e1 Fatra, SO\u0160 po\u013enohospod\u00e1rstva a\u00a0slu\u017eieb na vidieku v\u00a0\u017diline, Mesto \u017dilina\u00a0 a\u00a0Pova\u017esk\u00e9 m\u00fazeum v\u00a0\u017diline v zria\u010fovate\u013eskej p\u00f4sobnosti \u017dilinsk\u00e9ho samospr\u00e1vneho kraja.<\/span><\/span><\/p>\n<p>&nbsp;<\/p>\n","protected":false},"excerpt":{"rendered":"<p>Are\u00e1l Budat\u00ednskeho hradu u\u017e druh\u00fdkr\u00e1t rozkvitne pri pr\u00edle\u017eitosti v\u00fdstavy Jarn\u00e1 kr\u00e1sa. V\u00a0d\u0148och 17. a\u017e 19. m\u00e1ja 2013 sa predstav\u00ed viac ako 20 vystavovate\u013eov byl\u00edn, drev\u00edn, bonsajov, kaktusov, tillandsi\u00ed a\u00a0m\u00e4so\u017erav\u00fdch rastl\u00edn. Verejnos\u0165 sa bude m\u00f4c\u0165 z\u00fa\u010dastni\u0165 tie\u017e odborn\u00fdch predn\u00e1\u0161ok na t\u00e9my aran\u017eovanie kvet\u00edn, budovanie skaliek, projektovanie z\u00e1hrad \u010di pestovanie balk\u00f3nov\u00fdch, okrasn\u00fdch a\u00a0m\u00e4so\u017erav\u00fdch rastl\u00edn a drev\u00edn.<\/p>\n","protected":false},"author":2,"featured_media":0,"comment_status":"closed","ping_status":"closed","sticky":false,"template":"","format":"standard","meta":{"site-sidebar-layout":"default","site-content-layout":"","ast-site-content-layout":"","site-content-style":"default","site-sidebar-style":"default","ast-global-header-display":"","ast-banner-title-visibility":"","ast-main-header-display":"","ast-hfb-above-header-display":"","ast-hfb-below-header-display":"","ast-hfb-mobile-header-display":"","site-post-title":"","ast-breadcrumbs-content":"","ast-featured-img":"","footer-sml-layout":"","theme-transparent-header-meta":"","adv-header-id-meta":"","stick-header-meta":"","header-above-stick-meta":"","header-main-stick-meta":"","header-below-stick-meta":"","astra-migrate-meta-layouts":"default","ast-page-background-enabled":"default","ast-page-background-meta":{"desktop":{"background-color":"var(--ast-global-color-4)","background-image":"","background-repeat":"repeat","background-position":"center center","background-size":"auto","background-attachment":"scroll","background-type":"","background-media":"","overlay-type":"","overlay-color":"","overlay-opacity":"","overlay-gradient":""},"tablet":{"background-color":"","background-image":"","background-repeat":"repeat","background-position":"center center","background-size":"auto","background-attachment":"scroll","background-type":"","background-media":"","overlay-type":"","overlay-color":"","overlay-opacity":"","overlay-gradient":""},"mobile":{"background-color":"","background-image":"","background-repeat":"repeat","background-position":"center center","background-size":"auto","background-attachment":"scroll","background-type":"","background-media":"","overlay-type":"","overlay-color":"","overlay-opacity":"","overlay-gradient":""}},"ast-content-background-meta":{"desktop":{"background-color":"var(--ast-global-color-5)","background-image":"","background-repeat":"repeat","background-position":"center center","background-size":"auto","background-attachment":"scroll","background-type":"","background-media":"","overlay-type":"","overlay-color":"","overlay-opacity":"","overlay-gradient":""},"tablet":{"background-color":"var(--ast-global-color-5)","background-image":"","background-repeat":"repeat","background-position":"center center","background-size":"auto","background-attachment":"scroll","background-type":"","background-media":"","overlay-type":"","overlay-color":"","overlay-opacity":"","overlay-gradient":""},"mobile":{"background-color":"var(--ast-global-color-5)","background-image":"","background-repeat":"repeat","background-position":"center center","background-size":"auto","background-attachment":"scroll","background-type":"","background-media":"","overlay-type":"","overlay-color":"","overlay-opacity":"","overlay-gradient":""}},"footnotes":""},"categories":[33],"tags":[],"class_list":["post-7389","post","type-post","status-publish","format-standard","hentry","category-archiv-2013"],"yoast_head":"<!-- This site is optimized with the Yoast SEO plugin v27.4 - https:\/\/yoast.com\/product\/yoast-seo-wordpress\/ -->\n<title>Are\u00e1l Budat\u00ednskeho hradu op\u00e4\u0165 rozkvitne - Pova\u017esk\u00e9 m\u00fazeum<\/title>\n<meta name=\"robots\" content=\"index, follow, max-snippet:-1, max-image-preview:large, max-video-preview:-1\" \/>\n<link rel=\"canonical\" href=\"https:\/\/pmza.sk\/?p=7389\" \/>\n<meta property=\"og:locale\" content=\"sk_SK\" \/>\n<meta property=\"og:type\" content=\"article\" \/>\n<meta property=\"og:title\" content=\"Are\u00e1l Budat\u00ednskeho hradu op\u00e4\u0165 rozkvitne - Pova\u017esk\u00e9 m\u00fazeum\" \/>\n<meta property=\"og:description\" content=\"Are\u00e1l Budat\u00ednskeho hradu u\u017e druh\u00fdkr\u00e1t rozkvitne pri pr\u00edle\u017eitosti v\u00fdstavy Jarn\u00e1 kr\u00e1sa. V\u00a0d\u0148och 17. a\u017e 19. m\u00e1ja 2013 sa predstav\u00ed viac ako 20 vystavovate\u013eov byl\u00edn, drev\u00edn, bonsajov, kaktusov, tillandsi\u00ed a\u00a0m\u00e4so\u017erav\u00fdch rastl\u00edn. Verejnos\u0165 sa bude m\u00f4c\u0165 z\u00fa\u010dastni\u0165 tie\u017e odborn\u00fdch predn\u00e1\u0161ok na t\u00e9my aran\u017eovanie kvet\u00edn, budovanie skaliek, projektovanie z\u00e1hrad \u010di pestovanie balk\u00f3nov\u00fdch, okrasn\u00fdch a\u00a0m\u00e4so\u017erav\u00fdch rastl\u00edn a drev\u00edn.\" \/>\n<meta property=\"og:url\" content=\"https:\/\/pmza.sk\/?p=7389\" \/>\n<meta property=\"og:site_name\" content=\"Pova\u017esk\u00e9 m\u00fazeum\" \/>\n<meta property=\"article:publisher\" content=\"https:\/\/www.facebook.com\/povazskemuzeum\" \/>\n<meta property=\"article:published_time\" content=\"2013-05-15T06:31:20+00:00\" \/>\n<meta name=\"author\" content=\"Pova\u017esk\u00e9 m\u00fazeum\" \/>\n<meta name=\"twitter:card\" content=\"summary_large_image\" \/>\n<meta name=\"twitter:label1\" content=\"Autor\" \/>\n\t<meta name=\"twitter:data1\" content=\"Pova\u017esk\u00e9 m\u00fazeum\" \/>\n\t<meta name=\"twitter:label2\" content=\"Predpokladan\u00fd \u010das \u010d\u00edtania\" \/>\n\t<meta name=\"twitter:data2\" content=\"1 min\u00fata\" \/>\n<script type=\"application\/ld+json\" class=\"yoast-schema-graph\">{\"@context\":\"https:\\\/\\\/schema.org\",\"@graph\":[{\"@type\":\"Article\",\"@id\":\"https:\\\/\\\/pmza.sk\\\/?p=7389#article\",\"isPartOf\":{\"@id\":\"https:\\\/\\\/pmza.sk\\\/?p=7389\"},\"author\":{\"name\":\"Pova\u017esk\u00e9 m\u00fazeum\",\"@id\":\"https:\\\/\\\/pmza.sk\\\/#\\\/schema\\\/person\\\/595e6a2ce731ea94dcd5d7f50a41ae33\"},\"headline\":\"Are\u00e1l Budat\u00ednskeho hradu op\u00e4\u0165 rozkvitne\",\"datePublished\":\"2013-05-15T06:31:20+00:00\",\"mainEntityOfPage\":{\"@id\":\"https:\\\/\\\/pmza.sk\\\/?p=7389\"},\"wordCount\":266,\"publisher\":{\"@id\":\"https:\\\/\\\/pmza.sk\\\/#organization\"},\"articleSection\":[\"Arch\u00edv 2013\"],\"inLanguage\":\"sk-SK\"},{\"@type\":\"WebPage\",\"@id\":\"https:\\\/\\\/pmza.sk\\\/?p=7389\",\"url\":\"https:\\\/\\\/pmza.sk\\\/?p=7389\",\"name\":\"Are\u00e1l Budat\u00ednskeho hradu op\u00e4\u0165 rozkvitne - Pova\u017esk\u00e9 m\u00fazeum\",\"isPartOf\":{\"@id\":\"https:\\\/\\\/pmza.sk\\\/#website\"},\"datePublished\":\"2013-05-15T06:31:20+00:00\",\"breadcrumb\":{\"@id\":\"https:\\\/\\\/pmza.sk\\\/?p=7389#breadcrumb\"},\"inLanguage\":\"sk-SK\",\"potentialAction\":[{\"@type\":\"ReadAction\",\"target\":[\"https:\\\/\\\/pmza.sk\\\/?p=7389\"]}]},{\"@type\":\"BreadcrumbList\",\"@id\":\"https:\\\/\\\/pmza.sk\\\/?p=7389#breadcrumb\",\"itemListElement\":[{\"@type\":\"ListItem\",\"position\":1,\"name\":\"Domovsk\u00e1 str\u00e1nka\",\"item\":\"https:\\\/\\\/pmza.sk\\\/\"},{\"@type\":\"ListItem\",\"position\":2,\"name\":\"Are\u00e1l Budat\u00ednskeho hradu op\u00e4\u0165 rozkvitne\"}]},{\"@type\":\"WebSite\",\"@id\":\"https:\\\/\\\/pmza.sk\\\/#website\",\"url\":\"https:\\\/\\\/pmza.sk\\\/\",\"name\":\"Pova\u017esk\u00e9 m\u00fazeum\",\"description\":\"Pova\u017esk\u00e9 m\u00fazeum v \u017diline je region\u00e1lne m\u00fazeum so s\u00eddlom v Budat\u00edne. Jeho expoz\u00edcie s\u00fa zameran\u00e9 na dejiny slovensk\u00e9ho umenia, kult\u00fary a dopravy.\",\"publisher\":{\"@id\":\"https:\\\/\\\/pmza.sk\\\/#organization\"},\"potentialAction\":[{\"@type\":\"SearchAction\",\"target\":{\"@type\":\"EntryPoint\",\"urlTemplate\":\"https:\\\/\\\/pmza.sk\\\/?s={search_term_string}\"},\"query-input\":{\"@type\":\"PropertyValueSpecification\",\"valueRequired\":true,\"valueName\":\"search_term_string\"}}],\"inLanguage\":\"sk-SK\"},{\"@type\":\"Organization\",\"@id\":\"https:\\\/\\\/pmza.sk\\\/#organization\",\"name\":\"Pova\u017esk\u00e9 m\u00fazeum\",\"url\":\"https:\\\/\\\/pmza.sk\\\/\",\"logo\":{\"@type\":\"ImageObject\",\"inLanguage\":\"sk-SK\",\"@id\":\"https:\\\/\\\/pmza.sk\\\/#\\\/schema\\\/logo\\\/image\\\/\",\"url\":\"https:\\\/\\\/pmza.sk\\\/wp-content\\\/uploads\\\/2022\\\/01\\\/logo_PM_horizontal.jpg\",\"contentUrl\":\"https:\\\/\\\/pmza.sk\\\/wp-content\\\/uploads\\\/2022\\\/01\\\/logo_PM_horizontal.jpg\",\"width\":231,\"height\":142,\"caption\":\"Pova\u017esk\u00e9 m\u00fazeum\"},\"image\":{\"@id\":\"https:\\\/\\\/pmza.sk\\\/#\\\/schema\\\/logo\\\/image\\\/\"},\"sameAs\":[\"https:\\\/\\\/www.facebook.com\\\/povazskemuzeum\",\"https:\\\/\\\/www.instagram.com\\\/povazskemuzeum\\\/\"]},{\"@type\":\"Person\",\"@id\":\"https:\\\/\\\/pmza.sk\\\/#\\\/schema\\\/person\\\/595e6a2ce731ea94dcd5d7f50a41ae33\",\"name\":\"Pova\u017esk\u00e9 m\u00fazeum\",\"image\":{\"@type\":\"ImageObject\",\"inLanguage\":\"sk-SK\",\"@id\":\"https:\\\/\\\/secure.gravatar.com\\\/avatar\\\/2bb7f1561282132fb5826dfeccc66c7996d11ee392ac6aaf7ced8a1c2027fbb2?s=96&d=mm&r=g\",\"url\":\"https:\\\/\\\/secure.gravatar.com\\\/avatar\\\/2bb7f1561282132fb5826dfeccc66c7996d11ee392ac6aaf7ced8a1c2027fbb2?s=96&d=mm&r=g\",\"contentUrl\":\"https:\\\/\\\/secure.gravatar.com\\\/avatar\\\/2bb7f1561282132fb5826dfeccc66c7996d11ee392ac6aaf7ced8a1c2027fbb2?s=96&d=mm&r=g\",\"caption\":\"Pova\u017esk\u00e9 m\u00fazeum\"}}]}<\/script>\n<!-- \/ Yoast SEO plugin. -->","yoast_head_json":{"title":"Are\u00e1l Budat\u00ednskeho hradu op\u00e4\u0165 rozkvitne - Pova\u017esk\u00e9 m\u00fazeum","robots":{"index":"index","follow":"follow","max-snippet":"max-snippet:-1","max-image-preview":"max-image-preview:large","max-video-preview":"max-video-preview:-1"},"canonical":"https:\/\/pmza.sk\/?p=7389","og_locale":"sk_SK","og_type":"article","og_title":"Are\u00e1l Budat\u00ednskeho hradu op\u00e4\u0165 rozkvitne - Pova\u017esk\u00e9 m\u00fazeum","og_description":"Are\u00e1l Budat\u00ednskeho hradu u\u017e druh\u00fdkr\u00e1t rozkvitne pri pr\u00edle\u017eitosti v\u00fdstavy Jarn\u00e1 kr\u00e1sa. V\u00a0d\u0148och 17. a\u017e 19. m\u00e1ja 2013 sa predstav\u00ed viac ako 20 vystavovate\u013eov byl\u00edn, drev\u00edn, bonsajov, kaktusov, tillandsi\u00ed a\u00a0m\u00e4so\u017erav\u00fdch rastl\u00edn. Verejnos\u0165 sa bude m\u00f4c\u0165 z\u00fa\u010dastni\u0165 tie\u017e odborn\u00fdch predn\u00e1\u0161ok na t\u00e9my aran\u017eovanie kvet\u00edn, budovanie skaliek, projektovanie z\u00e1hrad \u010di pestovanie balk\u00f3nov\u00fdch, okrasn\u00fdch a\u00a0m\u00e4so\u017erav\u00fdch rastl\u00edn a drev\u00edn.","og_url":"https:\/\/pmza.sk\/?p=7389","og_site_name":"Pova\u017esk\u00e9 m\u00fazeum","article_publisher":"https:\/\/www.facebook.com\/povazskemuzeum","article_published_time":"2013-05-15T06:31:20+00:00","author":"Pova\u017esk\u00e9 m\u00fazeum","twitter_card":"summary_large_image","twitter_misc":{"Autor":"Pova\u017esk\u00e9 m\u00fazeum","Predpokladan\u00fd \u010das \u010d\u00edtania":"1 min\u00fata"},"schema":{"@context":"https:\/\/schema.org","@graph":[{"@type":"Article","@id":"https:\/\/pmza.sk\/?p=7389#article","isPartOf":{"@id":"https:\/\/pmza.sk\/?p=7389"},"author":{"name":"Pova\u017esk\u00e9 m\u00fazeum","@id":"https:\/\/pmza.sk\/#\/schema\/person\/595e6a2ce731ea94dcd5d7f50a41ae33"},"headline":"Are\u00e1l Budat\u00ednskeho hradu op\u00e4\u0165 rozkvitne","datePublished":"2013-05-15T06:31:20+00:00","mainEntityOfPage":{"@id":"https:\/\/pmza.sk\/?p=7389"},"wordCount":266,"publisher":{"@id":"https:\/\/pmza.sk\/#organization"},"articleSection":["Arch\u00edv 2013"],"inLanguage":"sk-SK"},{"@type":"WebPage","@id":"https:\/\/pmza.sk\/?p=7389","url":"https:\/\/pmza.sk\/?p=7389","name":"Are\u00e1l Budat\u00ednskeho hradu op\u00e4\u0165 rozkvitne - Pova\u017esk\u00e9 m\u00fazeum","isPartOf":{"@id":"https:\/\/pmza.sk\/#website"},"datePublished":"2013-05-15T06:31:20+00:00","breadcrumb":{"@id":"https:\/\/pmza.sk\/?p=7389#breadcrumb"},"inLanguage":"sk-SK","potentialAction":[{"@type":"ReadAction","target":["https:\/\/pmza.sk\/?p=7389"]}]},{"@type":"BreadcrumbList","@id":"https:\/\/pmza.sk\/?p=7389#breadcrumb","itemListElement":[{"@type":"ListItem","position":1,"name":"Domovsk\u00e1 str\u00e1nka","item":"https:\/\/pmza.sk\/"},{"@type":"ListItem","position":2,"name":"Are\u00e1l Budat\u00ednskeho hradu op\u00e4\u0165 rozkvitne"}]},{"@type":"WebSite","@id":"https:\/\/pmza.sk\/#website","url":"https:\/\/pmza.sk\/","name":"Pova\u017esk\u00e9 m\u00fazeum","description":"Pova\u017esk\u00e9 m\u00fazeum v \u017diline je region\u00e1lne m\u00fazeum so s\u00eddlom v Budat\u00edne. Jeho expoz\u00edcie s\u00fa zameran\u00e9 na dejiny slovensk\u00e9ho umenia, kult\u00fary a dopravy.","publisher":{"@id":"https:\/\/pmza.sk\/#organization"},"potentialAction":[{"@type":"SearchAction","target":{"@type":"EntryPoint","urlTemplate":"https:\/\/pmza.sk\/?s={search_term_string}"},"query-input":{"@type":"PropertyValueSpecification","valueRequired":true,"valueName":"search_term_string"}}],"inLanguage":"sk-SK"},{"@type":"Organization","@id":"https:\/\/pmza.sk\/#organization","name":"Pova\u017esk\u00e9 m\u00fazeum","url":"https:\/\/pmza.sk\/","logo":{"@type":"ImageObject","inLanguage":"sk-SK","@id":"https:\/\/pmza.sk\/#\/schema\/logo\/image\/","url":"https:\/\/pmza.sk\/wp-content\/uploads\/2022\/01\/logo_PM_horizontal.jpg","contentUrl":"https:\/\/pmza.sk\/wp-content\/uploads\/2022\/01\/logo_PM_horizontal.jpg","width":231,"height":142,"caption":"Pova\u017esk\u00e9 m\u00fazeum"},"image":{"@id":"https:\/\/pmza.sk\/#\/schema\/logo\/image\/"},"sameAs":["https:\/\/www.facebook.com\/povazskemuzeum","https:\/\/www.instagram.com\/povazskemuzeum\/"]},{"@type":"Person","@id":"https:\/\/pmza.sk\/#\/schema\/person\/595e6a2ce731ea94dcd5d7f50a41ae33","name":"Pova\u017esk\u00e9 m\u00fazeum","image":{"@type":"ImageObject","inLanguage":"sk-SK","@id":"https:\/\/secure.gravatar.com\/avatar\/2bb7f1561282132fb5826dfeccc66c7996d11ee392ac6aaf7ced8a1c2027fbb2?s=96&d=mm&r=g","url":"https:\/\/secure.gravatar.com\/avatar\/2bb7f1561282132fb5826dfeccc66c7996d11ee392ac6aaf7ced8a1c2027fbb2?s=96&d=mm&r=g","contentUrl":"https:\/\/secure.gravatar.com\/avatar\/2bb7f1561282132fb5826dfeccc66c7996d11ee392ac6aaf7ced8a1c2027fbb2?s=96&d=mm&r=g","caption":"Pova\u017esk\u00e9 m\u00fazeum"}}]}},"_links":{"self":[{"href":"https:\/\/pmza.sk\/index.php?rest_route=\/wp\/v2\/posts\/7389","targetHints":{"allow":["GET"]}}],"collection":[{"href":"https:\/\/pmza.sk\/index.php?rest_route=\/wp\/v2\/posts"}],"about":[{"href":"https:\/\/pmza.sk\/index.php?rest_route=\/wp\/v2\/types\/post"}],"author":[{"embeddable":true,"href":"https:\/\/pmza.sk\/index.php?rest_route=\/wp\/v2\/users\/2"}],"replies":[{"embeddable":true,"href":"https:\/\/pmza.sk\/index.php?rest_route=%2Fwp%2Fv2%2Fcomments&post=7389"}],"version-history":[{"count":0,"href":"https:\/\/pmza.sk\/index.php?rest_route=\/wp\/v2\/posts\/7389\/revisions"}],"wp:attachment":[{"href":"https:\/\/pmza.sk\/index.php?rest_route=%2Fwp%2Fv2%2Fmedia&parent=7389"}],"wp:term":[{"taxonomy":"category","embeddable":true,"href":"https:\/\/pmza.sk\/index.php?rest_route=%2Fwp%2Fv2%2Fcategories&post=7389"},{"taxonomy":"post_tag","embeddable":true,"href":"https:\/\/pmza.sk\/index.php?rest_route=%2Fwp%2Fv2%2Ftags&post=7389"}],"curies":[{"name":"wp","href":"https:\/\/api.w.org\/{rel}","templated":true}]}}