{"id":73974,"date":"2026-01-13T13:15:22","date_gmt":"2026-01-13T12:15:22","guid":{"rendered":"https:\/\/pmza.sk\/?p=73974"},"modified":"2026-04-15T11:09:22","modified_gmt":"2026-04-15T09:09:22","slug":"uspesna-sezona-na-hrade-strecno-2","status":"publish","type":"post","link":"https:\/\/pmza.sk\/?p=73974","title":{"rendered":"\u00daspe\u0161n\u00e1 sez\u00f3na na hrade Stre\u010dno"},"content":{"rendered":"<p>Sez\u00f3na na hrade Stre\u010dno v\u00a0roku 2025 skon\u010dila \u00faspe\u0161ne. Na hrad zav\u00edtalo 47 169 n\u00e1v\u0161tevn\u00edkov, \u010do predstavuje n\u00e1rast o takmer 4 000 os\u00f4b v porovnan\u00ed s predch\u00e1dzaj\u00facim rokom. Prv\u00ed z\u00e1ujemcovia mohli hrad nav\u0161t\u00edvi\u0165 u\u017e 29. marca. Hrad bol verejnosti pr\u00edstupn\u00fd denne a\u017e do konca okt\u00f3bra, v novembri bol otvoren\u00fd po\u010das v\u00edkendov. Sez\u00f3na skon\u010dila 16. novembra z d\u00f4vodu nepriazniv\u00fdch poveternostn\u00fdch podmienok.<\/p>\n<p>Okrem klasick\u00fdch sprev\u00e1dzan\u00fdch prehliadok, pripravilo m\u00fazeum aj pestr\u00fa ponuku tematick\u00fdch podujat\u00ed pre verejnos\u0165. Najvy\u0161\u0161iu n\u00e1v\u0161tevnos\u0165 malo podujatie De\u0148 det\u00ed, po\u010das ktor\u00e9ho sa najmen\u0161\u00ed n\u00e1v\u0161tevn\u00edci vydali na cestu zakliatym hradom, aby pomohli vyslobodi\u0165 princezn\u00fa. Z\u00e1ujmu sa te\u0161ili aj letn\u00e9 no\u010dn\u00e9 prehliadky, ktor\u00e9 spracov\u00e1vali t\u00e9mu s\u00fadnych procesov so \u017eenami a\u00a0z\u00fa\u010dastnen\u00fdch preniesli do krut\u00fdch rokov stredoveku.<\/p>\n<p>Najzn\u00e1mej\u0161ej obyvate\u013eke hradu \u017dofii Bosniakovej boli venovan\u00e9 dve podujatia \u2013 So \u017dofiou na hrade a\u00a0Hradn\u00e9 hry, ktor\u00e9 sa niesli v\u00a0znamen\u00ed narodeninovej oslavy hradnej panej a n\u00e1v\u0161tevn\u00edkom pon\u00fakli poh\u013ead na jej \u017eivot a dobu.<\/p>\n<p>V auguste sa uskuto\u010dnil druh\u00fd ro\u010dn\u00edk podujatia Divadlo na hrade, ktor\u00e9 predstavuje unik\u00e1tny projekt divadeln\u00e9ho predstavenia v\u00a0priestoroch hradu. V podan\u00ed \u0161tudentov Vysokej \u0161koly m\u00fazick\u00fdch umen\u00ed boli n\u00e1v\u0161tevn\u00edkom pribl\u00ed\u017een\u00e9 kom\u00e9die franc\u00fazskeho dramatika J. B. Moli\u00e8ra. Podujatie Cestovanie v \u010dase sa u\u017e tradi\u010dne venovalo dobovej gastron\u00f3mii naprie\u010d storo\u010diami.<\/p>\n<p>Z\u00e1vere\u010dn\u00fdm podujat\u00edm sez\u00f3ny bolo D\u00eda de los Muertos, ktor\u00e9 predstavilo sp\u00f4sob osl\u00e1v sviatku zosnul\u00fdch v Mexiku. N\u00e1v\u0161tevn\u00edci mali mo\u017enos\u0165 spozna\u0165 in\u00fa kult\u00faru a z\u00e1rove\u0148 nahliadnu\u0165 do hist\u00f3rie a symboliky tohto sviatku.<\/p>\n<p>Po minuloro\u010dnej prest\u00e1vke sa do ponuky vr\u00e1til ob\u013e\u00faben\u00fd vzdel\u00e1vac\u00ed program pre \u0161kolsk\u00e9 skupiny Hradn\u00e1 \u0161kola. Neoddelite\u013enou s\u00fa\u010das\u0165ou sez\u00f3ny boli aj v\u00fdstavy v priestoroch severn\u00e9ho pal\u00e1ca. Od j\u00fana do septembra mohli n\u00e1v\u0161tevn\u00edci vidie\u0165 v\u00fdber z\u00a0tvorby v\u00fdtvarn\u00edka Mariana Miklo\u0161a. Za\u010diatkom okt\u00f3bra ju vystriedala v\u00fdstava Masky Mexika, ktor\u00e1 tematicky dop\u013a\u0148ala atmosf\u00e9ru podujatia D\u00eda de los Muertos. Tohtoro\u010dn\u00e1 sez\u00f3na mala e\u0161te jednu zauj\u00edmavos\u0165. Koncom augusta sme na hrade priv\u00edtali n\u00e1v\u0161tevn\u00ed\u010dku s\u00a0\u010d\u00edslom 1\u00a0500\u00a0000.<\/p>\n<p><em>\u201eTe\u0161\u00ed n\u00e1s zv\u00fd\u0161en\u00fd z\u00e1ujem o\u00a0n\u00e1\u0161 hrad a\u00a0vedomie, \u017ee n\u00e1v\u0161tevn\u00edci dok\u00e1\u017eu na\u0161u pr\u00e1cu oceni\u0165. Do ka\u017ed\u00e9ho podujatia vklad\u00e1 cel\u00fd kolekt\u00edv ve\u013ea energie. Lektori, ktor\u00ed v\u00e1s sprev\u00e1dzaj\u00fa po\u010das be\u017en\u00fdch prehliadok, sa akt\u00edvne podie\u013eaj\u00fa na realiz\u00e1cii podujat\u00ed, preto\u017ee hrad dobre poznaj\u00fa a\u00a0z\u00e1le\u017e\u00ed im na kvalite z\u00e1\u017eitku ka\u017ed\u00e9ho n\u00e1v\u0161tevn\u00edka,\u201c<\/em> povedala spr\u00e1vky\u0148a hradu Stre\u010dno Katar\u00edna Rep\u00e1\u0148ov\u00e1.<\/p>\n<p>Hrad Stre\u010dno bude op\u00e4\u0165 otvoren\u00fd na jar v\u00a0roku 2026.<\/p>\n<div class=\"wp-block-image\"><img fetchpriority=\"high\" decoding=\"async\" class=\"wpa-warning wpa-image-missing-alt alignnone size-medium wp-image-73984\" src=\"https:\/\/pmza.sk\/wp-content\/uploads\/2026\/01\/Sezona-na-hrade-Strecno_2-540x360.jpg\" alt=\"\" width=\"540\" height=\"360\" data-warning=\"Missing alt text\" srcset=\"https:\/\/pmza.sk\/wp-content\/uploads\/2026\/01\/Sezona-na-hrade-Strecno_2-540x360.jpg 540w, https:\/\/pmza.sk\/wp-content\/uploads\/2026\/01\/Sezona-na-hrade-Strecno_2-1104x736.jpg 1104w, https:\/\/pmza.sk\/wp-content\/uploads\/2026\/01\/Sezona-na-hrade-Strecno_2-768x512.jpg 768w, https:\/\/pmza.sk\/wp-content\/uploads\/2026\/01\/Sezona-na-hrade-Strecno_2-1536x1024.jpg 1536w, https:\/\/pmza.sk\/wp-content\/uploads\/2026\/01\/Sezona-na-hrade-Strecno_2-600x400.jpg 600w, https:\/\/pmza.sk\/wp-content\/uploads\/2026\/01\/Sezona-na-hrade-Strecno_2.jpg 1950w\" sizes=\"(max-width: 540px) 100vw, 540px\" \/><\/div>\n<div>Sez\u00f3na na hrade Stre\u010dno<\/div>\n<div><\/div>\n<div>\n<div class=\"wp-block-image\"><img decoding=\"async\" class=\"wpa-warning wpa-image-missing-alt alignnone size-medium wp-image-73977\" src=\"https:\/\/pmza.sk\/wp-content\/uploads\/2026\/01\/Den-deti-540x360.jpg\" alt=\"\" width=\"540\" height=\"360\" data-warning=\"Missing alt text\" srcset=\"https:\/\/pmza.sk\/wp-content\/uploads\/2026\/01\/Den-deti-540x360.jpg 540w, https:\/\/pmza.sk\/wp-content\/uploads\/2026\/01\/Den-deti-1104x736.jpg 1104w, https:\/\/pmza.sk\/wp-content\/uploads\/2026\/01\/Den-deti-768x512.jpg 768w, https:\/\/pmza.sk\/wp-content\/uploads\/2026\/01\/Den-deti-600x400.jpg 600w, https:\/\/pmza.sk\/wp-content\/uploads\/2026\/01\/Den-deti.jpg 1300w\" sizes=\"(max-width: 540px) 100vw, 540px\" \/><\/div>\n<div>Podujatie De\u0148 det\u00ed malo najvy\u0161\u0161iu n\u00e1v\u0161tevnos\u0165.<\/div>\n<div><\/div>\n<div>\n<div class=\"wp-block-image\"><img decoding=\"async\" class=\"wpa-warning wpa-image-missing-alt alignnone size-medium wp-image-73982\" src=\"https:\/\/pmza.sk\/wp-content\/uploads\/2026\/01\/Nocna-prehliadka-540x360.jpg\" alt=\"\" width=\"540\" height=\"360\" data-warning=\"Missing alt text\" srcset=\"https:\/\/pmza.sk\/wp-content\/uploads\/2026\/01\/Nocna-prehliadka-540x360.jpg 540w, https:\/\/pmza.sk\/wp-content\/uploads\/2026\/01\/Nocna-prehliadka-1104x736.jpg 1104w, https:\/\/pmza.sk\/wp-content\/uploads\/2026\/01\/Nocna-prehliadka-768x512.jpg 768w, https:\/\/pmza.sk\/wp-content\/uploads\/2026\/01\/Nocna-prehliadka-1536x1024.jpg 1536w, https:\/\/pmza.sk\/wp-content\/uploads\/2026\/01\/Nocna-prehliadka-600x400.jpg 600w, https:\/\/pmza.sk\/wp-content\/uploads\/2026\/01\/Nocna-prehliadka.jpg 1920w\" sizes=\"(max-width: 540px) 100vw, 540px\" \/><\/div>\n<\/div>\n<\/div>\n<p>Ob\u013e\u00faben\u00e9 letn\u00e9 no\u010dn\u00e9 prehliadky<\/p>\n<div class=\"wp-block-image\"><img loading=\"lazy\" decoding=\"async\" class=\"wpa-warning wpa-image-missing-alt alignnone size-medium wp-image-73980\" src=\"https:\/\/pmza.sk\/wp-content\/uploads\/2026\/01\/Hradne-hry-240x360.jpg\" alt=\"\" width=\"240\" height=\"360\" data-warning=\"Missing alt text\" srcset=\"https:\/\/pmza.sk\/wp-content\/uploads\/2026\/01\/Hradne-hry-240x360.jpg 240w, https:\/\/pmza.sk\/wp-content\/uploads\/2026\/01\/Hradne-hry-491x736.jpg 491w, https:\/\/pmza.sk\/wp-content\/uploads\/2026\/01\/Hradne-hry-768x1152.jpg 768w, https:\/\/pmza.sk\/wp-content\/uploads\/2026\/01\/Hradne-hry-1024x1536.jpg 1024w, https:\/\/pmza.sk\/wp-content\/uploads\/2026\/01\/Hradne-hry-600x900.jpg 600w, https:\/\/pmza.sk\/wp-content\/uploads\/2026\/01\/Hradne-hry.jpg 1280w\" sizes=\"(max-width: 240px) 100vw, 240px\" \/><\/div>\n<div>Hradn\u00e9 hry \u017dofie Bosniakovej pripomenuli najzn\u00e1mej\u0161iu obyvate\u013eku hradu.<\/div>\n<div><\/div>\n<div>\n<div class=\"wp-block-image\"><img loading=\"lazy\" decoding=\"async\" class=\"wpa-warning wpa-image-missing-alt alignnone size-medium wp-image-73979\" src=\"https:\/\/pmza.sk\/wp-content\/uploads\/2026\/01\/Divadlo-na-hrade-540x360.jpg\" alt=\"\" width=\"540\" height=\"360\" data-warning=\"Missing alt text\" srcset=\"https:\/\/pmza.sk\/wp-content\/uploads\/2026\/01\/Divadlo-na-hrade-540x360.jpg 540w, https:\/\/pmza.sk\/wp-content\/uploads\/2026\/01\/Divadlo-na-hrade-1103x736.jpg 1103w, https:\/\/pmza.sk\/wp-content\/uploads\/2026\/01\/Divadlo-na-hrade-768x512.jpg 768w, https:\/\/pmza.sk\/wp-content\/uploads\/2026\/01\/Divadlo-na-hrade-1536x1025.jpg 1536w, https:\/\/pmza.sk\/wp-content\/uploads\/2026\/01\/Divadlo-na-hrade-600x400.jpg 600w, https:\/\/pmza.sk\/wp-content\/uploads\/2026\/01\/Divadlo-na-hrade.jpg 2000w\" sizes=\"(max-width: 540px) 100vw, 540px\" \/><\/div>\n<div>Druh\u00fd ro\u010dn\u00edk podujatia Divadlo na hrade<\/div>\n<div><\/div>\n<div>\n<div class=\"wp-block-image\"><img loading=\"lazy\" decoding=\"async\" class=\"wpa-warning wpa-image-missing-alt alignnone size-medium wp-image-73975\" src=\"https:\/\/pmza.sk\/wp-content\/uploads\/2026\/01\/1-500-000.-navstevnicka-540x360.jpg\" alt=\"\" width=\"540\" height=\"360\" data-warning=\"Missing alt text\" srcset=\"https:\/\/pmza.sk\/wp-content\/uploads\/2026\/01\/1-500-000.-navstevnicka-540x360.jpg 540w, https:\/\/pmza.sk\/wp-content\/uploads\/2026\/01\/1-500-000.-navstevnicka-1104x736.jpg 1104w, https:\/\/pmza.sk\/wp-content\/uploads\/2026\/01\/1-500-000.-navstevnicka-768x512.jpg 768w, https:\/\/pmza.sk\/wp-content\/uploads\/2026\/01\/1-500-000.-navstevnicka-1536x1024.jpg 1536w, https:\/\/pmza.sk\/wp-content\/uploads\/2026\/01\/1-500-000.-navstevnicka-600x400.jpg 600w, https:\/\/pmza.sk\/wp-content\/uploads\/2026\/01\/1-500-000.-navstevnicka.jpg 1950w\" sizes=\"(max-width: 540px) 100vw, 540px\" \/><\/div>\n<div>N\u00e1v\u0161tevn\u00ed\u010dka \u010d\u00edslo 1 500 000<\/div>\n<div><\/div>\n<div>\n<div class=\"wp-block-image\"><img loading=\"lazy\" decoding=\"async\" class=\"wpa-warning wpa-image-missing-alt alignnone size-medium wp-image-73978\" src=\"https:\/\/pmza.sk\/wp-content\/uploads\/2026\/01\/Dia-de-los-muertos-540x360.jpg\" alt=\"\" width=\"540\" height=\"360\" data-warning=\"Missing alt text\" srcset=\"https:\/\/pmza.sk\/wp-content\/uploads\/2026\/01\/Dia-de-los-muertos-540x360.jpg 540w, https:\/\/pmza.sk\/wp-content\/uploads\/2026\/01\/Dia-de-los-muertos-1104x736.jpg 1104w, https:\/\/pmza.sk\/wp-content\/uploads\/2026\/01\/Dia-de-los-muertos-768x512.jpg 768w, https:\/\/pmza.sk\/wp-content\/uploads\/2026\/01\/Dia-de-los-muertos-1536x1024.jpg 1536w, https:\/\/pmza.sk\/wp-content\/uploads\/2026\/01\/Dia-de-los-muertos-600x400.jpg 600w, https:\/\/pmza.sk\/wp-content\/uploads\/2026\/01\/Dia-de-los-muertos.jpg 1920w\" sizes=\"(max-width: 540px) 100vw, 540px\" \/><\/div>\n<div>Podujatie Di\u00e1 de los muertos ukon\u010dilo sez\u00f3nu.<\/div>\n<div>\n<div class=\"wp-block-image\"><img loading=\"lazy\" decoding=\"async\" class=\"wpa-warning wpa-image-missing-alt alignnone size-medium wp-image-73985\" src=\"https:\/\/pmza.sk\/wp-content\/uploads\/2026\/01\/DSC_4545-540x360.jpg\" alt=\"\" width=\"540\" height=\"360\" data-warning=\"Missing alt text\" srcset=\"https:\/\/pmza.sk\/wp-content\/uploads\/2026\/01\/DSC_4545-540x360.jpg 540w, https:\/\/pmza.sk\/wp-content\/uploads\/2026\/01\/DSC_4545-1104x736.jpg 1104w, https:\/\/pmza.sk\/wp-content\/uploads\/2026\/01\/DSC_4545-768x512.jpg 768w, https:\/\/pmza.sk\/wp-content\/uploads\/2026\/01\/DSC_4545-1536x1024.jpg 1536w, https:\/\/pmza.sk\/wp-content\/uploads\/2026\/01\/DSC_4545-600x400.jpg 600w, https:\/\/pmza.sk\/wp-content\/uploads\/2026\/01\/DSC_4545.jpg 1920w\" sizes=\"(max-width: 540px) 100vw, 540px\" \/><\/div>\n<div>Kolekt\u00edv zamestnancov a lektorov na poslednom podujat\u00ed sez\u00f3ny.<\/div>\n<\/div>\n<\/div>\n<\/div>\n<\/div>\n","protected":false},"excerpt":{"rendered":"<p>Sez\u00f3na na hrade Stre\u010dno v\u00a0roku 2025 skon\u010dila \u00faspe\u0161ne. Na hrad zav\u00edtalo 47 169 n\u00e1v\u0161tevn\u00edkov, \u010do predstavuje n\u00e1rast o takmer 4 000 os\u00f4b v porovnan\u00ed s predch\u00e1dzaj\u00facim rokom. Prv\u00ed z\u00e1ujemcovia mohli hrad nav\u0161t\u00edvi\u0165 u\u017e 29. marca. Hrad bol verejnosti pr\u00edstupn\u00fd denne a\u017e do konca okt\u00f3bra, v novembri bol otvoren\u00fd po\u010das v\u00edkendov. Sez\u00f3na skon\u010dila 16. novembra z [&hellip;]<\/p>\n","protected":false},"author":2,"featured_media":73983,"comment_status":"closed","ping_status":"closed","sticky":false,"template":"","format":"standard","meta":{"site-sidebar-layout":"default","site-content-layout":"","ast-site-content-layout":"default","site-content-style":"default","site-sidebar-style":"default","ast-global-header-display":"","ast-banner-title-visibility":"","ast-main-header-display":"","ast-hfb-above-header-display":"","ast-hfb-below-header-display":"","ast-hfb-mobile-header-display":"","site-post-title":"","ast-breadcrumbs-content":"","ast-featured-img":"","footer-sml-layout":"","theme-transparent-header-meta":"default","adv-header-id-meta":"","stick-header-meta":"default","header-above-stick-meta":"","header-main-stick-meta":"","header-below-stick-meta":"","astra-migrate-meta-layouts":"set","ast-page-background-enabled":"default","ast-page-background-meta":{"desktop":{"background-color":"var(--ast-global-color-4)","background-image":"","background-repeat":"repeat","background-position":"center center","background-size":"auto","background-attachment":"scroll","background-type":"","background-media":"","overlay-type":"","overlay-color":"","overlay-opacity":"","overlay-gradient":""},"tablet":{"background-color":"","background-image":"","background-repeat":"repeat","background-position":"center center","background-size":"auto","background-attachment":"scroll","background-type":"","background-media":"","overlay-type":"","overlay-color":"","overlay-opacity":"","overlay-gradient":""},"mobile":{"background-color":"","background-image":"","background-repeat":"repeat","background-position":"center center","background-size":"auto","background-attachment":"scroll","background-type":"","background-media":"","overlay-type":"","overlay-color":"","overlay-opacity":"","overlay-gradient":""}},"ast-content-background-meta":{"desktop":{"background-color":"var(--ast-global-color-5)","background-image":"","background-repeat":"repeat","background-position":"center center","background-size":"auto","background-attachment":"scroll","background-type":"","background-media":"","overlay-type":"","overlay-color":"","overlay-opacity":"","overlay-gradient":""},"tablet":{"background-color":"var(--ast-global-color-5)","background-image":"","background-repeat":"repeat","background-position":"center center","background-size":"auto","background-attachment":"scroll","background-type":"","background-media":"","overlay-type":"","overlay-color":"","overlay-opacity":"","overlay-gradient":""},"mobile":{"background-color":"var(--ast-global-color-5)","background-image":"","background-repeat":"repeat","background-position":"center center","background-size":"auto","background-attachment":"scroll","background-type":"","background-media":"","overlay-type":"","overlay-color":"","overlay-opacity":"","overlay-gradient":""}},"footnotes":""},"categories":[31],"tags":[],"class_list":["post-73974","post","type-post","status-publish","format-standard","has-post-thumbnail","hentry","category-aktuality"],"yoast_head":"<!-- This site is optimized with the Yoast SEO plugin v27.4 - https:\/\/yoast.com\/product\/yoast-seo-wordpress\/ -->\n<title>\u00daspe\u0161n\u00e1 sez\u00f3na na hrade Stre\u010dno - Pova\u017esk\u00e9 m\u00fazeum<\/title>\n<meta name=\"robots\" content=\"index, follow, max-snippet:-1, max-image-preview:large, max-video-preview:-1\" \/>\n<link rel=\"canonical\" href=\"https:\/\/pmza.sk\/?p=73974\" \/>\n<meta property=\"og:locale\" content=\"sk_SK\" \/>\n<meta property=\"og:type\" content=\"article\" \/>\n<meta property=\"og:title\" content=\"\u00daspe\u0161n\u00e1 sez\u00f3na na hrade Stre\u010dno - Pova\u017esk\u00e9 m\u00fazeum\" \/>\n<meta property=\"og:description\" content=\"Sez\u00f3na na hrade Stre\u010dno v\u00a0roku 2025 skon\u010dila \u00faspe\u0161ne. Na hrad zav\u00edtalo 47 169 n\u00e1v\u0161tevn\u00edkov, \u010do predstavuje n\u00e1rast o takmer 4 000 os\u00f4b v porovnan\u00ed s predch\u00e1dzaj\u00facim rokom. Prv\u00ed z\u00e1ujemcovia mohli hrad nav\u0161t\u00edvi\u0165 u\u017e 29. marca. Hrad bol verejnosti pr\u00edstupn\u00fd denne a\u017e do konca okt\u00f3bra, v novembri bol otvoren\u00fd po\u010das v\u00edkendov. Sez\u00f3na skon\u010dila 16. novembra z [&hellip;]\" \/>\n<meta property=\"og:url\" content=\"https:\/\/pmza.sk\/?p=73974\" \/>\n<meta property=\"og:site_name\" content=\"Pova\u017esk\u00e9 m\u00fazeum\" \/>\n<meta property=\"article:publisher\" content=\"https:\/\/www.facebook.com\/povazskemuzeum\" \/>\n<meta property=\"article:published_time\" content=\"2026-01-13T12:15:22+00:00\" \/>\n<meta property=\"article:modified_time\" content=\"2026-04-15T09:09:22+00:00\" \/>\n<meta property=\"og:image\" content=\"https:\/\/pmza.sk\/wp-content\/uploads\/2026\/01\/Sezona-na-hrade-Strecno_1.jpg\" \/>\n\t<meta property=\"og:image:width\" content=\"1300\" \/>\n\t<meta property=\"og:image:height\" content=\"867\" \/>\n\t<meta property=\"og:image:type\" content=\"image\/jpeg\" \/>\n<meta name=\"author\" content=\"Pova\u017esk\u00e9 m\u00fazeum\" \/>\n<meta name=\"twitter:card\" content=\"summary_large_image\" \/>\n<meta name=\"twitter:label1\" content=\"Autor\" \/>\n\t<meta name=\"twitter:data1\" content=\"Pova\u017esk\u00e9 m\u00fazeum\" \/>\n\t<meta name=\"twitter:label2\" content=\"Predpokladan\u00fd \u010das \u010d\u00edtania\" \/>\n\t<meta name=\"twitter:data2\" content=\"3 min\u00faty\" \/>\n<script type=\"application\/ld+json\" class=\"yoast-schema-graph\">{\"@context\":\"https:\\\/\\\/schema.org\",\"@graph\":[{\"@type\":\"Article\",\"@id\":\"https:\\\/\\\/pmza.sk\\\/?p=73974#article\",\"isPartOf\":{\"@id\":\"https:\\\/\\\/pmza.sk\\\/?p=73974\"},\"author\":{\"name\":\"Pova\u017esk\u00e9 m\u00fazeum\",\"@id\":\"https:\\\/\\\/pmza.sk\\\/#\\\/schema\\\/person\\\/595e6a2ce731ea94dcd5d7f50a41ae33\"},\"headline\":\"\u00daspe\u0161n\u00e1 sez\u00f3na na hrade Stre\u010dno\",\"datePublished\":\"2026-01-13T12:15:22+00:00\",\"dateModified\":\"2026-04-15T09:09:22+00:00\",\"mainEntityOfPage\":{\"@id\":\"https:\\\/\\\/pmza.sk\\\/?p=73974\"},\"wordCount\":579,\"publisher\":{\"@id\":\"https:\\\/\\\/pmza.sk\\\/#organization\"},\"image\":{\"@id\":\"https:\\\/\\\/pmza.sk\\\/?p=73974#primaryimage\"},\"thumbnailUrl\":\"https:\\\/\\\/pmza.sk\\\/wp-content\\\/uploads\\\/2026\\\/01\\\/Sezona-na-hrade-Strecno_1.jpg\",\"articleSection\":[\"Aktuality\"],\"inLanguage\":\"sk-SK\"},{\"@type\":\"WebPage\",\"@id\":\"https:\\\/\\\/pmza.sk\\\/?p=73974\",\"url\":\"https:\\\/\\\/pmza.sk\\\/?p=73974\",\"name\":\"\u00daspe\u0161n\u00e1 sez\u00f3na na hrade Stre\u010dno - Pova\u017esk\u00e9 m\u00fazeum\",\"isPartOf\":{\"@id\":\"https:\\\/\\\/pmza.sk\\\/#website\"},\"primaryImageOfPage\":{\"@id\":\"https:\\\/\\\/pmza.sk\\\/?p=73974#primaryimage\"},\"image\":{\"@id\":\"https:\\\/\\\/pmza.sk\\\/?p=73974#primaryimage\"},\"thumbnailUrl\":\"https:\\\/\\\/pmza.sk\\\/wp-content\\\/uploads\\\/2026\\\/01\\\/Sezona-na-hrade-Strecno_1.jpg\",\"datePublished\":\"2026-01-13T12:15:22+00:00\",\"dateModified\":\"2026-04-15T09:09:22+00:00\",\"breadcrumb\":{\"@id\":\"https:\\\/\\\/pmza.sk\\\/?p=73974#breadcrumb\"},\"inLanguage\":\"sk-SK\",\"potentialAction\":[{\"@type\":\"ReadAction\",\"target\":[\"https:\\\/\\\/pmza.sk\\\/?p=73974\"]}]},{\"@type\":\"ImageObject\",\"inLanguage\":\"sk-SK\",\"@id\":\"https:\\\/\\\/pmza.sk\\\/?p=73974#primaryimage\",\"url\":\"https:\\\/\\\/pmza.sk\\\/wp-content\\\/uploads\\\/2026\\\/01\\\/Sezona-na-hrade-Strecno_1.jpg\",\"contentUrl\":\"https:\\\/\\\/pmza.sk\\\/wp-content\\\/uploads\\\/2026\\\/01\\\/Sezona-na-hrade-Strecno_1.jpg\",\"width\":1300,\"height\":867},{\"@type\":\"BreadcrumbList\",\"@id\":\"https:\\\/\\\/pmza.sk\\\/?p=73974#breadcrumb\",\"itemListElement\":[{\"@type\":\"ListItem\",\"position\":1,\"name\":\"Domovsk\u00e1 str\u00e1nka\",\"item\":\"https:\\\/\\\/pmza.sk\\\/\"},{\"@type\":\"ListItem\",\"position\":2,\"name\":\"\u00daspe\u0161n\u00e1 sez\u00f3na na hrade Stre\u010dno\"}]},{\"@type\":\"WebSite\",\"@id\":\"https:\\\/\\\/pmza.sk\\\/#website\",\"url\":\"https:\\\/\\\/pmza.sk\\\/\",\"name\":\"Pova\u017esk\u00e9 m\u00fazeum\",\"description\":\"Pova\u017esk\u00e9 m\u00fazeum v \u017diline je region\u00e1lne m\u00fazeum so s\u00eddlom v Budat\u00edne. Jeho expoz\u00edcie s\u00fa zameran\u00e9 na dejiny slovensk\u00e9ho umenia, kult\u00fary a dopravy.\",\"publisher\":{\"@id\":\"https:\\\/\\\/pmza.sk\\\/#organization\"},\"potentialAction\":[{\"@type\":\"SearchAction\",\"target\":{\"@type\":\"EntryPoint\",\"urlTemplate\":\"https:\\\/\\\/pmza.sk\\\/?s={search_term_string}\"},\"query-input\":{\"@type\":\"PropertyValueSpecification\",\"valueRequired\":true,\"valueName\":\"search_term_string\"}}],\"inLanguage\":\"sk-SK\"},{\"@type\":\"Organization\",\"@id\":\"https:\\\/\\\/pmza.sk\\\/#organization\",\"name\":\"Pova\u017esk\u00e9 m\u00fazeum\",\"url\":\"https:\\\/\\\/pmza.sk\\\/\",\"logo\":{\"@type\":\"ImageObject\",\"inLanguage\":\"sk-SK\",\"@id\":\"https:\\\/\\\/pmza.sk\\\/#\\\/schema\\\/logo\\\/image\\\/\",\"url\":\"https:\\\/\\\/pmza.sk\\\/wp-content\\\/uploads\\\/2022\\\/01\\\/logo_PM_horizontal.jpg\",\"contentUrl\":\"https:\\\/\\\/pmza.sk\\\/wp-content\\\/uploads\\\/2022\\\/01\\\/logo_PM_horizontal.jpg\",\"width\":231,\"height\":142,\"caption\":\"Pova\u017esk\u00e9 m\u00fazeum\"},\"image\":{\"@id\":\"https:\\\/\\\/pmza.sk\\\/#\\\/schema\\\/logo\\\/image\\\/\"},\"sameAs\":[\"https:\\\/\\\/www.facebook.com\\\/povazskemuzeum\",\"https:\\\/\\\/www.instagram.com\\\/povazskemuzeum\\\/\"]},{\"@type\":\"Person\",\"@id\":\"https:\\\/\\\/pmza.sk\\\/#\\\/schema\\\/person\\\/595e6a2ce731ea94dcd5d7f50a41ae33\",\"name\":\"Pova\u017esk\u00e9 m\u00fazeum\",\"image\":{\"@type\":\"ImageObject\",\"inLanguage\":\"sk-SK\",\"@id\":\"https:\\\/\\\/secure.gravatar.com\\\/avatar\\\/2bb7f1561282132fb5826dfeccc66c7996d11ee392ac6aaf7ced8a1c2027fbb2?s=96&d=mm&r=g\",\"url\":\"https:\\\/\\\/secure.gravatar.com\\\/avatar\\\/2bb7f1561282132fb5826dfeccc66c7996d11ee392ac6aaf7ced8a1c2027fbb2?s=96&d=mm&r=g\",\"contentUrl\":\"https:\\\/\\\/secure.gravatar.com\\\/avatar\\\/2bb7f1561282132fb5826dfeccc66c7996d11ee392ac6aaf7ced8a1c2027fbb2?s=96&d=mm&r=g\",\"caption\":\"Pova\u017esk\u00e9 m\u00fazeum\"}}]}<\/script>\n<!-- \/ Yoast SEO plugin. -->","yoast_head_json":{"title":"\u00daspe\u0161n\u00e1 sez\u00f3na na hrade Stre\u010dno - Pova\u017esk\u00e9 m\u00fazeum","robots":{"index":"index","follow":"follow","max-snippet":"max-snippet:-1","max-image-preview":"max-image-preview:large","max-video-preview":"max-video-preview:-1"},"canonical":"https:\/\/pmza.sk\/?p=73974","og_locale":"sk_SK","og_type":"article","og_title":"\u00daspe\u0161n\u00e1 sez\u00f3na na hrade Stre\u010dno - Pova\u017esk\u00e9 m\u00fazeum","og_description":"Sez\u00f3na na hrade Stre\u010dno v\u00a0roku 2025 skon\u010dila \u00faspe\u0161ne. Na hrad zav\u00edtalo 47 169 n\u00e1v\u0161tevn\u00edkov, \u010do predstavuje n\u00e1rast o takmer 4 000 os\u00f4b v porovnan\u00ed s predch\u00e1dzaj\u00facim rokom. Prv\u00ed z\u00e1ujemcovia mohli hrad nav\u0161t\u00edvi\u0165 u\u017e 29. marca. Hrad bol verejnosti pr\u00edstupn\u00fd denne a\u017e do konca okt\u00f3bra, v novembri bol otvoren\u00fd po\u010das v\u00edkendov. Sez\u00f3na skon\u010dila 16. novembra z [&hellip;]","og_url":"https:\/\/pmza.sk\/?p=73974","og_site_name":"Pova\u017esk\u00e9 m\u00fazeum","article_publisher":"https:\/\/www.facebook.com\/povazskemuzeum","article_published_time":"2026-01-13T12:15:22+00:00","article_modified_time":"2026-04-15T09:09:22+00:00","og_image":[{"width":1300,"height":867,"url":"https:\/\/pmza.sk\/wp-content\/uploads\/2026\/01\/Sezona-na-hrade-Strecno_1.jpg","type":"image\/jpeg"}],"author":"Pova\u017esk\u00e9 m\u00fazeum","twitter_card":"summary_large_image","twitter_misc":{"Autor":"Pova\u017esk\u00e9 m\u00fazeum","Predpokladan\u00fd \u010das \u010d\u00edtania":"3 min\u00faty"},"schema":{"@context":"https:\/\/schema.org","@graph":[{"@type":"Article","@id":"https:\/\/pmza.sk\/?p=73974#article","isPartOf":{"@id":"https:\/\/pmza.sk\/?p=73974"},"author":{"name":"Pova\u017esk\u00e9 m\u00fazeum","@id":"https:\/\/pmza.sk\/#\/schema\/person\/595e6a2ce731ea94dcd5d7f50a41ae33"},"headline":"\u00daspe\u0161n\u00e1 sez\u00f3na na hrade Stre\u010dno","datePublished":"2026-01-13T12:15:22+00:00","dateModified":"2026-04-15T09:09:22+00:00","mainEntityOfPage":{"@id":"https:\/\/pmza.sk\/?p=73974"},"wordCount":579,"publisher":{"@id":"https:\/\/pmza.sk\/#organization"},"image":{"@id":"https:\/\/pmza.sk\/?p=73974#primaryimage"},"thumbnailUrl":"https:\/\/pmza.sk\/wp-content\/uploads\/2026\/01\/Sezona-na-hrade-Strecno_1.jpg","articleSection":["Aktuality"],"inLanguage":"sk-SK"},{"@type":"WebPage","@id":"https:\/\/pmza.sk\/?p=73974","url":"https:\/\/pmza.sk\/?p=73974","name":"\u00daspe\u0161n\u00e1 sez\u00f3na na hrade Stre\u010dno - Pova\u017esk\u00e9 m\u00fazeum","isPartOf":{"@id":"https:\/\/pmza.sk\/#website"},"primaryImageOfPage":{"@id":"https:\/\/pmza.sk\/?p=73974#primaryimage"},"image":{"@id":"https:\/\/pmza.sk\/?p=73974#primaryimage"},"thumbnailUrl":"https:\/\/pmza.sk\/wp-content\/uploads\/2026\/01\/Sezona-na-hrade-Strecno_1.jpg","datePublished":"2026-01-13T12:15:22+00:00","dateModified":"2026-04-15T09:09:22+00:00","breadcrumb":{"@id":"https:\/\/pmza.sk\/?p=73974#breadcrumb"},"inLanguage":"sk-SK","potentialAction":[{"@type":"ReadAction","target":["https:\/\/pmza.sk\/?p=73974"]}]},{"@type":"ImageObject","inLanguage":"sk-SK","@id":"https:\/\/pmza.sk\/?p=73974#primaryimage","url":"https:\/\/pmza.sk\/wp-content\/uploads\/2026\/01\/Sezona-na-hrade-Strecno_1.jpg","contentUrl":"https:\/\/pmza.sk\/wp-content\/uploads\/2026\/01\/Sezona-na-hrade-Strecno_1.jpg","width":1300,"height":867},{"@type":"BreadcrumbList","@id":"https:\/\/pmza.sk\/?p=73974#breadcrumb","itemListElement":[{"@type":"ListItem","position":1,"name":"Domovsk\u00e1 str\u00e1nka","item":"https:\/\/pmza.sk\/"},{"@type":"ListItem","position":2,"name":"\u00daspe\u0161n\u00e1 sez\u00f3na na hrade Stre\u010dno"}]},{"@type":"WebSite","@id":"https:\/\/pmza.sk\/#website","url":"https:\/\/pmza.sk\/","name":"Pova\u017esk\u00e9 m\u00fazeum","description":"Pova\u017esk\u00e9 m\u00fazeum v \u017diline je region\u00e1lne m\u00fazeum so s\u00eddlom v Budat\u00edne. Jeho expoz\u00edcie s\u00fa zameran\u00e9 na dejiny slovensk\u00e9ho umenia, kult\u00fary a dopravy.","publisher":{"@id":"https:\/\/pmza.sk\/#organization"},"potentialAction":[{"@type":"SearchAction","target":{"@type":"EntryPoint","urlTemplate":"https:\/\/pmza.sk\/?s={search_term_string}"},"query-input":{"@type":"PropertyValueSpecification","valueRequired":true,"valueName":"search_term_string"}}],"inLanguage":"sk-SK"},{"@type":"Organization","@id":"https:\/\/pmza.sk\/#organization","name":"Pova\u017esk\u00e9 m\u00fazeum","url":"https:\/\/pmza.sk\/","logo":{"@type":"ImageObject","inLanguage":"sk-SK","@id":"https:\/\/pmza.sk\/#\/schema\/logo\/image\/","url":"https:\/\/pmza.sk\/wp-content\/uploads\/2022\/01\/logo_PM_horizontal.jpg","contentUrl":"https:\/\/pmza.sk\/wp-content\/uploads\/2022\/01\/logo_PM_horizontal.jpg","width":231,"height":142,"caption":"Pova\u017esk\u00e9 m\u00fazeum"},"image":{"@id":"https:\/\/pmza.sk\/#\/schema\/logo\/image\/"},"sameAs":["https:\/\/www.facebook.com\/povazskemuzeum","https:\/\/www.instagram.com\/povazskemuzeum\/"]},{"@type":"Person","@id":"https:\/\/pmza.sk\/#\/schema\/person\/595e6a2ce731ea94dcd5d7f50a41ae33","name":"Pova\u017esk\u00e9 m\u00fazeum","image":{"@type":"ImageObject","inLanguage":"sk-SK","@id":"https:\/\/secure.gravatar.com\/avatar\/2bb7f1561282132fb5826dfeccc66c7996d11ee392ac6aaf7ced8a1c2027fbb2?s=96&d=mm&r=g","url":"https:\/\/secure.gravatar.com\/avatar\/2bb7f1561282132fb5826dfeccc66c7996d11ee392ac6aaf7ced8a1c2027fbb2?s=96&d=mm&r=g","contentUrl":"https:\/\/secure.gravatar.com\/avatar\/2bb7f1561282132fb5826dfeccc66c7996d11ee392ac6aaf7ced8a1c2027fbb2?s=96&d=mm&r=g","caption":"Pova\u017esk\u00e9 m\u00fazeum"}}]}},"_links":{"self":[{"href":"https:\/\/pmza.sk\/index.php?rest_route=\/wp\/v2\/posts\/73974","targetHints":{"allow":["GET"]}}],"collection":[{"href":"https:\/\/pmza.sk\/index.php?rest_route=\/wp\/v2\/posts"}],"about":[{"href":"https:\/\/pmza.sk\/index.php?rest_route=\/wp\/v2\/types\/post"}],"author":[{"embeddable":true,"href":"https:\/\/pmza.sk\/index.php?rest_route=\/wp\/v2\/users\/2"}],"replies":[{"embeddable":true,"href":"https:\/\/pmza.sk\/index.php?rest_route=%2Fwp%2Fv2%2Fcomments&post=73974"}],"version-history":[{"count":1,"href":"https:\/\/pmza.sk\/index.php?rest_route=\/wp\/v2\/posts\/73974\/revisions"}],"predecessor-version":[{"id":77274,"href":"https:\/\/pmza.sk\/index.php?rest_route=\/wp\/v2\/posts\/73974\/revisions\/77274"}],"wp:featuredmedia":[{"embeddable":true,"href":"https:\/\/pmza.sk\/index.php?rest_route=\/wp\/v2\/media\/73983"}],"wp:attachment":[{"href":"https:\/\/pmza.sk\/index.php?rest_route=%2Fwp%2Fv2%2Fmedia&parent=73974"}],"wp:term":[{"taxonomy":"category","embeddable":true,"href":"https:\/\/pmza.sk\/index.php?rest_route=%2Fwp%2Fv2%2Fcategories&post=73974"},{"taxonomy":"post_tag","embeddable":true,"href":"https:\/\/pmza.sk\/index.php?rest_route=%2Fwp%2Fv2%2Ftags&post=73974"}],"curies":[{"name":"wp","href":"https:\/\/api.w.org\/{rel}","templated":true}]}}