{"id":73992,"date":"2026-01-14T07:45:43","date_gmt":"2026-01-14T06:45:43","guid":{"rendered":"https:\/\/pmza.sk\/?p=73992"},"modified":"2026-02-27T07:52:44","modified_gmt":"2026-02-27T06:52:44","slug":"majitelia-budatinskeho-hradu-5-cast","status":"publish","type":"post","link":"https:\/\/pmza.sk\/?p=73992","title":{"rendered":"Majitelia Budat\u00ednskeho hradu (5. \u010das\u0165)"},"content":{"rendered":"<p><strong>Su\u0148ogovci z\u00a0Jasenice a\u00a0Budat\u00edna (2. \u010das\u0165)<\/strong><\/p>\n<p>Su\u0148ogovci sa po z\u00edskan\u00ed bar\u00f3nskeho titulu od cis\u00e1ra Rudolfa II. dostali medzi v\u00fdznamn\u00fa uhorsk\u00fa \u0161\u013eachtu. Ich pr\u00edtomnos\u0165 na Hornom Pova\u017e\u00ed a Kysuciach bola spojen\u00e1 s\u00a0vala\u0161sk\u00fdm a\u00a0kopani\u010diarskym os\u00edd\u013eovan\u00edm. Z iniciat\u00edvy Su\u0148ogovcov vznikli nov\u00e9 osady na Budat\u00ednskom panstve, ako boli Lopu\u0161n\u00e1, Rudinsk\u00e1, Dunajov, Ochodnica a\u00a0na horn\u00fdch Kysuciach to bola Horelica, Rakov\u00e1, Sta\u0161kov, Podvysok\u00e1, Svr\u010dinovec, \u010cierne a\u00a0O\u0161\u010dadnica. Zak\u00fapen\u00edm majetkov v\u00a0Sliezsku sa budat\u00ednska l\u00ednia rodu rozdelila na dve samostatn\u00e9 vetvy \u2013 tren\u010diansku (uhorsk\u00fa) a sliezsku. Ich spolo\u010dn\u00fdm majetkom na\u010falej zostalo Budat\u00ednske panstvo, na ktor\u00e9 sa najviac s\u00fastredili dedi\u010dn\u00e9 n\u00e1roky oboch str\u00e1n, na z\u00e1klade \u010doho vznikali spory.<\/p>\n<p><strong>Moj\u017ei\u0161 III. Su\u0148og<\/strong> (syn Juraja \u2012 tren\u010dianska vetva) v\u00a0roku 1594 a 1597 podp\u00edsal so \u0160tefanom (synom J\u00e1na II. \u2012 sliezska vetva) dve dohody o\u00a0majetkov\u00fdch podieloch a\u00a0vlastn\u00edckych pr\u00e1vach jednotliv\u00fdch str\u00e1n na Budat\u00ednske panstvo. Pod\u013ea druhej dohody a\u00a0svedectva viacer\u00fdch \u0161\u013eachticov v\u0161etky \u0160tefanove majetky a\u00a0vlastn\u00edcke pr\u00e1va pripadli do r\u00fak Moj\u017ei\u0161a, pokia\u013e sa \u0160tefanom z\u00e1lohovan\u00e1 obec Z\u00e1vadka a\u00a0majetkov\u00e1 \u010das\u0165 v\u00a0\u010celkovej Lehote nevyk\u00fapia sp\u00e4\u0165. Taktie\u017e bol Moj\u017ei\u0161 ur\u010den\u00fd za \u201e<em>star\u0161ieho<\/em>\u201c, ktor\u00fd ako jedin\u00fd mohol rod zastupova\u0165 navonok a tie\u017e mu boli zveren\u00e9 v\u0161etky origin\u00e1ly list\u00edn, ktor\u00e9 sa t\u00fdkali Budat\u00ednskeho panstva. \u0160tefan si ponechal hodnovern\u00e9 odpisy list\u00edn a k\u00f3pie. Nesk\u00f4r si na podiely na hrad Budat\u00edn za\u010dala n\u00e1rokova\u0165 aj zemianska l\u00ednia rodu z Jasenice, preto Moj\u017ei\u0161 6. novembra 1610 uzavrel zmluvu s Danielom a Erasmom Su\u0148ogom. Ako n\u00e1hradu im prenechal \u0161tyri poddansk\u00e9 usadlosti z panstva v Divinke a mo\u017enos\u0165 slobodnej \u0165a\u017eby dreva v jeho lesoch.<\/p>\n<p>Moj\u017ei\u0161 III. Su\u0148og mal 3 synov \u2012 <strong>Ga\u0161para II. <\/strong>(\u20201659)<strong>, Mikul\u00e1\u0161a <\/strong>(\u20201643)<strong>, Andreja <\/strong>(\u20201657) a tri dc\u00e9ry \u2012 Al\u017ebetu, Helenu a Barboru. Jeho prvou man\u017eelkou bola Helena Majl\u00e1thov\u00e1 a druhou Barbora Ostro\u0161i\u010dov\u00e1. Jeho syn z prv\u00e9ho man\u017eelstva Ga\u0161par II. patril medzi najv\u00fdznamnej\u0161\u00edch \u010dlenov rodu a podobne ako jeho otec vy\u0161tudoval Wittenbersk\u00fa univerzitu, kde sa stal magistrom filozofie. Bojoval s Imrichom Turzom po boku Gabriela Betlena. Mal za man\u017eelku Betlenovu neter Zuzanu Banfiov\u00fa. V roku 1635 sa stal kr\u00e1\u013eovsk\u00fdm radcom. Ako kapit\u00e1n pevnosti Szendr\u0151 z\u00edskal v roku 1641 cel\u00e9 panstvo Szendr\u0151 za 12-tis\u00edc zl. a stal sa \u017eupanom Gemerskej stolice (1641 \u2013 1659). Bol direktorom beckovsk\u00e9ho komposesor\u00e1tu (1652) a budat\u00ednskeho panstva.<\/p>\n<p>Ako vyzerali obytn\u00e9 priestory horn\u00e9ho hradu Budat\u00edna a\u00a0jeho predhradie v\u00a017. stor., popisuje p\u00edsomn\u00fd prame\u0148 z\u00a0roku 1634. Hrad a\u00a0panstvo si v\u00a0tom \u010dase medzi sebou rozdelili Ga\u0161parovi traja synovia. De\u013eba sa uskuto\u010dnila v\u00a0pr\u00edtomnosti z\u00e1stupcov Tur\u010dianskej a\u00a0Tren\u010dianskej stolice. Rozdelen\u00edm horn\u00e9ho hradu Ga\u0161parovi II. pripadli miestnosti prvej \u010dasti od z\u00e1padu: <em>\u201estara skolka\u201c koncom syp\u00e1rne, pis\u00e1rska svetli\u010dka nad syp\u00e1r\u0148ou, pod \u201estarou skolkou mala skolka\u201c, ve\u013ek\u00e1 svetlica oproti \u201emalej skolke\u201c, na samom spodku oct\u00e1re\u0148 ved\u013ea br\u00e1ny, tovari\u0161sk\u00e1 izba, \u201eskliepok\u201c pod tovari\u0161skou izbou, ved\u013ea toho \u201eskliepku\u201c druh\u00fd \u201eskliepok\u201c, miesto \u201ekde dogywo Pani dr\u017eawala\u201c a\u00a0pivnica.<\/em><\/p>\n<p>Mikul\u00e1\u0161 z\u00edskal do u\u017e\u00edvania <em>severn\u00e9 \u201ehorn\u00e9 izby\u201c. Prvou miestnos\u0165ou bola \u201ckrumpyerowa\u201c svetlica s\u00a0dvomi dverami, z\u00a0ktor\u00fdch sa zamuruj\u00fa dvere od \u201estareg skolky\u201c. Za touto svetlicou sa nach\u00e1dzala \u201eorlykowa\u201c svetlica, \u201eszenesh\u00e1z\u201c pri nej, dreven\u00e1 izba pred \u201eorlykowou\u201c svetlicou, izba \u201ekde pani obilie dr\u017eala\u201c umiestnen\u00e1 vo ve\u017ei ved\u013ea \u201eorlykoweg\u201c svetlice, \u201eokr\u00fahly sklep\u201c ni\u017ee nej, svetlica oproti \u201epalote\u201c, \u201epalota\u201c na v\u00fdchodnej strane s\u00a0koncom nad V\u00e1hom, izba pri kuchyni, do ktorej sa chod\u00ed cez pek\u00e1re\u0148, tovari\u0161sk\u00e1 izba pod \u201efraucimerskou\u201c izbou, m\u00e4siare\u0148 a\u00a0pivnica pod m\u00e4siar\u0148ou.<\/em><\/p>\n<p>Andrej z\u00edskal do u\u017e\u00edvania miestnosti v\u00a0tretej \u010dasti: <em>zaklenut\u00e9 schodisko, druh\u00e9 zaklenut\u00e9 schodisko pod n\u00edm, pansk\u00fa izbu, ma\u013eovan\u00fa \u201epalotu\u201c, dve komory, komoru panej, \u201efraucimorsku\u201c svetlicu, pitvor s\u00a0komorou oproti \u201efraucimoru\u201c, svetlicu koncom tohto pitvora, stol\u00e1rstvo a\u00a0pivnicu ved\u013ea kuchyne. <\/em><\/p>\n<p>V\u00a0tzv. dolnom hrade (predhrad\u00ed) sa de\u013eba na tri \u010dasti uskuto\u010dnila od ju\u017enej strany <em>\u201estar\u00e9ho hradu\u201c<\/em> smerom k <em>\u201enovej br\u00e1ne\u201c<\/em> na severe. \u010eal\u0161iu de\u013ebu majetku a vonkaj\u0161\u00edch budov (pivovar, priekopa) hradu uskuto\u010dnili bratia Su\u0148ogovci e\u0161te 28. j\u00fana 1636 v pr\u00edtomnosti z\u00e1stupcov Tren\u010dianskej stolice. Pod\u013ea urb\u00e1ra z roku 1658 sa pri hrade nach\u00e1dzala z\u00e1hrada s filag\u00f3riou, kde boli z\u00e1hony na pestovanie kvetov a zeleniny, dva v\u010del\u00edny, dva rybn\u00edky a z\u00e1hradn\u00fd dom\u010dek s pivnicou. \u010eal\u0161ia z\u00e1hrada so z\u00e1honmi a s murovan\u00fdm oploten\u00edm bola na strane oto\u010denej k V\u00e1hu. Pred hradom bola \u013eadov\u0148a, kde sa uchov\u00e1vali potraviny.<\/p>\n<p>Ga\u0161par II. Su\u0148og mal jedin\u00fa dc\u00e9ru Katar\u00ednu, a tak pokra\u010dovanie tren\u010dianskej vetvy pre\u0161lo na jeho brata <strong>Andreja<\/strong>. Andrejov syn <strong>Ga\u0161par III. Su\u0148og <\/strong>(\u20201727), rytier Zlatej ostrohy a \u00faradn\u00edk Uhorskej kr\u00e1\u013eovskej komory, sa sna\u017eil vo svojich ruk\u00e1ch zjednoti\u0165 podiely na panstve, ktor\u00e9 vlastnili jeho pr\u00edbuzn\u00ed z tren\u010dianskej a sliezskej vetvy, \u010do sa mu nepodarilo. Ke\u010f\u017ee bol najv\u00e4\u010d\u0161\u00edm podielnikom Budat\u00ednskeho panstva a v roku 1676 po smrti J\u00faliusa Su\u0148oga (sliezska vetva) zostal najstar\u0161\u00edm \u010dlenom rodu, stal sa direktorom panstva. Po vypuknut\u00ed T\u0151k\u0151liho povstania (1678 \u2013 1686) sa na panstve usadili nemeck\u00ed vojaci, ktor\u00ed ho spusto\u0161ili a vykradli hrad. V roku 1681 Ga\u0161par protestoval proti spoluvlastn\u00edkom budat\u00ednskych majetkov, hlavne proti vdove J\u00faliusa Su\u0148oga, \u017ee nemaj\u00fa z\u00e1ujem sa podie\u013ea\u0165 na oprave hradu.<\/p>\n<p>Budat\u00ednsky hrad v\u00a017. stor. pre\u0161iel prestavbou v\u00a0\u0161t\u00fdle neskorej renesancie, po\u010das ktorej do\u0161lo k\u00a0v\u00fdstavbe novej pr\u00edstupovej br\u00e1ny s\u00a0padac\u00edm mostom. V r\u00e1mci zlep\u0161enia komfortu b\u00fdvania boli zaklenut\u00e9 obytn\u00e9 miestnosti prv\u00e9ho poschodia v\u00fdchodn\u00e9ho pal\u00e1ca v\u00fdse\u010dov\u00fdmi klenbami, ktor\u00fdch v\u00fdklenky s\u00a0nov\u00fdmi oknami boli vyzdoben\u00e9 ma\u013ebou bosovan\u00fdch kv\u00e1drov. Do\u0161lo k\u00a0zjednoteniu pal\u00e1cov\u00fdch budov na z\u00e1padnej a\u00a0severnej strane pr\u00edstavbou s\u00a0chodbov\u00fdm traktom. Ich priestory boli rovnako zaklenut\u00e9. Pr\u00edstup z\u00a0n\u00e1dvoria do ve\u017ee zabezpe\u010dila pr\u00edstavba prilo\u017een\u00e1 k\u00a0jej\u00a0ju\u017enej strane. V\u00fdchodn\u00fa pr\u00edstavbu ve\u017ee zakon\u010dila pripojen\u00e1 otvoren\u00e1 loggia. Fas\u00e1dy spomenut\u00fdch stavieb zdobila iluz\u00edvna neskororenesan\u010dn\u00e1 v\u00fdma\u013eba architektonick\u00fdch prvkov. V tomto obdob\u00ed bola priekopa hradu u\u017e \u010diasto\u010dne zasypan\u00e1.<\/p>\n<p>Po\u010das posledn\u00e9ho protihabsbursk\u00e9ho povstania Franti\u0161ka II. R\u00e1kociho (1703 \u2013 1711) bol Budat\u00edn po\u0161koden\u00fd a\u00a0niektor\u00e9 jeho stavby sa podobali ruine. V\u00a0tomto obdob\u00ed sa stal spoluvlastn\u00edkom panstva syn Ga\u0161para III. Su\u0148oga <strong>Ladislav. <\/strong>Spo\u010diatku Ladislav na hrade vlastnil len niektor\u00e9 pri\u013eahl\u00e9 vonkaj\u0161ie priestory, nevlastnil obytn\u00e9 miestnosti v hornom hrade. V roku 1712 bol spolu s otcom pov\u00fd\u0161en\u00fd do gr\u00f3fskeho stavu a jeho vlastn\u00edcke podiely na hrade sa zmenili. Nov\u00e9 delenie hradn\u00fdch priestorov, kedy Ladislav z\u00edskal do u\u017e\u00edvania aj obytn\u00e9 \u010dasti hradu, sa uskuto\u010dnilo 12. febru\u00e1ra 1713 pri pr\u00edle\u017eitosti uzavretia Ladislavovho druh\u00e9ho man\u017eelstva s Evou Ter\u00e9ziou \u0160imoni\u010dovou-Horv\u00e1thovou. Na za\u010d. 18. stor. dal gr\u00f3f Ga\u0161par spolu so svoj\u00edm synom a man\u017eelkou zrenovova\u0165 po\u0161koden\u00fd hrad. Barokov\u00e1 prestavba pozmenila hrad na reprezentat\u00edvny z\u00e1mok. Ve\u017ea pre\u0161la v\u00fdraznou zmenou. Na jej poslednom obrannom podla\u017e\u00ed bol osaden\u00fd hodinov\u00fd stroj so \u0161tyrmi cifern\u00edkmi a jej strecha z\u00edskala cibu\u013eovit\u00fd tvar. Stavebn\u00e9 aktivity sa preva\u017ene s\u00fastredili na predhradie, ktor\u00e9 bolo kompletne prestavan\u00e9. Na mieste zb\u00faran\u00fdch renesan\u010dn\u00fdch budov vznikla \u00faplne nov\u00e1 pravideln\u00e1 \u0161tvorkr\u00eddlov\u00e1 z\u00e1stavba z pal\u00e1cov\u00fdch budov s obytn\u00fdmi kr\u00eddlami, z kaplnky a hospod\u00e1rskych stavieb. V okol\u00ed hradu bol postaven\u00fd kamenn\u00fd sklad na v\u00edno, su\u0161iare\u0148 ovocia vo ve\u013ekej z\u00e1hrade, kamenn\u00fd pivovar v dedine a dva rybn\u00edky. Moderniz\u00e1ciou pre\u0161iel aj horn\u00fd hrad a hlavn\u00e1 br\u00e1na, na ktorej boli osaden\u00e9 sochy. Na mieste zasypanej priekopy vznikal postupne park. Po rekon\u0161trukcii hradu gr\u00f3f Ga\u0161par III. Su\u0148og striedavo b\u00fdval na Beckove, Radoli a\u00a0Budat\u00edne. Jeho syn Ladislav \u2013 komorn\u00edk, cis\u00e1rsko-kr\u00e1\u013eovsk\u00fd radca a rytier Zlatej ostrohy \u2013 zase b\u00fdval striedavo v Budat\u00edne a Trnave. Ladislav zomrel v roku 1727 bez mu\u017esk\u00fdch potomkov a tren\u010dianska vetva vymrela po me\u010di.<\/p>\n<p>Po jeho smrti vznikol spor medzi Ladislavovou vdovou a\u00a0Antonom Su\u0148ogom zo sliezskej vetvy. Trval do roku 1732, kedy na z\u00e1klade rozhodnutia kr\u00e1\u013eovskej s\u00fadnej tabule musel Anton Su\u0148og vyplati\u0165 vdove 60\u00a0000 zl. ako n\u00e1hradu za Budat\u00ednske panstvo. Po jeho smrti v\u00a0roku 1751 prevzal Budat\u00edn posledn\u00fd mu\u017esk\u00fd potomok rodu <strong>J\u00e1n Nepomuk Su\u0148og<\/strong> (\u20551724 \u2012 \u20201798), ktor\u00fd bol cis\u00e1rsko-kr\u00e1\u013eovsk\u00fd komorn\u00edk a radca Kr\u00e1\u013eovskej miestodr\u017eite\u013eskej rady (1750 \u2012 1782). Na sklonku svojho \u017eivota mal iba jedin\u00fa dc\u00e9ru Jozef\u00ednu, ktor\u00e1 sa vydala za gr\u00f3fa Antona II. \u010c\u00e1kiho (\u20551747 \u2012 \u20201806). Aby sa Budat\u00ednske panstvo nedostalo po smrti jeho dc\u00e9ry do r\u00fak in\u00fdch majite\u013eov, po\u017eiadal J\u00e1n Nepomuk panovn\u00edka Franti\u0161ka II. (1792 \u2013 1806) o pr\u00e1vnu prefekciu, ktorou by Jozef\u00edna z\u00edskala dedi\u010dn\u00fd n\u00e1rok po mu\u017eskej l\u00ednii. Panovn\u00edk J\u00e1novi Nepomukovi vyhovel a ten musel v roku 1793 zaplati\u0165 Uhorskej komore 6000 zl. Po smrti Jozef\u00edny Su\u0148ogovej (\u20201816) Budat\u00ednske panstvo zdedil jej syn \u0160tefan \u010c\u00e1ki.<\/p>\n<p>\u2055 V roku 1669 bol ako prv\u00fd pov\u00fd\u0161en\u00fd do gr\u00f3fskeho stavu J\u00falius Su\u0148og zo sliezskej vetvy. Jeho synovec <strong>J\u00e1n Juraj <\/strong>z\u00edskal gr\u00f3fsky erb a\u017e v roku 1708 od Jozefa I. Origin\u00e1l arm\u00e1lesu sa nach\u00e1dza v Arch\u00edve hlavn\u00e9ho mesta SR Bratislavy. Blaz\u00f3n pod\u013ea vyobrazenia v erbovn\u00edku z 19. stor. V \u010dervenom poli na zelenej pa\u017eiti je biely kr\u00e1\u010daj\u00faci k\u00f4\u0148 s rytierom v brnen\u00ed a so striebornou z\u00e1stavou na pravom pleci. V pravom hornom rohu je obr\u00e1ten\u00fd strieborn\u00fd polmesiac s tromi zlat\u00fdmi hviezdami po \u013eavej strane. Nad \u0161t\u00edtom s\u00fa tri klenoty. Z pravej strany prv\u00fdm je vyrastaj\u00faci obr\u00e1ten\u00fd strieborn\u00fd jednoro\u017eec, druh\u00fdm je korunovan\u00fd orol na hrudi hore so strieborn\u00fdm polmesiacom a dole zlatou hviezdou a tret\u00edm je modr\u00e9 orlie kr\u00eddlo, ktor\u00e9 je prelo\u017een\u00e9 zlat\u00fdm levom. Prikr\u00fdvadl\u00e1 s\u00fa modro-zlat\u00e9 a strieborno-\u010derven\u00e9.<\/p>\n<p><strong>Ga\u0161par III. <\/strong>a<strong>\u00a0Ladislav<\/strong> z\u00a0tren\u010dianskej vetvy z\u00edskali in\u00fa podobu erbu ako mali Su\u0148ogovci zo Sliezska. V\u00a0modrom poli na zelenej oblej pa\u017eiti je na striebornom cv\u00e1laj\u00facom koni rytier v\u00a0zbroji s\u00a0\u010derven\u00fdm p\u0161tros\u00edm perom na prilbe a s \u010dervenou z\u00e1stavou na \u013eavom pleci. Na z\u00e1stave je strieborn\u00e1 \u013ealia. K\u00f4\u0148 dr\u017e\u00ed v\u00a0papuli pravo\u0161ikm\u00fd zlat\u00fd \u0161\u00edp. V\u00a0pravom rohu \u0161t\u00edtu je zlat\u00e1 hviezda a\u00a0na \u013eavej strane je k\u00f4\u0148 sprev\u00e1dzan\u00fd zlat\u00fdm mesiacom. Klenotom je strieborn\u00e1 \u013ealia. Prikr\u00fdvadl\u00e1 s\u00fa zlato-modr\u00e9 a\u00a0strieborno-\u010derven\u00e9.<\/p>\n<div class=\"wp-block-image\"><img fetchpriority=\"high\" decoding=\"async\" class=\"wpa-warning wpa-image-missing-alt alignnone size-medium wp-image-73997\" src=\"https:\/\/pmza.sk\/wp-content\/uploads\/2026\/01\/Scan2026-01-12_212348-273x360.jpg\" alt=\"\" width=\"273\" height=\"360\" data-warning=\"Missing alt text\" srcset=\"https:\/\/pmza.sk\/wp-content\/uploads\/2026\/01\/Scan2026-01-12_212348-273x360.jpg 273w, https:\/\/pmza.sk\/wp-content\/uploads\/2026\/01\/Scan2026-01-12_212348-558x736.jpg 558w, https:\/\/pmza.sk\/wp-content\/uploads\/2026\/01\/Scan2026-01-12_212348-768x1012.jpg 768w, https:\/\/pmza.sk\/wp-content\/uploads\/2026\/01\/Scan2026-01-12_212348-1165x1536.jpg 1165w, https:\/\/pmza.sk\/wp-content\/uploads\/2026\/01\/Scan2026-01-12_212348-1554x2048.jpg 1554w, https:\/\/pmza.sk\/wp-content\/uploads\/2026\/01\/Scan2026-01-12_212348-600x791.jpg 600w, https:\/\/pmza.sk\/wp-content\/uploads\/2026\/01\/Scan2026-01-12_212348-scaled.jpg 1942w\" sizes=\"(max-width: 273px) 100vw, 273px\" \/><\/div>\n<div>\n<p>Ga\u0161par II. Su\u0148og \/Zdroj: PAR\u00c1\u010cOV\u00c1, <em>Su\u0148ogovci,<\/em> obr. pr\u00edloha)<\/p>\n<div class=\"wp-block-image\"><img decoding=\"async\" class=\"wpa-warning wpa-image-missing-alt alignnone wp-image-73995\" src=\"https:\/\/pmza.sk\/wp-content\/uploads\/2026\/01\/doc07743020260113074404_001-564x360.jpg\" alt=\"\" width=\"492\" height=\"314\" data-warning=\"Missing alt text\" srcset=\"https:\/\/pmza.sk\/wp-content\/uploads\/2026\/01\/doc07743020260113074404_001-564x360.jpg 564w, https:\/\/pmza.sk\/wp-content\/uploads\/2026\/01\/doc07743020260113074404_001-1153x736.jpg 1153w, https:\/\/pmza.sk\/wp-content\/uploads\/2026\/01\/doc07743020260113074404_001-768x490.jpg 768w, https:\/\/pmza.sk\/wp-content\/uploads\/2026\/01\/doc07743020260113074404_001-1536x980.jpg 1536w, https:\/\/pmza.sk\/wp-content\/uploads\/2026\/01\/doc07743020260113074404_001-600x383.jpg 600w, https:\/\/pmza.sk\/wp-content\/uploads\/2026\/01\/doc07743020260113074404_001.jpg 1876w\" sizes=\"(max-width: 492px) 100vw, 492px\" \/><\/div>\n<div>\n<p>Renesan\u010dn\u00e1 v\u00fdma\u013eba okenn\u00fdch osten\u00ed vo forme iluz\u00edvnej bos\u00e1\u017ee. Druh\u00e9 poschodie v\u00fdchodn\u00e9ho pal\u00e1ca. (Zdroj: BEDN\u00c1R (eds.), <em>Budat\u00ednsky hrad<\/em>, str. 142, obr. \u010d. 143)<\/p>\n<div class=\"wp-block-image\"><img decoding=\"async\" class=\"wpa-warning wpa-image-missing-alt alignnone size-medium wp-image-73993\" src=\"https:\/\/pmza.sk\/wp-content\/uploads\/2026\/01\/doc07742520260113073524_001-274x360.jpg\" alt=\"\" width=\"274\" height=\"360\" data-warning=\"Missing alt text\" srcset=\"https:\/\/pmza.sk\/wp-content\/uploads\/2026\/01\/doc07742520260113073524_001-274x360.jpg 274w, https:\/\/pmza.sk\/wp-content\/uploads\/2026\/01\/doc07742520260113073524_001-561x736.jpg 561w, https:\/\/pmza.sk\/wp-content\/uploads\/2026\/01\/doc07742520260113073524_001-768x1008.jpg 768w, https:\/\/pmza.sk\/wp-content\/uploads\/2026\/01\/doc07742520260113073524_001-1171x1536.jpg 1171w, https:\/\/pmza.sk\/wp-content\/uploads\/2026\/01\/doc07742520260113073524_001-1561x2048.jpg 1561w, https:\/\/pmza.sk\/wp-content\/uploads\/2026\/01\/doc07742520260113073524_001-600x787.jpg 600w, https:\/\/pmza.sk\/wp-content\/uploads\/2026\/01\/doc07742520260113073524_001-scaled.jpg 1951w\" sizes=\"(max-width: 274px) 100vw, 274px\" \/><\/div>\n<div>\n<p>Obnoven\u00e1 ju\u017en\u00e1 fas\u00e1da rizalitu a v\u00fdchodnej pr\u00edstavby ku ve\u017ei, s\u00fa\u010dasn\u00fd stav. (Zdroj: BEDN\u00c1R (eds.), <em>Budat\u00ednsky hrad<\/em>, obr. \u010d. 189)<\/p>\n<div class=\"wp-block-image\"><img loading=\"lazy\" decoding=\"async\" class=\"wpa-warning wpa-image-missing-alt alignnone size-medium wp-image-73994\" src=\"https:\/\/pmza.sk\/wp-content\/uploads\/2026\/01\/doc07742620260113073618_001-570x322.jpg\" alt=\"\" width=\"570\" height=\"322\" data-warning=\"Missing alt text\" srcset=\"https:\/\/pmza.sk\/wp-content\/uploads\/2026\/01\/doc07742620260113073618_001-570x322.jpg 570w, https:\/\/pmza.sk\/wp-content\/uploads\/2026\/01\/doc07742620260113073618_001-768x433.jpg 768w, https:\/\/pmza.sk\/wp-content\/uploads\/2026\/01\/doc07742620260113073618_001-600x339.jpg 600w, https:\/\/pmza.sk\/wp-content\/uploads\/2026\/01\/doc07742620260113073618_001.jpg 888w\" sizes=\"(max-width: 570px) 100vw, 570px\" \/><\/div>\n<div>\n<p>Budat\u00ednsky hrad na Ruttkayovej mape z\u00a0roku 1749, detail. (Zdroj: BEDN\u00c1R (eds.), <em>Budat\u00ednsky hrad<\/em>, str. 62, obr. \u010d. 41)<\/p>\n<div class=\"wp-block-image\"><img loading=\"lazy\" decoding=\"async\" class=\"wpa-warning wpa-image-missing-alt alignnone size-medium wp-image-73996\" src=\"https:\/\/pmza.sk\/wp-content\/uploads\/2026\/01\/IMG_20260112_100846_MP-532x360.jpg\" alt=\"\" width=\"532\" height=\"360\" data-warning=\"Missing alt text\" srcset=\"https:\/\/pmza.sk\/wp-content\/uploads\/2026\/01\/IMG_20260112_100846_MP-532x360.jpg 532w, https:\/\/pmza.sk\/wp-content\/uploads\/2026\/01\/IMG_20260112_100846_MP-1088x736.jpg 1088w, https:\/\/pmza.sk\/wp-content\/uploads\/2026\/01\/IMG_20260112_100846_MP-768x520.jpg 768w, https:\/\/pmza.sk\/wp-content\/uploads\/2026\/01\/IMG_20260112_100846_MP-1536x1039.jpg 1536w, https:\/\/pmza.sk\/wp-content\/uploads\/2026\/01\/IMG_20260112_100846_MP-2048x1385.jpg 2048w, https:\/\/pmza.sk\/wp-content\/uploads\/2026\/01\/IMG_20260112_100846_MP-600x406.jpg 600w\" sizes=\"(max-width: 532px) 100vw, 532px\" \/><\/div>\n<div>\n<p>Budat\u00ednsky hrad. Podoba okolo roku 1750 v mierke 1 : 72. Autor modelu P. \u0160imko, 2019. (Expoz\u00edcia Budat\u00ednskeho hradu)<\/p>\n<div class=\"wp-block-image\">\n<div class=\"wp-block-image\"><img loading=\"lazy\" decoding=\"async\" class=\"wpa-warning wpa-image-missing-alt alignnone size-medium wp-image-73999\" src=\"https:\/\/pmza.sk\/wp-content\/uploads\/2026\/01\/Scan2026-01-12_212956-327x360.jpg\" alt=\"\" width=\"327\" height=\"360\" data-warning=\"Missing alt text\" srcset=\"https:\/\/pmza.sk\/wp-content\/uploads\/2026\/01\/Scan2026-01-12_212956-327x360.jpg 327w, https:\/\/pmza.sk\/wp-content\/uploads\/2026\/01\/Scan2026-01-12_212956-668x736.jpg 668w, https:\/\/pmza.sk\/wp-content\/uploads\/2026\/01\/Scan2026-01-12_212956-768x847.jpg 768w, https:\/\/pmza.sk\/wp-content\/uploads\/2026\/01\/Scan2026-01-12_212956-1394x1536.jpg 1394w, https:\/\/pmza.sk\/wp-content\/uploads\/2026\/01\/Scan2026-01-12_212956-1858x2048.jpg 1858w, https:\/\/pmza.sk\/wp-content\/uploads\/2026\/01\/Scan2026-01-12_212956-600x661.jpg 600w\" sizes=\"(max-width: 327px) 100vw, 327px\" \/><\/div>\n<\/div>\n<div>\n<p>Gr\u00f3fsky erb J\u00e1na Juraja zo sliezskej vetvy. (Zdroj: CSERGHE\u0150, <em>Adels, Szunyogh a.), <\/em>Taf. 453<em>)<\/em><\/p>\n<div class=\"wp-block-image\"><img loading=\"lazy\" decoding=\"async\" class=\"wpa-warning wpa-image-missing-alt alignnone size-medium wp-image-73998\" src=\"https:\/\/pmza.sk\/wp-content\/uploads\/2026\/01\/Scan2026-01-12_212807-330x360.jpg\" alt=\"\" width=\"330\" height=\"360\" data-warning=\"Missing alt text\" srcset=\"https:\/\/pmza.sk\/wp-content\/uploads\/2026\/01\/Scan2026-01-12_212807-330x360.jpg 330w, https:\/\/pmza.sk\/wp-content\/uploads\/2026\/01\/Scan2026-01-12_212807-676x736.jpg 676w, https:\/\/pmza.sk\/wp-content\/uploads\/2026\/01\/Scan2026-01-12_212807-768x837.jpg 768w, https:\/\/pmza.sk\/wp-content\/uploads\/2026\/01\/Scan2026-01-12_212807-1410x1536.jpg 1410w, https:\/\/pmza.sk\/wp-content\/uploads\/2026\/01\/Scan2026-01-12_212807-1880x2048.jpg 1880w, https:\/\/pmza.sk\/wp-content\/uploads\/2026\/01\/Scan2026-01-12_212807-600x654.jpg 600w, https:\/\/pmza.sk\/wp-content\/uploads\/2026\/01\/Scan2026-01-12_212807.jpg 1935w\" sizes=\"(max-width: 330px) 100vw, 330px\" \/><\/div>\n<div>Gr\u00f3fsky erb Ga\u0161para III. a\u00a0Ladislava z\u00a0tren\u010dianskej vetvy. (Zdroj: FEDERMAYER, <em>Lexik\u00f3n, <\/em>pr\u00edl. 24)<\/div>\n<\/div>\n<div><\/div>\n<div><strong>Text:<\/strong> Mgr. Darina Bellovi\u010dov\u00e1, histori\u010dka Pova\u017esk\u00e9ho m\u00fazea<\/div>\n<div>\n<p><strong>Pou\u017eit\u00e1 literat\u00fara:<\/strong><\/p>\n<p>BEDN\u00c1R, P. et al.: Prestavby hradu za Su\u0148ogovcov z\u00a0poh\u013eadu najnov\u0161\u00edch v\u00fdskumov. In BEDN\u00c1R, P. \u2013 STANEKOV\u00c1, Z. \u2013 \u0160IMKO, P. (eds): <em>Budat\u00ednsky hrad. <\/em>\u017dilina: Pova\u017esk\u00e9 m\u00fazeum, 2019.<\/p>\n<p>FEDERMAYER, F.: <em>Lexik\u00f3n erbov \u0161\u013eachty na Slovensku I. Tren\u010dianska stolica<\/em>. Bratislava: Hajko &amp; Hajkov\u00e1, 2000.<\/p>\n<p>JANURA, T.: V\u00fdvoj za Su\u0148ogovcov pod\u013ea p\u00edsomn\u00fdch prame\u0148ov. In BEDN\u00c1R, P. \u2013 STANEKOV\u00c1, Z. \u2013 \u0160IMKO, P. (eds): <em>Budat\u00ednsky hrad. <\/em>\u017dilina: Pova\u017esk\u00e9 m\u00fazeum, 2019.<\/p>\n<p>PAR\u00c1\u010cOV\u00c1, A.: Budat\u00ednske panstvo do konca 18. stor. In BEDN\u00c1R, P. \u2013 STANEKOV\u00c1, Z. \u2013 \u0160IMKO, P. (eds): <em>Budat\u00ednsky hrad. <\/em>\u017dilina: Pova\u017esk\u00e9 m\u00fazeum, 2019.<\/p>\n<p>PAR\u00c1\u010cOV\u00c1, A.: Su\u0148ogovci z\u00a0Jasenice a\u00a0Budat\u00edna. In PINDUR, D. \u2013 TUR\u00d3CI, M. a\u00a0kol.: <em>\u0160\u013eachta na Kysuciach a\u00a0jej susedia. <\/em>Kysuck\u00e9 m\u00fazeum v\u00a0\u010cadci<em>; <\/em>Muzeum T\u011b\u0161\u00ednska; Pova\u017esk\u00e9 m\u00fazeum v\u00a0\u017diline, 2012.<\/p>\n<p>PAR\u00c1\u010cOV\u00c1, A.: <em>Su\u0148ogovci z\u00a0Jasenice a\u00a0Budat\u00edna. Dejiny rodu (bar\u00f3nsko-gr\u00f3fska vetva).<\/em> Kysuck\u00e9 m\u00fazeum: \u010cadca, 2025.<\/p>\n<p>CSERGHE\u0150, G.: <em>Adels von Ungarn sammt den Nebenl\u00e4ndern der St. Stephans-Krone<\/em>. <em>Heft 15 \u2012 21.<\/em> N\u0171rnberg: Bauer a\u00a0Raspe, 1889, 1890.<\/p>\n<\/div>\n<div><\/div>\n<\/div>\n<\/div>\n<\/div>\n<\/div>\n<\/div>\n","protected":false},"excerpt":{"rendered":"<p>Su\u0148ogovci z\u00a0Jasenice a\u00a0Budat\u00edna (2. \u010das\u0165) Su\u0148ogovci sa po z\u00edskan\u00ed bar\u00f3nskeho titulu od cis\u00e1ra Rudolfa II. dostali medzi v\u00fdznamn\u00fa uhorsk\u00fa \u0161\u013eachtu. Ich pr\u00edtomnos\u0165 na Hornom Pova\u017e\u00ed a Kysuciach bola spojen\u00e1 s\u00a0vala\u0161sk\u00fdm a\u00a0kopani\u010diarskym os\u00edd\u013eovan\u00edm. Z iniciat\u00edvy Su\u0148ogovcov vznikli nov\u00e9 osady na Budat\u00ednskom panstve, ako boli Lopu\u0161n\u00e1, Rudinsk\u00e1, Dunajov, Ochodnica a\u00a0na horn\u00fdch Kysuciach to bola Horelica, Rakov\u00e1, Sta\u0161kov, [&hellip;]<\/p>\n","protected":false},"author":2,"featured_media":73994,"comment_status":"closed","ping_status":"closed","sticky":false,"template":"","format":"standard","meta":{"site-sidebar-layout":"default","site-content-layout":"","ast-site-content-layout":"default","site-content-style":"default","site-sidebar-style":"default","ast-global-header-display":"","ast-banner-title-visibility":"","ast-main-header-display":"","ast-hfb-above-header-display":"","ast-hfb-below-header-display":"","ast-hfb-mobile-header-display":"","site-post-title":"","ast-breadcrumbs-content":"","ast-featured-img":"","footer-sml-layout":"","theme-transparent-header-meta":"default","adv-header-id-meta":"","stick-header-meta":"default","header-above-stick-meta":"","header-main-stick-meta":"","header-below-stick-meta":"","astra-migrate-meta-layouts":"set","ast-page-background-enabled":"default","ast-page-background-meta":{"desktop":{"background-color":"var(--ast-global-color-4)","background-image":"","background-repeat":"repeat","background-position":"center center","background-size":"auto","background-attachment":"scroll","background-type":"","background-media":"","overlay-type":"","overlay-color":"","overlay-opacity":"","overlay-gradient":""},"tablet":{"background-color":"","background-image":"","background-repeat":"repeat","background-position":"center center","background-size":"auto","background-attachment":"scroll","background-type":"","background-media":"","overlay-type":"","overlay-color":"","overlay-opacity":"","overlay-gradient":""},"mobile":{"background-color":"","background-image":"","background-repeat":"repeat","background-position":"center center","background-size":"auto","background-attachment":"scroll","background-type":"","background-media":"","overlay-type":"","overlay-color":"","overlay-opacity":"","overlay-gradient":""}},"ast-content-background-meta":{"desktop":{"background-color":"var(--ast-global-color-5)","background-image":"","background-repeat":"repeat","background-position":"center center","background-size":"auto","background-attachment":"scroll","background-type":"","background-media":"","overlay-type":"","overlay-color":"","overlay-opacity":"","overlay-gradient":""},"tablet":{"background-color":"var(--ast-global-color-5)","background-image":"","background-repeat":"repeat","background-position":"center center","background-size":"auto","background-attachment":"scroll","background-type":"","background-media":"","overlay-type":"","overlay-color":"","overlay-opacity":"","overlay-gradient":""},"mobile":{"background-color":"var(--ast-global-color-5)","background-image":"","background-repeat":"repeat","background-position":"center center","background-size":"auto","background-attachment":"scroll","background-type":"","background-media":"","overlay-type":"","overlay-color":"","overlay-opacity":"","overlay-gradient":""}},"footnotes":""},"categories":[31],"tags":[],"class_list":["post-73992","post","type-post","status-publish","format-standard","has-post-thumbnail","hentry","category-aktuality"],"yoast_head":"<!-- This site is optimized with the Yoast SEO plugin v27.4 - https:\/\/yoast.com\/product\/yoast-seo-wordpress\/ -->\n<title>Majitelia Budat\u00ednskeho hradu (5. \u010das\u0165) - Pova\u017esk\u00e9 m\u00fazeum<\/title>\n<meta name=\"robots\" content=\"index, follow, max-snippet:-1, max-image-preview:large, max-video-preview:-1\" \/>\n<link rel=\"canonical\" href=\"https:\/\/pmza.sk\/?p=73992\" \/>\n<meta property=\"og:locale\" content=\"sk_SK\" \/>\n<meta property=\"og:type\" content=\"article\" \/>\n<meta property=\"og:title\" content=\"Majitelia Budat\u00ednskeho hradu (5. \u010das\u0165) - Pova\u017esk\u00e9 m\u00fazeum\" \/>\n<meta property=\"og:description\" content=\"Su\u0148ogovci z\u00a0Jasenice a\u00a0Budat\u00edna (2. \u010das\u0165) Su\u0148ogovci sa po z\u00edskan\u00ed bar\u00f3nskeho titulu od cis\u00e1ra Rudolfa II. dostali medzi v\u00fdznamn\u00fa uhorsk\u00fa \u0161\u013eachtu. Ich pr\u00edtomnos\u0165 na Hornom Pova\u017e\u00ed a Kysuciach bola spojen\u00e1 s\u00a0vala\u0161sk\u00fdm a\u00a0kopani\u010diarskym os\u00edd\u013eovan\u00edm. Z iniciat\u00edvy Su\u0148ogovcov vznikli nov\u00e9 osady na Budat\u00ednskom panstve, ako boli Lopu\u0161n\u00e1, Rudinsk\u00e1, Dunajov, Ochodnica a\u00a0na horn\u00fdch Kysuciach to bola Horelica, Rakov\u00e1, Sta\u0161kov, [&hellip;]\" \/>\n<meta property=\"og:url\" content=\"https:\/\/pmza.sk\/?p=73992\" \/>\n<meta property=\"og:site_name\" content=\"Pova\u017esk\u00e9 m\u00fazeum\" \/>\n<meta property=\"article:publisher\" content=\"https:\/\/www.facebook.com\/povazskemuzeum\" \/>\n<meta property=\"article:published_time\" content=\"2026-01-14T06:45:43+00:00\" \/>\n<meta property=\"article:modified_time\" content=\"2026-02-27T06:52:44+00:00\" \/>\n<meta property=\"og:image\" content=\"https:\/\/pmza.sk\/wp-content\/uploads\/2026\/01\/doc07742620260113073618_001.jpg\" \/>\n\t<meta property=\"og:image:width\" content=\"888\" \/>\n\t<meta property=\"og:image:height\" content=\"501\" \/>\n\t<meta property=\"og:image:type\" content=\"image\/jpeg\" \/>\n<meta name=\"author\" content=\"Pova\u017esk\u00e9 m\u00fazeum\" \/>\n<meta name=\"twitter:card\" content=\"summary_large_image\" \/>\n<meta name=\"twitter:label1\" content=\"Autor\" \/>\n\t<meta name=\"twitter:data1\" content=\"Pova\u017esk\u00e9 m\u00fazeum\" \/>\n\t<meta name=\"twitter:label2\" content=\"Predpokladan\u00fd \u010das \u010d\u00edtania\" \/>\n\t<meta name=\"twitter:data2\" content=\"11 min\u00fat\" \/>\n<script type=\"application\/ld+json\" class=\"yoast-schema-graph\">{\"@context\":\"https:\\\/\\\/schema.org\",\"@graph\":[{\"@type\":\"Article\",\"@id\":\"https:\\\/\\\/pmza.sk\\\/?p=73992#article\",\"isPartOf\":{\"@id\":\"https:\\\/\\\/pmza.sk\\\/?p=73992\"},\"author\":{\"name\":\"Pova\u017esk\u00e9 m\u00fazeum\",\"@id\":\"https:\\\/\\\/pmza.sk\\\/#\\\/schema\\\/person\\\/595e6a2ce731ea94dcd5d7f50a41ae33\"},\"headline\":\"Majitelia Budat\u00ednskeho hradu (5. \u010das\u0165)\",\"datePublished\":\"2026-01-14T06:45:43+00:00\",\"dateModified\":\"2026-02-27T06:52:44+00:00\",\"mainEntityOfPage\":{\"@id\":\"https:\\\/\\\/pmza.sk\\\/?p=73992\"},\"wordCount\":2226,\"publisher\":{\"@id\":\"https:\\\/\\\/pmza.sk\\\/#organization\"},\"image\":{\"@id\":\"https:\\\/\\\/pmza.sk\\\/?p=73992#primaryimage\"},\"thumbnailUrl\":\"https:\\\/\\\/pmza.sk\\\/wp-content\\\/uploads\\\/2026\\\/01\\\/doc07742620260113073618_001.jpg\",\"articleSection\":[\"Aktuality\"],\"inLanguage\":\"sk-SK\"},{\"@type\":\"WebPage\",\"@id\":\"https:\\\/\\\/pmza.sk\\\/?p=73992\",\"url\":\"https:\\\/\\\/pmza.sk\\\/?p=73992\",\"name\":\"Majitelia Budat\u00ednskeho hradu (5. \u010das\u0165) - Pova\u017esk\u00e9 m\u00fazeum\",\"isPartOf\":{\"@id\":\"https:\\\/\\\/pmza.sk\\\/#website\"},\"primaryImageOfPage\":{\"@id\":\"https:\\\/\\\/pmza.sk\\\/?p=73992#primaryimage\"},\"image\":{\"@id\":\"https:\\\/\\\/pmza.sk\\\/?p=73992#primaryimage\"},\"thumbnailUrl\":\"https:\\\/\\\/pmza.sk\\\/wp-content\\\/uploads\\\/2026\\\/01\\\/doc07742620260113073618_001.jpg\",\"datePublished\":\"2026-01-14T06:45:43+00:00\",\"dateModified\":\"2026-02-27T06:52:44+00:00\",\"breadcrumb\":{\"@id\":\"https:\\\/\\\/pmza.sk\\\/?p=73992#breadcrumb\"},\"inLanguage\":\"sk-SK\",\"potentialAction\":[{\"@type\":\"ReadAction\",\"target\":[\"https:\\\/\\\/pmza.sk\\\/?p=73992\"]}]},{\"@type\":\"ImageObject\",\"inLanguage\":\"sk-SK\",\"@id\":\"https:\\\/\\\/pmza.sk\\\/?p=73992#primaryimage\",\"url\":\"https:\\\/\\\/pmza.sk\\\/wp-content\\\/uploads\\\/2026\\\/01\\\/doc07742620260113073618_001.jpg\",\"contentUrl\":\"https:\\\/\\\/pmza.sk\\\/wp-content\\\/uploads\\\/2026\\\/01\\\/doc07742620260113073618_001.jpg\",\"width\":888,\"height\":501},{\"@type\":\"BreadcrumbList\",\"@id\":\"https:\\\/\\\/pmza.sk\\\/?p=73992#breadcrumb\",\"itemListElement\":[{\"@type\":\"ListItem\",\"position\":1,\"name\":\"Domovsk\u00e1 str\u00e1nka\",\"item\":\"https:\\\/\\\/pmza.sk\\\/\"},{\"@type\":\"ListItem\",\"position\":2,\"name\":\"Majitelia Budat\u00ednskeho hradu (5. \u010das\u0165)\"}]},{\"@type\":\"WebSite\",\"@id\":\"https:\\\/\\\/pmza.sk\\\/#website\",\"url\":\"https:\\\/\\\/pmza.sk\\\/\",\"name\":\"Pova\u017esk\u00e9 m\u00fazeum\",\"description\":\"Pova\u017esk\u00e9 m\u00fazeum v \u017diline je region\u00e1lne m\u00fazeum so s\u00eddlom v Budat\u00edne. Jeho expoz\u00edcie s\u00fa zameran\u00e9 na dejiny slovensk\u00e9ho umenia, kult\u00fary a dopravy.\",\"publisher\":{\"@id\":\"https:\\\/\\\/pmza.sk\\\/#organization\"},\"potentialAction\":[{\"@type\":\"SearchAction\",\"target\":{\"@type\":\"EntryPoint\",\"urlTemplate\":\"https:\\\/\\\/pmza.sk\\\/?s={search_term_string}\"},\"query-input\":{\"@type\":\"PropertyValueSpecification\",\"valueRequired\":true,\"valueName\":\"search_term_string\"}}],\"inLanguage\":\"sk-SK\"},{\"@type\":\"Organization\",\"@id\":\"https:\\\/\\\/pmza.sk\\\/#organization\",\"name\":\"Pova\u017esk\u00e9 m\u00fazeum\",\"url\":\"https:\\\/\\\/pmza.sk\\\/\",\"logo\":{\"@type\":\"ImageObject\",\"inLanguage\":\"sk-SK\",\"@id\":\"https:\\\/\\\/pmza.sk\\\/#\\\/schema\\\/logo\\\/image\\\/\",\"url\":\"https:\\\/\\\/pmza.sk\\\/wp-content\\\/uploads\\\/2022\\\/01\\\/logo_PM_horizontal.jpg\",\"contentUrl\":\"https:\\\/\\\/pmza.sk\\\/wp-content\\\/uploads\\\/2022\\\/01\\\/logo_PM_horizontal.jpg\",\"width\":231,\"height\":142,\"caption\":\"Pova\u017esk\u00e9 m\u00fazeum\"},\"image\":{\"@id\":\"https:\\\/\\\/pmza.sk\\\/#\\\/schema\\\/logo\\\/image\\\/\"},\"sameAs\":[\"https:\\\/\\\/www.facebook.com\\\/povazskemuzeum\",\"https:\\\/\\\/www.instagram.com\\\/povazskemuzeum\\\/\"]},{\"@type\":\"Person\",\"@id\":\"https:\\\/\\\/pmza.sk\\\/#\\\/schema\\\/person\\\/595e6a2ce731ea94dcd5d7f50a41ae33\",\"name\":\"Pova\u017esk\u00e9 m\u00fazeum\",\"image\":{\"@type\":\"ImageObject\",\"inLanguage\":\"sk-SK\",\"@id\":\"https:\\\/\\\/secure.gravatar.com\\\/avatar\\\/2bb7f1561282132fb5826dfeccc66c7996d11ee392ac6aaf7ced8a1c2027fbb2?s=96&d=mm&r=g\",\"url\":\"https:\\\/\\\/secure.gravatar.com\\\/avatar\\\/2bb7f1561282132fb5826dfeccc66c7996d11ee392ac6aaf7ced8a1c2027fbb2?s=96&d=mm&r=g\",\"contentUrl\":\"https:\\\/\\\/secure.gravatar.com\\\/avatar\\\/2bb7f1561282132fb5826dfeccc66c7996d11ee392ac6aaf7ced8a1c2027fbb2?s=96&d=mm&r=g\",\"caption\":\"Pova\u017esk\u00e9 m\u00fazeum\"}}]}<\/script>\n<!-- \/ Yoast SEO plugin. -->","yoast_head_json":{"title":"Majitelia Budat\u00ednskeho hradu (5. \u010das\u0165) - Pova\u017esk\u00e9 m\u00fazeum","robots":{"index":"index","follow":"follow","max-snippet":"max-snippet:-1","max-image-preview":"max-image-preview:large","max-video-preview":"max-video-preview:-1"},"canonical":"https:\/\/pmza.sk\/?p=73992","og_locale":"sk_SK","og_type":"article","og_title":"Majitelia Budat\u00ednskeho hradu (5. \u010das\u0165) - Pova\u017esk\u00e9 m\u00fazeum","og_description":"Su\u0148ogovci z\u00a0Jasenice a\u00a0Budat\u00edna (2. \u010das\u0165) Su\u0148ogovci sa po z\u00edskan\u00ed bar\u00f3nskeho titulu od cis\u00e1ra Rudolfa II. dostali medzi v\u00fdznamn\u00fa uhorsk\u00fa \u0161\u013eachtu. Ich pr\u00edtomnos\u0165 na Hornom Pova\u017e\u00ed a Kysuciach bola spojen\u00e1 s\u00a0vala\u0161sk\u00fdm a\u00a0kopani\u010diarskym os\u00edd\u013eovan\u00edm. Z iniciat\u00edvy Su\u0148ogovcov vznikli nov\u00e9 osady na Budat\u00ednskom panstve, ako boli Lopu\u0161n\u00e1, Rudinsk\u00e1, Dunajov, Ochodnica a\u00a0na horn\u00fdch Kysuciach to bola Horelica, Rakov\u00e1, Sta\u0161kov, [&hellip;]","og_url":"https:\/\/pmza.sk\/?p=73992","og_site_name":"Pova\u017esk\u00e9 m\u00fazeum","article_publisher":"https:\/\/www.facebook.com\/povazskemuzeum","article_published_time":"2026-01-14T06:45:43+00:00","article_modified_time":"2026-02-27T06:52:44+00:00","og_image":[{"width":888,"height":501,"url":"https:\/\/pmza.sk\/wp-content\/uploads\/2026\/01\/doc07742620260113073618_001.jpg","type":"image\/jpeg"}],"author":"Pova\u017esk\u00e9 m\u00fazeum","twitter_card":"summary_large_image","twitter_misc":{"Autor":"Pova\u017esk\u00e9 m\u00fazeum","Predpokladan\u00fd \u010das \u010d\u00edtania":"11 min\u00fat"},"schema":{"@context":"https:\/\/schema.org","@graph":[{"@type":"Article","@id":"https:\/\/pmza.sk\/?p=73992#article","isPartOf":{"@id":"https:\/\/pmza.sk\/?p=73992"},"author":{"name":"Pova\u017esk\u00e9 m\u00fazeum","@id":"https:\/\/pmza.sk\/#\/schema\/person\/595e6a2ce731ea94dcd5d7f50a41ae33"},"headline":"Majitelia Budat\u00ednskeho hradu (5. \u010das\u0165)","datePublished":"2026-01-14T06:45:43+00:00","dateModified":"2026-02-27T06:52:44+00:00","mainEntityOfPage":{"@id":"https:\/\/pmza.sk\/?p=73992"},"wordCount":2226,"publisher":{"@id":"https:\/\/pmza.sk\/#organization"},"image":{"@id":"https:\/\/pmza.sk\/?p=73992#primaryimage"},"thumbnailUrl":"https:\/\/pmza.sk\/wp-content\/uploads\/2026\/01\/doc07742620260113073618_001.jpg","articleSection":["Aktuality"],"inLanguage":"sk-SK"},{"@type":"WebPage","@id":"https:\/\/pmza.sk\/?p=73992","url":"https:\/\/pmza.sk\/?p=73992","name":"Majitelia Budat\u00ednskeho hradu (5. \u010das\u0165) - Pova\u017esk\u00e9 m\u00fazeum","isPartOf":{"@id":"https:\/\/pmza.sk\/#website"},"primaryImageOfPage":{"@id":"https:\/\/pmza.sk\/?p=73992#primaryimage"},"image":{"@id":"https:\/\/pmza.sk\/?p=73992#primaryimage"},"thumbnailUrl":"https:\/\/pmza.sk\/wp-content\/uploads\/2026\/01\/doc07742620260113073618_001.jpg","datePublished":"2026-01-14T06:45:43+00:00","dateModified":"2026-02-27T06:52:44+00:00","breadcrumb":{"@id":"https:\/\/pmza.sk\/?p=73992#breadcrumb"},"inLanguage":"sk-SK","potentialAction":[{"@type":"ReadAction","target":["https:\/\/pmza.sk\/?p=73992"]}]},{"@type":"ImageObject","inLanguage":"sk-SK","@id":"https:\/\/pmza.sk\/?p=73992#primaryimage","url":"https:\/\/pmza.sk\/wp-content\/uploads\/2026\/01\/doc07742620260113073618_001.jpg","contentUrl":"https:\/\/pmza.sk\/wp-content\/uploads\/2026\/01\/doc07742620260113073618_001.jpg","width":888,"height":501},{"@type":"BreadcrumbList","@id":"https:\/\/pmza.sk\/?p=73992#breadcrumb","itemListElement":[{"@type":"ListItem","position":1,"name":"Domovsk\u00e1 str\u00e1nka","item":"https:\/\/pmza.sk\/"},{"@type":"ListItem","position":2,"name":"Majitelia Budat\u00ednskeho hradu (5. \u010das\u0165)"}]},{"@type":"WebSite","@id":"https:\/\/pmza.sk\/#website","url":"https:\/\/pmza.sk\/","name":"Pova\u017esk\u00e9 m\u00fazeum","description":"Pova\u017esk\u00e9 m\u00fazeum v \u017diline je region\u00e1lne m\u00fazeum so s\u00eddlom v Budat\u00edne. Jeho expoz\u00edcie s\u00fa zameran\u00e9 na dejiny slovensk\u00e9ho umenia, kult\u00fary a dopravy.","publisher":{"@id":"https:\/\/pmza.sk\/#organization"},"potentialAction":[{"@type":"SearchAction","target":{"@type":"EntryPoint","urlTemplate":"https:\/\/pmza.sk\/?s={search_term_string}"},"query-input":{"@type":"PropertyValueSpecification","valueRequired":true,"valueName":"search_term_string"}}],"inLanguage":"sk-SK"},{"@type":"Organization","@id":"https:\/\/pmza.sk\/#organization","name":"Pova\u017esk\u00e9 m\u00fazeum","url":"https:\/\/pmza.sk\/","logo":{"@type":"ImageObject","inLanguage":"sk-SK","@id":"https:\/\/pmza.sk\/#\/schema\/logo\/image\/","url":"https:\/\/pmza.sk\/wp-content\/uploads\/2022\/01\/logo_PM_horizontal.jpg","contentUrl":"https:\/\/pmza.sk\/wp-content\/uploads\/2022\/01\/logo_PM_horizontal.jpg","width":231,"height":142,"caption":"Pova\u017esk\u00e9 m\u00fazeum"},"image":{"@id":"https:\/\/pmza.sk\/#\/schema\/logo\/image\/"},"sameAs":["https:\/\/www.facebook.com\/povazskemuzeum","https:\/\/www.instagram.com\/povazskemuzeum\/"]},{"@type":"Person","@id":"https:\/\/pmza.sk\/#\/schema\/person\/595e6a2ce731ea94dcd5d7f50a41ae33","name":"Pova\u017esk\u00e9 m\u00fazeum","image":{"@type":"ImageObject","inLanguage":"sk-SK","@id":"https:\/\/secure.gravatar.com\/avatar\/2bb7f1561282132fb5826dfeccc66c7996d11ee392ac6aaf7ced8a1c2027fbb2?s=96&d=mm&r=g","url":"https:\/\/secure.gravatar.com\/avatar\/2bb7f1561282132fb5826dfeccc66c7996d11ee392ac6aaf7ced8a1c2027fbb2?s=96&d=mm&r=g","contentUrl":"https:\/\/secure.gravatar.com\/avatar\/2bb7f1561282132fb5826dfeccc66c7996d11ee392ac6aaf7ced8a1c2027fbb2?s=96&d=mm&r=g","caption":"Pova\u017esk\u00e9 m\u00fazeum"}}]}},"_links":{"self":[{"href":"https:\/\/pmza.sk\/index.php?rest_route=\/wp\/v2\/posts\/73992","targetHints":{"allow":["GET"]}}],"collection":[{"href":"https:\/\/pmza.sk\/index.php?rest_route=\/wp\/v2\/posts"}],"about":[{"href":"https:\/\/pmza.sk\/index.php?rest_route=\/wp\/v2\/types\/post"}],"author":[{"embeddable":true,"href":"https:\/\/pmza.sk\/index.php?rest_route=\/wp\/v2\/users\/2"}],"replies":[{"embeddable":true,"href":"https:\/\/pmza.sk\/index.php?rest_route=%2Fwp%2Fv2%2Fcomments&post=73992"}],"version-history":[{"count":0,"href":"https:\/\/pmza.sk\/index.php?rest_route=\/wp\/v2\/posts\/73992\/revisions"}],"wp:featuredmedia":[{"embeddable":true,"href":"https:\/\/pmza.sk\/index.php?rest_route=\/wp\/v2\/media\/73994"}],"wp:attachment":[{"href":"https:\/\/pmza.sk\/index.php?rest_route=%2Fwp%2Fv2%2Fmedia&parent=73992"}],"wp:term":[{"taxonomy":"category","embeddable":true,"href":"https:\/\/pmza.sk\/index.php?rest_route=%2Fwp%2Fv2%2Fcategories&post=73992"},{"taxonomy":"post_tag","embeddable":true,"href":"https:\/\/pmza.sk\/index.php?rest_route=%2Fwp%2Fv2%2Ftags&post=73992"}],"curies":[{"name":"wp","href":"https:\/\/api.w.org\/{rel}","templated":true}]}}