{"id":74489,"date":"2026-02-03T10:44:18","date_gmt":"2026-02-03T09:44:18","guid":{"rendered":"https:\/\/pmza.sk\/?p=74489"},"modified":"2026-04-09T07:21:37","modified_gmt":"2026-04-09T05:21:37","slug":"rajecke-teplice-na-prelome-storoci-historicke-pohladnice-zo-zbierky-mudr-pavla-melisa-a-jeho-syna-martina","status":"publish","type":"post","link":"https:\/\/pmza.sk\/?p=74489","title":{"rendered":"Rajeck\u00e9 Teplice na prelome storo\u010d\u00ed"},"content":{"rendered":"<p>Rajeck\u00e1 dolina, nach\u00e1dzaj\u00faca sa ju\u017ene od \u017diliny, je od konca 19. storo\u010dia turisticky vyh\u013ead\u00e1van\u00fd regi\u00f3n s\u00a0mno\u017estvom pr\u00edrodn\u00fdch kr\u00e1s s\u00a0centrom v k\u00fape\u013enom meste Rajeck\u00e9 Teplice. Na prelome storo\u010d\u00ed sa menila architekt\u00fara tohto mesta, pribudli k\u00fape\u013en\u00e9 domy, hotely, vily i\u00a0\u017eeleznica. Tieto premeny a\u00a0okolit\u00fa pr\u00edrodu zachyt\u00e1vaj\u00fa dobov\u00e9 poh\u013eadnice, ktor\u00fdch ucelen\u00fa zbierku vytvoril MUDr. Pavol Meli\u0161 a\u00a0jeho syn Martin. V\u00fdstava origin\u00e1lov poh\u013eadn\u00edc a\u00a0\u010fal\u0161\u00edch dokumentov bude prv\u00fdkr\u00e1t prezentovan\u00e1 vo v\u00fdstavnej miestnosti v kaplnke Budat\u00ednskeho hradu.<\/p>\n<p>Sl\u00e1vnostn\u00e9 otvorenie v\u00fdstavy sa uskuto\u010dn\u00ed 6. febru\u00e1ra 2026 o 16.00 v kaplnke Budat\u00ednskeho hradu.<\/p>\n<div class=\"wp-block-image\"><img fetchpriority=\"high\" decoding=\"async\" class=\"wpa-warning wpa-image-missing-alt alignnone size-medium wp-image-74490\" src=\"https:\/\/pmza.sk\/wp-content\/uploads\/2026\/02\/Vystava_pohladnic_K3-255x360.jpg\" alt=\"\" width=\"255\" height=\"360\" data-warning=\"Missing alt text\" srcset=\"https:\/\/pmza.sk\/wp-content\/uploads\/2026\/02\/Vystava_pohladnic_K3-255x360.jpg 255w, https:\/\/pmza.sk\/wp-content\/uploads\/2026\/02\/Vystava_pohladnic_K3-520x736.jpg 520w, https:\/\/pmza.sk\/wp-content\/uploads\/2026\/02\/Vystava_pohladnic_K3-768x1086.jpg 768w, https:\/\/pmza.sk\/wp-content\/uploads\/2026\/02\/Vystava_pohladnic_K3-1086x1536.jpg 1086w, https:\/\/pmza.sk\/wp-content\/uploads\/2026\/02\/Vystava_pohladnic_K3-1448x2048.jpg 1448w, https:\/\/pmza.sk\/wp-content\/uploads\/2026\/02\/Vystava_pohladnic_K3-600x849.jpg 600w, https:\/\/pmza.sk\/wp-content\/uploads\/2026\/02\/Vystava_pohladnic_K3-scaled.jpg 1810w\" sizes=\"(max-width: 255px) 100vw, 255px\" \/><\/div>\n<div>Plag\u00e1t v plnej ve\u013ekosti <a href=\"https:\/\/pmza.sk\/wp-content\/uploads\/2026\/02\/Vystava_pohladnic_K3.pdf\">TU\u00a0<\/a><\/div>\n","protected":false},"excerpt":{"rendered":"<p>Rajeck\u00e1 dolina, nach\u00e1dzaj\u00faca sa ju\u017ene od \u017diliny, je od konca 19. storo\u010dia turisticky vyh\u013ead\u00e1van\u00fd regi\u00f3n s\u00a0mno\u017estvom pr\u00edrodn\u00fdch kr\u00e1s s\u00a0centrom v k\u00fape\u013enom meste Rajeck\u00e9 Teplice. Na prelome storo\u010d\u00ed sa menila architekt\u00fara tohto mesta, pribudli k\u00fape\u013en\u00e9 domy, hotely, vily i\u00a0\u017eeleznica. Tieto premeny a\u00a0okolit\u00fa pr\u00edrodu zachyt\u00e1vaj\u00fa dobov\u00e9 poh\u013eadnice, ktor\u00fdch ucelen\u00fa zbierku vytvoril MUDr. Pavol Meli\u0161 a\u00a0jeho syn Martin. [&hellip;]<\/p>\n","protected":false},"author":2,"featured_media":74492,"comment_status":"closed","ping_status":"closed","sticky":false,"template":"","format":"standard","meta":{"site-sidebar-layout":"default","site-content-layout":"","ast-site-content-layout":"default","site-content-style":"default","site-sidebar-style":"default","ast-global-header-display":"","ast-banner-title-visibility":"","ast-main-header-display":"","ast-hfb-above-header-display":"","ast-hfb-below-header-display":"","ast-hfb-mobile-header-display":"","site-post-title":"","ast-breadcrumbs-content":"","ast-featured-img":"","footer-sml-layout":"","theme-transparent-header-meta":"default","adv-header-id-meta":"","stick-header-meta":"default","header-above-stick-meta":"","header-main-stick-meta":"","header-below-stick-meta":"","astra-migrate-meta-layouts":"set","ast-page-background-enabled":"default","ast-page-background-meta":{"desktop":{"background-color":"var(--ast-global-color-4)","background-image":"","background-repeat":"repeat","background-position":"center center","background-size":"auto","background-attachment":"scroll","background-type":"","background-media":"","overlay-type":"","overlay-color":"","overlay-opacity":"","overlay-gradient":""},"tablet":{"background-color":"","background-image":"","background-repeat":"repeat","background-position":"center center","background-size":"auto","background-attachment":"scroll","background-type":"","background-media":"","overlay-type":"","overlay-color":"","overlay-opacity":"","overlay-gradient":""},"mobile":{"background-color":"","background-image":"","background-repeat":"repeat","background-position":"center center","background-size":"auto","background-attachment":"scroll","background-type":"","background-media":"","overlay-type":"","overlay-color":"","overlay-opacity":"","overlay-gradient":""}},"ast-content-background-meta":{"desktop":{"background-color":"var(--ast-global-color-5)","background-image":"","background-repeat":"repeat","background-position":"center center","background-size":"auto","background-attachment":"scroll","background-type":"","background-media":"","overlay-type":"","overlay-color":"","overlay-opacity":"","overlay-gradient":""},"tablet":{"background-color":"var(--ast-global-color-5)","background-image":"","background-repeat":"repeat","background-position":"center center","background-size":"auto","background-attachment":"scroll","background-type":"","background-media":"","overlay-type":"","overlay-color":"","overlay-opacity":"","overlay-gradient":""},"mobile":{"background-color":"var(--ast-global-color-5)","background-image":"","background-repeat":"repeat","background-position":"center center","background-size":"auto","background-attachment":"scroll","background-type":"","background-media":"","overlay-type":"","overlay-color":"","overlay-opacity":"","overlay-gradient":""}},"footnotes":""},"categories":[72],"tags":[],"class_list":["post-74489","post","type-post","status-publish","format-standard","has-post-thumbnail","hentry","category-vystavy"],"yoast_head":"<!-- This site is optimized with the Yoast SEO plugin v27.4 - https:\/\/yoast.com\/product\/yoast-seo-wordpress\/ -->\n<title>Rajeck\u00e9 Teplice na prelome storo\u010d\u00ed - Pova\u017esk\u00e9 m\u00fazeum<\/title>\n<meta name=\"robots\" content=\"index, follow, max-snippet:-1, max-image-preview:large, max-video-preview:-1\" \/>\n<link rel=\"canonical\" href=\"https:\/\/pmza.sk\/?p=74489\" \/>\n<meta property=\"og:locale\" content=\"sk_SK\" \/>\n<meta property=\"og:type\" content=\"article\" \/>\n<meta property=\"og:title\" content=\"Rajeck\u00e9 Teplice na prelome storo\u010d\u00ed - Pova\u017esk\u00e9 m\u00fazeum\" \/>\n<meta property=\"og:description\" content=\"Rajeck\u00e1 dolina, nach\u00e1dzaj\u00faca sa ju\u017ene od \u017diliny, je od konca 19. storo\u010dia turisticky vyh\u013ead\u00e1van\u00fd regi\u00f3n s\u00a0mno\u017estvom pr\u00edrodn\u00fdch kr\u00e1s s\u00a0centrom v k\u00fape\u013enom meste Rajeck\u00e9 Teplice. Na prelome storo\u010d\u00ed sa menila architekt\u00fara tohto mesta, pribudli k\u00fape\u013en\u00e9 domy, hotely, vily i\u00a0\u017eeleznica. Tieto premeny a\u00a0okolit\u00fa pr\u00edrodu zachyt\u00e1vaj\u00fa dobov\u00e9 poh\u013eadnice, ktor\u00fdch ucelen\u00fa zbierku vytvoril MUDr. Pavol Meli\u0161 a\u00a0jeho syn Martin. [&hellip;]\" \/>\n<meta property=\"og:url\" content=\"https:\/\/pmza.sk\/?p=74489\" \/>\n<meta property=\"og:site_name\" content=\"Pova\u017esk\u00e9 m\u00fazeum\" \/>\n<meta property=\"article:publisher\" content=\"https:\/\/www.facebook.com\/povazskemuzeum\" \/>\n<meta property=\"article:published_time\" content=\"2026-02-03T09:44:18+00:00\" \/>\n<meta property=\"article:modified_time\" content=\"2026-04-09T05:21:37+00:00\" \/>\n<meta property=\"og:image\" content=\"https:\/\/pmza.sk\/wp-content\/uploads\/2026\/02\/Vystava_pohladnic_web-scaled.jpg\" \/>\n\t<meta property=\"og:image:width\" content=\"2560\" \/>\n\t<meta property=\"og:image:height\" content=\"2560\" \/>\n\t<meta property=\"og:image:type\" content=\"image\/jpeg\" \/>\n<meta name=\"author\" content=\"Pova\u017esk\u00e9 m\u00fazeum\" \/>\n<meta name=\"twitter:card\" content=\"summary_large_image\" \/>\n<meta name=\"twitter:label1\" content=\"Autor\" \/>\n\t<meta name=\"twitter:data1\" content=\"Pova\u017esk\u00e9 m\u00fazeum\" \/>\n\t<meta name=\"twitter:label2\" content=\"Predpokladan\u00fd \u010das \u010d\u00edtania\" \/>\n\t<meta name=\"twitter:data2\" content=\"1 min\u00fata\" \/>\n<script type=\"application\/ld+json\" class=\"yoast-schema-graph\">{\"@context\":\"https:\\\/\\\/schema.org\",\"@graph\":[{\"@type\":\"Article\",\"@id\":\"https:\\\/\\\/pmza.sk\\\/?p=74489#article\",\"isPartOf\":{\"@id\":\"https:\\\/\\\/pmza.sk\\\/?p=74489\"},\"author\":{\"name\":\"Pova\u017esk\u00e9 m\u00fazeum\",\"@id\":\"https:\\\/\\\/pmza.sk\\\/#\\\/schema\\\/person\\\/595e6a2ce731ea94dcd5d7f50a41ae33\"},\"headline\":\"Rajeck\u00e9 Teplice na prelome storo\u010d\u00ed\",\"datePublished\":\"2026-02-03T09:44:18+00:00\",\"dateModified\":\"2026-04-09T05:21:37+00:00\",\"mainEntityOfPage\":{\"@id\":\"https:\\\/\\\/pmza.sk\\\/?p=74489\"},\"wordCount\":132,\"publisher\":{\"@id\":\"https:\\\/\\\/pmza.sk\\\/#organization\"},\"image\":{\"@id\":\"https:\\\/\\\/pmza.sk\\\/?p=74489#primaryimage\"},\"thumbnailUrl\":\"https:\\\/\\\/pmza.sk\\\/wp-content\\\/uploads\\\/2026\\\/02\\\/Vystava_pohladnic_web-scaled.jpg\",\"articleSection\":[\"V\u00fdstavy\"],\"inLanguage\":\"sk-SK\"},{\"@type\":\"WebPage\",\"@id\":\"https:\\\/\\\/pmza.sk\\\/?p=74489\",\"url\":\"https:\\\/\\\/pmza.sk\\\/?p=74489\",\"name\":\"Rajeck\u00e9 Teplice na prelome storo\u010d\u00ed - Pova\u017esk\u00e9 m\u00fazeum\",\"isPartOf\":{\"@id\":\"https:\\\/\\\/pmza.sk\\\/#website\"},\"primaryImageOfPage\":{\"@id\":\"https:\\\/\\\/pmza.sk\\\/?p=74489#primaryimage\"},\"image\":{\"@id\":\"https:\\\/\\\/pmza.sk\\\/?p=74489#primaryimage\"},\"thumbnailUrl\":\"https:\\\/\\\/pmza.sk\\\/wp-content\\\/uploads\\\/2026\\\/02\\\/Vystava_pohladnic_web-scaled.jpg\",\"datePublished\":\"2026-02-03T09:44:18+00:00\",\"dateModified\":\"2026-04-09T05:21:37+00:00\",\"breadcrumb\":{\"@id\":\"https:\\\/\\\/pmza.sk\\\/?p=74489#breadcrumb\"},\"inLanguage\":\"sk-SK\",\"potentialAction\":[{\"@type\":\"ReadAction\",\"target\":[\"https:\\\/\\\/pmza.sk\\\/?p=74489\"]}]},{\"@type\":\"ImageObject\",\"inLanguage\":\"sk-SK\",\"@id\":\"https:\\\/\\\/pmza.sk\\\/?p=74489#primaryimage\",\"url\":\"https:\\\/\\\/pmza.sk\\\/wp-content\\\/uploads\\\/2026\\\/02\\\/Vystava_pohladnic_web-scaled.jpg\",\"contentUrl\":\"https:\\\/\\\/pmza.sk\\\/wp-content\\\/uploads\\\/2026\\\/02\\\/Vystava_pohladnic_web-scaled.jpg\",\"width\":2560,\"height\":2560},{\"@type\":\"BreadcrumbList\",\"@id\":\"https:\\\/\\\/pmza.sk\\\/?p=74489#breadcrumb\",\"itemListElement\":[{\"@type\":\"ListItem\",\"position\":1,\"name\":\"Domovsk\u00e1 str\u00e1nka\",\"item\":\"https:\\\/\\\/pmza.sk\\\/\"},{\"@type\":\"ListItem\",\"position\":2,\"name\":\"Rajeck\u00e9 Teplice na prelome storo\u010d\u00ed\"}]},{\"@type\":\"WebSite\",\"@id\":\"https:\\\/\\\/pmza.sk\\\/#website\",\"url\":\"https:\\\/\\\/pmza.sk\\\/\",\"name\":\"Pova\u017esk\u00e9 m\u00fazeum\",\"description\":\"Pova\u017esk\u00e9 m\u00fazeum v \u017diline je region\u00e1lne m\u00fazeum so s\u00eddlom v Budat\u00edne. Jeho expoz\u00edcie s\u00fa zameran\u00e9 na dejiny slovensk\u00e9ho umenia, kult\u00fary a dopravy.\",\"publisher\":{\"@id\":\"https:\\\/\\\/pmza.sk\\\/#organization\"},\"potentialAction\":[{\"@type\":\"SearchAction\",\"target\":{\"@type\":\"EntryPoint\",\"urlTemplate\":\"https:\\\/\\\/pmza.sk\\\/?s={search_term_string}\"},\"query-input\":{\"@type\":\"PropertyValueSpecification\",\"valueRequired\":true,\"valueName\":\"search_term_string\"}}],\"inLanguage\":\"sk-SK\"},{\"@type\":\"Organization\",\"@id\":\"https:\\\/\\\/pmza.sk\\\/#organization\",\"name\":\"Pova\u017esk\u00e9 m\u00fazeum\",\"url\":\"https:\\\/\\\/pmza.sk\\\/\",\"logo\":{\"@type\":\"ImageObject\",\"inLanguage\":\"sk-SK\",\"@id\":\"https:\\\/\\\/pmza.sk\\\/#\\\/schema\\\/logo\\\/image\\\/\",\"url\":\"https:\\\/\\\/pmza.sk\\\/wp-content\\\/uploads\\\/2022\\\/01\\\/logo_PM_horizontal.jpg\",\"contentUrl\":\"https:\\\/\\\/pmza.sk\\\/wp-content\\\/uploads\\\/2022\\\/01\\\/logo_PM_horizontal.jpg\",\"width\":231,\"height\":142,\"caption\":\"Pova\u017esk\u00e9 m\u00fazeum\"},\"image\":{\"@id\":\"https:\\\/\\\/pmza.sk\\\/#\\\/schema\\\/logo\\\/image\\\/\"},\"sameAs\":[\"https:\\\/\\\/www.facebook.com\\\/povazskemuzeum\",\"https:\\\/\\\/www.instagram.com\\\/povazskemuzeum\\\/\"]},{\"@type\":\"Person\",\"@id\":\"https:\\\/\\\/pmza.sk\\\/#\\\/schema\\\/person\\\/595e6a2ce731ea94dcd5d7f50a41ae33\",\"name\":\"Pova\u017esk\u00e9 m\u00fazeum\",\"image\":{\"@type\":\"ImageObject\",\"inLanguage\":\"sk-SK\",\"@id\":\"https:\\\/\\\/secure.gravatar.com\\\/avatar\\\/2bb7f1561282132fb5826dfeccc66c7996d11ee392ac6aaf7ced8a1c2027fbb2?s=96&d=mm&r=g\",\"url\":\"https:\\\/\\\/secure.gravatar.com\\\/avatar\\\/2bb7f1561282132fb5826dfeccc66c7996d11ee392ac6aaf7ced8a1c2027fbb2?s=96&d=mm&r=g\",\"contentUrl\":\"https:\\\/\\\/secure.gravatar.com\\\/avatar\\\/2bb7f1561282132fb5826dfeccc66c7996d11ee392ac6aaf7ced8a1c2027fbb2?s=96&d=mm&r=g\",\"caption\":\"Pova\u017esk\u00e9 m\u00fazeum\"}}]}<\/script>\n<!-- \/ Yoast SEO plugin. -->","yoast_head_json":{"title":"Rajeck\u00e9 Teplice na prelome storo\u010d\u00ed - Pova\u017esk\u00e9 m\u00fazeum","robots":{"index":"index","follow":"follow","max-snippet":"max-snippet:-1","max-image-preview":"max-image-preview:large","max-video-preview":"max-video-preview:-1"},"canonical":"https:\/\/pmza.sk\/?p=74489","og_locale":"sk_SK","og_type":"article","og_title":"Rajeck\u00e9 Teplice na prelome storo\u010d\u00ed - Pova\u017esk\u00e9 m\u00fazeum","og_description":"Rajeck\u00e1 dolina, nach\u00e1dzaj\u00faca sa ju\u017ene od \u017diliny, je od konca 19. storo\u010dia turisticky vyh\u013ead\u00e1van\u00fd regi\u00f3n s\u00a0mno\u017estvom pr\u00edrodn\u00fdch kr\u00e1s s\u00a0centrom v k\u00fape\u013enom meste Rajeck\u00e9 Teplice. Na prelome storo\u010d\u00ed sa menila architekt\u00fara tohto mesta, pribudli k\u00fape\u013en\u00e9 domy, hotely, vily i\u00a0\u017eeleznica. Tieto premeny a\u00a0okolit\u00fa pr\u00edrodu zachyt\u00e1vaj\u00fa dobov\u00e9 poh\u013eadnice, ktor\u00fdch ucelen\u00fa zbierku vytvoril MUDr. Pavol Meli\u0161 a\u00a0jeho syn Martin. [&hellip;]","og_url":"https:\/\/pmza.sk\/?p=74489","og_site_name":"Pova\u017esk\u00e9 m\u00fazeum","article_publisher":"https:\/\/www.facebook.com\/povazskemuzeum","article_published_time":"2026-02-03T09:44:18+00:00","article_modified_time":"2026-04-09T05:21:37+00:00","og_image":[{"width":2560,"height":2560,"url":"https:\/\/pmza.sk\/wp-content\/uploads\/2026\/02\/Vystava_pohladnic_web-scaled.jpg","type":"image\/jpeg"}],"author":"Pova\u017esk\u00e9 m\u00fazeum","twitter_card":"summary_large_image","twitter_misc":{"Autor":"Pova\u017esk\u00e9 m\u00fazeum","Predpokladan\u00fd \u010das \u010d\u00edtania":"1 min\u00fata"},"schema":{"@context":"https:\/\/schema.org","@graph":[{"@type":"Article","@id":"https:\/\/pmza.sk\/?p=74489#article","isPartOf":{"@id":"https:\/\/pmza.sk\/?p=74489"},"author":{"name":"Pova\u017esk\u00e9 m\u00fazeum","@id":"https:\/\/pmza.sk\/#\/schema\/person\/595e6a2ce731ea94dcd5d7f50a41ae33"},"headline":"Rajeck\u00e9 Teplice na prelome storo\u010d\u00ed","datePublished":"2026-02-03T09:44:18+00:00","dateModified":"2026-04-09T05:21:37+00:00","mainEntityOfPage":{"@id":"https:\/\/pmza.sk\/?p=74489"},"wordCount":132,"publisher":{"@id":"https:\/\/pmza.sk\/#organization"},"image":{"@id":"https:\/\/pmza.sk\/?p=74489#primaryimage"},"thumbnailUrl":"https:\/\/pmza.sk\/wp-content\/uploads\/2026\/02\/Vystava_pohladnic_web-scaled.jpg","articleSection":["V\u00fdstavy"],"inLanguage":"sk-SK"},{"@type":"WebPage","@id":"https:\/\/pmza.sk\/?p=74489","url":"https:\/\/pmza.sk\/?p=74489","name":"Rajeck\u00e9 Teplice na prelome storo\u010d\u00ed - Pova\u017esk\u00e9 m\u00fazeum","isPartOf":{"@id":"https:\/\/pmza.sk\/#website"},"primaryImageOfPage":{"@id":"https:\/\/pmza.sk\/?p=74489#primaryimage"},"image":{"@id":"https:\/\/pmza.sk\/?p=74489#primaryimage"},"thumbnailUrl":"https:\/\/pmza.sk\/wp-content\/uploads\/2026\/02\/Vystava_pohladnic_web-scaled.jpg","datePublished":"2026-02-03T09:44:18+00:00","dateModified":"2026-04-09T05:21:37+00:00","breadcrumb":{"@id":"https:\/\/pmza.sk\/?p=74489#breadcrumb"},"inLanguage":"sk-SK","potentialAction":[{"@type":"ReadAction","target":["https:\/\/pmza.sk\/?p=74489"]}]},{"@type":"ImageObject","inLanguage":"sk-SK","@id":"https:\/\/pmza.sk\/?p=74489#primaryimage","url":"https:\/\/pmza.sk\/wp-content\/uploads\/2026\/02\/Vystava_pohladnic_web-scaled.jpg","contentUrl":"https:\/\/pmza.sk\/wp-content\/uploads\/2026\/02\/Vystava_pohladnic_web-scaled.jpg","width":2560,"height":2560},{"@type":"BreadcrumbList","@id":"https:\/\/pmza.sk\/?p=74489#breadcrumb","itemListElement":[{"@type":"ListItem","position":1,"name":"Domovsk\u00e1 str\u00e1nka","item":"https:\/\/pmza.sk\/"},{"@type":"ListItem","position":2,"name":"Rajeck\u00e9 Teplice na prelome storo\u010d\u00ed"}]},{"@type":"WebSite","@id":"https:\/\/pmza.sk\/#website","url":"https:\/\/pmza.sk\/","name":"Pova\u017esk\u00e9 m\u00fazeum","description":"Pova\u017esk\u00e9 m\u00fazeum v \u017diline je region\u00e1lne m\u00fazeum so s\u00eddlom v Budat\u00edne. Jeho expoz\u00edcie s\u00fa zameran\u00e9 na dejiny slovensk\u00e9ho umenia, kult\u00fary a dopravy.","publisher":{"@id":"https:\/\/pmza.sk\/#organization"},"potentialAction":[{"@type":"SearchAction","target":{"@type":"EntryPoint","urlTemplate":"https:\/\/pmza.sk\/?s={search_term_string}"},"query-input":{"@type":"PropertyValueSpecification","valueRequired":true,"valueName":"search_term_string"}}],"inLanguage":"sk-SK"},{"@type":"Organization","@id":"https:\/\/pmza.sk\/#organization","name":"Pova\u017esk\u00e9 m\u00fazeum","url":"https:\/\/pmza.sk\/","logo":{"@type":"ImageObject","inLanguage":"sk-SK","@id":"https:\/\/pmza.sk\/#\/schema\/logo\/image\/","url":"https:\/\/pmza.sk\/wp-content\/uploads\/2022\/01\/logo_PM_horizontal.jpg","contentUrl":"https:\/\/pmza.sk\/wp-content\/uploads\/2022\/01\/logo_PM_horizontal.jpg","width":231,"height":142,"caption":"Pova\u017esk\u00e9 m\u00fazeum"},"image":{"@id":"https:\/\/pmza.sk\/#\/schema\/logo\/image\/"},"sameAs":["https:\/\/www.facebook.com\/povazskemuzeum","https:\/\/www.instagram.com\/povazskemuzeum\/"]},{"@type":"Person","@id":"https:\/\/pmza.sk\/#\/schema\/person\/595e6a2ce731ea94dcd5d7f50a41ae33","name":"Pova\u017esk\u00e9 m\u00fazeum","image":{"@type":"ImageObject","inLanguage":"sk-SK","@id":"https:\/\/secure.gravatar.com\/avatar\/2bb7f1561282132fb5826dfeccc66c7996d11ee392ac6aaf7ced8a1c2027fbb2?s=96&d=mm&r=g","url":"https:\/\/secure.gravatar.com\/avatar\/2bb7f1561282132fb5826dfeccc66c7996d11ee392ac6aaf7ced8a1c2027fbb2?s=96&d=mm&r=g","contentUrl":"https:\/\/secure.gravatar.com\/avatar\/2bb7f1561282132fb5826dfeccc66c7996d11ee392ac6aaf7ced8a1c2027fbb2?s=96&d=mm&r=g","caption":"Pova\u017esk\u00e9 m\u00fazeum"}}]}},"_links":{"self":[{"href":"https:\/\/pmza.sk\/index.php?rest_route=\/wp\/v2\/posts\/74489","targetHints":{"allow":["GET"]}}],"collection":[{"href":"https:\/\/pmza.sk\/index.php?rest_route=\/wp\/v2\/posts"}],"about":[{"href":"https:\/\/pmza.sk\/index.php?rest_route=\/wp\/v2\/types\/post"}],"author":[{"embeddable":true,"href":"https:\/\/pmza.sk\/index.php?rest_route=\/wp\/v2\/users\/2"}],"replies":[{"embeddable":true,"href":"https:\/\/pmza.sk\/index.php?rest_route=%2Fwp%2Fv2%2Fcomments&post=74489"}],"version-history":[{"count":1,"href":"https:\/\/pmza.sk\/index.php?rest_route=\/wp\/v2\/posts\/74489\/revisions"}],"predecessor-version":[{"id":77098,"href":"https:\/\/pmza.sk\/index.php?rest_route=\/wp\/v2\/posts\/74489\/revisions\/77098"}],"wp:featuredmedia":[{"embeddable":true,"href":"https:\/\/pmza.sk\/index.php?rest_route=\/wp\/v2\/media\/74492"}],"wp:attachment":[{"href":"https:\/\/pmza.sk\/index.php?rest_route=%2Fwp%2Fv2%2Fmedia&parent=74489"}],"wp:term":[{"taxonomy":"category","embeddable":true,"href":"https:\/\/pmza.sk\/index.php?rest_route=%2Fwp%2Fv2%2Fcategories&post=74489"},{"taxonomy":"post_tag","embeddable":true,"href":"https:\/\/pmza.sk\/index.php?rest_route=%2Fwp%2Fv2%2Ftags&post=74489"}],"curies":[{"name":"wp","href":"https:\/\/api.w.org\/{rel}","templated":true}]}}