{"id":74503,"date":"2026-02-03T13:40:24","date_gmt":"2026-02-03T12:40:24","guid":{"rendered":"https:\/\/pmza.sk\/?p=74503"},"modified":"2026-04-15T11:09:32","modified_gmt":"2026-04-15T09:09:32","slug":"pravda-o-zbojnikovi-ondrasovi-novy-audio-podcast-z-projektu-juraj-a-ondras-zbojnicke-legendy","status":"publish","type":"post","link":"https:\/\/pmza.sk\/?p=74503","title":{"rendered":"Pravda o zbojn\u00edkovi Ondr\u00e1\u0161ovi: nov\u00fd audio podcast z projektu Juraj a Ondr\u00e1\u0161 \u2013 zbojn\u00edcke legendy"},"content":{"rendered":"<p>V r\u00e1mci \u010desko\u2011slovensk\u00e9ho projektu <em>\u201eJuraj a Ondr\u00e1\u0161 \u2013 zbojn\u00edcke legendy\u201c<\/em>, spolufinancovan\u00e9ho Eur\u00f3pskou \u00faniou prostredn\u00edctvom programu INTERREG Slovensko \u2013 \u010cesko 2021 \u2013 2027, vznikla s\u00e9ria troch audio podcastov s n\u00e1zvom <strong>\u201ePravda o zbojn\u00edku Ondr\u00e1\u0161ovi\u201c<\/strong>.<\/p>\n<p>Projekt prep\u00e1ja obnovu hradov Likava a Hukvaldy s kult\u00farnymi a vzdel\u00e1vac\u00edmi aktivitami. Jeho cie\u013eom je zachovanie a o\u017eivenie kult\u00farneho dedi\u010dstva, zv\u00fd\u0161enie atraktivity regi\u00f3nu, posilnenie cezhrani\u010dnej spolupr\u00e1ce a zdie\u013eanie sk\u00fasenost\u00ed pri tvorbe a propag\u00e1cii spolo\u010dn\u00fdch produktov cestovn\u00e9ho ruchu. Na projekte spolupracuj\u00fa <strong>\u017dilinsk\u00fd samospr\u00e1vny kraj<\/strong> a <strong>Moravskoslezsk\u00fd kraj<\/strong>.<\/p>\n<p>Audio podcasty predstavuj\u00fa pribli\u017ene dvadsa\u0165 k\u013e\u00fa\u010dov\u00fdch momentov \u017eivota legend\u00e1rneho zbojn\u00edka Ondr\u00e1\u0161a, spracovan\u00fdch na z\u00e1klade historick\u00fdch prame\u0148ov a odbornej literat\u00fary. S\u00fa\u010das\u0165ou je tie\u017e stru\u010dn\u00fd kontext vzniku beskydsk\u00e9ho zbojn\u00edctva a mo\u017en\u00e9 prepojenie Ondr\u00e1\u0161a so slovensk\u00fdm zbojn\u00edkom Jurajom J\u00e1no\u0161\u00edkom. Cie\u013eom podcastov je pribl\u00ed\u017ei\u0165 posluch\u00e1\u010dom \u017eivot obidvoch zbojn\u00edkov a prepoji\u0165 ich pr\u00edbehy s hradmi Hukvaldy a Likava a ich okol\u00edm.<\/p>\n<p>Celkov\u00e9 n\u00e1klady cezhrani\u010dn\u00e9ho projektu s\u00fa vo v\u00fd\u0161ke <strong>5,2 mil. EUR<\/strong>, z toho dot\u00e1cia z programu INTERREG predstavuje <strong>4,15 mil. EUR<\/strong>. Projekt prebieha od j\u00fala 2024 do j\u00fala 2026 a zah\u0155\u0148a rekon\u0161trukciu hradov, kult\u00farne a vzdel\u00e1vacie akcie i tvorbu spolo\u010dn\u00fdch propaga\u010dn\u00fdch v\u00fdstupov. Audio podcasty s\u00fa zverejnen\u00e9 na webov\u00fdch str\u00e1nkach a soci\u00e1lnych sie\u0165ach v\u0161etk\u00fdch partnersk\u00fdch in\u0161tit\u00faci\u00ed projektu.<\/p>\n<p>V\u0161etky diely si m\u00f4\u017eete vypo\u010du\u0165 tu:<\/p>\n<p>\u010cas\u0165 1<\/p>\n<audio class=\"wp-audio-shortcode\" id=\"audio-74503-1\" preload=\"none\" style=\"width: 100%;\" controls=\"controls\"><source type=\"audio\/mpeg\" src=\"https:\/\/pmza.sk\/wp-content\/uploads\/2026\/02\/Ondras-1.mp3?_=1\" \/><a href=\"https:\/\/pmza.sk\/wp-content\/uploads\/2026\/02\/Ondras-1.mp3\">https:\/\/pmza.sk\/wp-content\/uploads\/2026\/02\/Ondras-1.mp3<\/a><\/audio>\n<p>\u010cas\u0165 2<\/p>\n<audio class=\"wp-audio-shortcode\" id=\"audio-74503-2\" preload=\"none\" style=\"width: 100%;\" controls=\"controls\"><source type=\"audio\/mpeg\" src=\"https:\/\/pmza.sk\/wp-content\/uploads\/2026\/02\/Ondras-2.mp3?_=2\" \/><a href=\"https:\/\/pmza.sk\/wp-content\/uploads\/2026\/02\/Ondras-2.mp3\">https:\/\/pmza.sk\/wp-content\/uploads\/2026\/02\/Ondras-2.mp3<\/a><\/audio>\n<p>\u010cas\u0165 3<\/p>\n<audio class=\"wp-audio-shortcode\" id=\"audio-74503-3\" preload=\"none\" style=\"width: 100%;\" controls=\"controls\"><source type=\"audio\/mpeg\" src=\"https:\/\/pmza.sk\/wp-content\/uploads\/2026\/02\/Ondras-3.mp3?_=3\" \/><a href=\"https:\/\/pmza.sk\/wp-content\/uploads\/2026\/02\/Ondras-3.mp3\">https:\/\/pmza.sk\/wp-content\/uploads\/2026\/02\/Ondras-3.mp3<\/a><\/audio>\n<p>Odkaz na webovou str\u00e1nku Programu: <a href=\"https:\/\/eur02.safelinks.protection.outlook.com\/?url=http%3A%2F%2Fwww.sk-cz.eu%2F&amp;data=05%7C02%7Crenata.pustowkova%40msk.cz%7Ce60b5520cb974b4ccabb08de5d81fabc%7C39f24d0baa3045518e8143c77cf1000e%7C0%7C0%7C639051010017910559%7CUnknown%7CTWFpbGZsb3d8eyJFbXB0eU1hcGkiOnRydWUsIlYiOiIwLjAuMDAwMCIsIlAiOiJXaW4zMiIsIkFOIjoiTWFpbCIsIldUIjoyfQ%3D%3D%7C0%7C%7C%7C&amp;sdata=TUWlZPNFou%2Fjx%2B7vfQ%2Bn51v64fRZWZOPgEoqs3cfTsE%3D&amp;reserved=0\">www.sk-cz.eu<\/a><\/p>\n<div class=\"wp-block-image\"><img fetchpriority=\"high\" decoding=\"async\" class=\"wpa-warning wpa-image-missing-alt alignnone size-medium wp-image-74507\" src=\"https:\/\/pmza.sk\/wp-content\/uploads\/2026\/02\/cropped-Interreg-SK-CZ_2023-04-19-570x124.png\" alt=\"\" width=\"570\" height=\"124\" data-warning=\"Missing alt text\" srcset=\"https:\/\/pmza.sk\/wp-content\/uploads\/2026\/02\/cropped-Interreg-SK-CZ_2023-04-19-570x124.png 570w, https:\/\/pmza.sk\/wp-content\/uploads\/2026\/02\/cropped-Interreg-SK-CZ_2023-04-19-1170x255.png 1170w, https:\/\/pmza.sk\/wp-content\/uploads\/2026\/02\/cropped-Interreg-SK-CZ_2023-04-19-768x167.png 768w, https:\/\/pmza.sk\/wp-content\/uploads\/2026\/02\/cropped-Interreg-SK-CZ_2023-04-19-1536x334.png 1536w, https:\/\/pmza.sk\/wp-content\/uploads\/2026\/02\/cropped-Interreg-SK-CZ_2023-04-19-2048x446.png 2048w, https:\/\/pmza.sk\/wp-content\/uploads\/2026\/02\/cropped-Interreg-SK-CZ_2023-04-19-600x131.png 600w\" sizes=\"(max-width: 570px) 100vw, 570px\" \/><\/div>\n","protected":false},"excerpt":{"rendered":"<p>V r\u00e1mci \u010desko\u2011slovensk\u00e9ho projektu \u201eJuraj a Ondr\u00e1\u0161 \u2013 zbojn\u00edcke legendy\u201c, spolufinancovan\u00e9ho Eur\u00f3pskou \u00faniou prostredn\u00edctvom programu INTERREG Slovensko \u2013 \u010cesko 2021 \u2013 2027, vznikla s\u00e9ria troch audio podcastov s n\u00e1zvom \u201ePravda o zbojn\u00edku Ondr\u00e1\u0161ovi\u201c. Projekt prep\u00e1ja obnovu hradov Likava a Hukvaldy s kult\u00farnymi a vzdel\u00e1vac\u00edmi aktivitami. Jeho cie\u013eom je zachovanie a o\u017eivenie kult\u00farneho dedi\u010dstva, zv\u00fd\u0161enie atraktivity [&hellip;]<\/p>\n","protected":false},"author":2,"featured_media":74508,"comment_status":"closed","ping_status":"closed","sticky":false,"template":"","format":"standard","meta":{"site-sidebar-layout":"default","site-content-layout":"","ast-site-content-layout":"default","site-content-style":"default","site-sidebar-style":"default","ast-global-header-display":"","ast-banner-title-visibility":"","ast-main-header-display":"","ast-hfb-above-header-display":"","ast-hfb-below-header-display":"","ast-hfb-mobile-header-display":"","site-post-title":"","ast-breadcrumbs-content":"","ast-featured-img":"","footer-sml-layout":"","theme-transparent-header-meta":"default","adv-header-id-meta":"","stick-header-meta":"default","header-above-stick-meta":"","header-main-stick-meta":"","header-below-stick-meta":"","astra-migrate-meta-layouts":"set","ast-page-background-enabled":"default","ast-page-background-meta":{"desktop":{"background-color":"var(--ast-global-color-4)","background-image":"","background-repeat":"repeat","background-position":"center center","background-size":"auto","background-attachment":"scroll","background-type":"","background-media":"","overlay-type":"","overlay-color":"","overlay-opacity":"","overlay-gradient":""},"tablet":{"background-color":"","background-image":"","background-repeat":"repeat","background-position":"center center","background-size":"auto","background-attachment":"scroll","background-type":"","background-media":"","overlay-type":"","overlay-color":"","overlay-opacity":"","overlay-gradient":""},"mobile":{"background-color":"","background-image":"","background-repeat":"repeat","background-position":"center center","background-size":"auto","background-attachment":"scroll","background-type":"","background-media":"","overlay-type":"","overlay-color":"","overlay-opacity":"","overlay-gradient":""}},"ast-content-background-meta":{"desktop":{"background-color":"var(--ast-global-color-5)","background-image":"","background-repeat":"repeat","background-position":"center center","background-size":"auto","background-attachment":"scroll","background-type":"","background-media":"","overlay-type":"","overlay-color":"","overlay-opacity":"","overlay-gradient":""},"tablet":{"background-color":"var(--ast-global-color-5)","background-image":"","background-repeat":"repeat","background-position":"center center","background-size":"auto","background-attachment":"scroll","background-type":"","background-media":"","overlay-type":"","overlay-color":"","overlay-opacity":"","overlay-gradient":""},"mobile":{"background-color":"var(--ast-global-color-5)","background-image":"","background-repeat":"repeat","background-position":"center center","background-size":"auto","background-attachment":"scroll","background-type":"","background-media":"","overlay-type":"","overlay-color":"","overlay-opacity":"","overlay-gradient":""}},"footnotes":""},"categories":[31],"tags":[],"class_list":["post-74503","post","type-post","status-publish","format-standard","has-post-thumbnail","hentry","category-aktuality"],"yoast_head":"<!-- This site is optimized with the Yoast SEO plugin v27.4 - https:\/\/yoast.com\/product\/yoast-seo-wordpress\/ -->\n<title>Pravda o zbojn\u00edkovi Ondr\u00e1\u0161ovi: nov\u00fd audio podcast z projektu Juraj a Ondr\u00e1\u0161 \u2013 zbojn\u00edcke legendy - Pova\u017esk\u00e9 m\u00fazeum<\/title>\n<meta name=\"robots\" content=\"index, follow, max-snippet:-1, max-image-preview:large, max-video-preview:-1\" \/>\n<link rel=\"canonical\" href=\"https:\/\/pmza.sk\/?p=74503\" \/>\n<meta property=\"og:locale\" content=\"sk_SK\" \/>\n<meta property=\"og:type\" content=\"article\" \/>\n<meta property=\"og:title\" content=\"Pravda o zbojn\u00edkovi Ondr\u00e1\u0161ovi: nov\u00fd audio podcast z projektu Juraj a Ondr\u00e1\u0161 \u2013 zbojn\u00edcke legendy - Pova\u017esk\u00e9 m\u00fazeum\" \/>\n<meta property=\"og:description\" content=\"V r\u00e1mci \u010desko\u2011slovensk\u00e9ho projektu \u201eJuraj a Ondr\u00e1\u0161 \u2013 zbojn\u00edcke legendy\u201c, spolufinancovan\u00e9ho Eur\u00f3pskou \u00faniou prostredn\u00edctvom programu INTERREG Slovensko \u2013 \u010cesko 2021 \u2013 2027, vznikla s\u00e9ria troch audio podcastov s n\u00e1zvom \u201ePravda o zbojn\u00edku Ondr\u00e1\u0161ovi\u201c. Projekt prep\u00e1ja obnovu hradov Likava a Hukvaldy s kult\u00farnymi a vzdel\u00e1vac\u00edmi aktivitami. Jeho cie\u013eom je zachovanie a o\u017eivenie kult\u00farneho dedi\u010dstva, zv\u00fd\u0161enie atraktivity [&hellip;]\" \/>\n<meta property=\"og:url\" content=\"https:\/\/pmza.sk\/?p=74503\" \/>\n<meta property=\"og:site_name\" content=\"Pova\u017esk\u00e9 m\u00fazeum\" \/>\n<meta property=\"article:publisher\" content=\"https:\/\/www.facebook.com\/povazskemuzeum\" \/>\n<meta property=\"article:published_time\" content=\"2026-02-03T12:40:24+00:00\" \/>\n<meta property=\"article:modified_time\" content=\"2026-04-15T09:09:32+00:00\" \/>\n<meta property=\"og:image\" content=\"https:\/\/pmza.sk\/wp-content\/uploads\/2026\/02\/img136clr-scaled.jpg\" \/>\n\t<meta property=\"og:image:width\" content=\"2330\" \/>\n\t<meta property=\"og:image:height\" content=\"2560\" \/>\n\t<meta property=\"og:image:type\" content=\"image\/jpeg\" \/>\n<meta name=\"author\" content=\"Pova\u017esk\u00e9 m\u00fazeum\" \/>\n<meta name=\"twitter:card\" content=\"summary_large_image\" \/>\n<meta name=\"twitter:label1\" content=\"Autor\" \/>\n\t<meta name=\"twitter:data1\" content=\"Pova\u017esk\u00e9 m\u00fazeum\" \/>\n\t<meta name=\"twitter:label2\" content=\"Predpokladan\u00fd \u010das \u010d\u00edtania\" \/>\n\t<meta name=\"twitter:data2\" content=\"2 min\u00faty\" \/>\n<script type=\"application\/ld+json\" class=\"yoast-schema-graph\">{\"@context\":\"https:\\\/\\\/schema.org\",\"@graph\":[{\"@type\":\"Article\",\"@id\":\"https:\\\/\\\/pmza.sk\\\/?p=74503#article\",\"isPartOf\":{\"@id\":\"https:\\\/\\\/pmza.sk\\\/?p=74503\"},\"author\":{\"name\":\"Pova\u017esk\u00e9 m\u00fazeum\",\"@id\":\"https:\\\/\\\/pmza.sk\\\/#\\\/schema\\\/person\\\/595e6a2ce731ea94dcd5d7f50a41ae33\"},\"headline\":\"Pravda o zbojn\u00edkovi Ondr\u00e1\u0161ovi: nov\u00fd audio podcast z projektu Juraj a Ondr\u00e1\u0161 \u2013 zbojn\u00edcke legendy\",\"datePublished\":\"2026-02-03T12:40:24+00:00\",\"dateModified\":\"2026-04-15T09:09:32+00:00\",\"mainEntityOfPage\":{\"@id\":\"https:\\\/\\\/pmza.sk\\\/?p=74503\"},\"wordCount\":332,\"publisher\":{\"@id\":\"https:\\\/\\\/pmza.sk\\\/#organization\"},\"image\":{\"@id\":\"https:\\\/\\\/pmza.sk\\\/?p=74503#primaryimage\"},\"thumbnailUrl\":\"https:\\\/\\\/pmza.sk\\\/wp-content\\\/uploads\\\/2026\\\/02\\\/img136clr-scaled.jpg\",\"articleSection\":[\"Aktuality\"],\"inLanguage\":\"sk-SK\"},{\"@type\":\"WebPage\",\"@id\":\"https:\\\/\\\/pmza.sk\\\/?p=74503\",\"url\":\"https:\\\/\\\/pmza.sk\\\/?p=74503\",\"name\":\"Pravda o zbojn\u00edkovi Ondr\u00e1\u0161ovi: nov\u00fd audio podcast z projektu Juraj a Ondr\u00e1\u0161 \u2013 zbojn\u00edcke legendy - Pova\u017esk\u00e9 m\u00fazeum\",\"isPartOf\":{\"@id\":\"https:\\\/\\\/pmza.sk\\\/#website\"},\"primaryImageOfPage\":{\"@id\":\"https:\\\/\\\/pmza.sk\\\/?p=74503#primaryimage\"},\"image\":{\"@id\":\"https:\\\/\\\/pmza.sk\\\/?p=74503#primaryimage\"},\"thumbnailUrl\":\"https:\\\/\\\/pmza.sk\\\/wp-content\\\/uploads\\\/2026\\\/02\\\/img136clr-scaled.jpg\",\"datePublished\":\"2026-02-03T12:40:24+00:00\",\"dateModified\":\"2026-04-15T09:09:32+00:00\",\"breadcrumb\":{\"@id\":\"https:\\\/\\\/pmza.sk\\\/?p=74503#breadcrumb\"},\"inLanguage\":\"sk-SK\",\"potentialAction\":[{\"@type\":\"ReadAction\",\"target\":[\"https:\\\/\\\/pmza.sk\\\/?p=74503\"]}]},{\"@type\":\"ImageObject\",\"inLanguage\":\"sk-SK\",\"@id\":\"https:\\\/\\\/pmza.sk\\\/?p=74503#primaryimage\",\"url\":\"https:\\\/\\\/pmza.sk\\\/wp-content\\\/uploads\\\/2026\\\/02\\\/img136clr-scaled.jpg\",\"contentUrl\":\"https:\\\/\\\/pmza.sk\\\/wp-content\\\/uploads\\\/2026\\\/02\\\/img136clr-scaled.jpg\",\"width\":2330,\"height\":2560},{\"@type\":\"BreadcrumbList\",\"@id\":\"https:\\\/\\\/pmza.sk\\\/?p=74503#breadcrumb\",\"itemListElement\":[{\"@type\":\"ListItem\",\"position\":1,\"name\":\"Domovsk\u00e1 str\u00e1nka\",\"item\":\"https:\\\/\\\/pmza.sk\\\/\"},{\"@type\":\"ListItem\",\"position\":2,\"name\":\"Pravda o zbojn\u00edkovi Ondr\u00e1\u0161ovi: nov\u00fd audio podcast z projektu Juraj a Ondr\u00e1\u0161 \u2013 zbojn\u00edcke legendy\"}]},{\"@type\":\"WebSite\",\"@id\":\"https:\\\/\\\/pmza.sk\\\/#website\",\"url\":\"https:\\\/\\\/pmza.sk\\\/\",\"name\":\"Pova\u017esk\u00e9 m\u00fazeum\",\"description\":\"Pova\u017esk\u00e9 m\u00fazeum v \u017diline je region\u00e1lne m\u00fazeum so s\u00eddlom v Budat\u00edne. Jeho expoz\u00edcie s\u00fa zameran\u00e9 na dejiny slovensk\u00e9ho umenia, kult\u00fary a dopravy.\",\"publisher\":{\"@id\":\"https:\\\/\\\/pmza.sk\\\/#organization\"},\"potentialAction\":[{\"@type\":\"SearchAction\",\"target\":{\"@type\":\"EntryPoint\",\"urlTemplate\":\"https:\\\/\\\/pmza.sk\\\/?s={search_term_string}\"},\"query-input\":{\"@type\":\"PropertyValueSpecification\",\"valueRequired\":true,\"valueName\":\"search_term_string\"}}],\"inLanguage\":\"sk-SK\"},{\"@type\":\"Organization\",\"@id\":\"https:\\\/\\\/pmza.sk\\\/#organization\",\"name\":\"Pova\u017esk\u00e9 m\u00fazeum\",\"url\":\"https:\\\/\\\/pmza.sk\\\/\",\"logo\":{\"@type\":\"ImageObject\",\"inLanguage\":\"sk-SK\",\"@id\":\"https:\\\/\\\/pmza.sk\\\/#\\\/schema\\\/logo\\\/image\\\/\",\"url\":\"https:\\\/\\\/pmza.sk\\\/wp-content\\\/uploads\\\/2022\\\/01\\\/logo_PM_horizontal.jpg\",\"contentUrl\":\"https:\\\/\\\/pmza.sk\\\/wp-content\\\/uploads\\\/2022\\\/01\\\/logo_PM_horizontal.jpg\",\"width\":231,\"height\":142,\"caption\":\"Pova\u017esk\u00e9 m\u00fazeum\"},\"image\":{\"@id\":\"https:\\\/\\\/pmza.sk\\\/#\\\/schema\\\/logo\\\/image\\\/\"},\"sameAs\":[\"https:\\\/\\\/www.facebook.com\\\/povazskemuzeum\",\"https:\\\/\\\/www.instagram.com\\\/povazskemuzeum\\\/\"]},{\"@type\":\"Person\",\"@id\":\"https:\\\/\\\/pmza.sk\\\/#\\\/schema\\\/person\\\/595e6a2ce731ea94dcd5d7f50a41ae33\",\"name\":\"Pova\u017esk\u00e9 m\u00fazeum\",\"image\":{\"@type\":\"ImageObject\",\"inLanguage\":\"sk-SK\",\"@id\":\"https:\\\/\\\/secure.gravatar.com\\\/avatar\\\/2bb7f1561282132fb5826dfeccc66c7996d11ee392ac6aaf7ced8a1c2027fbb2?s=96&d=mm&r=g\",\"url\":\"https:\\\/\\\/secure.gravatar.com\\\/avatar\\\/2bb7f1561282132fb5826dfeccc66c7996d11ee392ac6aaf7ced8a1c2027fbb2?s=96&d=mm&r=g\",\"contentUrl\":\"https:\\\/\\\/secure.gravatar.com\\\/avatar\\\/2bb7f1561282132fb5826dfeccc66c7996d11ee392ac6aaf7ced8a1c2027fbb2?s=96&d=mm&r=g\",\"caption\":\"Pova\u017esk\u00e9 m\u00fazeum\"}}]}<\/script>\n<!-- \/ Yoast SEO plugin. -->","yoast_head_json":{"title":"Pravda o zbojn\u00edkovi Ondr\u00e1\u0161ovi: nov\u00fd audio podcast z projektu Juraj a Ondr\u00e1\u0161 \u2013 zbojn\u00edcke legendy - Pova\u017esk\u00e9 m\u00fazeum","robots":{"index":"index","follow":"follow","max-snippet":"max-snippet:-1","max-image-preview":"max-image-preview:large","max-video-preview":"max-video-preview:-1"},"canonical":"https:\/\/pmza.sk\/?p=74503","og_locale":"sk_SK","og_type":"article","og_title":"Pravda o zbojn\u00edkovi Ondr\u00e1\u0161ovi: nov\u00fd audio podcast z projektu Juraj a Ondr\u00e1\u0161 \u2013 zbojn\u00edcke legendy - Pova\u017esk\u00e9 m\u00fazeum","og_description":"V r\u00e1mci \u010desko\u2011slovensk\u00e9ho projektu \u201eJuraj a Ondr\u00e1\u0161 \u2013 zbojn\u00edcke legendy\u201c, spolufinancovan\u00e9ho Eur\u00f3pskou \u00faniou prostredn\u00edctvom programu INTERREG Slovensko \u2013 \u010cesko 2021 \u2013 2027, vznikla s\u00e9ria troch audio podcastov s n\u00e1zvom \u201ePravda o zbojn\u00edku Ondr\u00e1\u0161ovi\u201c. Projekt prep\u00e1ja obnovu hradov Likava a Hukvaldy s kult\u00farnymi a vzdel\u00e1vac\u00edmi aktivitami. Jeho cie\u013eom je zachovanie a o\u017eivenie kult\u00farneho dedi\u010dstva, zv\u00fd\u0161enie atraktivity [&hellip;]","og_url":"https:\/\/pmza.sk\/?p=74503","og_site_name":"Pova\u017esk\u00e9 m\u00fazeum","article_publisher":"https:\/\/www.facebook.com\/povazskemuzeum","article_published_time":"2026-02-03T12:40:24+00:00","article_modified_time":"2026-04-15T09:09:32+00:00","og_image":[{"width":2330,"height":2560,"url":"https:\/\/pmza.sk\/wp-content\/uploads\/2026\/02\/img136clr-scaled.jpg","type":"image\/jpeg"}],"author":"Pova\u017esk\u00e9 m\u00fazeum","twitter_card":"summary_large_image","twitter_misc":{"Autor":"Pova\u017esk\u00e9 m\u00fazeum","Predpokladan\u00fd \u010das \u010d\u00edtania":"2 min\u00faty"},"schema":{"@context":"https:\/\/schema.org","@graph":[{"@type":"Article","@id":"https:\/\/pmza.sk\/?p=74503#article","isPartOf":{"@id":"https:\/\/pmza.sk\/?p=74503"},"author":{"name":"Pova\u017esk\u00e9 m\u00fazeum","@id":"https:\/\/pmza.sk\/#\/schema\/person\/595e6a2ce731ea94dcd5d7f50a41ae33"},"headline":"Pravda o zbojn\u00edkovi Ondr\u00e1\u0161ovi: nov\u00fd audio podcast z projektu Juraj a Ondr\u00e1\u0161 \u2013 zbojn\u00edcke legendy","datePublished":"2026-02-03T12:40:24+00:00","dateModified":"2026-04-15T09:09:32+00:00","mainEntityOfPage":{"@id":"https:\/\/pmza.sk\/?p=74503"},"wordCount":332,"publisher":{"@id":"https:\/\/pmza.sk\/#organization"},"image":{"@id":"https:\/\/pmza.sk\/?p=74503#primaryimage"},"thumbnailUrl":"https:\/\/pmza.sk\/wp-content\/uploads\/2026\/02\/img136clr-scaled.jpg","articleSection":["Aktuality"],"inLanguage":"sk-SK"},{"@type":"WebPage","@id":"https:\/\/pmza.sk\/?p=74503","url":"https:\/\/pmza.sk\/?p=74503","name":"Pravda o zbojn\u00edkovi Ondr\u00e1\u0161ovi: nov\u00fd audio podcast z projektu Juraj a Ondr\u00e1\u0161 \u2013 zbojn\u00edcke legendy - Pova\u017esk\u00e9 m\u00fazeum","isPartOf":{"@id":"https:\/\/pmza.sk\/#website"},"primaryImageOfPage":{"@id":"https:\/\/pmza.sk\/?p=74503#primaryimage"},"image":{"@id":"https:\/\/pmza.sk\/?p=74503#primaryimage"},"thumbnailUrl":"https:\/\/pmza.sk\/wp-content\/uploads\/2026\/02\/img136clr-scaled.jpg","datePublished":"2026-02-03T12:40:24+00:00","dateModified":"2026-04-15T09:09:32+00:00","breadcrumb":{"@id":"https:\/\/pmza.sk\/?p=74503#breadcrumb"},"inLanguage":"sk-SK","potentialAction":[{"@type":"ReadAction","target":["https:\/\/pmza.sk\/?p=74503"]}]},{"@type":"ImageObject","inLanguage":"sk-SK","@id":"https:\/\/pmza.sk\/?p=74503#primaryimage","url":"https:\/\/pmza.sk\/wp-content\/uploads\/2026\/02\/img136clr-scaled.jpg","contentUrl":"https:\/\/pmza.sk\/wp-content\/uploads\/2026\/02\/img136clr-scaled.jpg","width":2330,"height":2560},{"@type":"BreadcrumbList","@id":"https:\/\/pmza.sk\/?p=74503#breadcrumb","itemListElement":[{"@type":"ListItem","position":1,"name":"Domovsk\u00e1 str\u00e1nka","item":"https:\/\/pmza.sk\/"},{"@type":"ListItem","position":2,"name":"Pravda o zbojn\u00edkovi Ondr\u00e1\u0161ovi: nov\u00fd audio podcast z projektu Juraj a Ondr\u00e1\u0161 \u2013 zbojn\u00edcke legendy"}]},{"@type":"WebSite","@id":"https:\/\/pmza.sk\/#website","url":"https:\/\/pmza.sk\/","name":"Pova\u017esk\u00e9 m\u00fazeum","description":"Pova\u017esk\u00e9 m\u00fazeum v \u017diline je region\u00e1lne m\u00fazeum so s\u00eddlom v Budat\u00edne. Jeho expoz\u00edcie s\u00fa zameran\u00e9 na dejiny slovensk\u00e9ho umenia, kult\u00fary a dopravy.","publisher":{"@id":"https:\/\/pmza.sk\/#organization"},"potentialAction":[{"@type":"SearchAction","target":{"@type":"EntryPoint","urlTemplate":"https:\/\/pmza.sk\/?s={search_term_string}"},"query-input":{"@type":"PropertyValueSpecification","valueRequired":true,"valueName":"search_term_string"}}],"inLanguage":"sk-SK"},{"@type":"Organization","@id":"https:\/\/pmza.sk\/#organization","name":"Pova\u017esk\u00e9 m\u00fazeum","url":"https:\/\/pmza.sk\/","logo":{"@type":"ImageObject","inLanguage":"sk-SK","@id":"https:\/\/pmza.sk\/#\/schema\/logo\/image\/","url":"https:\/\/pmza.sk\/wp-content\/uploads\/2022\/01\/logo_PM_horizontal.jpg","contentUrl":"https:\/\/pmza.sk\/wp-content\/uploads\/2022\/01\/logo_PM_horizontal.jpg","width":231,"height":142,"caption":"Pova\u017esk\u00e9 m\u00fazeum"},"image":{"@id":"https:\/\/pmza.sk\/#\/schema\/logo\/image\/"},"sameAs":["https:\/\/www.facebook.com\/povazskemuzeum","https:\/\/www.instagram.com\/povazskemuzeum\/"]},{"@type":"Person","@id":"https:\/\/pmza.sk\/#\/schema\/person\/595e6a2ce731ea94dcd5d7f50a41ae33","name":"Pova\u017esk\u00e9 m\u00fazeum","image":{"@type":"ImageObject","inLanguage":"sk-SK","@id":"https:\/\/secure.gravatar.com\/avatar\/2bb7f1561282132fb5826dfeccc66c7996d11ee392ac6aaf7ced8a1c2027fbb2?s=96&d=mm&r=g","url":"https:\/\/secure.gravatar.com\/avatar\/2bb7f1561282132fb5826dfeccc66c7996d11ee392ac6aaf7ced8a1c2027fbb2?s=96&d=mm&r=g","contentUrl":"https:\/\/secure.gravatar.com\/avatar\/2bb7f1561282132fb5826dfeccc66c7996d11ee392ac6aaf7ced8a1c2027fbb2?s=96&d=mm&r=g","caption":"Pova\u017esk\u00e9 m\u00fazeum"}}]}},"_links":{"self":[{"href":"https:\/\/pmza.sk\/index.php?rest_route=\/wp\/v2\/posts\/74503","targetHints":{"allow":["GET"]}}],"collection":[{"href":"https:\/\/pmza.sk\/index.php?rest_route=\/wp\/v2\/posts"}],"about":[{"href":"https:\/\/pmza.sk\/index.php?rest_route=\/wp\/v2\/types\/post"}],"author":[{"embeddable":true,"href":"https:\/\/pmza.sk\/index.php?rest_route=\/wp\/v2\/users\/2"}],"replies":[{"embeddable":true,"href":"https:\/\/pmza.sk\/index.php?rest_route=%2Fwp%2Fv2%2Fcomments&post=74503"}],"version-history":[{"count":1,"href":"https:\/\/pmza.sk\/index.php?rest_route=\/wp\/v2\/posts\/74503\/revisions"}],"predecessor-version":[{"id":77275,"href":"https:\/\/pmza.sk\/index.php?rest_route=\/wp\/v2\/posts\/74503\/revisions\/77275"}],"wp:featuredmedia":[{"embeddable":true,"href":"https:\/\/pmza.sk\/index.php?rest_route=\/wp\/v2\/media\/74508"}],"wp:attachment":[{"href":"https:\/\/pmza.sk\/index.php?rest_route=%2Fwp%2Fv2%2Fmedia&parent=74503"}],"wp:term":[{"taxonomy":"category","embeddable":true,"href":"https:\/\/pmza.sk\/index.php?rest_route=%2Fwp%2Fv2%2Fcategories&post=74503"},{"taxonomy":"post_tag","embeddable":true,"href":"https:\/\/pmza.sk\/index.php?rest_route=%2Fwp%2Fv2%2Ftags&post=74503"}],"curies":[{"name":"wp","href":"https:\/\/api.w.org\/{rel}","templated":true}]}}