{"id":7463,"date":"2013-05-24T13:07:55","date_gmt":"2013-05-24T11:07:55","guid":{"rendered":"https:\/\/pmza.sk.sk\/?p=7463"},"modified":"2013-05-24T13:07:55","modified_gmt":"2013-05-24T11:07:55","slug":"den-deti-a-zlatovlaska-na-hrade-strecno","status":"publish","type":"post","link":"https:\/\/pmza.sk\/?p=7463","title":{"rendered":"De\u0148 det\u00ed a Zlatovl\u00e1ska na hrade Stre\u010dno"},"content":{"rendered":"<p><a href=\"https:\/\/pmza.sk\/wp-content\/uploads\/2013\/05\/IMG_7765.jpg\"><img fetchpriority=\"high\" decoding=\"async\" class=\"alignleft size-medium wp-image-7464\" style=\"border: 2px solid black; margin: 4px;\" title=\"IMG_7765\" src=\"https:\/\/pmza.sk.sk\/wp-content\/uploads\/2013\/05\/IMG_7765-300x200.jpg\" alt=\"\" width=\"300\" height=\"200\" \/><\/a>Prv\u00e1 j\u00fanov\u00e1 nede\u013ea bude na hrade Stre\u010dno u\u017e tradi\u010dne venovan\u00e1 predov\u0161etk\u00fdm na\u0161im najmen\u0161\u00edm, ale aj v\u00e4\u010d\u0161\u00edm n\u00e1v\u0161tevn\u00edkom. Aj tento rok Pova\u017esk\u00e9 m\u00fazeum v\u00a0\u017diline pripravilo pri pr\u00edle\u017eitosti Medzin\u00e1rodn\u00e9ho d\u0148a det\u00ed <strong>v\u00a0nede\u013eu 2. j\u00fana 2013<\/strong> bohat\u00fd program. <em>\u201eStre\u010dnianski hradn\u00ed delostrelci na \u010dele s\u00a0kapr\u00e1lom \u010carom sa postaraj\u00fa o\u00a0jedine\u010dn\u00fa atmosf\u00e9ru stre\u013ebou z\u00a0dela a\u00a0Klub vojenskej hist\u00f3rie prinesie nezabudnute\u013en\u00e9 z\u00e1\u017eitky formou \u0161ermu a dobov\u00fdch hier nielen pre deti, ale aj dospel\u00fdch. Pr\u00e1ve historick\u00fd \u0161erm v\u00a0podobe divadelno-\u0161ermiarskych sc\u00e9nok sa te\u0161\u00ed ve\u013ekej ob\u013eube, a\u00a0preto sme sa rozhodli pote\u0161i\u0165 nielen milovn\u00edkov hist\u00f3rie, ale v\u0161etk\u00fdch, ktor\u00ed chc\u00fa tento v\u00fdnimo\u010dn\u00fd de\u0148 venova\u0165 svojim ratolestiam,\u201c<\/em> povedala kastel\u00e1nka stre\u010dnianskeho hradu, Katar\u00edna Rep\u00e1\u0148ov\u00e1. <!--more-->Ako \u010falej dodala, hradn\u00e1 kaplnka s\u00a0fantastickou akustikou sa ponor\u00ed do \u010darovnej atmosf\u00e9ry stredoveku za sprievodu klav\u00edrnej hudby a\u00a0pr\u00edjemn\u00e9ho spevu. Tento de\u0148 bude \u00a0patri\u0165 najm\u00e4 stredovek\u00fdm hr\u00e1m, rozpr\u00e1vke o\u00a0Zlatovl\u00e1ske, ktor\u00e1 v\u00a0podan\u00ed \u017eilinskej divadelno-improviza\u010dnej skupiny Kapor na sc\u00e9ne ur\u010dite dostane nov\u00e9 rozmery a nebud\u00fa ch\u00fdba\u0165 ani \u017eiadan\u00ed a\u00a0dobre zn\u00e1mi Sokoliari sv. Bavona z\u00a0Banskej \u0160tiavnice, ktor\u00ed predved\u00fa uk\u00e1\u017eky n\u00e1ro\u010dn\u00e9ho v\u00fdcviku a\u00a0umenie lovu sokolov. N\u00e1v\u0161tevn\u00edci sa tie\u017e m\u00f4\u017eu te\u0161i\u0165 na ru\u010dne roben\u00e9 v\u00fdrobky, ma\u0161krty, dreven\u00e9 a\u00a0textiln\u00e9 hra\u010dky, ktor\u00e9 bud\u00fa prezentova\u0165 tradi\u010dn\u00ed jarmo\u010dn\u00edci. <em>\u201eKa\u017edoro\u010dne sa sna\u017e\u00edme prinies\u0165 nie\u010do nov\u00e9, spestri\u0165 podujatia, ktor\u00e9 maj\u00fa najm\u00e4 z\u00e1bavno-oddychov\u00fd, ale aj v\u00fdchovno-vzdel\u00e1vac\u00ed podtext a\u00a0ver\u00edm, \u017ee sa n\u00e1m to bude dari\u0165 aj po \u010fal\u0161ie roky. Ak sa deti nau\u010dia u\u017e v\u00a0detstve vn\u00edma\u0165 m\u00fazeum, kult\u00farne pamiatky a\u00a0ich hodnoty ako miesto, kde sa oplat\u00ed tr\u00e1vi\u0165 vo\u013en\u00fd \u010das, m\u00f4\u017ee to by\u0165 predpoklad, \u017ee sa k\u00a0n\u00e1m bud\u00fa radi vraca\u0165 aj v bud\u00facnosti,\u201c <\/em>uviedol riadite\u013e Pova\u017esk\u00e9ho m\u00fazea, Ladislav Cimer\u00e1k.<br \/>\nOrganiz\u00e1torom Medzin\u00e1rodn\u00e9ho d\u0148a det\u00ed na hrade Stre\u010dno, ktor\u00fd sa uskuto\u010dn\u00ed d\u0148a\u00a0 <strong>2. j\u00fana od 9.00 hod. do 18.00 hod.<\/strong> je<strong> <\/strong>Pova\u017esk\u00e9 m\u00fazeum v\u00a0\u017diline v\u00a0zria\u010fovate\u013eskej p\u00f4sobnosti \u017dilinsk\u00e9ho samospr\u00e1vneho kraja.<\/p>\n","protected":false},"excerpt":{"rendered":"<p>Prv\u00e1 j\u00fanov\u00e1 nede\u013ea bude na hrade Stre\u010dno u\u017e tradi\u010dne venovan\u00e1 predov\u0161etk\u00fdm na\u0161im najmen\u0161\u00edm, ale aj v\u00e4\u010d\u0161\u00edm n\u00e1v\u0161tevn\u00edkom. Aj tento rok Pova\u017esk\u00e9 m\u00fazeum v\u00a0\u017diline pripravilo pri pr\u00edle\u017eitosti Medzin\u00e1rodn\u00e9ho d\u0148a det\u00ed v\u00a0nede\u013eu 2. j\u00fana 2013 bohat\u00fd program. \u201eStre\u010dnianski hradn\u00ed delostrelci na \u010dele s\u00a0kapr\u00e1lom \u010carom sa postaraj\u00fa o\u00a0jedine\u010dn\u00fa atmosf\u00e9ru stre\u013ebou z\u00a0dela a\u00a0Klub vojenskej hist\u00f3rie prinesie nezabudnute\u013en\u00e9 z\u00e1\u017eitky formou [&hellip;]<\/p>\n","protected":false},"author":2,"featured_media":0,"comment_status":"closed","ping_status":"closed","sticky":false,"template":"","format":"standard","meta":{"site-sidebar-layout":"default","site-content-layout":"","ast-site-content-layout":"","site-content-style":"default","site-sidebar-style":"default","ast-global-header-display":"","ast-banner-title-visibility":"","ast-main-header-display":"","ast-hfb-above-header-display":"","ast-hfb-below-header-display":"","ast-hfb-mobile-header-display":"","site-post-title":"","ast-breadcrumbs-content":"","ast-featured-img":"","footer-sml-layout":"","theme-transparent-header-meta":"","adv-header-id-meta":"","stick-header-meta":"","header-above-stick-meta":"","header-main-stick-meta":"","header-below-stick-meta":"","astra-migrate-meta-layouts":"default","ast-page-background-enabled":"default","ast-page-background-meta":{"desktop":{"background-color":"var(--ast-global-color-4)","background-image":"","background-repeat":"repeat","background-position":"center center","background-size":"auto","background-attachment":"scroll","background-type":"","background-media":"","overlay-type":"","overlay-color":"","overlay-opacity":"","overlay-gradient":""},"tablet":{"background-color":"","background-image":"","background-repeat":"repeat","background-position":"center center","background-size":"auto","background-attachment":"scroll","background-type":"","background-media":"","overlay-type":"","overlay-color":"","overlay-opacity":"","overlay-gradient":""},"mobile":{"background-color":"","background-image":"","background-repeat":"repeat","background-position":"center center","background-size":"auto","background-attachment":"scroll","background-type":"","background-media":"","overlay-type":"","overlay-color":"","overlay-opacity":"","overlay-gradient":""}},"ast-content-background-meta":{"desktop":{"background-color":"var(--ast-global-color-5)","background-image":"","background-repeat":"repeat","background-position":"center center","background-size":"auto","background-attachment":"scroll","background-type":"","background-media":"","overlay-type":"","overlay-color":"","overlay-opacity":"","overlay-gradient":""},"tablet":{"background-color":"var(--ast-global-color-5)","background-image":"","background-repeat":"repeat","background-position":"center center","background-size":"auto","background-attachment":"scroll","background-type":"","background-media":"","overlay-type":"","overlay-color":"","overlay-opacity":"","overlay-gradient":""},"mobile":{"background-color":"var(--ast-global-color-5)","background-image":"","background-repeat":"repeat","background-position":"center center","background-size":"auto","background-attachment":"scroll","background-type":"","background-media":"","overlay-type":"","overlay-color":"","overlay-opacity":"","overlay-gradient":""}},"footnotes":""},"categories":[33],"tags":[],"class_list":["post-7463","post","type-post","status-publish","format-standard","hentry","category-archiv-2013"],"yoast_head":"<!-- This site is optimized with the Yoast SEO plugin v27.4 - https:\/\/yoast.com\/product\/yoast-seo-wordpress\/ -->\n<title>De\u0148 det\u00ed a Zlatovl\u00e1ska na hrade Stre\u010dno - Pova\u017esk\u00e9 m\u00fazeum<\/title>\n<meta name=\"robots\" content=\"index, follow, max-snippet:-1, max-image-preview:large, max-video-preview:-1\" \/>\n<link rel=\"canonical\" href=\"https:\/\/pmza.sk\/?p=7463\" \/>\n<meta property=\"og:locale\" content=\"sk_SK\" \/>\n<meta property=\"og:type\" content=\"article\" \/>\n<meta property=\"og:title\" content=\"De\u0148 det\u00ed a Zlatovl\u00e1ska na hrade Stre\u010dno - Pova\u017esk\u00e9 m\u00fazeum\" \/>\n<meta property=\"og:description\" content=\"Prv\u00e1 j\u00fanov\u00e1 nede\u013ea bude na hrade Stre\u010dno u\u017e tradi\u010dne venovan\u00e1 predov\u0161etk\u00fdm na\u0161im najmen\u0161\u00edm, ale aj v\u00e4\u010d\u0161\u00edm n\u00e1v\u0161tevn\u00edkom. Aj tento rok Pova\u017esk\u00e9 m\u00fazeum v\u00a0\u017diline pripravilo pri pr\u00edle\u017eitosti Medzin\u00e1rodn\u00e9ho d\u0148a det\u00ed v\u00a0nede\u013eu 2. j\u00fana 2013 bohat\u00fd program. \u201eStre\u010dnianski hradn\u00ed delostrelci na \u010dele s\u00a0kapr\u00e1lom \u010carom sa postaraj\u00fa o\u00a0jedine\u010dn\u00fa atmosf\u00e9ru stre\u013ebou z\u00a0dela a\u00a0Klub vojenskej hist\u00f3rie prinesie nezabudnute\u013en\u00e9 z\u00e1\u017eitky formou [&hellip;]\" \/>\n<meta property=\"og:url\" content=\"https:\/\/pmza.sk\/?p=7463\" \/>\n<meta property=\"og:site_name\" content=\"Pova\u017esk\u00e9 m\u00fazeum\" \/>\n<meta property=\"article:publisher\" content=\"https:\/\/www.facebook.com\/povazskemuzeum\" \/>\n<meta property=\"article:published_time\" content=\"2013-05-24T11:07:55+00:00\" \/>\n<meta property=\"og:image\" content=\"https:\/\/pmza.sk.sk\/wp-content\/uploads\/2013\/05\/IMG_7765-300x200.jpg\" \/>\n<meta name=\"author\" content=\"Pova\u017esk\u00e9 m\u00fazeum\" \/>\n<meta name=\"twitter:card\" content=\"summary_large_image\" \/>\n<meta name=\"twitter:label1\" content=\"Autor\" \/>\n\t<meta name=\"twitter:data1\" content=\"Pova\u017esk\u00e9 m\u00fazeum\" \/>\n\t<meta name=\"twitter:label2\" content=\"Predpokladan\u00fd \u010das \u010d\u00edtania\" \/>\n\t<meta name=\"twitter:data2\" content=\"2 min\u00faty\" \/>\n<script type=\"application\/ld+json\" class=\"yoast-schema-graph\">{\"@context\":\"https:\\\/\\\/schema.org\",\"@graph\":[{\"@type\":\"Article\",\"@id\":\"https:\\\/\\\/pmza.sk\\\/?p=7463#article\",\"isPartOf\":{\"@id\":\"https:\\\/\\\/pmza.sk\\\/?p=7463\"},\"author\":{\"name\":\"Pova\u017esk\u00e9 m\u00fazeum\",\"@id\":\"https:\\\/\\\/pmza.sk\\\/#\\\/schema\\\/person\\\/595e6a2ce731ea94dcd5d7f50a41ae33\"},\"headline\":\"De\u0148 det\u00ed a Zlatovl\u00e1ska na hrade Stre\u010dno\",\"datePublished\":\"2013-05-24T11:07:55+00:00\",\"mainEntityOfPage\":{\"@id\":\"https:\\\/\\\/pmza.sk\\\/?p=7463\"},\"wordCount\":412,\"publisher\":{\"@id\":\"https:\\\/\\\/pmza.sk\\\/#organization\"},\"image\":{\"@id\":\"https:\\\/\\\/pmza.sk\\\/?p=7463#primaryimage\"},\"thumbnailUrl\":\"http:\\\/\\\/pmza.sk.sk\\\/wp-content\\\/uploads\\\/2013\\\/05\\\/IMG_7765-300x200.jpg\",\"articleSection\":[\"Arch\u00edv 2013\"],\"inLanguage\":\"sk-SK\"},{\"@type\":\"WebPage\",\"@id\":\"https:\\\/\\\/pmza.sk\\\/?p=7463\",\"url\":\"https:\\\/\\\/pmza.sk\\\/?p=7463\",\"name\":\"De\u0148 det\u00ed a Zlatovl\u00e1ska na hrade Stre\u010dno - Pova\u017esk\u00e9 m\u00fazeum\",\"isPartOf\":{\"@id\":\"https:\\\/\\\/pmza.sk\\\/#website\"},\"primaryImageOfPage\":{\"@id\":\"https:\\\/\\\/pmza.sk\\\/?p=7463#primaryimage\"},\"image\":{\"@id\":\"https:\\\/\\\/pmza.sk\\\/?p=7463#primaryimage\"},\"thumbnailUrl\":\"http:\\\/\\\/pmza.sk.sk\\\/wp-content\\\/uploads\\\/2013\\\/05\\\/IMG_7765-300x200.jpg\",\"datePublished\":\"2013-05-24T11:07:55+00:00\",\"breadcrumb\":{\"@id\":\"https:\\\/\\\/pmza.sk\\\/?p=7463#breadcrumb\"},\"inLanguage\":\"sk-SK\",\"potentialAction\":[{\"@type\":\"ReadAction\",\"target\":[\"https:\\\/\\\/pmza.sk\\\/?p=7463\"]}]},{\"@type\":\"ImageObject\",\"inLanguage\":\"sk-SK\",\"@id\":\"https:\\\/\\\/pmza.sk\\\/?p=7463#primaryimage\",\"url\":\"http:\\\/\\\/pmza.sk.sk\\\/wp-content\\\/uploads\\\/2013\\\/05\\\/IMG_7765-300x200.jpg\",\"contentUrl\":\"http:\\\/\\\/pmza.sk.sk\\\/wp-content\\\/uploads\\\/2013\\\/05\\\/IMG_7765-300x200.jpg\"},{\"@type\":\"BreadcrumbList\",\"@id\":\"https:\\\/\\\/pmza.sk\\\/?p=7463#breadcrumb\",\"itemListElement\":[{\"@type\":\"ListItem\",\"position\":1,\"name\":\"Domovsk\u00e1 str\u00e1nka\",\"item\":\"https:\\\/\\\/pmza.sk\\\/\"},{\"@type\":\"ListItem\",\"position\":2,\"name\":\"De\u0148 det\u00ed a Zlatovl\u00e1ska na hrade Stre\u010dno\"}]},{\"@type\":\"WebSite\",\"@id\":\"https:\\\/\\\/pmza.sk\\\/#website\",\"url\":\"https:\\\/\\\/pmza.sk\\\/\",\"name\":\"Pova\u017esk\u00e9 m\u00fazeum\",\"description\":\"Pova\u017esk\u00e9 m\u00fazeum v \u017diline je region\u00e1lne m\u00fazeum so s\u00eddlom v Budat\u00edne. Jeho expoz\u00edcie s\u00fa zameran\u00e9 na dejiny slovensk\u00e9ho umenia, kult\u00fary a dopravy.\",\"publisher\":{\"@id\":\"https:\\\/\\\/pmza.sk\\\/#organization\"},\"potentialAction\":[{\"@type\":\"SearchAction\",\"target\":{\"@type\":\"EntryPoint\",\"urlTemplate\":\"https:\\\/\\\/pmza.sk\\\/?s={search_term_string}\"},\"query-input\":{\"@type\":\"PropertyValueSpecification\",\"valueRequired\":true,\"valueName\":\"search_term_string\"}}],\"inLanguage\":\"sk-SK\"},{\"@type\":\"Organization\",\"@id\":\"https:\\\/\\\/pmza.sk\\\/#organization\",\"name\":\"Pova\u017esk\u00e9 m\u00fazeum\",\"url\":\"https:\\\/\\\/pmza.sk\\\/\",\"logo\":{\"@type\":\"ImageObject\",\"inLanguage\":\"sk-SK\",\"@id\":\"https:\\\/\\\/pmza.sk\\\/#\\\/schema\\\/logo\\\/image\\\/\",\"url\":\"https:\\\/\\\/pmza.sk\\\/wp-content\\\/uploads\\\/2022\\\/01\\\/logo_PM_horizontal.jpg\",\"contentUrl\":\"https:\\\/\\\/pmza.sk\\\/wp-content\\\/uploads\\\/2022\\\/01\\\/logo_PM_horizontal.jpg\",\"width\":231,\"height\":142,\"caption\":\"Pova\u017esk\u00e9 m\u00fazeum\"},\"image\":{\"@id\":\"https:\\\/\\\/pmza.sk\\\/#\\\/schema\\\/logo\\\/image\\\/\"},\"sameAs\":[\"https:\\\/\\\/www.facebook.com\\\/povazskemuzeum\",\"https:\\\/\\\/www.instagram.com\\\/povazskemuzeum\\\/\"]},{\"@type\":\"Person\",\"@id\":\"https:\\\/\\\/pmza.sk\\\/#\\\/schema\\\/person\\\/595e6a2ce731ea94dcd5d7f50a41ae33\",\"name\":\"Pova\u017esk\u00e9 m\u00fazeum\",\"image\":{\"@type\":\"ImageObject\",\"inLanguage\":\"sk-SK\",\"@id\":\"https:\\\/\\\/secure.gravatar.com\\\/avatar\\\/2bb7f1561282132fb5826dfeccc66c7996d11ee392ac6aaf7ced8a1c2027fbb2?s=96&d=mm&r=g\",\"url\":\"https:\\\/\\\/secure.gravatar.com\\\/avatar\\\/2bb7f1561282132fb5826dfeccc66c7996d11ee392ac6aaf7ced8a1c2027fbb2?s=96&d=mm&r=g\",\"contentUrl\":\"https:\\\/\\\/secure.gravatar.com\\\/avatar\\\/2bb7f1561282132fb5826dfeccc66c7996d11ee392ac6aaf7ced8a1c2027fbb2?s=96&d=mm&r=g\",\"caption\":\"Pova\u017esk\u00e9 m\u00fazeum\"}}]}<\/script>\n<!-- \/ Yoast SEO plugin. -->","yoast_head_json":{"title":"De\u0148 det\u00ed a Zlatovl\u00e1ska na hrade Stre\u010dno - Pova\u017esk\u00e9 m\u00fazeum","robots":{"index":"index","follow":"follow","max-snippet":"max-snippet:-1","max-image-preview":"max-image-preview:large","max-video-preview":"max-video-preview:-1"},"canonical":"https:\/\/pmza.sk\/?p=7463","og_locale":"sk_SK","og_type":"article","og_title":"De\u0148 det\u00ed a Zlatovl\u00e1ska na hrade Stre\u010dno - Pova\u017esk\u00e9 m\u00fazeum","og_description":"Prv\u00e1 j\u00fanov\u00e1 nede\u013ea bude na hrade Stre\u010dno u\u017e tradi\u010dne venovan\u00e1 predov\u0161etk\u00fdm na\u0161im najmen\u0161\u00edm, ale aj v\u00e4\u010d\u0161\u00edm n\u00e1v\u0161tevn\u00edkom. Aj tento rok Pova\u017esk\u00e9 m\u00fazeum v\u00a0\u017diline pripravilo pri pr\u00edle\u017eitosti Medzin\u00e1rodn\u00e9ho d\u0148a det\u00ed v\u00a0nede\u013eu 2. j\u00fana 2013 bohat\u00fd program. \u201eStre\u010dnianski hradn\u00ed delostrelci na \u010dele s\u00a0kapr\u00e1lom \u010carom sa postaraj\u00fa o\u00a0jedine\u010dn\u00fa atmosf\u00e9ru stre\u013ebou z\u00a0dela a\u00a0Klub vojenskej hist\u00f3rie prinesie nezabudnute\u013en\u00e9 z\u00e1\u017eitky formou [&hellip;]","og_url":"https:\/\/pmza.sk\/?p=7463","og_site_name":"Pova\u017esk\u00e9 m\u00fazeum","article_publisher":"https:\/\/www.facebook.com\/povazskemuzeum","article_published_time":"2013-05-24T11:07:55+00:00","og_image":[{"url":"https:\/\/pmza.sk.sk\/wp-content\/uploads\/2013\/05\/IMG_7765-300x200.jpg","type":"","width":"","height":""}],"author":"Pova\u017esk\u00e9 m\u00fazeum","twitter_card":"summary_large_image","twitter_misc":{"Autor":"Pova\u017esk\u00e9 m\u00fazeum","Predpokladan\u00fd \u010das \u010d\u00edtania":"2 min\u00faty"},"schema":{"@context":"https:\/\/schema.org","@graph":[{"@type":"Article","@id":"https:\/\/pmza.sk\/?p=7463#article","isPartOf":{"@id":"https:\/\/pmza.sk\/?p=7463"},"author":{"name":"Pova\u017esk\u00e9 m\u00fazeum","@id":"https:\/\/pmza.sk\/#\/schema\/person\/595e6a2ce731ea94dcd5d7f50a41ae33"},"headline":"De\u0148 det\u00ed a Zlatovl\u00e1ska na hrade Stre\u010dno","datePublished":"2013-05-24T11:07:55+00:00","mainEntityOfPage":{"@id":"https:\/\/pmza.sk\/?p=7463"},"wordCount":412,"publisher":{"@id":"https:\/\/pmza.sk\/#organization"},"image":{"@id":"https:\/\/pmza.sk\/?p=7463#primaryimage"},"thumbnailUrl":"https:\/\/pmza.sk.sk\/wp-content\/uploads\/2013\/05\/IMG_7765-300x200.jpg","articleSection":["Arch\u00edv 2013"],"inLanguage":"sk-SK"},{"@type":"WebPage","@id":"https:\/\/pmza.sk\/?p=7463","url":"https:\/\/pmza.sk\/?p=7463","name":"De\u0148 det\u00ed a Zlatovl\u00e1ska na hrade Stre\u010dno - Pova\u017esk\u00e9 m\u00fazeum","isPartOf":{"@id":"https:\/\/pmza.sk\/#website"},"primaryImageOfPage":{"@id":"https:\/\/pmza.sk\/?p=7463#primaryimage"},"image":{"@id":"https:\/\/pmza.sk\/?p=7463#primaryimage"},"thumbnailUrl":"https:\/\/pmza.sk.sk\/wp-content\/uploads\/2013\/05\/IMG_7765-300x200.jpg","datePublished":"2013-05-24T11:07:55+00:00","breadcrumb":{"@id":"https:\/\/pmza.sk\/?p=7463#breadcrumb"},"inLanguage":"sk-SK","potentialAction":[{"@type":"ReadAction","target":["https:\/\/pmza.sk\/?p=7463"]}]},{"@type":"ImageObject","inLanguage":"sk-SK","@id":"https:\/\/pmza.sk\/?p=7463#primaryimage","url":"https:\/\/pmza.sk.sk\/wp-content\/uploads\/2013\/05\/IMG_7765-300x200.jpg","contentUrl":"https:\/\/pmza.sk.sk\/wp-content\/uploads\/2013\/05\/IMG_7765-300x200.jpg"},{"@type":"BreadcrumbList","@id":"https:\/\/pmza.sk\/?p=7463#breadcrumb","itemListElement":[{"@type":"ListItem","position":1,"name":"Domovsk\u00e1 str\u00e1nka","item":"https:\/\/pmza.sk\/"},{"@type":"ListItem","position":2,"name":"De\u0148 det\u00ed a Zlatovl\u00e1ska na hrade Stre\u010dno"}]},{"@type":"WebSite","@id":"https:\/\/pmza.sk\/#website","url":"https:\/\/pmza.sk\/","name":"Pova\u017esk\u00e9 m\u00fazeum","description":"Pova\u017esk\u00e9 m\u00fazeum v \u017diline je region\u00e1lne m\u00fazeum so s\u00eddlom v Budat\u00edne. Jeho expoz\u00edcie s\u00fa zameran\u00e9 na dejiny slovensk\u00e9ho umenia, kult\u00fary a dopravy.","publisher":{"@id":"https:\/\/pmza.sk\/#organization"},"potentialAction":[{"@type":"SearchAction","target":{"@type":"EntryPoint","urlTemplate":"https:\/\/pmza.sk\/?s={search_term_string}"},"query-input":{"@type":"PropertyValueSpecification","valueRequired":true,"valueName":"search_term_string"}}],"inLanguage":"sk-SK"},{"@type":"Organization","@id":"https:\/\/pmza.sk\/#organization","name":"Pova\u017esk\u00e9 m\u00fazeum","url":"https:\/\/pmza.sk\/","logo":{"@type":"ImageObject","inLanguage":"sk-SK","@id":"https:\/\/pmza.sk\/#\/schema\/logo\/image\/","url":"https:\/\/pmza.sk\/wp-content\/uploads\/2022\/01\/logo_PM_horizontal.jpg","contentUrl":"https:\/\/pmza.sk\/wp-content\/uploads\/2022\/01\/logo_PM_horizontal.jpg","width":231,"height":142,"caption":"Pova\u017esk\u00e9 m\u00fazeum"},"image":{"@id":"https:\/\/pmza.sk\/#\/schema\/logo\/image\/"},"sameAs":["https:\/\/www.facebook.com\/povazskemuzeum","https:\/\/www.instagram.com\/povazskemuzeum\/"]},{"@type":"Person","@id":"https:\/\/pmza.sk\/#\/schema\/person\/595e6a2ce731ea94dcd5d7f50a41ae33","name":"Pova\u017esk\u00e9 m\u00fazeum","image":{"@type":"ImageObject","inLanguage":"sk-SK","@id":"https:\/\/secure.gravatar.com\/avatar\/2bb7f1561282132fb5826dfeccc66c7996d11ee392ac6aaf7ced8a1c2027fbb2?s=96&d=mm&r=g","url":"https:\/\/secure.gravatar.com\/avatar\/2bb7f1561282132fb5826dfeccc66c7996d11ee392ac6aaf7ced8a1c2027fbb2?s=96&d=mm&r=g","contentUrl":"https:\/\/secure.gravatar.com\/avatar\/2bb7f1561282132fb5826dfeccc66c7996d11ee392ac6aaf7ced8a1c2027fbb2?s=96&d=mm&r=g","caption":"Pova\u017esk\u00e9 m\u00fazeum"}}]}},"_links":{"self":[{"href":"https:\/\/pmza.sk\/index.php?rest_route=\/wp\/v2\/posts\/7463","targetHints":{"allow":["GET"]}}],"collection":[{"href":"https:\/\/pmza.sk\/index.php?rest_route=\/wp\/v2\/posts"}],"about":[{"href":"https:\/\/pmza.sk\/index.php?rest_route=\/wp\/v2\/types\/post"}],"author":[{"embeddable":true,"href":"https:\/\/pmza.sk\/index.php?rest_route=\/wp\/v2\/users\/2"}],"replies":[{"embeddable":true,"href":"https:\/\/pmza.sk\/index.php?rest_route=%2Fwp%2Fv2%2Fcomments&post=7463"}],"version-history":[{"count":0,"href":"https:\/\/pmza.sk\/index.php?rest_route=\/wp\/v2\/posts\/7463\/revisions"}],"wp:attachment":[{"href":"https:\/\/pmza.sk\/index.php?rest_route=%2Fwp%2Fv2%2Fmedia&parent=7463"}],"wp:term":[{"taxonomy":"category","embeddable":true,"href":"https:\/\/pmza.sk\/index.php?rest_route=%2Fwp%2Fv2%2Fcategories&post=7463"},{"taxonomy":"post_tag","embeddable":true,"href":"https:\/\/pmza.sk\/index.php?rest_route=%2Fwp%2Fv2%2Ftags&post=7463"}],"curies":[{"name":"wp","href":"https:\/\/api.w.org\/{rel}","templated":true}]}}