{"id":75138,"date":"2026-02-20T11:06:23","date_gmt":"2026-02-20T10:06:23","guid":{"rendered":"https:\/\/pmza.sk\/?p=75138"},"modified":"2026-02-20T11:06:23","modified_gmt":"2026-02-20T10:06:23","slug":"fond-na-podporu-umenia-podporil-dva-projekty-povazskeho-muzea","status":"publish","type":"post","link":"https:\/\/pmza.sk\/?p=75138","title":{"rendered":"Fond na podporu umenia podporil dva projekty Pova\u017esk\u00e9ho m\u00fazea"},"content":{"rendered":"<p>Pova\u017esk\u00e9 m\u00fazeum sa zapojilo do v\u00fdzvy Fondu na podporu umenia a\u00a0z\u00edskalo podporu pre dva projekty v\u00a0r\u00e1mci v\u00fdzvy Men\u0161ia kult\u00farna infra\u0161trukt\u00fara.<\/p>\n<p>V\u010faka projektu s\u00a0n\u00e1zvom <strong>\u201eDoplnenie infra\u0161trukt\u00fary Pova\u017esk\u00e9ho m\u00fazea pre akcie m\u00fazejnej pedagogiky a podujat\u00ed pre verejnos\u0165\u201c<\/strong>, ktor\u00fd schv\u00e1lil Fond na podporu umenia sa podarilo \u010diasto\u010dne zlep\u0161i\u0165 technick\u00e9 aj v\u00fdstavn\u00e9 vybavenie m\u00fazea. Z\u00e1merom bolo skvalitnenie prezent\u00e1cie zbierkov\u00fdch predmetov a\u00a0zv\u00fd\u0161enie atraktivity m\u00fazea pre n\u00e1v\u0161tevn\u00edkov. Podpora bola vo v\u00fd\u0161ke 2 500,-\u20ac a\u00a0podarilo sa zak\u00fapi\u0165 nov\u00e9 premietacie pl\u00e1tno, figur\u00edny, stojany na popisky a\u00a0svetl\u00e1. Tieto prvky prispeli k\u00a0moderniz\u00e1cii m\u00fazea. K\u00fapa premietacieho pl\u00e1tna zabezpe\u010duje \u00a0kvalitn\u00fa prezent\u00e1ciu zbierkov\u00fdch predmetov, ktor\u00e9 nie je mo\u017en\u00e9 uk\u00e1za\u0165 verejnosti priamo. Figur\u00edny umo\u017enia prezentova\u0165 zbierkov\u00e9 predmety, a\u00a0tak by\u0165 vhodne vystaven\u00e9. Nov\u00e9 svetl\u00e1 poskytn\u00fa adekv\u00e1tne osvetlenie tmav\u00fdm miestnostiam. Preh\u013eadnej\u0161ie spracovan\u00e9 inform\u00e1cie a vizu\u00e1lne kraj\u0161ie prostredie zabezpe\u010dia stojany na popisky. Realiz\u00e1ciou projektu sa zv\u00fd\u0161ila kvalita vzdel\u00e1vacieho z\u00e1\u017eitku aj \u00farove\u0148 poskytovan\u00fdch slu\u017eieb m\u00fazea.<\/p>\n<p>V\u010faka projektu <strong>\u201eDoplnenie infra\u0161trukt\u00fary Pova\u017esk\u00e9ho m\u00fazea pre podujatia zameran\u00e9 na vzdel\u00e1vanie a kult\u00faru\u201c<\/strong> sa v\u00fdrazne modernizovalo technick\u00e9 vybavenie vyu\u017e\u00edvan\u00e9 pri podujatiach v priestoroch Sob\u00e1\u0161neho pal\u00e1ca v Byt\u010di. Cie\u013eom projektu bolo vytvori\u0165 kvalitnej\u0161ie technick\u00e9 z\u00e1zemie, ktor\u00e9 zodpoved\u00e1 s\u00fa\u010dasn\u00fdm n\u00e1rokom na organizovanie kult\u00farnych, vzdel\u00e1vac\u00edch aj spolo\u010densk\u00fdch podujat\u00ed. Projekt bol podporen\u00fd sumou 9 000,-\u20ac. Zak\u00fapen\u00edm novej zvukovej, svetelnej a projek\u010dnej techniky sa podarilo posun\u00fa\u0165 \u00farove\u0148 organizovan\u00fdch programov na profesion\u00e1lnej\u0161iu \u00farove\u0148. Modern\u00e9 reproduktory zabezpe\u010duj\u00fa \u010dist\u00fd a vyv\u00e1\u017een\u00fd zvuk v celom priestore, nov\u00e9 osvetlenie umo\u017e\u0148uje vytv\u00e1ra\u0165 pr\u00edjemn\u00fa atmosf\u00e9ru i d\u00f4stojn\u00fd sc\u00e9nick\u00fd r\u00e1mec podujat\u00ed a bezdr\u00f4tov\u00e9 mikrof\u00f3ny spolu s mix\u00e1\u017enym pultom prin\u00e1\u0161aj\u00fa v\u00e4\u010d\u0161\u00ed komfort pre \u00fa\u010dinkuj\u00facich aj organiz\u00e1torov. Projektor s pr\u00edslu\u0161enstvom z\u00e1rove\u0148 roz\u0161iruje mo\u017enosti realiz\u00e1cie predn\u00e1\u0161ok, prezent\u00e1ci\u00ed, workshopov \u010di eduka\u010dn\u00fdch programov pre \u0161koly.<\/p>\n<p>V\u010faka tejto moderniz\u00e1cii je mo\u017en\u00e9 v historick\u00fdch priestoroch Sob\u00e1\u0161neho pal\u00e1ca realizova\u0165 koncerty, diskusie, tematick\u00e9 ve\u010dery, odborn\u00e9 predn\u00e1\u0161ky, \u0161kolsk\u00e9 programy aj komunitn\u00e9 stretnutia vo vy\u0161\u0161ej technickej kvalite a s lep\u0161\u00edm z\u00e1\u017eitkom pre n\u00e1v\u0161tevn\u00edkov. Projekt z\u00e1rove\u0148 posil\u0148uje postavenie m\u00fazea ako \u017eiv\u00e9ho kult\u00farneho centra, ktor\u00e9 prep\u00e1ja hist\u00f3riu s modern\u00fdmi formami prezent\u00e1cie.<\/p>\n<div class=\"wp-block-image\"><img fetchpriority=\"high\" decoding=\"async\" class=\"wpa-warning wpa-image-missing-alt alignnone size-medium wp-image-75139\" src=\"https:\/\/pmza.sk\/wp-content\/uploads\/2026\/02\/figuriny-188x360.jpg\" alt=\"\" width=\"188\" height=\"360\" data-warning=\"Missing alt text\" srcset=\"https:\/\/pmza.sk\/wp-content\/uploads\/2026\/02\/figuriny-188x360.jpg 188w, https:\/\/pmza.sk\/wp-content\/uploads\/2026\/02\/figuriny-385x736.jpg 385w, https:\/\/pmza.sk\/wp-content\/uploads\/2026\/02\/figuriny-768x1469.jpg 768w, https:\/\/pmza.sk\/wp-content\/uploads\/2026\/02\/figuriny-803x1536.jpg 803w, https:\/\/pmza.sk\/wp-content\/uploads\/2026\/02\/figuriny-1071x2048.jpg 1071w, https:\/\/pmza.sk\/wp-content\/uploads\/2026\/02\/figuriny-600x1148.jpg 600w, https:\/\/pmza.sk\/wp-content\/uploads\/2026\/02\/figuriny-scaled.jpg 1338w\" sizes=\"(max-width: 188px) 100vw, 188px\" \/><\/div>\n<div>Figur\u00edny<\/div>\n<div>\n<div class=\"wp-block-image\"><img decoding=\"async\" class=\"wpa-warning wpa-image-missing-alt alignnone size-medium wp-image-75143\" src=\"https:\/\/pmza.sk\/wp-content\/uploads\/2026\/02\/premietacie-platno-270x360.jpg\" alt=\"\" width=\"270\" height=\"360\" data-warning=\"Missing alt text\" srcset=\"https:\/\/pmza.sk\/wp-content\/uploads\/2026\/02\/premietacie-platno-270x360.jpg 270w, https:\/\/pmza.sk\/wp-content\/uploads\/2026\/02\/premietacie-platno-553x736.jpg 553w, https:\/\/pmza.sk\/wp-content\/uploads\/2026\/02\/premietacie-platno-768x1023.jpg 768w, https:\/\/pmza.sk\/wp-content\/uploads\/2026\/02\/premietacie-platno-1153x1536.jpg 1153w, https:\/\/pmza.sk\/wp-content\/uploads\/2026\/02\/premietacie-platno-1538x2048.jpg 1538w, https:\/\/pmza.sk\/wp-content\/uploads\/2026\/02\/premietacie-platno-600x799.jpg 600w, https:\/\/pmza.sk\/wp-content\/uploads\/2026\/02\/premietacie-platno-scaled.jpg 1922w\" sizes=\"(max-width: 270px) 100vw, 270px\" \/><\/div>\n<div>Premietacie pl\u00e1tno<\/div>\n<div>\n<div class=\"wp-block-image\"><img decoding=\"async\" class=\"wpa-warning wpa-image-missing-alt alignnone size-medium wp-image-75144\" src=\"https:\/\/pmza.sk\/wp-content\/uploads\/2026\/02\/stojany-na-popisky-270x360.jpg\" alt=\"\" width=\"270\" height=\"360\" data-warning=\"Missing alt text\" srcset=\"https:\/\/pmza.sk\/wp-content\/uploads\/2026\/02\/stojany-na-popisky-270x360.jpg 270w, https:\/\/pmza.sk\/wp-content\/uploads\/2026\/02\/stojany-na-popisky-553x736.jpg 553w, https:\/\/pmza.sk\/wp-content\/uploads\/2026\/02\/stojany-na-popisky-768x1023.jpg 768w, https:\/\/pmza.sk\/wp-content\/uploads\/2026\/02\/stojany-na-popisky-1153x1536.jpg 1153w, https:\/\/pmza.sk\/wp-content\/uploads\/2026\/02\/stojany-na-popisky-1538x2048.jpg 1538w, https:\/\/pmza.sk\/wp-content\/uploads\/2026\/02\/stojany-na-popisky-600x799.jpg 600w, https:\/\/pmza.sk\/wp-content\/uploads\/2026\/02\/stojany-na-popisky-scaled.jpg 1922w\" sizes=\"(max-width: 270px) 100vw, 270px\" \/><\/div>\n<div>Stojany na popisky<\/div>\n<div>\n<div class=\"wp-block-image\"><img loading=\"lazy\" decoding=\"async\" class=\"wpa-warning wpa-image-missing-alt alignnone size-medium wp-image-75145\" src=\"https:\/\/pmza.sk\/wp-content\/uploads\/2026\/02\/svetla-270x360.jpg\" alt=\"\" width=\"270\" height=\"360\" data-warning=\"Missing alt text\" srcset=\"https:\/\/pmza.sk\/wp-content\/uploads\/2026\/02\/svetla-270x360.jpg 270w, https:\/\/pmza.sk\/wp-content\/uploads\/2026\/02\/svetla-553x736.jpg 553w, https:\/\/pmza.sk\/wp-content\/uploads\/2026\/02\/svetla-768x1023.jpg 768w, https:\/\/pmza.sk\/wp-content\/uploads\/2026\/02\/svetla-1153x1536.jpg 1153w, https:\/\/pmza.sk\/wp-content\/uploads\/2026\/02\/svetla-1538x2048.jpg 1538w, https:\/\/pmza.sk\/wp-content\/uploads\/2026\/02\/svetla-600x799.jpg 600w, https:\/\/pmza.sk\/wp-content\/uploads\/2026\/02\/svetla-scaled.jpg 1922w\" sizes=\"(max-width: 270px) 100vw, 270px\" \/><\/div>\n<\/div>\n<\/div>\n<\/div>\n<p>Svetl\u00e1<\/p>\n<div class=\"wp-block-image\"><img loading=\"lazy\" decoding=\"async\" class=\"wpa-warning wpa-image-missing-alt alignnone size-medium wp-image-75140\" src=\"https:\/\/pmza.sk\/wp-content\/uploads\/2026\/02\/image0-270x360.jpeg\" alt=\"\" width=\"270\" height=\"360\" data-warning=\"Missing alt text\" srcset=\"https:\/\/pmza.sk\/wp-content\/uploads\/2026\/02\/image0-270x360.jpeg 270w, https:\/\/pmza.sk\/wp-content\/uploads\/2026\/02\/image0-rotated.jpeg 480w\" sizes=\"(max-width: 270px) 100vw, 270px\" \/><\/div>\n<div>Zvukov\u00e1 a sveteln\u00e1 technika<\/div>\n<div>\n<div class=\"wp-block-image\"><img loading=\"lazy\" decoding=\"async\" class=\"wpa-warning wpa-image-missing-alt alignnone size-medium wp-image-75141\" src=\"https:\/\/pmza.sk\/wp-content\/uploads\/2026\/02\/image2-270x360.jpeg\" alt=\"\" width=\"270\" height=\"360\" data-warning=\"Missing alt text\" srcset=\"https:\/\/pmza.sk\/wp-content\/uploads\/2026\/02\/image2-270x360.jpeg 270w, https:\/\/pmza.sk\/wp-content\/uploads\/2026\/02\/image2-rotated.jpeg 480w\" sizes=\"(max-width: 270px) 100vw, 270px\" \/><\/div>\n<div>Sveteln\u00e1 technika<\/div>\n<div>\n<div class=\"wp-block-image\"><img loading=\"lazy\" decoding=\"async\" class=\"wpa-warning wpa-image-missing-alt alignnone size-medium wp-image-75142\" src=\"https:\/\/pmza.sk\/wp-content\/uploads\/2026\/02\/image4-270x360.jpeg\" alt=\"\" width=\"270\" height=\"360\" data-warning=\"Missing alt text\" srcset=\"https:\/\/pmza.sk\/wp-content\/uploads\/2026\/02\/image4-270x360.jpeg 270w, https:\/\/pmza.sk\/wp-content\/uploads\/2026\/02\/image4-rotated.jpeg 480w\" sizes=\"(max-width: 270px) 100vw, 270px\" \/><\/div>\n<div>Audiovizu\u00e1lna technika<\/div>\n<\/div>\n<\/div>\n<div class=\"wp-block-image\"><img loading=\"lazy\" decoding=\"async\" class=\"wpa-warning wpa-image-missing-alt alignnone  wp-image-75146\" src=\"https:\/\/pmza.sk\/wp-content\/uploads\/2026\/02\/FPU_logo1_modre-480x360.jpg\" alt=\"\" width=\"248\" height=\"186\" data-warning=\"Missing alt text\" srcset=\"https:\/\/pmza.sk\/wp-content\/uploads\/2026\/02\/FPU_logo1_modre-480x360.jpg 480w, https:\/\/pmza.sk\/wp-content\/uploads\/2026\/02\/FPU_logo1_modre-982x736.jpg 982w, https:\/\/pmza.sk\/wp-content\/uploads\/2026\/02\/FPU_logo1_modre-768x576.jpg 768w, https:\/\/pmza.sk\/wp-content\/uploads\/2026\/02\/FPU_logo1_modre-1536x1152.jpg 1536w, https:\/\/pmza.sk\/wp-content\/uploads\/2026\/02\/FPU_logo1_modre-2048x1536.jpg 2048w, https:\/\/pmza.sk\/wp-content\/uploads\/2026\/02\/FPU_logo1_modre-600x450.jpg 600w\" sizes=\"(max-width: 248px) 100vw, 248px\" \/><\/div>\n<p>Projekty podporil z verejn\u00fdch zdrojov Fond na podporu umenia.<\/p>\n","protected":false},"excerpt":{"rendered":"<p>Pova\u017esk\u00e9 m\u00fazeum sa zapojilo do v\u00fdzvy Fondu na podporu umenia a\u00a0z\u00edskalo podporu pre dva projekty v\u00a0r\u00e1mci v\u00fdzvy Men\u0161ia kult\u00farna infra\u0161trukt\u00fara. V\u010faka projektu s\u00a0n\u00e1zvom \u201eDoplnenie infra\u0161trukt\u00fary Pova\u017esk\u00e9ho m\u00fazea pre akcie m\u00fazejnej pedagogiky a podujat\u00ed pre verejnos\u0165\u201c, ktor\u00fd schv\u00e1lil Fond na podporu umenia sa podarilo \u010diasto\u010dne zlep\u0161i\u0165 technick\u00e9 aj v\u00fdstavn\u00e9 vybavenie m\u00fazea. Z\u00e1merom bolo skvalitnenie prezent\u00e1cie zbierkov\u00fdch [&hellip;]<\/p>\n","protected":false},"author":2,"featured_media":75146,"comment_status":"closed","ping_status":"closed","sticky":false,"template":"","format":"standard","meta":{"site-sidebar-layout":"default","site-content-layout":"","ast-site-content-layout":"default","site-content-style":"default","site-sidebar-style":"default","ast-global-header-display":"","ast-banner-title-visibility":"","ast-main-header-display":"","ast-hfb-above-header-display":"","ast-hfb-below-header-display":"","ast-hfb-mobile-header-display":"","site-post-title":"","ast-breadcrumbs-content":"","ast-featured-img":"","footer-sml-layout":"","theme-transparent-header-meta":"default","adv-header-id-meta":"","stick-header-meta":"default","header-above-stick-meta":"","header-main-stick-meta":"","header-below-stick-meta":"","astra-migrate-meta-layouts":"set","ast-page-background-enabled":"default","ast-page-background-meta":{"desktop":{"background-color":"var(--ast-global-color-4)","background-image":"","background-repeat":"repeat","background-position":"center center","background-size":"auto","background-attachment":"scroll","background-type":"","background-media":"","overlay-type":"","overlay-color":"","overlay-opacity":"","overlay-gradient":""},"tablet":{"background-color":"","background-image":"","background-repeat":"repeat","background-position":"center center","background-size":"auto","background-attachment":"scroll","background-type":"","background-media":"","overlay-type":"","overlay-color":"","overlay-opacity":"","overlay-gradient":""},"mobile":{"background-color":"","background-image":"","background-repeat":"repeat","background-position":"center center","background-size":"auto","background-attachment":"scroll","background-type":"","background-media":"","overlay-type":"","overlay-color":"","overlay-opacity":"","overlay-gradient":""}},"ast-content-background-meta":{"desktop":{"background-color":"var(--ast-global-color-5)","background-image":"","background-repeat":"repeat","background-position":"center center","background-size":"auto","background-attachment":"scroll","background-type":"","background-media":"","overlay-type":"","overlay-color":"","overlay-opacity":"","overlay-gradient":""},"tablet":{"background-color":"var(--ast-global-color-5)","background-image":"","background-repeat":"repeat","background-position":"center center","background-size":"auto","background-attachment":"scroll","background-type":"","background-media":"","overlay-type":"","overlay-color":"","overlay-opacity":"","overlay-gradient":""},"mobile":{"background-color":"var(--ast-global-color-5)","background-image":"","background-repeat":"repeat","background-position":"center center","background-size":"auto","background-attachment":"scroll","background-type":"","background-media":"","overlay-type":"","overlay-color":"","overlay-opacity":"","overlay-gradient":""}},"footnotes":""},"categories":[31],"tags":[73],"class_list":["post-75138","post","type-post","status-publish","format-standard","has-post-thumbnail","hentry","category-aktuality","tag-uvod"],"yoast_head":"<!-- This site is optimized with the Yoast SEO plugin v27.4 - https:\/\/yoast.com\/product\/yoast-seo-wordpress\/ -->\n<title>Fond na podporu umenia podporil dva projekty Pova\u017esk\u00e9ho m\u00fazea - Pova\u017esk\u00e9 m\u00fazeum<\/title>\n<meta name=\"robots\" content=\"index, follow, max-snippet:-1, max-image-preview:large, max-video-preview:-1\" \/>\n<link rel=\"canonical\" href=\"https:\/\/pmza.sk\/?p=75138\" \/>\n<meta property=\"og:locale\" content=\"sk_SK\" \/>\n<meta property=\"og:type\" content=\"article\" \/>\n<meta property=\"og:title\" content=\"Fond na podporu umenia podporil dva projekty Pova\u017esk\u00e9ho m\u00fazea - Pova\u017esk\u00e9 m\u00fazeum\" \/>\n<meta property=\"og:description\" content=\"Pova\u017esk\u00e9 m\u00fazeum sa zapojilo do v\u00fdzvy Fondu na podporu umenia a\u00a0z\u00edskalo podporu pre dva projekty v\u00a0r\u00e1mci v\u00fdzvy Men\u0161ia kult\u00farna infra\u0161trukt\u00fara. V\u010faka projektu s\u00a0n\u00e1zvom \u201eDoplnenie infra\u0161trukt\u00fary Pova\u017esk\u00e9ho m\u00fazea pre akcie m\u00fazejnej pedagogiky a podujat\u00ed pre verejnos\u0165\u201c, ktor\u00fd schv\u00e1lil Fond na podporu umenia sa podarilo \u010diasto\u010dne zlep\u0161i\u0165 technick\u00e9 aj v\u00fdstavn\u00e9 vybavenie m\u00fazea. Z\u00e1merom bolo skvalitnenie prezent\u00e1cie zbierkov\u00fdch [&hellip;]\" \/>\n<meta property=\"og:url\" content=\"https:\/\/pmza.sk\/?p=75138\" \/>\n<meta property=\"og:site_name\" content=\"Pova\u017esk\u00e9 m\u00fazeum\" \/>\n<meta property=\"article:publisher\" content=\"https:\/\/www.facebook.com\/povazskemuzeum\" \/>\n<meta property=\"article:published_time\" content=\"2026-02-20T10:06:23+00:00\" \/>\n<meta property=\"og:image\" content=\"https:\/\/pmza.sk\/wp-content\/uploads\/2026\/02\/FPU_logo1_modre-scaled.jpg\" \/>\n\t<meta property=\"og:image:width\" content=\"2560\" \/>\n\t<meta property=\"og:image:height\" content=\"1920\" \/>\n\t<meta property=\"og:image:type\" content=\"image\/jpeg\" \/>\n<meta name=\"author\" content=\"Pova\u017esk\u00e9 m\u00fazeum\" \/>\n<meta name=\"twitter:card\" content=\"summary_large_image\" \/>\n<meta name=\"twitter:label1\" content=\"Autor\" \/>\n\t<meta name=\"twitter:data1\" content=\"Pova\u017esk\u00e9 m\u00fazeum\" \/>\n\t<meta name=\"twitter:label2\" content=\"Predpokladan\u00fd \u010das \u010d\u00edtania\" \/>\n\t<meta name=\"twitter:data2\" content=\"2 min\u00faty\" \/>\n<script type=\"application\/ld+json\" class=\"yoast-schema-graph\">{\"@context\":\"https:\\\/\\\/schema.org\",\"@graph\":[{\"@type\":\"Article\",\"@id\":\"https:\\\/\\\/pmza.sk\\\/?p=75138#article\",\"isPartOf\":{\"@id\":\"https:\\\/\\\/pmza.sk\\\/?p=75138\"},\"author\":{\"name\":\"Pova\u017esk\u00e9 m\u00fazeum\",\"@id\":\"https:\\\/\\\/pmza.sk\\\/#\\\/schema\\\/person\\\/595e6a2ce731ea94dcd5d7f50a41ae33\"},\"headline\":\"Fond na podporu umenia podporil dva projekty Pova\u017esk\u00e9ho m\u00fazea\",\"datePublished\":\"2026-02-20T10:06:23+00:00\",\"mainEntityOfPage\":{\"@id\":\"https:\\\/\\\/pmza.sk\\\/?p=75138\"},\"wordCount\":487,\"publisher\":{\"@id\":\"https:\\\/\\\/pmza.sk\\\/#organization\"},\"image\":{\"@id\":\"https:\\\/\\\/pmza.sk\\\/?p=75138#primaryimage\"},\"thumbnailUrl\":\"https:\\\/\\\/pmza.sk\\\/wp-content\\\/uploads\\\/2026\\\/02\\\/FPU_logo1_modre-scaled.jpg\",\"keywords\":[\"\u00davod\"],\"articleSection\":[\"Aktuality\"],\"inLanguage\":\"sk-SK\"},{\"@type\":\"WebPage\",\"@id\":\"https:\\\/\\\/pmza.sk\\\/?p=75138\",\"url\":\"https:\\\/\\\/pmza.sk\\\/?p=75138\",\"name\":\"Fond na podporu umenia podporil dva projekty Pova\u017esk\u00e9ho m\u00fazea - Pova\u017esk\u00e9 m\u00fazeum\",\"isPartOf\":{\"@id\":\"https:\\\/\\\/pmza.sk\\\/#website\"},\"primaryImageOfPage\":{\"@id\":\"https:\\\/\\\/pmza.sk\\\/?p=75138#primaryimage\"},\"image\":{\"@id\":\"https:\\\/\\\/pmza.sk\\\/?p=75138#primaryimage\"},\"thumbnailUrl\":\"https:\\\/\\\/pmza.sk\\\/wp-content\\\/uploads\\\/2026\\\/02\\\/FPU_logo1_modre-scaled.jpg\",\"datePublished\":\"2026-02-20T10:06:23+00:00\",\"breadcrumb\":{\"@id\":\"https:\\\/\\\/pmza.sk\\\/?p=75138#breadcrumb\"},\"inLanguage\":\"sk-SK\",\"potentialAction\":[{\"@type\":\"ReadAction\",\"target\":[\"https:\\\/\\\/pmza.sk\\\/?p=75138\"]}]},{\"@type\":\"ImageObject\",\"inLanguage\":\"sk-SK\",\"@id\":\"https:\\\/\\\/pmza.sk\\\/?p=75138#primaryimage\",\"url\":\"https:\\\/\\\/pmza.sk\\\/wp-content\\\/uploads\\\/2026\\\/02\\\/FPU_logo1_modre-scaled.jpg\",\"contentUrl\":\"https:\\\/\\\/pmza.sk\\\/wp-content\\\/uploads\\\/2026\\\/02\\\/FPU_logo1_modre-scaled.jpg\",\"width\":2560,\"height\":1920},{\"@type\":\"BreadcrumbList\",\"@id\":\"https:\\\/\\\/pmza.sk\\\/?p=75138#breadcrumb\",\"itemListElement\":[{\"@type\":\"ListItem\",\"position\":1,\"name\":\"Domovsk\u00e1 str\u00e1nka\",\"item\":\"https:\\\/\\\/pmza.sk\\\/\"},{\"@type\":\"ListItem\",\"position\":2,\"name\":\"Fond na podporu umenia podporil dva projekty Pova\u017esk\u00e9ho m\u00fazea\"}]},{\"@type\":\"WebSite\",\"@id\":\"https:\\\/\\\/pmza.sk\\\/#website\",\"url\":\"https:\\\/\\\/pmza.sk\\\/\",\"name\":\"Pova\u017esk\u00e9 m\u00fazeum\",\"description\":\"Pova\u017esk\u00e9 m\u00fazeum v \u017diline je region\u00e1lne m\u00fazeum so s\u00eddlom v Budat\u00edne. Jeho expoz\u00edcie s\u00fa zameran\u00e9 na dejiny slovensk\u00e9ho umenia, kult\u00fary a dopravy.\",\"publisher\":{\"@id\":\"https:\\\/\\\/pmza.sk\\\/#organization\"},\"potentialAction\":[{\"@type\":\"SearchAction\",\"target\":{\"@type\":\"EntryPoint\",\"urlTemplate\":\"https:\\\/\\\/pmza.sk\\\/?s={search_term_string}\"},\"query-input\":{\"@type\":\"PropertyValueSpecification\",\"valueRequired\":true,\"valueName\":\"search_term_string\"}}],\"inLanguage\":\"sk-SK\"},{\"@type\":\"Organization\",\"@id\":\"https:\\\/\\\/pmza.sk\\\/#organization\",\"name\":\"Pova\u017esk\u00e9 m\u00fazeum\",\"url\":\"https:\\\/\\\/pmza.sk\\\/\",\"logo\":{\"@type\":\"ImageObject\",\"inLanguage\":\"sk-SK\",\"@id\":\"https:\\\/\\\/pmza.sk\\\/#\\\/schema\\\/logo\\\/image\\\/\",\"url\":\"https:\\\/\\\/pmza.sk\\\/wp-content\\\/uploads\\\/2022\\\/01\\\/logo_PM_horizontal.jpg\",\"contentUrl\":\"https:\\\/\\\/pmza.sk\\\/wp-content\\\/uploads\\\/2022\\\/01\\\/logo_PM_horizontal.jpg\",\"width\":231,\"height\":142,\"caption\":\"Pova\u017esk\u00e9 m\u00fazeum\"},\"image\":{\"@id\":\"https:\\\/\\\/pmza.sk\\\/#\\\/schema\\\/logo\\\/image\\\/\"},\"sameAs\":[\"https:\\\/\\\/www.facebook.com\\\/povazskemuzeum\",\"https:\\\/\\\/www.instagram.com\\\/povazskemuzeum\\\/\"]},{\"@type\":\"Person\",\"@id\":\"https:\\\/\\\/pmza.sk\\\/#\\\/schema\\\/person\\\/595e6a2ce731ea94dcd5d7f50a41ae33\",\"name\":\"Pova\u017esk\u00e9 m\u00fazeum\",\"image\":{\"@type\":\"ImageObject\",\"inLanguage\":\"sk-SK\",\"@id\":\"https:\\\/\\\/secure.gravatar.com\\\/avatar\\\/2bb7f1561282132fb5826dfeccc66c7996d11ee392ac6aaf7ced8a1c2027fbb2?s=96&d=mm&r=g\",\"url\":\"https:\\\/\\\/secure.gravatar.com\\\/avatar\\\/2bb7f1561282132fb5826dfeccc66c7996d11ee392ac6aaf7ced8a1c2027fbb2?s=96&d=mm&r=g\",\"contentUrl\":\"https:\\\/\\\/secure.gravatar.com\\\/avatar\\\/2bb7f1561282132fb5826dfeccc66c7996d11ee392ac6aaf7ced8a1c2027fbb2?s=96&d=mm&r=g\",\"caption\":\"Pova\u017esk\u00e9 m\u00fazeum\"}}]}<\/script>\n<!-- \/ Yoast SEO plugin. -->","yoast_head_json":{"title":"Fond na podporu umenia podporil dva projekty Pova\u017esk\u00e9ho m\u00fazea - Pova\u017esk\u00e9 m\u00fazeum","robots":{"index":"index","follow":"follow","max-snippet":"max-snippet:-1","max-image-preview":"max-image-preview:large","max-video-preview":"max-video-preview:-1"},"canonical":"https:\/\/pmza.sk\/?p=75138","og_locale":"sk_SK","og_type":"article","og_title":"Fond na podporu umenia podporil dva projekty Pova\u017esk\u00e9ho m\u00fazea - Pova\u017esk\u00e9 m\u00fazeum","og_description":"Pova\u017esk\u00e9 m\u00fazeum sa zapojilo do v\u00fdzvy Fondu na podporu umenia a\u00a0z\u00edskalo podporu pre dva projekty v\u00a0r\u00e1mci v\u00fdzvy Men\u0161ia kult\u00farna infra\u0161trukt\u00fara. V\u010faka projektu s\u00a0n\u00e1zvom \u201eDoplnenie infra\u0161trukt\u00fary Pova\u017esk\u00e9ho m\u00fazea pre akcie m\u00fazejnej pedagogiky a podujat\u00ed pre verejnos\u0165\u201c, ktor\u00fd schv\u00e1lil Fond na podporu umenia sa podarilo \u010diasto\u010dne zlep\u0161i\u0165 technick\u00e9 aj v\u00fdstavn\u00e9 vybavenie m\u00fazea. Z\u00e1merom bolo skvalitnenie prezent\u00e1cie zbierkov\u00fdch [&hellip;]","og_url":"https:\/\/pmza.sk\/?p=75138","og_site_name":"Pova\u017esk\u00e9 m\u00fazeum","article_publisher":"https:\/\/www.facebook.com\/povazskemuzeum","article_published_time":"2026-02-20T10:06:23+00:00","og_image":[{"width":2560,"height":1920,"url":"https:\/\/pmza.sk\/wp-content\/uploads\/2026\/02\/FPU_logo1_modre-scaled.jpg","type":"image\/jpeg"}],"author":"Pova\u017esk\u00e9 m\u00fazeum","twitter_card":"summary_large_image","twitter_misc":{"Autor":"Pova\u017esk\u00e9 m\u00fazeum","Predpokladan\u00fd \u010das \u010d\u00edtania":"2 min\u00faty"},"schema":{"@context":"https:\/\/schema.org","@graph":[{"@type":"Article","@id":"https:\/\/pmza.sk\/?p=75138#article","isPartOf":{"@id":"https:\/\/pmza.sk\/?p=75138"},"author":{"name":"Pova\u017esk\u00e9 m\u00fazeum","@id":"https:\/\/pmza.sk\/#\/schema\/person\/595e6a2ce731ea94dcd5d7f50a41ae33"},"headline":"Fond na podporu umenia podporil dva projekty Pova\u017esk\u00e9ho m\u00fazea","datePublished":"2026-02-20T10:06:23+00:00","mainEntityOfPage":{"@id":"https:\/\/pmza.sk\/?p=75138"},"wordCount":487,"publisher":{"@id":"https:\/\/pmza.sk\/#organization"},"image":{"@id":"https:\/\/pmza.sk\/?p=75138#primaryimage"},"thumbnailUrl":"https:\/\/pmza.sk\/wp-content\/uploads\/2026\/02\/FPU_logo1_modre-scaled.jpg","keywords":["\u00davod"],"articleSection":["Aktuality"],"inLanguage":"sk-SK"},{"@type":"WebPage","@id":"https:\/\/pmza.sk\/?p=75138","url":"https:\/\/pmza.sk\/?p=75138","name":"Fond na podporu umenia podporil dva projekty Pova\u017esk\u00e9ho m\u00fazea - Pova\u017esk\u00e9 m\u00fazeum","isPartOf":{"@id":"https:\/\/pmza.sk\/#website"},"primaryImageOfPage":{"@id":"https:\/\/pmza.sk\/?p=75138#primaryimage"},"image":{"@id":"https:\/\/pmza.sk\/?p=75138#primaryimage"},"thumbnailUrl":"https:\/\/pmza.sk\/wp-content\/uploads\/2026\/02\/FPU_logo1_modre-scaled.jpg","datePublished":"2026-02-20T10:06:23+00:00","breadcrumb":{"@id":"https:\/\/pmza.sk\/?p=75138#breadcrumb"},"inLanguage":"sk-SK","potentialAction":[{"@type":"ReadAction","target":["https:\/\/pmza.sk\/?p=75138"]}]},{"@type":"ImageObject","inLanguage":"sk-SK","@id":"https:\/\/pmza.sk\/?p=75138#primaryimage","url":"https:\/\/pmza.sk\/wp-content\/uploads\/2026\/02\/FPU_logo1_modre-scaled.jpg","contentUrl":"https:\/\/pmza.sk\/wp-content\/uploads\/2026\/02\/FPU_logo1_modre-scaled.jpg","width":2560,"height":1920},{"@type":"BreadcrumbList","@id":"https:\/\/pmza.sk\/?p=75138#breadcrumb","itemListElement":[{"@type":"ListItem","position":1,"name":"Domovsk\u00e1 str\u00e1nka","item":"https:\/\/pmza.sk\/"},{"@type":"ListItem","position":2,"name":"Fond na podporu umenia podporil dva projekty Pova\u017esk\u00e9ho m\u00fazea"}]},{"@type":"WebSite","@id":"https:\/\/pmza.sk\/#website","url":"https:\/\/pmza.sk\/","name":"Pova\u017esk\u00e9 m\u00fazeum","description":"Pova\u017esk\u00e9 m\u00fazeum v \u017diline je region\u00e1lne m\u00fazeum so s\u00eddlom v Budat\u00edne. Jeho expoz\u00edcie s\u00fa zameran\u00e9 na dejiny slovensk\u00e9ho umenia, kult\u00fary a dopravy.","publisher":{"@id":"https:\/\/pmza.sk\/#organization"},"potentialAction":[{"@type":"SearchAction","target":{"@type":"EntryPoint","urlTemplate":"https:\/\/pmza.sk\/?s={search_term_string}"},"query-input":{"@type":"PropertyValueSpecification","valueRequired":true,"valueName":"search_term_string"}}],"inLanguage":"sk-SK"},{"@type":"Organization","@id":"https:\/\/pmza.sk\/#organization","name":"Pova\u017esk\u00e9 m\u00fazeum","url":"https:\/\/pmza.sk\/","logo":{"@type":"ImageObject","inLanguage":"sk-SK","@id":"https:\/\/pmza.sk\/#\/schema\/logo\/image\/","url":"https:\/\/pmza.sk\/wp-content\/uploads\/2022\/01\/logo_PM_horizontal.jpg","contentUrl":"https:\/\/pmza.sk\/wp-content\/uploads\/2022\/01\/logo_PM_horizontal.jpg","width":231,"height":142,"caption":"Pova\u017esk\u00e9 m\u00fazeum"},"image":{"@id":"https:\/\/pmza.sk\/#\/schema\/logo\/image\/"},"sameAs":["https:\/\/www.facebook.com\/povazskemuzeum","https:\/\/www.instagram.com\/povazskemuzeum\/"]},{"@type":"Person","@id":"https:\/\/pmza.sk\/#\/schema\/person\/595e6a2ce731ea94dcd5d7f50a41ae33","name":"Pova\u017esk\u00e9 m\u00fazeum","image":{"@type":"ImageObject","inLanguage":"sk-SK","@id":"https:\/\/secure.gravatar.com\/avatar\/2bb7f1561282132fb5826dfeccc66c7996d11ee392ac6aaf7ced8a1c2027fbb2?s=96&d=mm&r=g","url":"https:\/\/secure.gravatar.com\/avatar\/2bb7f1561282132fb5826dfeccc66c7996d11ee392ac6aaf7ced8a1c2027fbb2?s=96&d=mm&r=g","contentUrl":"https:\/\/secure.gravatar.com\/avatar\/2bb7f1561282132fb5826dfeccc66c7996d11ee392ac6aaf7ced8a1c2027fbb2?s=96&d=mm&r=g","caption":"Pova\u017esk\u00e9 m\u00fazeum"}}]}},"_links":{"self":[{"href":"https:\/\/pmza.sk\/index.php?rest_route=\/wp\/v2\/posts\/75138","targetHints":{"allow":["GET"]}}],"collection":[{"href":"https:\/\/pmza.sk\/index.php?rest_route=\/wp\/v2\/posts"}],"about":[{"href":"https:\/\/pmza.sk\/index.php?rest_route=\/wp\/v2\/types\/post"}],"author":[{"embeddable":true,"href":"https:\/\/pmza.sk\/index.php?rest_route=\/wp\/v2\/users\/2"}],"replies":[{"embeddable":true,"href":"https:\/\/pmza.sk\/index.php?rest_route=%2Fwp%2Fv2%2Fcomments&post=75138"}],"version-history":[{"count":0,"href":"https:\/\/pmza.sk\/index.php?rest_route=\/wp\/v2\/posts\/75138\/revisions"}],"wp:featuredmedia":[{"embeddable":true,"href":"https:\/\/pmza.sk\/index.php?rest_route=\/wp\/v2\/media\/75146"}],"wp:attachment":[{"href":"https:\/\/pmza.sk\/index.php?rest_route=%2Fwp%2Fv2%2Fmedia&parent=75138"}],"wp:term":[{"taxonomy":"category","embeddable":true,"href":"https:\/\/pmza.sk\/index.php?rest_route=%2Fwp%2Fv2%2Fcategories&post=75138"},{"taxonomy":"post_tag","embeddable":true,"href":"https:\/\/pmza.sk\/index.php?rest_route=%2Fwp%2Fv2%2Ftags&post=75138"}],"curies":[{"name":"wp","href":"https:\/\/api.w.org\/{rel}","templated":true}]}}