{"id":75290,"date":"2026-02-27T09:21:21","date_gmt":"2026-02-27T08:21:21","guid":{"rendered":"https:\/\/pmza.sk\/?p=75290"},"modified":"2026-03-09T07:30:11","modified_gmt":"2026-03-09T06:30:11","slug":"ranne-budatinske-zvukobranie-6","status":"publish","type":"post","link":"https:\/\/pmza.sk\/?p=75290","title":{"rendered":"Rann\u00e9 budat\u00ednske zvukobranie"},"content":{"rendered":"<p>Z\u00a0parku u\u017e p\u00e1r t\u00fd\u017ed\u0148ov po\u010du\u0165 \u201etv\u00edtovanie\u201c brhl\u00edkov, popevky s\u00fdkoriek, hlasn\u00e9 trilky \u017e\u013an a\u00a0mnoh\u00e9 in\u00e9 predjarn\u00e9 zvuky. Pripom\u00ednaj\u00fa, \u017ee aj tento rok sa m\u00f4\u017eete te\u0161i\u0165 na Rann\u00e9 budat\u00ednske zvukobranie, kde sa o\u00a0nich dozviete viac. Stretneme sa v\u00a0sobotu 7. marca o\u00a008.00 pri br\u00e1ne Budat\u00ednskeho parku. Trasa povedie vo\u013ene parkom a\u017e k\u00a0\u00fastiu rieky Kysuca a\u00a0sp\u00e4\u0165. Nen\u00e1ro\u010dn\u00fd ter\u00e9n, pohyb po spevnen\u00fdch chodn\u00edkoch i\u00a0mimo nich, trvanie asi 1 \u2013 1,5 hodiny. Obuv a\u00a0oble\u010denie pod\u013ea po\u010dasia, nie ve\u013emi farebn\u00e9 (najlep\u0161ie zelen\u00e1, hned\u00e1 alebo siv\u00e1 farba). Sprievodcom bude zool\u00f3g Ing. J\u00e1n Topercer, CSc.<\/p>\n<p><strong>Kontakt:<\/strong> topercer@pmza.sk, tel. \u010d. 0907 466 314.<\/p>\n<p><strong>Cena:<\/strong> 2 \u20ac\/osoba, deti do 6 rokov zadarmo<\/p>\n<div class=\"wp-block-image\"><img fetchpriority=\"high\" decoding=\"async\" class=\"wpa-warning wpa-image-missing-alt alignnone size-medium wp-image-75296\" src=\"https:\/\/pmza.sk\/wp-content\/uploads\/2026\/02\/Ranne_zvukobranie_1_26_K3-255x360.jpg\" alt=\"\" width=\"255\" height=\"360\" data-warning=\"Missing alt text\" srcset=\"https:\/\/pmza.sk\/wp-content\/uploads\/2026\/02\/Ranne_zvukobranie_1_26_K3-255x360.jpg 255w, https:\/\/pmza.sk\/wp-content\/uploads\/2026\/02\/Ranne_zvukobranie_1_26_K3-520x736.jpg 520w, https:\/\/pmza.sk\/wp-content\/uploads\/2026\/02\/Ranne_zvukobranie_1_26_K3-768x1086.jpg 768w, https:\/\/pmza.sk\/wp-content\/uploads\/2026\/02\/Ranne_zvukobranie_1_26_K3-1086x1536.jpg 1086w, https:\/\/pmza.sk\/wp-content\/uploads\/2026\/02\/Ranne_zvukobranie_1_26_K3-1448x2048.jpg 1448w, https:\/\/pmza.sk\/wp-content\/uploads\/2026\/02\/Ranne_zvukobranie_1_26_K3-600x849.jpg 600w, https:\/\/pmza.sk\/wp-content\/uploads\/2026\/02\/Ranne_zvukobranie_1_26_K3-scaled.jpg 1810w\" sizes=\"(max-width: 255px) 100vw, 255px\" \/><\/div>\n<div>Plag\u00e1t v plnej ve\u013ekosti <a href=\"https:\/\/pmza.sk\/wp-content\/uploads\/2026\/02\/Ranne_zvukobranie_1_26_K3.pdf\">TU<\/a><\/div>\n","protected":false},"excerpt":{"rendered":"<p>Z\u00a0parku u\u017e p\u00e1r t\u00fd\u017ed\u0148ov po\u010du\u0165 \u201etv\u00edtovanie\u201c brhl\u00edkov, popevky s\u00fdkoriek, hlasn\u00e9 trilky \u017e\u013an a\u00a0mnoh\u00e9 in\u00e9 predjarn\u00e9 zvuky. Pripom\u00ednaj\u00fa, \u017ee aj tento rok sa m\u00f4\u017eete te\u0161i\u0165 na Rann\u00e9 budat\u00ednske zvukobranie, kde sa o\u00a0nich dozviete viac. Stretneme sa v\u00a0sobotu 7. marca o\u00a008.00 pri br\u00e1ne Budat\u00ednskeho parku. Trasa povedie vo\u013ene parkom a\u017e k\u00a0\u00fastiu rieky Kysuca a\u00a0sp\u00e4\u0165. Nen\u00e1ro\u010dn\u00fd ter\u00e9n, pohyb [&hellip;]<\/p>\n","protected":false},"author":2,"featured_media":75298,"comment_status":"closed","ping_status":"closed","sticky":false,"template":"","format":"standard","meta":{"site-sidebar-layout":"default","site-content-layout":"","ast-site-content-layout":"default","site-content-style":"default","site-sidebar-style":"default","ast-global-header-display":"","ast-banner-title-visibility":"","ast-main-header-display":"","ast-hfb-above-header-display":"","ast-hfb-below-header-display":"","ast-hfb-mobile-header-display":"","site-post-title":"","ast-breadcrumbs-content":"","ast-featured-img":"","footer-sml-layout":"","theme-transparent-header-meta":"default","adv-header-id-meta":"","stick-header-meta":"default","header-above-stick-meta":"","header-main-stick-meta":"","header-below-stick-meta":"","astra-migrate-meta-layouts":"set","ast-page-background-enabled":"default","ast-page-background-meta":{"desktop":{"background-color":"var(--ast-global-color-4)","background-image":"","background-repeat":"repeat","background-position":"center center","background-size":"auto","background-attachment":"scroll","background-type":"","background-media":"","overlay-type":"","overlay-color":"","overlay-opacity":"","overlay-gradient":""},"tablet":{"background-color":"","background-image":"","background-repeat":"repeat","background-position":"center center","background-size":"auto","background-attachment":"scroll","background-type":"","background-media":"","overlay-type":"","overlay-color":"","overlay-opacity":"","overlay-gradient":""},"mobile":{"background-color":"","background-image":"","background-repeat":"repeat","background-position":"center center","background-size":"auto","background-attachment":"scroll","background-type":"","background-media":"","overlay-type":"","overlay-color":"","overlay-opacity":"","overlay-gradient":""}},"ast-content-background-meta":{"desktop":{"background-color":"var(--ast-global-color-5)","background-image":"","background-repeat":"repeat","background-position":"center center","background-size":"auto","background-attachment":"scroll","background-type":"","background-media":"","overlay-type":"","overlay-color":"","overlay-opacity":"","overlay-gradient":""},"tablet":{"background-color":"var(--ast-global-color-5)","background-image":"","background-repeat":"repeat","background-position":"center center","background-size":"auto","background-attachment":"scroll","background-type":"","background-media":"","overlay-type":"","overlay-color":"","overlay-opacity":"","overlay-gradient":""},"mobile":{"background-color":"var(--ast-global-color-5)","background-image":"","background-repeat":"repeat","background-position":"center center","background-size":"auto","background-attachment":"scroll","background-type":"","background-media":"","overlay-type":"","overlay-color":"","overlay-opacity":"","overlay-gradient":""}},"footnotes":""},"categories":[71],"tags":[],"class_list":["post-75290","post","type-post","status-publish","format-standard","has-post-thumbnail","hentry","category-podujatia"],"yoast_head":"<!-- This site is optimized with the Yoast SEO plugin v27.4 - https:\/\/yoast.com\/product\/yoast-seo-wordpress\/ -->\n<title>Rann\u00e9 budat\u00ednske zvukobranie - Pova\u017esk\u00e9 m\u00fazeum<\/title>\n<meta name=\"robots\" content=\"index, follow, max-snippet:-1, max-image-preview:large, max-video-preview:-1\" \/>\n<link rel=\"canonical\" href=\"https:\/\/pmza.sk\/?p=75290\" \/>\n<meta property=\"og:locale\" content=\"sk_SK\" \/>\n<meta property=\"og:type\" content=\"article\" \/>\n<meta property=\"og:title\" content=\"Rann\u00e9 budat\u00ednske zvukobranie - Pova\u017esk\u00e9 m\u00fazeum\" \/>\n<meta property=\"og:description\" content=\"Z\u00a0parku u\u017e p\u00e1r t\u00fd\u017ed\u0148ov po\u010du\u0165 \u201etv\u00edtovanie\u201c brhl\u00edkov, popevky s\u00fdkoriek, hlasn\u00e9 trilky \u017e\u013an a\u00a0mnoh\u00e9 in\u00e9 predjarn\u00e9 zvuky. Pripom\u00ednaj\u00fa, \u017ee aj tento rok sa m\u00f4\u017eete te\u0161i\u0165 na Rann\u00e9 budat\u00ednske zvukobranie, kde sa o\u00a0nich dozviete viac. Stretneme sa v\u00a0sobotu 7. marca o\u00a008.00 pri br\u00e1ne Budat\u00ednskeho parku. Trasa povedie vo\u013ene parkom a\u017e k\u00a0\u00fastiu rieky Kysuca a\u00a0sp\u00e4\u0165. Nen\u00e1ro\u010dn\u00fd ter\u00e9n, pohyb [&hellip;]\" \/>\n<meta property=\"og:url\" content=\"https:\/\/pmza.sk\/?p=75290\" \/>\n<meta property=\"og:site_name\" content=\"Pova\u017esk\u00e9 m\u00fazeum\" \/>\n<meta property=\"article:publisher\" content=\"https:\/\/www.facebook.com\/povazskemuzeum\" \/>\n<meta property=\"article:published_time\" content=\"2026-02-27T08:21:21+00:00\" \/>\n<meta property=\"article:modified_time\" content=\"2026-03-09T06:30:11+00:00\" \/>\n<meta property=\"og:image\" content=\"https:\/\/pmza.sk\/wp-content\/uploads\/2026\/02\/Ranne_zvukobranie_web-scaled.jpg\" \/>\n\t<meta property=\"og:image:width\" content=\"2560\" \/>\n\t<meta property=\"og:image:height\" content=\"2560\" \/>\n\t<meta property=\"og:image:type\" content=\"image\/jpeg\" \/>\n<meta name=\"author\" content=\"Pova\u017esk\u00e9 m\u00fazeum\" \/>\n<meta name=\"twitter:card\" content=\"summary_large_image\" \/>\n<meta name=\"twitter:label1\" content=\"Autor\" \/>\n\t<meta name=\"twitter:data1\" content=\"Pova\u017esk\u00e9 m\u00fazeum\" \/>\n\t<meta name=\"twitter:label2\" content=\"Predpokladan\u00fd \u010das \u010d\u00edtania\" \/>\n\t<meta name=\"twitter:data2\" content=\"1 min\u00fata\" \/>\n<script type=\"application\/ld+json\" class=\"yoast-schema-graph\">{\"@context\":\"https:\\\/\\\/schema.org\",\"@graph\":[{\"@type\":\"Article\",\"@id\":\"https:\\\/\\\/pmza.sk\\\/?p=75290#article\",\"isPartOf\":{\"@id\":\"https:\\\/\\\/pmza.sk\\\/?p=75290\"},\"author\":{\"name\":\"Pova\u017esk\u00e9 m\u00fazeum\",\"@id\":\"https:\\\/\\\/pmza.sk\\\/#\\\/schema\\\/person\\\/595e6a2ce731ea94dcd5d7f50a41ae33\"},\"headline\":\"Rann\u00e9 budat\u00ednske zvukobranie\",\"datePublished\":\"2026-02-27T08:21:21+00:00\",\"dateModified\":\"2026-03-09T06:30:11+00:00\",\"mainEntityOfPage\":{\"@id\":\"https:\\\/\\\/pmza.sk\\\/?p=75290\"},\"wordCount\":138,\"publisher\":{\"@id\":\"https:\\\/\\\/pmza.sk\\\/#organization\"},\"image\":{\"@id\":\"https:\\\/\\\/pmza.sk\\\/?p=75290#primaryimage\"},\"thumbnailUrl\":\"https:\\\/\\\/pmza.sk\\\/wp-content\\\/uploads\\\/2026\\\/02\\\/Ranne_zvukobranie_web-scaled.jpg\",\"articleSection\":[\"Podujatia\"],\"inLanguage\":\"sk-SK\"},{\"@type\":\"WebPage\",\"@id\":\"https:\\\/\\\/pmza.sk\\\/?p=75290\",\"url\":\"https:\\\/\\\/pmza.sk\\\/?p=75290\",\"name\":\"Rann\u00e9 budat\u00ednske zvukobranie - Pova\u017esk\u00e9 m\u00fazeum\",\"isPartOf\":{\"@id\":\"https:\\\/\\\/pmza.sk\\\/#website\"},\"primaryImageOfPage\":{\"@id\":\"https:\\\/\\\/pmza.sk\\\/?p=75290#primaryimage\"},\"image\":{\"@id\":\"https:\\\/\\\/pmza.sk\\\/?p=75290#primaryimage\"},\"thumbnailUrl\":\"https:\\\/\\\/pmza.sk\\\/wp-content\\\/uploads\\\/2026\\\/02\\\/Ranne_zvukobranie_web-scaled.jpg\",\"datePublished\":\"2026-02-27T08:21:21+00:00\",\"dateModified\":\"2026-03-09T06:30:11+00:00\",\"breadcrumb\":{\"@id\":\"https:\\\/\\\/pmza.sk\\\/?p=75290#breadcrumb\"},\"inLanguage\":\"sk-SK\",\"potentialAction\":[{\"@type\":\"ReadAction\",\"target\":[\"https:\\\/\\\/pmza.sk\\\/?p=75290\"]}]},{\"@type\":\"ImageObject\",\"inLanguage\":\"sk-SK\",\"@id\":\"https:\\\/\\\/pmza.sk\\\/?p=75290#primaryimage\",\"url\":\"https:\\\/\\\/pmza.sk\\\/wp-content\\\/uploads\\\/2026\\\/02\\\/Ranne_zvukobranie_web-scaled.jpg\",\"contentUrl\":\"https:\\\/\\\/pmza.sk\\\/wp-content\\\/uploads\\\/2026\\\/02\\\/Ranne_zvukobranie_web-scaled.jpg\",\"width\":2560,\"height\":2560},{\"@type\":\"BreadcrumbList\",\"@id\":\"https:\\\/\\\/pmza.sk\\\/?p=75290#breadcrumb\",\"itemListElement\":[{\"@type\":\"ListItem\",\"position\":1,\"name\":\"Domovsk\u00e1 str\u00e1nka\",\"item\":\"https:\\\/\\\/pmza.sk\\\/\"},{\"@type\":\"ListItem\",\"position\":2,\"name\":\"Rann\u00e9 budat\u00ednske zvukobranie\"}]},{\"@type\":\"WebSite\",\"@id\":\"https:\\\/\\\/pmza.sk\\\/#website\",\"url\":\"https:\\\/\\\/pmza.sk\\\/\",\"name\":\"Pova\u017esk\u00e9 m\u00fazeum\",\"description\":\"Pova\u017esk\u00e9 m\u00fazeum v \u017diline je region\u00e1lne m\u00fazeum so s\u00eddlom v Budat\u00edne. Jeho expoz\u00edcie s\u00fa zameran\u00e9 na dejiny slovensk\u00e9ho umenia, kult\u00fary a dopravy.\",\"publisher\":{\"@id\":\"https:\\\/\\\/pmza.sk\\\/#organization\"},\"potentialAction\":[{\"@type\":\"SearchAction\",\"target\":{\"@type\":\"EntryPoint\",\"urlTemplate\":\"https:\\\/\\\/pmza.sk\\\/?s={search_term_string}\"},\"query-input\":{\"@type\":\"PropertyValueSpecification\",\"valueRequired\":true,\"valueName\":\"search_term_string\"}}],\"inLanguage\":\"sk-SK\"},{\"@type\":\"Organization\",\"@id\":\"https:\\\/\\\/pmza.sk\\\/#organization\",\"name\":\"Pova\u017esk\u00e9 m\u00fazeum\",\"url\":\"https:\\\/\\\/pmza.sk\\\/\",\"logo\":{\"@type\":\"ImageObject\",\"inLanguage\":\"sk-SK\",\"@id\":\"https:\\\/\\\/pmza.sk\\\/#\\\/schema\\\/logo\\\/image\\\/\",\"url\":\"https:\\\/\\\/pmza.sk\\\/wp-content\\\/uploads\\\/2022\\\/01\\\/logo_PM_horizontal.jpg\",\"contentUrl\":\"https:\\\/\\\/pmza.sk\\\/wp-content\\\/uploads\\\/2022\\\/01\\\/logo_PM_horizontal.jpg\",\"width\":231,\"height\":142,\"caption\":\"Pova\u017esk\u00e9 m\u00fazeum\"},\"image\":{\"@id\":\"https:\\\/\\\/pmza.sk\\\/#\\\/schema\\\/logo\\\/image\\\/\"},\"sameAs\":[\"https:\\\/\\\/www.facebook.com\\\/povazskemuzeum\",\"https:\\\/\\\/www.instagram.com\\\/povazskemuzeum\\\/\"]},{\"@type\":\"Person\",\"@id\":\"https:\\\/\\\/pmza.sk\\\/#\\\/schema\\\/person\\\/595e6a2ce731ea94dcd5d7f50a41ae33\",\"name\":\"Pova\u017esk\u00e9 m\u00fazeum\",\"image\":{\"@type\":\"ImageObject\",\"inLanguage\":\"sk-SK\",\"@id\":\"https:\\\/\\\/secure.gravatar.com\\\/avatar\\\/2bb7f1561282132fb5826dfeccc66c7996d11ee392ac6aaf7ced8a1c2027fbb2?s=96&d=mm&r=g\",\"url\":\"https:\\\/\\\/secure.gravatar.com\\\/avatar\\\/2bb7f1561282132fb5826dfeccc66c7996d11ee392ac6aaf7ced8a1c2027fbb2?s=96&d=mm&r=g\",\"contentUrl\":\"https:\\\/\\\/secure.gravatar.com\\\/avatar\\\/2bb7f1561282132fb5826dfeccc66c7996d11ee392ac6aaf7ced8a1c2027fbb2?s=96&d=mm&r=g\",\"caption\":\"Pova\u017esk\u00e9 m\u00fazeum\"}}]}<\/script>\n<!-- \/ Yoast SEO plugin. -->","yoast_head_json":{"title":"Rann\u00e9 budat\u00ednske zvukobranie - Pova\u017esk\u00e9 m\u00fazeum","robots":{"index":"index","follow":"follow","max-snippet":"max-snippet:-1","max-image-preview":"max-image-preview:large","max-video-preview":"max-video-preview:-1"},"canonical":"https:\/\/pmza.sk\/?p=75290","og_locale":"sk_SK","og_type":"article","og_title":"Rann\u00e9 budat\u00ednske zvukobranie - Pova\u017esk\u00e9 m\u00fazeum","og_description":"Z\u00a0parku u\u017e p\u00e1r t\u00fd\u017ed\u0148ov po\u010du\u0165 \u201etv\u00edtovanie\u201c brhl\u00edkov, popevky s\u00fdkoriek, hlasn\u00e9 trilky \u017e\u013an a\u00a0mnoh\u00e9 in\u00e9 predjarn\u00e9 zvuky. Pripom\u00ednaj\u00fa, \u017ee aj tento rok sa m\u00f4\u017eete te\u0161i\u0165 na Rann\u00e9 budat\u00ednske zvukobranie, kde sa o\u00a0nich dozviete viac. Stretneme sa v\u00a0sobotu 7. marca o\u00a008.00 pri br\u00e1ne Budat\u00ednskeho parku. Trasa povedie vo\u013ene parkom a\u017e k\u00a0\u00fastiu rieky Kysuca a\u00a0sp\u00e4\u0165. Nen\u00e1ro\u010dn\u00fd ter\u00e9n, pohyb [&hellip;]","og_url":"https:\/\/pmza.sk\/?p=75290","og_site_name":"Pova\u017esk\u00e9 m\u00fazeum","article_publisher":"https:\/\/www.facebook.com\/povazskemuzeum","article_published_time":"2026-02-27T08:21:21+00:00","article_modified_time":"2026-03-09T06:30:11+00:00","og_image":[{"width":2560,"height":2560,"url":"https:\/\/pmza.sk\/wp-content\/uploads\/2026\/02\/Ranne_zvukobranie_web-scaled.jpg","type":"image\/jpeg"}],"author":"Pova\u017esk\u00e9 m\u00fazeum","twitter_card":"summary_large_image","twitter_misc":{"Autor":"Pova\u017esk\u00e9 m\u00fazeum","Predpokladan\u00fd \u010das \u010d\u00edtania":"1 min\u00fata"},"schema":{"@context":"https:\/\/schema.org","@graph":[{"@type":"Article","@id":"https:\/\/pmza.sk\/?p=75290#article","isPartOf":{"@id":"https:\/\/pmza.sk\/?p=75290"},"author":{"name":"Pova\u017esk\u00e9 m\u00fazeum","@id":"https:\/\/pmza.sk\/#\/schema\/person\/595e6a2ce731ea94dcd5d7f50a41ae33"},"headline":"Rann\u00e9 budat\u00ednske zvukobranie","datePublished":"2026-02-27T08:21:21+00:00","dateModified":"2026-03-09T06:30:11+00:00","mainEntityOfPage":{"@id":"https:\/\/pmza.sk\/?p=75290"},"wordCount":138,"publisher":{"@id":"https:\/\/pmza.sk\/#organization"},"image":{"@id":"https:\/\/pmza.sk\/?p=75290#primaryimage"},"thumbnailUrl":"https:\/\/pmza.sk\/wp-content\/uploads\/2026\/02\/Ranne_zvukobranie_web-scaled.jpg","articleSection":["Podujatia"],"inLanguage":"sk-SK"},{"@type":"WebPage","@id":"https:\/\/pmza.sk\/?p=75290","url":"https:\/\/pmza.sk\/?p=75290","name":"Rann\u00e9 budat\u00ednske zvukobranie - Pova\u017esk\u00e9 m\u00fazeum","isPartOf":{"@id":"https:\/\/pmza.sk\/#website"},"primaryImageOfPage":{"@id":"https:\/\/pmza.sk\/?p=75290#primaryimage"},"image":{"@id":"https:\/\/pmza.sk\/?p=75290#primaryimage"},"thumbnailUrl":"https:\/\/pmza.sk\/wp-content\/uploads\/2026\/02\/Ranne_zvukobranie_web-scaled.jpg","datePublished":"2026-02-27T08:21:21+00:00","dateModified":"2026-03-09T06:30:11+00:00","breadcrumb":{"@id":"https:\/\/pmza.sk\/?p=75290#breadcrumb"},"inLanguage":"sk-SK","potentialAction":[{"@type":"ReadAction","target":["https:\/\/pmza.sk\/?p=75290"]}]},{"@type":"ImageObject","inLanguage":"sk-SK","@id":"https:\/\/pmza.sk\/?p=75290#primaryimage","url":"https:\/\/pmza.sk\/wp-content\/uploads\/2026\/02\/Ranne_zvukobranie_web-scaled.jpg","contentUrl":"https:\/\/pmza.sk\/wp-content\/uploads\/2026\/02\/Ranne_zvukobranie_web-scaled.jpg","width":2560,"height":2560},{"@type":"BreadcrumbList","@id":"https:\/\/pmza.sk\/?p=75290#breadcrumb","itemListElement":[{"@type":"ListItem","position":1,"name":"Domovsk\u00e1 str\u00e1nka","item":"https:\/\/pmza.sk\/"},{"@type":"ListItem","position":2,"name":"Rann\u00e9 budat\u00ednske zvukobranie"}]},{"@type":"WebSite","@id":"https:\/\/pmza.sk\/#website","url":"https:\/\/pmza.sk\/","name":"Pova\u017esk\u00e9 m\u00fazeum","description":"Pova\u017esk\u00e9 m\u00fazeum v \u017diline je region\u00e1lne m\u00fazeum so s\u00eddlom v Budat\u00edne. Jeho expoz\u00edcie s\u00fa zameran\u00e9 na dejiny slovensk\u00e9ho umenia, kult\u00fary a dopravy.","publisher":{"@id":"https:\/\/pmza.sk\/#organization"},"potentialAction":[{"@type":"SearchAction","target":{"@type":"EntryPoint","urlTemplate":"https:\/\/pmza.sk\/?s={search_term_string}"},"query-input":{"@type":"PropertyValueSpecification","valueRequired":true,"valueName":"search_term_string"}}],"inLanguage":"sk-SK"},{"@type":"Organization","@id":"https:\/\/pmza.sk\/#organization","name":"Pova\u017esk\u00e9 m\u00fazeum","url":"https:\/\/pmza.sk\/","logo":{"@type":"ImageObject","inLanguage":"sk-SK","@id":"https:\/\/pmza.sk\/#\/schema\/logo\/image\/","url":"https:\/\/pmza.sk\/wp-content\/uploads\/2022\/01\/logo_PM_horizontal.jpg","contentUrl":"https:\/\/pmza.sk\/wp-content\/uploads\/2022\/01\/logo_PM_horizontal.jpg","width":231,"height":142,"caption":"Pova\u017esk\u00e9 m\u00fazeum"},"image":{"@id":"https:\/\/pmza.sk\/#\/schema\/logo\/image\/"},"sameAs":["https:\/\/www.facebook.com\/povazskemuzeum","https:\/\/www.instagram.com\/povazskemuzeum\/"]},{"@type":"Person","@id":"https:\/\/pmza.sk\/#\/schema\/person\/595e6a2ce731ea94dcd5d7f50a41ae33","name":"Pova\u017esk\u00e9 m\u00fazeum","image":{"@type":"ImageObject","inLanguage":"sk-SK","@id":"https:\/\/secure.gravatar.com\/avatar\/2bb7f1561282132fb5826dfeccc66c7996d11ee392ac6aaf7ced8a1c2027fbb2?s=96&d=mm&r=g","url":"https:\/\/secure.gravatar.com\/avatar\/2bb7f1561282132fb5826dfeccc66c7996d11ee392ac6aaf7ced8a1c2027fbb2?s=96&d=mm&r=g","contentUrl":"https:\/\/secure.gravatar.com\/avatar\/2bb7f1561282132fb5826dfeccc66c7996d11ee392ac6aaf7ced8a1c2027fbb2?s=96&d=mm&r=g","caption":"Pova\u017esk\u00e9 m\u00fazeum"}}]}},"_links":{"self":[{"href":"https:\/\/pmza.sk\/index.php?rest_route=\/wp\/v2\/posts\/75290","targetHints":{"allow":["GET"]}}],"collection":[{"href":"https:\/\/pmza.sk\/index.php?rest_route=\/wp\/v2\/posts"}],"about":[{"href":"https:\/\/pmza.sk\/index.php?rest_route=\/wp\/v2\/types\/post"}],"author":[{"embeddable":true,"href":"https:\/\/pmza.sk\/index.php?rest_route=\/wp\/v2\/users\/2"}],"replies":[{"embeddable":true,"href":"https:\/\/pmza.sk\/index.php?rest_route=%2Fwp%2Fv2%2Fcomments&post=75290"}],"version-history":[{"count":0,"href":"https:\/\/pmza.sk\/index.php?rest_route=\/wp\/v2\/posts\/75290\/revisions"}],"wp:featuredmedia":[{"embeddable":true,"href":"https:\/\/pmza.sk\/index.php?rest_route=\/wp\/v2\/media\/75298"}],"wp:attachment":[{"href":"https:\/\/pmza.sk\/index.php?rest_route=%2Fwp%2Fv2%2Fmedia&parent=75290"}],"wp:term":[{"taxonomy":"category","embeddable":true,"href":"https:\/\/pmza.sk\/index.php?rest_route=%2Fwp%2Fv2%2Fcategories&post=75290"},{"taxonomy":"post_tag","embeddable":true,"href":"https:\/\/pmza.sk\/index.php?rest_route=%2Fwp%2Fv2%2Ftags&post=75290"}],"curies":[{"name":"wp","href":"https:\/\/api.w.org\/{rel}","templated":true}]}}