{"id":75838,"date":"2026-03-05T14:37:53","date_gmt":"2026-03-05T13:37:53","guid":{"rendered":"https:\/\/pmza.sk\/?p=75838"},"modified":"2026-03-30T07:16:02","modified_gmt":"2026-03-30T05:16:02","slug":"velkonocne-trhy-3","status":"publish","type":"post","link":"https:\/\/pmza.sk\/?p=75838","title":{"rendered":"Ve\u013ekono\u010dn\u00e9 trhy"},"content":{"rendered":"<p>Historick\u00e9 priestory Sob\u00e1\u0161neho pal\u00e1ca v\u00a0Byt\u010di op\u00e4\u0165 o\u017eij\u00fa ve\u013ekono\u010dn\u00fdmi trhmi. V sobotu 28. marca sa uskuto\u010dn\u00ed druh\u00fd ro\u010dn\u00edk tohto ob\u013e\u00faben\u00e9ho podujatia, ktor\u00e9 n\u00e1v\u0161tevn\u00edkom pon\u00fakne jedine\u010dn\u00fa pr\u00edle\u017eitos\u0165 za\u017ei\u0165 atmosf\u00e9ru bl\u00ed\u017eiacich sa sviatkov jari, spozna\u0165 tradi\u010dn\u00e9 remesl\u00e1 a\u00a0ochutna\u0165 tradi\u010dn\u00e9 \u0161peciality.<\/p>\n<p><em>\u201eRadi by sme prostredn\u00edctvom ve\u013ekono\u010dn\u00fdch trhov n\u00e1v\u0161tevn\u00edkom pribl\u00ed\u017eili kr\u00e1su ve\u013ekono\u010dn\u00fdch trad\u00edci\u00ed, podporili region\u00e1lnych remeseln\u00edkov a z\u00e1rove\u0148\u00a0vytvorili pr\u00edjemn\u00e9 stretnutie pre \u0161irok\u00fa verejnos\u0165, rodiny s\u00a0de\u0165mi a\u00a0v\u0161etky vekov\u00e9 kateg\u00f3rie,\u201c<\/em> pribli\u017euje m\u00fazejn\u00e1 pedagogi\u010dka Mgr. Katar\u00edna Dadl\u00edkov\u00e1 z\u00a0Pova\u017esk\u00e9ho m\u00fazea.<\/p>\n<p>Na trhoch sa predstav\u00ed takmer \u0161tyridsa\u0165 remeseln\u00edkov, v\u00fdrobcov tradi\u010dn\u00fdch jarn\u00fdch a\u00a0ve\u013ekono\u010dn\u00fdch dekor\u00e1ci\u00ed, krasl\u00edc a\u00a0ozd\u00f4b. Podujatie z\u00e1rove\u0148 poskytne aj gastronomick\u00e9 z\u00e1\u017eitky v\u00a0podobe tradi\u010dn\u00fdch jed\u00e1l, typick\u00fdch pre ve\u013ekono\u010dn\u00e9 obdobie.<\/p>\n<p>Program v\u00a0poobedn\u00fdch hodin\u00e1ch obohat\u00ed kult\u00farne p\u00e1smo, v\u00a0r\u00e1mci ktor\u00e9ho vyst\u00fapia DFsk Pod\u017eiaran\u010dek z\u00a0Papradna, SZU\u0160 YAMAHA z\u00a0Byt\u010de, DFS D\u00fabrav\u010dek z\u00a0Plevn\u00edka-Drienov\u00e9ho a\u00a0ZU\u0160 Byt\u010da. Trhy ukon\u010d\u00ed bohat\u00e1 tombola.<\/p>\n<p>Ve\u013ekono\u010dn\u00e9 trhy bud\u00fa trva\u0165 od 10.00 do 18.00. Cena je 2 \u20ac na osobu, deti do 6 rokov maj\u00fa vstup zadarmo.<\/p>\n<p>&nbsp;<\/p>\n<p><strong>Harmonogram kult\u00farneho programu:<\/strong><\/p>\n<p>13.00 \u2013 DFSk Pod\u017eiaran\u010dek z Papradna<\/p>\n<p>14.00 \u2013 SZU\u0160 Yamaha, pobo\u010dka Byt\u010da<\/p>\n<p>15.00 \u2013 DFS D\u00fabrav\u010dek z Plevn\u00edka-Drienov\u00e9ho<\/p>\n<p>16.00 \u2013 ZU\u0160 Byt\u010da<\/p>\n<p>17.00 \u2013 Tombola<\/p>\n<div class=\"wp-block-image\">\n<div class=\"wp-block-image\"><img fetchpriority=\"high\" decoding=\"async\" class=\"wpa-warning wpa-image-missing-alt alignnone size-medium wp-image-76660\" src=\"https:\/\/pmza.sk\/wp-content\/uploads\/2026\/03\/Velkonocne_trhy_2026_K6-255x360.jpg\" alt=\"\" width=\"255\" height=\"360\" data-warning=\"Missing alt text\" srcset=\"https:\/\/pmza.sk\/wp-content\/uploads\/2026\/03\/Velkonocne_trhy_2026_K6-255x360.jpg 255w, https:\/\/pmza.sk\/wp-content\/uploads\/2026\/03\/Velkonocne_trhy_2026_K6-520x736.jpg 520w, https:\/\/pmza.sk\/wp-content\/uploads\/2026\/03\/Velkonocne_trhy_2026_K6-768x1086.jpg 768w, https:\/\/pmza.sk\/wp-content\/uploads\/2026\/03\/Velkonocne_trhy_2026_K6-1086x1536.jpg 1086w, https:\/\/pmza.sk\/wp-content\/uploads\/2026\/03\/Velkonocne_trhy_2026_K6-1448x2048.jpg 1448w, https:\/\/pmza.sk\/wp-content\/uploads\/2026\/03\/Velkonocne_trhy_2026_K6-600x849.jpg 600w, https:\/\/pmza.sk\/wp-content\/uploads\/2026\/03\/Velkonocne_trhy_2026_K6-scaled.jpg 1810w\" sizes=\"(max-width: 255px) 100vw, 255px\" \/><\/div>\n<\/div>\n<div>Plag\u00e1t v plnej ve\u013ekosti <a href=\"https:\/\/pmza.sk\/wp-content\/uploads\/2026\/03\/Velkonocne_trhy_2026_K6.pdf\">TU<\/a><\/div>\n","protected":false},"excerpt":{"rendered":"<p>Historick\u00e9 priestory Sob\u00e1\u0161neho pal\u00e1ca v\u00a0Byt\u010di op\u00e4\u0165 o\u017eij\u00fa ve\u013ekono\u010dn\u00fdmi trhmi. V sobotu 28. marca sa uskuto\u010dn\u00ed druh\u00fd ro\u010dn\u00edk tohto ob\u013e\u00faben\u00e9ho podujatia, ktor\u00e9 n\u00e1v\u0161tevn\u00edkom pon\u00fakne jedine\u010dn\u00fa pr\u00edle\u017eitos\u0165 za\u017ei\u0165 atmosf\u00e9ru bl\u00ed\u017eiacich sa sviatkov jari, spozna\u0165 tradi\u010dn\u00e9 remesl\u00e1 a\u00a0ochutna\u0165 tradi\u010dn\u00e9 \u0161peciality. \u201eRadi by sme prostredn\u00edctvom ve\u013ekono\u010dn\u00fdch trhov n\u00e1v\u0161tevn\u00edkom pribl\u00ed\u017eili kr\u00e1su ve\u013ekono\u010dn\u00fdch trad\u00edci\u00ed, podporili region\u00e1lnych remeseln\u00edkov a z\u00e1rove\u0148\u00a0vytvorili pr\u00edjemn\u00e9 stretnutie [&hellip;]<\/p>\n","protected":false},"author":2,"featured_media":75841,"comment_status":"closed","ping_status":"closed","sticky":false,"template":"","format":"standard","meta":{"site-sidebar-layout":"default","site-content-layout":"","ast-site-content-layout":"default","site-content-style":"default","site-sidebar-style":"default","ast-global-header-display":"","ast-banner-title-visibility":"","ast-main-header-display":"","ast-hfb-above-header-display":"","ast-hfb-below-header-display":"","ast-hfb-mobile-header-display":"","site-post-title":"","ast-breadcrumbs-content":"","ast-featured-img":"","footer-sml-layout":"","theme-transparent-header-meta":"default","adv-header-id-meta":"","stick-header-meta":"default","header-above-stick-meta":"","header-main-stick-meta":"","header-below-stick-meta":"","astra-migrate-meta-layouts":"set","ast-page-background-enabled":"default","ast-page-background-meta":{"desktop":{"background-color":"var(--ast-global-color-4)","background-image":"","background-repeat":"repeat","background-position":"center center","background-size":"auto","background-attachment":"scroll","background-type":"","background-media":"","overlay-type":"","overlay-color":"","overlay-opacity":"","overlay-gradient":""},"tablet":{"background-color":"","background-image":"","background-repeat":"repeat","background-position":"center center","background-size":"auto","background-attachment":"scroll","background-type":"","background-media":"","overlay-type":"","overlay-color":"","overlay-opacity":"","overlay-gradient":""},"mobile":{"background-color":"","background-image":"","background-repeat":"repeat","background-position":"center center","background-size":"auto","background-attachment":"scroll","background-type":"","background-media":"","overlay-type":"","overlay-color":"","overlay-opacity":"","overlay-gradient":""}},"ast-content-background-meta":{"desktop":{"background-color":"var(--ast-global-color-5)","background-image":"","background-repeat":"repeat","background-position":"center center","background-size":"auto","background-attachment":"scroll","background-type":"","background-media":"","overlay-type":"","overlay-color":"","overlay-opacity":"","overlay-gradient":""},"tablet":{"background-color":"var(--ast-global-color-5)","background-image":"","background-repeat":"repeat","background-position":"center center","background-size":"auto","background-attachment":"scroll","background-type":"","background-media":"","overlay-type":"","overlay-color":"","overlay-opacity":"","overlay-gradient":""},"mobile":{"background-color":"var(--ast-global-color-5)","background-image":"","background-repeat":"repeat","background-position":"center center","background-size":"auto","background-attachment":"scroll","background-type":"","background-media":"","overlay-type":"","overlay-color":"","overlay-opacity":"","overlay-gradient":""}},"footnotes":""},"categories":[71],"tags":[],"class_list":["post-75838","post","type-post","status-publish","format-standard","has-post-thumbnail","hentry","category-podujatia"],"yoast_head":"<!-- This site is optimized with the Yoast SEO plugin v27.4 - https:\/\/yoast.com\/product\/yoast-seo-wordpress\/ -->\n<title>Ve\u013ekono\u010dn\u00e9 trhy - Pova\u017esk\u00e9 m\u00fazeum<\/title>\n<meta name=\"robots\" content=\"index, follow, max-snippet:-1, max-image-preview:large, max-video-preview:-1\" \/>\n<link rel=\"canonical\" href=\"https:\/\/pmza.sk\/?p=75838\" \/>\n<meta property=\"og:locale\" content=\"sk_SK\" \/>\n<meta property=\"og:type\" content=\"article\" \/>\n<meta property=\"og:title\" content=\"Ve\u013ekono\u010dn\u00e9 trhy - Pova\u017esk\u00e9 m\u00fazeum\" \/>\n<meta property=\"og:description\" content=\"Historick\u00e9 priestory Sob\u00e1\u0161neho pal\u00e1ca v\u00a0Byt\u010di op\u00e4\u0165 o\u017eij\u00fa ve\u013ekono\u010dn\u00fdmi trhmi. V sobotu 28. marca sa uskuto\u010dn\u00ed druh\u00fd ro\u010dn\u00edk tohto ob\u013e\u00faben\u00e9ho podujatia, ktor\u00e9 n\u00e1v\u0161tevn\u00edkom pon\u00fakne jedine\u010dn\u00fa pr\u00edle\u017eitos\u0165 za\u017ei\u0165 atmosf\u00e9ru bl\u00ed\u017eiacich sa sviatkov jari, spozna\u0165 tradi\u010dn\u00e9 remesl\u00e1 a\u00a0ochutna\u0165 tradi\u010dn\u00e9 \u0161peciality. \u201eRadi by sme prostredn\u00edctvom ve\u013ekono\u010dn\u00fdch trhov n\u00e1v\u0161tevn\u00edkom pribl\u00ed\u017eili kr\u00e1su ve\u013ekono\u010dn\u00fdch trad\u00edci\u00ed, podporili region\u00e1lnych remeseln\u00edkov a z\u00e1rove\u0148\u00a0vytvorili pr\u00edjemn\u00e9 stretnutie [&hellip;]\" \/>\n<meta property=\"og:url\" content=\"https:\/\/pmza.sk\/?p=75838\" \/>\n<meta property=\"og:site_name\" content=\"Pova\u017esk\u00e9 m\u00fazeum\" \/>\n<meta property=\"article:publisher\" content=\"https:\/\/www.facebook.com\/povazskemuzeum\" \/>\n<meta property=\"article:published_time\" content=\"2026-03-05T13:37:53+00:00\" \/>\n<meta property=\"article:modified_time\" content=\"2026-03-30T05:16:02+00:00\" \/>\n<meta property=\"og:image\" content=\"https:\/\/pmza.sk\/wp-content\/uploads\/2026\/03\/Velkonocne_trhy_2026_web-scaled.jpg\" \/>\n\t<meta property=\"og:image:width\" content=\"2560\" \/>\n\t<meta property=\"og:image:height\" content=\"2560\" \/>\n\t<meta property=\"og:image:type\" content=\"image\/jpeg\" \/>\n<meta name=\"author\" content=\"Pova\u017esk\u00e9 m\u00fazeum\" \/>\n<meta name=\"twitter:card\" content=\"summary_large_image\" \/>\n<meta name=\"twitter:label1\" content=\"Autor\" \/>\n\t<meta name=\"twitter:data1\" content=\"Pova\u017esk\u00e9 m\u00fazeum\" \/>\n\t<meta name=\"twitter:label2\" content=\"Predpokladan\u00fd \u010das \u010d\u00edtania\" \/>\n\t<meta name=\"twitter:data2\" content=\"1 min\u00fata\" \/>\n<script type=\"application\/ld+json\" class=\"yoast-schema-graph\">{\"@context\":\"https:\\\/\\\/schema.org\",\"@graph\":[{\"@type\":\"Article\",\"@id\":\"https:\\\/\\\/pmza.sk\\\/?p=75838#article\",\"isPartOf\":{\"@id\":\"https:\\\/\\\/pmza.sk\\\/?p=75838\"},\"author\":{\"name\":\"Pova\u017esk\u00e9 m\u00fazeum\",\"@id\":\"https:\\\/\\\/pmza.sk\\\/#\\\/schema\\\/person\\\/595e6a2ce731ea94dcd5d7f50a41ae33\"},\"headline\":\"Ve\u013ekono\u010dn\u00e9 trhy\",\"datePublished\":\"2026-03-05T13:37:53+00:00\",\"dateModified\":\"2026-03-30T05:16:02+00:00\",\"mainEntityOfPage\":{\"@id\":\"https:\\\/\\\/pmza.sk\\\/?p=75838\"},\"wordCount\":280,\"publisher\":{\"@id\":\"https:\\\/\\\/pmza.sk\\\/#organization\"},\"image\":{\"@id\":\"https:\\\/\\\/pmza.sk\\\/?p=75838#primaryimage\"},\"thumbnailUrl\":\"https:\\\/\\\/pmza.sk\\\/wp-content\\\/uploads\\\/2026\\\/03\\\/Velkonocne_trhy_2026_web-scaled.jpg\",\"articleSection\":[\"Podujatia\"],\"inLanguage\":\"sk-SK\"},{\"@type\":\"WebPage\",\"@id\":\"https:\\\/\\\/pmza.sk\\\/?p=75838\",\"url\":\"https:\\\/\\\/pmza.sk\\\/?p=75838\",\"name\":\"Ve\u013ekono\u010dn\u00e9 trhy - Pova\u017esk\u00e9 m\u00fazeum\",\"isPartOf\":{\"@id\":\"https:\\\/\\\/pmza.sk\\\/#website\"},\"primaryImageOfPage\":{\"@id\":\"https:\\\/\\\/pmza.sk\\\/?p=75838#primaryimage\"},\"image\":{\"@id\":\"https:\\\/\\\/pmza.sk\\\/?p=75838#primaryimage\"},\"thumbnailUrl\":\"https:\\\/\\\/pmza.sk\\\/wp-content\\\/uploads\\\/2026\\\/03\\\/Velkonocne_trhy_2026_web-scaled.jpg\",\"datePublished\":\"2026-03-05T13:37:53+00:00\",\"dateModified\":\"2026-03-30T05:16:02+00:00\",\"breadcrumb\":{\"@id\":\"https:\\\/\\\/pmza.sk\\\/?p=75838#breadcrumb\"},\"inLanguage\":\"sk-SK\",\"potentialAction\":[{\"@type\":\"ReadAction\",\"target\":[\"https:\\\/\\\/pmza.sk\\\/?p=75838\"]}]},{\"@type\":\"ImageObject\",\"inLanguage\":\"sk-SK\",\"@id\":\"https:\\\/\\\/pmza.sk\\\/?p=75838#primaryimage\",\"url\":\"https:\\\/\\\/pmza.sk\\\/wp-content\\\/uploads\\\/2026\\\/03\\\/Velkonocne_trhy_2026_web-scaled.jpg\",\"contentUrl\":\"https:\\\/\\\/pmza.sk\\\/wp-content\\\/uploads\\\/2026\\\/03\\\/Velkonocne_trhy_2026_web-scaled.jpg\",\"width\":2560,\"height\":2560},{\"@type\":\"BreadcrumbList\",\"@id\":\"https:\\\/\\\/pmza.sk\\\/?p=75838#breadcrumb\",\"itemListElement\":[{\"@type\":\"ListItem\",\"position\":1,\"name\":\"Domovsk\u00e1 str\u00e1nka\",\"item\":\"https:\\\/\\\/pmza.sk\\\/\"},{\"@type\":\"ListItem\",\"position\":2,\"name\":\"Ve\u013ekono\u010dn\u00e9 trhy\"}]},{\"@type\":\"WebSite\",\"@id\":\"https:\\\/\\\/pmza.sk\\\/#website\",\"url\":\"https:\\\/\\\/pmza.sk\\\/\",\"name\":\"Pova\u017esk\u00e9 m\u00fazeum\",\"description\":\"Pova\u017esk\u00e9 m\u00fazeum v \u017diline je region\u00e1lne m\u00fazeum so s\u00eddlom v Budat\u00edne. Jeho expoz\u00edcie s\u00fa zameran\u00e9 na dejiny slovensk\u00e9ho umenia, kult\u00fary a dopravy.\",\"publisher\":{\"@id\":\"https:\\\/\\\/pmza.sk\\\/#organization\"},\"potentialAction\":[{\"@type\":\"SearchAction\",\"target\":{\"@type\":\"EntryPoint\",\"urlTemplate\":\"https:\\\/\\\/pmza.sk\\\/?s={search_term_string}\"},\"query-input\":{\"@type\":\"PropertyValueSpecification\",\"valueRequired\":true,\"valueName\":\"search_term_string\"}}],\"inLanguage\":\"sk-SK\"},{\"@type\":\"Organization\",\"@id\":\"https:\\\/\\\/pmza.sk\\\/#organization\",\"name\":\"Pova\u017esk\u00e9 m\u00fazeum\",\"url\":\"https:\\\/\\\/pmza.sk\\\/\",\"logo\":{\"@type\":\"ImageObject\",\"inLanguage\":\"sk-SK\",\"@id\":\"https:\\\/\\\/pmza.sk\\\/#\\\/schema\\\/logo\\\/image\\\/\",\"url\":\"https:\\\/\\\/pmza.sk\\\/wp-content\\\/uploads\\\/2022\\\/01\\\/logo_PM_horizontal.jpg\",\"contentUrl\":\"https:\\\/\\\/pmza.sk\\\/wp-content\\\/uploads\\\/2022\\\/01\\\/logo_PM_horizontal.jpg\",\"width\":231,\"height\":142,\"caption\":\"Pova\u017esk\u00e9 m\u00fazeum\"},\"image\":{\"@id\":\"https:\\\/\\\/pmza.sk\\\/#\\\/schema\\\/logo\\\/image\\\/\"},\"sameAs\":[\"https:\\\/\\\/www.facebook.com\\\/povazskemuzeum\",\"https:\\\/\\\/www.instagram.com\\\/povazskemuzeum\\\/\"]},{\"@type\":\"Person\",\"@id\":\"https:\\\/\\\/pmza.sk\\\/#\\\/schema\\\/person\\\/595e6a2ce731ea94dcd5d7f50a41ae33\",\"name\":\"Pova\u017esk\u00e9 m\u00fazeum\",\"image\":{\"@type\":\"ImageObject\",\"inLanguage\":\"sk-SK\",\"@id\":\"https:\\\/\\\/secure.gravatar.com\\\/avatar\\\/2bb7f1561282132fb5826dfeccc66c7996d11ee392ac6aaf7ced8a1c2027fbb2?s=96&d=mm&r=g\",\"url\":\"https:\\\/\\\/secure.gravatar.com\\\/avatar\\\/2bb7f1561282132fb5826dfeccc66c7996d11ee392ac6aaf7ced8a1c2027fbb2?s=96&d=mm&r=g\",\"contentUrl\":\"https:\\\/\\\/secure.gravatar.com\\\/avatar\\\/2bb7f1561282132fb5826dfeccc66c7996d11ee392ac6aaf7ced8a1c2027fbb2?s=96&d=mm&r=g\",\"caption\":\"Pova\u017esk\u00e9 m\u00fazeum\"}}]}<\/script>\n<!-- \/ Yoast SEO plugin. -->","yoast_head_json":{"title":"Ve\u013ekono\u010dn\u00e9 trhy - Pova\u017esk\u00e9 m\u00fazeum","robots":{"index":"index","follow":"follow","max-snippet":"max-snippet:-1","max-image-preview":"max-image-preview:large","max-video-preview":"max-video-preview:-1"},"canonical":"https:\/\/pmza.sk\/?p=75838","og_locale":"sk_SK","og_type":"article","og_title":"Ve\u013ekono\u010dn\u00e9 trhy - Pova\u017esk\u00e9 m\u00fazeum","og_description":"Historick\u00e9 priestory Sob\u00e1\u0161neho pal\u00e1ca v\u00a0Byt\u010di op\u00e4\u0165 o\u017eij\u00fa ve\u013ekono\u010dn\u00fdmi trhmi. V sobotu 28. marca sa uskuto\u010dn\u00ed druh\u00fd ro\u010dn\u00edk tohto ob\u013e\u00faben\u00e9ho podujatia, ktor\u00e9 n\u00e1v\u0161tevn\u00edkom pon\u00fakne jedine\u010dn\u00fa pr\u00edle\u017eitos\u0165 za\u017ei\u0165 atmosf\u00e9ru bl\u00ed\u017eiacich sa sviatkov jari, spozna\u0165 tradi\u010dn\u00e9 remesl\u00e1 a\u00a0ochutna\u0165 tradi\u010dn\u00e9 \u0161peciality. \u201eRadi by sme prostredn\u00edctvom ve\u013ekono\u010dn\u00fdch trhov n\u00e1v\u0161tevn\u00edkom pribl\u00ed\u017eili kr\u00e1su ve\u013ekono\u010dn\u00fdch trad\u00edci\u00ed, podporili region\u00e1lnych remeseln\u00edkov a z\u00e1rove\u0148\u00a0vytvorili pr\u00edjemn\u00e9 stretnutie [&hellip;]","og_url":"https:\/\/pmza.sk\/?p=75838","og_site_name":"Pova\u017esk\u00e9 m\u00fazeum","article_publisher":"https:\/\/www.facebook.com\/povazskemuzeum","article_published_time":"2026-03-05T13:37:53+00:00","article_modified_time":"2026-03-30T05:16:02+00:00","og_image":[{"width":2560,"height":2560,"url":"https:\/\/pmza.sk\/wp-content\/uploads\/2026\/03\/Velkonocne_trhy_2026_web-scaled.jpg","type":"image\/jpeg"}],"author":"Pova\u017esk\u00e9 m\u00fazeum","twitter_card":"summary_large_image","twitter_misc":{"Autor":"Pova\u017esk\u00e9 m\u00fazeum","Predpokladan\u00fd \u010das \u010d\u00edtania":"1 min\u00fata"},"schema":{"@context":"https:\/\/schema.org","@graph":[{"@type":"Article","@id":"https:\/\/pmza.sk\/?p=75838#article","isPartOf":{"@id":"https:\/\/pmza.sk\/?p=75838"},"author":{"name":"Pova\u017esk\u00e9 m\u00fazeum","@id":"https:\/\/pmza.sk\/#\/schema\/person\/595e6a2ce731ea94dcd5d7f50a41ae33"},"headline":"Ve\u013ekono\u010dn\u00e9 trhy","datePublished":"2026-03-05T13:37:53+00:00","dateModified":"2026-03-30T05:16:02+00:00","mainEntityOfPage":{"@id":"https:\/\/pmza.sk\/?p=75838"},"wordCount":280,"publisher":{"@id":"https:\/\/pmza.sk\/#organization"},"image":{"@id":"https:\/\/pmza.sk\/?p=75838#primaryimage"},"thumbnailUrl":"https:\/\/pmza.sk\/wp-content\/uploads\/2026\/03\/Velkonocne_trhy_2026_web-scaled.jpg","articleSection":["Podujatia"],"inLanguage":"sk-SK"},{"@type":"WebPage","@id":"https:\/\/pmza.sk\/?p=75838","url":"https:\/\/pmza.sk\/?p=75838","name":"Ve\u013ekono\u010dn\u00e9 trhy - Pova\u017esk\u00e9 m\u00fazeum","isPartOf":{"@id":"https:\/\/pmza.sk\/#website"},"primaryImageOfPage":{"@id":"https:\/\/pmza.sk\/?p=75838#primaryimage"},"image":{"@id":"https:\/\/pmza.sk\/?p=75838#primaryimage"},"thumbnailUrl":"https:\/\/pmza.sk\/wp-content\/uploads\/2026\/03\/Velkonocne_trhy_2026_web-scaled.jpg","datePublished":"2026-03-05T13:37:53+00:00","dateModified":"2026-03-30T05:16:02+00:00","breadcrumb":{"@id":"https:\/\/pmza.sk\/?p=75838#breadcrumb"},"inLanguage":"sk-SK","potentialAction":[{"@type":"ReadAction","target":["https:\/\/pmza.sk\/?p=75838"]}]},{"@type":"ImageObject","inLanguage":"sk-SK","@id":"https:\/\/pmza.sk\/?p=75838#primaryimage","url":"https:\/\/pmza.sk\/wp-content\/uploads\/2026\/03\/Velkonocne_trhy_2026_web-scaled.jpg","contentUrl":"https:\/\/pmza.sk\/wp-content\/uploads\/2026\/03\/Velkonocne_trhy_2026_web-scaled.jpg","width":2560,"height":2560},{"@type":"BreadcrumbList","@id":"https:\/\/pmza.sk\/?p=75838#breadcrumb","itemListElement":[{"@type":"ListItem","position":1,"name":"Domovsk\u00e1 str\u00e1nka","item":"https:\/\/pmza.sk\/"},{"@type":"ListItem","position":2,"name":"Ve\u013ekono\u010dn\u00e9 trhy"}]},{"@type":"WebSite","@id":"https:\/\/pmza.sk\/#website","url":"https:\/\/pmza.sk\/","name":"Pova\u017esk\u00e9 m\u00fazeum","description":"Pova\u017esk\u00e9 m\u00fazeum v \u017diline je region\u00e1lne m\u00fazeum so s\u00eddlom v Budat\u00edne. Jeho expoz\u00edcie s\u00fa zameran\u00e9 na dejiny slovensk\u00e9ho umenia, kult\u00fary a dopravy.","publisher":{"@id":"https:\/\/pmza.sk\/#organization"},"potentialAction":[{"@type":"SearchAction","target":{"@type":"EntryPoint","urlTemplate":"https:\/\/pmza.sk\/?s={search_term_string}"},"query-input":{"@type":"PropertyValueSpecification","valueRequired":true,"valueName":"search_term_string"}}],"inLanguage":"sk-SK"},{"@type":"Organization","@id":"https:\/\/pmza.sk\/#organization","name":"Pova\u017esk\u00e9 m\u00fazeum","url":"https:\/\/pmza.sk\/","logo":{"@type":"ImageObject","inLanguage":"sk-SK","@id":"https:\/\/pmza.sk\/#\/schema\/logo\/image\/","url":"https:\/\/pmza.sk\/wp-content\/uploads\/2022\/01\/logo_PM_horizontal.jpg","contentUrl":"https:\/\/pmza.sk\/wp-content\/uploads\/2022\/01\/logo_PM_horizontal.jpg","width":231,"height":142,"caption":"Pova\u017esk\u00e9 m\u00fazeum"},"image":{"@id":"https:\/\/pmza.sk\/#\/schema\/logo\/image\/"},"sameAs":["https:\/\/www.facebook.com\/povazskemuzeum","https:\/\/www.instagram.com\/povazskemuzeum\/"]},{"@type":"Person","@id":"https:\/\/pmza.sk\/#\/schema\/person\/595e6a2ce731ea94dcd5d7f50a41ae33","name":"Pova\u017esk\u00e9 m\u00fazeum","image":{"@type":"ImageObject","inLanguage":"sk-SK","@id":"https:\/\/secure.gravatar.com\/avatar\/2bb7f1561282132fb5826dfeccc66c7996d11ee392ac6aaf7ced8a1c2027fbb2?s=96&d=mm&r=g","url":"https:\/\/secure.gravatar.com\/avatar\/2bb7f1561282132fb5826dfeccc66c7996d11ee392ac6aaf7ced8a1c2027fbb2?s=96&d=mm&r=g","contentUrl":"https:\/\/secure.gravatar.com\/avatar\/2bb7f1561282132fb5826dfeccc66c7996d11ee392ac6aaf7ced8a1c2027fbb2?s=96&d=mm&r=g","caption":"Pova\u017esk\u00e9 m\u00fazeum"}}]}},"_links":{"self":[{"href":"https:\/\/pmza.sk\/index.php?rest_route=\/wp\/v2\/posts\/75838","targetHints":{"allow":["GET"]}}],"collection":[{"href":"https:\/\/pmza.sk\/index.php?rest_route=\/wp\/v2\/posts"}],"about":[{"href":"https:\/\/pmza.sk\/index.php?rest_route=\/wp\/v2\/types\/post"}],"author":[{"embeddable":true,"href":"https:\/\/pmza.sk\/index.php?rest_route=\/wp\/v2\/users\/2"}],"replies":[{"embeddable":true,"href":"https:\/\/pmza.sk\/index.php?rest_route=%2Fwp%2Fv2%2Fcomments&post=75838"}],"version-history":[{"count":2,"href":"https:\/\/pmza.sk\/index.php?rest_route=\/wp\/v2\/posts\/75838\/revisions"}],"predecessor-version":[{"id":76790,"href":"https:\/\/pmza.sk\/index.php?rest_route=\/wp\/v2\/posts\/75838\/revisions\/76790"}],"wp:featuredmedia":[{"embeddable":true,"href":"https:\/\/pmza.sk\/index.php?rest_route=\/wp\/v2\/media\/75841"}],"wp:attachment":[{"href":"https:\/\/pmza.sk\/index.php?rest_route=%2Fwp%2Fv2%2Fmedia&parent=75838"}],"wp:term":[{"taxonomy":"category","embeddable":true,"href":"https:\/\/pmza.sk\/index.php?rest_route=%2Fwp%2Fv2%2Fcategories&post=75838"},{"taxonomy":"post_tag","embeddable":true,"href":"https:\/\/pmza.sk\/index.php?rest_route=%2Fwp%2Fv2%2Ftags&post=75838"}],"curies":[{"name":"wp","href":"https:\/\/api.w.org\/{rel}","templated":true}]}}