{"id":7605,"date":"2013-06-11T13:22:51","date_gmt":"2013-06-11T11:22:51","guid":{"rendered":"https:\/\/pmza.sk.sk\/?p=7605"},"modified":"2013-06-11T13:22:51","modified_gmt":"2013-06-11T11:22:51","slug":"jedinecna-publikacia-o-budatinskom-parku-2","status":"publish","type":"post","link":"https:\/\/pmza.sk\/?p=7605","title":{"rendered":"Jedine\u010dn\u00e1 publik\u00e1cia o Budat\u00ednskom parku"},"content":{"rendered":"<p><a href=\"https:\/\/pmza.sk\/wp-content\/uploads\/2013\/06\/park_budatin.jpg\"><img fetchpriority=\"high\" decoding=\"async\" class=\"alignleft size-medium wp-image-7591\" style=\"margin: 4px; border: 2px solid black;\" title=\"park_budatin\" src=\"https:\/\/pmza.sk.sk\/wp-content\/uploads\/2013\/06\/park_budatin-300x300.jpg\" alt=\"\" width=\"256\" height=\"256\" srcset=\"https:\/\/pmza.sk\/wp-content\/uploads\/2013\/06\/park_budatin-300x300.jpg 300w, https:\/\/pmza.sk\/wp-content\/uploads\/2013\/06\/park_budatin-100x100.jpg 100w, https:\/\/pmza.sk\/wp-content\/uploads\/2013\/06\/park_budatin-360x360.jpg 360w, https:\/\/pmza.sk\/wp-content\/uploads\/2013\/06\/park_budatin.jpg 480w\" sizes=\"(max-width: 256px) 100vw, 256px\" \/><\/a>V\u00a0stredu 5. j\u00fana sme si pripomenuli Svetov\u00fd de\u0148 \u017eivotn\u00e9ho prostredia.  Pri tejto pr\u00edle\u017eitosti predstavilo Pova\u017esk\u00e9 m\u00fazeum v \u017diline publik\u00e1ciu  pod n\u00e1zvom Park pri Budat\u00ednskom hrade a\u00a0jeho premeny. Jej autorkou je  botani\u010dka Pova\u017esk\u00e9ho m\u00fazea, RNDr. Viktoria Urbanov\u00e1, CSc.<em> \u201eObsahom  pribli\u017euje pohnut\u00fa hist\u00f3riu parku po\u010das \u0161iestich storo\u010d\u00ed, konkr\u00e9tne  v\u00a0rokoch 1321 \u2013 1945, tie\u017e dianie v\u00a0parku po druhej svetovej vo<\/em><em>jne  a\u00a0jeho\u00a0\u00fapravy v\u00a0tomto obdob\u00ed. V\u010faka finan\u010dn\u00fdm zdrojom z\u00a0programu  cezhrani\u010dnej spolupr\u00e1ce Po\u013esko-Slovensk\u00e1 republika sa tieto \u00fapravy  podarilo dokon\u010di\u0165 poslednou revitaliz\u00e1ciou v\u00a0roku 2010,\u201c <\/em>uviedla jej autorka. <img decoding=\"async\" title=\"\u010c\u00edtajte \u010falej...\" src=\"https:\/\/pmza.sk.sk\/wp-includes\/js\/tinymce\/plugins\/wordpress\/img\/trans.gif\" alt=\"\" \/><!--more-->Publik\u00e1cia  sa sklad\u00e1 z\u00a0piatich tematick\u00fdch celkov. Samostatn\u00fa \u010das\u0165 tvor\u00ed kapitola  o\u00a0drevin\u00e1ch zast\u00fapen\u00fdch v\u00a0parku, s\u00fa\u010das\u0165ou ktorej je situa\u010dn\u00fd n\u00e1\u010drt ich  rozmiestnenia. <em>\u201eNajstar\u0161\u00edm stromom, ktor\u00fd m\u00e1 a\u017e 350 rokov, je lipa  ve\u013ekolist\u00e1, jase\u0148 \u0161t\u00edhly sa zasa p\u00fd\u0161i najv\u00e4\u010d\u0161\u00edmi listami a\u00a0najvo\u0148avej\u0161ie  kvety m\u00e1 ag\u00e1t biely. Stru\u010dn\u00fd preh\u013ead z\u00e1hradn\u00fdch slohov v\u00a0\u00favode diela  n\u00e1m zasa pribl\u00ed\u017ei v\u00fdvoj z\u00e1hradn\u00e9ho umenia po\u010das jednotliv\u00fdch obdob\u00ed,\u201c <\/em>pokra\u010duje  Viktoria Urbanov\u00e1. Nosnou \u010das\u0165ou publik\u00e1cie je mno\u017estvo autentick\u00fdch  fotografi\u00ed priamo z\u00a0parku, reprodukci\u00ed mapiek, poh\u013eadn\u00edc a\u00a0obrazov. Po  prv\u00fdkr\u00e1t s\u00fa verejnosti predkladan\u00e9 s\u00fahrnn\u00e9 inform\u00e1cie o\u00a0najstar\u0161om parku  tohto regi\u00f3nu, ktor\u00fd je s\u00fa\u010das\u0165ou N\u00e1rodnej kult\u00farnej pamiatky Hrad  s\u00a0are\u00e1lom. Park s\u00a0historickou hodnotou a\u00a0rozlohou takmer 5ha sa stal  vyh\u013ead\u00e1van\u00fdm miestom oddychu a\u00a0relaxu n\u00e1v\u0161tevn\u00edkov. <em>\u201eVer\u00edm, \u017ee t\u00e1to  publik\u00e1cia prispeje k\u00a0oboznamovaniu verejnosti s pr\u00edjemn\u00fdm\u00a0prostred\u00edm,  poznan\u00edm hist\u00f3rie a\u00a0n\u00e1sledne aj k\u00a0zv\u00fd\u0161enej ochrane revitalizovan\u00e9ho  \u00fazemia a\u00a0kult\u00farneho spr\u00e1vania sa n\u00e1v\u0161tevn\u00edkov parku,\u201c <\/em>dodal na  z\u00e1ver riadite\u013e Pova\u017esk\u00e9ho m\u00fazea v\u00a0\u017diline, Ladislav Cimer\u00e1k. Publik\u00e1ciu  Park pri Budat\u00ednskom hrade a\u00a0jeho premeny je mo\u017en\u00e9 osobne zak\u00fapi\u0165  v\u00a0Pova\u017eskom m\u00fazeu v\u00a0\u017diline, prezen\u010dne vypo\u017ei\u010da\u0165 v\u00a0odbornej kni\u017enici  Pova\u017esk\u00e9ho m\u00fazea, pr\u00edpadne vyu\u017ei\u0165 mo\u017enos\u0165 elektronick\u00e9ho objednania  prostredn\u00edctvom webovej str\u00e1nky <a href=\"http:\/\/www.pmza.sk\/\">www.pmza.sk<\/a>.<\/p>\n","protected":false},"excerpt":{"rendered":"<p>V\u00a0stredu 5. j\u00fana sme si pripomenuli Svetov\u00fd de\u0148 \u017eivotn\u00e9ho prostredia. Pri tejto pr\u00edle\u017eitosti predstavilo Pova\u017esk\u00e9 m\u00fazeum v \u017diline publik\u00e1ciu pod n\u00e1zvom Park pri Budat\u00ednskom hrade a\u00a0jeho premeny. Jej autorkou je botani\u010dka Pova\u017esk\u00e9ho m\u00fazea, RNDr. Viktoria Urbanov\u00e1, CSc. \u201eObsahom pribli\u017euje pohnut\u00fa hist\u00f3riu parku po\u010das \u0161iestich storo\u010d\u00ed, konkr\u00e9tne v\u00a0rokoch 1321 \u2013 1945, tie\u017e dianie v\u00a0parku po druhej [&hellip;]<\/p>\n","protected":false},"author":2,"featured_media":0,"comment_status":"closed","ping_status":"closed","sticky":false,"template":"","format":"standard","meta":{"site-sidebar-layout":"default","site-content-layout":"","ast-site-content-layout":"","site-content-style":"default","site-sidebar-style":"default","ast-global-header-display":"","ast-banner-title-visibility":"","ast-main-header-display":"","ast-hfb-above-header-display":"","ast-hfb-below-header-display":"","ast-hfb-mobile-header-display":"","site-post-title":"","ast-breadcrumbs-content":"","ast-featured-img":"","footer-sml-layout":"","theme-transparent-header-meta":"","adv-header-id-meta":"","stick-header-meta":"","header-above-stick-meta":"","header-main-stick-meta":"","header-below-stick-meta":"","astra-migrate-meta-layouts":"default","ast-page-background-enabled":"default","ast-page-background-meta":{"desktop":{"background-color":"var(--ast-global-color-4)","background-image":"","background-repeat":"repeat","background-position":"center center","background-size":"auto","background-attachment":"scroll","background-type":"","background-media":"","overlay-type":"","overlay-color":"","overlay-opacity":"","overlay-gradient":""},"tablet":{"background-color":"","background-image":"","background-repeat":"repeat","background-position":"center center","background-size":"auto","background-attachment":"scroll","background-type":"","background-media":"","overlay-type":"","overlay-color":"","overlay-opacity":"","overlay-gradient":""},"mobile":{"background-color":"","background-image":"","background-repeat":"repeat","background-position":"center center","background-size":"auto","background-attachment":"scroll","background-type":"","background-media":"","overlay-type":"","overlay-color":"","overlay-opacity":"","overlay-gradient":""}},"ast-content-background-meta":{"desktop":{"background-color":"var(--ast-global-color-5)","background-image":"","background-repeat":"repeat","background-position":"center center","background-size":"auto","background-attachment":"scroll","background-type":"","background-media":"","overlay-type":"","overlay-color":"","overlay-opacity":"","overlay-gradient":""},"tablet":{"background-color":"var(--ast-global-color-5)","background-image":"","background-repeat":"repeat","background-position":"center center","background-size":"auto","background-attachment":"scroll","background-type":"","background-media":"","overlay-type":"","overlay-color":"","overlay-opacity":"","overlay-gradient":""},"mobile":{"background-color":"var(--ast-global-color-5)","background-image":"","background-repeat":"repeat","background-position":"center center","background-size":"auto","background-attachment":"scroll","background-type":"","background-media":"","overlay-type":"","overlay-color":"","overlay-opacity":"","overlay-gradient":""}},"footnotes":""},"categories":[31],"tags":[],"class_list":["post-7605","post","type-post","status-publish","format-standard","hentry","category-aktuality"],"yoast_head":"<!-- This site is optimized with the Yoast SEO plugin v27.4 - https:\/\/yoast.com\/product\/yoast-seo-wordpress\/ -->\n<title>Jedine\u010dn\u00e1 publik\u00e1cia o Budat\u00ednskom parku - Pova\u017esk\u00e9 m\u00fazeum<\/title>\n<meta name=\"robots\" content=\"index, follow, max-snippet:-1, max-image-preview:large, max-video-preview:-1\" \/>\n<link rel=\"canonical\" href=\"https:\/\/pmza.sk\/?p=7605\" \/>\n<meta property=\"og:locale\" content=\"sk_SK\" \/>\n<meta property=\"og:type\" content=\"article\" \/>\n<meta property=\"og:title\" content=\"Jedine\u010dn\u00e1 publik\u00e1cia o Budat\u00ednskom parku - Pova\u017esk\u00e9 m\u00fazeum\" \/>\n<meta property=\"og:description\" content=\"V\u00a0stredu 5. j\u00fana sme si pripomenuli Svetov\u00fd de\u0148 \u017eivotn\u00e9ho prostredia. Pri tejto pr\u00edle\u017eitosti predstavilo Pova\u017esk\u00e9 m\u00fazeum v \u017diline publik\u00e1ciu pod n\u00e1zvom Park pri Budat\u00ednskom hrade a\u00a0jeho premeny. Jej autorkou je botani\u010dka Pova\u017esk\u00e9ho m\u00fazea, RNDr. Viktoria Urbanov\u00e1, CSc. \u201eObsahom pribli\u017euje pohnut\u00fa hist\u00f3riu parku po\u010das \u0161iestich storo\u010d\u00ed, konkr\u00e9tne v\u00a0rokoch 1321 \u2013 1945, tie\u017e dianie v\u00a0parku po druhej [&hellip;]\" \/>\n<meta property=\"og:url\" content=\"https:\/\/pmza.sk\/?p=7605\" \/>\n<meta property=\"og:site_name\" content=\"Pova\u017esk\u00e9 m\u00fazeum\" \/>\n<meta property=\"article:publisher\" content=\"https:\/\/www.facebook.com\/povazskemuzeum\" \/>\n<meta property=\"article:published_time\" content=\"2013-06-11T11:22:51+00:00\" \/>\n<meta property=\"og:image\" content=\"https:\/\/pmza.sk.sk\/wp-content\/uploads\/2013\/06\/park_budatin-300x300.jpg\" \/>\n<meta name=\"author\" content=\"Pova\u017esk\u00e9 m\u00fazeum\" \/>\n<meta name=\"twitter:card\" content=\"summary_large_image\" \/>\n<meta name=\"twitter:label1\" content=\"Autor\" \/>\n\t<meta name=\"twitter:data1\" content=\"Pova\u017esk\u00e9 m\u00fazeum\" \/>\n\t<meta name=\"twitter:label2\" content=\"Predpokladan\u00fd \u010das \u010d\u00edtania\" \/>\n\t<meta name=\"twitter:data2\" content=\"2 min\u00faty\" \/>\n<script type=\"application\/ld+json\" class=\"yoast-schema-graph\">{\"@context\":\"https:\\\/\\\/schema.org\",\"@graph\":[{\"@type\":\"Article\",\"@id\":\"https:\\\/\\\/pmza.sk\\\/?p=7605#article\",\"isPartOf\":{\"@id\":\"https:\\\/\\\/pmza.sk\\\/?p=7605\"},\"author\":{\"name\":\"Pova\u017esk\u00e9 m\u00fazeum\",\"@id\":\"https:\\\/\\\/pmza.sk\\\/#\\\/schema\\\/person\\\/595e6a2ce731ea94dcd5d7f50a41ae33\"},\"headline\":\"Jedine\u010dn\u00e1 publik\u00e1cia o Budat\u00ednskom parku\",\"datePublished\":\"2013-06-11T11:22:51+00:00\",\"mainEntityOfPage\":{\"@id\":\"https:\\\/\\\/pmza.sk\\\/?p=7605\"},\"wordCount\":398,\"publisher\":{\"@id\":\"https:\\\/\\\/pmza.sk\\\/#organization\"},\"image\":{\"@id\":\"https:\\\/\\\/pmza.sk\\\/?p=7605#primaryimage\"},\"thumbnailUrl\":\"http:\\\/\\\/pmza.sk.sk\\\/wp-content\\\/uploads\\\/2013\\\/06\\\/park_budatin-300x300.jpg\",\"articleSection\":[\"Aktuality\"],\"inLanguage\":\"sk-SK\"},{\"@type\":\"WebPage\",\"@id\":\"https:\\\/\\\/pmza.sk\\\/?p=7605\",\"url\":\"https:\\\/\\\/pmza.sk\\\/?p=7605\",\"name\":\"Jedine\u010dn\u00e1 publik\u00e1cia o Budat\u00ednskom parku - Pova\u017esk\u00e9 m\u00fazeum\",\"isPartOf\":{\"@id\":\"https:\\\/\\\/pmza.sk\\\/#website\"},\"primaryImageOfPage\":{\"@id\":\"https:\\\/\\\/pmza.sk\\\/?p=7605#primaryimage\"},\"image\":{\"@id\":\"https:\\\/\\\/pmza.sk\\\/?p=7605#primaryimage\"},\"thumbnailUrl\":\"http:\\\/\\\/pmza.sk.sk\\\/wp-content\\\/uploads\\\/2013\\\/06\\\/park_budatin-300x300.jpg\",\"datePublished\":\"2013-06-11T11:22:51+00:00\",\"breadcrumb\":{\"@id\":\"https:\\\/\\\/pmza.sk\\\/?p=7605#breadcrumb\"},\"inLanguage\":\"sk-SK\",\"potentialAction\":[{\"@type\":\"ReadAction\",\"target\":[\"https:\\\/\\\/pmza.sk\\\/?p=7605\"]}]},{\"@type\":\"ImageObject\",\"inLanguage\":\"sk-SK\",\"@id\":\"https:\\\/\\\/pmza.sk\\\/?p=7605#primaryimage\",\"url\":\"http:\\\/\\\/pmza.sk.sk\\\/wp-content\\\/uploads\\\/2013\\\/06\\\/park_budatin-300x300.jpg\",\"contentUrl\":\"http:\\\/\\\/pmza.sk.sk\\\/wp-content\\\/uploads\\\/2013\\\/06\\\/park_budatin-300x300.jpg\"},{\"@type\":\"BreadcrumbList\",\"@id\":\"https:\\\/\\\/pmza.sk\\\/?p=7605#breadcrumb\",\"itemListElement\":[{\"@type\":\"ListItem\",\"position\":1,\"name\":\"Domovsk\u00e1 str\u00e1nka\",\"item\":\"https:\\\/\\\/pmza.sk\\\/\"},{\"@type\":\"ListItem\",\"position\":2,\"name\":\"Jedine\u010dn\u00e1 publik\u00e1cia o Budat\u00ednskom parku\"}]},{\"@type\":\"WebSite\",\"@id\":\"https:\\\/\\\/pmza.sk\\\/#website\",\"url\":\"https:\\\/\\\/pmza.sk\\\/\",\"name\":\"Pova\u017esk\u00e9 m\u00fazeum\",\"description\":\"Pova\u017esk\u00e9 m\u00fazeum v \u017diline je region\u00e1lne m\u00fazeum so s\u00eddlom v Budat\u00edne. Jeho expoz\u00edcie s\u00fa zameran\u00e9 na dejiny slovensk\u00e9ho umenia, kult\u00fary a dopravy.\",\"publisher\":{\"@id\":\"https:\\\/\\\/pmza.sk\\\/#organization\"},\"potentialAction\":[{\"@type\":\"SearchAction\",\"target\":{\"@type\":\"EntryPoint\",\"urlTemplate\":\"https:\\\/\\\/pmza.sk\\\/?s={search_term_string}\"},\"query-input\":{\"@type\":\"PropertyValueSpecification\",\"valueRequired\":true,\"valueName\":\"search_term_string\"}}],\"inLanguage\":\"sk-SK\"},{\"@type\":\"Organization\",\"@id\":\"https:\\\/\\\/pmza.sk\\\/#organization\",\"name\":\"Pova\u017esk\u00e9 m\u00fazeum\",\"url\":\"https:\\\/\\\/pmza.sk\\\/\",\"logo\":{\"@type\":\"ImageObject\",\"inLanguage\":\"sk-SK\",\"@id\":\"https:\\\/\\\/pmza.sk\\\/#\\\/schema\\\/logo\\\/image\\\/\",\"url\":\"https:\\\/\\\/pmza.sk\\\/wp-content\\\/uploads\\\/2022\\\/01\\\/logo_PM_horizontal.jpg\",\"contentUrl\":\"https:\\\/\\\/pmza.sk\\\/wp-content\\\/uploads\\\/2022\\\/01\\\/logo_PM_horizontal.jpg\",\"width\":231,\"height\":142,\"caption\":\"Pova\u017esk\u00e9 m\u00fazeum\"},\"image\":{\"@id\":\"https:\\\/\\\/pmza.sk\\\/#\\\/schema\\\/logo\\\/image\\\/\"},\"sameAs\":[\"https:\\\/\\\/www.facebook.com\\\/povazskemuzeum\",\"https:\\\/\\\/www.instagram.com\\\/povazskemuzeum\\\/\"]},{\"@type\":\"Person\",\"@id\":\"https:\\\/\\\/pmza.sk\\\/#\\\/schema\\\/person\\\/595e6a2ce731ea94dcd5d7f50a41ae33\",\"name\":\"Pova\u017esk\u00e9 m\u00fazeum\",\"image\":{\"@type\":\"ImageObject\",\"inLanguage\":\"sk-SK\",\"@id\":\"https:\\\/\\\/secure.gravatar.com\\\/avatar\\\/2bb7f1561282132fb5826dfeccc66c7996d11ee392ac6aaf7ced8a1c2027fbb2?s=96&d=mm&r=g\",\"url\":\"https:\\\/\\\/secure.gravatar.com\\\/avatar\\\/2bb7f1561282132fb5826dfeccc66c7996d11ee392ac6aaf7ced8a1c2027fbb2?s=96&d=mm&r=g\",\"contentUrl\":\"https:\\\/\\\/secure.gravatar.com\\\/avatar\\\/2bb7f1561282132fb5826dfeccc66c7996d11ee392ac6aaf7ced8a1c2027fbb2?s=96&d=mm&r=g\",\"caption\":\"Pova\u017esk\u00e9 m\u00fazeum\"}}]}<\/script>\n<!-- \/ Yoast SEO plugin. -->","yoast_head_json":{"title":"Jedine\u010dn\u00e1 publik\u00e1cia o Budat\u00ednskom parku - Pova\u017esk\u00e9 m\u00fazeum","robots":{"index":"index","follow":"follow","max-snippet":"max-snippet:-1","max-image-preview":"max-image-preview:large","max-video-preview":"max-video-preview:-1"},"canonical":"https:\/\/pmza.sk\/?p=7605","og_locale":"sk_SK","og_type":"article","og_title":"Jedine\u010dn\u00e1 publik\u00e1cia o Budat\u00ednskom parku - Pova\u017esk\u00e9 m\u00fazeum","og_description":"V\u00a0stredu 5. j\u00fana sme si pripomenuli Svetov\u00fd de\u0148 \u017eivotn\u00e9ho prostredia. Pri tejto pr\u00edle\u017eitosti predstavilo Pova\u017esk\u00e9 m\u00fazeum v \u017diline publik\u00e1ciu pod n\u00e1zvom Park pri Budat\u00ednskom hrade a\u00a0jeho premeny. Jej autorkou je botani\u010dka Pova\u017esk\u00e9ho m\u00fazea, RNDr. Viktoria Urbanov\u00e1, CSc. \u201eObsahom pribli\u017euje pohnut\u00fa hist\u00f3riu parku po\u010das \u0161iestich storo\u010d\u00ed, konkr\u00e9tne v\u00a0rokoch 1321 \u2013 1945, tie\u017e dianie v\u00a0parku po druhej [&hellip;]","og_url":"https:\/\/pmza.sk\/?p=7605","og_site_name":"Pova\u017esk\u00e9 m\u00fazeum","article_publisher":"https:\/\/www.facebook.com\/povazskemuzeum","article_published_time":"2013-06-11T11:22:51+00:00","og_image":[{"url":"https:\/\/pmza.sk.sk\/wp-content\/uploads\/2013\/06\/park_budatin-300x300.jpg","type":"","width":"","height":""}],"author":"Pova\u017esk\u00e9 m\u00fazeum","twitter_card":"summary_large_image","twitter_misc":{"Autor":"Pova\u017esk\u00e9 m\u00fazeum","Predpokladan\u00fd \u010das \u010d\u00edtania":"2 min\u00faty"},"schema":{"@context":"https:\/\/schema.org","@graph":[{"@type":"Article","@id":"https:\/\/pmza.sk\/?p=7605#article","isPartOf":{"@id":"https:\/\/pmza.sk\/?p=7605"},"author":{"name":"Pova\u017esk\u00e9 m\u00fazeum","@id":"https:\/\/pmza.sk\/#\/schema\/person\/595e6a2ce731ea94dcd5d7f50a41ae33"},"headline":"Jedine\u010dn\u00e1 publik\u00e1cia o Budat\u00ednskom parku","datePublished":"2013-06-11T11:22:51+00:00","mainEntityOfPage":{"@id":"https:\/\/pmza.sk\/?p=7605"},"wordCount":398,"publisher":{"@id":"https:\/\/pmza.sk\/#organization"},"image":{"@id":"https:\/\/pmza.sk\/?p=7605#primaryimage"},"thumbnailUrl":"https:\/\/pmza.sk.sk\/wp-content\/uploads\/2013\/06\/park_budatin-300x300.jpg","articleSection":["Aktuality"],"inLanguage":"sk-SK"},{"@type":"WebPage","@id":"https:\/\/pmza.sk\/?p=7605","url":"https:\/\/pmza.sk\/?p=7605","name":"Jedine\u010dn\u00e1 publik\u00e1cia o Budat\u00ednskom parku - Pova\u017esk\u00e9 m\u00fazeum","isPartOf":{"@id":"https:\/\/pmza.sk\/#website"},"primaryImageOfPage":{"@id":"https:\/\/pmza.sk\/?p=7605#primaryimage"},"image":{"@id":"https:\/\/pmza.sk\/?p=7605#primaryimage"},"thumbnailUrl":"https:\/\/pmza.sk.sk\/wp-content\/uploads\/2013\/06\/park_budatin-300x300.jpg","datePublished":"2013-06-11T11:22:51+00:00","breadcrumb":{"@id":"https:\/\/pmza.sk\/?p=7605#breadcrumb"},"inLanguage":"sk-SK","potentialAction":[{"@type":"ReadAction","target":["https:\/\/pmza.sk\/?p=7605"]}]},{"@type":"ImageObject","inLanguage":"sk-SK","@id":"https:\/\/pmza.sk\/?p=7605#primaryimage","url":"https:\/\/pmza.sk.sk\/wp-content\/uploads\/2013\/06\/park_budatin-300x300.jpg","contentUrl":"https:\/\/pmza.sk.sk\/wp-content\/uploads\/2013\/06\/park_budatin-300x300.jpg"},{"@type":"BreadcrumbList","@id":"https:\/\/pmza.sk\/?p=7605#breadcrumb","itemListElement":[{"@type":"ListItem","position":1,"name":"Domovsk\u00e1 str\u00e1nka","item":"https:\/\/pmza.sk\/"},{"@type":"ListItem","position":2,"name":"Jedine\u010dn\u00e1 publik\u00e1cia o Budat\u00ednskom parku"}]},{"@type":"WebSite","@id":"https:\/\/pmza.sk\/#website","url":"https:\/\/pmza.sk\/","name":"Pova\u017esk\u00e9 m\u00fazeum","description":"Pova\u017esk\u00e9 m\u00fazeum v \u017diline je region\u00e1lne m\u00fazeum so s\u00eddlom v Budat\u00edne. Jeho expoz\u00edcie s\u00fa zameran\u00e9 na dejiny slovensk\u00e9ho umenia, kult\u00fary a dopravy.","publisher":{"@id":"https:\/\/pmza.sk\/#organization"},"potentialAction":[{"@type":"SearchAction","target":{"@type":"EntryPoint","urlTemplate":"https:\/\/pmza.sk\/?s={search_term_string}"},"query-input":{"@type":"PropertyValueSpecification","valueRequired":true,"valueName":"search_term_string"}}],"inLanguage":"sk-SK"},{"@type":"Organization","@id":"https:\/\/pmza.sk\/#organization","name":"Pova\u017esk\u00e9 m\u00fazeum","url":"https:\/\/pmza.sk\/","logo":{"@type":"ImageObject","inLanguage":"sk-SK","@id":"https:\/\/pmza.sk\/#\/schema\/logo\/image\/","url":"https:\/\/pmza.sk\/wp-content\/uploads\/2022\/01\/logo_PM_horizontal.jpg","contentUrl":"https:\/\/pmza.sk\/wp-content\/uploads\/2022\/01\/logo_PM_horizontal.jpg","width":231,"height":142,"caption":"Pova\u017esk\u00e9 m\u00fazeum"},"image":{"@id":"https:\/\/pmza.sk\/#\/schema\/logo\/image\/"},"sameAs":["https:\/\/www.facebook.com\/povazskemuzeum","https:\/\/www.instagram.com\/povazskemuzeum\/"]},{"@type":"Person","@id":"https:\/\/pmza.sk\/#\/schema\/person\/595e6a2ce731ea94dcd5d7f50a41ae33","name":"Pova\u017esk\u00e9 m\u00fazeum","image":{"@type":"ImageObject","inLanguage":"sk-SK","@id":"https:\/\/secure.gravatar.com\/avatar\/2bb7f1561282132fb5826dfeccc66c7996d11ee392ac6aaf7ced8a1c2027fbb2?s=96&d=mm&r=g","url":"https:\/\/secure.gravatar.com\/avatar\/2bb7f1561282132fb5826dfeccc66c7996d11ee392ac6aaf7ced8a1c2027fbb2?s=96&d=mm&r=g","contentUrl":"https:\/\/secure.gravatar.com\/avatar\/2bb7f1561282132fb5826dfeccc66c7996d11ee392ac6aaf7ced8a1c2027fbb2?s=96&d=mm&r=g","caption":"Pova\u017esk\u00e9 m\u00fazeum"}}]}},"_links":{"self":[{"href":"https:\/\/pmza.sk\/index.php?rest_route=\/wp\/v2\/posts\/7605","targetHints":{"allow":["GET"]}}],"collection":[{"href":"https:\/\/pmza.sk\/index.php?rest_route=\/wp\/v2\/posts"}],"about":[{"href":"https:\/\/pmza.sk\/index.php?rest_route=\/wp\/v2\/types\/post"}],"author":[{"embeddable":true,"href":"https:\/\/pmza.sk\/index.php?rest_route=\/wp\/v2\/users\/2"}],"replies":[{"embeddable":true,"href":"https:\/\/pmza.sk\/index.php?rest_route=%2Fwp%2Fv2%2Fcomments&post=7605"}],"version-history":[{"count":0,"href":"https:\/\/pmza.sk\/index.php?rest_route=\/wp\/v2\/posts\/7605\/revisions"}],"wp:attachment":[{"href":"https:\/\/pmza.sk\/index.php?rest_route=%2Fwp%2Fv2%2Fmedia&parent=7605"}],"wp:term":[{"taxonomy":"category","embeddable":true,"href":"https:\/\/pmza.sk\/index.php?rest_route=%2Fwp%2Fv2%2Fcategories&post=7605"},{"taxonomy":"post_tag","embeddable":true,"href":"https:\/\/pmza.sk\/index.php?rest_route=%2Fwp%2Fv2%2Ftags&post=7605"}],"curies":[{"name":"wp","href":"https:\/\/api.w.org\/{rel}","templated":true}]}}