{"id":7655,"date":"2013-06-24T06:28:00","date_gmt":"2013-06-24T04:28:00","guid":{"rendered":"https:\/\/pmza.sk.sk\/?p=7655"},"modified":"2013-06-24T06:28:00","modified_gmt":"2013-06-24T04:28:00","slug":"ticho-a-krasa-podmorskeho-sveta-na-strecnianskom-hrade","status":"publish","type":"post","link":"https:\/\/pmza.sk\/?p=7655","title":{"rendered":"Ticho a kr\u00e1sa podmorsk\u00e9ho sveta na stre\u010dnianskom hrade"},"content":{"rendered":"<p><a href=\"https:\/\/pmza.sk\/wp-content\/uploads\/2013\/06\/5.jpg\"><img fetchpriority=\"high\" decoding=\"async\" class=\"alignleft size-medium wp-image-7662\" style=\"border: 2px solid black; margin: 4px;\" title=\"5\" src=\"https:\/\/pmza.sk.sk\/wp-content\/uploads\/2013\/06\/5-300x225.jpg\" alt=\"\" width=\"300\" height=\"225\" \/><\/a>Cyklus v\u00fdstav Umenie na hrade Stre\u010dno za\u010d\u00edna svoj XXXI. ro\u010dn\u00edk v\u00fdstavou \u017eilinsk\u00e9ho fotografa, Eduarda Hladk\u00e9ho. V\u00fdstava pod n\u00e1zvom <strong>Mi(a)krosvet ticha<\/strong> je \u010fal\u0161ou v\u00fdstavou z\u00a0cyklu Podmorsk\u00fd svet. \u201e<em>Fotografii ako takej sa Eduard Hladk\u00fd za\u010dal venova\u0165 v\u00a070. rokoch so zameran\u00edm na zachytenie pohybu a\u00a0pohybu svetla. Fotografova\u0165 pod vodou UW (UnderWater) za\u010dal v\u00a0roku 2006 pri rekrea\u010dnom pot\u00e1pan\u00ed. Pou\u017e\u00edva techniku, ktor\u00e1 vyhovuje vysok\u00fdm n\u00e1rokom na kvalitn\u00fa pr\u00e1cu. Pot\u00e1pal sa u\u017e aj v\u00a0Indon\u00e9zii a\u00a0Thajsku, ale najrad\u0161ej sa vracia do \u010cerven\u00e9ho mora pri Egypte, preto\u017ee t\u00fato lokalitu pova\u017euje za podmorsky najzauj\u00edmavej\u0161iu,\u201c<\/em><em> <\/em>uviedol akademick\u00fd maliar a\u00a0kur\u00e1tor v\u00fdstavy, Stano Lajda. <!--more-->Jeho diela up\u00fataj\u00fa pr\u00ed\u0165a\u017elivou farebnos\u0165ou, nev\u0161edn\u00fdm s\u00fazvukom obsahu a\u00a0formy. Fascinuj\u00faci svet pod vodnou hladinou autor prin\u00e1\u0161a aj t\u00fdm, ktor\u00ed sa tejto z\u00e1\u013eube nevenuj\u00fa.<br \/>\nStre\u010dniansky hrad\u00a0 d\u00e1va u\u017e nieko\u013eko rokov priestor na prezent\u00e1ciu s\u00fa\u010dasn\u00e9ho v\u00fdtvarn\u00e9ho umenia regi\u00f3nu. Atrakt\u00edvne a\u00a0z\u00e1rove\u0148 n\u00e1ro\u010dn\u00e9 prostredie hradu hostilo nieko\u013eko v\u00fdznamn\u00fdch v\u00fdtvarn\u00fdch mien. Po predch\u00e1dzaj\u00facej v\u00fdstave Svet ticha (2009), ktor\u00e1 sa\u00a0stretla so z\u00e1ujmom u\u00a0n\u00e1v\u0161tevn\u00edkov, dostal autor op\u00e4tovn\u00fa pr\u00edle\u017eitos\u0165 predstavi\u0165 verejnosti \u010fal\u0161iu autorsk\u00fa v\u00fdstavu. <em>\u201eFotografii sa venujem od roku 1976, ku ktorej ma priviedol m\u00f4j u\u010dite\u013e matematiky Milo\u0161 Rek a nesk\u00f4r som sa zdokona\u013eoval pod veden\u00edm Milana Velik\u00e9ho. S pot\u00e1pan\u00edm som za\u010dal v roku 2006, kedy pri\u0161lo k spojeniu mojich dvoch kon\u00ed\u010dkov \u2013 fotografovanie a\u00a0pot\u00e1panie &#8211; do jedn\u00e9ho: fotografovanie pod vodou. <\/em><em>\u010clovek by mal robi\u0165 to, \u010do ho \u017eiv\u00ed, aby mohol robi\u0165 to, \u010do ho bav\u00ed. A\u00a0presne to pre m\u0148a fotografovanie predstavuje,\u201c <\/em>povedal autor v\u00fdstavy, Eduard Hladk\u00fd.<\/p>\n<p>Vernis\u00e1\u017e k autorskej v\u00fdstave sa uskuto\u010dn\u00ed v\u00a0piatok <strong>28. j\u00fana 2013 o\u00a018.00 hod. na hrade Stre\u010dno v\u00a0Severnom pal\u00e1ci. <\/strong>V\u00fdstava, ktor\u00e1 je v tomto regi\u00f3ne jedine\u010dnou pr\u00e1ve svojou \u201epodvodnou\u201c t\u00e9mou, potrv\u00e1 do 7.8.2013 a bude s\u00fa\u010das\u0165ou prehliadky hradu. Organiz\u00e1torom v\u00fdstavy Mi(a)krosvet ticha je Pova\u017esk\u00e9 m\u00fazeum v\u00a0\u017diline v\u00a0zria\u010fovate\u013eskej p\u00f4sobnosti \u017dilinsk\u00e9ho samospr\u00e1vneho kraja.<\/p>\n","protected":false},"excerpt":{"rendered":"<p>Cyklus v\u00fdstav Umenie na hrade Stre\u010dno za\u010d\u00edna svoj XXXI. ro\u010dn\u00edk v\u00fdstavou \u017eilinsk\u00e9ho fotografa, Eduarda Hladk\u00e9ho. V\u00fdstava pod n\u00e1zvom Mi(a)krosvet ticha je \u010fal\u0161ou v\u00fdstavou z\u00a0cyklu Podmorsk\u00fd svet. \u201eFotografii ako takej sa Eduard Hladk\u00fd za\u010dal venova\u0165 v\u00a070. rokoch so zameran\u00edm na zachytenie pohybu a\u00a0pohybu svetla. Fotografova\u0165 pod vodou UW (UnderWater) za\u010dal v\u00a0roku 2006 pri rekrea\u010dnom pot\u00e1pan\u00ed. Pou\u017e\u00edva [&hellip;]<\/p>\n","protected":false},"author":2,"featured_media":0,"comment_status":"closed","ping_status":"closed","sticky":false,"template":"","format":"standard","meta":{"site-sidebar-layout":"default","site-content-layout":"","ast-site-content-layout":"","site-content-style":"default","site-sidebar-style":"default","ast-global-header-display":"","ast-banner-title-visibility":"","ast-main-header-display":"","ast-hfb-above-header-display":"","ast-hfb-below-header-display":"","ast-hfb-mobile-header-display":"","site-post-title":"","ast-breadcrumbs-content":"","ast-featured-img":"","footer-sml-layout":"","theme-transparent-header-meta":"","adv-header-id-meta":"","stick-header-meta":"","header-above-stick-meta":"","header-main-stick-meta":"","header-below-stick-meta":"","astra-migrate-meta-layouts":"default","ast-page-background-enabled":"default","ast-page-background-meta":{"desktop":{"background-color":"var(--ast-global-color-4)","background-image":"","background-repeat":"repeat","background-position":"center center","background-size":"auto","background-attachment":"scroll","background-type":"","background-media":"","overlay-type":"","overlay-color":"","overlay-opacity":"","overlay-gradient":""},"tablet":{"background-color":"","background-image":"","background-repeat":"repeat","background-position":"center center","background-size":"auto","background-attachment":"scroll","background-type":"","background-media":"","overlay-type":"","overlay-color":"","overlay-opacity":"","overlay-gradient":""},"mobile":{"background-color":"","background-image":"","background-repeat":"repeat","background-position":"center center","background-size":"auto","background-attachment":"scroll","background-type":"","background-media":"","overlay-type":"","overlay-color":"","overlay-opacity":"","overlay-gradient":""}},"ast-content-background-meta":{"desktop":{"background-color":"var(--ast-global-color-5)","background-image":"","background-repeat":"repeat","background-position":"center center","background-size":"auto","background-attachment":"scroll","background-type":"","background-media":"","overlay-type":"","overlay-color":"","overlay-opacity":"","overlay-gradient":""},"tablet":{"background-color":"var(--ast-global-color-5)","background-image":"","background-repeat":"repeat","background-position":"center center","background-size":"auto","background-attachment":"scroll","background-type":"","background-media":"","overlay-type":"","overlay-color":"","overlay-opacity":"","overlay-gradient":""},"mobile":{"background-color":"var(--ast-global-color-5)","background-image":"","background-repeat":"repeat","background-position":"center center","background-size":"auto","background-attachment":"scroll","background-type":"","background-media":"","overlay-type":"","overlay-color":"","overlay-opacity":"","overlay-gradient":""}},"footnotes":""},"categories":[33],"tags":[],"class_list":["post-7655","post","type-post","status-publish","format-standard","hentry","category-archiv-2013"],"yoast_head":"<!-- This site is optimized with the Yoast SEO plugin v27.4 - https:\/\/yoast.com\/product\/yoast-seo-wordpress\/ -->\n<title>Ticho a kr\u00e1sa podmorsk\u00e9ho sveta na stre\u010dnianskom hrade - Pova\u017esk\u00e9 m\u00fazeum<\/title>\n<meta name=\"robots\" content=\"index, follow, max-snippet:-1, max-image-preview:large, max-video-preview:-1\" \/>\n<link rel=\"canonical\" href=\"https:\/\/pmza.sk\/?p=7655\" \/>\n<meta property=\"og:locale\" content=\"sk_SK\" \/>\n<meta property=\"og:type\" content=\"article\" \/>\n<meta property=\"og:title\" content=\"Ticho a kr\u00e1sa podmorsk\u00e9ho sveta na stre\u010dnianskom hrade - Pova\u017esk\u00e9 m\u00fazeum\" \/>\n<meta property=\"og:description\" content=\"Cyklus v\u00fdstav Umenie na hrade Stre\u010dno za\u010d\u00edna svoj XXXI. ro\u010dn\u00edk v\u00fdstavou \u017eilinsk\u00e9ho fotografa, Eduarda Hladk\u00e9ho. V\u00fdstava pod n\u00e1zvom Mi(a)krosvet ticha je \u010fal\u0161ou v\u00fdstavou z\u00a0cyklu Podmorsk\u00fd svet. \u201eFotografii ako takej sa Eduard Hladk\u00fd za\u010dal venova\u0165 v\u00a070. rokoch so zameran\u00edm na zachytenie pohybu a\u00a0pohybu svetla. Fotografova\u0165 pod vodou UW (UnderWater) za\u010dal v\u00a0roku 2006 pri rekrea\u010dnom pot\u00e1pan\u00ed. Pou\u017e\u00edva [&hellip;]\" \/>\n<meta property=\"og:url\" content=\"https:\/\/pmza.sk\/?p=7655\" \/>\n<meta property=\"og:site_name\" content=\"Pova\u017esk\u00e9 m\u00fazeum\" \/>\n<meta property=\"article:publisher\" content=\"https:\/\/www.facebook.com\/povazskemuzeum\" \/>\n<meta property=\"article:published_time\" content=\"2013-06-24T04:28:00+00:00\" \/>\n<meta property=\"og:image\" content=\"https:\/\/pmza.sk.sk\/wp-content\/uploads\/2013\/06\/5-300x225.jpg\" \/>\n<meta name=\"author\" content=\"Pova\u017esk\u00e9 m\u00fazeum\" \/>\n<meta name=\"twitter:card\" content=\"summary_large_image\" \/>\n<meta name=\"twitter:label1\" content=\"Autor\" \/>\n\t<meta name=\"twitter:data1\" content=\"Pova\u017esk\u00e9 m\u00fazeum\" \/>\n\t<meta name=\"twitter:label2\" content=\"Predpokladan\u00fd \u010das \u010d\u00edtania\" \/>\n\t<meta name=\"twitter:data2\" content=\"2 min\u00faty\" \/>\n<script type=\"application\/ld+json\" class=\"yoast-schema-graph\">{\"@context\":\"https:\\\/\\\/schema.org\",\"@graph\":[{\"@type\":\"Article\",\"@id\":\"https:\\\/\\\/pmza.sk\\\/?p=7655#article\",\"isPartOf\":{\"@id\":\"https:\\\/\\\/pmza.sk\\\/?p=7655\"},\"author\":{\"name\":\"Pova\u017esk\u00e9 m\u00fazeum\",\"@id\":\"https:\\\/\\\/pmza.sk\\\/#\\\/schema\\\/person\\\/595e6a2ce731ea94dcd5d7f50a41ae33\"},\"headline\":\"Ticho a kr\u00e1sa podmorsk\u00e9ho sveta na stre\u010dnianskom hrade\",\"datePublished\":\"2013-06-24T04:28:00+00:00\",\"mainEntityOfPage\":{\"@id\":\"https:\\\/\\\/pmza.sk\\\/?p=7655\"},\"wordCount\":412,\"publisher\":{\"@id\":\"https:\\\/\\\/pmza.sk\\\/#organization\"},\"image\":{\"@id\":\"https:\\\/\\\/pmza.sk\\\/?p=7655#primaryimage\"},\"thumbnailUrl\":\"http:\\\/\\\/pmza.sk.sk\\\/wp-content\\\/uploads\\\/2013\\\/06\\\/5-300x225.jpg\",\"articleSection\":[\"Arch\u00edv 2013\"],\"inLanguage\":\"sk-SK\"},{\"@type\":\"WebPage\",\"@id\":\"https:\\\/\\\/pmza.sk\\\/?p=7655\",\"url\":\"https:\\\/\\\/pmza.sk\\\/?p=7655\",\"name\":\"Ticho a kr\u00e1sa podmorsk\u00e9ho sveta na stre\u010dnianskom hrade - Pova\u017esk\u00e9 m\u00fazeum\",\"isPartOf\":{\"@id\":\"https:\\\/\\\/pmza.sk\\\/#website\"},\"primaryImageOfPage\":{\"@id\":\"https:\\\/\\\/pmza.sk\\\/?p=7655#primaryimage\"},\"image\":{\"@id\":\"https:\\\/\\\/pmza.sk\\\/?p=7655#primaryimage\"},\"thumbnailUrl\":\"http:\\\/\\\/pmza.sk.sk\\\/wp-content\\\/uploads\\\/2013\\\/06\\\/5-300x225.jpg\",\"datePublished\":\"2013-06-24T04:28:00+00:00\",\"breadcrumb\":{\"@id\":\"https:\\\/\\\/pmza.sk\\\/?p=7655#breadcrumb\"},\"inLanguage\":\"sk-SK\",\"potentialAction\":[{\"@type\":\"ReadAction\",\"target\":[\"https:\\\/\\\/pmza.sk\\\/?p=7655\"]}]},{\"@type\":\"ImageObject\",\"inLanguage\":\"sk-SK\",\"@id\":\"https:\\\/\\\/pmza.sk\\\/?p=7655#primaryimage\",\"url\":\"http:\\\/\\\/pmza.sk.sk\\\/wp-content\\\/uploads\\\/2013\\\/06\\\/5-300x225.jpg\",\"contentUrl\":\"http:\\\/\\\/pmza.sk.sk\\\/wp-content\\\/uploads\\\/2013\\\/06\\\/5-300x225.jpg\"},{\"@type\":\"BreadcrumbList\",\"@id\":\"https:\\\/\\\/pmza.sk\\\/?p=7655#breadcrumb\",\"itemListElement\":[{\"@type\":\"ListItem\",\"position\":1,\"name\":\"Domovsk\u00e1 str\u00e1nka\",\"item\":\"https:\\\/\\\/pmza.sk\\\/\"},{\"@type\":\"ListItem\",\"position\":2,\"name\":\"Ticho a kr\u00e1sa podmorsk\u00e9ho sveta na stre\u010dnianskom hrade\"}]},{\"@type\":\"WebSite\",\"@id\":\"https:\\\/\\\/pmza.sk\\\/#website\",\"url\":\"https:\\\/\\\/pmza.sk\\\/\",\"name\":\"Pova\u017esk\u00e9 m\u00fazeum\",\"description\":\"Pova\u017esk\u00e9 m\u00fazeum v \u017diline je region\u00e1lne m\u00fazeum so s\u00eddlom v Budat\u00edne. Jeho expoz\u00edcie s\u00fa zameran\u00e9 na dejiny slovensk\u00e9ho umenia, kult\u00fary a dopravy.\",\"publisher\":{\"@id\":\"https:\\\/\\\/pmza.sk\\\/#organization\"},\"potentialAction\":[{\"@type\":\"SearchAction\",\"target\":{\"@type\":\"EntryPoint\",\"urlTemplate\":\"https:\\\/\\\/pmza.sk\\\/?s={search_term_string}\"},\"query-input\":{\"@type\":\"PropertyValueSpecification\",\"valueRequired\":true,\"valueName\":\"search_term_string\"}}],\"inLanguage\":\"sk-SK\"},{\"@type\":\"Organization\",\"@id\":\"https:\\\/\\\/pmza.sk\\\/#organization\",\"name\":\"Pova\u017esk\u00e9 m\u00fazeum\",\"url\":\"https:\\\/\\\/pmza.sk\\\/\",\"logo\":{\"@type\":\"ImageObject\",\"inLanguage\":\"sk-SK\",\"@id\":\"https:\\\/\\\/pmza.sk\\\/#\\\/schema\\\/logo\\\/image\\\/\",\"url\":\"https:\\\/\\\/pmza.sk\\\/wp-content\\\/uploads\\\/2022\\\/01\\\/logo_PM_horizontal.jpg\",\"contentUrl\":\"https:\\\/\\\/pmza.sk\\\/wp-content\\\/uploads\\\/2022\\\/01\\\/logo_PM_horizontal.jpg\",\"width\":231,\"height\":142,\"caption\":\"Pova\u017esk\u00e9 m\u00fazeum\"},\"image\":{\"@id\":\"https:\\\/\\\/pmza.sk\\\/#\\\/schema\\\/logo\\\/image\\\/\"},\"sameAs\":[\"https:\\\/\\\/www.facebook.com\\\/povazskemuzeum\",\"https:\\\/\\\/www.instagram.com\\\/povazskemuzeum\\\/\"]},{\"@type\":\"Person\",\"@id\":\"https:\\\/\\\/pmza.sk\\\/#\\\/schema\\\/person\\\/595e6a2ce731ea94dcd5d7f50a41ae33\",\"name\":\"Pova\u017esk\u00e9 m\u00fazeum\",\"image\":{\"@type\":\"ImageObject\",\"inLanguage\":\"sk-SK\",\"@id\":\"https:\\\/\\\/secure.gravatar.com\\\/avatar\\\/2bb7f1561282132fb5826dfeccc66c7996d11ee392ac6aaf7ced8a1c2027fbb2?s=96&d=mm&r=g\",\"url\":\"https:\\\/\\\/secure.gravatar.com\\\/avatar\\\/2bb7f1561282132fb5826dfeccc66c7996d11ee392ac6aaf7ced8a1c2027fbb2?s=96&d=mm&r=g\",\"contentUrl\":\"https:\\\/\\\/secure.gravatar.com\\\/avatar\\\/2bb7f1561282132fb5826dfeccc66c7996d11ee392ac6aaf7ced8a1c2027fbb2?s=96&d=mm&r=g\",\"caption\":\"Pova\u017esk\u00e9 m\u00fazeum\"}}]}<\/script>\n<!-- \/ Yoast SEO plugin. -->","yoast_head_json":{"title":"Ticho a kr\u00e1sa podmorsk\u00e9ho sveta na stre\u010dnianskom hrade - Pova\u017esk\u00e9 m\u00fazeum","robots":{"index":"index","follow":"follow","max-snippet":"max-snippet:-1","max-image-preview":"max-image-preview:large","max-video-preview":"max-video-preview:-1"},"canonical":"https:\/\/pmza.sk\/?p=7655","og_locale":"sk_SK","og_type":"article","og_title":"Ticho a kr\u00e1sa podmorsk\u00e9ho sveta na stre\u010dnianskom hrade - Pova\u017esk\u00e9 m\u00fazeum","og_description":"Cyklus v\u00fdstav Umenie na hrade Stre\u010dno za\u010d\u00edna svoj XXXI. ro\u010dn\u00edk v\u00fdstavou \u017eilinsk\u00e9ho fotografa, Eduarda Hladk\u00e9ho. V\u00fdstava pod n\u00e1zvom Mi(a)krosvet ticha je \u010fal\u0161ou v\u00fdstavou z\u00a0cyklu Podmorsk\u00fd svet. \u201eFotografii ako takej sa Eduard Hladk\u00fd za\u010dal venova\u0165 v\u00a070. rokoch so zameran\u00edm na zachytenie pohybu a\u00a0pohybu svetla. Fotografova\u0165 pod vodou UW (UnderWater) za\u010dal v\u00a0roku 2006 pri rekrea\u010dnom pot\u00e1pan\u00ed. Pou\u017e\u00edva [&hellip;]","og_url":"https:\/\/pmza.sk\/?p=7655","og_site_name":"Pova\u017esk\u00e9 m\u00fazeum","article_publisher":"https:\/\/www.facebook.com\/povazskemuzeum","article_published_time":"2013-06-24T04:28:00+00:00","og_image":[{"url":"https:\/\/pmza.sk.sk\/wp-content\/uploads\/2013\/06\/5-300x225.jpg","type":"","width":"","height":""}],"author":"Pova\u017esk\u00e9 m\u00fazeum","twitter_card":"summary_large_image","twitter_misc":{"Autor":"Pova\u017esk\u00e9 m\u00fazeum","Predpokladan\u00fd \u010das \u010d\u00edtania":"2 min\u00faty"},"schema":{"@context":"https:\/\/schema.org","@graph":[{"@type":"Article","@id":"https:\/\/pmza.sk\/?p=7655#article","isPartOf":{"@id":"https:\/\/pmza.sk\/?p=7655"},"author":{"name":"Pova\u017esk\u00e9 m\u00fazeum","@id":"https:\/\/pmza.sk\/#\/schema\/person\/595e6a2ce731ea94dcd5d7f50a41ae33"},"headline":"Ticho a kr\u00e1sa podmorsk\u00e9ho sveta na stre\u010dnianskom hrade","datePublished":"2013-06-24T04:28:00+00:00","mainEntityOfPage":{"@id":"https:\/\/pmza.sk\/?p=7655"},"wordCount":412,"publisher":{"@id":"https:\/\/pmza.sk\/#organization"},"image":{"@id":"https:\/\/pmza.sk\/?p=7655#primaryimage"},"thumbnailUrl":"https:\/\/pmza.sk.sk\/wp-content\/uploads\/2013\/06\/5-300x225.jpg","articleSection":["Arch\u00edv 2013"],"inLanguage":"sk-SK"},{"@type":"WebPage","@id":"https:\/\/pmza.sk\/?p=7655","url":"https:\/\/pmza.sk\/?p=7655","name":"Ticho a kr\u00e1sa podmorsk\u00e9ho sveta na stre\u010dnianskom hrade - Pova\u017esk\u00e9 m\u00fazeum","isPartOf":{"@id":"https:\/\/pmza.sk\/#website"},"primaryImageOfPage":{"@id":"https:\/\/pmza.sk\/?p=7655#primaryimage"},"image":{"@id":"https:\/\/pmza.sk\/?p=7655#primaryimage"},"thumbnailUrl":"https:\/\/pmza.sk.sk\/wp-content\/uploads\/2013\/06\/5-300x225.jpg","datePublished":"2013-06-24T04:28:00+00:00","breadcrumb":{"@id":"https:\/\/pmza.sk\/?p=7655#breadcrumb"},"inLanguage":"sk-SK","potentialAction":[{"@type":"ReadAction","target":["https:\/\/pmza.sk\/?p=7655"]}]},{"@type":"ImageObject","inLanguage":"sk-SK","@id":"https:\/\/pmza.sk\/?p=7655#primaryimage","url":"https:\/\/pmza.sk.sk\/wp-content\/uploads\/2013\/06\/5-300x225.jpg","contentUrl":"https:\/\/pmza.sk.sk\/wp-content\/uploads\/2013\/06\/5-300x225.jpg"},{"@type":"BreadcrumbList","@id":"https:\/\/pmza.sk\/?p=7655#breadcrumb","itemListElement":[{"@type":"ListItem","position":1,"name":"Domovsk\u00e1 str\u00e1nka","item":"https:\/\/pmza.sk\/"},{"@type":"ListItem","position":2,"name":"Ticho a kr\u00e1sa podmorsk\u00e9ho sveta na stre\u010dnianskom hrade"}]},{"@type":"WebSite","@id":"https:\/\/pmza.sk\/#website","url":"https:\/\/pmza.sk\/","name":"Pova\u017esk\u00e9 m\u00fazeum","description":"Pova\u017esk\u00e9 m\u00fazeum v \u017diline je region\u00e1lne m\u00fazeum so s\u00eddlom v Budat\u00edne. Jeho expoz\u00edcie s\u00fa zameran\u00e9 na dejiny slovensk\u00e9ho umenia, kult\u00fary a dopravy.","publisher":{"@id":"https:\/\/pmza.sk\/#organization"},"potentialAction":[{"@type":"SearchAction","target":{"@type":"EntryPoint","urlTemplate":"https:\/\/pmza.sk\/?s={search_term_string}"},"query-input":{"@type":"PropertyValueSpecification","valueRequired":true,"valueName":"search_term_string"}}],"inLanguage":"sk-SK"},{"@type":"Organization","@id":"https:\/\/pmza.sk\/#organization","name":"Pova\u017esk\u00e9 m\u00fazeum","url":"https:\/\/pmza.sk\/","logo":{"@type":"ImageObject","inLanguage":"sk-SK","@id":"https:\/\/pmza.sk\/#\/schema\/logo\/image\/","url":"https:\/\/pmza.sk\/wp-content\/uploads\/2022\/01\/logo_PM_horizontal.jpg","contentUrl":"https:\/\/pmza.sk\/wp-content\/uploads\/2022\/01\/logo_PM_horizontal.jpg","width":231,"height":142,"caption":"Pova\u017esk\u00e9 m\u00fazeum"},"image":{"@id":"https:\/\/pmza.sk\/#\/schema\/logo\/image\/"},"sameAs":["https:\/\/www.facebook.com\/povazskemuzeum","https:\/\/www.instagram.com\/povazskemuzeum\/"]},{"@type":"Person","@id":"https:\/\/pmza.sk\/#\/schema\/person\/595e6a2ce731ea94dcd5d7f50a41ae33","name":"Pova\u017esk\u00e9 m\u00fazeum","image":{"@type":"ImageObject","inLanguage":"sk-SK","@id":"https:\/\/secure.gravatar.com\/avatar\/2bb7f1561282132fb5826dfeccc66c7996d11ee392ac6aaf7ced8a1c2027fbb2?s=96&d=mm&r=g","url":"https:\/\/secure.gravatar.com\/avatar\/2bb7f1561282132fb5826dfeccc66c7996d11ee392ac6aaf7ced8a1c2027fbb2?s=96&d=mm&r=g","contentUrl":"https:\/\/secure.gravatar.com\/avatar\/2bb7f1561282132fb5826dfeccc66c7996d11ee392ac6aaf7ced8a1c2027fbb2?s=96&d=mm&r=g","caption":"Pova\u017esk\u00e9 m\u00fazeum"}}]}},"_links":{"self":[{"href":"https:\/\/pmza.sk\/index.php?rest_route=\/wp\/v2\/posts\/7655","targetHints":{"allow":["GET"]}}],"collection":[{"href":"https:\/\/pmza.sk\/index.php?rest_route=\/wp\/v2\/posts"}],"about":[{"href":"https:\/\/pmza.sk\/index.php?rest_route=\/wp\/v2\/types\/post"}],"author":[{"embeddable":true,"href":"https:\/\/pmza.sk\/index.php?rest_route=\/wp\/v2\/users\/2"}],"replies":[{"embeddable":true,"href":"https:\/\/pmza.sk\/index.php?rest_route=%2Fwp%2Fv2%2Fcomments&post=7655"}],"version-history":[{"count":0,"href":"https:\/\/pmza.sk\/index.php?rest_route=\/wp\/v2\/posts\/7655\/revisions"}],"wp:attachment":[{"href":"https:\/\/pmza.sk\/index.php?rest_route=%2Fwp%2Fv2%2Fmedia&parent=7655"}],"wp:term":[{"taxonomy":"category","embeddable":true,"href":"https:\/\/pmza.sk\/index.php?rest_route=%2Fwp%2Fv2%2Fcategories&post=7655"},{"taxonomy":"post_tag","embeddable":true,"href":"https:\/\/pmza.sk\/index.php?rest_route=%2Fwp%2Fv2%2Ftags&post=7655"}],"curies":[{"name":"wp","href":"https:\/\/api.w.org\/{rel}","templated":true}]}}