{"id":7659,"date":"2013-06-24T06:31:46","date_gmt":"2013-06-24T04:31:46","guid":{"rendered":"https:\/\/pmza.sk.sk\/?p=7659"},"modified":"2013-06-24T06:31:46","modified_gmt":"2013-06-24T04:31:46","slug":"drotarsky-festival-v-znameni-velkeho-vyrocia","status":"publish","type":"post","link":"https:\/\/pmza.sk\/?p=7659","title":{"rendered":"Drot\u00e1rsky festival v znamen\u00ed ve\u013ek\u00e9ho v\u00fdro\u010dia"},"content":{"rendered":"<p><a href=\"https:\/\/pmza.sk\/wp-content\/uploads\/2013\/06\/festival-098.jpg\"><img fetchpriority=\"high\" decoding=\"async\" class=\"alignleft size-medium wp-image-7660\" style=\"border: 2px solid black; margin: 4px;\" title=\"festival 098\" src=\"https:\/\/pmza.sk.sk\/wp-content\/uploads\/2013\/06\/festival-098-200x300.jpg\" alt=\"\" width=\"200\" height=\"300\" \/><\/a>\u010eal\u0161\u00ed ro\u010dn\u00edk jedine\u010dn\u00e9ho medzin\u00e1rodn\u00e9ho podujatia na Slovensku \u2013 \u00a0<strong>Festival drot\u00e1rstva 2013<\/strong> \u2013 sa po roku op\u00e4\u0165 vracia do regi\u00f3nu, pre ktor\u00fd\u00a0je fenom\u00e9n drot\u00e1rstva tak \u0161pecifick\u00fd. Pova\u017esk\u00e9 m\u00fazeum v\u00a0\u017diline, ktor\u00e9 sa ako jedin\u00e9 svojho druhu m\u00f4\u017ee p\u00fd\u0161i\u0165 jedine\u010dnou expoz\u00edciou drot\u00e1rstva v\u00a0are\u00e1li Budat\u00ednskeho hradu, u\u017e nieko\u013eko rokov tento festival organizuje. <em>\u201eAj tento rok o\u010dak\u00e1vame ve\u013ek\u00fa \u00fa\u010das\u0165 remeseln\u00edkov a\u00a0v\u00fdtvarn\u00edkov, ktor\u00ed akt\u00edvne pracuj\u00fa s\u00a0dr\u00f4tom zo Slovenska, \u010ciech a\u00a0Moravy. Pre n\u00e1v\u0161tevn\u00edkov sme pripravili bohat\u00fd program rozvrhnut\u00fd na tri dni, ktor\u00fd sa bude realizova\u0165 v\u00a0troch hlavn\u00fdch centr\u00e1ch drot\u00e1rstva \u2013 v\u00a0Sob\u00e1\u0161nom pal\u00e1ci v\u00a0Byt\u010di, v\u00a0Dlhom Poli a\u00a0v\u00a0are\u00e1li Budat\u00ednskeho hradu formou viacer\u00fdch, s\u00fabe\u017ene prebiehaj\u00facich, aktiv\u00edt,\u201c<\/em> povedala Katar\u00edna Hallonov\u00e1, histori\u010dka drot\u00e1rstva a\u00a0organiz\u00e1torka podujatia.<!--more--> Stretnutie drot\u00e1rskych majstrov sa ka\u017ed\u00fd rok te\u0161\u00ed \u010doraz v\u00e4\u010d\u0161ej ob\u013eube. V\u00fdstavy, tvoriv\u00e9 dielne, semin\u00e1re, prezent\u00e1cie filmov, \u0161kola dr\u00f4tovania \u010di detsk\u00fd k\u00fatik je len zlomok toho, \u010do v\u0161etko na n\u00e1v\u0161tevn\u00edkov \u010dak\u00e1. Tohtoro\u010dn\u00e9 podujatie je venovan\u00e9 dvom v\u00fdznamn\u00fdm drot\u00e1rskym osobnostiam \u2013 dlhopo\u013esk\u00e9mu rod\u00e1kovi Jozefovi Hol\u00e1nikovi a\u00a0150. v\u00fdro\u010diu jeho narodenia a\u00a0Ladislavovi Jurovat\u00e9mu a\u00a0jeho nedo\u017eit\u00fdm 90. narodenin\u00e1m. <em>\u201eV sobotu 29. j\u00fana bude v\u00a0r\u00e1mci festivalov\u00e9ho programu v\u00a0Dlhom poli dokon\u010den\u00fd minuloro\u010dn\u00fd projekt Srdce pre Slovensko. Umeleck\u00fd remeseln\u00edk a\u00a0pravnuk Jozefa Hol\u00e1nika, Juraj \u0160er\u00edk, za\u010dal tento projekt s\u00a0cie\u013eom spoji\u0165 \u013eud\u00ed dobrej v\u00f4le pri pr\u00e1ci na dr\u00f4tenom srdci zhotovenom \u0161peci\u00e1lnou drot\u00e1rskou technikou, ktor\u00fa do remesla priniesol majster Hol\u00e1nik. Autor projektu ho koncom roka odovzdan\u00edm do r\u00fak niektor\u00e9ho z\u00a0ofici\u00e1lnych predstavite\u013eov \u0161t\u00e1tu symbolicky daruje Slovenskej republike,\u201c<\/em> uviedla Katar\u00edna Hallonov\u00e1.<br \/>\nTento ro\u010dn\u00edk Festivalu drot\u00e1rstva v\u0161ak bude tie\u017e v\u00fdnimo\u010dn\u00fd v\u00fdstavou Premeny dr\u00f4tu \u00b413. V\u00a0porad\u00ed 7. trien\u00e1le medzin\u00e1rodnej prehliadky pr\u00e1c s\u00fa\u010dasn\u00fdch \u013eudov\u00fdch a\u00a0umeleck\u00fdch remeseln\u00edkov a\u00a0v\u00fdtvarn\u00edkov pracuj\u00facich s\u00a0dr\u00f4tom, je najv\u00fdznamnej\u0161ou sprievodnou akciou festivalu. <em>\u201eProstredn\u00edctvom osobit\u00fdch tvoriv\u00fdch aktiv\u00edt pre deti a\u00a0ml\u00e1de\u017e sa sna\u017e\u00edme podporova\u0165 tradi\u010dn\u00e9 remeseln\u00e9 zru\u010dnosti, vzbudi\u0165 v\u00a0nich \u00factu k\u00a0ru\u010dnej pr\u00e1ci a\u00a0prinies\u0165 ich k\u00a0tvoriv\u00e9mu tr\u00e1veniu vo\u013en\u00e9ho \u010dasu. Vzh\u013eadom na medzin\u00e1rodn\u00fd charakter podujatia tie\u017e propagujeme hist\u00f3riu a\u00a0kult\u00farne trad\u00edcie Slovenska v\u00a0zahrani\u010d\u00ed,\u201c<\/em> dodal na z\u00e1ver Ladislav Cimer\u00e1k, riadite\u013e Pova\u017esk\u00e9ho m\u00fazea v\u00a0\u017diline.<strong><br \/>\nFestival drot\u00e1rstva 2013 a XXIII. ro\u010dn\u00edk stretnutia drot\u00e1rskych majstrov <\/strong>sa uskuto\u010dn\u00ed v\u00a0d\u0148och <strong>28. a\u017e 30. j\u00fana 2013 v\u00a0Sob\u00e1\u0161nom pal\u00e1ci v\u00a0Byt\u010di, v\u00a0obci Dlh\u00e9 Pole a\u00a0v\u00a0are\u00e1li Budat\u00ednskeho hradu.<\/strong> Vernis\u00e1\u017e v\u00fdstavy Premeny dr\u00f4tu \u00b413 bude v\u00a0piatok <strong>28. j\u00fana 2013 v\u00a0Sob\u00e1\u0161nym pal\u00e1ci v\u00a0Byt\u010di.<\/strong> Organiz\u00e1tormi podujatia s\u00fa Pova\u017esk\u00e9 m\u00fazeum v\u00a0\u017diline v\u00a0zria\u010fovate\u013eskej p\u00f4sobnosti \u017dilinsk\u00e9ho samospr\u00e1vneho kraja v\u00a0spolupr\u00e1ci s obcou Dlh\u00e9 Pole. Projekt sa uskuto\u010dn\u00ed s\u00a0finan\u010dnou podporou Ministerstva kult\u00fary Slovenskej republiky.<\/p>\n","protected":false},"excerpt":{"rendered":"<p>\u010eal\u0161\u00ed ro\u010dn\u00edk jedine\u010dn\u00e9ho medzin\u00e1rodn\u00e9ho podujatia na Slovensku \u2013 \u00a0Festival drot\u00e1rstva 2013 \u2013 sa po roku op\u00e4\u0165 vracia do regi\u00f3nu, pre ktor\u00fd\u00a0je fenom\u00e9n drot\u00e1rstva tak \u0161pecifick\u00fd. Pova\u017esk\u00e9 m\u00fazeum v\u00a0\u017diline, ktor\u00e9 sa ako jedin\u00e9 svojho druhu m\u00f4\u017ee p\u00fd\u0161i\u0165 jedine\u010dnou expoz\u00edciou drot\u00e1rstva v\u00a0are\u00e1li Budat\u00ednskeho hradu, u\u017e nieko\u013eko rokov tento festival organizuje. \u201eAj tento rok o\u010dak\u00e1vame ve\u013ek\u00fa \u00fa\u010das\u0165 remeseln\u00edkov [&hellip;]<\/p>\n","protected":false},"author":2,"featured_media":0,"comment_status":"closed","ping_status":"closed","sticky":false,"template":"","format":"standard","meta":{"site-sidebar-layout":"default","site-content-layout":"","ast-site-content-layout":"","site-content-style":"default","site-sidebar-style":"default","ast-global-header-display":"","ast-banner-title-visibility":"","ast-main-header-display":"","ast-hfb-above-header-display":"","ast-hfb-below-header-display":"","ast-hfb-mobile-header-display":"","site-post-title":"","ast-breadcrumbs-content":"","ast-featured-img":"","footer-sml-layout":"","theme-transparent-header-meta":"","adv-header-id-meta":"","stick-header-meta":"","header-above-stick-meta":"","header-main-stick-meta":"","header-below-stick-meta":"","astra-migrate-meta-layouts":"default","ast-page-background-enabled":"default","ast-page-background-meta":{"desktop":{"background-color":"var(--ast-global-color-4)","background-image":"","background-repeat":"repeat","background-position":"center center","background-size":"auto","background-attachment":"scroll","background-type":"","background-media":"","overlay-type":"","overlay-color":"","overlay-opacity":"","overlay-gradient":""},"tablet":{"background-color":"","background-image":"","background-repeat":"repeat","background-position":"center center","background-size":"auto","background-attachment":"scroll","background-type":"","background-media":"","overlay-type":"","overlay-color":"","overlay-opacity":"","overlay-gradient":""},"mobile":{"background-color":"","background-image":"","background-repeat":"repeat","background-position":"center center","background-size":"auto","background-attachment":"scroll","background-type":"","background-media":"","overlay-type":"","overlay-color":"","overlay-opacity":"","overlay-gradient":""}},"ast-content-background-meta":{"desktop":{"background-color":"var(--ast-global-color-5)","background-image":"","background-repeat":"repeat","background-position":"center center","background-size":"auto","background-attachment":"scroll","background-type":"","background-media":"","overlay-type":"","overlay-color":"","overlay-opacity":"","overlay-gradient":""},"tablet":{"background-color":"var(--ast-global-color-5)","background-image":"","background-repeat":"repeat","background-position":"center center","background-size":"auto","background-attachment":"scroll","background-type":"","background-media":"","overlay-type":"","overlay-color":"","overlay-opacity":"","overlay-gradient":""},"mobile":{"background-color":"var(--ast-global-color-5)","background-image":"","background-repeat":"repeat","background-position":"center center","background-size":"auto","background-attachment":"scroll","background-type":"","background-media":"","overlay-type":"","overlay-color":"","overlay-opacity":"","overlay-gradient":""}},"footnotes":""},"categories":[33],"tags":[],"class_list":["post-7659","post","type-post","status-publish","format-standard","hentry","category-archiv-2013"],"yoast_head":"<!-- This site is optimized with the Yoast SEO plugin v27.4 - https:\/\/yoast.com\/product\/yoast-seo-wordpress\/ -->\n<title>Drot\u00e1rsky festival v znamen\u00ed ve\u013ek\u00e9ho v\u00fdro\u010dia - Pova\u017esk\u00e9 m\u00fazeum<\/title>\n<meta name=\"robots\" content=\"index, follow, max-snippet:-1, max-image-preview:large, max-video-preview:-1\" \/>\n<link rel=\"canonical\" href=\"https:\/\/pmza.sk\/?p=7659\" \/>\n<meta property=\"og:locale\" content=\"sk_SK\" \/>\n<meta property=\"og:type\" content=\"article\" \/>\n<meta property=\"og:title\" content=\"Drot\u00e1rsky festival v znamen\u00ed ve\u013ek\u00e9ho v\u00fdro\u010dia - Pova\u017esk\u00e9 m\u00fazeum\" \/>\n<meta property=\"og:description\" content=\"\u010eal\u0161\u00ed ro\u010dn\u00edk jedine\u010dn\u00e9ho medzin\u00e1rodn\u00e9ho podujatia na Slovensku \u2013 \u00a0Festival drot\u00e1rstva 2013 \u2013 sa po roku op\u00e4\u0165 vracia do regi\u00f3nu, pre ktor\u00fd\u00a0je fenom\u00e9n drot\u00e1rstva tak \u0161pecifick\u00fd. Pova\u017esk\u00e9 m\u00fazeum v\u00a0\u017diline, ktor\u00e9 sa ako jedin\u00e9 svojho druhu m\u00f4\u017ee p\u00fd\u0161i\u0165 jedine\u010dnou expoz\u00edciou drot\u00e1rstva v\u00a0are\u00e1li Budat\u00ednskeho hradu, u\u017e nieko\u013eko rokov tento festival organizuje. \u201eAj tento rok o\u010dak\u00e1vame ve\u013ek\u00fa \u00fa\u010das\u0165 remeseln\u00edkov [&hellip;]\" \/>\n<meta property=\"og:url\" content=\"https:\/\/pmza.sk\/?p=7659\" \/>\n<meta property=\"og:site_name\" content=\"Pova\u017esk\u00e9 m\u00fazeum\" \/>\n<meta property=\"article:publisher\" content=\"https:\/\/www.facebook.com\/povazskemuzeum\" \/>\n<meta property=\"article:published_time\" content=\"2013-06-24T04:31:46+00:00\" \/>\n<meta property=\"og:image\" content=\"https:\/\/pmza.sk.sk\/wp-content\/uploads\/2013\/06\/festival-098-200x300.jpg\" \/>\n<meta name=\"author\" content=\"Pova\u017esk\u00e9 m\u00fazeum\" \/>\n<meta name=\"twitter:card\" content=\"summary_large_image\" \/>\n<meta name=\"twitter:label1\" content=\"Autor\" \/>\n\t<meta name=\"twitter:data1\" content=\"Pova\u017esk\u00e9 m\u00fazeum\" \/>\n\t<meta name=\"twitter:label2\" content=\"Predpokladan\u00fd \u010das \u010d\u00edtania\" \/>\n\t<meta name=\"twitter:data2\" content=\"3 min\u00faty\" \/>\n<script type=\"application\/ld+json\" class=\"yoast-schema-graph\">{\"@context\":\"https:\\\/\\\/schema.org\",\"@graph\":[{\"@type\":\"Article\",\"@id\":\"https:\\\/\\\/pmza.sk\\\/?p=7659#article\",\"isPartOf\":{\"@id\":\"https:\\\/\\\/pmza.sk\\\/?p=7659\"},\"author\":{\"name\":\"Pova\u017esk\u00e9 m\u00fazeum\",\"@id\":\"https:\\\/\\\/pmza.sk\\\/#\\\/schema\\\/person\\\/595e6a2ce731ea94dcd5d7f50a41ae33\"},\"headline\":\"Drot\u00e1rsky festival v znamen\u00ed ve\u013ek\u00e9ho v\u00fdro\u010dia\",\"datePublished\":\"2013-06-24T04:31:46+00:00\",\"mainEntityOfPage\":{\"@id\":\"https:\\\/\\\/pmza.sk\\\/?p=7659\"},\"wordCount\":574,\"publisher\":{\"@id\":\"https:\\\/\\\/pmza.sk\\\/#organization\"},\"image\":{\"@id\":\"https:\\\/\\\/pmza.sk\\\/?p=7659#primaryimage\"},\"thumbnailUrl\":\"http:\\\/\\\/pmza.sk.sk\\\/wp-content\\\/uploads\\\/2013\\\/06\\\/festival-098-200x300.jpg\",\"articleSection\":[\"Arch\u00edv 2013\"],\"inLanguage\":\"sk-SK\"},{\"@type\":\"WebPage\",\"@id\":\"https:\\\/\\\/pmza.sk\\\/?p=7659\",\"url\":\"https:\\\/\\\/pmza.sk\\\/?p=7659\",\"name\":\"Drot\u00e1rsky festival v znamen\u00ed ve\u013ek\u00e9ho v\u00fdro\u010dia - Pova\u017esk\u00e9 m\u00fazeum\",\"isPartOf\":{\"@id\":\"https:\\\/\\\/pmza.sk\\\/#website\"},\"primaryImageOfPage\":{\"@id\":\"https:\\\/\\\/pmza.sk\\\/?p=7659#primaryimage\"},\"image\":{\"@id\":\"https:\\\/\\\/pmza.sk\\\/?p=7659#primaryimage\"},\"thumbnailUrl\":\"http:\\\/\\\/pmza.sk.sk\\\/wp-content\\\/uploads\\\/2013\\\/06\\\/festival-098-200x300.jpg\",\"datePublished\":\"2013-06-24T04:31:46+00:00\",\"breadcrumb\":{\"@id\":\"https:\\\/\\\/pmza.sk\\\/?p=7659#breadcrumb\"},\"inLanguage\":\"sk-SK\",\"potentialAction\":[{\"@type\":\"ReadAction\",\"target\":[\"https:\\\/\\\/pmza.sk\\\/?p=7659\"]}]},{\"@type\":\"ImageObject\",\"inLanguage\":\"sk-SK\",\"@id\":\"https:\\\/\\\/pmza.sk\\\/?p=7659#primaryimage\",\"url\":\"http:\\\/\\\/pmza.sk.sk\\\/wp-content\\\/uploads\\\/2013\\\/06\\\/festival-098-200x300.jpg\",\"contentUrl\":\"http:\\\/\\\/pmza.sk.sk\\\/wp-content\\\/uploads\\\/2013\\\/06\\\/festival-098-200x300.jpg\"},{\"@type\":\"BreadcrumbList\",\"@id\":\"https:\\\/\\\/pmza.sk\\\/?p=7659#breadcrumb\",\"itemListElement\":[{\"@type\":\"ListItem\",\"position\":1,\"name\":\"Domovsk\u00e1 str\u00e1nka\",\"item\":\"https:\\\/\\\/pmza.sk\\\/\"},{\"@type\":\"ListItem\",\"position\":2,\"name\":\"Drot\u00e1rsky festival v znamen\u00ed ve\u013ek\u00e9ho v\u00fdro\u010dia\"}]},{\"@type\":\"WebSite\",\"@id\":\"https:\\\/\\\/pmza.sk\\\/#website\",\"url\":\"https:\\\/\\\/pmza.sk\\\/\",\"name\":\"Pova\u017esk\u00e9 m\u00fazeum\",\"description\":\"Pova\u017esk\u00e9 m\u00fazeum v \u017diline je region\u00e1lne m\u00fazeum so s\u00eddlom v Budat\u00edne. Jeho expoz\u00edcie s\u00fa zameran\u00e9 na dejiny slovensk\u00e9ho umenia, kult\u00fary a dopravy.\",\"publisher\":{\"@id\":\"https:\\\/\\\/pmza.sk\\\/#organization\"},\"potentialAction\":[{\"@type\":\"SearchAction\",\"target\":{\"@type\":\"EntryPoint\",\"urlTemplate\":\"https:\\\/\\\/pmza.sk\\\/?s={search_term_string}\"},\"query-input\":{\"@type\":\"PropertyValueSpecification\",\"valueRequired\":true,\"valueName\":\"search_term_string\"}}],\"inLanguage\":\"sk-SK\"},{\"@type\":\"Organization\",\"@id\":\"https:\\\/\\\/pmza.sk\\\/#organization\",\"name\":\"Pova\u017esk\u00e9 m\u00fazeum\",\"url\":\"https:\\\/\\\/pmza.sk\\\/\",\"logo\":{\"@type\":\"ImageObject\",\"inLanguage\":\"sk-SK\",\"@id\":\"https:\\\/\\\/pmza.sk\\\/#\\\/schema\\\/logo\\\/image\\\/\",\"url\":\"https:\\\/\\\/pmza.sk\\\/wp-content\\\/uploads\\\/2022\\\/01\\\/logo_PM_horizontal.jpg\",\"contentUrl\":\"https:\\\/\\\/pmza.sk\\\/wp-content\\\/uploads\\\/2022\\\/01\\\/logo_PM_horizontal.jpg\",\"width\":231,\"height\":142,\"caption\":\"Pova\u017esk\u00e9 m\u00fazeum\"},\"image\":{\"@id\":\"https:\\\/\\\/pmza.sk\\\/#\\\/schema\\\/logo\\\/image\\\/\"},\"sameAs\":[\"https:\\\/\\\/www.facebook.com\\\/povazskemuzeum\",\"https:\\\/\\\/www.instagram.com\\\/povazskemuzeum\\\/\"]},{\"@type\":\"Person\",\"@id\":\"https:\\\/\\\/pmza.sk\\\/#\\\/schema\\\/person\\\/595e6a2ce731ea94dcd5d7f50a41ae33\",\"name\":\"Pova\u017esk\u00e9 m\u00fazeum\",\"image\":{\"@type\":\"ImageObject\",\"inLanguage\":\"sk-SK\",\"@id\":\"https:\\\/\\\/secure.gravatar.com\\\/avatar\\\/2bb7f1561282132fb5826dfeccc66c7996d11ee392ac6aaf7ced8a1c2027fbb2?s=96&d=mm&r=g\",\"url\":\"https:\\\/\\\/secure.gravatar.com\\\/avatar\\\/2bb7f1561282132fb5826dfeccc66c7996d11ee392ac6aaf7ced8a1c2027fbb2?s=96&d=mm&r=g\",\"contentUrl\":\"https:\\\/\\\/secure.gravatar.com\\\/avatar\\\/2bb7f1561282132fb5826dfeccc66c7996d11ee392ac6aaf7ced8a1c2027fbb2?s=96&d=mm&r=g\",\"caption\":\"Pova\u017esk\u00e9 m\u00fazeum\"}}]}<\/script>\n<!-- \/ Yoast SEO plugin. -->","yoast_head_json":{"title":"Drot\u00e1rsky festival v znamen\u00ed ve\u013ek\u00e9ho v\u00fdro\u010dia - Pova\u017esk\u00e9 m\u00fazeum","robots":{"index":"index","follow":"follow","max-snippet":"max-snippet:-1","max-image-preview":"max-image-preview:large","max-video-preview":"max-video-preview:-1"},"canonical":"https:\/\/pmza.sk\/?p=7659","og_locale":"sk_SK","og_type":"article","og_title":"Drot\u00e1rsky festival v znamen\u00ed ve\u013ek\u00e9ho v\u00fdro\u010dia - Pova\u017esk\u00e9 m\u00fazeum","og_description":"\u010eal\u0161\u00ed ro\u010dn\u00edk jedine\u010dn\u00e9ho medzin\u00e1rodn\u00e9ho podujatia na Slovensku \u2013 \u00a0Festival drot\u00e1rstva 2013 \u2013 sa po roku op\u00e4\u0165 vracia do regi\u00f3nu, pre ktor\u00fd\u00a0je fenom\u00e9n drot\u00e1rstva tak \u0161pecifick\u00fd. Pova\u017esk\u00e9 m\u00fazeum v\u00a0\u017diline, ktor\u00e9 sa ako jedin\u00e9 svojho druhu m\u00f4\u017ee p\u00fd\u0161i\u0165 jedine\u010dnou expoz\u00edciou drot\u00e1rstva v\u00a0are\u00e1li Budat\u00ednskeho hradu, u\u017e nieko\u013eko rokov tento festival organizuje. \u201eAj tento rok o\u010dak\u00e1vame ve\u013ek\u00fa \u00fa\u010das\u0165 remeseln\u00edkov [&hellip;]","og_url":"https:\/\/pmza.sk\/?p=7659","og_site_name":"Pova\u017esk\u00e9 m\u00fazeum","article_publisher":"https:\/\/www.facebook.com\/povazskemuzeum","article_published_time":"2013-06-24T04:31:46+00:00","og_image":[{"url":"https:\/\/pmza.sk.sk\/wp-content\/uploads\/2013\/06\/festival-098-200x300.jpg","type":"","width":"","height":""}],"author":"Pova\u017esk\u00e9 m\u00fazeum","twitter_card":"summary_large_image","twitter_misc":{"Autor":"Pova\u017esk\u00e9 m\u00fazeum","Predpokladan\u00fd \u010das \u010d\u00edtania":"3 min\u00faty"},"schema":{"@context":"https:\/\/schema.org","@graph":[{"@type":"Article","@id":"https:\/\/pmza.sk\/?p=7659#article","isPartOf":{"@id":"https:\/\/pmza.sk\/?p=7659"},"author":{"name":"Pova\u017esk\u00e9 m\u00fazeum","@id":"https:\/\/pmza.sk\/#\/schema\/person\/595e6a2ce731ea94dcd5d7f50a41ae33"},"headline":"Drot\u00e1rsky festival v znamen\u00ed ve\u013ek\u00e9ho v\u00fdro\u010dia","datePublished":"2013-06-24T04:31:46+00:00","mainEntityOfPage":{"@id":"https:\/\/pmza.sk\/?p=7659"},"wordCount":574,"publisher":{"@id":"https:\/\/pmza.sk\/#organization"},"image":{"@id":"https:\/\/pmza.sk\/?p=7659#primaryimage"},"thumbnailUrl":"https:\/\/pmza.sk.sk\/wp-content\/uploads\/2013\/06\/festival-098-200x300.jpg","articleSection":["Arch\u00edv 2013"],"inLanguage":"sk-SK"},{"@type":"WebPage","@id":"https:\/\/pmza.sk\/?p=7659","url":"https:\/\/pmza.sk\/?p=7659","name":"Drot\u00e1rsky festival v znamen\u00ed ve\u013ek\u00e9ho v\u00fdro\u010dia - Pova\u017esk\u00e9 m\u00fazeum","isPartOf":{"@id":"https:\/\/pmza.sk\/#website"},"primaryImageOfPage":{"@id":"https:\/\/pmza.sk\/?p=7659#primaryimage"},"image":{"@id":"https:\/\/pmza.sk\/?p=7659#primaryimage"},"thumbnailUrl":"https:\/\/pmza.sk.sk\/wp-content\/uploads\/2013\/06\/festival-098-200x300.jpg","datePublished":"2013-06-24T04:31:46+00:00","breadcrumb":{"@id":"https:\/\/pmza.sk\/?p=7659#breadcrumb"},"inLanguage":"sk-SK","potentialAction":[{"@type":"ReadAction","target":["https:\/\/pmza.sk\/?p=7659"]}]},{"@type":"ImageObject","inLanguage":"sk-SK","@id":"https:\/\/pmza.sk\/?p=7659#primaryimage","url":"https:\/\/pmza.sk.sk\/wp-content\/uploads\/2013\/06\/festival-098-200x300.jpg","contentUrl":"https:\/\/pmza.sk.sk\/wp-content\/uploads\/2013\/06\/festival-098-200x300.jpg"},{"@type":"BreadcrumbList","@id":"https:\/\/pmza.sk\/?p=7659#breadcrumb","itemListElement":[{"@type":"ListItem","position":1,"name":"Domovsk\u00e1 str\u00e1nka","item":"https:\/\/pmza.sk\/"},{"@type":"ListItem","position":2,"name":"Drot\u00e1rsky festival v znamen\u00ed ve\u013ek\u00e9ho v\u00fdro\u010dia"}]},{"@type":"WebSite","@id":"https:\/\/pmza.sk\/#website","url":"https:\/\/pmza.sk\/","name":"Pova\u017esk\u00e9 m\u00fazeum","description":"Pova\u017esk\u00e9 m\u00fazeum v \u017diline je region\u00e1lne m\u00fazeum so s\u00eddlom v Budat\u00edne. Jeho expoz\u00edcie s\u00fa zameran\u00e9 na dejiny slovensk\u00e9ho umenia, kult\u00fary a dopravy.","publisher":{"@id":"https:\/\/pmza.sk\/#organization"},"potentialAction":[{"@type":"SearchAction","target":{"@type":"EntryPoint","urlTemplate":"https:\/\/pmza.sk\/?s={search_term_string}"},"query-input":{"@type":"PropertyValueSpecification","valueRequired":true,"valueName":"search_term_string"}}],"inLanguage":"sk-SK"},{"@type":"Organization","@id":"https:\/\/pmza.sk\/#organization","name":"Pova\u017esk\u00e9 m\u00fazeum","url":"https:\/\/pmza.sk\/","logo":{"@type":"ImageObject","inLanguage":"sk-SK","@id":"https:\/\/pmza.sk\/#\/schema\/logo\/image\/","url":"https:\/\/pmza.sk\/wp-content\/uploads\/2022\/01\/logo_PM_horizontal.jpg","contentUrl":"https:\/\/pmza.sk\/wp-content\/uploads\/2022\/01\/logo_PM_horizontal.jpg","width":231,"height":142,"caption":"Pova\u017esk\u00e9 m\u00fazeum"},"image":{"@id":"https:\/\/pmza.sk\/#\/schema\/logo\/image\/"},"sameAs":["https:\/\/www.facebook.com\/povazskemuzeum","https:\/\/www.instagram.com\/povazskemuzeum\/"]},{"@type":"Person","@id":"https:\/\/pmza.sk\/#\/schema\/person\/595e6a2ce731ea94dcd5d7f50a41ae33","name":"Pova\u017esk\u00e9 m\u00fazeum","image":{"@type":"ImageObject","inLanguage":"sk-SK","@id":"https:\/\/secure.gravatar.com\/avatar\/2bb7f1561282132fb5826dfeccc66c7996d11ee392ac6aaf7ced8a1c2027fbb2?s=96&d=mm&r=g","url":"https:\/\/secure.gravatar.com\/avatar\/2bb7f1561282132fb5826dfeccc66c7996d11ee392ac6aaf7ced8a1c2027fbb2?s=96&d=mm&r=g","contentUrl":"https:\/\/secure.gravatar.com\/avatar\/2bb7f1561282132fb5826dfeccc66c7996d11ee392ac6aaf7ced8a1c2027fbb2?s=96&d=mm&r=g","caption":"Pova\u017esk\u00e9 m\u00fazeum"}}]}},"_links":{"self":[{"href":"https:\/\/pmza.sk\/index.php?rest_route=\/wp\/v2\/posts\/7659","targetHints":{"allow":["GET"]}}],"collection":[{"href":"https:\/\/pmza.sk\/index.php?rest_route=\/wp\/v2\/posts"}],"about":[{"href":"https:\/\/pmza.sk\/index.php?rest_route=\/wp\/v2\/types\/post"}],"author":[{"embeddable":true,"href":"https:\/\/pmza.sk\/index.php?rest_route=\/wp\/v2\/users\/2"}],"replies":[{"embeddable":true,"href":"https:\/\/pmza.sk\/index.php?rest_route=%2Fwp%2Fv2%2Fcomments&post=7659"}],"version-history":[{"count":0,"href":"https:\/\/pmza.sk\/index.php?rest_route=\/wp\/v2\/posts\/7659\/revisions"}],"wp:attachment":[{"href":"https:\/\/pmza.sk\/index.php?rest_route=%2Fwp%2Fv2%2Fmedia&parent=7659"}],"wp:term":[{"taxonomy":"category","embeddable":true,"href":"https:\/\/pmza.sk\/index.php?rest_route=%2Fwp%2Fv2%2Fcategories&post=7659"},{"taxonomy":"post_tag","embeddable":true,"href":"https:\/\/pmza.sk\/index.php?rest_route=%2Fwp%2Fv2%2Ftags&post=7659"}],"curies":[{"name":"wp","href":"https:\/\/api.w.org\/{rel}","templated":true}]}}