{"id":77248,"date":"2026-04-14T11:27:44","date_gmt":"2026-04-14T09:27:44","guid":{"rendered":"https:\/\/pmza.sk\/?p=77248"},"modified":"2026-04-23T08:14:11","modified_gmt":"2026-04-23T06:14:11","slug":"svadobny-festival-6","status":"publish","type":"post","link":"https:\/\/pmza.sk\/?p=77248","title":{"rendered":"Svadobn\u00fd festival"},"content":{"rendered":"<p>Pova\u017esk\u00e9 m\u00fazeum pripravuje v sobotu 2. m\u00e1ja tret\u00ed ro\u010dn\u00edk Svadobn\u00e9ho festivalu. Podujatie prinesie jedine\u010dn\u00fa atmosf\u00e9ru do historick\u00fdch renesan\u010dn\u00fdch priestorov a pon\u00fakne mno\u017estvo in\u0161pir\u00e1ci\u00ed pre organiz\u00e1ciu svadobn\u00e9ho d\u0148a. N\u00e1v\u0161tevn\u00edci tu na jednom mieste n\u00e1jdu v\u0161etko, \u010do k svadbe patr\u00ed \u2013 od prvotn\u00fdch n\u00e1padov a\u017e po fin\u00e1lne detaily. Svadobn\u00fd festival sa za\u010dne o 10.00 hod. sl\u00e1vnostn\u00fdm p\u00edlen\u00edm tradi\u010dnej br\u00e1ny. M\u00f3dna prehliadka je napl\u00e1novan\u00e1 na 15.00 hod. a podujatie skon\u010d\u00ed o 18.00 hod.<\/p>\n<p><em>\u201ePo\u010das cel\u00e9ho d\u0148a sa m\u00f4\u017eete te\u0161i\u0165 na pr\u00edjemn\u00fd sprievodn\u00fd program, v ktorom sa predstavia profesion\u00e1lni hudobn\u00edci. Zaznej\u00fa najkraj\u0161ie obradov\u00e9 mel\u00f3die, a to aj v podan\u00ed harfy. S\u00fa\u010das\u0165ou programu bude m\u00f3dna prehliadka, na ktorej svadobn\u00e9 sal\u00f3ny predstavia najnov\u0161ie kolekcie svadobn\u00fdch a spolo\u010densk\u00fdch \u0161iat. Novinkou tohto ro\u010dn\u00edka bude premi\u00e9ra kolekcie p\u00e1nskych odevov na prehliadkovom m\u00f3le,\u201c<\/em> uviedla kult\u00farna mana\u017e\u00e9rka Vladim\u00edra Horv\u00e1tov\u00e1.<\/p>\n<p>Svadobn\u00e9 agent\u00fary pribl\u00ed\u017eia aktu\u00e1lne trendy vo v\u00fdzdobe a farebn\u00fdch kombin\u00e1ci\u00e1ch. N\u00e1v\u0161tevn\u00edci sa m\u00f4\u017eu te\u0161i\u0165 aj na ponuku kvetinovej v\u00fdzdoby \u010di bal\u00f3nov\u00fdch dekor\u00e1ci\u00ed. O chu\u0165ov\u00e9 z\u00e1\u017eitky sa postaraj\u00fa re\u0161taur\u00e1cie zabezpe\u010duj\u00face catering \u2013 ch\u00fdba\u0165 nebud\u00fa grilovan\u00e9 \u0161peciality, mie\u0161an\u00e9 n\u00e1poje, svetov\u00e9 v\u00edna, prosecco bar ani candy bar. Tane\u010dn\u00fa atmosf\u00e9ru dotvor\u00ed DJ, pripraven\u00e1 bude aj fotob\u00fadka a p\u00e1rty k\u00fatik s 360\u00b0 videom. S\u00fa\u010das\u0165ou festivalu bud\u00fa aj profesion\u00e1lne beauty poradkyne a kadern\u00ed\u010dky, ktor\u00e9 predstavia aktu\u00e1lne trendy v l\u00ed\u010den\u00ed a \u00fa\u010desoch.<\/p>\n<p><em>\u00a0\u201eSvadobn\u00fd festival v Sob\u00e1\u0161nom pal\u00e1ci je podujatie, kde si pod jednou strechou m\u00f4\u017eete napl\u00e1nova\u0165 cel\u00fd svoj ve\u013ek\u00fd de\u0148. Nemus\u00ed \u00eds\u0165 len o\u00a0svadbu, in\u0161pir\u00e1ciu tu n\u00e1jdu aj t\u00ed, ktor\u00ed pripravuj\u00fa oslavy \u010di in\u00e9 spolo\u010densk\u00e9 podujatia,\u201c<\/em> dod\u00e1va V. Horv\u00e1tov\u00e1.<\/p>\n<p>Vstupn\u00e9 je 4 \u20ac na osobu, deti do 6 rokov maj\u00fa vstup zadarmo.<\/p>\n<div class=\"wp-block-image\"><img fetchpriority=\"high\" decoding=\"async\" class=\"wpa-warning wpa-image-missing-alt alignnone size-medium wp-image-77249\" src=\"https:\/\/pmza.sk\/wp-content\/uploads\/2026\/04\/Svadobny_2026_plagat_K6-255x360.jpg\" alt=\"\" width=\"255\" height=\"360\" data-warning=\"Missing alt text\" srcset=\"https:\/\/pmza.sk\/wp-content\/uploads\/2026\/04\/Svadobny_2026_plagat_K6-255x360.jpg 255w, https:\/\/pmza.sk\/wp-content\/uploads\/2026\/04\/Svadobny_2026_plagat_K6-521x736.jpg 521w, https:\/\/pmza.sk\/wp-content\/uploads\/2026\/04\/Svadobny_2026_plagat_K6-768x1086.jpg 768w, https:\/\/pmza.sk\/wp-content\/uploads\/2026\/04\/Svadobny_2026_plagat_K6-1086x1536.jpg 1086w, https:\/\/pmza.sk\/wp-content\/uploads\/2026\/04\/Svadobny_2026_plagat_K6-1448x2048.jpg 1448w, https:\/\/pmza.sk\/wp-content\/uploads\/2026\/04\/Svadobny_2026_plagat_K6-600x848.jpg 600w, https:\/\/pmza.sk\/wp-content\/uploads\/2026\/04\/Svadobny_2026_plagat_K6-scaled.jpg 1810w\" sizes=\"(max-width: 255px) 100vw, 255px\" \/><\/div>\n<div>Plag\u00e1t v plnej ve\u013ekosti <a href=\"https:\/\/pmza.sk\/wp-content\/uploads\/2026\/04\/Svadobny_2026_plagat_K6.pdf\">TU<\/a><\/div>\n","protected":false},"excerpt":{"rendered":"<p>Pova\u017esk\u00e9 m\u00fazeum pripravuje v sobotu 2. m\u00e1ja tret\u00ed ro\u010dn\u00edk Svadobn\u00e9ho festivalu. Podujatie prinesie jedine\u010dn\u00fa atmosf\u00e9ru do historick\u00fdch renesan\u010dn\u00fdch priestorov a pon\u00fakne mno\u017estvo in\u0161pir\u00e1ci\u00ed pre organiz\u00e1ciu svadobn\u00e9ho d\u0148a. N\u00e1v\u0161tevn\u00edci tu na jednom mieste n\u00e1jdu v\u0161etko, \u010do k svadbe patr\u00ed \u2013 od prvotn\u00fdch n\u00e1padov a\u017e po fin\u00e1lne detaily. Svadobn\u00fd festival sa za\u010dne o 10.00 hod. sl\u00e1vnostn\u00fdm p\u00edlen\u00edm [&hellip;]<\/p>\n","protected":false},"author":2,"featured_media":77251,"comment_status":"closed","ping_status":"closed","sticky":false,"template":"","format":"standard","meta":{"site-sidebar-layout":"default","site-content-layout":"","ast-site-content-layout":"default","site-content-style":"default","site-sidebar-style":"default","ast-global-header-display":"","ast-banner-title-visibility":"","ast-main-header-display":"","ast-hfb-above-header-display":"","ast-hfb-below-header-display":"","ast-hfb-mobile-header-display":"","site-post-title":"","ast-breadcrumbs-content":"","ast-featured-img":"","footer-sml-layout":"","theme-transparent-header-meta":"default","adv-header-id-meta":"","stick-header-meta":"default","header-above-stick-meta":"","header-main-stick-meta":"","header-below-stick-meta":"","astra-migrate-meta-layouts":"set","ast-page-background-enabled":"default","ast-page-background-meta":{"desktop":{"background-color":"var(--ast-global-color-4)","background-image":"","background-repeat":"repeat","background-position":"center center","background-size":"auto","background-attachment":"scroll","background-type":"","background-media":"","overlay-type":"","overlay-color":"","overlay-opacity":"","overlay-gradient":""},"tablet":{"background-color":"","background-image":"","background-repeat":"repeat","background-position":"center center","background-size":"auto","background-attachment":"scroll","background-type":"","background-media":"","overlay-type":"","overlay-color":"","overlay-opacity":"","overlay-gradient":""},"mobile":{"background-color":"","background-image":"","background-repeat":"repeat","background-position":"center center","background-size":"auto","background-attachment":"scroll","background-type":"","background-media":"","overlay-type":"","overlay-color":"","overlay-opacity":"","overlay-gradient":""}},"ast-content-background-meta":{"desktop":{"background-color":"var(--ast-global-color-5)","background-image":"","background-repeat":"repeat","background-position":"center center","background-size":"auto","background-attachment":"scroll","background-type":"","background-media":"","overlay-type":"","overlay-color":"","overlay-opacity":"","overlay-gradient":""},"tablet":{"background-color":"var(--ast-global-color-5)","background-image":"","background-repeat":"repeat","background-position":"center center","background-size":"auto","background-attachment":"scroll","background-type":"","background-media":"","overlay-type":"","overlay-color":"","overlay-opacity":"","overlay-gradient":""},"mobile":{"background-color":"var(--ast-global-color-5)","background-image":"","background-repeat":"repeat","background-position":"center center","background-size":"auto","background-attachment":"scroll","background-type":"","background-media":"","overlay-type":"","overlay-color":"","overlay-opacity":"","overlay-gradient":""}},"footnotes":""},"categories":[71],"tags":[73],"class_list":["post-77248","post","type-post","status-publish","format-standard","has-post-thumbnail","hentry","category-podujatia","tag-uvod"],"yoast_head":"<!-- This site is optimized with the Yoast SEO plugin v27.4 - https:\/\/yoast.com\/product\/yoast-seo-wordpress\/ -->\n<title>Svadobn\u00fd festival - Pova\u017esk\u00e9 m\u00fazeum<\/title>\n<meta name=\"robots\" content=\"index, follow, max-snippet:-1, max-image-preview:large, max-video-preview:-1\" \/>\n<link rel=\"canonical\" href=\"https:\/\/pmza.sk\/?p=77248\" \/>\n<meta property=\"og:locale\" content=\"sk_SK\" \/>\n<meta property=\"og:type\" content=\"article\" \/>\n<meta property=\"og:title\" content=\"Svadobn\u00fd festival - Pova\u017esk\u00e9 m\u00fazeum\" \/>\n<meta property=\"og:description\" content=\"Pova\u017esk\u00e9 m\u00fazeum pripravuje v sobotu 2. m\u00e1ja tret\u00ed ro\u010dn\u00edk Svadobn\u00e9ho festivalu. Podujatie prinesie jedine\u010dn\u00fa atmosf\u00e9ru do historick\u00fdch renesan\u010dn\u00fdch priestorov a pon\u00fakne mno\u017estvo in\u0161pir\u00e1ci\u00ed pre organiz\u00e1ciu svadobn\u00e9ho d\u0148a. N\u00e1v\u0161tevn\u00edci tu na jednom mieste n\u00e1jdu v\u0161etko, \u010do k svadbe patr\u00ed \u2013 od prvotn\u00fdch n\u00e1padov a\u017e po fin\u00e1lne detaily. Svadobn\u00fd festival sa za\u010dne o 10.00 hod. sl\u00e1vnostn\u00fdm p\u00edlen\u00edm [&hellip;]\" \/>\n<meta property=\"og:url\" content=\"https:\/\/pmza.sk\/?p=77248\" \/>\n<meta property=\"og:site_name\" content=\"Pova\u017esk\u00e9 m\u00fazeum\" \/>\n<meta property=\"article:publisher\" content=\"https:\/\/www.facebook.com\/povazskemuzeum\" \/>\n<meta property=\"article:published_time\" content=\"2026-04-14T09:27:44+00:00\" \/>\n<meta property=\"article:modified_time\" content=\"2026-04-23T06:14:11+00:00\" \/>\n<meta property=\"og:image\" content=\"https:\/\/pmza.sk\/wp-content\/uploads\/2026\/04\/Svadobny_2026_web.jpg\" \/>\n\t<meta property=\"og:image:width\" content=\"2000\" \/>\n\t<meta property=\"og:image:height\" content=\"2000\" \/>\n\t<meta property=\"og:image:type\" content=\"image\/jpeg\" \/>\n<meta name=\"author\" content=\"Pova\u017esk\u00e9 m\u00fazeum\" \/>\n<meta name=\"twitter:card\" content=\"summary_large_image\" \/>\n<meta name=\"twitter:label1\" content=\"Autor\" \/>\n\t<meta name=\"twitter:data1\" content=\"Pova\u017esk\u00e9 m\u00fazeum\" \/>\n\t<meta name=\"twitter:label2\" content=\"Predpokladan\u00fd \u010das \u010d\u00edtania\" \/>\n\t<meta name=\"twitter:data2\" content=\"2 min\u00faty\" \/>\n<script type=\"application\/ld+json\" class=\"yoast-schema-graph\">{\"@context\":\"https:\\\/\\\/schema.org\",\"@graph\":[{\"@type\":\"Article\",\"@id\":\"https:\\\/\\\/pmza.sk\\\/?p=77248#article\",\"isPartOf\":{\"@id\":\"https:\\\/\\\/pmza.sk\\\/?p=77248\"},\"author\":{\"name\":\"Pova\u017esk\u00e9 m\u00fazeum\",\"@id\":\"https:\\\/\\\/pmza.sk\\\/#\\\/schema\\\/person\\\/595e6a2ce731ea94dcd5d7f50a41ae33\"},\"headline\":\"Svadobn\u00fd festival\",\"datePublished\":\"2026-04-14T09:27:44+00:00\",\"dateModified\":\"2026-04-23T06:14:11+00:00\",\"mainEntityOfPage\":{\"@id\":\"https:\\\/\\\/pmza.sk\\\/?p=77248\"},\"wordCount\":363,\"publisher\":{\"@id\":\"https:\\\/\\\/pmza.sk\\\/#organization\"},\"image\":{\"@id\":\"https:\\\/\\\/pmza.sk\\\/?p=77248#primaryimage\"},\"thumbnailUrl\":\"https:\\\/\\\/pmza.sk\\\/wp-content\\\/uploads\\\/2026\\\/04\\\/Svadobny_2026_web.jpg\",\"keywords\":[\"\u00davod\"],\"articleSection\":[\"Podujatia\"],\"inLanguage\":\"sk-SK\"},{\"@type\":\"WebPage\",\"@id\":\"https:\\\/\\\/pmza.sk\\\/?p=77248\",\"url\":\"https:\\\/\\\/pmza.sk\\\/?p=77248\",\"name\":\"Svadobn\u00fd festival - Pova\u017esk\u00e9 m\u00fazeum\",\"isPartOf\":{\"@id\":\"https:\\\/\\\/pmza.sk\\\/#website\"},\"primaryImageOfPage\":{\"@id\":\"https:\\\/\\\/pmza.sk\\\/?p=77248#primaryimage\"},\"image\":{\"@id\":\"https:\\\/\\\/pmza.sk\\\/?p=77248#primaryimage\"},\"thumbnailUrl\":\"https:\\\/\\\/pmza.sk\\\/wp-content\\\/uploads\\\/2026\\\/04\\\/Svadobny_2026_web.jpg\",\"datePublished\":\"2026-04-14T09:27:44+00:00\",\"dateModified\":\"2026-04-23T06:14:11+00:00\",\"breadcrumb\":{\"@id\":\"https:\\\/\\\/pmza.sk\\\/?p=77248#breadcrumb\"},\"inLanguage\":\"sk-SK\",\"potentialAction\":[{\"@type\":\"ReadAction\",\"target\":[\"https:\\\/\\\/pmza.sk\\\/?p=77248\"]}]},{\"@type\":\"ImageObject\",\"inLanguage\":\"sk-SK\",\"@id\":\"https:\\\/\\\/pmza.sk\\\/?p=77248#primaryimage\",\"url\":\"https:\\\/\\\/pmza.sk\\\/wp-content\\\/uploads\\\/2026\\\/04\\\/Svadobny_2026_web.jpg\",\"contentUrl\":\"https:\\\/\\\/pmza.sk\\\/wp-content\\\/uploads\\\/2026\\\/04\\\/Svadobny_2026_web.jpg\",\"width\":2000,\"height\":2000},{\"@type\":\"BreadcrumbList\",\"@id\":\"https:\\\/\\\/pmza.sk\\\/?p=77248#breadcrumb\",\"itemListElement\":[{\"@type\":\"ListItem\",\"position\":1,\"name\":\"Domovsk\u00e1 str\u00e1nka\",\"item\":\"https:\\\/\\\/pmza.sk\\\/\"},{\"@type\":\"ListItem\",\"position\":2,\"name\":\"Svadobn\u00fd festival\"}]},{\"@type\":\"WebSite\",\"@id\":\"https:\\\/\\\/pmza.sk\\\/#website\",\"url\":\"https:\\\/\\\/pmza.sk\\\/\",\"name\":\"Pova\u017esk\u00e9 m\u00fazeum\",\"description\":\"Pova\u017esk\u00e9 m\u00fazeum v \u017diline je region\u00e1lne m\u00fazeum so s\u00eddlom v Budat\u00edne. Jeho expoz\u00edcie s\u00fa zameran\u00e9 na dejiny slovensk\u00e9ho umenia, kult\u00fary a dopravy.\",\"publisher\":{\"@id\":\"https:\\\/\\\/pmza.sk\\\/#organization\"},\"potentialAction\":[{\"@type\":\"SearchAction\",\"target\":{\"@type\":\"EntryPoint\",\"urlTemplate\":\"https:\\\/\\\/pmza.sk\\\/?s={search_term_string}\"},\"query-input\":{\"@type\":\"PropertyValueSpecification\",\"valueRequired\":true,\"valueName\":\"search_term_string\"}}],\"inLanguage\":\"sk-SK\"},{\"@type\":\"Organization\",\"@id\":\"https:\\\/\\\/pmza.sk\\\/#organization\",\"name\":\"Pova\u017esk\u00e9 m\u00fazeum\",\"url\":\"https:\\\/\\\/pmza.sk\\\/\",\"logo\":{\"@type\":\"ImageObject\",\"inLanguage\":\"sk-SK\",\"@id\":\"https:\\\/\\\/pmza.sk\\\/#\\\/schema\\\/logo\\\/image\\\/\",\"url\":\"https:\\\/\\\/pmza.sk\\\/wp-content\\\/uploads\\\/2022\\\/01\\\/logo_PM_horizontal.jpg\",\"contentUrl\":\"https:\\\/\\\/pmza.sk\\\/wp-content\\\/uploads\\\/2022\\\/01\\\/logo_PM_horizontal.jpg\",\"width\":231,\"height\":142,\"caption\":\"Pova\u017esk\u00e9 m\u00fazeum\"},\"image\":{\"@id\":\"https:\\\/\\\/pmza.sk\\\/#\\\/schema\\\/logo\\\/image\\\/\"},\"sameAs\":[\"https:\\\/\\\/www.facebook.com\\\/povazskemuzeum\",\"https:\\\/\\\/www.instagram.com\\\/povazskemuzeum\\\/\"]},{\"@type\":\"Person\",\"@id\":\"https:\\\/\\\/pmza.sk\\\/#\\\/schema\\\/person\\\/595e6a2ce731ea94dcd5d7f50a41ae33\",\"name\":\"Pova\u017esk\u00e9 m\u00fazeum\",\"image\":{\"@type\":\"ImageObject\",\"inLanguage\":\"sk-SK\",\"@id\":\"https:\\\/\\\/secure.gravatar.com\\\/avatar\\\/2bb7f1561282132fb5826dfeccc66c7996d11ee392ac6aaf7ced8a1c2027fbb2?s=96&d=mm&r=g\",\"url\":\"https:\\\/\\\/secure.gravatar.com\\\/avatar\\\/2bb7f1561282132fb5826dfeccc66c7996d11ee392ac6aaf7ced8a1c2027fbb2?s=96&d=mm&r=g\",\"contentUrl\":\"https:\\\/\\\/secure.gravatar.com\\\/avatar\\\/2bb7f1561282132fb5826dfeccc66c7996d11ee392ac6aaf7ced8a1c2027fbb2?s=96&d=mm&r=g\",\"caption\":\"Pova\u017esk\u00e9 m\u00fazeum\"}}]}<\/script>\n<!-- \/ Yoast SEO plugin. -->","yoast_head_json":{"title":"Svadobn\u00fd festival - Pova\u017esk\u00e9 m\u00fazeum","robots":{"index":"index","follow":"follow","max-snippet":"max-snippet:-1","max-image-preview":"max-image-preview:large","max-video-preview":"max-video-preview:-1"},"canonical":"https:\/\/pmza.sk\/?p=77248","og_locale":"sk_SK","og_type":"article","og_title":"Svadobn\u00fd festival - Pova\u017esk\u00e9 m\u00fazeum","og_description":"Pova\u017esk\u00e9 m\u00fazeum pripravuje v sobotu 2. m\u00e1ja tret\u00ed ro\u010dn\u00edk Svadobn\u00e9ho festivalu. Podujatie prinesie jedine\u010dn\u00fa atmosf\u00e9ru do historick\u00fdch renesan\u010dn\u00fdch priestorov a pon\u00fakne mno\u017estvo in\u0161pir\u00e1ci\u00ed pre organiz\u00e1ciu svadobn\u00e9ho d\u0148a. N\u00e1v\u0161tevn\u00edci tu na jednom mieste n\u00e1jdu v\u0161etko, \u010do k svadbe patr\u00ed \u2013 od prvotn\u00fdch n\u00e1padov a\u017e po fin\u00e1lne detaily. Svadobn\u00fd festival sa za\u010dne o 10.00 hod. sl\u00e1vnostn\u00fdm p\u00edlen\u00edm [&hellip;]","og_url":"https:\/\/pmza.sk\/?p=77248","og_site_name":"Pova\u017esk\u00e9 m\u00fazeum","article_publisher":"https:\/\/www.facebook.com\/povazskemuzeum","article_published_time":"2026-04-14T09:27:44+00:00","article_modified_time":"2026-04-23T06:14:11+00:00","og_image":[{"width":2000,"height":2000,"url":"https:\/\/pmza.sk\/wp-content\/uploads\/2026\/04\/Svadobny_2026_web.jpg","type":"image\/jpeg"}],"author":"Pova\u017esk\u00e9 m\u00fazeum","twitter_card":"summary_large_image","twitter_misc":{"Autor":"Pova\u017esk\u00e9 m\u00fazeum","Predpokladan\u00fd \u010das \u010d\u00edtania":"2 min\u00faty"},"schema":{"@context":"https:\/\/schema.org","@graph":[{"@type":"Article","@id":"https:\/\/pmza.sk\/?p=77248#article","isPartOf":{"@id":"https:\/\/pmza.sk\/?p=77248"},"author":{"name":"Pova\u017esk\u00e9 m\u00fazeum","@id":"https:\/\/pmza.sk\/#\/schema\/person\/595e6a2ce731ea94dcd5d7f50a41ae33"},"headline":"Svadobn\u00fd festival","datePublished":"2026-04-14T09:27:44+00:00","dateModified":"2026-04-23T06:14:11+00:00","mainEntityOfPage":{"@id":"https:\/\/pmza.sk\/?p=77248"},"wordCount":363,"publisher":{"@id":"https:\/\/pmza.sk\/#organization"},"image":{"@id":"https:\/\/pmza.sk\/?p=77248#primaryimage"},"thumbnailUrl":"https:\/\/pmza.sk\/wp-content\/uploads\/2026\/04\/Svadobny_2026_web.jpg","keywords":["\u00davod"],"articleSection":["Podujatia"],"inLanguage":"sk-SK"},{"@type":"WebPage","@id":"https:\/\/pmza.sk\/?p=77248","url":"https:\/\/pmza.sk\/?p=77248","name":"Svadobn\u00fd festival - Pova\u017esk\u00e9 m\u00fazeum","isPartOf":{"@id":"https:\/\/pmza.sk\/#website"},"primaryImageOfPage":{"@id":"https:\/\/pmza.sk\/?p=77248#primaryimage"},"image":{"@id":"https:\/\/pmza.sk\/?p=77248#primaryimage"},"thumbnailUrl":"https:\/\/pmza.sk\/wp-content\/uploads\/2026\/04\/Svadobny_2026_web.jpg","datePublished":"2026-04-14T09:27:44+00:00","dateModified":"2026-04-23T06:14:11+00:00","breadcrumb":{"@id":"https:\/\/pmza.sk\/?p=77248#breadcrumb"},"inLanguage":"sk-SK","potentialAction":[{"@type":"ReadAction","target":["https:\/\/pmza.sk\/?p=77248"]}]},{"@type":"ImageObject","inLanguage":"sk-SK","@id":"https:\/\/pmza.sk\/?p=77248#primaryimage","url":"https:\/\/pmza.sk\/wp-content\/uploads\/2026\/04\/Svadobny_2026_web.jpg","contentUrl":"https:\/\/pmza.sk\/wp-content\/uploads\/2026\/04\/Svadobny_2026_web.jpg","width":2000,"height":2000},{"@type":"BreadcrumbList","@id":"https:\/\/pmza.sk\/?p=77248#breadcrumb","itemListElement":[{"@type":"ListItem","position":1,"name":"Domovsk\u00e1 str\u00e1nka","item":"https:\/\/pmza.sk\/"},{"@type":"ListItem","position":2,"name":"Svadobn\u00fd festival"}]},{"@type":"WebSite","@id":"https:\/\/pmza.sk\/#website","url":"https:\/\/pmza.sk\/","name":"Pova\u017esk\u00e9 m\u00fazeum","description":"Pova\u017esk\u00e9 m\u00fazeum v \u017diline je region\u00e1lne m\u00fazeum so s\u00eddlom v Budat\u00edne. Jeho expoz\u00edcie s\u00fa zameran\u00e9 na dejiny slovensk\u00e9ho umenia, kult\u00fary a dopravy.","publisher":{"@id":"https:\/\/pmza.sk\/#organization"},"potentialAction":[{"@type":"SearchAction","target":{"@type":"EntryPoint","urlTemplate":"https:\/\/pmza.sk\/?s={search_term_string}"},"query-input":{"@type":"PropertyValueSpecification","valueRequired":true,"valueName":"search_term_string"}}],"inLanguage":"sk-SK"},{"@type":"Organization","@id":"https:\/\/pmza.sk\/#organization","name":"Pova\u017esk\u00e9 m\u00fazeum","url":"https:\/\/pmza.sk\/","logo":{"@type":"ImageObject","inLanguage":"sk-SK","@id":"https:\/\/pmza.sk\/#\/schema\/logo\/image\/","url":"https:\/\/pmza.sk\/wp-content\/uploads\/2022\/01\/logo_PM_horizontal.jpg","contentUrl":"https:\/\/pmza.sk\/wp-content\/uploads\/2022\/01\/logo_PM_horizontal.jpg","width":231,"height":142,"caption":"Pova\u017esk\u00e9 m\u00fazeum"},"image":{"@id":"https:\/\/pmza.sk\/#\/schema\/logo\/image\/"},"sameAs":["https:\/\/www.facebook.com\/povazskemuzeum","https:\/\/www.instagram.com\/povazskemuzeum\/"]},{"@type":"Person","@id":"https:\/\/pmza.sk\/#\/schema\/person\/595e6a2ce731ea94dcd5d7f50a41ae33","name":"Pova\u017esk\u00e9 m\u00fazeum","image":{"@type":"ImageObject","inLanguage":"sk-SK","@id":"https:\/\/secure.gravatar.com\/avatar\/2bb7f1561282132fb5826dfeccc66c7996d11ee392ac6aaf7ced8a1c2027fbb2?s=96&d=mm&r=g","url":"https:\/\/secure.gravatar.com\/avatar\/2bb7f1561282132fb5826dfeccc66c7996d11ee392ac6aaf7ced8a1c2027fbb2?s=96&d=mm&r=g","contentUrl":"https:\/\/secure.gravatar.com\/avatar\/2bb7f1561282132fb5826dfeccc66c7996d11ee392ac6aaf7ced8a1c2027fbb2?s=96&d=mm&r=g","caption":"Pova\u017esk\u00e9 m\u00fazeum"}}]}},"_links":{"self":[{"href":"https:\/\/pmza.sk\/index.php?rest_route=\/wp\/v2\/posts\/77248","targetHints":{"allow":["GET"]}}],"collection":[{"href":"https:\/\/pmza.sk\/index.php?rest_route=\/wp\/v2\/posts"}],"about":[{"href":"https:\/\/pmza.sk\/index.php?rest_route=\/wp\/v2\/types\/post"}],"author":[{"embeddable":true,"href":"https:\/\/pmza.sk\/index.php?rest_route=\/wp\/v2\/users\/2"}],"replies":[{"embeddable":true,"href":"https:\/\/pmza.sk\/index.php?rest_route=%2Fwp%2Fv2%2Fcomments&post=77248"}],"version-history":[{"count":3,"href":"https:\/\/pmza.sk\/index.php?rest_route=\/wp\/v2\/posts\/77248\/revisions"}],"predecessor-version":[{"id":77733,"href":"https:\/\/pmza.sk\/index.php?rest_route=\/wp\/v2\/posts\/77248\/revisions\/77733"}],"wp:featuredmedia":[{"embeddable":true,"href":"https:\/\/pmza.sk\/index.php?rest_route=\/wp\/v2\/media\/77251"}],"wp:attachment":[{"href":"https:\/\/pmza.sk\/index.php?rest_route=%2Fwp%2Fv2%2Fmedia&parent=77248"}],"wp:term":[{"taxonomy":"category","embeddable":true,"href":"https:\/\/pmza.sk\/index.php?rest_route=%2Fwp%2Fv2%2Fcategories&post=77248"},{"taxonomy":"post_tag","embeddable":true,"href":"https:\/\/pmza.sk\/index.php?rest_route=%2Fwp%2Fv2%2Ftags&post=77248"}],"curies":[{"name":"wp","href":"https:\/\/api.w.org\/{rel}","templated":true}]}}