{"id":7726,"date":"2013-06-27T14:20:07","date_gmt":"2013-06-27T12:20:07","guid":{"rendered":"https:\/\/pmza.sk.sk\/?p=7726"},"modified":"2013-06-27T14:20:07","modified_gmt":"2013-06-27T12:20:07","slug":"pestrost-vodneho-vtactva-v-palaci","status":"publish","type":"post","link":"https:\/\/pmza.sk\/?p=7726","title":{"rendered":"Pestros\u0165 vodn\u00e9ho vt\u00e1ctva v pal\u00e1ci"},"content":{"rendered":"<p><a href=\"https:\/\/pmza.sk\/wp-content\/uploads\/2013\/06\/227.jpg\"><img fetchpriority=\"high\" decoding=\"async\" class=\"alignleft size-medium wp-image-7727\" style=\"border: 2px solid black; margin: 4px;\" title=\"227\" src=\"https:\/\/pmza.sk.sk\/wp-content\/uploads\/2013\/06\/227-300x200.jpg\" alt=\"\" width=\"300\" height=\"200\" \/><\/a>Po \u00faspe\u0161nej v\u00fdstave drav\u00fdch vt\u00e1kov, ktor\u00e1 bola n\u00e1v\u0161tevn\u00edkom spr\u00edstupnen\u00e1 na hrade Stre\u010dno, tentoraz pracovn\u00edci zoologickej sekcie Pova\u017esk\u00e9ho m\u00fazea zaostrili svoju pozornos\u0165 na vodn\u00e9 vt\u00e1ky. V\u00fdstava dermoplastick\u00fdch prepar\u00e1tov vodn\u00fdch vt\u00e1kov pod n\u00e1zvom Vodn\u00fd svet je pokusom o\u00a0zachytenie \u010dasti nesmiernej rozmanitosti \u017eivota v na\u0161ich\u00a0sladkovodn\u00fdch ekosyst\u00e9moch. Zameriava sa na vodn\u00e9 vt\u00e1ctvo, pre ktor\u00e9 je rieka V\u00e1h biotopom, zimoviskom, migra\u010dnou trasou \u010di miestom odpo\u010dinku pri dlhom jarnom a\u00a0jesennom \u0165ahu. \u201e<em>V\u00a0okol\u00ed \u017diliny sa viac-menej pravidelne vyskytuje a\u017e 29 druhov vodn\u00fdch vt\u00e1kov. Ich po\u010det a\u00a0druhov\u00e1 rozmanitos\u0165 n\u00e1padne narast\u00e1 po\u010das \u0165ahu a\u00a0v\u00a0zimnom obdob\u00ed, kedy sa tu objavuj\u00fa i\u00a0vz\u00e1cni hostia z\u00a0vy\u0161\u0161\u00edch zemepisn\u00fdch \u0161\u00edrok, ako napr\u00edklad pot\u00e1plica seversk\u00e1 \u010di ka\u010dica \u013eadov\u00e1,\u201c <\/em>uviedol Ladislav Hl\u00f4\u0161ka, autor v\u00fdstavy a zool\u00f3g Pova\u017esk\u00e9ho m\u00fazea v\u00a0\u017diline. <!--more-->Hoci stojat\u00e1 voda umelej z\u00e1toky nepredstavuje pre niektor\u00e9 druhy typick\u00fd biotop, ob\u010das sa tu v\u00a0malom po\u010dte vyskytuj\u00fa aj druhy, ktor\u00e9 za norm\u00e1lnych okolnost\u00ed preferuj\u00fa sk\u00f4r \u00faseky V\u00e1hu s\u00a0te\u010d\u00facou vodou. K\u00a0tak\u00fdm patr\u00ed pot\u00e1pa\u010d ve\u013ek\u00fd, ktor\u00fd sem prilieta zimova\u0165 zo \u0160v\u00e9dska a\u00a0F\u00ednska a\u00a0vz\u00e1cne tie\u017e jeho pr\u00edbuzn\u00fd \u2013 pot\u00e1pa\u010d mal\u00fd.<em> \u201eRegulovan\u00fd \u00fasek V\u00e1hu pod priehradn\u00fdm m\u00farom Vodn\u00e9ho Diela \u017dilina, s\u00a0pri\u013eahlou umelou vodnou z\u00e1tokou v lokalite Na Sihoti bol v\u00a0sledovanom \u010dasovom obdob\u00ed zimoviskom pre 21 druhov vodn\u00fdch vt\u00e1kov. Najpo\u010detnej\u0161ie zast\u00fapen\u00fdm druhom bola ka\u010dica div\u00e1, ktor\u00e1 sa vyzna\u010duje vysokou mierou prisp\u00f4sobivosti. T\u00e1 sa prejavuje synantropiz\u00e1ciou (r\u00f4zne prejavy spoluna\u017e\u00edvania s\u00a0\u010dlovekom) podstatnej \u010dasti popul\u00e1cie, \u010do sp\u00f4sobuje zmeny v\u00a0jej spr\u00e1van\u00ed a\u00a0\u017eivotn\u00fdch strat\u00e9gi\u00e1ch<\/em>. <em>Rast\u00face percento predt\u00fdm pr\u00edsne s\u0165ahovav\u00fdch ka\u010d\u00edc v\u00a0jeseni neodlieta, ale zimuje \u010dasto i v\u00a0bl\u00edzkosti v\u00e4\u010d\u0161\u00edch mestsk\u00fdch aglomer\u00e1ci\u00ed.,\u201c<\/em> dodal na z\u00e1ver autor v\u00fdstavy.<\/p>\n<p>V\u00fdstava dermoplastick\u00fdch prepar\u00e1tov vodn\u00fdch vt\u00e1kov s\u00a0n\u00e1zvom <strong>Vodn\u00fd svet<\/strong> bude spr\u00edstupnen\u00e1 v\u0161etk\u00fdm n\u00e1v\u0161tevn\u00edkom a\u017e <strong>do 31. augusta<\/strong> <strong>2013<\/strong> v\u00a0Sob\u00e1\u0161nom pal\u00e1ci v\u00a0Byt\u010di. Organiz\u00e1torom je Pova\u017esk\u00e9\u00a0 m\u00fazeum v\u00a0\u017diline v\u00a0zria\u010fovate\u013eskej p\u00f4sobnosti \u017dilinsk\u00e9ho samospr\u00e1vneho kraja.<\/p>\n","protected":false},"excerpt":{"rendered":"<p>Po \u00faspe\u0161nej v\u00fdstave drav\u00fdch vt\u00e1kov, ktor\u00e1 bola n\u00e1v\u0161tevn\u00edkom spr\u00edstupnen\u00e1 na hrade Stre\u010dno, tentoraz pracovn\u00edci zoologickej sekcie Pova\u017esk\u00e9ho m\u00fazea zaostrili svoju pozornos\u0165 na vodn\u00e9 vt\u00e1ky. V\u00fdstava dermoplastick\u00fdch prepar\u00e1tov vodn\u00fdch vt\u00e1kov pod n\u00e1zvom Vodn\u00fd svet je pokusom o\u00a0zachytenie \u010dasti nesmiernej rozmanitosti \u017eivota v na\u0161ich\u00a0sladkovodn\u00fdch ekosyst\u00e9moch. Zameriava sa na vodn\u00e9 vt\u00e1ctvo, pre ktor\u00e9 je rieka V\u00e1h biotopom, zimoviskom, [&hellip;]<\/p>\n","protected":false},"author":2,"featured_media":0,"comment_status":"closed","ping_status":"closed","sticky":false,"template":"","format":"standard","meta":{"site-sidebar-layout":"default","site-content-layout":"","ast-site-content-layout":"","site-content-style":"default","site-sidebar-style":"default","ast-global-header-display":"","ast-banner-title-visibility":"","ast-main-header-display":"","ast-hfb-above-header-display":"","ast-hfb-below-header-display":"","ast-hfb-mobile-header-display":"","site-post-title":"","ast-breadcrumbs-content":"","ast-featured-img":"","footer-sml-layout":"","theme-transparent-header-meta":"","adv-header-id-meta":"","stick-header-meta":"","header-above-stick-meta":"","header-main-stick-meta":"","header-below-stick-meta":"","astra-migrate-meta-layouts":"default","ast-page-background-enabled":"default","ast-page-background-meta":{"desktop":{"background-color":"var(--ast-global-color-4)","background-image":"","background-repeat":"repeat","background-position":"center center","background-size":"auto","background-attachment":"scroll","background-type":"","background-media":"","overlay-type":"","overlay-color":"","overlay-opacity":"","overlay-gradient":""},"tablet":{"background-color":"","background-image":"","background-repeat":"repeat","background-position":"center center","background-size":"auto","background-attachment":"scroll","background-type":"","background-media":"","overlay-type":"","overlay-color":"","overlay-opacity":"","overlay-gradient":""},"mobile":{"background-color":"","background-image":"","background-repeat":"repeat","background-position":"center center","background-size":"auto","background-attachment":"scroll","background-type":"","background-media":"","overlay-type":"","overlay-color":"","overlay-opacity":"","overlay-gradient":""}},"ast-content-background-meta":{"desktop":{"background-color":"var(--ast-global-color-5)","background-image":"","background-repeat":"repeat","background-position":"center center","background-size":"auto","background-attachment":"scroll","background-type":"","background-media":"","overlay-type":"","overlay-color":"","overlay-opacity":"","overlay-gradient":""},"tablet":{"background-color":"var(--ast-global-color-5)","background-image":"","background-repeat":"repeat","background-position":"center center","background-size":"auto","background-attachment":"scroll","background-type":"","background-media":"","overlay-type":"","overlay-color":"","overlay-opacity":"","overlay-gradient":""},"mobile":{"background-color":"var(--ast-global-color-5)","background-image":"","background-repeat":"repeat","background-position":"center center","background-size":"auto","background-attachment":"scroll","background-type":"","background-media":"","overlay-type":"","overlay-color":"","overlay-opacity":"","overlay-gradient":""}},"footnotes":""},"categories":[33],"tags":[],"class_list":["post-7726","post","type-post","status-publish","format-standard","hentry","category-archiv-2013"],"yoast_head":"<!-- This site is optimized with the Yoast SEO plugin v27.4 - https:\/\/yoast.com\/product\/yoast-seo-wordpress\/ -->\n<title>Pestros\u0165 vodn\u00e9ho vt\u00e1ctva v pal\u00e1ci - Pova\u017esk\u00e9 m\u00fazeum<\/title>\n<meta name=\"robots\" content=\"index, follow, max-snippet:-1, max-image-preview:large, max-video-preview:-1\" \/>\n<link rel=\"canonical\" href=\"https:\/\/pmza.sk\/?p=7726\" \/>\n<meta property=\"og:locale\" content=\"sk_SK\" \/>\n<meta property=\"og:type\" content=\"article\" \/>\n<meta property=\"og:title\" content=\"Pestros\u0165 vodn\u00e9ho vt\u00e1ctva v pal\u00e1ci - Pova\u017esk\u00e9 m\u00fazeum\" \/>\n<meta property=\"og:description\" content=\"Po \u00faspe\u0161nej v\u00fdstave drav\u00fdch vt\u00e1kov, ktor\u00e1 bola n\u00e1v\u0161tevn\u00edkom spr\u00edstupnen\u00e1 na hrade Stre\u010dno, tentoraz pracovn\u00edci zoologickej sekcie Pova\u017esk\u00e9ho m\u00fazea zaostrili svoju pozornos\u0165 na vodn\u00e9 vt\u00e1ky. V\u00fdstava dermoplastick\u00fdch prepar\u00e1tov vodn\u00fdch vt\u00e1kov pod n\u00e1zvom Vodn\u00fd svet je pokusom o\u00a0zachytenie \u010dasti nesmiernej rozmanitosti \u017eivota v na\u0161ich\u00a0sladkovodn\u00fdch ekosyst\u00e9moch. Zameriava sa na vodn\u00e9 vt\u00e1ctvo, pre ktor\u00e9 je rieka V\u00e1h biotopom, zimoviskom, [&hellip;]\" \/>\n<meta property=\"og:url\" content=\"https:\/\/pmza.sk\/?p=7726\" \/>\n<meta property=\"og:site_name\" content=\"Pova\u017esk\u00e9 m\u00fazeum\" \/>\n<meta property=\"article:publisher\" content=\"https:\/\/www.facebook.com\/povazskemuzeum\" \/>\n<meta property=\"article:published_time\" content=\"2013-06-27T12:20:07+00:00\" \/>\n<meta property=\"og:image\" content=\"https:\/\/pmza.sk.sk\/wp-content\/uploads\/2013\/06\/227-300x200.jpg\" \/>\n<meta name=\"author\" content=\"Pova\u017esk\u00e9 m\u00fazeum\" \/>\n<meta name=\"twitter:card\" content=\"summary_large_image\" \/>\n<meta name=\"twitter:label1\" content=\"Autor\" \/>\n\t<meta name=\"twitter:data1\" content=\"Pova\u017esk\u00e9 m\u00fazeum\" \/>\n\t<meta name=\"twitter:label2\" content=\"Predpokladan\u00fd \u010das \u010d\u00edtania\" \/>\n\t<meta name=\"twitter:data2\" content=\"2 min\u00faty\" \/>\n<script type=\"application\/ld+json\" class=\"yoast-schema-graph\">{\"@context\":\"https:\\\/\\\/schema.org\",\"@graph\":[{\"@type\":\"Article\",\"@id\":\"https:\\\/\\\/pmza.sk\\\/?p=7726#article\",\"isPartOf\":{\"@id\":\"https:\\\/\\\/pmza.sk\\\/?p=7726\"},\"author\":{\"name\":\"Pova\u017esk\u00e9 m\u00fazeum\",\"@id\":\"https:\\\/\\\/pmza.sk\\\/#\\\/schema\\\/person\\\/595e6a2ce731ea94dcd5d7f50a41ae33\"},\"headline\":\"Pestros\u0165 vodn\u00e9ho vt\u00e1ctva v pal\u00e1ci\",\"datePublished\":\"2013-06-27T12:20:07+00:00\",\"mainEntityOfPage\":{\"@id\":\"https:\\\/\\\/pmza.sk\\\/?p=7726\"},\"wordCount\":415,\"publisher\":{\"@id\":\"https:\\\/\\\/pmza.sk\\\/#organization\"},\"image\":{\"@id\":\"https:\\\/\\\/pmza.sk\\\/?p=7726#primaryimage\"},\"thumbnailUrl\":\"http:\\\/\\\/pmza.sk.sk\\\/wp-content\\\/uploads\\\/2013\\\/06\\\/227-300x200.jpg\",\"articleSection\":[\"Arch\u00edv 2013\"],\"inLanguage\":\"sk-SK\"},{\"@type\":\"WebPage\",\"@id\":\"https:\\\/\\\/pmza.sk\\\/?p=7726\",\"url\":\"https:\\\/\\\/pmza.sk\\\/?p=7726\",\"name\":\"Pestros\u0165 vodn\u00e9ho vt\u00e1ctva v pal\u00e1ci - Pova\u017esk\u00e9 m\u00fazeum\",\"isPartOf\":{\"@id\":\"https:\\\/\\\/pmza.sk\\\/#website\"},\"primaryImageOfPage\":{\"@id\":\"https:\\\/\\\/pmza.sk\\\/?p=7726#primaryimage\"},\"image\":{\"@id\":\"https:\\\/\\\/pmza.sk\\\/?p=7726#primaryimage\"},\"thumbnailUrl\":\"http:\\\/\\\/pmza.sk.sk\\\/wp-content\\\/uploads\\\/2013\\\/06\\\/227-300x200.jpg\",\"datePublished\":\"2013-06-27T12:20:07+00:00\",\"breadcrumb\":{\"@id\":\"https:\\\/\\\/pmza.sk\\\/?p=7726#breadcrumb\"},\"inLanguage\":\"sk-SK\",\"potentialAction\":[{\"@type\":\"ReadAction\",\"target\":[\"https:\\\/\\\/pmza.sk\\\/?p=7726\"]}]},{\"@type\":\"ImageObject\",\"inLanguage\":\"sk-SK\",\"@id\":\"https:\\\/\\\/pmza.sk\\\/?p=7726#primaryimage\",\"url\":\"http:\\\/\\\/pmza.sk.sk\\\/wp-content\\\/uploads\\\/2013\\\/06\\\/227-300x200.jpg\",\"contentUrl\":\"http:\\\/\\\/pmza.sk.sk\\\/wp-content\\\/uploads\\\/2013\\\/06\\\/227-300x200.jpg\"},{\"@type\":\"BreadcrumbList\",\"@id\":\"https:\\\/\\\/pmza.sk\\\/?p=7726#breadcrumb\",\"itemListElement\":[{\"@type\":\"ListItem\",\"position\":1,\"name\":\"Domovsk\u00e1 str\u00e1nka\",\"item\":\"https:\\\/\\\/pmza.sk\\\/\"},{\"@type\":\"ListItem\",\"position\":2,\"name\":\"Pestros\u0165 vodn\u00e9ho vt\u00e1ctva v pal\u00e1ci\"}]},{\"@type\":\"WebSite\",\"@id\":\"https:\\\/\\\/pmza.sk\\\/#website\",\"url\":\"https:\\\/\\\/pmza.sk\\\/\",\"name\":\"Pova\u017esk\u00e9 m\u00fazeum\",\"description\":\"Pova\u017esk\u00e9 m\u00fazeum v \u017diline je region\u00e1lne m\u00fazeum so s\u00eddlom v Budat\u00edne. Jeho expoz\u00edcie s\u00fa zameran\u00e9 na dejiny slovensk\u00e9ho umenia, kult\u00fary a dopravy.\",\"publisher\":{\"@id\":\"https:\\\/\\\/pmza.sk\\\/#organization\"},\"potentialAction\":[{\"@type\":\"SearchAction\",\"target\":{\"@type\":\"EntryPoint\",\"urlTemplate\":\"https:\\\/\\\/pmza.sk\\\/?s={search_term_string}\"},\"query-input\":{\"@type\":\"PropertyValueSpecification\",\"valueRequired\":true,\"valueName\":\"search_term_string\"}}],\"inLanguage\":\"sk-SK\"},{\"@type\":\"Organization\",\"@id\":\"https:\\\/\\\/pmza.sk\\\/#organization\",\"name\":\"Pova\u017esk\u00e9 m\u00fazeum\",\"url\":\"https:\\\/\\\/pmza.sk\\\/\",\"logo\":{\"@type\":\"ImageObject\",\"inLanguage\":\"sk-SK\",\"@id\":\"https:\\\/\\\/pmza.sk\\\/#\\\/schema\\\/logo\\\/image\\\/\",\"url\":\"https:\\\/\\\/pmza.sk\\\/wp-content\\\/uploads\\\/2022\\\/01\\\/logo_PM_horizontal.jpg\",\"contentUrl\":\"https:\\\/\\\/pmza.sk\\\/wp-content\\\/uploads\\\/2022\\\/01\\\/logo_PM_horizontal.jpg\",\"width\":231,\"height\":142,\"caption\":\"Pova\u017esk\u00e9 m\u00fazeum\"},\"image\":{\"@id\":\"https:\\\/\\\/pmza.sk\\\/#\\\/schema\\\/logo\\\/image\\\/\"},\"sameAs\":[\"https:\\\/\\\/www.facebook.com\\\/povazskemuzeum\",\"https:\\\/\\\/www.instagram.com\\\/povazskemuzeum\\\/\"]},{\"@type\":\"Person\",\"@id\":\"https:\\\/\\\/pmza.sk\\\/#\\\/schema\\\/person\\\/595e6a2ce731ea94dcd5d7f50a41ae33\",\"name\":\"Pova\u017esk\u00e9 m\u00fazeum\",\"image\":{\"@type\":\"ImageObject\",\"inLanguage\":\"sk-SK\",\"@id\":\"https:\\\/\\\/secure.gravatar.com\\\/avatar\\\/2bb7f1561282132fb5826dfeccc66c7996d11ee392ac6aaf7ced8a1c2027fbb2?s=96&d=mm&r=g\",\"url\":\"https:\\\/\\\/secure.gravatar.com\\\/avatar\\\/2bb7f1561282132fb5826dfeccc66c7996d11ee392ac6aaf7ced8a1c2027fbb2?s=96&d=mm&r=g\",\"contentUrl\":\"https:\\\/\\\/secure.gravatar.com\\\/avatar\\\/2bb7f1561282132fb5826dfeccc66c7996d11ee392ac6aaf7ced8a1c2027fbb2?s=96&d=mm&r=g\",\"caption\":\"Pova\u017esk\u00e9 m\u00fazeum\"}}]}<\/script>\n<!-- \/ Yoast SEO plugin. -->","yoast_head_json":{"title":"Pestros\u0165 vodn\u00e9ho vt\u00e1ctva v pal\u00e1ci - Pova\u017esk\u00e9 m\u00fazeum","robots":{"index":"index","follow":"follow","max-snippet":"max-snippet:-1","max-image-preview":"max-image-preview:large","max-video-preview":"max-video-preview:-1"},"canonical":"https:\/\/pmza.sk\/?p=7726","og_locale":"sk_SK","og_type":"article","og_title":"Pestros\u0165 vodn\u00e9ho vt\u00e1ctva v pal\u00e1ci - Pova\u017esk\u00e9 m\u00fazeum","og_description":"Po \u00faspe\u0161nej v\u00fdstave drav\u00fdch vt\u00e1kov, ktor\u00e1 bola n\u00e1v\u0161tevn\u00edkom spr\u00edstupnen\u00e1 na hrade Stre\u010dno, tentoraz pracovn\u00edci zoologickej sekcie Pova\u017esk\u00e9ho m\u00fazea zaostrili svoju pozornos\u0165 na vodn\u00e9 vt\u00e1ky. V\u00fdstava dermoplastick\u00fdch prepar\u00e1tov vodn\u00fdch vt\u00e1kov pod n\u00e1zvom Vodn\u00fd svet je pokusom o\u00a0zachytenie \u010dasti nesmiernej rozmanitosti \u017eivota v na\u0161ich\u00a0sladkovodn\u00fdch ekosyst\u00e9moch. Zameriava sa na vodn\u00e9 vt\u00e1ctvo, pre ktor\u00e9 je rieka V\u00e1h biotopom, zimoviskom, [&hellip;]","og_url":"https:\/\/pmza.sk\/?p=7726","og_site_name":"Pova\u017esk\u00e9 m\u00fazeum","article_publisher":"https:\/\/www.facebook.com\/povazskemuzeum","article_published_time":"2013-06-27T12:20:07+00:00","og_image":[{"url":"https:\/\/pmza.sk.sk\/wp-content\/uploads\/2013\/06\/227-300x200.jpg","type":"","width":"","height":""}],"author":"Pova\u017esk\u00e9 m\u00fazeum","twitter_card":"summary_large_image","twitter_misc":{"Autor":"Pova\u017esk\u00e9 m\u00fazeum","Predpokladan\u00fd \u010das \u010d\u00edtania":"2 min\u00faty"},"schema":{"@context":"https:\/\/schema.org","@graph":[{"@type":"Article","@id":"https:\/\/pmza.sk\/?p=7726#article","isPartOf":{"@id":"https:\/\/pmza.sk\/?p=7726"},"author":{"name":"Pova\u017esk\u00e9 m\u00fazeum","@id":"https:\/\/pmza.sk\/#\/schema\/person\/595e6a2ce731ea94dcd5d7f50a41ae33"},"headline":"Pestros\u0165 vodn\u00e9ho vt\u00e1ctva v pal\u00e1ci","datePublished":"2013-06-27T12:20:07+00:00","mainEntityOfPage":{"@id":"https:\/\/pmza.sk\/?p=7726"},"wordCount":415,"publisher":{"@id":"https:\/\/pmza.sk\/#organization"},"image":{"@id":"https:\/\/pmza.sk\/?p=7726#primaryimage"},"thumbnailUrl":"https:\/\/pmza.sk.sk\/wp-content\/uploads\/2013\/06\/227-300x200.jpg","articleSection":["Arch\u00edv 2013"],"inLanguage":"sk-SK"},{"@type":"WebPage","@id":"https:\/\/pmza.sk\/?p=7726","url":"https:\/\/pmza.sk\/?p=7726","name":"Pestros\u0165 vodn\u00e9ho vt\u00e1ctva v pal\u00e1ci - Pova\u017esk\u00e9 m\u00fazeum","isPartOf":{"@id":"https:\/\/pmza.sk\/#website"},"primaryImageOfPage":{"@id":"https:\/\/pmza.sk\/?p=7726#primaryimage"},"image":{"@id":"https:\/\/pmza.sk\/?p=7726#primaryimage"},"thumbnailUrl":"https:\/\/pmza.sk.sk\/wp-content\/uploads\/2013\/06\/227-300x200.jpg","datePublished":"2013-06-27T12:20:07+00:00","breadcrumb":{"@id":"https:\/\/pmza.sk\/?p=7726#breadcrumb"},"inLanguage":"sk-SK","potentialAction":[{"@type":"ReadAction","target":["https:\/\/pmza.sk\/?p=7726"]}]},{"@type":"ImageObject","inLanguage":"sk-SK","@id":"https:\/\/pmza.sk\/?p=7726#primaryimage","url":"https:\/\/pmza.sk.sk\/wp-content\/uploads\/2013\/06\/227-300x200.jpg","contentUrl":"https:\/\/pmza.sk.sk\/wp-content\/uploads\/2013\/06\/227-300x200.jpg"},{"@type":"BreadcrumbList","@id":"https:\/\/pmza.sk\/?p=7726#breadcrumb","itemListElement":[{"@type":"ListItem","position":1,"name":"Domovsk\u00e1 str\u00e1nka","item":"https:\/\/pmza.sk\/"},{"@type":"ListItem","position":2,"name":"Pestros\u0165 vodn\u00e9ho vt\u00e1ctva v pal\u00e1ci"}]},{"@type":"WebSite","@id":"https:\/\/pmza.sk\/#website","url":"https:\/\/pmza.sk\/","name":"Pova\u017esk\u00e9 m\u00fazeum","description":"Pova\u017esk\u00e9 m\u00fazeum v \u017diline je region\u00e1lne m\u00fazeum so s\u00eddlom v Budat\u00edne. Jeho expoz\u00edcie s\u00fa zameran\u00e9 na dejiny slovensk\u00e9ho umenia, kult\u00fary a dopravy.","publisher":{"@id":"https:\/\/pmza.sk\/#organization"},"potentialAction":[{"@type":"SearchAction","target":{"@type":"EntryPoint","urlTemplate":"https:\/\/pmza.sk\/?s={search_term_string}"},"query-input":{"@type":"PropertyValueSpecification","valueRequired":true,"valueName":"search_term_string"}}],"inLanguage":"sk-SK"},{"@type":"Organization","@id":"https:\/\/pmza.sk\/#organization","name":"Pova\u017esk\u00e9 m\u00fazeum","url":"https:\/\/pmza.sk\/","logo":{"@type":"ImageObject","inLanguage":"sk-SK","@id":"https:\/\/pmza.sk\/#\/schema\/logo\/image\/","url":"https:\/\/pmza.sk\/wp-content\/uploads\/2022\/01\/logo_PM_horizontal.jpg","contentUrl":"https:\/\/pmza.sk\/wp-content\/uploads\/2022\/01\/logo_PM_horizontal.jpg","width":231,"height":142,"caption":"Pova\u017esk\u00e9 m\u00fazeum"},"image":{"@id":"https:\/\/pmza.sk\/#\/schema\/logo\/image\/"},"sameAs":["https:\/\/www.facebook.com\/povazskemuzeum","https:\/\/www.instagram.com\/povazskemuzeum\/"]},{"@type":"Person","@id":"https:\/\/pmza.sk\/#\/schema\/person\/595e6a2ce731ea94dcd5d7f50a41ae33","name":"Pova\u017esk\u00e9 m\u00fazeum","image":{"@type":"ImageObject","inLanguage":"sk-SK","@id":"https:\/\/secure.gravatar.com\/avatar\/2bb7f1561282132fb5826dfeccc66c7996d11ee392ac6aaf7ced8a1c2027fbb2?s=96&d=mm&r=g","url":"https:\/\/secure.gravatar.com\/avatar\/2bb7f1561282132fb5826dfeccc66c7996d11ee392ac6aaf7ced8a1c2027fbb2?s=96&d=mm&r=g","contentUrl":"https:\/\/secure.gravatar.com\/avatar\/2bb7f1561282132fb5826dfeccc66c7996d11ee392ac6aaf7ced8a1c2027fbb2?s=96&d=mm&r=g","caption":"Pova\u017esk\u00e9 m\u00fazeum"}}]}},"_links":{"self":[{"href":"https:\/\/pmza.sk\/index.php?rest_route=\/wp\/v2\/posts\/7726","targetHints":{"allow":["GET"]}}],"collection":[{"href":"https:\/\/pmza.sk\/index.php?rest_route=\/wp\/v2\/posts"}],"about":[{"href":"https:\/\/pmza.sk\/index.php?rest_route=\/wp\/v2\/types\/post"}],"author":[{"embeddable":true,"href":"https:\/\/pmza.sk\/index.php?rest_route=\/wp\/v2\/users\/2"}],"replies":[{"embeddable":true,"href":"https:\/\/pmza.sk\/index.php?rest_route=%2Fwp%2Fv2%2Fcomments&post=7726"}],"version-history":[{"count":0,"href":"https:\/\/pmza.sk\/index.php?rest_route=\/wp\/v2\/posts\/7726\/revisions"}],"wp:attachment":[{"href":"https:\/\/pmza.sk\/index.php?rest_route=%2Fwp%2Fv2%2Fmedia&parent=7726"}],"wp:term":[{"taxonomy":"category","embeddable":true,"href":"https:\/\/pmza.sk\/index.php?rest_route=%2Fwp%2Fv2%2Fcategories&post=7726"},{"taxonomy":"post_tag","embeddable":true,"href":"https:\/\/pmza.sk\/index.php?rest_route=%2Fwp%2Fv2%2Ftags&post=7726"}],"curies":[{"name":"wp","href":"https:\/\/api.w.org\/{rel}","templated":true}]}}