{"id":7730,"date":"2013-06-27T14:24:21","date_gmt":"2013-06-27T12:24:21","guid":{"rendered":"https:\/\/pmza.sk.sk\/?p=7730"},"modified":"2013-06-27T14:24:21","modified_gmt":"2013-06-27T12:24:21","slug":"7730","status":"publish","type":"post","link":"https:\/\/pmza.sk\/?p=7730","title":{"rendered":"Hrad Stre\u010dno \u010dakal rok, k\u00fdm mu op\u00e4\u0165 za\u010dne stra\u0161i\u0165 vo ve\u017ei"},"content":{"rendered":"<p><a href=\"https:\/\/pmza.sk\/wp-content\/uploads\/2013\/06\/IMG_68232.jpg\"><img fetchpriority=\"high\" decoding=\"async\" class=\"alignleft size-medium wp-image-7731\" style=\"border: 2px solid black; margin: 4px;\" title=\"IMG_6823\" src=\"https:\/\/pmza.sk.sk\/wp-content\/uploads\/2013\/06\/IMG_68232-300x200.jpg\" alt=\"\" width=\"300\" height=\"200\" \/><\/a>Prv\u00fa tohtoro\u010dn\u00fa pr\u00e1zdninov\u00fa noc obsadia stre\u010dniansky hrad nad\u0161en\u00ed vedci v\u0161etk\u00fdch \u010dias. Predstavia n\u00e1m tienist\u00e9 str\u00e1nky svojich mysteri\u00f3znych vyn\u00e1lezov a\u00a0odhalia pr\u00edbehy o\u00a0ich vzniku. U\u017e v\u00a0piatok <strong>5. j\u00fala 2013<\/strong> sa uskuto\u010dn\u00ed no\u010dn\u00e1 prehliadka hradu okorenen\u00e1 nielen o ved\u00e1torov a\u00a0ministra\u0161idielka, ale aj\u00a0in\u00e9 tajomn\u00e9 bytosti \u010di oh\u0148ov\u00fa show.<em> \u201eNo\u010dn\u00e9 prehliadky patria k\u00a0najob\u013e\u00fabenej\u0161\u00edm podujatiam na hrade Stre\u010dno. Prv\u00e1 tohtoro\u010dn\u00e1 stra\u0161ideln\u00e1 prehliadka z\u00a0cyklu Stre\u010dniansky des s\u013eubuje nov\u00e9 prekvapenia s\u00a0primeranou d\u00e1vkou strachu, ale predov\u0161etk\u00fdm z\u00e1bavy. Nielen oh\u0148om, hudbou, ale predov\u0161etk\u00fdm novou t\u00e9mou sa sna\u017e\u00edme spestri\u0165 no\u010dn\u00e9 putovanie na\u0161im hradom pre skaln\u00fdch, ale aj nov\u00fdch n\u00e1v\u0161tevn\u00edkov,\u201c <\/em>povedala kastel\u00e1nka hradu, Katar\u00edna Rep\u00e1\u0148ov\u00e1. <!--more-->Na hlavnom n\u00e1dvor\u00ed budeme svedkami toho, ako sa Dr. Frankenstein pomocou svojich asistentov a\u00a0m\u00e9di\u00ed pok\u00fasi vytvori\u0165 svojho homuncula<em>. \u201eMo\u017eno sa kus tejto bytosti ukr\u00fdva priamo vo v\u00e1s a\u00a0my ju z\u00a0v\u00e1\u0161ho tela vysek\u00e1me von. Navy\u0161e, t\u00ed z\u00a0v\u00e1s, ktor\u00ed pr\u00eddu so zauj\u00edmavou pokr\u00fdvkou hlavy \u010di kreat\u00edvnym \u00fa\u010desom, z\u00edskaj\u00fa ocenenie priamo od stra\u0161ideln\u00fdch vyn\u00e1lezcov,\u201c<\/em> tvrd\u00ed Luk\u00e1\u0161 Tandara z\u00a0divadelno-improviza\u010dnej skupiny Kapor na sc\u00e9ne. Div\u00e1ci tak bud\u00fa m\u00f4c\u0165 za\u017ei\u0165 nebezpe\u010denstv\u00e1 genetick\u00e9ho in\u017einierstva a\u00a0novodob\u00fdch technol\u00f3gi\u00ed po\u010das celej prehliadky. O oh\u0148ov\u00fa show, ktor\u00e1 sa bude nies\u0165 v\u00a0znamen\u00ed tanca, divadla a\u00a0umenia, sa postar\u00e1 skupina Eiwhana zo \u017diliny. <em>\u201eTanec je sprev\u00e1dzan\u00fd strhuj\u00facou a\u00a0dynamickou hudbou, ktor\u00e1 z\u00a0tohto\u00a0ve\u010dera urob\u00ed magick\u00fa noc, o\u010dar\u00ed nejedn\u00e9ho div\u00e1ka a\u00a0zavedie ho do sveta pln\u00e9ho fant\u00e1zie a\u00a0mystiky,\u201c<\/em> povedala Denisa Funt\u00edkov\u00e1, \u010dlenka oh\u0148ovej skupiny.<\/p>\n<p>Organiz\u00e1torom prvej letnej no\u010dnej prehliadky hradom Stre\u010dno pod n\u00e1zvom <strong>Stre\u010dniansky des<\/strong>, ktor\u00e1 sa uskuto\u010dn\u00ed <strong>v\u00a0piatok 5. j\u00fala 2013 od 20.00 hod. do 23.00 hod. s\u00a0posledn\u00fdm vstupom o\u00a022.30 hod.,<\/strong> je Pova\u017esk\u00e9 m\u00fazeum v\u00a0\u017diline v\u00a0zria\u010fovate\u013eskej p\u00f4sobnosti \u017dilinsk\u00e9ho samospr\u00e1vneho kraja.<\/p>\n","protected":false},"excerpt":{"rendered":"<p>Prv\u00fa tohtoro\u010dn\u00fa pr\u00e1zdninov\u00fa noc obsadia stre\u010dniansky hrad nad\u0161en\u00ed vedci v\u0161etk\u00fdch \u010dias. Predstavia n\u00e1m tienist\u00e9 str\u00e1nky svojich mysteri\u00f3znych vyn\u00e1lezov a\u00a0odhalia pr\u00edbehy o\u00a0ich vzniku. U\u017e v\u00a0piatok 5. j\u00fala 2013 sa uskuto\u010dn\u00ed no\u010dn\u00e1 prehliadka hradu okorenen\u00e1 nielen o ved\u00e1torov a\u00a0ministra\u0161idielka, ale aj\u00a0in\u00e9 tajomn\u00e9 bytosti \u010di oh\u0148ov\u00fa show. \u201eNo\u010dn\u00e9 prehliadky patria k\u00a0najob\u013e\u00fabenej\u0161\u00edm podujatiam na hrade Stre\u010dno. Prv\u00e1 tohtoro\u010dn\u00e1 stra\u0161ideln\u00e1 [&hellip;]<\/p>\n","protected":false},"author":2,"featured_media":0,"comment_status":"closed","ping_status":"closed","sticky":false,"template":"","format":"standard","meta":{"site-sidebar-layout":"default","site-content-layout":"","ast-site-content-layout":"","site-content-style":"default","site-sidebar-style":"default","ast-global-header-display":"","ast-banner-title-visibility":"","ast-main-header-display":"","ast-hfb-above-header-display":"","ast-hfb-below-header-display":"","ast-hfb-mobile-header-display":"","site-post-title":"","ast-breadcrumbs-content":"","ast-featured-img":"","footer-sml-layout":"","theme-transparent-header-meta":"","adv-header-id-meta":"","stick-header-meta":"","header-above-stick-meta":"","header-main-stick-meta":"","header-below-stick-meta":"","astra-migrate-meta-layouts":"default","ast-page-background-enabled":"default","ast-page-background-meta":{"desktop":{"background-color":"var(--ast-global-color-4)","background-image":"","background-repeat":"repeat","background-position":"center center","background-size":"auto","background-attachment":"scroll","background-type":"","background-media":"","overlay-type":"","overlay-color":"","overlay-opacity":"","overlay-gradient":""},"tablet":{"background-color":"","background-image":"","background-repeat":"repeat","background-position":"center center","background-size":"auto","background-attachment":"scroll","background-type":"","background-media":"","overlay-type":"","overlay-color":"","overlay-opacity":"","overlay-gradient":""},"mobile":{"background-color":"","background-image":"","background-repeat":"repeat","background-position":"center center","background-size":"auto","background-attachment":"scroll","background-type":"","background-media":"","overlay-type":"","overlay-color":"","overlay-opacity":"","overlay-gradient":""}},"ast-content-background-meta":{"desktop":{"background-color":"var(--ast-global-color-5)","background-image":"","background-repeat":"repeat","background-position":"center center","background-size":"auto","background-attachment":"scroll","background-type":"","background-media":"","overlay-type":"","overlay-color":"","overlay-opacity":"","overlay-gradient":""},"tablet":{"background-color":"var(--ast-global-color-5)","background-image":"","background-repeat":"repeat","background-position":"center center","background-size":"auto","background-attachment":"scroll","background-type":"","background-media":"","overlay-type":"","overlay-color":"","overlay-opacity":"","overlay-gradient":""},"mobile":{"background-color":"var(--ast-global-color-5)","background-image":"","background-repeat":"repeat","background-position":"center center","background-size":"auto","background-attachment":"scroll","background-type":"","background-media":"","overlay-type":"","overlay-color":"","overlay-opacity":"","overlay-gradient":""}},"footnotes":""},"categories":[33],"tags":[],"class_list":["post-7730","post","type-post","status-publish","format-standard","hentry","category-archiv-2013"],"yoast_head":"<!-- This site is optimized with the Yoast SEO plugin v27.4 - https:\/\/yoast.com\/product\/yoast-seo-wordpress\/ -->\n<title>Hrad Stre\u010dno \u010dakal rok, k\u00fdm mu op\u00e4\u0165 za\u010dne stra\u0161i\u0165 vo ve\u017ei - Pova\u017esk\u00e9 m\u00fazeum<\/title>\n<meta name=\"robots\" content=\"index, follow, max-snippet:-1, max-image-preview:large, max-video-preview:-1\" \/>\n<link rel=\"canonical\" href=\"https:\/\/pmza.sk\/?p=7730\" \/>\n<meta property=\"og:locale\" content=\"sk_SK\" \/>\n<meta property=\"og:type\" content=\"article\" \/>\n<meta property=\"og:title\" content=\"Hrad Stre\u010dno \u010dakal rok, k\u00fdm mu op\u00e4\u0165 za\u010dne stra\u0161i\u0165 vo ve\u017ei - Pova\u017esk\u00e9 m\u00fazeum\" \/>\n<meta property=\"og:description\" content=\"Prv\u00fa tohtoro\u010dn\u00fa pr\u00e1zdninov\u00fa noc obsadia stre\u010dniansky hrad nad\u0161en\u00ed vedci v\u0161etk\u00fdch \u010dias. Predstavia n\u00e1m tienist\u00e9 str\u00e1nky svojich mysteri\u00f3znych vyn\u00e1lezov a\u00a0odhalia pr\u00edbehy o\u00a0ich vzniku. U\u017e v\u00a0piatok 5. j\u00fala 2013 sa uskuto\u010dn\u00ed no\u010dn\u00e1 prehliadka hradu okorenen\u00e1 nielen o ved\u00e1torov a\u00a0ministra\u0161idielka, ale aj\u00a0in\u00e9 tajomn\u00e9 bytosti \u010di oh\u0148ov\u00fa show. \u201eNo\u010dn\u00e9 prehliadky patria k\u00a0najob\u013e\u00fabenej\u0161\u00edm podujatiam na hrade Stre\u010dno. Prv\u00e1 tohtoro\u010dn\u00e1 stra\u0161ideln\u00e1 [&hellip;]\" \/>\n<meta property=\"og:url\" content=\"https:\/\/pmza.sk\/?p=7730\" \/>\n<meta property=\"og:site_name\" content=\"Pova\u017esk\u00e9 m\u00fazeum\" \/>\n<meta property=\"article:publisher\" content=\"https:\/\/www.facebook.com\/povazskemuzeum\" \/>\n<meta property=\"article:published_time\" content=\"2013-06-27T12:24:21+00:00\" \/>\n<meta property=\"og:image\" content=\"https:\/\/pmza.sk.sk\/wp-content\/uploads\/2013\/06\/IMG_68232-300x200.jpg\" \/>\n<meta name=\"author\" content=\"Pova\u017esk\u00e9 m\u00fazeum\" \/>\n<meta name=\"twitter:card\" content=\"summary_large_image\" \/>\n<meta name=\"twitter:label1\" content=\"Autor\" \/>\n\t<meta name=\"twitter:data1\" content=\"Pova\u017esk\u00e9 m\u00fazeum\" \/>\n\t<meta name=\"twitter:label2\" content=\"Predpokladan\u00fd \u010das \u010d\u00edtania\" \/>\n\t<meta name=\"twitter:data2\" content=\"2 min\u00faty\" \/>\n<script type=\"application\/ld+json\" class=\"yoast-schema-graph\">{\"@context\":\"https:\\\/\\\/schema.org\",\"@graph\":[{\"@type\":\"Article\",\"@id\":\"https:\\\/\\\/pmza.sk\\\/?p=7730#article\",\"isPartOf\":{\"@id\":\"https:\\\/\\\/pmza.sk\\\/?p=7730\"},\"author\":{\"name\":\"Pova\u017esk\u00e9 m\u00fazeum\",\"@id\":\"https:\\\/\\\/pmza.sk\\\/#\\\/schema\\\/person\\\/595e6a2ce731ea94dcd5d7f50a41ae33\"},\"headline\":\"Hrad Stre\u010dno \u010dakal rok, k\u00fdm mu op\u00e4\u0165 za\u010dne stra\u0161i\u0165 vo ve\u017ei\",\"datePublished\":\"2013-06-27T12:24:21+00:00\",\"mainEntityOfPage\":{\"@id\":\"https:\\\/\\\/pmza.sk\\\/?p=7730\"},\"wordCount\":380,\"publisher\":{\"@id\":\"https:\\\/\\\/pmza.sk\\\/#organization\"},\"image\":{\"@id\":\"https:\\\/\\\/pmza.sk\\\/?p=7730#primaryimage\"},\"thumbnailUrl\":\"http:\\\/\\\/pmza.sk.sk\\\/wp-content\\\/uploads\\\/2013\\\/06\\\/IMG_68232-300x200.jpg\",\"articleSection\":[\"Arch\u00edv 2013\"],\"inLanguage\":\"sk-SK\"},{\"@type\":\"WebPage\",\"@id\":\"https:\\\/\\\/pmza.sk\\\/?p=7730\",\"url\":\"https:\\\/\\\/pmza.sk\\\/?p=7730\",\"name\":\"Hrad Stre\u010dno \u010dakal rok, k\u00fdm mu op\u00e4\u0165 za\u010dne stra\u0161i\u0165 vo ve\u017ei - Pova\u017esk\u00e9 m\u00fazeum\",\"isPartOf\":{\"@id\":\"https:\\\/\\\/pmza.sk\\\/#website\"},\"primaryImageOfPage\":{\"@id\":\"https:\\\/\\\/pmza.sk\\\/?p=7730#primaryimage\"},\"image\":{\"@id\":\"https:\\\/\\\/pmza.sk\\\/?p=7730#primaryimage\"},\"thumbnailUrl\":\"http:\\\/\\\/pmza.sk.sk\\\/wp-content\\\/uploads\\\/2013\\\/06\\\/IMG_68232-300x200.jpg\",\"datePublished\":\"2013-06-27T12:24:21+00:00\",\"breadcrumb\":{\"@id\":\"https:\\\/\\\/pmza.sk\\\/?p=7730#breadcrumb\"},\"inLanguage\":\"sk-SK\",\"potentialAction\":[{\"@type\":\"ReadAction\",\"target\":[\"https:\\\/\\\/pmza.sk\\\/?p=7730\"]}]},{\"@type\":\"ImageObject\",\"inLanguage\":\"sk-SK\",\"@id\":\"https:\\\/\\\/pmza.sk\\\/?p=7730#primaryimage\",\"url\":\"http:\\\/\\\/pmza.sk.sk\\\/wp-content\\\/uploads\\\/2013\\\/06\\\/IMG_68232-300x200.jpg\",\"contentUrl\":\"http:\\\/\\\/pmza.sk.sk\\\/wp-content\\\/uploads\\\/2013\\\/06\\\/IMG_68232-300x200.jpg\"},{\"@type\":\"BreadcrumbList\",\"@id\":\"https:\\\/\\\/pmza.sk\\\/?p=7730#breadcrumb\",\"itemListElement\":[{\"@type\":\"ListItem\",\"position\":1,\"name\":\"Domovsk\u00e1 str\u00e1nka\",\"item\":\"https:\\\/\\\/pmza.sk\\\/\"},{\"@type\":\"ListItem\",\"position\":2,\"name\":\"Hrad Stre\u010dno \u010dakal rok, k\u00fdm mu op\u00e4\u0165 za\u010dne stra\u0161i\u0165 vo ve\u017ei\"}]},{\"@type\":\"WebSite\",\"@id\":\"https:\\\/\\\/pmza.sk\\\/#website\",\"url\":\"https:\\\/\\\/pmza.sk\\\/\",\"name\":\"Pova\u017esk\u00e9 m\u00fazeum\",\"description\":\"Pova\u017esk\u00e9 m\u00fazeum v \u017diline je region\u00e1lne m\u00fazeum so s\u00eddlom v Budat\u00edne. Jeho expoz\u00edcie s\u00fa zameran\u00e9 na dejiny slovensk\u00e9ho umenia, kult\u00fary a dopravy.\",\"publisher\":{\"@id\":\"https:\\\/\\\/pmza.sk\\\/#organization\"},\"potentialAction\":[{\"@type\":\"SearchAction\",\"target\":{\"@type\":\"EntryPoint\",\"urlTemplate\":\"https:\\\/\\\/pmza.sk\\\/?s={search_term_string}\"},\"query-input\":{\"@type\":\"PropertyValueSpecification\",\"valueRequired\":true,\"valueName\":\"search_term_string\"}}],\"inLanguage\":\"sk-SK\"},{\"@type\":\"Organization\",\"@id\":\"https:\\\/\\\/pmza.sk\\\/#organization\",\"name\":\"Pova\u017esk\u00e9 m\u00fazeum\",\"url\":\"https:\\\/\\\/pmza.sk\\\/\",\"logo\":{\"@type\":\"ImageObject\",\"inLanguage\":\"sk-SK\",\"@id\":\"https:\\\/\\\/pmza.sk\\\/#\\\/schema\\\/logo\\\/image\\\/\",\"url\":\"https:\\\/\\\/pmza.sk\\\/wp-content\\\/uploads\\\/2022\\\/01\\\/logo_PM_horizontal.jpg\",\"contentUrl\":\"https:\\\/\\\/pmza.sk\\\/wp-content\\\/uploads\\\/2022\\\/01\\\/logo_PM_horizontal.jpg\",\"width\":231,\"height\":142,\"caption\":\"Pova\u017esk\u00e9 m\u00fazeum\"},\"image\":{\"@id\":\"https:\\\/\\\/pmza.sk\\\/#\\\/schema\\\/logo\\\/image\\\/\"},\"sameAs\":[\"https:\\\/\\\/www.facebook.com\\\/povazskemuzeum\",\"https:\\\/\\\/www.instagram.com\\\/povazskemuzeum\\\/\"]},{\"@type\":\"Person\",\"@id\":\"https:\\\/\\\/pmza.sk\\\/#\\\/schema\\\/person\\\/595e6a2ce731ea94dcd5d7f50a41ae33\",\"name\":\"Pova\u017esk\u00e9 m\u00fazeum\",\"image\":{\"@type\":\"ImageObject\",\"inLanguage\":\"sk-SK\",\"@id\":\"https:\\\/\\\/secure.gravatar.com\\\/avatar\\\/2bb7f1561282132fb5826dfeccc66c7996d11ee392ac6aaf7ced8a1c2027fbb2?s=96&d=mm&r=g\",\"url\":\"https:\\\/\\\/secure.gravatar.com\\\/avatar\\\/2bb7f1561282132fb5826dfeccc66c7996d11ee392ac6aaf7ced8a1c2027fbb2?s=96&d=mm&r=g\",\"contentUrl\":\"https:\\\/\\\/secure.gravatar.com\\\/avatar\\\/2bb7f1561282132fb5826dfeccc66c7996d11ee392ac6aaf7ced8a1c2027fbb2?s=96&d=mm&r=g\",\"caption\":\"Pova\u017esk\u00e9 m\u00fazeum\"}}]}<\/script>\n<!-- \/ Yoast SEO plugin. -->","yoast_head_json":{"title":"Hrad Stre\u010dno \u010dakal rok, k\u00fdm mu op\u00e4\u0165 za\u010dne stra\u0161i\u0165 vo ve\u017ei - Pova\u017esk\u00e9 m\u00fazeum","robots":{"index":"index","follow":"follow","max-snippet":"max-snippet:-1","max-image-preview":"max-image-preview:large","max-video-preview":"max-video-preview:-1"},"canonical":"https:\/\/pmza.sk\/?p=7730","og_locale":"sk_SK","og_type":"article","og_title":"Hrad Stre\u010dno \u010dakal rok, k\u00fdm mu op\u00e4\u0165 za\u010dne stra\u0161i\u0165 vo ve\u017ei - Pova\u017esk\u00e9 m\u00fazeum","og_description":"Prv\u00fa tohtoro\u010dn\u00fa pr\u00e1zdninov\u00fa noc obsadia stre\u010dniansky hrad nad\u0161en\u00ed vedci v\u0161etk\u00fdch \u010dias. Predstavia n\u00e1m tienist\u00e9 str\u00e1nky svojich mysteri\u00f3znych vyn\u00e1lezov a\u00a0odhalia pr\u00edbehy o\u00a0ich vzniku. U\u017e v\u00a0piatok 5. j\u00fala 2013 sa uskuto\u010dn\u00ed no\u010dn\u00e1 prehliadka hradu okorenen\u00e1 nielen o ved\u00e1torov a\u00a0ministra\u0161idielka, ale aj\u00a0in\u00e9 tajomn\u00e9 bytosti \u010di oh\u0148ov\u00fa show. \u201eNo\u010dn\u00e9 prehliadky patria k\u00a0najob\u013e\u00fabenej\u0161\u00edm podujatiam na hrade Stre\u010dno. Prv\u00e1 tohtoro\u010dn\u00e1 stra\u0161ideln\u00e1 [&hellip;]","og_url":"https:\/\/pmza.sk\/?p=7730","og_site_name":"Pova\u017esk\u00e9 m\u00fazeum","article_publisher":"https:\/\/www.facebook.com\/povazskemuzeum","article_published_time":"2013-06-27T12:24:21+00:00","og_image":[{"url":"https:\/\/pmza.sk.sk\/wp-content\/uploads\/2013\/06\/IMG_68232-300x200.jpg","type":"","width":"","height":""}],"author":"Pova\u017esk\u00e9 m\u00fazeum","twitter_card":"summary_large_image","twitter_misc":{"Autor":"Pova\u017esk\u00e9 m\u00fazeum","Predpokladan\u00fd \u010das \u010d\u00edtania":"2 min\u00faty"},"schema":{"@context":"https:\/\/schema.org","@graph":[{"@type":"Article","@id":"https:\/\/pmza.sk\/?p=7730#article","isPartOf":{"@id":"https:\/\/pmza.sk\/?p=7730"},"author":{"name":"Pova\u017esk\u00e9 m\u00fazeum","@id":"https:\/\/pmza.sk\/#\/schema\/person\/595e6a2ce731ea94dcd5d7f50a41ae33"},"headline":"Hrad Stre\u010dno \u010dakal rok, k\u00fdm mu op\u00e4\u0165 za\u010dne stra\u0161i\u0165 vo ve\u017ei","datePublished":"2013-06-27T12:24:21+00:00","mainEntityOfPage":{"@id":"https:\/\/pmza.sk\/?p=7730"},"wordCount":380,"publisher":{"@id":"https:\/\/pmza.sk\/#organization"},"image":{"@id":"https:\/\/pmza.sk\/?p=7730#primaryimage"},"thumbnailUrl":"https:\/\/pmza.sk.sk\/wp-content\/uploads\/2013\/06\/IMG_68232-300x200.jpg","articleSection":["Arch\u00edv 2013"],"inLanguage":"sk-SK"},{"@type":"WebPage","@id":"https:\/\/pmza.sk\/?p=7730","url":"https:\/\/pmza.sk\/?p=7730","name":"Hrad Stre\u010dno \u010dakal rok, k\u00fdm mu op\u00e4\u0165 za\u010dne stra\u0161i\u0165 vo ve\u017ei - Pova\u017esk\u00e9 m\u00fazeum","isPartOf":{"@id":"https:\/\/pmza.sk\/#website"},"primaryImageOfPage":{"@id":"https:\/\/pmza.sk\/?p=7730#primaryimage"},"image":{"@id":"https:\/\/pmza.sk\/?p=7730#primaryimage"},"thumbnailUrl":"https:\/\/pmza.sk.sk\/wp-content\/uploads\/2013\/06\/IMG_68232-300x200.jpg","datePublished":"2013-06-27T12:24:21+00:00","breadcrumb":{"@id":"https:\/\/pmza.sk\/?p=7730#breadcrumb"},"inLanguage":"sk-SK","potentialAction":[{"@type":"ReadAction","target":["https:\/\/pmza.sk\/?p=7730"]}]},{"@type":"ImageObject","inLanguage":"sk-SK","@id":"https:\/\/pmza.sk\/?p=7730#primaryimage","url":"https:\/\/pmza.sk.sk\/wp-content\/uploads\/2013\/06\/IMG_68232-300x200.jpg","contentUrl":"https:\/\/pmza.sk.sk\/wp-content\/uploads\/2013\/06\/IMG_68232-300x200.jpg"},{"@type":"BreadcrumbList","@id":"https:\/\/pmza.sk\/?p=7730#breadcrumb","itemListElement":[{"@type":"ListItem","position":1,"name":"Domovsk\u00e1 str\u00e1nka","item":"https:\/\/pmza.sk\/"},{"@type":"ListItem","position":2,"name":"Hrad Stre\u010dno \u010dakal rok, k\u00fdm mu op\u00e4\u0165 za\u010dne stra\u0161i\u0165 vo ve\u017ei"}]},{"@type":"WebSite","@id":"https:\/\/pmza.sk\/#website","url":"https:\/\/pmza.sk\/","name":"Pova\u017esk\u00e9 m\u00fazeum","description":"Pova\u017esk\u00e9 m\u00fazeum v \u017diline je region\u00e1lne m\u00fazeum so s\u00eddlom v Budat\u00edne. Jeho expoz\u00edcie s\u00fa zameran\u00e9 na dejiny slovensk\u00e9ho umenia, kult\u00fary a dopravy.","publisher":{"@id":"https:\/\/pmza.sk\/#organization"},"potentialAction":[{"@type":"SearchAction","target":{"@type":"EntryPoint","urlTemplate":"https:\/\/pmza.sk\/?s={search_term_string}"},"query-input":{"@type":"PropertyValueSpecification","valueRequired":true,"valueName":"search_term_string"}}],"inLanguage":"sk-SK"},{"@type":"Organization","@id":"https:\/\/pmza.sk\/#organization","name":"Pova\u017esk\u00e9 m\u00fazeum","url":"https:\/\/pmza.sk\/","logo":{"@type":"ImageObject","inLanguage":"sk-SK","@id":"https:\/\/pmza.sk\/#\/schema\/logo\/image\/","url":"https:\/\/pmza.sk\/wp-content\/uploads\/2022\/01\/logo_PM_horizontal.jpg","contentUrl":"https:\/\/pmza.sk\/wp-content\/uploads\/2022\/01\/logo_PM_horizontal.jpg","width":231,"height":142,"caption":"Pova\u017esk\u00e9 m\u00fazeum"},"image":{"@id":"https:\/\/pmza.sk\/#\/schema\/logo\/image\/"},"sameAs":["https:\/\/www.facebook.com\/povazskemuzeum","https:\/\/www.instagram.com\/povazskemuzeum\/"]},{"@type":"Person","@id":"https:\/\/pmza.sk\/#\/schema\/person\/595e6a2ce731ea94dcd5d7f50a41ae33","name":"Pova\u017esk\u00e9 m\u00fazeum","image":{"@type":"ImageObject","inLanguage":"sk-SK","@id":"https:\/\/secure.gravatar.com\/avatar\/2bb7f1561282132fb5826dfeccc66c7996d11ee392ac6aaf7ced8a1c2027fbb2?s=96&d=mm&r=g","url":"https:\/\/secure.gravatar.com\/avatar\/2bb7f1561282132fb5826dfeccc66c7996d11ee392ac6aaf7ced8a1c2027fbb2?s=96&d=mm&r=g","contentUrl":"https:\/\/secure.gravatar.com\/avatar\/2bb7f1561282132fb5826dfeccc66c7996d11ee392ac6aaf7ced8a1c2027fbb2?s=96&d=mm&r=g","caption":"Pova\u017esk\u00e9 m\u00fazeum"}}]}},"_links":{"self":[{"href":"https:\/\/pmza.sk\/index.php?rest_route=\/wp\/v2\/posts\/7730","targetHints":{"allow":["GET"]}}],"collection":[{"href":"https:\/\/pmza.sk\/index.php?rest_route=\/wp\/v2\/posts"}],"about":[{"href":"https:\/\/pmza.sk\/index.php?rest_route=\/wp\/v2\/types\/post"}],"author":[{"embeddable":true,"href":"https:\/\/pmza.sk\/index.php?rest_route=\/wp\/v2\/users\/2"}],"replies":[{"embeddable":true,"href":"https:\/\/pmza.sk\/index.php?rest_route=%2Fwp%2Fv2%2Fcomments&post=7730"}],"version-history":[{"count":0,"href":"https:\/\/pmza.sk\/index.php?rest_route=\/wp\/v2\/posts\/7730\/revisions"}],"wp:attachment":[{"href":"https:\/\/pmza.sk\/index.php?rest_route=%2Fwp%2Fv2%2Fmedia&parent=7730"}],"wp:term":[{"taxonomy":"category","embeddable":true,"href":"https:\/\/pmza.sk\/index.php?rest_route=%2Fwp%2Fv2%2Fcategories&post=7730"},{"taxonomy":"post_tag","embeddable":true,"href":"https:\/\/pmza.sk\/index.php?rest_route=%2Fwp%2Fv2%2Ftags&post=7730"}],"curies":[{"name":"wp","href":"https:\/\/api.w.org\/{rel}","templated":true}]}}