{"id":77593,"date":"2026-04-20T11:24:22","date_gmt":"2026-04-20T09:24:22","guid":{"rendered":"https:\/\/pmza.sk\/?p=77593"},"modified":"2026-04-20T11:24:22","modified_gmt":"2026-04-20T09:24:22","slug":"retrospektiva","status":"publish","type":"post","link":"https:\/\/pmza.sk\/?p=77593","title":{"rendered":"Retrospekt\u00edva"},"content":{"rendered":"<p>Autorsk\u00fd projekt Retrospekt\u00edva prezentovan\u00fd v Drot\u00e1rskom pavil\u00f3ne v are\u00e1li Budat\u00ednskeho hradu prostredn\u00edctvom v\u00fdstavy s rovnomenn\u00fdm n\u00e1zvom sa zameriava na reflexiu a hodnotenie doteraj\u0161ej tvorby textilnej v\u00fdtvarn\u00ed\u010dky Andrei Lachovej. Jej hlavn\u00fdm m\u00e9diom je nielen pr\u00e1ca s textilom, ale aj s dr\u00f4tom spracovan\u00fdm r\u00f4znymi textiln\u00fdmi technikami. V r\u00e1mci prezentovan\u00e9ho projektu autorka n\u00e1v\u0161tevn\u00edkom predstav\u00ed aj s\u00e9riu najnov\u0161\u00edch diel, ktor\u00e9 abstraktn\u00fdm sp\u00f4sobom zobrazuj\u00fa \u010dasov\u00e9 \u00faseky jej \u017eivota a z\u00e1rove\u0148 nadv\u00e4zuj\u00fa na textiln\u00fa i drot\u00e1rsku trad\u00edciu. Klasick\u00e9 drot\u00e1rske a textiln\u00e9 remeslo v nich transformuje do s\u00fa\u010dasnej formy, pr\u00ed\u0165a\u017elivej najm\u00e4 pre mlad\u00fa gener\u00e1ciu.<\/p>\n<p>Autorkou vystavovan\u00fdch diel a koncepcie je Andrea Lachov\u00e1, kur\u00e1torom v\u00fdstavy je historik umenia Zdeno Hogh.<\/p>\n<div class=\"wp-block-image\"><img fetchpriority=\"high\" decoding=\"async\" class=\"wpa-warning wpa-image-missing-alt alignnone size-medium wp-image-77597\" src=\"https:\/\/pmza.sk\/wp-content\/uploads\/2026\/04\/Retrospektiva_plagat_nas-255x360.jpg\" alt=\"\" width=\"255\" height=\"360\" data-warning=\"Missing alt text\" srcset=\"https:\/\/pmza.sk\/wp-content\/uploads\/2026\/04\/Retrospektiva_plagat_nas-255x360.jpg 255w, https:\/\/pmza.sk\/wp-content\/uploads\/2026\/04\/Retrospektiva_plagat_nas-521x736.jpg 521w, https:\/\/pmza.sk\/wp-content\/uploads\/2026\/04\/Retrospektiva_plagat_nas-768x1086.jpg 768w, https:\/\/pmza.sk\/wp-content\/uploads\/2026\/04\/Retrospektiva_plagat_nas-1086x1536.jpg 1086w, https:\/\/pmza.sk\/wp-content\/uploads\/2026\/04\/Retrospektiva_plagat_nas-1448x2048.jpg 1448w, https:\/\/pmza.sk\/wp-content\/uploads\/2026\/04\/Retrospektiva_plagat_nas-600x848.jpg 600w, https:\/\/pmza.sk\/wp-content\/uploads\/2026\/04\/Retrospektiva_plagat_nas-scaled.jpg 1810w\" sizes=\"(max-width: 255px) 100vw, 255px\" \/><\/div>\n<div>Plag\u00e1t v plnej ve\u013ekosti <a href=\"https:\/\/pmza.sk\/wp-content\/uploads\/2026\/04\/Retrospektiva_plagat_nas.pdf\">TU<\/a><\/div>\n<p>&nbsp;<\/p>\n","protected":false},"excerpt":{"rendered":"<p>Autorsk\u00fd projekt Retrospekt\u00edva prezentovan\u00fd v Drot\u00e1rskom pavil\u00f3ne v are\u00e1li Budat\u00ednskeho hradu prostredn\u00edctvom v\u00fdstavy s rovnomenn\u00fdm n\u00e1zvom sa zameriava na reflexiu a hodnotenie doteraj\u0161ej tvorby textilnej v\u00fdtvarn\u00ed\u010dky Andrei Lachovej. Jej hlavn\u00fdm m\u00e9diom je nielen pr\u00e1ca s textilom, ale aj s dr\u00f4tom spracovan\u00fdm r\u00f4znymi textiln\u00fdmi technikami. V r\u00e1mci prezentovan\u00e9ho projektu autorka n\u00e1v\u0161tevn\u00edkom predstav\u00ed aj s\u00e9riu najnov\u0161\u00edch diel, [&hellip;]<\/p>\n","protected":false},"author":2,"featured_media":77599,"comment_status":"closed","ping_status":"closed","sticky":false,"template":"","format":"standard","meta":{"site-sidebar-layout":"default","site-content-layout":"","ast-site-content-layout":"default","site-content-style":"default","site-sidebar-style":"default","ast-global-header-display":"","ast-banner-title-visibility":"","ast-main-header-display":"","ast-hfb-above-header-display":"","ast-hfb-below-header-display":"","ast-hfb-mobile-header-display":"","site-post-title":"","ast-breadcrumbs-content":"","ast-featured-img":"","footer-sml-layout":"","theme-transparent-header-meta":"default","adv-header-id-meta":"","stick-header-meta":"default","header-above-stick-meta":"","header-main-stick-meta":"","header-below-stick-meta":"","astra-migrate-meta-layouts":"set","ast-page-background-enabled":"default","ast-page-background-meta":{"desktop":{"background-color":"var(--ast-global-color-4)","background-image":"","background-repeat":"repeat","background-position":"center center","background-size":"auto","background-attachment":"scroll","background-type":"","background-media":"","overlay-type":"","overlay-color":"","overlay-opacity":"","overlay-gradient":""},"tablet":{"background-color":"","background-image":"","background-repeat":"repeat","background-position":"center center","background-size":"auto","background-attachment":"scroll","background-type":"","background-media":"","overlay-type":"","overlay-color":"","overlay-opacity":"","overlay-gradient":""},"mobile":{"background-color":"","background-image":"","background-repeat":"repeat","background-position":"center center","background-size":"auto","background-attachment":"scroll","background-type":"","background-media":"","overlay-type":"","overlay-color":"","overlay-opacity":"","overlay-gradient":""}},"ast-content-background-meta":{"desktop":{"background-color":"var(--ast-global-color-5)","background-image":"","background-repeat":"repeat","background-position":"center center","background-size":"auto","background-attachment":"scroll","background-type":"","background-media":"","overlay-type":"","overlay-color":"","overlay-opacity":"","overlay-gradient":""},"tablet":{"background-color":"var(--ast-global-color-5)","background-image":"","background-repeat":"repeat","background-position":"center center","background-size":"auto","background-attachment":"scroll","background-type":"","background-media":"","overlay-type":"","overlay-color":"","overlay-opacity":"","overlay-gradient":""},"mobile":{"background-color":"var(--ast-global-color-5)","background-image":"","background-repeat":"repeat","background-position":"center center","background-size":"auto","background-attachment":"scroll","background-type":"","background-media":"","overlay-type":"","overlay-color":"","overlay-opacity":"","overlay-gradient":""}},"footnotes":""},"categories":[72],"tags":[73],"class_list":["post-77593","post","type-post","status-publish","format-standard","has-post-thumbnail","hentry","category-vystavy","tag-uvod"],"yoast_head":"<!-- This site is optimized with the Yoast SEO plugin v27.4 - https:\/\/yoast.com\/product\/yoast-seo-wordpress\/ -->\n<title>Retrospekt\u00edva - Pova\u017esk\u00e9 m\u00fazeum<\/title>\n<meta name=\"robots\" content=\"index, follow, max-snippet:-1, max-image-preview:large, max-video-preview:-1\" \/>\n<link rel=\"canonical\" href=\"https:\/\/pmza.sk\/?p=77593\" \/>\n<meta property=\"og:locale\" content=\"sk_SK\" \/>\n<meta property=\"og:type\" content=\"article\" \/>\n<meta property=\"og:title\" content=\"Retrospekt\u00edva - Pova\u017esk\u00e9 m\u00fazeum\" \/>\n<meta property=\"og:description\" content=\"Autorsk\u00fd projekt Retrospekt\u00edva prezentovan\u00fd v Drot\u00e1rskom pavil\u00f3ne v are\u00e1li Budat\u00ednskeho hradu prostredn\u00edctvom v\u00fdstavy s rovnomenn\u00fdm n\u00e1zvom sa zameriava na reflexiu a hodnotenie doteraj\u0161ej tvorby textilnej v\u00fdtvarn\u00ed\u010dky Andrei Lachovej. Jej hlavn\u00fdm m\u00e9diom je nielen pr\u00e1ca s textilom, ale aj s dr\u00f4tom spracovan\u00fdm r\u00f4znymi textiln\u00fdmi technikami. V r\u00e1mci prezentovan\u00e9ho projektu autorka n\u00e1v\u0161tevn\u00edkom predstav\u00ed aj s\u00e9riu najnov\u0161\u00edch diel, [&hellip;]\" \/>\n<meta property=\"og:url\" content=\"https:\/\/pmza.sk\/?p=77593\" \/>\n<meta property=\"og:site_name\" content=\"Pova\u017esk\u00e9 m\u00fazeum\" \/>\n<meta property=\"article:publisher\" content=\"https:\/\/www.facebook.com\/povazskemuzeum\" \/>\n<meta property=\"article:published_time\" content=\"2026-04-20T09:24:22+00:00\" \/>\n<meta property=\"og:image\" content=\"https:\/\/pmza.sk\/wp-content\/uploads\/2026\/04\/Retrospektiva_web.jpg\" \/>\n\t<meta property=\"og:image:width\" content=\"2000\" \/>\n\t<meta property=\"og:image:height\" content=\"2000\" \/>\n\t<meta property=\"og:image:type\" content=\"image\/jpeg\" \/>\n<meta name=\"author\" content=\"Pova\u017esk\u00e9 m\u00fazeum\" \/>\n<meta name=\"twitter:card\" content=\"summary_large_image\" \/>\n<meta name=\"twitter:label1\" content=\"Autor\" \/>\n\t<meta name=\"twitter:data1\" content=\"Pova\u017esk\u00e9 m\u00fazeum\" \/>\n\t<meta name=\"twitter:label2\" content=\"Predpokladan\u00fd \u010das \u010d\u00edtania\" \/>\n\t<meta name=\"twitter:data2\" content=\"1 min\u00fata\" \/>\n<script type=\"application\/ld+json\" class=\"yoast-schema-graph\">{\"@context\":\"https:\\\/\\\/schema.org\",\"@graph\":[{\"@type\":\"Article\",\"@id\":\"https:\\\/\\\/pmza.sk\\\/?p=77593#article\",\"isPartOf\":{\"@id\":\"https:\\\/\\\/pmza.sk\\\/?p=77593\"},\"author\":{\"name\":\"Pova\u017esk\u00e9 m\u00fazeum\",\"@id\":\"https:\\\/\\\/pmza.sk\\\/#\\\/schema\\\/person\\\/595e6a2ce731ea94dcd5d7f50a41ae33\"},\"headline\":\"Retrospekt\u00edva\",\"datePublished\":\"2026-04-20T09:24:22+00:00\",\"mainEntityOfPage\":{\"@id\":\"https:\\\/\\\/pmza.sk\\\/?p=77593\"},\"wordCount\":152,\"publisher\":{\"@id\":\"https:\\\/\\\/pmza.sk\\\/#organization\"},\"image\":{\"@id\":\"https:\\\/\\\/pmza.sk\\\/?p=77593#primaryimage\"},\"thumbnailUrl\":\"https:\\\/\\\/pmza.sk\\\/wp-content\\\/uploads\\\/2026\\\/04\\\/Retrospektiva_web.jpg\",\"keywords\":[\"\u00davod\"],\"articleSection\":[\"V\u00fdstavy\"],\"inLanguage\":\"sk-SK\"},{\"@type\":\"WebPage\",\"@id\":\"https:\\\/\\\/pmza.sk\\\/?p=77593\",\"url\":\"https:\\\/\\\/pmza.sk\\\/?p=77593\",\"name\":\"Retrospekt\u00edva - Pova\u017esk\u00e9 m\u00fazeum\",\"isPartOf\":{\"@id\":\"https:\\\/\\\/pmza.sk\\\/#website\"},\"primaryImageOfPage\":{\"@id\":\"https:\\\/\\\/pmza.sk\\\/?p=77593#primaryimage\"},\"image\":{\"@id\":\"https:\\\/\\\/pmza.sk\\\/?p=77593#primaryimage\"},\"thumbnailUrl\":\"https:\\\/\\\/pmza.sk\\\/wp-content\\\/uploads\\\/2026\\\/04\\\/Retrospektiva_web.jpg\",\"datePublished\":\"2026-04-20T09:24:22+00:00\",\"breadcrumb\":{\"@id\":\"https:\\\/\\\/pmza.sk\\\/?p=77593#breadcrumb\"},\"inLanguage\":\"sk-SK\",\"potentialAction\":[{\"@type\":\"ReadAction\",\"target\":[\"https:\\\/\\\/pmza.sk\\\/?p=77593\"]}]},{\"@type\":\"ImageObject\",\"inLanguage\":\"sk-SK\",\"@id\":\"https:\\\/\\\/pmza.sk\\\/?p=77593#primaryimage\",\"url\":\"https:\\\/\\\/pmza.sk\\\/wp-content\\\/uploads\\\/2026\\\/04\\\/Retrospektiva_web.jpg\",\"contentUrl\":\"https:\\\/\\\/pmza.sk\\\/wp-content\\\/uploads\\\/2026\\\/04\\\/Retrospektiva_web.jpg\",\"width\":2000,\"height\":2000},{\"@type\":\"BreadcrumbList\",\"@id\":\"https:\\\/\\\/pmza.sk\\\/?p=77593#breadcrumb\",\"itemListElement\":[{\"@type\":\"ListItem\",\"position\":1,\"name\":\"Domovsk\u00e1 str\u00e1nka\",\"item\":\"https:\\\/\\\/pmza.sk\\\/\"},{\"@type\":\"ListItem\",\"position\":2,\"name\":\"Retrospekt\u00edva\"}]},{\"@type\":\"WebSite\",\"@id\":\"https:\\\/\\\/pmza.sk\\\/#website\",\"url\":\"https:\\\/\\\/pmza.sk\\\/\",\"name\":\"Pova\u017esk\u00e9 m\u00fazeum\",\"description\":\"Pova\u017esk\u00e9 m\u00fazeum v \u017diline je region\u00e1lne m\u00fazeum so s\u00eddlom v Budat\u00edne. Jeho expoz\u00edcie s\u00fa zameran\u00e9 na dejiny slovensk\u00e9ho umenia, kult\u00fary a dopravy.\",\"publisher\":{\"@id\":\"https:\\\/\\\/pmza.sk\\\/#organization\"},\"potentialAction\":[{\"@type\":\"SearchAction\",\"target\":{\"@type\":\"EntryPoint\",\"urlTemplate\":\"https:\\\/\\\/pmza.sk\\\/?s={search_term_string}\"},\"query-input\":{\"@type\":\"PropertyValueSpecification\",\"valueRequired\":true,\"valueName\":\"search_term_string\"}}],\"inLanguage\":\"sk-SK\"},{\"@type\":\"Organization\",\"@id\":\"https:\\\/\\\/pmza.sk\\\/#organization\",\"name\":\"Pova\u017esk\u00e9 m\u00fazeum\",\"url\":\"https:\\\/\\\/pmza.sk\\\/\",\"logo\":{\"@type\":\"ImageObject\",\"inLanguage\":\"sk-SK\",\"@id\":\"https:\\\/\\\/pmza.sk\\\/#\\\/schema\\\/logo\\\/image\\\/\",\"url\":\"https:\\\/\\\/pmza.sk\\\/wp-content\\\/uploads\\\/2022\\\/01\\\/logo_PM_horizontal.jpg\",\"contentUrl\":\"https:\\\/\\\/pmza.sk\\\/wp-content\\\/uploads\\\/2022\\\/01\\\/logo_PM_horizontal.jpg\",\"width\":231,\"height\":142,\"caption\":\"Pova\u017esk\u00e9 m\u00fazeum\"},\"image\":{\"@id\":\"https:\\\/\\\/pmza.sk\\\/#\\\/schema\\\/logo\\\/image\\\/\"},\"sameAs\":[\"https:\\\/\\\/www.facebook.com\\\/povazskemuzeum\",\"https:\\\/\\\/www.instagram.com\\\/povazskemuzeum\\\/\"]},{\"@type\":\"Person\",\"@id\":\"https:\\\/\\\/pmza.sk\\\/#\\\/schema\\\/person\\\/595e6a2ce731ea94dcd5d7f50a41ae33\",\"name\":\"Pova\u017esk\u00e9 m\u00fazeum\",\"image\":{\"@type\":\"ImageObject\",\"inLanguage\":\"sk-SK\",\"@id\":\"https:\\\/\\\/secure.gravatar.com\\\/avatar\\\/2bb7f1561282132fb5826dfeccc66c7996d11ee392ac6aaf7ced8a1c2027fbb2?s=96&d=mm&r=g\",\"url\":\"https:\\\/\\\/secure.gravatar.com\\\/avatar\\\/2bb7f1561282132fb5826dfeccc66c7996d11ee392ac6aaf7ced8a1c2027fbb2?s=96&d=mm&r=g\",\"contentUrl\":\"https:\\\/\\\/secure.gravatar.com\\\/avatar\\\/2bb7f1561282132fb5826dfeccc66c7996d11ee392ac6aaf7ced8a1c2027fbb2?s=96&d=mm&r=g\",\"caption\":\"Pova\u017esk\u00e9 m\u00fazeum\"}}]}<\/script>\n<!-- \/ Yoast SEO plugin. -->","yoast_head_json":{"title":"Retrospekt\u00edva - Pova\u017esk\u00e9 m\u00fazeum","robots":{"index":"index","follow":"follow","max-snippet":"max-snippet:-1","max-image-preview":"max-image-preview:large","max-video-preview":"max-video-preview:-1"},"canonical":"https:\/\/pmza.sk\/?p=77593","og_locale":"sk_SK","og_type":"article","og_title":"Retrospekt\u00edva - Pova\u017esk\u00e9 m\u00fazeum","og_description":"Autorsk\u00fd projekt Retrospekt\u00edva prezentovan\u00fd v Drot\u00e1rskom pavil\u00f3ne v are\u00e1li Budat\u00ednskeho hradu prostredn\u00edctvom v\u00fdstavy s rovnomenn\u00fdm n\u00e1zvom sa zameriava na reflexiu a hodnotenie doteraj\u0161ej tvorby textilnej v\u00fdtvarn\u00ed\u010dky Andrei Lachovej. Jej hlavn\u00fdm m\u00e9diom je nielen pr\u00e1ca s textilom, ale aj s dr\u00f4tom spracovan\u00fdm r\u00f4znymi textiln\u00fdmi technikami. V r\u00e1mci prezentovan\u00e9ho projektu autorka n\u00e1v\u0161tevn\u00edkom predstav\u00ed aj s\u00e9riu najnov\u0161\u00edch diel, [&hellip;]","og_url":"https:\/\/pmza.sk\/?p=77593","og_site_name":"Pova\u017esk\u00e9 m\u00fazeum","article_publisher":"https:\/\/www.facebook.com\/povazskemuzeum","article_published_time":"2026-04-20T09:24:22+00:00","og_image":[{"width":2000,"height":2000,"url":"https:\/\/pmza.sk\/wp-content\/uploads\/2026\/04\/Retrospektiva_web.jpg","type":"image\/jpeg"}],"author":"Pova\u017esk\u00e9 m\u00fazeum","twitter_card":"summary_large_image","twitter_misc":{"Autor":"Pova\u017esk\u00e9 m\u00fazeum","Predpokladan\u00fd \u010das \u010d\u00edtania":"1 min\u00fata"},"schema":{"@context":"https:\/\/schema.org","@graph":[{"@type":"Article","@id":"https:\/\/pmza.sk\/?p=77593#article","isPartOf":{"@id":"https:\/\/pmza.sk\/?p=77593"},"author":{"name":"Pova\u017esk\u00e9 m\u00fazeum","@id":"https:\/\/pmza.sk\/#\/schema\/person\/595e6a2ce731ea94dcd5d7f50a41ae33"},"headline":"Retrospekt\u00edva","datePublished":"2026-04-20T09:24:22+00:00","mainEntityOfPage":{"@id":"https:\/\/pmza.sk\/?p=77593"},"wordCount":152,"publisher":{"@id":"https:\/\/pmza.sk\/#organization"},"image":{"@id":"https:\/\/pmza.sk\/?p=77593#primaryimage"},"thumbnailUrl":"https:\/\/pmza.sk\/wp-content\/uploads\/2026\/04\/Retrospektiva_web.jpg","keywords":["\u00davod"],"articleSection":["V\u00fdstavy"],"inLanguage":"sk-SK"},{"@type":"WebPage","@id":"https:\/\/pmza.sk\/?p=77593","url":"https:\/\/pmza.sk\/?p=77593","name":"Retrospekt\u00edva - Pova\u017esk\u00e9 m\u00fazeum","isPartOf":{"@id":"https:\/\/pmza.sk\/#website"},"primaryImageOfPage":{"@id":"https:\/\/pmza.sk\/?p=77593#primaryimage"},"image":{"@id":"https:\/\/pmza.sk\/?p=77593#primaryimage"},"thumbnailUrl":"https:\/\/pmza.sk\/wp-content\/uploads\/2026\/04\/Retrospektiva_web.jpg","datePublished":"2026-04-20T09:24:22+00:00","breadcrumb":{"@id":"https:\/\/pmza.sk\/?p=77593#breadcrumb"},"inLanguage":"sk-SK","potentialAction":[{"@type":"ReadAction","target":["https:\/\/pmza.sk\/?p=77593"]}]},{"@type":"ImageObject","inLanguage":"sk-SK","@id":"https:\/\/pmza.sk\/?p=77593#primaryimage","url":"https:\/\/pmza.sk\/wp-content\/uploads\/2026\/04\/Retrospektiva_web.jpg","contentUrl":"https:\/\/pmza.sk\/wp-content\/uploads\/2026\/04\/Retrospektiva_web.jpg","width":2000,"height":2000},{"@type":"BreadcrumbList","@id":"https:\/\/pmza.sk\/?p=77593#breadcrumb","itemListElement":[{"@type":"ListItem","position":1,"name":"Domovsk\u00e1 str\u00e1nka","item":"https:\/\/pmza.sk\/"},{"@type":"ListItem","position":2,"name":"Retrospekt\u00edva"}]},{"@type":"WebSite","@id":"https:\/\/pmza.sk\/#website","url":"https:\/\/pmza.sk\/","name":"Pova\u017esk\u00e9 m\u00fazeum","description":"Pova\u017esk\u00e9 m\u00fazeum v \u017diline je region\u00e1lne m\u00fazeum so s\u00eddlom v Budat\u00edne. Jeho expoz\u00edcie s\u00fa zameran\u00e9 na dejiny slovensk\u00e9ho umenia, kult\u00fary a dopravy.","publisher":{"@id":"https:\/\/pmza.sk\/#organization"},"potentialAction":[{"@type":"SearchAction","target":{"@type":"EntryPoint","urlTemplate":"https:\/\/pmza.sk\/?s={search_term_string}"},"query-input":{"@type":"PropertyValueSpecification","valueRequired":true,"valueName":"search_term_string"}}],"inLanguage":"sk-SK"},{"@type":"Organization","@id":"https:\/\/pmza.sk\/#organization","name":"Pova\u017esk\u00e9 m\u00fazeum","url":"https:\/\/pmza.sk\/","logo":{"@type":"ImageObject","inLanguage":"sk-SK","@id":"https:\/\/pmza.sk\/#\/schema\/logo\/image\/","url":"https:\/\/pmza.sk\/wp-content\/uploads\/2022\/01\/logo_PM_horizontal.jpg","contentUrl":"https:\/\/pmza.sk\/wp-content\/uploads\/2022\/01\/logo_PM_horizontal.jpg","width":231,"height":142,"caption":"Pova\u017esk\u00e9 m\u00fazeum"},"image":{"@id":"https:\/\/pmza.sk\/#\/schema\/logo\/image\/"},"sameAs":["https:\/\/www.facebook.com\/povazskemuzeum","https:\/\/www.instagram.com\/povazskemuzeum\/"]},{"@type":"Person","@id":"https:\/\/pmza.sk\/#\/schema\/person\/595e6a2ce731ea94dcd5d7f50a41ae33","name":"Pova\u017esk\u00e9 m\u00fazeum","image":{"@type":"ImageObject","inLanguage":"sk-SK","@id":"https:\/\/secure.gravatar.com\/avatar\/2bb7f1561282132fb5826dfeccc66c7996d11ee392ac6aaf7ced8a1c2027fbb2?s=96&d=mm&r=g","url":"https:\/\/secure.gravatar.com\/avatar\/2bb7f1561282132fb5826dfeccc66c7996d11ee392ac6aaf7ced8a1c2027fbb2?s=96&d=mm&r=g","contentUrl":"https:\/\/secure.gravatar.com\/avatar\/2bb7f1561282132fb5826dfeccc66c7996d11ee392ac6aaf7ced8a1c2027fbb2?s=96&d=mm&r=g","caption":"Pova\u017esk\u00e9 m\u00fazeum"}}]}},"_links":{"self":[{"href":"https:\/\/pmza.sk\/index.php?rest_route=\/wp\/v2\/posts\/77593","targetHints":{"allow":["GET"]}}],"collection":[{"href":"https:\/\/pmza.sk\/index.php?rest_route=\/wp\/v2\/posts"}],"about":[{"href":"https:\/\/pmza.sk\/index.php?rest_route=\/wp\/v2\/types\/post"}],"author":[{"embeddable":true,"href":"https:\/\/pmza.sk\/index.php?rest_route=\/wp\/v2\/users\/2"}],"replies":[{"embeddable":true,"href":"https:\/\/pmza.sk\/index.php?rest_route=%2Fwp%2Fv2%2Fcomments&post=77593"}],"version-history":[{"count":1,"href":"https:\/\/pmza.sk\/index.php?rest_route=\/wp\/v2\/posts\/77593\/revisions"}],"predecessor-version":[{"id":77600,"href":"https:\/\/pmza.sk\/index.php?rest_route=\/wp\/v2\/posts\/77593\/revisions\/77600"}],"wp:featuredmedia":[{"embeddable":true,"href":"https:\/\/pmza.sk\/index.php?rest_route=\/wp\/v2\/media\/77599"}],"wp:attachment":[{"href":"https:\/\/pmza.sk\/index.php?rest_route=%2Fwp%2Fv2%2Fmedia&parent=77593"}],"wp:term":[{"taxonomy":"category","embeddable":true,"href":"https:\/\/pmza.sk\/index.php?rest_route=%2Fwp%2Fv2%2Fcategories&post=77593"},{"taxonomy":"post_tag","embeddable":true,"href":"https:\/\/pmza.sk\/index.php?rest_route=%2Fwp%2Fv2%2Ftags&post=77593"}],"curies":[{"name":"wp","href":"https:\/\/api.w.org\/{rel}","templated":true}]}}