{"id":7771,"date":"2013-07-09T13:28:41","date_gmt":"2013-07-09T11:28:41","guid":{"rendered":"https:\/\/pmza.sk.sk\/?p=7771"},"modified":"2013-07-09T13:28:41","modified_gmt":"2013-07-09T11:28:41","slug":"ludova-atmosfera-tvorive-dielne-dobra-nalada-a-mnoho-ineho-v-cicmanoch","status":"publish","type":"post","link":"https:\/\/pmza.sk\/?p=7771","title":{"rendered":"\u013dudov\u00e1 atmosf\u00e9ra, tvoriv\u00e9 dielne, dobr\u00e1 n\u00e1lada a mnoho in\u00e9ho v \u010ci\u010dmanoch"},"content":{"rendered":"<p><a href=\"https:\/\/pmza.sk\/wp-content\/uploads\/2013\/07\/Radenov-dom-12.jpg\"><img fetchpriority=\"high\" decoding=\"async\" class=\"alignleft size-medium wp-image-7776\" style=\"border: 2px solid black; margin: 4px;\" title=\"Radenov dom 1\" src=\"https:\/\/pmza.sk.sk\/wp-content\/uploads\/2013\/07\/Radenov-dom-12-300x225.jpg\" alt=\"\" width=\"300\" height=\"225\" \/><\/a>Milovn\u00edkov tradi\u010dnej \u013eudovej kult\u00fary, folkloristov, n\u00e1v\u0161tevn\u00edkov malebnej Rajeckej doliny, ale aj \u0161irok\u00fa verejnos\u0165 srde\u010dne poz\u00fdvame na De\u0148 obce \u010ci\u010dmany, ktor\u00fd sa uskuto\u010dn\u00ed <strong>v\u00a0sobotu 13. j\u00fala 2013.<\/strong> \u201e<em>V\u00a0Objektoch \u013eudovej architekt\u00fary v\u00a0\u010ci\u010dmanoch bud\u00fa po\u010das najbli\u017e\u0161ej soboty pred\u013a\u017een\u00e9 otv\u00e1racie hodiny od 08.00 hod. do 18.00 hod. Bezplatn\u00e9 vstupn\u00e9 si m\u00f4\u017eu vychutna\u0165 priaznivci \u013eudov\u00e9ho odievania, ktor\u00ed bud\u00fa ma\u0165 na sebe aspo\u0148 3 s\u00fa\u010dasti ak\u00e9hoko\u013evek \u013eudov\u00e9ho odevu, napr\u00edklad klob\u00fak, krpce a ko\u0161e\u013eu. Pre ostatn\u00fdch n\u00e1v\u0161tevn\u00edkov pon\u00faka Pova\u017esk\u00e9 m\u00fazeum vo svojich \u010di\u010dmianskych expoz\u00edci\u00e1ch jednotn\u00e9 symbolick\u00e9 vstupn\u00e9 \u2013 1\u20ac.V\u00fdnimkou zost\u00e1vaj\u00fa deti do 6 rokov, pre ktor\u00e9 bude vstup po\u010das cel\u00e9ho d\u0148a bezplatn\u00fd,\u201c <\/em>povedal riadite\u013e Pova\u017esk\u00e9ho m\u00fazea v\u00a0\u017diline, Ladislav Cimer\u00e1k<em>. <\/em>\u013dudov\u00fa atmosf\u00e9ru bude c\u00edti\u0165 na ka\u017edom kroku a\u00a0v\u00a0tento de\u0148 bude umocnen\u00e1 viac ako inokedy. <!--more-->N\u00e1v\u0161tevn\u00edkov obce \u010dakaj\u00fa remeseln\u00e9 dielne, v\u00a0ktor\u00fdch si m\u00f4\u017eu vyrobi\u0165 ru\u010dne \u0161tiepan\u00e9 dreven\u00e9 \u0161indle, nama\u013eova\u0165 \u010di\u010dmianske ornamenty alebo si vysk\u00fa\u0161a\u0165 uk\u00e1\u017eky pali\u010dkovania \u010di pletenia ko\u0161\u00edkov. Cel\u00fd de\u0148 bude spr\u00edjem\u0148ova\u0165 \u017eiv\u00e1 valask\u00e1 hudba, n\u00e1v\u0161tevn\u00edci sa tie\u017e m\u00f4\u017eu te\u0161i\u0165 na vidiecky trh \u010di zvieraciu mini farmu a\u00a0svoje sily si m\u00f4\u017eu zmera\u0165 v\u00a0sk\u00fa\u0161ke zru\u010dnosti \u2013 vo varen\u00ed halu\u0161iek. S\u00fa\u010das\u0165ou Objektov \u013eudovej architekt\u00fary v\u00a0\u010ci\u010dmanoch s\u00fa expoz\u00edcie tradi\u010dn\u00e9ho \u013eudov\u00e9ho odievania, stavite\u013estva a\u00a0zvykoslovia v Radenovom dome. Okrem tejto expoz\u00edcie si tu n\u00e1v\u0161tevn\u00edci m\u00f4\u017eu pozrie\u0165 v\u00fdstavu v\u00fd\u0161iviek zo zbierky \u010di\u010dmianskej rod\u00e1\u010dky akad. mal. Matildy \u010cechovej. V\u00a0dome \u010d. 42 je umiestnen\u00e1 expoz\u00edcia tradi\u010dn\u00e9ho \u013eudov\u00e9ho b\u00fdvania, tzv. spole\u010dn\u00edkov, zo za\u010diatku 20. storo\u010dia. Obidva objekty s\u00fa zap\u00edsan\u00e9 v\u00a0Registri nehnute\u013en\u00fdch kult\u00farnych pamiatok na Slovensku a neodmyslite\u013ene dotv\u00e1raj\u00fa kolorit Pamiatkovej rezerv\u00e1cie \u013eudovej architekt\u00fary v\u00a0\u010ci\u010dmanoch. \u201e<em>Bohatos\u0165 a rozmanitos\u0165 expon\u00e1tov dokumentuje v\u0161edn\u00fd i sviato\u010dn\u00fd \u017eivot obyvate\u013eov obce, ich rodinn\u00e9 zvyky a o\u010dar\u00ed n\u00e1v\u0161tevn\u00edka mno\u017estvom vz\u00e1cnych v\u00fd\u0161iviek, ktor\u00fdch technika, ornament\u00e1lne mot\u00edvy a decentn\u00e1 farebnos\u0165 m\u00e1 svoj p\u00f4vod v renesancii.Ver\u00edm, \u017ee po\u010das tohoto d\u0148a n\u00e1v\u0161tevn\u00edci za\u017eij\u00fa nev\u0161edn\u00e9 chv\u00edle so svojimi bl\u00edzkymi, spoznaj\u00fa kr\u00e1su hist\u00f3rie malebn\u00e9ho vidieka s\u00a0typickou \u010di\u010dmianskou architekt\u00farou a bud\u00fa sa k\u00a0n\u00e1m radi vraca\u0165 aj po\u010das \u010fal\u0161\u00edch podujat\u00ed,\u201c<\/em> povedal na z\u00e1ver Ladislav Cimer\u00e1k. Na De\u0148 obce \u010ci\u010dmany, ktor\u00fd sa uskuto\u010dn\u00ed <strong>v\u00a0sobotu 13. j\u00fala 2013 od 8.00 hod. do 18.00 hod. v\u00a0Radenovom dome a dome \u010d. 42<\/strong>, srde\u010dne poz\u00fdvame v\u0161etk\u00fdch n\u00e1v\u0161tevn\u00edkov!<\/p>\n","protected":false},"excerpt":{"rendered":"<p>Milovn\u00edkov tradi\u010dnej \u013eudovej kult\u00fary, folkloristov, n\u00e1v\u0161tevn\u00edkov malebnej Rajeckej doliny, ale aj \u0161irok\u00fa verejnos\u0165 srde\u010dne poz\u00fdvame na De\u0148 obce \u010ci\u010dmany, ktor\u00fd sa uskuto\u010dn\u00ed v\u00a0sobotu 13. j\u00fala 2013. \u201eV\u00a0Objektoch \u013eudovej architekt\u00fary v\u00a0\u010ci\u010dmanoch bud\u00fa po\u010das najbli\u017e\u0161ej soboty pred\u013a\u017een\u00e9 otv\u00e1racie hodiny od 08.00 hod. do 18.00 hod. Bezplatn\u00e9 vstupn\u00e9 si m\u00f4\u017eu vychutna\u0165 priaznivci \u013eudov\u00e9ho odievania, ktor\u00ed bud\u00fa ma\u0165 na [&hellip;]<\/p>\n","protected":false},"author":2,"featured_media":0,"comment_status":"closed","ping_status":"closed","sticky":false,"template":"","format":"standard","meta":{"site-sidebar-layout":"default","site-content-layout":"","ast-site-content-layout":"","site-content-style":"default","site-sidebar-style":"default","ast-global-header-display":"","ast-banner-title-visibility":"","ast-main-header-display":"","ast-hfb-above-header-display":"","ast-hfb-below-header-display":"","ast-hfb-mobile-header-display":"","site-post-title":"","ast-breadcrumbs-content":"","ast-featured-img":"","footer-sml-layout":"","theme-transparent-header-meta":"","adv-header-id-meta":"","stick-header-meta":"","header-above-stick-meta":"","header-main-stick-meta":"","header-below-stick-meta":"","astra-migrate-meta-layouts":"default","ast-page-background-enabled":"default","ast-page-background-meta":{"desktop":{"background-color":"var(--ast-global-color-4)","background-image":"","background-repeat":"repeat","background-position":"center center","background-size":"auto","background-attachment":"scroll","background-type":"","background-media":"","overlay-type":"","overlay-color":"","overlay-opacity":"","overlay-gradient":""},"tablet":{"background-color":"","background-image":"","background-repeat":"repeat","background-position":"center center","background-size":"auto","background-attachment":"scroll","background-type":"","background-media":"","overlay-type":"","overlay-color":"","overlay-opacity":"","overlay-gradient":""},"mobile":{"background-color":"","background-image":"","background-repeat":"repeat","background-position":"center center","background-size":"auto","background-attachment":"scroll","background-type":"","background-media":"","overlay-type":"","overlay-color":"","overlay-opacity":"","overlay-gradient":""}},"ast-content-background-meta":{"desktop":{"background-color":"var(--ast-global-color-5)","background-image":"","background-repeat":"repeat","background-position":"center center","background-size":"auto","background-attachment":"scroll","background-type":"","background-media":"","overlay-type":"","overlay-color":"","overlay-opacity":"","overlay-gradient":""},"tablet":{"background-color":"var(--ast-global-color-5)","background-image":"","background-repeat":"repeat","background-position":"center center","background-size":"auto","background-attachment":"scroll","background-type":"","background-media":"","overlay-type":"","overlay-color":"","overlay-opacity":"","overlay-gradient":""},"mobile":{"background-color":"var(--ast-global-color-5)","background-image":"","background-repeat":"repeat","background-position":"center center","background-size":"auto","background-attachment":"scroll","background-type":"","background-media":"","overlay-type":"","overlay-color":"","overlay-opacity":"","overlay-gradient":""}},"footnotes":""},"categories":[33],"tags":[],"class_list":["post-7771","post","type-post","status-publish","format-standard","hentry","category-archiv-2013"],"yoast_head":"<!-- This site is optimized with the Yoast SEO plugin v27.4 - https:\/\/yoast.com\/product\/yoast-seo-wordpress\/ -->\n<title>\u013dudov\u00e1 atmosf\u00e9ra, tvoriv\u00e9 dielne, dobr\u00e1 n\u00e1lada a mnoho in\u00e9ho v \u010ci\u010dmanoch - Pova\u017esk\u00e9 m\u00fazeum<\/title>\n<meta name=\"robots\" content=\"index, follow, max-snippet:-1, max-image-preview:large, max-video-preview:-1\" \/>\n<link rel=\"canonical\" href=\"https:\/\/pmza.sk\/?p=7771\" \/>\n<meta property=\"og:locale\" content=\"sk_SK\" \/>\n<meta property=\"og:type\" content=\"article\" \/>\n<meta property=\"og:title\" content=\"\u013dudov\u00e1 atmosf\u00e9ra, tvoriv\u00e9 dielne, dobr\u00e1 n\u00e1lada a mnoho in\u00e9ho v \u010ci\u010dmanoch - Pova\u017esk\u00e9 m\u00fazeum\" \/>\n<meta property=\"og:description\" content=\"Milovn\u00edkov tradi\u010dnej \u013eudovej kult\u00fary, folkloristov, n\u00e1v\u0161tevn\u00edkov malebnej Rajeckej doliny, ale aj \u0161irok\u00fa verejnos\u0165 srde\u010dne poz\u00fdvame na De\u0148 obce \u010ci\u010dmany, ktor\u00fd sa uskuto\u010dn\u00ed v\u00a0sobotu 13. j\u00fala 2013. \u201eV\u00a0Objektoch \u013eudovej architekt\u00fary v\u00a0\u010ci\u010dmanoch bud\u00fa po\u010das najbli\u017e\u0161ej soboty pred\u013a\u017een\u00e9 otv\u00e1racie hodiny od 08.00 hod. do 18.00 hod. Bezplatn\u00e9 vstupn\u00e9 si m\u00f4\u017eu vychutna\u0165 priaznivci \u013eudov\u00e9ho odievania, ktor\u00ed bud\u00fa ma\u0165 na [&hellip;]\" \/>\n<meta property=\"og:url\" content=\"https:\/\/pmza.sk\/?p=7771\" \/>\n<meta property=\"og:site_name\" content=\"Pova\u017esk\u00e9 m\u00fazeum\" \/>\n<meta property=\"article:publisher\" content=\"https:\/\/www.facebook.com\/povazskemuzeum\" \/>\n<meta property=\"article:published_time\" content=\"2013-07-09T11:28:41+00:00\" \/>\n<meta property=\"og:image\" content=\"https:\/\/pmza.sk.sk\/wp-content\/uploads\/2013\/07\/Radenov-dom-12-300x225.jpg\" \/>\n<meta name=\"author\" content=\"Pova\u017esk\u00e9 m\u00fazeum\" \/>\n<meta name=\"twitter:card\" content=\"summary_large_image\" \/>\n<meta name=\"twitter:label1\" content=\"Autor\" \/>\n\t<meta name=\"twitter:data1\" content=\"Pova\u017esk\u00e9 m\u00fazeum\" \/>\n\t<meta name=\"twitter:label2\" content=\"Predpokladan\u00fd \u010das \u010d\u00edtania\" \/>\n\t<meta name=\"twitter:data2\" content=\"2 min\u00faty\" \/>\n<script type=\"application\/ld+json\" class=\"yoast-schema-graph\">{\"@context\":\"https:\\\/\\\/schema.org\",\"@graph\":[{\"@type\":\"Article\",\"@id\":\"https:\\\/\\\/pmza.sk\\\/?p=7771#article\",\"isPartOf\":{\"@id\":\"https:\\\/\\\/pmza.sk\\\/?p=7771\"},\"author\":{\"name\":\"Pova\u017esk\u00e9 m\u00fazeum\",\"@id\":\"https:\\\/\\\/pmza.sk\\\/#\\\/schema\\\/person\\\/595e6a2ce731ea94dcd5d7f50a41ae33\"},\"headline\":\"\u013dudov\u00e1 atmosf\u00e9ra, tvoriv\u00e9 dielne, dobr\u00e1 n\u00e1lada a mnoho in\u00e9ho v \u010ci\u010dmanoch\",\"datePublished\":\"2013-07-09T11:28:41+00:00\",\"mainEntityOfPage\":{\"@id\":\"https:\\\/\\\/pmza.sk\\\/?p=7771\"},\"wordCount\":500,\"publisher\":{\"@id\":\"https:\\\/\\\/pmza.sk\\\/#organization\"},\"image\":{\"@id\":\"https:\\\/\\\/pmza.sk\\\/?p=7771#primaryimage\"},\"thumbnailUrl\":\"http:\\\/\\\/pmza.sk.sk\\\/wp-content\\\/uploads\\\/2013\\\/07\\\/Radenov-dom-12-300x225.jpg\",\"articleSection\":[\"Arch\u00edv 2013\"],\"inLanguage\":\"sk-SK\"},{\"@type\":\"WebPage\",\"@id\":\"https:\\\/\\\/pmza.sk\\\/?p=7771\",\"url\":\"https:\\\/\\\/pmza.sk\\\/?p=7771\",\"name\":\"\u013dudov\u00e1 atmosf\u00e9ra, tvoriv\u00e9 dielne, dobr\u00e1 n\u00e1lada a mnoho in\u00e9ho v \u010ci\u010dmanoch - Pova\u017esk\u00e9 m\u00fazeum\",\"isPartOf\":{\"@id\":\"https:\\\/\\\/pmza.sk\\\/#website\"},\"primaryImageOfPage\":{\"@id\":\"https:\\\/\\\/pmza.sk\\\/?p=7771#primaryimage\"},\"image\":{\"@id\":\"https:\\\/\\\/pmza.sk\\\/?p=7771#primaryimage\"},\"thumbnailUrl\":\"http:\\\/\\\/pmza.sk.sk\\\/wp-content\\\/uploads\\\/2013\\\/07\\\/Radenov-dom-12-300x225.jpg\",\"datePublished\":\"2013-07-09T11:28:41+00:00\",\"breadcrumb\":{\"@id\":\"https:\\\/\\\/pmza.sk\\\/?p=7771#breadcrumb\"},\"inLanguage\":\"sk-SK\",\"potentialAction\":[{\"@type\":\"ReadAction\",\"target\":[\"https:\\\/\\\/pmza.sk\\\/?p=7771\"]}]},{\"@type\":\"ImageObject\",\"inLanguage\":\"sk-SK\",\"@id\":\"https:\\\/\\\/pmza.sk\\\/?p=7771#primaryimage\",\"url\":\"http:\\\/\\\/pmza.sk.sk\\\/wp-content\\\/uploads\\\/2013\\\/07\\\/Radenov-dom-12-300x225.jpg\",\"contentUrl\":\"http:\\\/\\\/pmza.sk.sk\\\/wp-content\\\/uploads\\\/2013\\\/07\\\/Radenov-dom-12-300x225.jpg\"},{\"@type\":\"BreadcrumbList\",\"@id\":\"https:\\\/\\\/pmza.sk\\\/?p=7771#breadcrumb\",\"itemListElement\":[{\"@type\":\"ListItem\",\"position\":1,\"name\":\"Domovsk\u00e1 str\u00e1nka\",\"item\":\"https:\\\/\\\/pmza.sk\\\/\"},{\"@type\":\"ListItem\",\"position\":2,\"name\":\"\u013dudov\u00e1 atmosf\u00e9ra, tvoriv\u00e9 dielne, dobr\u00e1 n\u00e1lada a mnoho in\u00e9ho v \u010ci\u010dmanoch\"}]},{\"@type\":\"WebSite\",\"@id\":\"https:\\\/\\\/pmza.sk\\\/#website\",\"url\":\"https:\\\/\\\/pmza.sk\\\/\",\"name\":\"Pova\u017esk\u00e9 m\u00fazeum\",\"description\":\"Pova\u017esk\u00e9 m\u00fazeum v \u017diline je region\u00e1lne m\u00fazeum so s\u00eddlom v Budat\u00edne. Jeho expoz\u00edcie s\u00fa zameran\u00e9 na dejiny slovensk\u00e9ho umenia, kult\u00fary a dopravy.\",\"publisher\":{\"@id\":\"https:\\\/\\\/pmza.sk\\\/#organization\"},\"potentialAction\":[{\"@type\":\"SearchAction\",\"target\":{\"@type\":\"EntryPoint\",\"urlTemplate\":\"https:\\\/\\\/pmza.sk\\\/?s={search_term_string}\"},\"query-input\":{\"@type\":\"PropertyValueSpecification\",\"valueRequired\":true,\"valueName\":\"search_term_string\"}}],\"inLanguage\":\"sk-SK\"},{\"@type\":\"Organization\",\"@id\":\"https:\\\/\\\/pmza.sk\\\/#organization\",\"name\":\"Pova\u017esk\u00e9 m\u00fazeum\",\"url\":\"https:\\\/\\\/pmza.sk\\\/\",\"logo\":{\"@type\":\"ImageObject\",\"inLanguage\":\"sk-SK\",\"@id\":\"https:\\\/\\\/pmza.sk\\\/#\\\/schema\\\/logo\\\/image\\\/\",\"url\":\"https:\\\/\\\/pmza.sk\\\/wp-content\\\/uploads\\\/2022\\\/01\\\/logo_PM_horizontal.jpg\",\"contentUrl\":\"https:\\\/\\\/pmza.sk\\\/wp-content\\\/uploads\\\/2022\\\/01\\\/logo_PM_horizontal.jpg\",\"width\":231,\"height\":142,\"caption\":\"Pova\u017esk\u00e9 m\u00fazeum\"},\"image\":{\"@id\":\"https:\\\/\\\/pmza.sk\\\/#\\\/schema\\\/logo\\\/image\\\/\"},\"sameAs\":[\"https:\\\/\\\/www.facebook.com\\\/povazskemuzeum\",\"https:\\\/\\\/www.instagram.com\\\/povazskemuzeum\\\/\"]},{\"@type\":\"Person\",\"@id\":\"https:\\\/\\\/pmza.sk\\\/#\\\/schema\\\/person\\\/595e6a2ce731ea94dcd5d7f50a41ae33\",\"name\":\"Pova\u017esk\u00e9 m\u00fazeum\",\"image\":{\"@type\":\"ImageObject\",\"inLanguage\":\"sk-SK\",\"@id\":\"https:\\\/\\\/secure.gravatar.com\\\/avatar\\\/2bb7f1561282132fb5826dfeccc66c7996d11ee392ac6aaf7ced8a1c2027fbb2?s=96&d=mm&r=g\",\"url\":\"https:\\\/\\\/secure.gravatar.com\\\/avatar\\\/2bb7f1561282132fb5826dfeccc66c7996d11ee392ac6aaf7ced8a1c2027fbb2?s=96&d=mm&r=g\",\"contentUrl\":\"https:\\\/\\\/secure.gravatar.com\\\/avatar\\\/2bb7f1561282132fb5826dfeccc66c7996d11ee392ac6aaf7ced8a1c2027fbb2?s=96&d=mm&r=g\",\"caption\":\"Pova\u017esk\u00e9 m\u00fazeum\"}}]}<\/script>\n<!-- \/ Yoast SEO plugin. -->","yoast_head_json":{"title":"\u013dudov\u00e1 atmosf\u00e9ra, tvoriv\u00e9 dielne, dobr\u00e1 n\u00e1lada a mnoho in\u00e9ho v \u010ci\u010dmanoch - Pova\u017esk\u00e9 m\u00fazeum","robots":{"index":"index","follow":"follow","max-snippet":"max-snippet:-1","max-image-preview":"max-image-preview:large","max-video-preview":"max-video-preview:-1"},"canonical":"https:\/\/pmza.sk\/?p=7771","og_locale":"sk_SK","og_type":"article","og_title":"\u013dudov\u00e1 atmosf\u00e9ra, tvoriv\u00e9 dielne, dobr\u00e1 n\u00e1lada a mnoho in\u00e9ho v \u010ci\u010dmanoch - Pova\u017esk\u00e9 m\u00fazeum","og_description":"Milovn\u00edkov tradi\u010dnej \u013eudovej kult\u00fary, folkloristov, n\u00e1v\u0161tevn\u00edkov malebnej Rajeckej doliny, ale aj \u0161irok\u00fa verejnos\u0165 srde\u010dne poz\u00fdvame na De\u0148 obce \u010ci\u010dmany, ktor\u00fd sa uskuto\u010dn\u00ed v\u00a0sobotu 13. j\u00fala 2013. \u201eV\u00a0Objektoch \u013eudovej architekt\u00fary v\u00a0\u010ci\u010dmanoch bud\u00fa po\u010das najbli\u017e\u0161ej soboty pred\u013a\u017een\u00e9 otv\u00e1racie hodiny od 08.00 hod. do 18.00 hod. Bezplatn\u00e9 vstupn\u00e9 si m\u00f4\u017eu vychutna\u0165 priaznivci \u013eudov\u00e9ho odievania, ktor\u00ed bud\u00fa ma\u0165 na [&hellip;]","og_url":"https:\/\/pmza.sk\/?p=7771","og_site_name":"Pova\u017esk\u00e9 m\u00fazeum","article_publisher":"https:\/\/www.facebook.com\/povazskemuzeum","article_published_time":"2013-07-09T11:28:41+00:00","og_image":[{"url":"https:\/\/pmza.sk.sk\/wp-content\/uploads\/2013\/07\/Radenov-dom-12-300x225.jpg","type":"","width":"","height":""}],"author":"Pova\u017esk\u00e9 m\u00fazeum","twitter_card":"summary_large_image","twitter_misc":{"Autor":"Pova\u017esk\u00e9 m\u00fazeum","Predpokladan\u00fd \u010das \u010d\u00edtania":"2 min\u00faty"},"schema":{"@context":"https:\/\/schema.org","@graph":[{"@type":"Article","@id":"https:\/\/pmza.sk\/?p=7771#article","isPartOf":{"@id":"https:\/\/pmza.sk\/?p=7771"},"author":{"name":"Pova\u017esk\u00e9 m\u00fazeum","@id":"https:\/\/pmza.sk\/#\/schema\/person\/595e6a2ce731ea94dcd5d7f50a41ae33"},"headline":"\u013dudov\u00e1 atmosf\u00e9ra, tvoriv\u00e9 dielne, dobr\u00e1 n\u00e1lada a mnoho in\u00e9ho v \u010ci\u010dmanoch","datePublished":"2013-07-09T11:28:41+00:00","mainEntityOfPage":{"@id":"https:\/\/pmza.sk\/?p=7771"},"wordCount":500,"publisher":{"@id":"https:\/\/pmza.sk\/#organization"},"image":{"@id":"https:\/\/pmza.sk\/?p=7771#primaryimage"},"thumbnailUrl":"https:\/\/pmza.sk.sk\/wp-content\/uploads\/2013\/07\/Radenov-dom-12-300x225.jpg","articleSection":["Arch\u00edv 2013"],"inLanguage":"sk-SK"},{"@type":"WebPage","@id":"https:\/\/pmza.sk\/?p=7771","url":"https:\/\/pmza.sk\/?p=7771","name":"\u013dudov\u00e1 atmosf\u00e9ra, tvoriv\u00e9 dielne, dobr\u00e1 n\u00e1lada a mnoho in\u00e9ho v \u010ci\u010dmanoch - Pova\u017esk\u00e9 m\u00fazeum","isPartOf":{"@id":"https:\/\/pmza.sk\/#website"},"primaryImageOfPage":{"@id":"https:\/\/pmza.sk\/?p=7771#primaryimage"},"image":{"@id":"https:\/\/pmza.sk\/?p=7771#primaryimage"},"thumbnailUrl":"https:\/\/pmza.sk.sk\/wp-content\/uploads\/2013\/07\/Radenov-dom-12-300x225.jpg","datePublished":"2013-07-09T11:28:41+00:00","breadcrumb":{"@id":"https:\/\/pmza.sk\/?p=7771#breadcrumb"},"inLanguage":"sk-SK","potentialAction":[{"@type":"ReadAction","target":["https:\/\/pmza.sk\/?p=7771"]}]},{"@type":"ImageObject","inLanguage":"sk-SK","@id":"https:\/\/pmza.sk\/?p=7771#primaryimage","url":"https:\/\/pmza.sk.sk\/wp-content\/uploads\/2013\/07\/Radenov-dom-12-300x225.jpg","contentUrl":"https:\/\/pmza.sk.sk\/wp-content\/uploads\/2013\/07\/Radenov-dom-12-300x225.jpg"},{"@type":"BreadcrumbList","@id":"https:\/\/pmza.sk\/?p=7771#breadcrumb","itemListElement":[{"@type":"ListItem","position":1,"name":"Domovsk\u00e1 str\u00e1nka","item":"https:\/\/pmza.sk\/"},{"@type":"ListItem","position":2,"name":"\u013dudov\u00e1 atmosf\u00e9ra, tvoriv\u00e9 dielne, dobr\u00e1 n\u00e1lada a mnoho in\u00e9ho v \u010ci\u010dmanoch"}]},{"@type":"WebSite","@id":"https:\/\/pmza.sk\/#website","url":"https:\/\/pmza.sk\/","name":"Pova\u017esk\u00e9 m\u00fazeum","description":"Pova\u017esk\u00e9 m\u00fazeum v \u017diline je region\u00e1lne m\u00fazeum so s\u00eddlom v Budat\u00edne. Jeho expoz\u00edcie s\u00fa zameran\u00e9 na dejiny slovensk\u00e9ho umenia, kult\u00fary a dopravy.","publisher":{"@id":"https:\/\/pmza.sk\/#organization"},"potentialAction":[{"@type":"SearchAction","target":{"@type":"EntryPoint","urlTemplate":"https:\/\/pmza.sk\/?s={search_term_string}"},"query-input":{"@type":"PropertyValueSpecification","valueRequired":true,"valueName":"search_term_string"}}],"inLanguage":"sk-SK"},{"@type":"Organization","@id":"https:\/\/pmza.sk\/#organization","name":"Pova\u017esk\u00e9 m\u00fazeum","url":"https:\/\/pmza.sk\/","logo":{"@type":"ImageObject","inLanguage":"sk-SK","@id":"https:\/\/pmza.sk\/#\/schema\/logo\/image\/","url":"https:\/\/pmza.sk\/wp-content\/uploads\/2022\/01\/logo_PM_horizontal.jpg","contentUrl":"https:\/\/pmza.sk\/wp-content\/uploads\/2022\/01\/logo_PM_horizontal.jpg","width":231,"height":142,"caption":"Pova\u017esk\u00e9 m\u00fazeum"},"image":{"@id":"https:\/\/pmza.sk\/#\/schema\/logo\/image\/"},"sameAs":["https:\/\/www.facebook.com\/povazskemuzeum","https:\/\/www.instagram.com\/povazskemuzeum\/"]},{"@type":"Person","@id":"https:\/\/pmza.sk\/#\/schema\/person\/595e6a2ce731ea94dcd5d7f50a41ae33","name":"Pova\u017esk\u00e9 m\u00fazeum","image":{"@type":"ImageObject","inLanguage":"sk-SK","@id":"https:\/\/secure.gravatar.com\/avatar\/2bb7f1561282132fb5826dfeccc66c7996d11ee392ac6aaf7ced8a1c2027fbb2?s=96&d=mm&r=g","url":"https:\/\/secure.gravatar.com\/avatar\/2bb7f1561282132fb5826dfeccc66c7996d11ee392ac6aaf7ced8a1c2027fbb2?s=96&d=mm&r=g","contentUrl":"https:\/\/secure.gravatar.com\/avatar\/2bb7f1561282132fb5826dfeccc66c7996d11ee392ac6aaf7ced8a1c2027fbb2?s=96&d=mm&r=g","caption":"Pova\u017esk\u00e9 m\u00fazeum"}}]}},"_links":{"self":[{"href":"https:\/\/pmza.sk\/index.php?rest_route=\/wp\/v2\/posts\/7771","targetHints":{"allow":["GET"]}}],"collection":[{"href":"https:\/\/pmza.sk\/index.php?rest_route=\/wp\/v2\/posts"}],"about":[{"href":"https:\/\/pmza.sk\/index.php?rest_route=\/wp\/v2\/types\/post"}],"author":[{"embeddable":true,"href":"https:\/\/pmza.sk\/index.php?rest_route=\/wp\/v2\/users\/2"}],"replies":[{"embeddable":true,"href":"https:\/\/pmza.sk\/index.php?rest_route=%2Fwp%2Fv2%2Fcomments&post=7771"}],"version-history":[{"count":0,"href":"https:\/\/pmza.sk\/index.php?rest_route=\/wp\/v2\/posts\/7771\/revisions"}],"wp:attachment":[{"href":"https:\/\/pmza.sk\/index.php?rest_route=%2Fwp%2Fv2%2Fmedia&parent=7771"}],"wp:term":[{"taxonomy":"category","embeddable":true,"href":"https:\/\/pmza.sk\/index.php?rest_route=%2Fwp%2Fv2%2Fcategories&post=7771"},{"taxonomy":"post_tag","embeddable":true,"href":"https:\/\/pmza.sk\/index.php?rest_route=%2Fwp%2Fv2%2Ftags&post=7771"}],"curies":[{"name":"wp","href":"https:\/\/api.w.org\/{rel}","templated":true}]}}