{"id":7788,"date":"2013-07-11T11:34:50","date_gmt":"2013-07-11T09:34:50","guid":{"rendered":"https:\/\/pmza.sk.sk\/?p=7788"},"modified":"2013-07-11T11:34:50","modified_gmt":"2013-07-11T09:34:50","slug":"principal-s-obludariom-dorazia-na-hrad-strecno","status":"publish","type":"post","link":"https:\/\/pmza.sk\/?p=7788","title":{"rendered":"Princip\u00e1l s oblud\u00e1riom dorazia (na) hrad Stre\u010dno"},"content":{"rendered":"<p><a href=\"https:\/\/pmza.sk\/wp-content\/uploads\/2013\/07\/noc.jpg\"><img fetchpriority=\"high\" decoding=\"async\" class=\"alignleft size-medium wp-image-7789\" style=\"border: 2px solid black; margin: 4px;\" title=\"noc\" src=\"https:\/\/pmza.sk.sk\/wp-content\/uploads\/2013\/07\/noc-300x200.jpg\" alt=\"\" width=\"300\" height=\"200\" \/><\/a>Letn\u00e9 pr\u00e1zdniny s\u00fa pre mnoh\u00fdch n\u00e1v\u0161tevn\u00edkov hradu Stre\u010dno u\u017e takmer nepredstavite\u013en\u00e9 bez stra\u0161ideln\u00fdch no\u010dn\u00fdch prehliadok, ktor\u00e9 patria k\u00a0najvyh\u013ead\u00e1vanej\u0161\u00edm a\u00a0najnav\u0161tevovanej\u0161\u00edm podujatiam. <strong>V\u00a0piatok 19. j\u00fala 2013<\/strong> je pre neboj\u00e1cnych pripraven\u00e1 \u010fal\u0161ia no\u010dn\u00e1 prehliadka hradu Stre\u010dno z\u00a0cyklu Stre\u010dniansky des. <em>\u201eNo\u010dn\u00e9 prehliadky hradu sa po\u010das svojej nieko\u013ekoro\u010dnej trad\u00edcie stali vyh\u013ead\u00e1van\u00fdm kult\u00farnym podujat\u00edm. Ka\u017ed\u00fd rok sa sna\u017e\u00edme spestri\u0165 program no\u010dn\u00fdch prehliadok tak aby sa n\u00e1v\u0161tevn\u00edci na hrade c\u00edtili dobre a\u00a0pr\u00edjemne sa b\u00e1li,\u201c<\/em> uviedol Ladislav Cimer\u00e1k, riadite\u013e Pova\u017esk\u00e9ho m\u00fazea v\u00a0\u017diline.<!--more-->Tento piatkov\u00fd j\u00falov\u00fd ve\u010der sa bude nies\u0165 v\u00a0znamen\u00ed oblud\u00e1ria. \u013dudia s\u00a0nieko\u013ek\u00fdmi kon\u010datinami, mu\u017ei s\u00a0chlpat\u00fdmi tv\u00e1rami, hadie \u017eeny a\u00a0\u010fal\u0161ie pr\u00ed\u0161ery sa te\u0161ia na milovn\u00edkov z\u00e1bavy, tmy, svetla a\u00a0strachu. <em>\u201ePravideln\u00ed n\u00e1v\u0161tevn\u00edci no\u010dn\u00fdch prehliadok, ktor\u00e9 sa v\u00a0lete konaj\u00fa na hrade Stre\u010dno vedia, \u017ee stre\u010dnianske desy s\u00fa najm\u00e4 o\u00a0z\u00e1bave. Radi sa zap\u00e1jaj\u00fa do na\u0161ich divadeln\u00fdch predstaven\u00ed, hoci spo\u010diatku sa ost\u00fdchali sta\u0165 sa na chv\u00ed\u013eku jedn\u00fdm z\u00a0\u00fa\u010dinkuj\u00facich,\u201c<\/em> povedala Jarka Hatiarov\u00e1, \u010dlenka \u017eilinskej divadelno-improviza\u010dnej skupiny Kapor na sc\u00e9ne. Na hlavnom n\u00e1dvor\u00ed sa n\u00e1m predstav\u00ed Princip\u00e1l so svojou ohavnou dru\u017einou a po zotmen\u00ed bude pre n\u00e1v\u0161tevn\u00edkov pripraven\u00e9 oh\u0148ov\u00e9 vyst\u00fapenie v\u00a0podan\u00ed umeleckej skupiny Eiwhana zo \u017diliny.<\/p>\n<p>Organiz\u00e1torom druhej letnej no\u010dnej prehliadky hradu Stre\u010dno pod n\u00e1zvom <strong>Stre\u010dniansky des<\/strong>, ktor\u00e1 sa uskuto\u010dn\u00ed <strong>v\u00a0piatok 19. j\u00fala 2013 od 20.00 hod. do 23.00 hod.<\/strong> <strong>s\u00a0posledn\u00fdm vstupom o\u00a022.30 hod.,<\/strong> je Pova\u017esk\u00e9 m\u00fazeum v\u00a0\u017diline v\u00a0zria\u010fovate\u013eskej p\u00f4sobnosti \u017dilinsk\u00e9ho samospr\u00e1vneho kraja.<\/p>\n","protected":false},"excerpt":{"rendered":"<p>Letn\u00e9 pr\u00e1zdniny s\u00fa pre mnoh\u00fdch n\u00e1v\u0161tevn\u00edkov hradu Stre\u010dno u\u017e takmer nepredstavite\u013en\u00e9 bez stra\u0161ideln\u00fdch no\u010dn\u00fdch prehliadok, ktor\u00e9 patria k\u00a0najvyh\u013ead\u00e1vanej\u0161\u00edm a\u00a0najnav\u0161tevovanej\u0161\u00edm podujatiam. V\u00a0piatok 19. j\u00fala 2013 je pre neboj\u00e1cnych pripraven\u00e1 \u010fal\u0161ia no\u010dn\u00e1 prehliadka hradu Stre\u010dno z\u00a0cyklu Stre\u010dniansky des. \u201eNo\u010dn\u00e9 prehliadky hradu sa po\u010das svojej nieko\u013ekoro\u010dnej trad\u00edcie stali vyh\u013ead\u00e1van\u00fdm kult\u00farnym podujat\u00edm. Ka\u017ed\u00fd rok sa sna\u017e\u00edme spestri\u0165 program no\u010dn\u00fdch [&hellip;]<\/p>\n","protected":false},"author":2,"featured_media":0,"comment_status":"closed","ping_status":"closed","sticky":false,"template":"","format":"standard","meta":{"site-sidebar-layout":"default","site-content-layout":"","ast-site-content-layout":"","site-content-style":"default","site-sidebar-style":"default","ast-global-header-display":"","ast-banner-title-visibility":"","ast-main-header-display":"","ast-hfb-above-header-display":"","ast-hfb-below-header-display":"","ast-hfb-mobile-header-display":"","site-post-title":"","ast-breadcrumbs-content":"","ast-featured-img":"","footer-sml-layout":"","theme-transparent-header-meta":"","adv-header-id-meta":"","stick-header-meta":"","header-above-stick-meta":"","header-main-stick-meta":"","header-below-stick-meta":"","astra-migrate-meta-layouts":"default","ast-page-background-enabled":"default","ast-page-background-meta":{"desktop":{"background-color":"var(--ast-global-color-4)","background-image":"","background-repeat":"repeat","background-position":"center center","background-size":"auto","background-attachment":"scroll","background-type":"","background-media":"","overlay-type":"","overlay-color":"","overlay-opacity":"","overlay-gradient":""},"tablet":{"background-color":"","background-image":"","background-repeat":"repeat","background-position":"center center","background-size":"auto","background-attachment":"scroll","background-type":"","background-media":"","overlay-type":"","overlay-color":"","overlay-opacity":"","overlay-gradient":""},"mobile":{"background-color":"","background-image":"","background-repeat":"repeat","background-position":"center center","background-size":"auto","background-attachment":"scroll","background-type":"","background-media":"","overlay-type":"","overlay-color":"","overlay-opacity":"","overlay-gradient":""}},"ast-content-background-meta":{"desktop":{"background-color":"var(--ast-global-color-5)","background-image":"","background-repeat":"repeat","background-position":"center center","background-size":"auto","background-attachment":"scroll","background-type":"","background-media":"","overlay-type":"","overlay-color":"","overlay-opacity":"","overlay-gradient":""},"tablet":{"background-color":"var(--ast-global-color-5)","background-image":"","background-repeat":"repeat","background-position":"center center","background-size":"auto","background-attachment":"scroll","background-type":"","background-media":"","overlay-type":"","overlay-color":"","overlay-opacity":"","overlay-gradient":""},"mobile":{"background-color":"var(--ast-global-color-5)","background-image":"","background-repeat":"repeat","background-position":"center center","background-size":"auto","background-attachment":"scroll","background-type":"","background-media":"","overlay-type":"","overlay-color":"","overlay-opacity":"","overlay-gradient":""}},"footnotes":""},"categories":[33],"tags":[],"class_list":["post-7788","post","type-post","status-publish","format-standard","hentry","category-archiv-2013"],"yoast_head":"<!-- This site is optimized with the Yoast SEO plugin v27.4 - https:\/\/yoast.com\/product\/yoast-seo-wordpress\/ -->\n<title>Princip\u00e1l s oblud\u00e1riom dorazia (na) hrad Stre\u010dno - Pova\u017esk\u00e9 m\u00fazeum<\/title>\n<meta name=\"robots\" content=\"index, follow, max-snippet:-1, max-image-preview:large, max-video-preview:-1\" \/>\n<link rel=\"canonical\" href=\"https:\/\/pmza.sk\/?p=7788\" \/>\n<meta property=\"og:locale\" content=\"sk_SK\" \/>\n<meta property=\"og:type\" content=\"article\" \/>\n<meta property=\"og:title\" content=\"Princip\u00e1l s oblud\u00e1riom dorazia (na) hrad Stre\u010dno - Pova\u017esk\u00e9 m\u00fazeum\" \/>\n<meta property=\"og:description\" content=\"Letn\u00e9 pr\u00e1zdniny s\u00fa pre mnoh\u00fdch n\u00e1v\u0161tevn\u00edkov hradu Stre\u010dno u\u017e takmer nepredstavite\u013en\u00e9 bez stra\u0161ideln\u00fdch no\u010dn\u00fdch prehliadok, ktor\u00e9 patria k\u00a0najvyh\u013ead\u00e1vanej\u0161\u00edm a\u00a0najnav\u0161tevovanej\u0161\u00edm podujatiam. V\u00a0piatok 19. j\u00fala 2013 je pre neboj\u00e1cnych pripraven\u00e1 \u010fal\u0161ia no\u010dn\u00e1 prehliadka hradu Stre\u010dno z\u00a0cyklu Stre\u010dniansky des. \u201eNo\u010dn\u00e9 prehliadky hradu sa po\u010das svojej nieko\u013ekoro\u010dnej trad\u00edcie stali vyh\u013ead\u00e1van\u00fdm kult\u00farnym podujat\u00edm. Ka\u017ed\u00fd rok sa sna\u017e\u00edme spestri\u0165 program no\u010dn\u00fdch [&hellip;]\" \/>\n<meta property=\"og:url\" content=\"https:\/\/pmza.sk\/?p=7788\" \/>\n<meta property=\"og:site_name\" content=\"Pova\u017esk\u00e9 m\u00fazeum\" \/>\n<meta property=\"article:publisher\" content=\"https:\/\/www.facebook.com\/povazskemuzeum\" \/>\n<meta property=\"article:published_time\" content=\"2013-07-11T09:34:50+00:00\" \/>\n<meta property=\"og:image\" content=\"https:\/\/pmza.sk.sk\/wp-content\/uploads\/2013\/07\/noc-300x200.jpg\" \/>\n<meta name=\"author\" content=\"Pova\u017esk\u00e9 m\u00fazeum\" \/>\n<meta name=\"twitter:card\" content=\"summary_large_image\" \/>\n<meta name=\"twitter:label1\" content=\"Autor\" \/>\n\t<meta name=\"twitter:data1\" content=\"Pova\u017esk\u00e9 m\u00fazeum\" \/>\n\t<meta name=\"twitter:label2\" content=\"Predpokladan\u00fd \u010das \u010d\u00edtania\" \/>\n\t<meta name=\"twitter:data2\" content=\"2 min\u00faty\" \/>\n<script type=\"application\/ld+json\" class=\"yoast-schema-graph\">{\"@context\":\"https:\\\/\\\/schema.org\",\"@graph\":[{\"@type\":\"Article\",\"@id\":\"https:\\\/\\\/pmza.sk\\\/?p=7788#article\",\"isPartOf\":{\"@id\":\"https:\\\/\\\/pmza.sk\\\/?p=7788\"},\"author\":{\"name\":\"Pova\u017esk\u00e9 m\u00fazeum\",\"@id\":\"https:\\\/\\\/pmza.sk\\\/#\\\/schema\\\/person\\\/595e6a2ce731ea94dcd5d7f50a41ae33\"},\"headline\":\"Princip\u00e1l s oblud\u00e1riom dorazia (na) hrad Stre\u010dno\",\"datePublished\":\"2013-07-11T09:34:50+00:00\",\"mainEntityOfPage\":{\"@id\":\"https:\\\/\\\/pmza.sk\\\/?p=7788\"},\"wordCount\":334,\"publisher\":{\"@id\":\"https:\\\/\\\/pmza.sk\\\/#organization\"},\"image\":{\"@id\":\"https:\\\/\\\/pmza.sk\\\/?p=7788#primaryimage\"},\"thumbnailUrl\":\"http:\\\/\\\/pmza.sk.sk\\\/wp-content\\\/uploads\\\/2013\\\/07\\\/noc-300x200.jpg\",\"articleSection\":[\"Arch\u00edv 2013\"],\"inLanguage\":\"sk-SK\"},{\"@type\":\"WebPage\",\"@id\":\"https:\\\/\\\/pmza.sk\\\/?p=7788\",\"url\":\"https:\\\/\\\/pmza.sk\\\/?p=7788\",\"name\":\"Princip\u00e1l s oblud\u00e1riom dorazia (na) hrad Stre\u010dno - Pova\u017esk\u00e9 m\u00fazeum\",\"isPartOf\":{\"@id\":\"https:\\\/\\\/pmza.sk\\\/#website\"},\"primaryImageOfPage\":{\"@id\":\"https:\\\/\\\/pmza.sk\\\/?p=7788#primaryimage\"},\"image\":{\"@id\":\"https:\\\/\\\/pmza.sk\\\/?p=7788#primaryimage\"},\"thumbnailUrl\":\"http:\\\/\\\/pmza.sk.sk\\\/wp-content\\\/uploads\\\/2013\\\/07\\\/noc-300x200.jpg\",\"datePublished\":\"2013-07-11T09:34:50+00:00\",\"breadcrumb\":{\"@id\":\"https:\\\/\\\/pmza.sk\\\/?p=7788#breadcrumb\"},\"inLanguage\":\"sk-SK\",\"potentialAction\":[{\"@type\":\"ReadAction\",\"target\":[\"https:\\\/\\\/pmza.sk\\\/?p=7788\"]}]},{\"@type\":\"ImageObject\",\"inLanguage\":\"sk-SK\",\"@id\":\"https:\\\/\\\/pmza.sk\\\/?p=7788#primaryimage\",\"url\":\"http:\\\/\\\/pmza.sk.sk\\\/wp-content\\\/uploads\\\/2013\\\/07\\\/noc-300x200.jpg\",\"contentUrl\":\"http:\\\/\\\/pmza.sk.sk\\\/wp-content\\\/uploads\\\/2013\\\/07\\\/noc-300x200.jpg\"},{\"@type\":\"BreadcrumbList\",\"@id\":\"https:\\\/\\\/pmza.sk\\\/?p=7788#breadcrumb\",\"itemListElement\":[{\"@type\":\"ListItem\",\"position\":1,\"name\":\"Domovsk\u00e1 str\u00e1nka\",\"item\":\"https:\\\/\\\/pmza.sk\\\/\"},{\"@type\":\"ListItem\",\"position\":2,\"name\":\"Princip\u00e1l s oblud\u00e1riom dorazia (na) hrad Stre\u010dno\"}]},{\"@type\":\"WebSite\",\"@id\":\"https:\\\/\\\/pmza.sk\\\/#website\",\"url\":\"https:\\\/\\\/pmza.sk\\\/\",\"name\":\"Pova\u017esk\u00e9 m\u00fazeum\",\"description\":\"Pova\u017esk\u00e9 m\u00fazeum v \u017diline je region\u00e1lne m\u00fazeum so s\u00eddlom v Budat\u00edne. Jeho expoz\u00edcie s\u00fa zameran\u00e9 na dejiny slovensk\u00e9ho umenia, kult\u00fary a dopravy.\",\"publisher\":{\"@id\":\"https:\\\/\\\/pmza.sk\\\/#organization\"},\"potentialAction\":[{\"@type\":\"SearchAction\",\"target\":{\"@type\":\"EntryPoint\",\"urlTemplate\":\"https:\\\/\\\/pmza.sk\\\/?s={search_term_string}\"},\"query-input\":{\"@type\":\"PropertyValueSpecification\",\"valueRequired\":true,\"valueName\":\"search_term_string\"}}],\"inLanguage\":\"sk-SK\"},{\"@type\":\"Organization\",\"@id\":\"https:\\\/\\\/pmza.sk\\\/#organization\",\"name\":\"Pova\u017esk\u00e9 m\u00fazeum\",\"url\":\"https:\\\/\\\/pmza.sk\\\/\",\"logo\":{\"@type\":\"ImageObject\",\"inLanguage\":\"sk-SK\",\"@id\":\"https:\\\/\\\/pmza.sk\\\/#\\\/schema\\\/logo\\\/image\\\/\",\"url\":\"https:\\\/\\\/pmza.sk\\\/wp-content\\\/uploads\\\/2022\\\/01\\\/logo_PM_horizontal.jpg\",\"contentUrl\":\"https:\\\/\\\/pmza.sk\\\/wp-content\\\/uploads\\\/2022\\\/01\\\/logo_PM_horizontal.jpg\",\"width\":231,\"height\":142,\"caption\":\"Pova\u017esk\u00e9 m\u00fazeum\"},\"image\":{\"@id\":\"https:\\\/\\\/pmza.sk\\\/#\\\/schema\\\/logo\\\/image\\\/\"},\"sameAs\":[\"https:\\\/\\\/www.facebook.com\\\/povazskemuzeum\",\"https:\\\/\\\/www.instagram.com\\\/povazskemuzeum\\\/\"]},{\"@type\":\"Person\",\"@id\":\"https:\\\/\\\/pmza.sk\\\/#\\\/schema\\\/person\\\/595e6a2ce731ea94dcd5d7f50a41ae33\",\"name\":\"Pova\u017esk\u00e9 m\u00fazeum\",\"image\":{\"@type\":\"ImageObject\",\"inLanguage\":\"sk-SK\",\"@id\":\"https:\\\/\\\/secure.gravatar.com\\\/avatar\\\/2bb7f1561282132fb5826dfeccc66c7996d11ee392ac6aaf7ced8a1c2027fbb2?s=96&d=mm&r=g\",\"url\":\"https:\\\/\\\/secure.gravatar.com\\\/avatar\\\/2bb7f1561282132fb5826dfeccc66c7996d11ee392ac6aaf7ced8a1c2027fbb2?s=96&d=mm&r=g\",\"contentUrl\":\"https:\\\/\\\/secure.gravatar.com\\\/avatar\\\/2bb7f1561282132fb5826dfeccc66c7996d11ee392ac6aaf7ced8a1c2027fbb2?s=96&d=mm&r=g\",\"caption\":\"Pova\u017esk\u00e9 m\u00fazeum\"}}]}<\/script>\n<!-- \/ Yoast SEO plugin. -->","yoast_head_json":{"title":"Princip\u00e1l s oblud\u00e1riom dorazia (na) hrad Stre\u010dno - Pova\u017esk\u00e9 m\u00fazeum","robots":{"index":"index","follow":"follow","max-snippet":"max-snippet:-1","max-image-preview":"max-image-preview:large","max-video-preview":"max-video-preview:-1"},"canonical":"https:\/\/pmza.sk\/?p=7788","og_locale":"sk_SK","og_type":"article","og_title":"Princip\u00e1l s oblud\u00e1riom dorazia (na) hrad Stre\u010dno - Pova\u017esk\u00e9 m\u00fazeum","og_description":"Letn\u00e9 pr\u00e1zdniny s\u00fa pre mnoh\u00fdch n\u00e1v\u0161tevn\u00edkov hradu Stre\u010dno u\u017e takmer nepredstavite\u013en\u00e9 bez stra\u0161ideln\u00fdch no\u010dn\u00fdch prehliadok, ktor\u00e9 patria k\u00a0najvyh\u013ead\u00e1vanej\u0161\u00edm a\u00a0najnav\u0161tevovanej\u0161\u00edm podujatiam. V\u00a0piatok 19. j\u00fala 2013 je pre neboj\u00e1cnych pripraven\u00e1 \u010fal\u0161ia no\u010dn\u00e1 prehliadka hradu Stre\u010dno z\u00a0cyklu Stre\u010dniansky des. \u201eNo\u010dn\u00e9 prehliadky hradu sa po\u010das svojej nieko\u013ekoro\u010dnej trad\u00edcie stali vyh\u013ead\u00e1van\u00fdm kult\u00farnym podujat\u00edm. Ka\u017ed\u00fd rok sa sna\u017e\u00edme spestri\u0165 program no\u010dn\u00fdch [&hellip;]","og_url":"https:\/\/pmza.sk\/?p=7788","og_site_name":"Pova\u017esk\u00e9 m\u00fazeum","article_publisher":"https:\/\/www.facebook.com\/povazskemuzeum","article_published_time":"2013-07-11T09:34:50+00:00","og_image":[{"url":"https:\/\/pmza.sk.sk\/wp-content\/uploads\/2013\/07\/noc-300x200.jpg","type":"","width":"","height":""}],"author":"Pova\u017esk\u00e9 m\u00fazeum","twitter_card":"summary_large_image","twitter_misc":{"Autor":"Pova\u017esk\u00e9 m\u00fazeum","Predpokladan\u00fd \u010das \u010d\u00edtania":"2 min\u00faty"},"schema":{"@context":"https:\/\/schema.org","@graph":[{"@type":"Article","@id":"https:\/\/pmza.sk\/?p=7788#article","isPartOf":{"@id":"https:\/\/pmza.sk\/?p=7788"},"author":{"name":"Pova\u017esk\u00e9 m\u00fazeum","@id":"https:\/\/pmza.sk\/#\/schema\/person\/595e6a2ce731ea94dcd5d7f50a41ae33"},"headline":"Princip\u00e1l s oblud\u00e1riom dorazia (na) hrad Stre\u010dno","datePublished":"2013-07-11T09:34:50+00:00","mainEntityOfPage":{"@id":"https:\/\/pmza.sk\/?p=7788"},"wordCount":334,"publisher":{"@id":"https:\/\/pmza.sk\/#organization"},"image":{"@id":"https:\/\/pmza.sk\/?p=7788#primaryimage"},"thumbnailUrl":"https:\/\/pmza.sk.sk\/wp-content\/uploads\/2013\/07\/noc-300x200.jpg","articleSection":["Arch\u00edv 2013"],"inLanguage":"sk-SK"},{"@type":"WebPage","@id":"https:\/\/pmza.sk\/?p=7788","url":"https:\/\/pmza.sk\/?p=7788","name":"Princip\u00e1l s oblud\u00e1riom dorazia (na) hrad Stre\u010dno - Pova\u017esk\u00e9 m\u00fazeum","isPartOf":{"@id":"https:\/\/pmza.sk\/#website"},"primaryImageOfPage":{"@id":"https:\/\/pmza.sk\/?p=7788#primaryimage"},"image":{"@id":"https:\/\/pmza.sk\/?p=7788#primaryimage"},"thumbnailUrl":"https:\/\/pmza.sk.sk\/wp-content\/uploads\/2013\/07\/noc-300x200.jpg","datePublished":"2013-07-11T09:34:50+00:00","breadcrumb":{"@id":"https:\/\/pmza.sk\/?p=7788#breadcrumb"},"inLanguage":"sk-SK","potentialAction":[{"@type":"ReadAction","target":["https:\/\/pmza.sk\/?p=7788"]}]},{"@type":"ImageObject","inLanguage":"sk-SK","@id":"https:\/\/pmza.sk\/?p=7788#primaryimage","url":"https:\/\/pmza.sk.sk\/wp-content\/uploads\/2013\/07\/noc-300x200.jpg","contentUrl":"https:\/\/pmza.sk.sk\/wp-content\/uploads\/2013\/07\/noc-300x200.jpg"},{"@type":"BreadcrumbList","@id":"https:\/\/pmza.sk\/?p=7788#breadcrumb","itemListElement":[{"@type":"ListItem","position":1,"name":"Domovsk\u00e1 str\u00e1nka","item":"https:\/\/pmza.sk\/"},{"@type":"ListItem","position":2,"name":"Princip\u00e1l s oblud\u00e1riom dorazia (na) hrad Stre\u010dno"}]},{"@type":"WebSite","@id":"https:\/\/pmza.sk\/#website","url":"https:\/\/pmza.sk\/","name":"Pova\u017esk\u00e9 m\u00fazeum","description":"Pova\u017esk\u00e9 m\u00fazeum v \u017diline je region\u00e1lne m\u00fazeum so s\u00eddlom v Budat\u00edne. Jeho expoz\u00edcie s\u00fa zameran\u00e9 na dejiny slovensk\u00e9ho umenia, kult\u00fary a dopravy.","publisher":{"@id":"https:\/\/pmza.sk\/#organization"},"potentialAction":[{"@type":"SearchAction","target":{"@type":"EntryPoint","urlTemplate":"https:\/\/pmza.sk\/?s={search_term_string}"},"query-input":{"@type":"PropertyValueSpecification","valueRequired":true,"valueName":"search_term_string"}}],"inLanguage":"sk-SK"},{"@type":"Organization","@id":"https:\/\/pmza.sk\/#organization","name":"Pova\u017esk\u00e9 m\u00fazeum","url":"https:\/\/pmza.sk\/","logo":{"@type":"ImageObject","inLanguage":"sk-SK","@id":"https:\/\/pmza.sk\/#\/schema\/logo\/image\/","url":"https:\/\/pmza.sk\/wp-content\/uploads\/2022\/01\/logo_PM_horizontal.jpg","contentUrl":"https:\/\/pmza.sk\/wp-content\/uploads\/2022\/01\/logo_PM_horizontal.jpg","width":231,"height":142,"caption":"Pova\u017esk\u00e9 m\u00fazeum"},"image":{"@id":"https:\/\/pmza.sk\/#\/schema\/logo\/image\/"},"sameAs":["https:\/\/www.facebook.com\/povazskemuzeum","https:\/\/www.instagram.com\/povazskemuzeum\/"]},{"@type":"Person","@id":"https:\/\/pmza.sk\/#\/schema\/person\/595e6a2ce731ea94dcd5d7f50a41ae33","name":"Pova\u017esk\u00e9 m\u00fazeum","image":{"@type":"ImageObject","inLanguage":"sk-SK","@id":"https:\/\/secure.gravatar.com\/avatar\/2bb7f1561282132fb5826dfeccc66c7996d11ee392ac6aaf7ced8a1c2027fbb2?s=96&d=mm&r=g","url":"https:\/\/secure.gravatar.com\/avatar\/2bb7f1561282132fb5826dfeccc66c7996d11ee392ac6aaf7ced8a1c2027fbb2?s=96&d=mm&r=g","contentUrl":"https:\/\/secure.gravatar.com\/avatar\/2bb7f1561282132fb5826dfeccc66c7996d11ee392ac6aaf7ced8a1c2027fbb2?s=96&d=mm&r=g","caption":"Pova\u017esk\u00e9 m\u00fazeum"}}]}},"_links":{"self":[{"href":"https:\/\/pmza.sk\/index.php?rest_route=\/wp\/v2\/posts\/7788","targetHints":{"allow":["GET"]}}],"collection":[{"href":"https:\/\/pmza.sk\/index.php?rest_route=\/wp\/v2\/posts"}],"about":[{"href":"https:\/\/pmza.sk\/index.php?rest_route=\/wp\/v2\/types\/post"}],"author":[{"embeddable":true,"href":"https:\/\/pmza.sk\/index.php?rest_route=\/wp\/v2\/users\/2"}],"replies":[{"embeddable":true,"href":"https:\/\/pmza.sk\/index.php?rest_route=%2Fwp%2Fv2%2Fcomments&post=7788"}],"version-history":[{"count":0,"href":"https:\/\/pmza.sk\/index.php?rest_route=\/wp\/v2\/posts\/7788\/revisions"}],"wp:attachment":[{"href":"https:\/\/pmza.sk\/index.php?rest_route=%2Fwp%2Fv2%2Fmedia&parent=7788"}],"wp:term":[{"taxonomy":"category","embeddable":true,"href":"https:\/\/pmza.sk\/index.php?rest_route=%2Fwp%2Fv2%2Fcategories&post=7788"},{"taxonomy":"post_tag","embeddable":true,"href":"https:\/\/pmza.sk\/index.php?rest_route=%2Fwp%2Fv2%2Ftags&post=7788"}],"curies":[{"name":"wp","href":"https:\/\/api.w.org\/{rel}","templated":true}]}}