{"id":7832,"date":"2013-07-23T11:51:22","date_gmt":"2013-07-23T09:51:22","guid":{"rendered":"https:\/\/pmza.sk.sk\/?p=7832"},"modified":"2013-07-23T11:51:22","modified_gmt":"2013-07-23T09:51:22","slug":"budatinsky-park-je-priatelsky-aj-pre-cyklistov","status":"publish","type":"post","link":"https:\/\/pmza.sk\/?p=7832","title":{"rendered":"Budat\u00ednsky park je priate\u013esk\u00fd aj pre cyklistov"},"content":{"rendered":"<p><a href=\"https:\/\/pmza.sk\/wp-content\/uploads\/2013\/07\/IMG_6545.jpg\"><img fetchpriority=\"high\" decoding=\"async\" class=\"alignleft size-medium wp-image-7833\" style=\"border: 2px solid black; margin: 4px;\" title=\"Budat\u00ednsky park\" src=\"https:\/\/pmza.sk.sk\/wp-content\/uploads\/2013\/07\/IMG_6545-300x199.jpg\" alt=\"\" width=\"300\" height=\"199\" \/><\/a>Cyklotrasa, ktor\u00e1 sp\u00e1ja Budat\u00ednsky hrad s hradom Stre\u010dno je u\u017e viac ako mesiac otvoren\u00e1 pre v\u0161etk\u00fdch milovn\u00edkov kult\u00fary, hist\u00f3rie a zdrav\u00e9ho \u017eivotn\u00e9ho \u0161t\u00fdlu. Od 28. j\u00fana 2013 m\u00f4\u017eu cyklisti prech\u00e1dza\u0165 aj Budat\u00ednskym parkom, a tak si po pr\u00edjemnej jazde na bicykli vychutna\u0165 aj kr\u00e1sy kult\u00farnych pamiatok a odd\u00fdchnu\u0165 si v z\u00e1mockom parku.\u00a0 So s\u00fahlasom Krajsk\u00e9ho pamiatkov\u00e9ho \u00faradu \u017dilina bol vyhraden\u00fd a\u00a0ozna\u010den\u00fd samostatn\u00fd chodn\u00edk pre cyklistov, ktor\u00fdm m\u00f4\u017eu bicykle <strong>pretla\u010di\u0165<\/strong> popri sebe. Pri hlavnom vstupe do are\u00e1lu, rovnako ako pri vstupe od s\u00fatoku riek V\u00e1h a\u00a0Kysuca, s\u00fa umiestnen\u00e9 informa\u010dn\u00e9 tabule, ktor\u00e9 ur\u010duj\u00fa podmienky prechodu cyklistov. V\u00a0pr\u00edpade, \u017ee n\u00e1v\u0161tevn\u00edk parkom nielen prech\u00e1dza, ale pl\u00e1nuje si vychutna\u0165 aj jeho kr\u00e1sy, bude si m\u00f4c\u0165 svoj bicykel odlo\u017ei\u0165 do cyklostojanov pri oboch vstupoch do parku. Srde\u010dne V\u00e1s poz\u00fdvame vychutna\u0165 si pr\u00edjemn\u00e9 chv\u00edle v Budat\u00ednskom parku a nav\u0161t\u00edvi\u0165 jedine\u010dn\u00fa st\u00e1lu expoz\u00edciu Drot\u00e1rstva na svete!<\/p>\n<p><span style=\"color: black; font-family: Arial; font-size: x-small;\"> <\/span><\/p>\n","protected":false},"excerpt":{"rendered":"<p>Cyklotrasa, ktor\u00e1 sp\u00e1ja Budat\u00ednsky hrad s hradom Stre\u010dno je u\u017e viac ako mesiac otvoren\u00e1 pre v\u0161etk\u00fdch milovn\u00edkov kult\u00fary, hist\u00f3rie a zdrav\u00e9ho \u017eivotn\u00e9ho \u0161t\u00fdlu. Od 28. j\u00fana 2013 m\u00f4\u017eu cyklisti prech\u00e1dza\u0165 aj Budat\u00ednskym parkom, a tak si po pr\u00edjemnej jazde na bicykli vychutna\u0165 aj kr\u00e1sy kult\u00farnych pamiatok a odd\u00fdchnu\u0165 si v z\u00e1mockom parku.\u00a0 So s\u00fahlasom Krajsk\u00e9ho [&hellip;]<\/p>\n","protected":false},"author":2,"featured_media":0,"comment_status":"closed","ping_status":"closed","sticky":false,"template":"","format":"standard","meta":{"site-sidebar-layout":"default","site-content-layout":"","ast-site-content-layout":"","site-content-style":"default","site-sidebar-style":"default","ast-global-header-display":"","ast-banner-title-visibility":"","ast-main-header-display":"","ast-hfb-above-header-display":"","ast-hfb-below-header-display":"","ast-hfb-mobile-header-display":"","site-post-title":"","ast-breadcrumbs-content":"","ast-featured-img":"","footer-sml-layout":"","theme-transparent-header-meta":"","adv-header-id-meta":"","stick-header-meta":"","header-above-stick-meta":"","header-main-stick-meta":"","header-below-stick-meta":"","astra-migrate-meta-layouts":"default","ast-page-background-enabled":"default","ast-page-background-meta":{"desktop":{"background-color":"var(--ast-global-color-4)","background-image":"","background-repeat":"repeat","background-position":"center center","background-size":"auto","background-attachment":"scroll","background-type":"","background-media":"","overlay-type":"","overlay-color":"","overlay-opacity":"","overlay-gradient":""},"tablet":{"background-color":"","background-image":"","background-repeat":"repeat","background-position":"center center","background-size":"auto","background-attachment":"scroll","background-type":"","background-media":"","overlay-type":"","overlay-color":"","overlay-opacity":"","overlay-gradient":""},"mobile":{"background-color":"","background-image":"","background-repeat":"repeat","background-position":"center center","background-size":"auto","background-attachment":"scroll","background-type":"","background-media":"","overlay-type":"","overlay-color":"","overlay-opacity":"","overlay-gradient":""}},"ast-content-background-meta":{"desktop":{"background-color":"var(--ast-global-color-5)","background-image":"","background-repeat":"repeat","background-position":"center center","background-size":"auto","background-attachment":"scroll","background-type":"","background-media":"","overlay-type":"","overlay-color":"","overlay-opacity":"","overlay-gradient":""},"tablet":{"background-color":"var(--ast-global-color-5)","background-image":"","background-repeat":"repeat","background-position":"center center","background-size":"auto","background-attachment":"scroll","background-type":"","background-media":"","overlay-type":"","overlay-color":"","overlay-opacity":"","overlay-gradient":""},"mobile":{"background-color":"var(--ast-global-color-5)","background-image":"","background-repeat":"repeat","background-position":"center center","background-size":"auto","background-attachment":"scroll","background-type":"","background-media":"","overlay-type":"","overlay-color":"","overlay-opacity":"","overlay-gradient":""}},"footnotes":""},"categories":[31],"tags":[],"class_list":["post-7832","post","type-post","status-publish","format-standard","hentry","category-aktuality"],"yoast_head":"<!-- This site is optimized with the Yoast SEO plugin v27.4 - https:\/\/yoast.com\/product\/yoast-seo-wordpress\/ -->\n<title>Budat\u00ednsky park je priate\u013esk\u00fd aj pre cyklistov - Pova\u017esk\u00e9 m\u00fazeum<\/title>\n<meta name=\"robots\" content=\"index, follow, max-snippet:-1, max-image-preview:large, max-video-preview:-1\" \/>\n<link rel=\"canonical\" href=\"https:\/\/pmza.sk\/?p=7832\" \/>\n<meta property=\"og:locale\" content=\"sk_SK\" \/>\n<meta property=\"og:type\" content=\"article\" \/>\n<meta property=\"og:title\" content=\"Budat\u00ednsky park je priate\u013esk\u00fd aj pre cyklistov - Pova\u017esk\u00e9 m\u00fazeum\" \/>\n<meta property=\"og:description\" content=\"Cyklotrasa, ktor\u00e1 sp\u00e1ja Budat\u00ednsky hrad s hradom Stre\u010dno je u\u017e viac ako mesiac otvoren\u00e1 pre v\u0161etk\u00fdch milovn\u00edkov kult\u00fary, hist\u00f3rie a zdrav\u00e9ho \u017eivotn\u00e9ho \u0161t\u00fdlu. Od 28. j\u00fana 2013 m\u00f4\u017eu cyklisti prech\u00e1dza\u0165 aj Budat\u00ednskym parkom, a tak si po pr\u00edjemnej jazde na bicykli vychutna\u0165 aj kr\u00e1sy kult\u00farnych pamiatok a odd\u00fdchnu\u0165 si v z\u00e1mockom parku.\u00a0 So s\u00fahlasom Krajsk\u00e9ho [&hellip;]\" \/>\n<meta property=\"og:url\" content=\"https:\/\/pmza.sk\/?p=7832\" \/>\n<meta property=\"og:site_name\" content=\"Pova\u017esk\u00e9 m\u00fazeum\" \/>\n<meta property=\"article:publisher\" content=\"https:\/\/www.facebook.com\/povazskemuzeum\" \/>\n<meta property=\"article:published_time\" content=\"2013-07-23T09:51:22+00:00\" \/>\n<meta property=\"og:image\" content=\"https:\/\/pmza.sk.sk\/wp-content\/uploads\/2013\/07\/IMG_6545-300x199.jpg\" \/>\n<meta name=\"author\" content=\"Pova\u017esk\u00e9 m\u00fazeum\" \/>\n<meta name=\"twitter:card\" content=\"summary_large_image\" \/>\n<meta name=\"twitter:label1\" content=\"Autor\" \/>\n\t<meta name=\"twitter:data1\" content=\"Pova\u017esk\u00e9 m\u00fazeum\" \/>\n\t<meta name=\"twitter:label2\" content=\"Predpokladan\u00fd \u010das \u010d\u00edtania\" \/>\n\t<meta name=\"twitter:data2\" content=\"1 min\u00fata\" \/>\n<script type=\"application\/ld+json\" class=\"yoast-schema-graph\">{\"@context\":\"https:\\\/\\\/schema.org\",\"@graph\":[{\"@type\":\"Article\",\"@id\":\"https:\\\/\\\/pmza.sk\\\/?p=7832#article\",\"isPartOf\":{\"@id\":\"https:\\\/\\\/pmza.sk\\\/?p=7832\"},\"author\":{\"name\":\"Pova\u017esk\u00e9 m\u00fazeum\",\"@id\":\"https:\\\/\\\/pmza.sk\\\/#\\\/schema\\\/person\\\/595e6a2ce731ea94dcd5d7f50a41ae33\"},\"headline\":\"Budat\u00ednsky park je priate\u013esk\u00fd aj pre cyklistov\",\"datePublished\":\"2013-07-23T09:51:22+00:00\",\"mainEntityOfPage\":{\"@id\":\"https:\\\/\\\/pmza.sk\\\/?p=7832\"},\"wordCount\":202,\"publisher\":{\"@id\":\"https:\\\/\\\/pmza.sk\\\/#organization\"},\"image\":{\"@id\":\"https:\\\/\\\/pmza.sk\\\/?p=7832#primaryimage\"},\"thumbnailUrl\":\"http:\\\/\\\/pmza.sk.sk\\\/wp-content\\\/uploads\\\/2013\\\/07\\\/IMG_6545-300x199.jpg\",\"articleSection\":[\"Aktuality\"],\"inLanguage\":\"sk-SK\"},{\"@type\":\"WebPage\",\"@id\":\"https:\\\/\\\/pmza.sk\\\/?p=7832\",\"url\":\"https:\\\/\\\/pmza.sk\\\/?p=7832\",\"name\":\"Budat\u00ednsky park je priate\u013esk\u00fd aj pre cyklistov - Pova\u017esk\u00e9 m\u00fazeum\",\"isPartOf\":{\"@id\":\"https:\\\/\\\/pmza.sk\\\/#website\"},\"primaryImageOfPage\":{\"@id\":\"https:\\\/\\\/pmza.sk\\\/?p=7832#primaryimage\"},\"image\":{\"@id\":\"https:\\\/\\\/pmza.sk\\\/?p=7832#primaryimage\"},\"thumbnailUrl\":\"http:\\\/\\\/pmza.sk.sk\\\/wp-content\\\/uploads\\\/2013\\\/07\\\/IMG_6545-300x199.jpg\",\"datePublished\":\"2013-07-23T09:51:22+00:00\",\"breadcrumb\":{\"@id\":\"https:\\\/\\\/pmza.sk\\\/?p=7832#breadcrumb\"},\"inLanguage\":\"sk-SK\",\"potentialAction\":[{\"@type\":\"ReadAction\",\"target\":[\"https:\\\/\\\/pmza.sk\\\/?p=7832\"]}]},{\"@type\":\"ImageObject\",\"inLanguage\":\"sk-SK\",\"@id\":\"https:\\\/\\\/pmza.sk\\\/?p=7832#primaryimage\",\"url\":\"http:\\\/\\\/pmza.sk.sk\\\/wp-content\\\/uploads\\\/2013\\\/07\\\/IMG_6545-300x199.jpg\",\"contentUrl\":\"http:\\\/\\\/pmza.sk.sk\\\/wp-content\\\/uploads\\\/2013\\\/07\\\/IMG_6545-300x199.jpg\"},{\"@type\":\"BreadcrumbList\",\"@id\":\"https:\\\/\\\/pmza.sk\\\/?p=7832#breadcrumb\",\"itemListElement\":[{\"@type\":\"ListItem\",\"position\":1,\"name\":\"Domovsk\u00e1 str\u00e1nka\",\"item\":\"https:\\\/\\\/pmza.sk\\\/\"},{\"@type\":\"ListItem\",\"position\":2,\"name\":\"Budat\u00ednsky park je priate\u013esk\u00fd aj pre cyklistov\"}]},{\"@type\":\"WebSite\",\"@id\":\"https:\\\/\\\/pmza.sk\\\/#website\",\"url\":\"https:\\\/\\\/pmza.sk\\\/\",\"name\":\"Pova\u017esk\u00e9 m\u00fazeum\",\"description\":\"Pova\u017esk\u00e9 m\u00fazeum v \u017diline je region\u00e1lne m\u00fazeum so s\u00eddlom v Budat\u00edne. Jeho expoz\u00edcie s\u00fa zameran\u00e9 na dejiny slovensk\u00e9ho umenia, kult\u00fary a dopravy.\",\"publisher\":{\"@id\":\"https:\\\/\\\/pmza.sk\\\/#organization\"},\"potentialAction\":[{\"@type\":\"SearchAction\",\"target\":{\"@type\":\"EntryPoint\",\"urlTemplate\":\"https:\\\/\\\/pmza.sk\\\/?s={search_term_string}\"},\"query-input\":{\"@type\":\"PropertyValueSpecification\",\"valueRequired\":true,\"valueName\":\"search_term_string\"}}],\"inLanguage\":\"sk-SK\"},{\"@type\":\"Organization\",\"@id\":\"https:\\\/\\\/pmza.sk\\\/#organization\",\"name\":\"Pova\u017esk\u00e9 m\u00fazeum\",\"url\":\"https:\\\/\\\/pmza.sk\\\/\",\"logo\":{\"@type\":\"ImageObject\",\"inLanguage\":\"sk-SK\",\"@id\":\"https:\\\/\\\/pmza.sk\\\/#\\\/schema\\\/logo\\\/image\\\/\",\"url\":\"https:\\\/\\\/pmza.sk\\\/wp-content\\\/uploads\\\/2022\\\/01\\\/logo_PM_horizontal.jpg\",\"contentUrl\":\"https:\\\/\\\/pmza.sk\\\/wp-content\\\/uploads\\\/2022\\\/01\\\/logo_PM_horizontal.jpg\",\"width\":231,\"height\":142,\"caption\":\"Pova\u017esk\u00e9 m\u00fazeum\"},\"image\":{\"@id\":\"https:\\\/\\\/pmza.sk\\\/#\\\/schema\\\/logo\\\/image\\\/\"},\"sameAs\":[\"https:\\\/\\\/www.facebook.com\\\/povazskemuzeum\",\"https:\\\/\\\/www.instagram.com\\\/povazskemuzeum\\\/\"]},{\"@type\":\"Person\",\"@id\":\"https:\\\/\\\/pmza.sk\\\/#\\\/schema\\\/person\\\/595e6a2ce731ea94dcd5d7f50a41ae33\",\"name\":\"Pova\u017esk\u00e9 m\u00fazeum\",\"image\":{\"@type\":\"ImageObject\",\"inLanguage\":\"sk-SK\",\"@id\":\"https:\\\/\\\/secure.gravatar.com\\\/avatar\\\/2bb7f1561282132fb5826dfeccc66c7996d11ee392ac6aaf7ced8a1c2027fbb2?s=96&d=mm&r=g\",\"url\":\"https:\\\/\\\/secure.gravatar.com\\\/avatar\\\/2bb7f1561282132fb5826dfeccc66c7996d11ee392ac6aaf7ced8a1c2027fbb2?s=96&d=mm&r=g\",\"contentUrl\":\"https:\\\/\\\/secure.gravatar.com\\\/avatar\\\/2bb7f1561282132fb5826dfeccc66c7996d11ee392ac6aaf7ced8a1c2027fbb2?s=96&d=mm&r=g\",\"caption\":\"Pova\u017esk\u00e9 m\u00fazeum\"}}]}<\/script>\n<!-- \/ Yoast SEO plugin. -->","yoast_head_json":{"title":"Budat\u00ednsky park je priate\u013esk\u00fd aj pre cyklistov - Pova\u017esk\u00e9 m\u00fazeum","robots":{"index":"index","follow":"follow","max-snippet":"max-snippet:-1","max-image-preview":"max-image-preview:large","max-video-preview":"max-video-preview:-1"},"canonical":"https:\/\/pmza.sk\/?p=7832","og_locale":"sk_SK","og_type":"article","og_title":"Budat\u00ednsky park je priate\u013esk\u00fd aj pre cyklistov - Pova\u017esk\u00e9 m\u00fazeum","og_description":"Cyklotrasa, ktor\u00e1 sp\u00e1ja Budat\u00ednsky hrad s hradom Stre\u010dno je u\u017e viac ako mesiac otvoren\u00e1 pre v\u0161etk\u00fdch milovn\u00edkov kult\u00fary, hist\u00f3rie a zdrav\u00e9ho \u017eivotn\u00e9ho \u0161t\u00fdlu. Od 28. j\u00fana 2013 m\u00f4\u017eu cyklisti prech\u00e1dza\u0165 aj Budat\u00ednskym parkom, a tak si po pr\u00edjemnej jazde na bicykli vychutna\u0165 aj kr\u00e1sy kult\u00farnych pamiatok a odd\u00fdchnu\u0165 si v z\u00e1mockom parku.\u00a0 So s\u00fahlasom Krajsk\u00e9ho [&hellip;]","og_url":"https:\/\/pmza.sk\/?p=7832","og_site_name":"Pova\u017esk\u00e9 m\u00fazeum","article_publisher":"https:\/\/www.facebook.com\/povazskemuzeum","article_published_time":"2013-07-23T09:51:22+00:00","og_image":[{"url":"https:\/\/pmza.sk.sk\/wp-content\/uploads\/2013\/07\/IMG_6545-300x199.jpg","type":"","width":"","height":""}],"author":"Pova\u017esk\u00e9 m\u00fazeum","twitter_card":"summary_large_image","twitter_misc":{"Autor":"Pova\u017esk\u00e9 m\u00fazeum","Predpokladan\u00fd \u010das \u010d\u00edtania":"1 min\u00fata"},"schema":{"@context":"https:\/\/schema.org","@graph":[{"@type":"Article","@id":"https:\/\/pmza.sk\/?p=7832#article","isPartOf":{"@id":"https:\/\/pmza.sk\/?p=7832"},"author":{"name":"Pova\u017esk\u00e9 m\u00fazeum","@id":"https:\/\/pmza.sk\/#\/schema\/person\/595e6a2ce731ea94dcd5d7f50a41ae33"},"headline":"Budat\u00ednsky park je priate\u013esk\u00fd aj pre cyklistov","datePublished":"2013-07-23T09:51:22+00:00","mainEntityOfPage":{"@id":"https:\/\/pmza.sk\/?p=7832"},"wordCount":202,"publisher":{"@id":"https:\/\/pmza.sk\/#organization"},"image":{"@id":"https:\/\/pmza.sk\/?p=7832#primaryimage"},"thumbnailUrl":"https:\/\/pmza.sk.sk\/wp-content\/uploads\/2013\/07\/IMG_6545-300x199.jpg","articleSection":["Aktuality"],"inLanguage":"sk-SK"},{"@type":"WebPage","@id":"https:\/\/pmza.sk\/?p=7832","url":"https:\/\/pmza.sk\/?p=7832","name":"Budat\u00ednsky park je priate\u013esk\u00fd aj pre cyklistov - Pova\u017esk\u00e9 m\u00fazeum","isPartOf":{"@id":"https:\/\/pmza.sk\/#website"},"primaryImageOfPage":{"@id":"https:\/\/pmza.sk\/?p=7832#primaryimage"},"image":{"@id":"https:\/\/pmza.sk\/?p=7832#primaryimage"},"thumbnailUrl":"https:\/\/pmza.sk.sk\/wp-content\/uploads\/2013\/07\/IMG_6545-300x199.jpg","datePublished":"2013-07-23T09:51:22+00:00","breadcrumb":{"@id":"https:\/\/pmza.sk\/?p=7832#breadcrumb"},"inLanguage":"sk-SK","potentialAction":[{"@type":"ReadAction","target":["https:\/\/pmza.sk\/?p=7832"]}]},{"@type":"ImageObject","inLanguage":"sk-SK","@id":"https:\/\/pmza.sk\/?p=7832#primaryimage","url":"https:\/\/pmza.sk.sk\/wp-content\/uploads\/2013\/07\/IMG_6545-300x199.jpg","contentUrl":"https:\/\/pmza.sk.sk\/wp-content\/uploads\/2013\/07\/IMG_6545-300x199.jpg"},{"@type":"BreadcrumbList","@id":"https:\/\/pmza.sk\/?p=7832#breadcrumb","itemListElement":[{"@type":"ListItem","position":1,"name":"Domovsk\u00e1 str\u00e1nka","item":"https:\/\/pmza.sk\/"},{"@type":"ListItem","position":2,"name":"Budat\u00ednsky park je priate\u013esk\u00fd aj pre cyklistov"}]},{"@type":"WebSite","@id":"https:\/\/pmza.sk\/#website","url":"https:\/\/pmza.sk\/","name":"Pova\u017esk\u00e9 m\u00fazeum","description":"Pova\u017esk\u00e9 m\u00fazeum v \u017diline je region\u00e1lne m\u00fazeum so s\u00eddlom v Budat\u00edne. Jeho expoz\u00edcie s\u00fa zameran\u00e9 na dejiny slovensk\u00e9ho umenia, kult\u00fary a dopravy.","publisher":{"@id":"https:\/\/pmza.sk\/#organization"},"potentialAction":[{"@type":"SearchAction","target":{"@type":"EntryPoint","urlTemplate":"https:\/\/pmza.sk\/?s={search_term_string}"},"query-input":{"@type":"PropertyValueSpecification","valueRequired":true,"valueName":"search_term_string"}}],"inLanguage":"sk-SK"},{"@type":"Organization","@id":"https:\/\/pmza.sk\/#organization","name":"Pova\u017esk\u00e9 m\u00fazeum","url":"https:\/\/pmza.sk\/","logo":{"@type":"ImageObject","inLanguage":"sk-SK","@id":"https:\/\/pmza.sk\/#\/schema\/logo\/image\/","url":"https:\/\/pmza.sk\/wp-content\/uploads\/2022\/01\/logo_PM_horizontal.jpg","contentUrl":"https:\/\/pmza.sk\/wp-content\/uploads\/2022\/01\/logo_PM_horizontal.jpg","width":231,"height":142,"caption":"Pova\u017esk\u00e9 m\u00fazeum"},"image":{"@id":"https:\/\/pmza.sk\/#\/schema\/logo\/image\/"},"sameAs":["https:\/\/www.facebook.com\/povazskemuzeum","https:\/\/www.instagram.com\/povazskemuzeum\/"]},{"@type":"Person","@id":"https:\/\/pmza.sk\/#\/schema\/person\/595e6a2ce731ea94dcd5d7f50a41ae33","name":"Pova\u017esk\u00e9 m\u00fazeum","image":{"@type":"ImageObject","inLanguage":"sk-SK","@id":"https:\/\/secure.gravatar.com\/avatar\/2bb7f1561282132fb5826dfeccc66c7996d11ee392ac6aaf7ced8a1c2027fbb2?s=96&d=mm&r=g","url":"https:\/\/secure.gravatar.com\/avatar\/2bb7f1561282132fb5826dfeccc66c7996d11ee392ac6aaf7ced8a1c2027fbb2?s=96&d=mm&r=g","contentUrl":"https:\/\/secure.gravatar.com\/avatar\/2bb7f1561282132fb5826dfeccc66c7996d11ee392ac6aaf7ced8a1c2027fbb2?s=96&d=mm&r=g","caption":"Pova\u017esk\u00e9 m\u00fazeum"}}]}},"_links":{"self":[{"href":"https:\/\/pmza.sk\/index.php?rest_route=\/wp\/v2\/posts\/7832","targetHints":{"allow":["GET"]}}],"collection":[{"href":"https:\/\/pmza.sk\/index.php?rest_route=\/wp\/v2\/posts"}],"about":[{"href":"https:\/\/pmza.sk\/index.php?rest_route=\/wp\/v2\/types\/post"}],"author":[{"embeddable":true,"href":"https:\/\/pmza.sk\/index.php?rest_route=\/wp\/v2\/users\/2"}],"replies":[{"embeddable":true,"href":"https:\/\/pmza.sk\/index.php?rest_route=%2Fwp%2Fv2%2Fcomments&post=7832"}],"version-history":[{"count":0,"href":"https:\/\/pmza.sk\/index.php?rest_route=\/wp\/v2\/posts\/7832\/revisions"}],"wp:attachment":[{"href":"https:\/\/pmza.sk\/index.php?rest_route=%2Fwp%2Fv2%2Fmedia&parent=7832"}],"wp:term":[{"taxonomy":"category","embeddable":true,"href":"https:\/\/pmza.sk\/index.php?rest_route=%2Fwp%2Fv2%2Fcategories&post=7832"},{"taxonomy":"post_tag","embeddable":true,"href":"https:\/\/pmza.sk\/index.php?rest_route=%2Fwp%2Fv2%2Ftags&post=7832"}],"curies":[{"name":"wp","href":"https:\/\/api.w.org\/{rel}","templated":true}]}}