{"id":7858,"date":"2013-07-26T06:38:34","date_gmt":"2013-07-26T04:38:34","guid":{"rendered":"https:\/\/pmza.sk.sk\/?p=7858"},"modified":"2013-07-26T06:38:34","modified_gmt":"2013-07-26T04:38:34","slug":"7858","status":"publish","type":"post","link":"https:\/\/pmza.sk\/?p=7858","title":{"rendered":"Tma, nap\u00e4tie a z\u00e1bava na hrade Stre\u010dno"},"content":{"rendered":"<p><a href=\"https:\/\/pmza.sk\/wp-content\/uploads\/2013\/07\/IMG_3014.jpg\"><img fetchpriority=\"high\" decoding=\"async\" class=\"alignleft size-medium wp-image-7859\" style=\"border: 2px solid black; margin: 4px;\" title=\"IMG_3014\" src=\"https:\/\/pmza.sk.sk\/wp-content\/uploads\/2013\/07\/IMG_3014-300x200.jpg\" alt=\"\" width=\"300\" height=\"200\" \/><\/a>Pred nami je op\u00e4\u0165 atrakt\u00edvny ve\u010der na hrade Stre\u010dno pln\u00fd bohat\u00e9ho programu v\u00a0znamen\u00ed z\u00e1bavy, humoru, strachu a\u00a0medzin\u00e1rodn\u00fdch stretnut\u00ed zn\u00e1mych stra\u0161idiel. <strong>V\u00a0piatok 2. augusta 2013<\/strong> sa predposledn\u00fd kr\u00e1t po\u010das tohto leta uskuto\u010dn\u00ed no\u010dn\u00e1 prehliadka hradu pod n\u00e1zvom Stre\u010dniansky des. Tento raz bude hlavnou sc\u00e9nkou na n\u00e1dvor\u00ed krvila\u010dn\u00fd pes baskervillsk\u00fd ako jeden z\u00a0najzn\u00e1mej\u0161\u00edch pr\u00edbehov, ktor\u00e9ho \u00fastrednou postavou je vynikaj\u00faci detekt\u00edv Sherlock Holmes. <em>\u201eIde o\u00a0pr\u00edpad, ktor\u00fd na prv\u00fd poh\u013ead s\u00edce nevyzer\u00e1 ako zlo\u010din, a\u00a0pr\u00e1ve preto zaujme zn\u00e1meho detekt\u00edva, ktor\u00fd sa bezhlavo pust\u00ed do jeho rie\u0161enia. A\u017e z\u00a0Baskervillsk\u00e9ho z\u00e1mku pr\u00edde tento krvila\u010dn\u00fd pes na hrad Stre\u010dno, kde sa mo\u017eno z\u00a0neho \u010dasom stane krvila\u010dn\u00fd pes stre\u010dniansky,\u201c<\/em> povedal Luk\u00e1\u0161 Tandara z\u00a0ob\u013e\u00fabenej divadelno-improviza\u010dnej skupiny Kapor na sc\u00e9ne. <!--more-->N\u00e1v\u0161tevn\u00edci t\u00fa\u017eiaci po bohatstve si pr\u00eddu na svoje pri stretnut\u00ed s\u00a0alchymistom Hermesom Trismegistom, ktor\u00fd im na po\u010dkanie vyrob\u00ed zlato prakticky z\u00a0\u010dohoko\u013evek a a\u017e z\u00a0hor\u00faceho Egypta k\u00a0n\u00e1m zav\u00edta dobrodru\u017estva chtiv\u00e1 m\u00famia, ktor\u00e1 d\u00e1 ka\u017ed\u00e9mu n\u00e1vod ako sa zabalzamova\u0165 a\u00a0zamota\u0165 vlastn\u00fdmi rukami.<em> \u201eV\u00a0tmav\u00fdch k\u00fatoch hradu si n\u00e1v\u0161tevn\u00edci bud\u00fa musie\u0165 d\u00e1va\u0165 pozor na svoje krky, na ktor\u00e9 bude \u010d\u00edha\u0165 rumunsk\u00fd gr\u00f3f Dracula. Pre istotu odpor\u00fa\u010dame obliec\u0165 si rol\u00e1ky \u010di pokry\u0165 svoj krk nejakou \u0161atkou,\u201c<\/em> dod\u00e1va Luk\u00e1\u0161 Tandara. Okrem toho sa stre\u010dnianski hradn\u00ed delostrelci pod veden\u00edm kapr\u00e1la \u010cara postaraj\u00fa o\u00a0jedine\u010dn\u00fd z\u00e1\u017eitok stre\u013ebou z\u00a0dela a\u00a0oh\u0148ov\u00e1 skupina Eiwhana zo \u017diliny roz\u017eiari noc svojim p\u00fatav\u00fdm vyst\u00fapen\u00edm.<em> \u201eMilovn\u00edci z\u00e1bavy, hist\u00f3rie, ale aj pr\u00edjemn\u00e9ho strachu sa k\u00a0n\u00e1m radi vracaj\u00fa, aby za\u017eili neopakovate\u013en\u00fa atmosf\u00e9ru no\u010dn\u00fdch prehliadok. Hrad podfarben\u00fd tmou, nev\u00eddan\u00fdmi zvukmi a\u00a0sveteln\u00fdmi efektmi vn\u00edmaj\u00fa n\u00e1v\u0161tevn\u00edci celkom inak ako po\u010das denn\u00fdch prehliadok s\u00a0lektorsk\u00fdm v\u00fdkladom. Pripom\u00edname n\u00e1v\u0161tevn\u00edkom, aby si so sebou nezabudli vzia\u0165 baterky,\u201c <\/em>povedala Katar\u00edna Rep\u00e1\u0148ov\u00e1, spr\u00e1vky\u0148a hradu Stre\u010dno.<\/p>\n<p>Organiz\u00e1torom no\u010dnej prehliadky hradu Stre\u010dno pod n\u00e1zvom <strong>Stre\u010dniansky des<\/strong>, ktor\u00e1 sa uskuto\u010dn\u00ed <strong>v\u00a0piatok 2. augusta 2013 od 20.00 hod. do 23.00 hod. s\u00a0posledn\u00fdm vstupom o\u00a022.30 hod.,<\/strong> je Pova\u017esk\u00e9 m\u00fazeum v\u00a0\u017diline v\u00a0zria\u010fovate\u013eskej p\u00f4sobnosti \u017dilinsk\u00e9ho samospr\u00e1vneho kraja.<em><\/em><\/p>\n","protected":false},"excerpt":{"rendered":"<p>Pred nami je op\u00e4\u0165 atrakt\u00edvny ve\u010der na hrade Stre\u010dno pln\u00fd bohat\u00e9ho programu v\u00a0znamen\u00ed z\u00e1bavy, humoru, strachu a\u00a0medzin\u00e1rodn\u00fdch stretnut\u00ed zn\u00e1mych stra\u0161idiel. V\u00a0piatok 2. augusta 2013 sa predposledn\u00fd kr\u00e1t po\u010das tohto leta uskuto\u010dn\u00ed no\u010dn\u00e1 prehliadka hradu pod n\u00e1zvom Stre\u010dniansky des. Tento raz bude hlavnou sc\u00e9nkou na n\u00e1dvor\u00ed krvila\u010dn\u00fd pes baskervillsk\u00fd ako jeden z\u00a0najzn\u00e1mej\u0161\u00edch pr\u00edbehov, ktor\u00e9ho \u00fastrednou postavou [&hellip;]<\/p>\n","protected":false},"author":2,"featured_media":0,"comment_status":"closed","ping_status":"closed","sticky":false,"template":"","format":"standard","meta":{"site-sidebar-layout":"default","site-content-layout":"","ast-site-content-layout":"","site-content-style":"default","site-sidebar-style":"default","ast-global-header-display":"","ast-banner-title-visibility":"","ast-main-header-display":"","ast-hfb-above-header-display":"","ast-hfb-below-header-display":"","ast-hfb-mobile-header-display":"","site-post-title":"","ast-breadcrumbs-content":"","ast-featured-img":"","footer-sml-layout":"","theme-transparent-header-meta":"","adv-header-id-meta":"","stick-header-meta":"","header-above-stick-meta":"","header-main-stick-meta":"","header-below-stick-meta":"","astra-migrate-meta-layouts":"default","ast-page-background-enabled":"default","ast-page-background-meta":{"desktop":{"background-color":"var(--ast-global-color-4)","background-image":"","background-repeat":"repeat","background-position":"center center","background-size":"auto","background-attachment":"scroll","background-type":"","background-media":"","overlay-type":"","overlay-color":"","overlay-opacity":"","overlay-gradient":""},"tablet":{"background-color":"","background-image":"","background-repeat":"repeat","background-position":"center center","background-size":"auto","background-attachment":"scroll","background-type":"","background-media":"","overlay-type":"","overlay-color":"","overlay-opacity":"","overlay-gradient":""},"mobile":{"background-color":"","background-image":"","background-repeat":"repeat","background-position":"center center","background-size":"auto","background-attachment":"scroll","background-type":"","background-media":"","overlay-type":"","overlay-color":"","overlay-opacity":"","overlay-gradient":""}},"ast-content-background-meta":{"desktop":{"background-color":"var(--ast-global-color-5)","background-image":"","background-repeat":"repeat","background-position":"center center","background-size":"auto","background-attachment":"scroll","background-type":"","background-media":"","overlay-type":"","overlay-color":"","overlay-opacity":"","overlay-gradient":""},"tablet":{"background-color":"var(--ast-global-color-5)","background-image":"","background-repeat":"repeat","background-position":"center center","background-size":"auto","background-attachment":"scroll","background-type":"","background-media":"","overlay-type":"","overlay-color":"","overlay-opacity":"","overlay-gradient":""},"mobile":{"background-color":"var(--ast-global-color-5)","background-image":"","background-repeat":"repeat","background-position":"center center","background-size":"auto","background-attachment":"scroll","background-type":"","background-media":"","overlay-type":"","overlay-color":"","overlay-opacity":"","overlay-gradient":""}},"footnotes":""},"categories":[33],"tags":[],"class_list":["post-7858","post","type-post","status-publish","format-standard","hentry","category-archiv-2013"],"yoast_head":"<!-- This site is optimized with the Yoast SEO plugin v27.4 - https:\/\/yoast.com\/product\/yoast-seo-wordpress\/ -->\n<title>Tma, nap\u00e4tie a z\u00e1bava na hrade Stre\u010dno - Pova\u017esk\u00e9 m\u00fazeum<\/title>\n<meta name=\"robots\" content=\"index, follow, max-snippet:-1, max-image-preview:large, max-video-preview:-1\" \/>\n<link rel=\"canonical\" href=\"https:\/\/pmza.sk\/?p=7858\" \/>\n<meta property=\"og:locale\" content=\"sk_SK\" \/>\n<meta property=\"og:type\" content=\"article\" \/>\n<meta property=\"og:title\" content=\"Tma, nap\u00e4tie a z\u00e1bava na hrade Stre\u010dno - Pova\u017esk\u00e9 m\u00fazeum\" \/>\n<meta property=\"og:description\" content=\"Pred nami je op\u00e4\u0165 atrakt\u00edvny ve\u010der na hrade Stre\u010dno pln\u00fd bohat\u00e9ho programu v\u00a0znamen\u00ed z\u00e1bavy, humoru, strachu a\u00a0medzin\u00e1rodn\u00fdch stretnut\u00ed zn\u00e1mych stra\u0161idiel. V\u00a0piatok 2. augusta 2013 sa predposledn\u00fd kr\u00e1t po\u010das tohto leta uskuto\u010dn\u00ed no\u010dn\u00e1 prehliadka hradu pod n\u00e1zvom Stre\u010dniansky des. Tento raz bude hlavnou sc\u00e9nkou na n\u00e1dvor\u00ed krvila\u010dn\u00fd pes baskervillsk\u00fd ako jeden z\u00a0najzn\u00e1mej\u0161\u00edch pr\u00edbehov, ktor\u00e9ho \u00fastrednou postavou [&hellip;]\" \/>\n<meta property=\"og:url\" content=\"https:\/\/pmza.sk\/?p=7858\" \/>\n<meta property=\"og:site_name\" content=\"Pova\u017esk\u00e9 m\u00fazeum\" \/>\n<meta property=\"article:publisher\" content=\"https:\/\/www.facebook.com\/povazskemuzeum\" \/>\n<meta property=\"article:published_time\" content=\"2013-07-26T04:38:34+00:00\" \/>\n<meta property=\"og:image\" content=\"https:\/\/pmza.sk.sk\/wp-content\/uploads\/2013\/07\/IMG_3014-300x200.jpg\" \/>\n<meta name=\"author\" content=\"Pova\u017esk\u00e9 m\u00fazeum\" \/>\n<meta name=\"twitter:card\" content=\"summary_large_image\" \/>\n<meta name=\"twitter:label1\" content=\"Autor\" \/>\n\t<meta name=\"twitter:data1\" content=\"Pova\u017esk\u00e9 m\u00fazeum\" \/>\n\t<meta name=\"twitter:label2\" content=\"Predpokladan\u00fd \u010das \u010d\u00edtania\" \/>\n\t<meta name=\"twitter:data2\" content=\"2 min\u00faty\" \/>\n<script type=\"application\/ld+json\" class=\"yoast-schema-graph\">{\"@context\":\"https:\\\/\\\/schema.org\",\"@graph\":[{\"@type\":\"Article\",\"@id\":\"https:\\\/\\\/pmza.sk\\\/?p=7858#article\",\"isPartOf\":{\"@id\":\"https:\\\/\\\/pmza.sk\\\/?p=7858\"},\"author\":{\"name\":\"Pova\u017esk\u00e9 m\u00fazeum\",\"@id\":\"https:\\\/\\\/pmza.sk\\\/#\\\/schema\\\/person\\\/595e6a2ce731ea94dcd5d7f50a41ae33\"},\"headline\":\"Tma, nap\u00e4tie a z\u00e1bava na hrade Stre\u010dno\",\"datePublished\":\"2013-07-26T04:38:34+00:00\",\"mainEntityOfPage\":{\"@id\":\"https:\\\/\\\/pmza.sk\\\/?p=7858\"},\"wordCount\":448,\"publisher\":{\"@id\":\"https:\\\/\\\/pmza.sk\\\/#organization\"},\"image\":{\"@id\":\"https:\\\/\\\/pmza.sk\\\/?p=7858#primaryimage\"},\"thumbnailUrl\":\"http:\\\/\\\/pmza.sk.sk\\\/wp-content\\\/uploads\\\/2013\\\/07\\\/IMG_3014-300x200.jpg\",\"articleSection\":[\"Arch\u00edv 2013\"],\"inLanguage\":\"sk-SK\"},{\"@type\":\"WebPage\",\"@id\":\"https:\\\/\\\/pmza.sk\\\/?p=7858\",\"url\":\"https:\\\/\\\/pmza.sk\\\/?p=7858\",\"name\":\"Tma, nap\u00e4tie a z\u00e1bava na hrade Stre\u010dno - Pova\u017esk\u00e9 m\u00fazeum\",\"isPartOf\":{\"@id\":\"https:\\\/\\\/pmza.sk\\\/#website\"},\"primaryImageOfPage\":{\"@id\":\"https:\\\/\\\/pmza.sk\\\/?p=7858#primaryimage\"},\"image\":{\"@id\":\"https:\\\/\\\/pmza.sk\\\/?p=7858#primaryimage\"},\"thumbnailUrl\":\"http:\\\/\\\/pmza.sk.sk\\\/wp-content\\\/uploads\\\/2013\\\/07\\\/IMG_3014-300x200.jpg\",\"datePublished\":\"2013-07-26T04:38:34+00:00\",\"breadcrumb\":{\"@id\":\"https:\\\/\\\/pmza.sk\\\/?p=7858#breadcrumb\"},\"inLanguage\":\"sk-SK\",\"potentialAction\":[{\"@type\":\"ReadAction\",\"target\":[\"https:\\\/\\\/pmza.sk\\\/?p=7858\"]}]},{\"@type\":\"ImageObject\",\"inLanguage\":\"sk-SK\",\"@id\":\"https:\\\/\\\/pmza.sk\\\/?p=7858#primaryimage\",\"url\":\"http:\\\/\\\/pmza.sk.sk\\\/wp-content\\\/uploads\\\/2013\\\/07\\\/IMG_3014-300x200.jpg\",\"contentUrl\":\"http:\\\/\\\/pmza.sk.sk\\\/wp-content\\\/uploads\\\/2013\\\/07\\\/IMG_3014-300x200.jpg\"},{\"@type\":\"BreadcrumbList\",\"@id\":\"https:\\\/\\\/pmza.sk\\\/?p=7858#breadcrumb\",\"itemListElement\":[{\"@type\":\"ListItem\",\"position\":1,\"name\":\"Domovsk\u00e1 str\u00e1nka\",\"item\":\"https:\\\/\\\/pmza.sk\\\/\"},{\"@type\":\"ListItem\",\"position\":2,\"name\":\"Tma, nap\u00e4tie a z\u00e1bava na hrade Stre\u010dno\"}]},{\"@type\":\"WebSite\",\"@id\":\"https:\\\/\\\/pmza.sk\\\/#website\",\"url\":\"https:\\\/\\\/pmza.sk\\\/\",\"name\":\"Pova\u017esk\u00e9 m\u00fazeum\",\"description\":\"Pova\u017esk\u00e9 m\u00fazeum v \u017diline je region\u00e1lne m\u00fazeum so s\u00eddlom v Budat\u00edne. Jeho expoz\u00edcie s\u00fa zameran\u00e9 na dejiny slovensk\u00e9ho umenia, kult\u00fary a dopravy.\",\"publisher\":{\"@id\":\"https:\\\/\\\/pmza.sk\\\/#organization\"},\"potentialAction\":[{\"@type\":\"SearchAction\",\"target\":{\"@type\":\"EntryPoint\",\"urlTemplate\":\"https:\\\/\\\/pmza.sk\\\/?s={search_term_string}\"},\"query-input\":{\"@type\":\"PropertyValueSpecification\",\"valueRequired\":true,\"valueName\":\"search_term_string\"}}],\"inLanguage\":\"sk-SK\"},{\"@type\":\"Organization\",\"@id\":\"https:\\\/\\\/pmza.sk\\\/#organization\",\"name\":\"Pova\u017esk\u00e9 m\u00fazeum\",\"url\":\"https:\\\/\\\/pmza.sk\\\/\",\"logo\":{\"@type\":\"ImageObject\",\"inLanguage\":\"sk-SK\",\"@id\":\"https:\\\/\\\/pmza.sk\\\/#\\\/schema\\\/logo\\\/image\\\/\",\"url\":\"https:\\\/\\\/pmza.sk\\\/wp-content\\\/uploads\\\/2022\\\/01\\\/logo_PM_horizontal.jpg\",\"contentUrl\":\"https:\\\/\\\/pmza.sk\\\/wp-content\\\/uploads\\\/2022\\\/01\\\/logo_PM_horizontal.jpg\",\"width\":231,\"height\":142,\"caption\":\"Pova\u017esk\u00e9 m\u00fazeum\"},\"image\":{\"@id\":\"https:\\\/\\\/pmza.sk\\\/#\\\/schema\\\/logo\\\/image\\\/\"},\"sameAs\":[\"https:\\\/\\\/www.facebook.com\\\/povazskemuzeum\",\"https:\\\/\\\/www.instagram.com\\\/povazskemuzeum\\\/\"]},{\"@type\":\"Person\",\"@id\":\"https:\\\/\\\/pmza.sk\\\/#\\\/schema\\\/person\\\/595e6a2ce731ea94dcd5d7f50a41ae33\",\"name\":\"Pova\u017esk\u00e9 m\u00fazeum\",\"image\":{\"@type\":\"ImageObject\",\"inLanguage\":\"sk-SK\",\"@id\":\"https:\\\/\\\/secure.gravatar.com\\\/avatar\\\/2bb7f1561282132fb5826dfeccc66c7996d11ee392ac6aaf7ced8a1c2027fbb2?s=96&d=mm&r=g\",\"url\":\"https:\\\/\\\/secure.gravatar.com\\\/avatar\\\/2bb7f1561282132fb5826dfeccc66c7996d11ee392ac6aaf7ced8a1c2027fbb2?s=96&d=mm&r=g\",\"contentUrl\":\"https:\\\/\\\/secure.gravatar.com\\\/avatar\\\/2bb7f1561282132fb5826dfeccc66c7996d11ee392ac6aaf7ced8a1c2027fbb2?s=96&d=mm&r=g\",\"caption\":\"Pova\u017esk\u00e9 m\u00fazeum\"}}]}<\/script>\n<!-- \/ Yoast SEO plugin. -->","yoast_head_json":{"title":"Tma, nap\u00e4tie a z\u00e1bava na hrade Stre\u010dno - Pova\u017esk\u00e9 m\u00fazeum","robots":{"index":"index","follow":"follow","max-snippet":"max-snippet:-1","max-image-preview":"max-image-preview:large","max-video-preview":"max-video-preview:-1"},"canonical":"https:\/\/pmza.sk\/?p=7858","og_locale":"sk_SK","og_type":"article","og_title":"Tma, nap\u00e4tie a z\u00e1bava na hrade Stre\u010dno - Pova\u017esk\u00e9 m\u00fazeum","og_description":"Pred nami je op\u00e4\u0165 atrakt\u00edvny ve\u010der na hrade Stre\u010dno pln\u00fd bohat\u00e9ho programu v\u00a0znamen\u00ed z\u00e1bavy, humoru, strachu a\u00a0medzin\u00e1rodn\u00fdch stretnut\u00ed zn\u00e1mych stra\u0161idiel. V\u00a0piatok 2. augusta 2013 sa predposledn\u00fd kr\u00e1t po\u010das tohto leta uskuto\u010dn\u00ed no\u010dn\u00e1 prehliadka hradu pod n\u00e1zvom Stre\u010dniansky des. Tento raz bude hlavnou sc\u00e9nkou na n\u00e1dvor\u00ed krvila\u010dn\u00fd pes baskervillsk\u00fd ako jeden z\u00a0najzn\u00e1mej\u0161\u00edch pr\u00edbehov, ktor\u00e9ho \u00fastrednou postavou [&hellip;]","og_url":"https:\/\/pmza.sk\/?p=7858","og_site_name":"Pova\u017esk\u00e9 m\u00fazeum","article_publisher":"https:\/\/www.facebook.com\/povazskemuzeum","article_published_time":"2013-07-26T04:38:34+00:00","og_image":[{"url":"https:\/\/pmza.sk.sk\/wp-content\/uploads\/2013\/07\/IMG_3014-300x200.jpg","type":"","width":"","height":""}],"author":"Pova\u017esk\u00e9 m\u00fazeum","twitter_card":"summary_large_image","twitter_misc":{"Autor":"Pova\u017esk\u00e9 m\u00fazeum","Predpokladan\u00fd \u010das \u010d\u00edtania":"2 min\u00faty"},"schema":{"@context":"https:\/\/schema.org","@graph":[{"@type":"Article","@id":"https:\/\/pmza.sk\/?p=7858#article","isPartOf":{"@id":"https:\/\/pmza.sk\/?p=7858"},"author":{"name":"Pova\u017esk\u00e9 m\u00fazeum","@id":"https:\/\/pmza.sk\/#\/schema\/person\/595e6a2ce731ea94dcd5d7f50a41ae33"},"headline":"Tma, nap\u00e4tie a z\u00e1bava na hrade Stre\u010dno","datePublished":"2013-07-26T04:38:34+00:00","mainEntityOfPage":{"@id":"https:\/\/pmza.sk\/?p=7858"},"wordCount":448,"publisher":{"@id":"https:\/\/pmza.sk\/#organization"},"image":{"@id":"https:\/\/pmza.sk\/?p=7858#primaryimage"},"thumbnailUrl":"https:\/\/pmza.sk.sk\/wp-content\/uploads\/2013\/07\/IMG_3014-300x200.jpg","articleSection":["Arch\u00edv 2013"],"inLanguage":"sk-SK"},{"@type":"WebPage","@id":"https:\/\/pmza.sk\/?p=7858","url":"https:\/\/pmza.sk\/?p=7858","name":"Tma, nap\u00e4tie a z\u00e1bava na hrade Stre\u010dno - Pova\u017esk\u00e9 m\u00fazeum","isPartOf":{"@id":"https:\/\/pmza.sk\/#website"},"primaryImageOfPage":{"@id":"https:\/\/pmza.sk\/?p=7858#primaryimage"},"image":{"@id":"https:\/\/pmza.sk\/?p=7858#primaryimage"},"thumbnailUrl":"https:\/\/pmza.sk.sk\/wp-content\/uploads\/2013\/07\/IMG_3014-300x200.jpg","datePublished":"2013-07-26T04:38:34+00:00","breadcrumb":{"@id":"https:\/\/pmza.sk\/?p=7858#breadcrumb"},"inLanguage":"sk-SK","potentialAction":[{"@type":"ReadAction","target":["https:\/\/pmza.sk\/?p=7858"]}]},{"@type":"ImageObject","inLanguage":"sk-SK","@id":"https:\/\/pmza.sk\/?p=7858#primaryimage","url":"https:\/\/pmza.sk.sk\/wp-content\/uploads\/2013\/07\/IMG_3014-300x200.jpg","contentUrl":"https:\/\/pmza.sk.sk\/wp-content\/uploads\/2013\/07\/IMG_3014-300x200.jpg"},{"@type":"BreadcrumbList","@id":"https:\/\/pmza.sk\/?p=7858#breadcrumb","itemListElement":[{"@type":"ListItem","position":1,"name":"Domovsk\u00e1 str\u00e1nka","item":"https:\/\/pmza.sk\/"},{"@type":"ListItem","position":2,"name":"Tma, nap\u00e4tie a z\u00e1bava na hrade Stre\u010dno"}]},{"@type":"WebSite","@id":"https:\/\/pmza.sk\/#website","url":"https:\/\/pmza.sk\/","name":"Pova\u017esk\u00e9 m\u00fazeum","description":"Pova\u017esk\u00e9 m\u00fazeum v \u017diline je region\u00e1lne m\u00fazeum so s\u00eddlom v Budat\u00edne. Jeho expoz\u00edcie s\u00fa zameran\u00e9 na dejiny slovensk\u00e9ho umenia, kult\u00fary a dopravy.","publisher":{"@id":"https:\/\/pmza.sk\/#organization"},"potentialAction":[{"@type":"SearchAction","target":{"@type":"EntryPoint","urlTemplate":"https:\/\/pmza.sk\/?s={search_term_string}"},"query-input":{"@type":"PropertyValueSpecification","valueRequired":true,"valueName":"search_term_string"}}],"inLanguage":"sk-SK"},{"@type":"Organization","@id":"https:\/\/pmza.sk\/#organization","name":"Pova\u017esk\u00e9 m\u00fazeum","url":"https:\/\/pmza.sk\/","logo":{"@type":"ImageObject","inLanguage":"sk-SK","@id":"https:\/\/pmza.sk\/#\/schema\/logo\/image\/","url":"https:\/\/pmza.sk\/wp-content\/uploads\/2022\/01\/logo_PM_horizontal.jpg","contentUrl":"https:\/\/pmza.sk\/wp-content\/uploads\/2022\/01\/logo_PM_horizontal.jpg","width":231,"height":142,"caption":"Pova\u017esk\u00e9 m\u00fazeum"},"image":{"@id":"https:\/\/pmza.sk\/#\/schema\/logo\/image\/"},"sameAs":["https:\/\/www.facebook.com\/povazskemuzeum","https:\/\/www.instagram.com\/povazskemuzeum\/"]},{"@type":"Person","@id":"https:\/\/pmza.sk\/#\/schema\/person\/595e6a2ce731ea94dcd5d7f50a41ae33","name":"Pova\u017esk\u00e9 m\u00fazeum","image":{"@type":"ImageObject","inLanguage":"sk-SK","@id":"https:\/\/secure.gravatar.com\/avatar\/2bb7f1561282132fb5826dfeccc66c7996d11ee392ac6aaf7ced8a1c2027fbb2?s=96&d=mm&r=g","url":"https:\/\/secure.gravatar.com\/avatar\/2bb7f1561282132fb5826dfeccc66c7996d11ee392ac6aaf7ced8a1c2027fbb2?s=96&d=mm&r=g","contentUrl":"https:\/\/secure.gravatar.com\/avatar\/2bb7f1561282132fb5826dfeccc66c7996d11ee392ac6aaf7ced8a1c2027fbb2?s=96&d=mm&r=g","caption":"Pova\u017esk\u00e9 m\u00fazeum"}}]}},"_links":{"self":[{"href":"https:\/\/pmza.sk\/index.php?rest_route=\/wp\/v2\/posts\/7858","targetHints":{"allow":["GET"]}}],"collection":[{"href":"https:\/\/pmza.sk\/index.php?rest_route=\/wp\/v2\/posts"}],"about":[{"href":"https:\/\/pmza.sk\/index.php?rest_route=\/wp\/v2\/types\/post"}],"author":[{"embeddable":true,"href":"https:\/\/pmza.sk\/index.php?rest_route=\/wp\/v2\/users\/2"}],"replies":[{"embeddable":true,"href":"https:\/\/pmza.sk\/index.php?rest_route=%2Fwp%2Fv2%2Fcomments&post=7858"}],"version-history":[{"count":0,"href":"https:\/\/pmza.sk\/index.php?rest_route=\/wp\/v2\/posts\/7858\/revisions"}],"wp:attachment":[{"href":"https:\/\/pmza.sk\/index.php?rest_route=%2Fwp%2Fv2%2Fmedia&parent=7858"}],"wp:term":[{"taxonomy":"category","embeddable":true,"href":"https:\/\/pmza.sk\/index.php?rest_route=%2Fwp%2Fv2%2Fcategories&post=7858"},{"taxonomy":"post_tag","embeddable":true,"href":"https:\/\/pmza.sk\/index.php?rest_route=%2Fwp%2Fv2%2Ftags&post=7858"}],"curies":[{"name":"wp","href":"https:\/\/api.w.org\/{rel}","templated":true}]}}