{"id":7912,"date":"2013-08-05T07:05:55","date_gmt":"2013-08-05T05:05:55","guid":{"rendered":"https:\/\/pmza.sk.sk\/?p=7912"},"modified":"2013-08-05T07:05:55","modified_gmt":"2013-08-05T05:05:55","slug":"hradne-hry-zofie-bosniakovej-2","status":"publish","type":"post","link":"https:\/\/pmza.sk\/?p=7912","title":{"rendered":"Hradn\u00e9 hry \u017dofie Bosniakovej"},"content":{"rendered":"<p><a href=\"https:\/\/pmza.sk\/wp-content\/uploads\/2013\/08\/IMG_2901.jpg\"><img fetchpriority=\"high\" decoding=\"async\" class=\"alignleft size-medium wp-image-7913\" style=\"border: 2px solid black; margin: 4px;\" title=\"IMG_2901\" src=\"https:\/\/pmza.sk.sk\/wp-content\/uploads\/2013\/08\/IMG_2901-300x200.jpg\" alt=\"\" width=\"300\" height=\"200\" \/><\/a>Druh\u00e1 augustov\u00e1 nede\u013ea bude venovan\u00e1 najzn\u00e1mej\u0161ej historickej osobnosti, ktor\u00e1 \u017eila na stre\u010dnianskom hrade. \u017dofia Bosniakov\u00e1, man\u017eelka Franti\u0161ka Ve\u0161el\u00e9niho, bola pre svoje dobr\u00e9 skutky a pomoc chor\u00fdm a chudobn\u00fdm naz\u00fdvan\u00e1 tie\u017e Sv\u00e4tica zo Stre\u010dna a na jej po\u010des\u0165 sa <strong>v\u00a0nede\u013eu 11. augusta 2013<\/strong> u\u017e po p\u00e4tn\u00e1sty rok uskuto\u010dn\u00ed podujatie s n\u00e1zvom<strong> Hradn\u00e9 hry \u017dofie Bosniakovej<\/strong>. Program, ktor\u00fd Pova\u017esk\u00e9 m\u00fazeum v\u00a0\u017diline tento rok pripravilo, bude op\u00e4\u0165 bohat\u00fd a atrakt\u00edvny. <em>\u201eNebud\u00fa ch\u00fdba\u0165 stre\u010dnianski hradn\u00ed delostrelci pod veden\u00edm kapr\u00e1la \u010cara a ob\u013e\u00faben\u00ed sokoliari sv. Bavona z\u00a0Banskej \u0160tiavnice, ktor\u00ed po\u010das predstaven\u00ed na hlavnom n\u00e1dvor\u00ed predved\u00fa uk\u00e1\u017eky n\u00e1ro\u010dn\u00e9ho v\u00fdcviku a umenia lovu sokolov. Okrem toho sa n\u00e1v\u0161tevn\u00edci bud\u00fa m\u00f4c\u0165 s\u00a0dravcami aj foti\u0165,\u201c<\/em> predstavila \u010das\u0165 programu Katar\u00edna Rep\u00e1\u0148ov\u00e1, spr\u00e1vky\u0148a hradu Stre\u010dno. <!--more-->O nezabudnute\u013en\u00e9 z\u00e1\u017eitky a jedine\u010dn\u00fa atmosf\u00e9ru dobov\u00e9ho \u017eivota sa postar\u00e1 \u0161ermiarsko-divadeln\u00e1 kump\u00e1nia Via Historica, ktor\u00e1 bude svojim programom po hrade spr\u00edjem\u0148ova\u0165 cel\u00fd de\u0148. <em>\u201eKe\u010f\u017ee podujatie Hradn\u00e9 hry \u017dofie Bosniakovej je predov\u0161etk\u00fdm o hr\u00e1ch, pre n\u00e1v\u0161tevn\u00edkov sme pripravili zauj\u00edmav\u00e9 dobov\u00e9 hry ako hod ven\u010dekmi na me\u010d, boje na kladine so \u0161t\u00edtmi a palc\u00e1tmi, slep\u00ed rytieri bojuj\u00faci so zaviazan\u00fdmi o\u010dami a r\u00f4zne in\u00e9 atrakt\u00edvne hry pre deti aj dospel\u00fdch,\u201c <\/em> povedala na z\u00e1ver Katar\u00edna Rep\u00e1\u0148ov\u00e1, spr\u00e1vky\u0148a stre\u010dnianskeho hradu. \u017diadan\u00e1 a dobre zn\u00e1ma \u017eilinsk\u00e1 skupina Kapor na sc\u00e9ne s\u013eubuje v\u0161etk\u00fdm n\u00e1v\u0161tevn\u00edkom ve\u013ea z\u00e1bavy, z\u00e1\u017eitkov a dobrej atmosf\u00e9ry. Zauj\u00edmav\u00fdm spestren\u00edm Hradn\u00fdch hier \u017dofie Bosniakovej bude v\u00fdstava pr\u00e1c \u017eiakov strednej odbornej \u0161koly strojn\u00edckej z\u00a0cyklu Umenie na hrade XXXII. pod n\u00e1zvom <strong>Mlad\u00ed kov\u00e1\u010di z\u00a0kysuck\u00fdch dieln\u00ed<\/strong>, ktor\u00e1 bude v\u00a0priestoroch Severn\u00e9ho pal\u00e1ca nain\u0161talovan\u00e1 u\u017e od 9. augusta 2013.<\/p>\n<p>Organiz\u00e1torom podujatia Hradn\u00e9 hry \u017dofie Bosniakovej, ktor\u00e9 sa uskuto\u010dn\u00ed <strong>v\u00a0nede\u013eu 11. augusta 2013 od 9.00 hod. do 18.00 hod.,<\/strong> je Pova\u017esk\u00e9 m\u00fazeum v\u00a0\u017diline v\u00a0zria\u010fovate\u013eskej p\u00f4sobnosti \u017dilinsk\u00e9ho samospr\u00e1vneho kraja. <em><\/em><\/p>\n","protected":false},"excerpt":{"rendered":"<p>Druh\u00e1 augustov\u00e1 nede\u013ea bude venovan\u00e1 najzn\u00e1mej\u0161ej historickej osobnosti, ktor\u00e1 \u017eila na stre\u010dnianskom hrade. \u017dofia Bosniakov\u00e1, man\u017eelka Franti\u0161ka Ve\u0161el\u00e9niho, bola pre svoje dobr\u00e9 skutky a pomoc chor\u00fdm a chudobn\u00fdm naz\u00fdvan\u00e1 tie\u017e Sv\u00e4tica zo Stre\u010dna a na jej po\u010des\u0165 sa v\u00a0nede\u013eu 11. augusta 2013 u\u017e po p\u00e4tn\u00e1sty rok uskuto\u010dn\u00ed podujatie s n\u00e1zvom Hradn\u00e9 hry \u017dofie Bosniakovej. Program, [&hellip;]<\/p>\n","protected":false},"author":2,"featured_media":0,"comment_status":"closed","ping_status":"closed","sticky":false,"template":"","format":"standard","meta":{"site-sidebar-layout":"default","site-content-layout":"","ast-site-content-layout":"","site-content-style":"default","site-sidebar-style":"default","ast-global-header-display":"","ast-banner-title-visibility":"","ast-main-header-display":"","ast-hfb-above-header-display":"","ast-hfb-below-header-display":"","ast-hfb-mobile-header-display":"","site-post-title":"","ast-breadcrumbs-content":"","ast-featured-img":"","footer-sml-layout":"","theme-transparent-header-meta":"","adv-header-id-meta":"","stick-header-meta":"","header-above-stick-meta":"","header-main-stick-meta":"","header-below-stick-meta":"","astra-migrate-meta-layouts":"default","ast-page-background-enabled":"default","ast-page-background-meta":{"desktop":{"background-color":"var(--ast-global-color-4)","background-image":"","background-repeat":"repeat","background-position":"center center","background-size":"auto","background-attachment":"scroll","background-type":"","background-media":"","overlay-type":"","overlay-color":"","overlay-opacity":"","overlay-gradient":""},"tablet":{"background-color":"","background-image":"","background-repeat":"repeat","background-position":"center center","background-size":"auto","background-attachment":"scroll","background-type":"","background-media":"","overlay-type":"","overlay-color":"","overlay-opacity":"","overlay-gradient":""},"mobile":{"background-color":"","background-image":"","background-repeat":"repeat","background-position":"center center","background-size":"auto","background-attachment":"scroll","background-type":"","background-media":"","overlay-type":"","overlay-color":"","overlay-opacity":"","overlay-gradient":""}},"ast-content-background-meta":{"desktop":{"background-color":"var(--ast-global-color-5)","background-image":"","background-repeat":"repeat","background-position":"center center","background-size":"auto","background-attachment":"scroll","background-type":"","background-media":"","overlay-type":"","overlay-color":"","overlay-opacity":"","overlay-gradient":""},"tablet":{"background-color":"var(--ast-global-color-5)","background-image":"","background-repeat":"repeat","background-position":"center center","background-size":"auto","background-attachment":"scroll","background-type":"","background-media":"","overlay-type":"","overlay-color":"","overlay-opacity":"","overlay-gradient":""},"mobile":{"background-color":"var(--ast-global-color-5)","background-image":"","background-repeat":"repeat","background-position":"center center","background-size":"auto","background-attachment":"scroll","background-type":"","background-media":"","overlay-type":"","overlay-color":"","overlay-opacity":"","overlay-gradient":""}},"footnotes":""},"categories":[33],"tags":[],"class_list":["post-7912","post","type-post","status-publish","format-standard","hentry","category-archiv-2013"],"yoast_head":"<!-- This site is optimized with the Yoast SEO plugin v27.4 - https:\/\/yoast.com\/product\/yoast-seo-wordpress\/ -->\n<title>Hradn\u00e9 hry \u017dofie Bosniakovej - Pova\u017esk\u00e9 m\u00fazeum<\/title>\n<meta name=\"robots\" content=\"index, follow, max-snippet:-1, max-image-preview:large, max-video-preview:-1\" \/>\n<link rel=\"canonical\" href=\"https:\/\/pmza.sk\/?p=7912\" \/>\n<meta property=\"og:locale\" content=\"sk_SK\" \/>\n<meta property=\"og:type\" content=\"article\" \/>\n<meta property=\"og:title\" content=\"Hradn\u00e9 hry \u017dofie Bosniakovej - Pova\u017esk\u00e9 m\u00fazeum\" \/>\n<meta property=\"og:description\" content=\"Druh\u00e1 augustov\u00e1 nede\u013ea bude venovan\u00e1 najzn\u00e1mej\u0161ej historickej osobnosti, ktor\u00e1 \u017eila na stre\u010dnianskom hrade. \u017dofia Bosniakov\u00e1, man\u017eelka Franti\u0161ka Ve\u0161el\u00e9niho, bola pre svoje dobr\u00e9 skutky a pomoc chor\u00fdm a chudobn\u00fdm naz\u00fdvan\u00e1 tie\u017e Sv\u00e4tica zo Stre\u010dna a na jej po\u010des\u0165 sa v\u00a0nede\u013eu 11. augusta 2013 u\u017e po p\u00e4tn\u00e1sty rok uskuto\u010dn\u00ed podujatie s n\u00e1zvom Hradn\u00e9 hry \u017dofie Bosniakovej. Program, [&hellip;]\" \/>\n<meta property=\"og:url\" content=\"https:\/\/pmza.sk\/?p=7912\" \/>\n<meta property=\"og:site_name\" content=\"Pova\u017esk\u00e9 m\u00fazeum\" \/>\n<meta property=\"article:publisher\" content=\"https:\/\/www.facebook.com\/povazskemuzeum\" \/>\n<meta property=\"article:published_time\" content=\"2013-08-05T05:05:55+00:00\" \/>\n<meta property=\"og:image\" content=\"https:\/\/pmza.sk.sk\/wp-content\/uploads\/2013\/08\/IMG_2901-300x200.jpg\" \/>\n<meta name=\"author\" content=\"Pova\u017esk\u00e9 m\u00fazeum\" \/>\n<meta name=\"twitter:card\" content=\"summary_large_image\" \/>\n<meta name=\"twitter:label1\" content=\"Autor\" \/>\n\t<meta name=\"twitter:data1\" content=\"Pova\u017esk\u00e9 m\u00fazeum\" \/>\n\t<meta name=\"twitter:label2\" content=\"Predpokladan\u00fd \u010das \u010d\u00edtania\" \/>\n\t<meta name=\"twitter:data2\" content=\"2 min\u00faty\" \/>\n<script type=\"application\/ld+json\" class=\"yoast-schema-graph\">{\"@context\":\"https:\\\/\\\/schema.org\",\"@graph\":[{\"@type\":\"Article\",\"@id\":\"https:\\\/\\\/pmza.sk\\\/?p=7912#article\",\"isPartOf\":{\"@id\":\"https:\\\/\\\/pmza.sk\\\/?p=7912\"},\"author\":{\"name\":\"Pova\u017esk\u00e9 m\u00fazeum\",\"@id\":\"https:\\\/\\\/pmza.sk\\\/#\\\/schema\\\/person\\\/595e6a2ce731ea94dcd5d7f50a41ae33\"},\"headline\":\"Hradn\u00e9 hry \u017dofie Bosniakovej\",\"datePublished\":\"2013-08-05T05:05:55+00:00\",\"mainEntityOfPage\":{\"@id\":\"https:\\\/\\\/pmza.sk\\\/?p=7912\"},\"wordCount\":386,\"publisher\":{\"@id\":\"https:\\\/\\\/pmza.sk\\\/#organization\"},\"image\":{\"@id\":\"https:\\\/\\\/pmza.sk\\\/?p=7912#primaryimage\"},\"thumbnailUrl\":\"http:\\\/\\\/pmza.sk.sk\\\/wp-content\\\/uploads\\\/2013\\\/08\\\/IMG_2901-300x200.jpg\",\"articleSection\":[\"Arch\u00edv 2013\"],\"inLanguage\":\"sk-SK\"},{\"@type\":\"WebPage\",\"@id\":\"https:\\\/\\\/pmza.sk\\\/?p=7912\",\"url\":\"https:\\\/\\\/pmza.sk\\\/?p=7912\",\"name\":\"Hradn\u00e9 hry \u017dofie Bosniakovej - Pova\u017esk\u00e9 m\u00fazeum\",\"isPartOf\":{\"@id\":\"https:\\\/\\\/pmza.sk\\\/#website\"},\"primaryImageOfPage\":{\"@id\":\"https:\\\/\\\/pmza.sk\\\/?p=7912#primaryimage\"},\"image\":{\"@id\":\"https:\\\/\\\/pmza.sk\\\/?p=7912#primaryimage\"},\"thumbnailUrl\":\"http:\\\/\\\/pmza.sk.sk\\\/wp-content\\\/uploads\\\/2013\\\/08\\\/IMG_2901-300x200.jpg\",\"datePublished\":\"2013-08-05T05:05:55+00:00\",\"breadcrumb\":{\"@id\":\"https:\\\/\\\/pmza.sk\\\/?p=7912#breadcrumb\"},\"inLanguage\":\"sk-SK\",\"potentialAction\":[{\"@type\":\"ReadAction\",\"target\":[\"https:\\\/\\\/pmza.sk\\\/?p=7912\"]}]},{\"@type\":\"ImageObject\",\"inLanguage\":\"sk-SK\",\"@id\":\"https:\\\/\\\/pmza.sk\\\/?p=7912#primaryimage\",\"url\":\"http:\\\/\\\/pmza.sk.sk\\\/wp-content\\\/uploads\\\/2013\\\/08\\\/IMG_2901-300x200.jpg\",\"contentUrl\":\"http:\\\/\\\/pmza.sk.sk\\\/wp-content\\\/uploads\\\/2013\\\/08\\\/IMG_2901-300x200.jpg\"},{\"@type\":\"BreadcrumbList\",\"@id\":\"https:\\\/\\\/pmza.sk\\\/?p=7912#breadcrumb\",\"itemListElement\":[{\"@type\":\"ListItem\",\"position\":1,\"name\":\"Domovsk\u00e1 str\u00e1nka\",\"item\":\"https:\\\/\\\/pmza.sk\\\/\"},{\"@type\":\"ListItem\",\"position\":2,\"name\":\"Hradn\u00e9 hry \u017dofie Bosniakovej\"}]},{\"@type\":\"WebSite\",\"@id\":\"https:\\\/\\\/pmza.sk\\\/#website\",\"url\":\"https:\\\/\\\/pmza.sk\\\/\",\"name\":\"Pova\u017esk\u00e9 m\u00fazeum\",\"description\":\"Pova\u017esk\u00e9 m\u00fazeum v \u017diline je region\u00e1lne m\u00fazeum so s\u00eddlom v Budat\u00edne. Jeho expoz\u00edcie s\u00fa zameran\u00e9 na dejiny slovensk\u00e9ho umenia, kult\u00fary a dopravy.\",\"publisher\":{\"@id\":\"https:\\\/\\\/pmza.sk\\\/#organization\"},\"potentialAction\":[{\"@type\":\"SearchAction\",\"target\":{\"@type\":\"EntryPoint\",\"urlTemplate\":\"https:\\\/\\\/pmza.sk\\\/?s={search_term_string}\"},\"query-input\":{\"@type\":\"PropertyValueSpecification\",\"valueRequired\":true,\"valueName\":\"search_term_string\"}}],\"inLanguage\":\"sk-SK\"},{\"@type\":\"Organization\",\"@id\":\"https:\\\/\\\/pmza.sk\\\/#organization\",\"name\":\"Pova\u017esk\u00e9 m\u00fazeum\",\"url\":\"https:\\\/\\\/pmza.sk\\\/\",\"logo\":{\"@type\":\"ImageObject\",\"inLanguage\":\"sk-SK\",\"@id\":\"https:\\\/\\\/pmza.sk\\\/#\\\/schema\\\/logo\\\/image\\\/\",\"url\":\"https:\\\/\\\/pmza.sk\\\/wp-content\\\/uploads\\\/2022\\\/01\\\/logo_PM_horizontal.jpg\",\"contentUrl\":\"https:\\\/\\\/pmza.sk\\\/wp-content\\\/uploads\\\/2022\\\/01\\\/logo_PM_horizontal.jpg\",\"width\":231,\"height\":142,\"caption\":\"Pova\u017esk\u00e9 m\u00fazeum\"},\"image\":{\"@id\":\"https:\\\/\\\/pmza.sk\\\/#\\\/schema\\\/logo\\\/image\\\/\"},\"sameAs\":[\"https:\\\/\\\/www.facebook.com\\\/povazskemuzeum\",\"https:\\\/\\\/www.instagram.com\\\/povazskemuzeum\\\/\"]},{\"@type\":\"Person\",\"@id\":\"https:\\\/\\\/pmza.sk\\\/#\\\/schema\\\/person\\\/595e6a2ce731ea94dcd5d7f50a41ae33\",\"name\":\"Pova\u017esk\u00e9 m\u00fazeum\",\"image\":{\"@type\":\"ImageObject\",\"inLanguage\":\"sk-SK\",\"@id\":\"https:\\\/\\\/secure.gravatar.com\\\/avatar\\\/2bb7f1561282132fb5826dfeccc66c7996d11ee392ac6aaf7ced8a1c2027fbb2?s=96&d=mm&r=g\",\"url\":\"https:\\\/\\\/secure.gravatar.com\\\/avatar\\\/2bb7f1561282132fb5826dfeccc66c7996d11ee392ac6aaf7ced8a1c2027fbb2?s=96&d=mm&r=g\",\"contentUrl\":\"https:\\\/\\\/secure.gravatar.com\\\/avatar\\\/2bb7f1561282132fb5826dfeccc66c7996d11ee392ac6aaf7ced8a1c2027fbb2?s=96&d=mm&r=g\",\"caption\":\"Pova\u017esk\u00e9 m\u00fazeum\"}}]}<\/script>\n<!-- \/ Yoast SEO plugin. -->","yoast_head_json":{"title":"Hradn\u00e9 hry \u017dofie Bosniakovej - Pova\u017esk\u00e9 m\u00fazeum","robots":{"index":"index","follow":"follow","max-snippet":"max-snippet:-1","max-image-preview":"max-image-preview:large","max-video-preview":"max-video-preview:-1"},"canonical":"https:\/\/pmza.sk\/?p=7912","og_locale":"sk_SK","og_type":"article","og_title":"Hradn\u00e9 hry \u017dofie Bosniakovej - Pova\u017esk\u00e9 m\u00fazeum","og_description":"Druh\u00e1 augustov\u00e1 nede\u013ea bude venovan\u00e1 najzn\u00e1mej\u0161ej historickej osobnosti, ktor\u00e1 \u017eila na stre\u010dnianskom hrade. \u017dofia Bosniakov\u00e1, man\u017eelka Franti\u0161ka Ve\u0161el\u00e9niho, bola pre svoje dobr\u00e9 skutky a pomoc chor\u00fdm a chudobn\u00fdm naz\u00fdvan\u00e1 tie\u017e Sv\u00e4tica zo Stre\u010dna a na jej po\u010des\u0165 sa v\u00a0nede\u013eu 11. augusta 2013 u\u017e po p\u00e4tn\u00e1sty rok uskuto\u010dn\u00ed podujatie s n\u00e1zvom Hradn\u00e9 hry \u017dofie Bosniakovej. Program, [&hellip;]","og_url":"https:\/\/pmza.sk\/?p=7912","og_site_name":"Pova\u017esk\u00e9 m\u00fazeum","article_publisher":"https:\/\/www.facebook.com\/povazskemuzeum","article_published_time":"2013-08-05T05:05:55+00:00","og_image":[{"url":"https:\/\/pmza.sk.sk\/wp-content\/uploads\/2013\/08\/IMG_2901-300x200.jpg","type":"","width":"","height":""}],"author":"Pova\u017esk\u00e9 m\u00fazeum","twitter_card":"summary_large_image","twitter_misc":{"Autor":"Pova\u017esk\u00e9 m\u00fazeum","Predpokladan\u00fd \u010das \u010d\u00edtania":"2 min\u00faty"},"schema":{"@context":"https:\/\/schema.org","@graph":[{"@type":"Article","@id":"https:\/\/pmza.sk\/?p=7912#article","isPartOf":{"@id":"https:\/\/pmza.sk\/?p=7912"},"author":{"name":"Pova\u017esk\u00e9 m\u00fazeum","@id":"https:\/\/pmza.sk\/#\/schema\/person\/595e6a2ce731ea94dcd5d7f50a41ae33"},"headline":"Hradn\u00e9 hry \u017dofie Bosniakovej","datePublished":"2013-08-05T05:05:55+00:00","mainEntityOfPage":{"@id":"https:\/\/pmza.sk\/?p=7912"},"wordCount":386,"publisher":{"@id":"https:\/\/pmza.sk\/#organization"},"image":{"@id":"https:\/\/pmza.sk\/?p=7912#primaryimage"},"thumbnailUrl":"https:\/\/pmza.sk.sk\/wp-content\/uploads\/2013\/08\/IMG_2901-300x200.jpg","articleSection":["Arch\u00edv 2013"],"inLanguage":"sk-SK"},{"@type":"WebPage","@id":"https:\/\/pmza.sk\/?p=7912","url":"https:\/\/pmza.sk\/?p=7912","name":"Hradn\u00e9 hry \u017dofie Bosniakovej - Pova\u017esk\u00e9 m\u00fazeum","isPartOf":{"@id":"https:\/\/pmza.sk\/#website"},"primaryImageOfPage":{"@id":"https:\/\/pmza.sk\/?p=7912#primaryimage"},"image":{"@id":"https:\/\/pmza.sk\/?p=7912#primaryimage"},"thumbnailUrl":"https:\/\/pmza.sk.sk\/wp-content\/uploads\/2013\/08\/IMG_2901-300x200.jpg","datePublished":"2013-08-05T05:05:55+00:00","breadcrumb":{"@id":"https:\/\/pmza.sk\/?p=7912#breadcrumb"},"inLanguage":"sk-SK","potentialAction":[{"@type":"ReadAction","target":["https:\/\/pmza.sk\/?p=7912"]}]},{"@type":"ImageObject","inLanguage":"sk-SK","@id":"https:\/\/pmza.sk\/?p=7912#primaryimage","url":"https:\/\/pmza.sk.sk\/wp-content\/uploads\/2013\/08\/IMG_2901-300x200.jpg","contentUrl":"https:\/\/pmza.sk.sk\/wp-content\/uploads\/2013\/08\/IMG_2901-300x200.jpg"},{"@type":"BreadcrumbList","@id":"https:\/\/pmza.sk\/?p=7912#breadcrumb","itemListElement":[{"@type":"ListItem","position":1,"name":"Domovsk\u00e1 str\u00e1nka","item":"https:\/\/pmza.sk\/"},{"@type":"ListItem","position":2,"name":"Hradn\u00e9 hry \u017dofie Bosniakovej"}]},{"@type":"WebSite","@id":"https:\/\/pmza.sk\/#website","url":"https:\/\/pmza.sk\/","name":"Pova\u017esk\u00e9 m\u00fazeum","description":"Pova\u017esk\u00e9 m\u00fazeum v \u017diline je region\u00e1lne m\u00fazeum so s\u00eddlom v Budat\u00edne. Jeho expoz\u00edcie s\u00fa zameran\u00e9 na dejiny slovensk\u00e9ho umenia, kult\u00fary a dopravy.","publisher":{"@id":"https:\/\/pmza.sk\/#organization"},"potentialAction":[{"@type":"SearchAction","target":{"@type":"EntryPoint","urlTemplate":"https:\/\/pmza.sk\/?s={search_term_string}"},"query-input":{"@type":"PropertyValueSpecification","valueRequired":true,"valueName":"search_term_string"}}],"inLanguage":"sk-SK"},{"@type":"Organization","@id":"https:\/\/pmza.sk\/#organization","name":"Pova\u017esk\u00e9 m\u00fazeum","url":"https:\/\/pmza.sk\/","logo":{"@type":"ImageObject","inLanguage":"sk-SK","@id":"https:\/\/pmza.sk\/#\/schema\/logo\/image\/","url":"https:\/\/pmza.sk\/wp-content\/uploads\/2022\/01\/logo_PM_horizontal.jpg","contentUrl":"https:\/\/pmza.sk\/wp-content\/uploads\/2022\/01\/logo_PM_horizontal.jpg","width":231,"height":142,"caption":"Pova\u017esk\u00e9 m\u00fazeum"},"image":{"@id":"https:\/\/pmza.sk\/#\/schema\/logo\/image\/"},"sameAs":["https:\/\/www.facebook.com\/povazskemuzeum","https:\/\/www.instagram.com\/povazskemuzeum\/"]},{"@type":"Person","@id":"https:\/\/pmza.sk\/#\/schema\/person\/595e6a2ce731ea94dcd5d7f50a41ae33","name":"Pova\u017esk\u00e9 m\u00fazeum","image":{"@type":"ImageObject","inLanguage":"sk-SK","@id":"https:\/\/secure.gravatar.com\/avatar\/2bb7f1561282132fb5826dfeccc66c7996d11ee392ac6aaf7ced8a1c2027fbb2?s=96&d=mm&r=g","url":"https:\/\/secure.gravatar.com\/avatar\/2bb7f1561282132fb5826dfeccc66c7996d11ee392ac6aaf7ced8a1c2027fbb2?s=96&d=mm&r=g","contentUrl":"https:\/\/secure.gravatar.com\/avatar\/2bb7f1561282132fb5826dfeccc66c7996d11ee392ac6aaf7ced8a1c2027fbb2?s=96&d=mm&r=g","caption":"Pova\u017esk\u00e9 m\u00fazeum"}}]}},"_links":{"self":[{"href":"https:\/\/pmza.sk\/index.php?rest_route=\/wp\/v2\/posts\/7912","targetHints":{"allow":["GET"]}}],"collection":[{"href":"https:\/\/pmza.sk\/index.php?rest_route=\/wp\/v2\/posts"}],"about":[{"href":"https:\/\/pmza.sk\/index.php?rest_route=\/wp\/v2\/types\/post"}],"author":[{"embeddable":true,"href":"https:\/\/pmza.sk\/index.php?rest_route=\/wp\/v2\/users\/2"}],"replies":[{"embeddable":true,"href":"https:\/\/pmza.sk\/index.php?rest_route=%2Fwp%2Fv2%2Fcomments&post=7912"}],"version-history":[{"count":0,"href":"https:\/\/pmza.sk\/index.php?rest_route=\/wp\/v2\/posts\/7912\/revisions"}],"wp:attachment":[{"href":"https:\/\/pmza.sk\/index.php?rest_route=%2Fwp%2Fv2%2Fmedia&parent=7912"}],"wp:term":[{"taxonomy":"category","embeddable":true,"href":"https:\/\/pmza.sk\/index.php?rest_route=%2Fwp%2Fv2%2Fcategories&post=7912"},{"taxonomy":"post_tag","embeddable":true,"href":"https:\/\/pmza.sk\/index.php?rest_route=%2Fwp%2Fv2%2Ftags&post=7912"}],"curies":[{"name":"wp","href":"https:\/\/api.w.org\/{rel}","templated":true}]}}