{"id":7942,"date":"2013-08-12T08:46:40","date_gmt":"2013-08-12T06:46:40","guid":{"rendered":"https:\/\/pmza.sk.sk\/?p=7942"},"modified":"2013-08-12T08:46:40","modified_gmt":"2013-08-12T06:46:40","slug":"posledne-letne-strasenie-na-strecnianskom-hrade","status":"publish","type":"post","link":"https:\/\/pmza.sk\/?p=7942","title":{"rendered":"Posledn\u00e9 letn\u00e9 stra\u0161enie na stre\u010dnianskom hrade"},"content":{"rendered":"<p><a href=\"https:\/\/pmza.sk\/wp-content\/uploads\/2013\/08\/Noc-duchov-1.jpg\"><img fetchpriority=\"high\" decoding=\"async\" class=\"alignleft size-medium wp-image-7943\" style=\"border: 2px solid black; margin: 4px;\" title=\"Noc duchov 1\" src=\"https:\/\/pmza.sk.sk\/wp-content\/uploads\/2013\/08\/Noc-duchov-1-300x225.jpg\" alt=\"\" width=\"300\" height=\"225\" \/><\/a>Pre t\u00fdch, ktor\u00ed nestihli ostatn\u00e9 stra\u0161ideln\u00e9 no\u010dn\u00e9 prehliadky hradu Stre\u010dno, je pripraven\u00e1 posledn\u00e1 pr\u00edle\u017eitos\u0165. <strong>V\u00a0piatok 16. augusta 2013<\/strong> sa ve\u010der ponesie v\u00a0duchu dobra a\u00a0zla. Bude pripraven\u00fdch nieko\u013eko zn\u00e1mych rozpr\u00e1vkov\u00fdch, filmov\u00fdch \u010di liter\u00e1rnych kladn\u00fdch a\u00a0z\u00e1porn\u00fdch post\u00e1v. <em>\u201eNo\u010dn\u00e9 prehliadky stre\u010dnianskeho hradu patria k\u00a0ve\u013emi ob\u013e\u00faben\u00fdm a\u00a0vyh\u013ead\u00e1van\u00fdm podujatiam. Te\u0161\u00ed n\u00e1s, \u017ee sa k\u00a0n\u00e1m n\u00e1v\u0161tevn\u00edci radi vracaj\u00fa a\u00a0s\u00a0nimi prich\u00e1dzaj\u00fa aj nov\u00ed. Len po\u010das t\u00fdchto podujat\u00ed doteraz nav\u0161t\u00edvilo hrad Stre\u010dno viac ako 1700 n\u00e1v\u0161tevn\u00edkov,\u201c <\/em>uviedol Ladislav Cimer\u00e1k, riadite\u013e Pova\u017esk\u00e9ho m\u00fazea v\u00a0\u017diline. Pre deti aj dospel\u00fdch sme pripravili no\u010dn\u00fa stra\u0161ideln\u00fa prehliadku, ktor\u00e1 bude okorenen\u00e1 mnoh\u00fdmi stra\u0161idlami, ale predov\u0161etk\u00fdm pestr\u00fdm programom. <!--more-->Po r\u00f4znych k\u00fatoch hradu bud\u00fa zvl\u00e1\u0161tne postavi\u010dky, na ktor\u00fdch v\u0161ak nie\u010do nebude v\u00a0poriadku a\u00a0bud\u00fa sa l\u00ed\u0161i\u0165 od t\u00fdch klasick\u00fdch, ktor\u00e9 pozn\u00e1me. Nebude ch\u00fdba\u0165 Snehulienka, had\u00ed mu\u017e a\u00a0mnoho in\u00fdch rozpr\u00e1vkov\u00fdch bytost\u00ed. <em>\u201eNa hlavnom n\u00e1dvor\u00ed sa \u0161ialen\u00fd profesor, ktor\u00fd pomie\u0161al v\u0161etky postavi\u010dky, bude sna\u017ei\u0165 da\u0165 tento chaos do poriadku a\u00a0mo\u017eno mu pr\u00edde na pomoc ist\u00fd superhrdina, ktor\u00fd premen\u00ed tie dobr\u00e9 na zl\u00e9 a\u00a0zl\u00e9 na dobr\u00e9. Alebo opa\u010dne? Nechajte sa prekvapi\u0165,\u201c<\/em> odkazuje Jaroslava Hatiarov\u00e1 zo zn\u00e1mej \u017eilinskej divadelno-improviza\u010dnej skupiny Kapor na sc\u00e9ne. Pozorovanie no\u010dnej oblohy sa stretlo s\u00a0ve\u013ek\u00fdm z\u00e1ujmom, a\u00a0preto sme sa rozhodli t\u00fato mo\u017enos\u0165 spr\u00edstupni\u0165 aj tentokr\u00e1t. <em>\u201e\u013dudia u\u017e po ostatn\u00e9 roky t\u00fato novinku priv\u00edtali a\u00a0sme radi, \u017ee m\u00f4\u017eeme op\u00e4\u0165 spolupracova\u0165 s\u00a0Krajskou hvezd\u00e1r\u0148ou v\u00a0\u017diline. V\u00a0pr\u00edpade jasnej oblohy a\u00a0priazniv\u00e9ho po\u010dasia sa n\u00e1v\u0161tevn\u00edci m\u00f4\u017eu po\u010das poslednej augustovej no\u010dnej prehliadky te\u0161i\u0165 na pozorovanie letnej oblohy s\u00a0\u010das\u0165ou Mlie\u010dnej cesty \u010di Mesiaca, ktor\u00fd bude v\u00a0mimoriadne priaznivej polohe na pozorovanie,\u201c<\/em> povedala na z\u00e1ver Katar\u00edna Rep\u00e1\u0148ov\u00e1, spr\u00e1vky\u0148a stre\u010dnianskeho hradu.<\/p>\n<p>Organiz\u00e1torom no\u010dnej prehliadky hradu Stre\u010dno pod n\u00e1zvom <strong>Stre\u010dniansky des<\/strong>, ktor\u00e1 sa uskuto\u010dn\u00ed <strong>v\u00a0piatok 16. augusta 2013 od 20.00 hod. do 23.00 hod. s\u00a0posledn\u00fdm vstupom o\u00a022.30 hod.,<\/strong> je Pova\u017esk\u00e9 m\u00fazeum v\u00a0\u017diline v\u00a0zria\u010fovate\u013eskej p\u00f4sobnosti \u017dilinsk\u00e9ho samospr\u00e1vneho kraja.<em><\/em><\/p>\n","protected":false},"excerpt":{"rendered":"<p>Pre t\u00fdch, ktor\u00ed nestihli ostatn\u00e9 stra\u0161ideln\u00e9 no\u010dn\u00e9 prehliadky hradu Stre\u010dno, je pripraven\u00e1 posledn\u00e1 pr\u00edle\u017eitos\u0165. V\u00a0piatok 16. augusta 2013 sa ve\u010der ponesie v\u00a0duchu dobra a\u00a0zla. Bude pripraven\u00fdch nieko\u013eko zn\u00e1mych rozpr\u00e1vkov\u00fdch, filmov\u00fdch \u010di liter\u00e1rnych kladn\u00fdch a\u00a0z\u00e1porn\u00fdch post\u00e1v. \u201eNo\u010dn\u00e9 prehliadky stre\u010dnianskeho hradu patria k\u00a0ve\u013emi ob\u013e\u00faben\u00fdm a\u00a0vyh\u013ead\u00e1van\u00fdm podujatiam. Te\u0161\u00ed n\u00e1s, \u017ee sa k\u00a0n\u00e1m n\u00e1v\u0161tevn\u00edci radi vracaj\u00fa a\u00a0s\u00a0nimi prich\u00e1dzaj\u00fa aj [&hellip;]<\/p>\n","protected":false},"author":2,"featured_media":0,"comment_status":"closed","ping_status":"closed","sticky":false,"template":"","format":"standard","meta":{"site-sidebar-layout":"default","site-content-layout":"","ast-site-content-layout":"","site-content-style":"default","site-sidebar-style":"default","ast-global-header-display":"","ast-banner-title-visibility":"","ast-main-header-display":"","ast-hfb-above-header-display":"","ast-hfb-below-header-display":"","ast-hfb-mobile-header-display":"","site-post-title":"","ast-breadcrumbs-content":"","ast-featured-img":"","footer-sml-layout":"","theme-transparent-header-meta":"","adv-header-id-meta":"","stick-header-meta":"","header-above-stick-meta":"","header-main-stick-meta":"","header-below-stick-meta":"","astra-migrate-meta-layouts":"default","ast-page-background-enabled":"default","ast-page-background-meta":{"desktop":{"background-color":"var(--ast-global-color-4)","background-image":"","background-repeat":"repeat","background-position":"center center","background-size":"auto","background-attachment":"scroll","background-type":"","background-media":"","overlay-type":"","overlay-color":"","overlay-opacity":"","overlay-gradient":""},"tablet":{"background-color":"","background-image":"","background-repeat":"repeat","background-position":"center center","background-size":"auto","background-attachment":"scroll","background-type":"","background-media":"","overlay-type":"","overlay-color":"","overlay-opacity":"","overlay-gradient":""},"mobile":{"background-color":"","background-image":"","background-repeat":"repeat","background-position":"center center","background-size":"auto","background-attachment":"scroll","background-type":"","background-media":"","overlay-type":"","overlay-color":"","overlay-opacity":"","overlay-gradient":""}},"ast-content-background-meta":{"desktop":{"background-color":"var(--ast-global-color-5)","background-image":"","background-repeat":"repeat","background-position":"center center","background-size":"auto","background-attachment":"scroll","background-type":"","background-media":"","overlay-type":"","overlay-color":"","overlay-opacity":"","overlay-gradient":""},"tablet":{"background-color":"var(--ast-global-color-5)","background-image":"","background-repeat":"repeat","background-position":"center center","background-size":"auto","background-attachment":"scroll","background-type":"","background-media":"","overlay-type":"","overlay-color":"","overlay-opacity":"","overlay-gradient":""},"mobile":{"background-color":"var(--ast-global-color-5)","background-image":"","background-repeat":"repeat","background-position":"center center","background-size":"auto","background-attachment":"scroll","background-type":"","background-media":"","overlay-type":"","overlay-color":"","overlay-opacity":"","overlay-gradient":""}},"footnotes":""},"categories":[33],"tags":[],"class_list":["post-7942","post","type-post","status-publish","format-standard","hentry","category-archiv-2013"],"yoast_head":"<!-- This site is optimized with the Yoast SEO plugin v27.4 - https:\/\/yoast.com\/product\/yoast-seo-wordpress\/ -->\n<title>Posledn\u00e9 letn\u00e9 stra\u0161enie na stre\u010dnianskom hrade - Pova\u017esk\u00e9 m\u00fazeum<\/title>\n<meta name=\"robots\" content=\"index, follow, max-snippet:-1, max-image-preview:large, max-video-preview:-1\" \/>\n<link rel=\"canonical\" href=\"https:\/\/pmza.sk\/?p=7942\" \/>\n<meta property=\"og:locale\" content=\"sk_SK\" \/>\n<meta property=\"og:type\" content=\"article\" \/>\n<meta property=\"og:title\" content=\"Posledn\u00e9 letn\u00e9 stra\u0161enie na stre\u010dnianskom hrade - Pova\u017esk\u00e9 m\u00fazeum\" \/>\n<meta property=\"og:description\" content=\"Pre t\u00fdch, ktor\u00ed nestihli ostatn\u00e9 stra\u0161ideln\u00e9 no\u010dn\u00e9 prehliadky hradu Stre\u010dno, je pripraven\u00e1 posledn\u00e1 pr\u00edle\u017eitos\u0165. V\u00a0piatok 16. augusta 2013 sa ve\u010der ponesie v\u00a0duchu dobra a\u00a0zla. Bude pripraven\u00fdch nieko\u013eko zn\u00e1mych rozpr\u00e1vkov\u00fdch, filmov\u00fdch \u010di liter\u00e1rnych kladn\u00fdch a\u00a0z\u00e1porn\u00fdch post\u00e1v. \u201eNo\u010dn\u00e9 prehliadky stre\u010dnianskeho hradu patria k\u00a0ve\u013emi ob\u013e\u00faben\u00fdm a\u00a0vyh\u013ead\u00e1van\u00fdm podujatiam. Te\u0161\u00ed n\u00e1s, \u017ee sa k\u00a0n\u00e1m n\u00e1v\u0161tevn\u00edci radi vracaj\u00fa a\u00a0s\u00a0nimi prich\u00e1dzaj\u00fa aj [&hellip;]\" \/>\n<meta property=\"og:url\" content=\"https:\/\/pmza.sk\/?p=7942\" \/>\n<meta property=\"og:site_name\" content=\"Pova\u017esk\u00e9 m\u00fazeum\" \/>\n<meta property=\"article:publisher\" content=\"https:\/\/www.facebook.com\/povazskemuzeum\" \/>\n<meta property=\"article:published_time\" content=\"2013-08-12T06:46:40+00:00\" \/>\n<meta property=\"og:image\" content=\"https:\/\/pmza.sk.sk\/wp-content\/uploads\/2013\/08\/Noc-duchov-1-300x225.jpg\" \/>\n<meta name=\"author\" content=\"Pova\u017esk\u00e9 m\u00fazeum\" \/>\n<meta name=\"twitter:card\" content=\"summary_large_image\" \/>\n<meta name=\"twitter:label1\" content=\"Autor\" \/>\n\t<meta name=\"twitter:data1\" content=\"Pova\u017esk\u00e9 m\u00fazeum\" \/>\n\t<meta name=\"twitter:label2\" content=\"Predpokladan\u00fd \u010das \u010d\u00edtania\" \/>\n\t<meta name=\"twitter:data2\" content=\"2 min\u00faty\" \/>\n<script type=\"application\/ld+json\" class=\"yoast-schema-graph\">{\"@context\":\"https:\\\/\\\/schema.org\",\"@graph\":[{\"@type\":\"Article\",\"@id\":\"https:\\\/\\\/pmza.sk\\\/?p=7942#article\",\"isPartOf\":{\"@id\":\"https:\\\/\\\/pmza.sk\\\/?p=7942\"},\"author\":{\"name\":\"Pova\u017esk\u00e9 m\u00fazeum\",\"@id\":\"https:\\\/\\\/pmza.sk\\\/#\\\/schema\\\/person\\\/595e6a2ce731ea94dcd5d7f50a41ae33\"},\"headline\":\"Posledn\u00e9 letn\u00e9 stra\u0161enie na stre\u010dnianskom hrade\",\"datePublished\":\"2013-08-12T06:46:40+00:00\",\"mainEntityOfPage\":{\"@id\":\"https:\\\/\\\/pmza.sk\\\/?p=7942\"},\"wordCount\":430,\"publisher\":{\"@id\":\"https:\\\/\\\/pmza.sk\\\/#organization\"},\"image\":{\"@id\":\"https:\\\/\\\/pmza.sk\\\/?p=7942#primaryimage\"},\"thumbnailUrl\":\"http:\\\/\\\/pmza.sk.sk\\\/wp-content\\\/uploads\\\/2013\\\/08\\\/Noc-duchov-1-300x225.jpg\",\"articleSection\":[\"Arch\u00edv 2013\"],\"inLanguage\":\"sk-SK\"},{\"@type\":\"WebPage\",\"@id\":\"https:\\\/\\\/pmza.sk\\\/?p=7942\",\"url\":\"https:\\\/\\\/pmza.sk\\\/?p=7942\",\"name\":\"Posledn\u00e9 letn\u00e9 stra\u0161enie na stre\u010dnianskom hrade - Pova\u017esk\u00e9 m\u00fazeum\",\"isPartOf\":{\"@id\":\"https:\\\/\\\/pmza.sk\\\/#website\"},\"primaryImageOfPage\":{\"@id\":\"https:\\\/\\\/pmza.sk\\\/?p=7942#primaryimage\"},\"image\":{\"@id\":\"https:\\\/\\\/pmza.sk\\\/?p=7942#primaryimage\"},\"thumbnailUrl\":\"http:\\\/\\\/pmza.sk.sk\\\/wp-content\\\/uploads\\\/2013\\\/08\\\/Noc-duchov-1-300x225.jpg\",\"datePublished\":\"2013-08-12T06:46:40+00:00\",\"breadcrumb\":{\"@id\":\"https:\\\/\\\/pmza.sk\\\/?p=7942#breadcrumb\"},\"inLanguage\":\"sk-SK\",\"potentialAction\":[{\"@type\":\"ReadAction\",\"target\":[\"https:\\\/\\\/pmza.sk\\\/?p=7942\"]}]},{\"@type\":\"ImageObject\",\"inLanguage\":\"sk-SK\",\"@id\":\"https:\\\/\\\/pmza.sk\\\/?p=7942#primaryimage\",\"url\":\"http:\\\/\\\/pmza.sk.sk\\\/wp-content\\\/uploads\\\/2013\\\/08\\\/Noc-duchov-1-300x225.jpg\",\"contentUrl\":\"http:\\\/\\\/pmza.sk.sk\\\/wp-content\\\/uploads\\\/2013\\\/08\\\/Noc-duchov-1-300x225.jpg\"},{\"@type\":\"BreadcrumbList\",\"@id\":\"https:\\\/\\\/pmza.sk\\\/?p=7942#breadcrumb\",\"itemListElement\":[{\"@type\":\"ListItem\",\"position\":1,\"name\":\"Domovsk\u00e1 str\u00e1nka\",\"item\":\"https:\\\/\\\/pmza.sk\\\/\"},{\"@type\":\"ListItem\",\"position\":2,\"name\":\"Posledn\u00e9 letn\u00e9 stra\u0161enie na stre\u010dnianskom hrade\"}]},{\"@type\":\"WebSite\",\"@id\":\"https:\\\/\\\/pmza.sk\\\/#website\",\"url\":\"https:\\\/\\\/pmza.sk\\\/\",\"name\":\"Pova\u017esk\u00e9 m\u00fazeum\",\"description\":\"Pova\u017esk\u00e9 m\u00fazeum v \u017diline je region\u00e1lne m\u00fazeum so s\u00eddlom v Budat\u00edne. Jeho expoz\u00edcie s\u00fa zameran\u00e9 na dejiny slovensk\u00e9ho umenia, kult\u00fary a dopravy.\",\"publisher\":{\"@id\":\"https:\\\/\\\/pmza.sk\\\/#organization\"},\"potentialAction\":[{\"@type\":\"SearchAction\",\"target\":{\"@type\":\"EntryPoint\",\"urlTemplate\":\"https:\\\/\\\/pmza.sk\\\/?s={search_term_string}\"},\"query-input\":{\"@type\":\"PropertyValueSpecification\",\"valueRequired\":true,\"valueName\":\"search_term_string\"}}],\"inLanguage\":\"sk-SK\"},{\"@type\":\"Organization\",\"@id\":\"https:\\\/\\\/pmza.sk\\\/#organization\",\"name\":\"Pova\u017esk\u00e9 m\u00fazeum\",\"url\":\"https:\\\/\\\/pmza.sk\\\/\",\"logo\":{\"@type\":\"ImageObject\",\"inLanguage\":\"sk-SK\",\"@id\":\"https:\\\/\\\/pmza.sk\\\/#\\\/schema\\\/logo\\\/image\\\/\",\"url\":\"https:\\\/\\\/pmza.sk\\\/wp-content\\\/uploads\\\/2022\\\/01\\\/logo_PM_horizontal.jpg\",\"contentUrl\":\"https:\\\/\\\/pmza.sk\\\/wp-content\\\/uploads\\\/2022\\\/01\\\/logo_PM_horizontal.jpg\",\"width\":231,\"height\":142,\"caption\":\"Pova\u017esk\u00e9 m\u00fazeum\"},\"image\":{\"@id\":\"https:\\\/\\\/pmza.sk\\\/#\\\/schema\\\/logo\\\/image\\\/\"},\"sameAs\":[\"https:\\\/\\\/www.facebook.com\\\/povazskemuzeum\",\"https:\\\/\\\/www.instagram.com\\\/povazskemuzeum\\\/\"]},{\"@type\":\"Person\",\"@id\":\"https:\\\/\\\/pmza.sk\\\/#\\\/schema\\\/person\\\/595e6a2ce731ea94dcd5d7f50a41ae33\",\"name\":\"Pova\u017esk\u00e9 m\u00fazeum\",\"image\":{\"@type\":\"ImageObject\",\"inLanguage\":\"sk-SK\",\"@id\":\"https:\\\/\\\/secure.gravatar.com\\\/avatar\\\/2bb7f1561282132fb5826dfeccc66c7996d11ee392ac6aaf7ced8a1c2027fbb2?s=96&d=mm&r=g\",\"url\":\"https:\\\/\\\/secure.gravatar.com\\\/avatar\\\/2bb7f1561282132fb5826dfeccc66c7996d11ee392ac6aaf7ced8a1c2027fbb2?s=96&d=mm&r=g\",\"contentUrl\":\"https:\\\/\\\/secure.gravatar.com\\\/avatar\\\/2bb7f1561282132fb5826dfeccc66c7996d11ee392ac6aaf7ced8a1c2027fbb2?s=96&d=mm&r=g\",\"caption\":\"Pova\u017esk\u00e9 m\u00fazeum\"}}]}<\/script>\n<!-- \/ Yoast SEO plugin. -->","yoast_head_json":{"title":"Posledn\u00e9 letn\u00e9 stra\u0161enie na stre\u010dnianskom hrade - Pova\u017esk\u00e9 m\u00fazeum","robots":{"index":"index","follow":"follow","max-snippet":"max-snippet:-1","max-image-preview":"max-image-preview:large","max-video-preview":"max-video-preview:-1"},"canonical":"https:\/\/pmza.sk\/?p=7942","og_locale":"sk_SK","og_type":"article","og_title":"Posledn\u00e9 letn\u00e9 stra\u0161enie na stre\u010dnianskom hrade - Pova\u017esk\u00e9 m\u00fazeum","og_description":"Pre t\u00fdch, ktor\u00ed nestihli ostatn\u00e9 stra\u0161ideln\u00e9 no\u010dn\u00e9 prehliadky hradu Stre\u010dno, je pripraven\u00e1 posledn\u00e1 pr\u00edle\u017eitos\u0165. V\u00a0piatok 16. augusta 2013 sa ve\u010der ponesie v\u00a0duchu dobra a\u00a0zla. Bude pripraven\u00fdch nieko\u013eko zn\u00e1mych rozpr\u00e1vkov\u00fdch, filmov\u00fdch \u010di liter\u00e1rnych kladn\u00fdch a\u00a0z\u00e1porn\u00fdch post\u00e1v. \u201eNo\u010dn\u00e9 prehliadky stre\u010dnianskeho hradu patria k\u00a0ve\u013emi ob\u013e\u00faben\u00fdm a\u00a0vyh\u013ead\u00e1van\u00fdm podujatiam. Te\u0161\u00ed n\u00e1s, \u017ee sa k\u00a0n\u00e1m n\u00e1v\u0161tevn\u00edci radi vracaj\u00fa a\u00a0s\u00a0nimi prich\u00e1dzaj\u00fa aj [&hellip;]","og_url":"https:\/\/pmza.sk\/?p=7942","og_site_name":"Pova\u017esk\u00e9 m\u00fazeum","article_publisher":"https:\/\/www.facebook.com\/povazskemuzeum","article_published_time":"2013-08-12T06:46:40+00:00","og_image":[{"url":"https:\/\/pmza.sk.sk\/wp-content\/uploads\/2013\/08\/Noc-duchov-1-300x225.jpg","type":"","width":"","height":""}],"author":"Pova\u017esk\u00e9 m\u00fazeum","twitter_card":"summary_large_image","twitter_misc":{"Autor":"Pova\u017esk\u00e9 m\u00fazeum","Predpokladan\u00fd \u010das \u010d\u00edtania":"2 min\u00faty"},"schema":{"@context":"https:\/\/schema.org","@graph":[{"@type":"Article","@id":"https:\/\/pmza.sk\/?p=7942#article","isPartOf":{"@id":"https:\/\/pmza.sk\/?p=7942"},"author":{"name":"Pova\u017esk\u00e9 m\u00fazeum","@id":"https:\/\/pmza.sk\/#\/schema\/person\/595e6a2ce731ea94dcd5d7f50a41ae33"},"headline":"Posledn\u00e9 letn\u00e9 stra\u0161enie na stre\u010dnianskom hrade","datePublished":"2013-08-12T06:46:40+00:00","mainEntityOfPage":{"@id":"https:\/\/pmza.sk\/?p=7942"},"wordCount":430,"publisher":{"@id":"https:\/\/pmza.sk\/#organization"},"image":{"@id":"https:\/\/pmza.sk\/?p=7942#primaryimage"},"thumbnailUrl":"https:\/\/pmza.sk.sk\/wp-content\/uploads\/2013\/08\/Noc-duchov-1-300x225.jpg","articleSection":["Arch\u00edv 2013"],"inLanguage":"sk-SK"},{"@type":"WebPage","@id":"https:\/\/pmza.sk\/?p=7942","url":"https:\/\/pmza.sk\/?p=7942","name":"Posledn\u00e9 letn\u00e9 stra\u0161enie na stre\u010dnianskom hrade - Pova\u017esk\u00e9 m\u00fazeum","isPartOf":{"@id":"https:\/\/pmza.sk\/#website"},"primaryImageOfPage":{"@id":"https:\/\/pmza.sk\/?p=7942#primaryimage"},"image":{"@id":"https:\/\/pmza.sk\/?p=7942#primaryimage"},"thumbnailUrl":"https:\/\/pmza.sk.sk\/wp-content\/uploads\/2013\/08\/Noc-duchov-1-300x225.jpg","datePublished":"2013-08-12T06:46:40+00:00","breadcrumb":{"@id":"https:\/\/pmza.sk\/?p=7942#breadcrumb"},"inLanguage":"sk-SK","potentialAction":[{"@type":"ReadAction","target":["https:\/\/pmza.sk\/?p=7942"]}]},{"@type":"ImageObject","inLanguage":"sk-SK","@id":"https:\/\/pmza.sk\/?p=7942#primaryimage","url":"https:\/\/pmza.sk.sk\/wp-content\/uploads\/2013\/08\/Noc-duchov-1-300x225.jpg","contentUrl":"https:\/\/pmza.sk.sk\/wp-content\/uploads\/2013\/08\/Noc-duchov-1-300x225.jpg"},{"@type":"BreadcrumbList","@id":"https:\/\/pmza.sk\/?p=7942#breadcrumb","itemListElement":[{"@type":"ListItem","position":1,"name":"Domovsk\u00e1 str\u00e1nka","item":"https:\/\/pmza.sk\/"},{"@type":"ListItem","position":2,"name":"Posledn\u00e9 letn\u00e9 stra\u0161enie na stre\u010dnianskom hrade"}]},{"@type":"WebSite","@id":"https:\/\/pmza.sk\/#website","url":"https:\/\/pmza.sk\/","name":"Pova\u017esk\u00e9 m\u00fazeum","description":"Pova\u017esk\u00e9 m\u00fazeum v \u017diline je region\u00e1lne m\u00fazeum so s\u00eddlom v Budat\u00edne. Jeho expoz\u00edcie s\u00fa zameran\u00e9 na dejiny slovensk\u00e9ho umenia, kult\u00fary a dopravy.","publisher":{"@id":"https:\/\/pmza.sk\/#organization"},"potentialAction":[{"@type":"SearchAction","target":{"@type":"EntryPoint","urlTemplate":"https:\/\/pmza.sk\/?s={search_term_string}"},"query-input":{"@type":"PropertyValueSpecification","valueRequired":true,"valueName":"search_term_string"}}],"inLanguage":"sk-SK"},{"@type":"Organization","@id":"https:\/\/pmza.sk\/#organization","name":"Pova\u017esk\u00e9 m\u00fazeum","url":"https:\/\/pmza.sk\/","logo":{"@type":"ImageObject","inLanguage":"sk-SK","@id":"https:\/\/pmza.sk\/#\/schema\/logo\/image\/","url":"https:\/\/pmza.sk\/wp-content\/uploads\/2022\/01\/logo_PM_horizontal.jpg","contentUrl":"https:\/\/pmza.sk\/wp-content\/uploads\/2022\/01\/logo_PM_horizontal.jpg","width":231,"height":142,"caption":"Pova\u017esk\u00e9 m\u00fazeum"},"image":{"@id":"https:\/\/pmza.sk\/#\/schema\/logo\/image\/"},"sameAs":["https:\/\/www.facebook.com\/povazskemuzeum","https:\/\/www.instagram.com\/povazskemuzeum\/"]},{"@type":"Person","@id":"https:\/\/pmza.sk\/#\/schema\/person\/595e6a2ce731ea94dcd5d7f50a41ae33","name":"Pova\u017esk\u00e9 m\u00fazeum","image":{"@type":"ImageObject","inLanguage":"sk-SK","@id":"https:\/\/secure.gravatar.com\/avatar\/2bb7f1561282132fb5826dfeccc66c7996d11ee392ac6aaf7ced8a1c2027fbb2?s=96&d=mm&r=g","url":"https:\/\/secure.gravatar.com\/avatar\/2bb7f1561282132fb5826dfeccc66c7996d11ee392ac6aaf7ced8a1c2027fbb2?s=96&d=mm&r=g","contentUrl":"https:\/\/secure.gravatar.com\/avatar\/2bb7f1561282132fb5826dfeccc66c7996d11ee392ac6aaf7ced8a1c2027fbb2?s=96&d=mm&r=g","caption":"Pova\u017esk\u00e9 m\u00fazeum"}}]}},"_links":{"self":[{"href":"https:\/\/pmza.sk\/index.php?rest_route=\/wp\/v2\/posts\/7942","targetHints":{"allow":["GET"]}}],"collection":[{"href":"https:\/\/pmza.sk\/index.php?rest_route=\/wp\/v2\/posts"}],"about":[{"href":"https:\/\/pmza.sk\/index.php?rest_route=\/wp\/v2\/types\/post"}],"author":[{"embeddable":true,"href":"https:\/\/pmza.sk\/index.php?rest_route=\/wp\/v2\/users\/2"}],"replies":[{"embeddable":true,"href":"https:\/\/pmza.sk\/index.php?rest_route=%2Fwp%2Fv2%2Fcomments&post=7942"}],"version-history":[{"count":0,"href":"https:\/\/pmza.sk\/index.php?rest_route=\/wp\/v2\/posts\/7942\/revisions"}],"wp:attachment":[{"href":"https:\/\/pmza.sk\/index.php?rest_route=%2Fwp%2Fv2%2Fmedia&parent=7942"}],"wp:term":[{"taxonomy":"category","embeddable":true,"href":"https:\/\/pmza.sk\/index.php?rest_route=%2Fwp%2Fv2%2Fcategories&post=7942"},{"taxonomy":"post_tag","embeddable":true,"href":"https:\/\/pmza.sk\/index.php?rest_route=%2Fwp%2Fv2%2Ftags&post=7942"}],"curies":[{"name":"wp","href":"https:\/\/api.w.org\/{rel}","templated":true}]}}