{"id":7954,"date":"2013-08-15T13:25:26","date_gmt":"2013-08-15T11:25:26","guid":{"rendered":"https:\/\/pmza.sk.sk\/?p=7954"},"modified":"2013-08-15T13:25:26","modified_gmt":"2013-08-15T11:25:26","slug":"stredoveky-den-pokracuje-dobovym-taborom-v-budatine","status":"publish","type":"post","link":"https:\/\/pmza.sk\/?p=7954","title":{"rendered":"Stredovek\u00fd de\u0148 pokra\u010duje dobov\u00fdm t\u00e1borom v Budat\u00edne"},"content":{"rendered":"<p><a href=\"https:\/\/pmza.sk\/wp-content\/uploads\/2013\/08\/694_9479.jpg\"><img fetchpriority=\"high\" decoding=\"async\" class=\"alignleft size-medium wp-image-7955\" style=\"border: 2px solid black; margin: 4px;\" title=\"694_9479\" src=\"https:\/\/pmza.sk.sk\/wp-content\/uploads\/2013\/08\/694_9479-300x225.jpg\" alt=\"\" width=\"300\" height=\"225\" \/><\/a>U\u017e tento piatok 16.08.2013 sa \u017dilina prenesie do stredoveku a\u00a0obyvatelia mesta sa m\u00f4\u017eu te\u0161i\u0165 na bohat\u00fd program. <strong>Stredovek\u00fd de\u0148 v\u00a0\u017diline<\/strong> u\u017e 6. rok s\u013eubuje plno hist\u00f3rie, z\u00e1bavy, ale najm\u00e4 pr\u00ed\u0165a\u017elivou formou sa sna\u017e\u00ed pribl\u00ed\u017ei\u0165 dejiny a\u00a0osobnosti mesta. Piatkov\u00e9 poobedie bude patri\u0165 predov\u0161etk\u00fdm mlad\u0161\u00edm obyvate\u013eom\u00a0 mesta \u017diliny. Bude pripraven\u00fdch mno\u017estvo ve\u013emi mil\u00fdch rozpr\u00e1vok, buben\u00edci z\u00a0nitrianskej skupiny Campana Batudaca sa postaraj\u00fa o\u00a0jedine\u010dn\u00fa atmosf\u00e9ru a sokoliari Aquila predved\u00fa svoje umenie z\u00a0chovu\u00a0 sokolov, s ktor\u00fdmi sa n\u00e1v\u0161tevn\u00edci bud\u00fa m\u00f4c\u0165 aj odfotografova\u0165. Stredovek\u00e9 bitky, ktor\u00e9 sa odohraj\u00fa na Mari\u00e1nskom n\u00e1mest\u00ed, prines\u00fa nezabudnute\u013en\u00e9 z\u00e1\u017eitky a\u00a0pripraven\u00fd bude tie\u017e stredovek\u00fd jarmok a stredovek\u00e1 kuchy\u0148a, kde n\u00e1v\u0161tevn\u00edci bud\u00fa m\u00f4c\u0165 ochutna\u0165 jedl\u00e1, ktor\u00e9 sa serv\u00edrovali v\u00a0stredoveku. Po zotmen\u00ed budeme m\u00f4c\u0165 sledova\u0165 oh\u0148ov\u00fa show v podan\u00ed viacer\u00fdch skup\u00edn. Av\u0161ak t\u00fdm sa tento pestr\u00fd program nekon\u010d\u00ed! Dobov\u00fd t\u00e1bor, stany, keramika, pr\u00edprava jed\u00e1l, n\u00e1cvik jednotiek, ale predov\u0161etk\u00fdm stredovek\u00e1 bitka s ve\u013ek\u00fdm po\u010dtom rytierov, ktor\u00e1 sa odohr\u00e1 o 15.00 hod. &#8211; to v\u0161etko m\u00f4\u017eete za\u017ei\u0165 <strong>v sobotu 17.augusta 2013 od 12.00 hod. v are\u00e1li Budat\u00ednskeho hradu, <\/strong>kde bud\u00fa rytieri z Cechu Terra de Selinan predv\u00e1dza\u0165 svoje stredovek\u00e9 umenie.<\/p>\n<p>&nbsp;<\/p>\n","protected":false},"excerpt":{"rendered":"<p>U\u017e tento piatok 16.08.2013 sa \u017dilina prenesie do stredoveku a\u00a0obyvatelia mesta sa m\u00f4\u017eu te\u0161i\u0165 na bohat\u00fd program. Stredovek\u00fd de\u0148 v\u00a0\u017diline u\u017e 6. rok s\u013eubuje plno hist\u00f3rie, z\u00e1bavy, ale najm\u00e4 pr\u00ed\u0165a\u017elivou formou sa sna\u017e\u00ed pribl\u00ed\u017ei\u0165 dejiny a\u00a0osobnosti mesta. Piatkov\u00e9 poobedie bude patri\u0165 predov\u0161etk\u00fdm mlad\u0161\u00edm obyvate\u013eom\u00a0 mesta \u017diliny. Bude pripraven\u00fdch mno\u017estvo ve\u013emi mil\u00fdch rozpr\u00e1vok, buben\u00edci z\u00a0nitrianskej skupiny [&hellip;]<\/p>\n","protected":false},"author":2,"featured_media":0,"comment_status":"closed","ping_status":"closed","sticky":false,"template":"","format":"standard","meta":{"site-sidebar-layout":"default","site-content-layout":"","ast-site-content-layout":"","site-content-style":"default","site-sidebar-style":"default","ast-global-header-display":"","ast-banner-title-visibility":"","ast-main-header-display":"","ast-hfb-above-header-display":"","ast-hfb-below-header-display":"","ast-hfb-mobile-header-display":"","site-post-title":"","ast-breadcrumbs-content":"","ast-featured-img":"","footer-sml-layout":"","theme-transparent-header-meta":"","adv-header-id-meta":"","stick-header-meta":"","header-above-stick-meta":"","header-main-stick-meta":"","header-below-stick-meta":"","astra-migrate-meta-layouts":"default","ast-page-background-enabled":"default","ast-page-background-meta":{"desktop":{"background-color":"var(--ast-global-color-4)","background-image":"","background-repeat":"repeat","background-position":"center center","background-size":"auto","background-attachment":"scroll","background-type":"","background-media":"","overlay-type":"","overlay-color":"","overlay-opacity":"","overlay-gradient":""},"tablet":{"background-color":"","background-image":"","background-repeat":"repeat","background-position":"center center","background-size":"auto","background-attachment":"scroll","background-type":"","background-media":"","overlay-type":"","overlay-color":"","overlay-opacity":"","overlay-gradient":""},"mobile":{"background-color":"","background-image":"","background-repeat":"repeat","background-position":"center center","background-size":"auto","background-attachment":"scroll","background-type":"","background-media":"","overlay-type":"","overlay-color":"","overlay-opacity":"","overlay-gradient":""}},"ast-content-background-meta":{"desktop":{"background-color":"var(--ast-global-color-5)","background-image":"","background-repeat":"repeat","background-position":"center center","background-size":"auto","background-attachment":"scroll","background-type":"","background-media":"","overlay-type":"","overlay-color":"","overlay-opacity":"","overlay-gradient":""},"tablet":{"background-color":"var(--ast-global-color-5)","background-image":"","background-repeat":"repeat","background-position":"center center","background-size":"auto","background-attachment":"scroll","background-type":"","background-media":"","overlay-type":"","overlay-color":"","overlay-opacity":"","overlay-gradient":""},"mobile":{"background-color":"var(--ast-global-color-5)","background-image":"","background-repeat":"repeat","background-position":"center center","background-size":"auto","background-attachment":"scroll","background-type":"","background-media":"","overlay-type":"","overlay-color":"","overlay-opacity":"","overlay-gradient":""}},"footnotes":""},"categories":[33],"tags":[],"class_list":["post-7954","post","type-post","status-publish","format-standard","hentry","category-archiv-2013"],"yoast_head":"<!-- This site is optimized with the Yoast SEO plugin v27.4 - https:\/\/yoast.com\/product\/yoast-seo-wordpress\/ -->\n<title>Stredovek\u00fd de\u0148 pokra\u010duje dobov\u00fdm t\u00e1borom v Budat\u00edne - Pova\u017esk\u00e9 m\u00fazeum<\/title>\n<meta name=\"robots\" content=\"index, follow, max-snippet:-1, max-image-preview:large, max-video-preview:-1\" \/>\n<link rel=\"canonical\" href=\"https:\/\/pmza.sk\/?p=7954\" \/>\n<meta property=\"og:locale\" content=\"sk_SK\" \/>\n<meta property=\"og:type\" content=\"article\" \/>\n<meta property=\"og:title\" content=\"Stredovek\u00fd de\u0148 pokra\u010duje dobov\u00fdm t\u00e1borom v Budat\u00edne - Pova\u017esk\u00e9 m\u00fazeum\" \/>\n<meta property=\"og:description\" content=\"U\u017e tento piatok 16.08.2013 sa \u017dilina prenesie do stredoveku a\u00a0obyvatelia mesta sa m\u00f4\u017eu te\u0161i\u0165 na bohat\u00fd program. Stredovek\u00fd de\u0148 v\u00a0\u017diline u\u017e 6. rok s\u013eubuje plno hist\u00f3rie, z\u00e1bavy, ale najm\u00e4 pr\u00ed\u0165a\u017elivou formou sa sna\u017e\u00ed pribl\u00ed\u017ei\u0165 dejiny a\u00a0osobnosti mesta. Piatkov\u00e9 poobedie bude patri\u0165 predov\u0161etk\u00fdm mlad\u0161\u00edm obyvate\u013eom\u00a0 mesta \u017diliny. Bude pripraven\u00fdch mno\u017estvo ve\u013emi mil\u00fdch rozpr\u00e1vok, buben\u00edci z\u00a0nitrianskej skupiny [&hellip;]\" \/>\n<meta property=\"og:url\" content=\"https:\/\/pmza.sk\/?p=7954\" \/>\n<meta property=\"og:site_name\" content=\"Pova\u017esk\u00e9 m\u00fazeum\" \/>\n<meta property=\"article:publisher\" content=\"https:\/\/www.facebook.com\/povazskemuzeum\" \/>\n<meta property=\"article:published_time\" content=\"2013-08-15T11:25:26+00:00\" \/>\n<meta property=\"og:image\" content=\"https:\/\/pmza.sk.sk\/wp-content\/uploads\/2013\/08\/694_9479-300x225.jpg\" \/>\n<meta name=\"author\" content=\"Pova\u017esk\u00e9 m\u00fazeum\" \/>\n<meta name=\"twitter:card\" content=\"summary_large_image\" \/>\n<meta name=\"twitter:label1\" content=\"Autor\" \/>\n\t<meta name=\"twitter:data1\" content=\"Pova\u017esk\u00e9 m\u00fazeum\" \/>\n\t<meta name=\"twitter:label2\" content=\"Predpokladan\u00fd \u010das \u010d\u00edtania\" \/>\n\t<meta name=\"twitter:data2\" content=\"1 min\u00fata\" \/>\n<script type=\"application\/ld+json\" class=\"yoast-schema-graph\">{\"@context\":\"https:\\\/\\\/schema.org\",\"@graph\":[{\"@type\":\"Article\",\"@id\":\"https:\\\/\\\/pmza.sk\\\/?p=7954#article\",\"isPartOf\":{\"@id\":\"https:\\\/\\\/pmza.sk\\\/?p=7954\"},\"author\":{\"name\":\"Pova\u017esk\u00e9 m\u00fazeum\",\"@id\":\"https:\\\/\\\/pmza.sk\\\/#\\\/schema\\\/person\\\/595e6a2ce731ea94dcd5d7f50a41ae33\"},\"headline\":\"Stredovek\u00fd de\u0148 pokra\u010duje dobov\u00fdm t\u00e1borom v Budat\u00edne\",\"datePublished\":\"2013-08-15T11:25:26+00:00\",\"mainEntityOfPage\":{\"@id\":\"https:\\\/\\\/pmza.sk\\\/?p=7954\"},\"wordCount\":245,\"publisher\":{\"@id\":\"https:\\\/\\\/pmza.sk\\\/#organization\"},\"image\":{\"@id\":\"https:\\\/\\\/pmza.sk\\\/?p=7954#primaryimage\"},\"thumbnailUrl\":\"http:\\\/\\\/pmza.sk.sk\\\/wp-content\\\/uploads\\\/2013\\\/08\\\/694_9479-300x225.jpg\",\"articleSection\":[\"Arch\u00edv 2013\"],\"inLanguage\":\"sk-SK\"},{\"@type\":\"WebPage\",\"@id\":\"https:\\\/\\\/pmza.sk\\\/?p=7954\",\"url\":\"https:\\\/\\\/pmza.sk\\\/?p=7954\",\"name\":\"Stredovek\u00fd de\u0148 pokra\u010duje dobov\u00fdm t\u00e1borom v Budat\u00edne - Pova\u017esk\u00e9 m\u00fazeum\",\"isPartOf\":{\"@id\":\"https:\\\/\\\/pmza.sk\\\/#website\"},\"primaryImageOfPage\":{\"@id\":\"https:\\\/\\\/pmza.sk\\\/?p=7954#primaryimage\"},\"image\":{\"@id\":\"https:\\\/\\\/pmza.sk\\\/?p=7954#primaryimage\"},\"thumbnailUrl\":\"http:\\\/\\\/pmza.sk.sk\\\/wp-content\\\/uploads\\\/2013\\\/08\\\/694_9479-300x225.jpg\",\"datePublished\":\"2013-08-15T11:25:26+00:00\",\"breadcrumb\":{\"@id\":\"https:\\\/\\\/pmza.sk\\\/?p=7954#breadcrumb\"},\"inLanguage\":\"sk-SK\",\"potentialAction\":[{\"@type\":\"ReadAction\",\"target\":[\"https:\\\/\\\/pmza.sk\\\/?p=7954\"]}]},{\"@type\":\"ImageObject\",\"inLanguage\":\"sk-SK\",\"@id\":\"https:\\\/\\\/pmza.sk\\\/?p=7954#primaryimage\",\"url\":\"http:\\\/\\\/pmza.sk.sk\\\/wp-content\\\/uploads\\\/2013\\\/08\\\/694_9479-300x225.jpg\",\"contentUrl\":\"http:\\\/\\\/pmza.sk.sk\\\/wp-content\\\/uploads\\\/2013\\\/08\\\/694_9479-300x225.jpg\"},{\"@type\":\"BreadcrumbList\",\"@id\":\"https:\\\/\\\/pmza.sk\\\/?p=7954#breadcrumb\",\"itemListElement\":[{\"@type\":\"ListItem\",\"position\":1,\"name\":\"Domovsk\u00e1 str\u00e1nka\",\"item\":\"https:\\\/\\\/pmza.sk\\\/\"},{\"@type\":\"ListItem\",\"position\":2,\"name\":\"Stredovek\u00fd de\u0148 pokra\u010duje dobov\u00fdm t\u00e1borom v Budat\u00edne\"}]},{\"@type\":\"WebSite\",\"@id\":\"https:\\\/\\\/pmza.sk\\\/#website\",\"url\":\"https:\\\/\\\/pmza.sk\\\/\",\"name\":\"Pova\u017esk\u00e9 m\u00fazeum\",\"description\":\"Pova\u017esk\u00e9 m\u00fazeum v \u017diline je region\u00e1lne m\u00fazeum so s\u00eddlom v Budat\u00edne. Jeho expoz\u00edcie s\u00fa zameran\u00e9 na dejiny slovensk\u00e9ho umenia, kult\u00fary a dopravy.\",\"publisher\":{\"@id\":\"https:\\\/\\\/pmza.sk\\\/#organization\"},\"potentialAction\":[{\"@type\":\"SearchAction\",\"target\":{\"@type\":\"EntryPoint\",\"urlTemplate\":\"https:\\\/\\\/pmza.sk\\\/?s={search_term_string}\"},\"query-input\":{\"@type\":\"PropertyValueSpecification\",\"valueRequired\":true,\"valueName\":\"search_term_string\"}}],\"inLanguage\":\"sk-SK\"},{\"@type\":\"Organization\",\"@id\":\"https:\\\/\\\/pmza.sk\\\/#organization\",\"name\":\"Pova\u017esk\u00e9 m\u00fazeum\",\"url\":\"https:\\\/\\\/pmza.sk\\\/\",\"logo\":{\"@type\":\"ImageObject\",\"inLanguage\":\"sk-SK\",\"@id\":\"https:\\\/\\\/pmza.sk\\\/#\\\/schema\\\/logo\\\/image\\\/\",\"url\":\"https:\\\/\\\/pmza.sk\\\/wp-content\\\/uploads\\\/2022\\\/01\\\/logo_PM_horizontal.jpg\",\"contentUrl\":\"https:\\\/\\\/pmza.sk\\\/wp-content\\\/uploads\\\/2022\\\/01\\\/logo_PM_horizontal.jpg\",\"width\":231,\"height\":142,\"caption\":\"Pova\u017esk\u00e9 m\u00fazeum\"},\"image\":{\"@id\":\"https:\\\/\\\/pmza.sk\\\/#\\\/schema\\\/logo\\\/image\\\/\"},\"sameAs\":[\"https:\\\/\\\/www.facebook.com\\\/povazskemuzeum\",\"https:\\\/\\\/www.instagram.com\\\/povazskemuzeum\\\/\"]},{\"@type\":\"Person\",\"@id\":\"https:\\\/\\\/pmza.sk\\\/#\\\/schema\\\/person\\\/595e6a2ce731ea94dcd5d7f50a41ae33\",\"name\":\"Pova\u017esk\u00e9 m\u00fazeum\",\"image\":{\"@type\":\"ImageObject\",\"inLanguage\":\"sk-SK\",\"@id\":\"https:\\\/\\\/secure.gravatar.com\\\/avatar\\\/2bb7f1561282132fb5826dfeccc66c7996d11ee392ac6aaf7ced8a1c2027fbb2?s=96&d=mm&r=g\",\"url\":\"https:\\\/\\\/secure.gravatar.com\\\/avatar\\\/2bb7f1561282132fb5826dfeccc66c7996d11ee392ac6aaf7ced8a1c2027fbb2?s=96&d=mm&r=g\",\"contentUrl\":\"https:\\\/\\\/secure.gravatar.com\\\/avatar\\\/2bb7f1561282132fb5826dfeccc66c7996d11ee392ac6aaf7ced8a1c2027fbb2?s=96&d=mm&r=g\",\"caption\":\"Pova\u017esk\u00e9 m\u00fazeum\"}}]}<\/script>\n<!-- \/ Yoast SEO plugin. -->","yoast_head_json":{"title":"Stredovek\u00fd de\u0148 pokra\u010duje dobov\u00fdm t\u00e1borom v Budat\u00edne - Pova\u017esk\u00e9 m\u00fazeum","robots":{"index":"index","follow":"follow","max-snippet":"max-snippet:-1","max-image-preview":"max-image-preview:large","max-video-preview":"max-video-preview:-1"},"canonical":"https:\/\/pmza.sk\/?p=7954","og_locale":"sk_SK","og_type":"article","og_title":"Stredovek\u00fd de\u0148 pokra\u010duje dobov\u00fdm t\u00e1borom v Budat\u00edne - Pova\u017esk\u00e9 m\u00fazeum","og_description":"U\u017e tento piatok 16.08.2013 sa \u017dilina prenesie do stredoveku a\u00a0obyvatelia mesta sa m\u00f4\u017eu te\u0161i\u0165 na bohat\u00fd program. Stredovek\u00fd de\u0148 v\u00a0\u017diline u\u017e 6. rok s\u013eubuje plno hist\u00f3rie, z\u00e1bavy, ale najm\u00e4 pr\u00ed\u0165a\u017elivou formou sa sna\u017e\u00ed pribl\u00ed\u017ei\u0165 dejiny a\u00a0osobnosti mesta. Piatkov\u00e9 poobedie bude patri\u0165 predov\u0161etk\u00fdm mlad\u0161\u00edm obyvate\u013eom\u00a0 mesta \u017diliny. Bude pripraven\u00fdch mno\u017estvo ve\u013emi mil\u00fdch rozpr\u00e1vok, buben\u00edci z\u00a0nitrianskej skupiny [&hellip;]","og_url":"https:\/\/pmza.sk\/?p=7954","og_site_name":"Pova\u017esk\u00e9 m\u00fazeum","article_publisher":"https:\/\/www.facebook.com\/povazskemuzeum","article_published_time":"2013-08-15T11:25:26+00:00","og_image":[{"url":"https:\/\/pmza.sk.sk\/wp-content\/uploads\/2013\/08\/694_9479-300x225.jpg","type":"","width":"","height":""}],"author":"Pova\u017esk\u00e9 m\u00fazeum","twitter_card":"summary_large_image","twitter_misc":{"Autor":"Pova\u017esk\u00e9 m\u00fazeum","Predpokladan\u00fd \u010das \u010d\u00edtania":"1 min\u00fata"},"schema":{"@context":"https:\/\/schema.org","@graph":[{"@type":"Article","@id":"https:\/\/pmza.sk\/?p=7954#article","isPartOf":{"@id":"https:\/\/pmza.sk\/?p=7954"},"author":{"name":"Pova\u017esk\u00e9 m\u00fazeum","@id":"https:\/\/pmza.sk\/#\/schema\/person\/595e6a2ce731ea94dcd5d7f50a41ae33"},"headline":"Stredovek\u00fd de\u0148 pokra\u010duje dobov\u00fdm t\u00e1borom v Budat\u00edne","datePublished":"2013-08-15T11:25:26+00:00","mainEntityOfPage":{"@id":"https:\/\/pmza.sk\/?p=7954"},"wordCount":245,"publisher":{"@id":"https:\/\/pmza.sk\/#organization"},"image":{"@id":"https:\/\/pmza.sk\/?p=7954#primaryimage"},"thumbnailUrl":"https:\/\/pmza.sk.sk\/wp-content\/uploads\/2013\/08\/694_9479-300x225.jpg","articleSection":["Arch\u00edv 2013"],"inLanguage":"sk-SK"},{"@type":"WebPage","@id":"https:\/\/pmza.sk\/?p=7954","url":"https:\/\/pmza.sk\/?p=7954","name":"Stredovek\u00fd de\u0148 pokra\u010duje dobov\u00fdm t\u00e1borom v Budat\u00edne - Pova\u017esk\u00e9 m\u00fazeum","isPartOf":{"@id":"https:\/\/pmza.sk\/#website"},"primaryImageOfPage":{"@id":"https:\/\/pmza.sk\/?p=7954#primaryimage"},"image":{"@id":"https:\/\/pmza.sk\/?p=7954#primaryimage"},"thumbnailUrl":"https:\/\/pmza.sk.sk\/wp-content\/uploads\/2013\/08\/694_9479-300x225.jpg","datePublished":"2013-08-15T11:25:26+00:00","breadcrumb":{"@id":"https:\/\/pmza.sk\/?p=7954#breadcrumb"},"inLanguage":"sk-SK","potentialAction":[{"@type":"ReadAction","target":["https:\/\/pmza.sk\/?p=7954"]}]},{"@type":"ImageObject","inLanguage":"sk-SK","@id":"https:\/\/pmza.sk\/?p=7954#primaryimage","url":"https:\/\/pmza.sk.sk\/wp-content\/uploads\/2013\/08\/694_9479-300x225.jpg","contentUrl":"https:\/\/pmza.sk.sk\/wp-content\/uploads\/2013\/08\/694_9479-300x225.jpg"},{"@type":"BreadcrumbList","@id":"https:\/\/pmza.sk\/?p=7954#breadcrumb","itemListElement":[{"@type":"ListItem","position":1,"name":"Domovsk\u00e1 str\u00e1nka","item":"https:\/\/pmza.sk\/"},{"@type":"ListItem","position":2,"name":"Stredovek\u00fd de\u0148 pokra\u010duje dobov\u00fdm t\u00e1borom v Budat\u00edne"}]},{"@type":"WebSite","@id":"https:\/\/pmza.sk\/#website","url":"https:\/\/pmza.sk\/","name":"Pova\u017esk\u00e9 m\u00fazeum","description":"Pova\u017esk\u00e9 m\u00fazeum v \u017diline je region\u00e1lne m\u00fazeum so s\u00eddlom v Budat\u00edne. Jeho expoz\u00edcie s\u00fa zameran\u00e9 na dejiny slovensk\u00e9ho umenia, kult\u00fary a dopravy.","publisher":{"@id":"https:\/\/pmza.sk\/#organization"},"potentialAction":[{"@type":"SearchAction","target":{"@type":"EntryPoint","urlTemplate":"https:\/\/pmza.sk\/?s={search_term_string}"},"query-input":{"@type":"PropertyValueSpecification","valueRequired":true,"valueName":"search_term_string"}}],"inLanguage":"sk-SK"},{"@type":"Organization","@id":"https:\/\/pmza.sk\/#organization","name":"Pova\u017esk\u00e9 m\u00fazeum","url":"https:\/\/pmza.sk\/","logo":{"@type":"ImageObject","inLanguage":"sk-SK","@id":"https:\/\/pmza.sk\/#\/schema\/logo\/image\/","url":"https:\/\/pmza.sk\/wp-content\/uploads\/2022\/01\/logo_PM_horizontal.jpg","contentUrl":"https:\/\/pmza.sk\/wp-content\/uploads\/2022\/01\/logo_PM_horizontal.jpg","width":231,"height":142,"caption":"Pova\u017esk\u00e9 m\u00fazeum"},"image":{"@id":"https:\/\/pmza.sk\/#\/schema\/logo\/image\/"},"sameAs":["https:\/\/www.facebook.com\/povazskemuzeum","https:\/\/www.instagram.com\/povazskemuzeum\/"]},{"@type":"Person","@id":"https:\/\/pmza.sk\/#\/schema\/person\/595e6a2ce731ea94dcd5d7f50a41ae33","name":"Pova\u017esk\u00e9 m\u00fazeum","image":{"@type":"ImageObject","inLanguage":"sk-SK","@id":"https:\/\/secure.gravatar.com\/avatar\/2bb7f1561282132fb5826dfeccc66c7996d11ee392ac6aaf7ced8a1c2027fbb2?s=96&d=mm&r=g","url":"https:\/\/secure.gravatar.com\/avatar\/2bb7f1561282132fb5826dfeccc66c7996d11ee392ac6aaf7ced8a1c2027fbb2?s=96&d=mm&r=g","contentUrl":"https:\/\/secure.gravatar.com\/avatar\/2bb7f1561282132fb5826dfeccc66c7996d11ee392ac6aaf7ced8a1c2027fbb2?s=96&d=mm&r=g","caption":"Pova\u017esk\u00e9 m\u00fazeum"}}]}},"_links":{"self":[{"href":"https:\/\/pmza.sk\/index.php?rest_route=\/wp\/v2\/posts\/7954","targetHints":{"allow":["GET"]}}],"collection":[{"href":"https:\/\/pmza.sk\/index.php?rest_route=\/wp\/v2\/posts"}],"about":[{"href":"https:\/\/pmza.sk\/index.php?rest_route=\/wp\/v2\/types\/post"}],"author":[{"embeddable":true,"href":"https:\/\/pmza.sk\/index.php?rest_route=\/wp\/v2\/users\/2"}],"replies":[{"embeddable":true,"href":"https:\/\/pmza.sk\/index.php?rest_route=%2Fwp%2Fv2%2Fcomments&post=7954"}],"version-history":[{"count":0,"href":"https:\/\/pmza.sk\/index.php?rest_route=\/wp\/v2\/posts\/7954\/revisions"}],"wp:attachment":[{"href":"https:\/\/pmza.sk\/index.php?rest_route=%2Fwp%2Fv2%2Fmedia&parent=7954"}],"wp:term":[{"taxonomy":"category","embeddable":true,"href":"https:\/\/pmza.sk\/index.php?rest_route=%2Fwp%2Fv2%2Fcategories&post=7954"},{"taxonomy":"post_tag","embeddable":true,"href":"https:\/\/pmza.sk\/index.php?rest_route=%2Fwp%2Fv2%2Ftags&post=7954"}],"curies":[{"name":"wp","href":"https:\/\/api.w.org\/{rel}","templated":true}]}}