{"id":8040,"date":"2013-09-05T14:00:35","date_gmt":"2013-09-05T12:00:35","guid":{"rendered":"https:\/\/pmza.sk.sk\/?p=8040"},"modified":"2013-09-05T14:00:35","modified_gmt":"2013-09-05T12:00:35","slug":"dni-stredovekych-remesiel-na-hrade-strecno","status":"publish","type":"post","link":"https:\/\/pmza.sk\/?p=8040","title":{"rendered":"Dni stredovek\u00fdch remesiel na hrade Stre\u010dno"},"content":{"rendered":"<p>&nbsp;<\/p>\n<p><a href=\"https:\/\/pmza.sk\/wp-content\/uploads\/2013\/09\/A4_remesla3.jpg\"><img fetchpriority=\"high\" decoding=\"async\" class=\"alignleft size-medium wp-image-8042\" style=\"border: 2px solid black; margin: 4px;\" title=\"Dni remesiel 2013\" src=\"https:\/\/pmza.sk.sk\/wp-content\/uploads\/2013\/09\/A4_remesla3-207x300.jpg\" alt=\"\" width=\"207\" height=\"300\" \/><\/a>V d\u0148och od <strong>11. do 15. septembra<\/strong><strong> 2013<\/strong> sa <strong>od 10.00 hod. do 16.00 hod.<\/strong> na <strong>hrade Stre\u010dno <\/strong>uskuto\u010dnia\u00a0<strong>Dni stredovek\u00fdch remesiel<\/strong>, kde svoju zru\u010dnos\u0165 a uk\u00e1\u017eku postupov stredovek\u00fdch remesiel bud\u00fa prezentova\u0165 remeseln\u00edci z\u00a0Po\u013eska a zo Slovenska. Pova\u017esk\u00e9 m\u00fazeum v\u00a0\u017diline a po\u013esk\u00fd partner Nad\u00e1cia Kamoj\u00f3wa \u2013 Muzeum Regionalne Kamoj\u00f3wka v\u00a0Suszci maj\u00fa v\u00a0projekte <em>Stredovek ako neobmedzen\u00fd zdroj in\u0161pir\u00e1cie<\/em> priestor na spolo\u010dn\u00e9 stretnutia, v\u00fdmenu svojich osobitn\u00fdch kult\u00farnych vlastnost\u00ed a\u00a0zauj\u00edmavost\u00ed v\u00a0praktickej forme.<br \/>\nOkrem znamenit\u00fdch \u0161pecial\u00edt stredovekej kuchyne, ktor\u00e9 pre n\u00e1v\u0161tevn\u00edkov priprav\u00ed Cech Terra de Selinan bud\u00fa prezentovan\u00e9 aj uk\u00e1\u017eky hrn\u010diarstva. <em><!--more-->\u201eToto remeslo malo \u0161pecifick\u00e9 postavenie medzi remeslami aj v\u00a0stredoveku. Masov\u00e1 produkcia keramiky mala \u0161irok\u00e9 vyu\u017eitie, nako\u013eko i\u0161lo o\u00a0tovar dennej spotreby. Na jej v\u00fdrobu bola pou\u017e\u00edvan\u00e1 hlina, ktor\u00e1 sa naj\u010dastej\u0161ie z\u00edskavala \u0165a\u017ebou z\u00a0lok\u00e1lnych zdrojov a\u00a0n\u00e1sledne sa spracov\u00e1vala ru\u010dne alebo to\u010den\u00edm na hrn\u010diarskom kruhu,\u201c<\/em> informuje Michael Daskalakis, konzerv\u00e1tor keramiky v\u00a0Pova\u017eskom m\u00fazeu v\u00a0\u017diline. Po\u013esk\u00ed remeseln\u00edci predved\u00fa uk\u00e1\u017eky rezb\u00e1rstva, tk\u00e1\u010dstva a\u00a0zelink\u00e1r poskytne inform\u00e1cie o\u00a0lie\u010div\u00fdch, ale aj in\u00fdch bylink\u00e1ch. <em>\u201eOblas\u0165 Pova\u017eia mala tie najlep\u0161ie predpoklady pokra\u010dova\u0165 v\u00a0kvalitnom spracovan\u00ed \u017eeleza v\u00a0stredoveku. Sme radi, \u017ee dobov\u00fa atmosf\u00e9ru svojimi vyh\u0148ami pribl\u00ed\u017eia slovensk\u00ed kov\u00e1\u010di, ktor\u00ed po\u010das tohto podujatia bud\u00fa predv\u00e1dza\u0165 kutie \u017eeleza a\u00a0kov\u00e1\u010dske v\u00fdrobky. Pre n\u00e1v\u0161tevn\u00edkov je tie\u017e pripraven\u00fd sprievodn\u00fd program v\u00a0podan\u00ed ob\u013e\u00faben\u00fdch sokoliarov,\u201c <\/em>uviedla Katar\u00edna Rep\u00e1\u0148ov\u00e1, spr\u00e1vky\u0148a hradu Stre\u010dno.<br \/>\nOrganiz\u00e1torom podujatia <strong>Dni stredovek\u00fdch remesiel<\/strong>, ktor\u00e9 sa uskuto\u010dnia od <strong>11. do 15. septembra 2013 na hrade Stre\u010dno<\/strong> je Pova\u017esk\u00e9 m\u00fazeum v\u00a0\u017diline v\u00a0zria\u010fovate\u013eskej p\u00f4sobnosti \u017dilinsk\u00e9ho samospr\u00e1vneho kraja a\u00a0po\u013esk\u00fd partner Nad\u00e1cia Kamoj\u00f3wa \u2013 Muzeum Regionalne Kamoj\u00f3wka v\u00a0Suszci.<\/p>\n","protected":false},"excerpt":{"rendered":"<p>&nbsp; V d\u0148och od 11. do 15. septembra 2013 sa od 10.00 hod. do 16.00 hod. na hrade Stre\u010dno uskuto\u010dnia\u00a0Dni stredovek\u00fdch remesiel, kde svoju zru\u010dnos\u0165 a uk\u00e1\u017eku postupov stredovek\u00fdch remesiel bud\u00fa prezentova\u0165 remeseln\u00edci z\u00a0Po\u013eska a zo Slovenska. Pova\u017esk\u00e9 m\u00fazeum v\u00a0\u017diline a po\u013esk\u00fd partner Nad\u00e1cia Kamoj\u00f3wa \u2013 Muzeum Regionalne Kamoj\u00f3wka v\u00a0Suszci maj\u00fa v\u00a0projekte Stredovek ako neobmedzen\u00fd [&hellip;]<\/p>\n","protected":false},"author":2,"featured_media":0,"comment_status":"closed","ping_status":"closed","sticky":false,"template":"","format":"standard","meta":{"site-sidebar-layout":"default","site-content-layout":"","ast-site-content-layout":"","site-content-style":"default","site-sidebar-style":"default","ast-global-header-display":"","ast-banner-title-visibility":"","ast-main-header-display":"","ast-hfb-above-header-display":"","ast-hfb-below-header-display":"","ast-hfb-mobile-header-display":"","site-post-title":"","ast-breadcrumbs-content":"","ast-featured-img":"","footer-sml-layout":"","theme-transparent-header-meta":"","adv-header-id-meta":"","stick-header-meta":"","header-above-stick-meta":"","header-main-stick-meta":"","header-below-stick-meta":"","astra-migrate-meta-layouts":"default","ast-page-background-enabled":"default","ast-page-background-meta":{"desktop":{"background-color":"var(--ast-global-color-4)","background-image":"","background-repeat":"repeat","background-position":"center center","background-size":"auto","background-attachment":"scroll","background-type":"","background-media":"","overlay-type":"","overlay-color":"","overlay-opacity":"","overlay-gradient":""},"tablet":{"background-color":"","background-image":"","background-repeat":"repeat","background-position":"center center","background-size":"auto","background-attachment":"scroll","background-type":"","background-media":"","overlay-type":"","overlay-color":"","overlay-opacity":"","overlay-gradient":""},"mobile":{"background-color":"","background-image":"","background-repeat":"repeat","background-position":"center center","background-size":"auto","background-attachment":"scroll","background-type":"","background-media":"","overlay-type":"","overlay-color":"","overlay-opacity":"","overlay-gradient":""}},"ast-content-background-meta":{"desktop":{"background-color":"var(--ast-global-color-5)","background-image":"","background-repeat":"repeat","background-position":"center center","background-size":"auto","background-attachment":"scroll","background-type":"","background-media":"","overlay-type":"","overlay-color":"","overlay-opacity":"","overlay-gradient":""},"tablet":{"background-color":"var(--ast-global-color-5)","background-image":"","background-repeat":"repeat","background-position":"center center","background-size":"auto","background-attachment":"scroll","background-type":"","background-media":"","overlay-type":"","overlay-color":"","overlay-opacity":"","overlay-gradient":""},"mobile":{"background-color":"var(--ast-global-color-5)","background-image":"","background-repeat":"repeat","background-position":"center center","background-size":"auto","background-attachment":"scroll","background-type":"","background-media":"","overlay-type":"","overlay-color":"","overlay-opacity":"","overlay-gradient":""}},"footnotes":""},"categories":[33],"tags":[],"class_list":["post-8040","post","type-post","status-publish","format-standard","hentry","category-archiv-2013"],"yoast_head":"<!-- This site is optimized with the Yoast SEO plugin v27.4 - https:\/\/yoast.com\/product\/yoast-seo-wordpress\/ -->\n<title>Dni stredovek\u00fdch remesiel na hrade Stre\u010dno - Pova\u017esk\u00e9 m\u00fazeum<\/title>\n<meta name=\"robots\" content=\"index, follow, max-snippet:-1, max-image-preview:large, max-video-preview:-1\" \/>\n<link rel=\"canonical\" href=\"https:\/\/pmza.sk\/?p=8040\" \/>\n<meta property=\"og:locale\" content=\"sk_SK\" \/>\n<meta property=\"og:type\" content=\"article\" \/>\n<meta property=\"og:title\" content=\"Dni stredovek\u00fdch remesiel na hrade Stre\u010dno - Pova\u017esk\u00e9 m\u00fazeum\" \/>\n<meta property=\"og:description\" content=\"&nbsp; V d\u0148och od 11. do 15. septembra 2013 sa od 10.00 hod. do 16.00 hod. na hrade Stre\u010dno uskuto\u010dnia\u00a0Dni stredovek\u00fdch remesiel, kde svoju zru\u010dnos\u0165 a uk\u00e1\u017eku postupov stredovek\u00fdch remesiel bud\u00fa prezentova\u0165 remeseln\u00edci z\u00a0Po\u013eska a zo Slovenska. Pova\u017esk\u00e9 m\u00fazeum v\u00a0\u017diline a po\u013esk\u00fd partner Nad\u00e1cia Kamoj\u00f3wa \u2013 Muzeum Regionalne Kamoj\u00f3wka v\u00a0Suszci maj\u00fa v\u00a0projekte Stredovek ako neobmedzen\u00fd [&hellip;]\" \/>\n<meta property=\"og:url\" content=\"https:\/\/pmza.sk\/?p=8040\" \/>\n<meta property=\"og:site_name\" content=\"Pova\u017esk\u00e9 m\u00fazeum\" \/>\n<meta property=\"article:publisher\" content=\"https:\/\/www.facebook.com\/povazskemuzeum\" \/>\n<meta property=\"article:published_time\" content=\"2013-09-05T12:00:35+00:00\" \/>\n<meta property=\"og:image\" content=\"https:\/\/pmza.sk.sk\/wp-content\/uploads\/2013\/09\/A4_remesla3-207x300.jpg\" \/>\n<meta name=\"author\" content=\"Pova\u017esk\u00e9 m\u00fazeum\" \/>\n<meta name=\"twitter:card\" content=\"summary_large_image\" \/>\n<meta name=\"twitter:label1\" content=\"Autor\" \/>\n\t<meta name=\"twitter:data1\" content=\"Pova\u017esk\u00e9 m\u00fazeum\" \/>\n\t<meta name=\"twitter:label2\" content=\"Predpokladan\u00fd \u010das \u010d\u00edtania\" \/>\n\t<meta name=\"twitter:data2\" content=\"2 min\u00faty\" \/>\n<script type=\"application\/ld+json\" class=\"yoast-schema-graph\">{\"@context\":\"https:\\\/\\\/schema.org\",\"@graph\":[{\"@type\":\"Article\",\"@id\":\"https:\\\/\\\/pmza.sk\\\/?p=8040#article\",\"isPartOf\":{\"@id\":\"https:\\\/\\\/pmza.sk\\\/?p=8040\"},\"author\":{\"name\":\"Pova\u017esk\u00e9 m\u00fazeum\",\"@id\":\"https:\\\/\\\/pmza.sk\\\/#\\\/schema\\\/person\\\/595e6a2ce731ea94dcd5d7f50a41ae33\"},\"headline\":\"Dni stredovek\u00fdch remesiel na hrade Stre\u010dno\",\"datePublished\":\"2013-09-05T12:00:35+00:00\",\"mainEntityOfPage\":{\"@id\":\"https:\\\/\\\/pmza.sk\\\/?p=8040\"},\"wordCount\":349,\"publisher\":{\"@id\":\"https:\\\/\\\/pmza.sk\\\/#organization\"},\"image\":{\"@id\":\"https:\\\/\\\/pmza.sk\\\/?p=8040#primaryimage\"},\"thumbnailUrl\":\"http:\\\/\\\/pmza.sk.sk\\\/wp-content\\\/uploads\\\/2013\\\/09\\\/A4_remesla3-207x300.jpg\",\"articleSection\":[\"Arch\u00edv 2013\"],\"inLanguage\":\"sk-SK\"},{\"@type\":\"WebPage\",\"@id\":\"https:\\\/\\\/pmza.sk\\\/?p=8040\",\"url\":\"https:\\\/\\\/pmza.sk\\\/?p=8040\",\"name\":\"Dni stredovek\u00fdch remesiel na hrade Stre\u010dno - Pova\u017esk\u00e9 m\u00fazeum\",\"isPartOf\":{\"@id\":\"https:\\\/\\\/pmza.sk\\\/#website\"},\"primaryImageOfPage\":{\"@id\":\"https:\\\/\\\/pmza.sk\\\/?p=8040#primaryimage\"},\"image\":{\"@id\":\"https:\\\/\\\/pmza.sk\\\/?p=8040#primaryimage\"},\"thumbnailUrl\":\"http:\\\/\\\/pmza.sk.sk\\\/wp-content\\\/uploads\\\/2013\\\/09\\\/A4_remesla3-207x300.jpg\",\"datePublished\":\"2013-09-05T12:00:35+00:00\",\"breadcrumb\":{\"@id\":\"https:\\\/\\\/pmza.sk\\\/?p=8040#breadcrumb\"},\"inLanguage\":\"sk-SK\",\"potentialAction\":[{\"@type\":\"ReadAction\",\"target\":[\"https:\\\/\\\/pmza.sk\\\/?p=8040\"]}]},{\"@type\":\"ImageObject\",\"inLanguage\":\"sk-SK\",\"@id\":\"https:\\\/\\\/pmza.sk\\\/?p=8040#primaryimage\",\"url\":\"http:\\\/\\\/pmza.sk.sk\\\/wp-content\\\/uploads\\\/2013\\\/09\\\/A4_remesla3-207x300.jpg\",\"contentUrl\":\"http:\\\/\\\/pmza.sk.sk\\\/wp-content\\\/uploads\\\/2013\\\/09\\\/A4_remesla3-207x300.jpg\"},{\"@type\":\"BreadcrumbList\",\"@id\":\"https:\\\/\\\/pmza.sk\\\/?p=8040#breadcrumb\",\"itemListElement\":[{\"@type\":\"ListItem\",\"position\":1,\"name\":\"Domovsk\u00e1 str\u00e1nka\",\"item\":\"https:\\\/\\\/pmza.sk\\\/\"},{\"@type\":\"ListItem\",\"position\":2,\"name\":\"Dni stredovek\u00fdch remesiel na hrade Stre\u010dno\"}]},{\"@type\":\"WebSite\",\"@id\":\"https:\\\/\\\/pmza.sk\\\/#website\",\"url\":\"https:\\\/\\\/pmza.sk\\\/\",\"name\":\"Pova\u017esk\u00e9 m\u00fazeum\",\"description\":\"Pova\u017esk\u00e9 m\u00fazeum v \u017diline je region\u00e1lne m\u00fazeum so s\u00eddlom v Budat\u00edne. Jeho expoz\u00edcie s\u00fa zameran\u00e9 na dejiny slovensk\u00e9ho umenia, kult\u00fary a dopravy.\",\"publisher\":{\"@id\":\"https:\\\/\\\/pmza.sk\\\/#organization\"},\"potentialAction\":[{\"@type\":\"SearchAction\",\"target\":{\"@type\":\"EntryPoint\",\"urlTemplate\":\"https:\\\/\\\/pmza.sk\\\/?s={search_term_string}\"},\"query-input\":{\"@type\":\"PropertyValueSpecification\",\"valueRequired\":true,\"valueName\":\"search_term_string\"}}],\"inLanguage\":\"sk-SK\"},{\"@type\":\"Organization\",\"@id\":\"https:\\\/\\\/pmza.sk\\\/#organization\",\"name\":\"Pova\u017esk\u00e9 m\u00fazeum\",\"url\":\"https:\\\/\\\/pmza.sk\\\/\",\"logo\":{\"@type\":\"ImageObject\",\"inLanguage\":\"sk-SK\",\"@id\":\"https:\\\/\\\/pmza.sk\\\/#\\\/schema\\\/logo\\\/image\\\/\",\"url\":\"https:\\\/\\\/pmza.sk\\\/wp-content\\\/uploads\\\/2022\\\/01\\\/logo_PM_horizontal.jpg\",\"contentUrl\":\"https:\\\/\\\/pmza.sk\\\/wp-content\\\/uploads\\\/2022\\\/01\\\/logo_PM_horizontal.jpg\",\"width\":231,\"height\":142,\"caption\":\"Pova\u017esk\u00e9 m\u00fazeum\"},\"image\":{\"@id\":\"https:\\\/\\\/pmza.sk\\\/#\\\/schema\\\/logo\\\/image\\\/\"},\"sameAs\":[\"https:\\\/\\\/www.facebook.com\\\/povazskemuzeum\",\"https:\\\/\\\/www.instagram.com\\\/povazskemuzeum\\\/\"]},{\"@type\":\"Person\",\"@id\":\"https:\\\/\\\/pmza.sk\\\/#\\\/schema\\\/person\\\/595e6a2ce731ea94dcd5d7f50a41ae33\",\"name\":\"Pova\u017esk\u00e9 m\u00fazeum\",\"image\":{\"@type\":\"ImageObject\",\"inLanguage\":\"sk-SK\",\"@id\":\"https:\\\/\\\/secure.gravatar.com\\\/avatar\\\/2bb7f1561282132fb5826dfeccc66c7996d11ee392ac6aaf7ced8a1c2027fbb2?s=96&d=mm&r=g\",\"url\":\"https:\\\/\\\/secure.gravatar.com\\\/avatar\\\/2bb7f1561282132fb5826dfeccc66c7996d11ee392ac6aaf7ced8a1c2027fbb2?s=96&d=mm&r=g\",\"contentUrl\":\"https:\\\/\\\/secure.gravatar.com\\\/avatar\\\/2bb7f1561282132fb5826dfeccc66c7996d11ee392ac6aaf7ced8a1c2027fbb2?s=96&d=mm&r=g\",\"caption\":\"Pova\u017esk\u00e9 m\u00fazeum\"}}]}<\/script>\n<!-- \/ Yoast SEO plugin. -->","yoast_head_json":{"title":"Dni stredovek\u00fdch remesiel na hrade Stre\u010dno - Pova\u017esk\u00e9 m\u00fazeum","robots":{"index":"index","follow":"follow","max-snippet":"max-snippet:-1","max-image-preview":"max-image-preview:large","max-video-preview":"max-video-preview:-1"},"canonical":"https:\/\/pmza.sk\/?p=8040","og_locale":"sk_SK","og_type":"article","og_title":"Dni stredovek\u00fdch remesiel na hrade Stre\u010dno - Pova\u017esk\u00e9 m\u00fazeum","og_description":"&nbsp; V d\u0148och od 11. do 15. septembra 2013 sa od 10.00 hod. do 16.00 hod. na hrade Stre\u010dno uskuto\u010dnia\u00a0Dni stredovek\u00fdch remesiel, kde svoju zru\u010dnos\u0165 a uk\u00e1\u017eku postupov stredovek\u00fdch remesiel bud\u00fa prezentova\u0165 remeseln\u00edci z\u00a0Po\u013eska a zo Slovenska. Pova\u017esk\u00e9 m\u00fazeum v\u00a0\u017diline a po\u013esk\u00fd partner Nad\u00e1cia Kamoj\u00f3wa \u2013 Muzeum Regionalne Kamoj\u00f3wka v\u00a0Suszci maj\u00fa v\u00a0projekte Stredovek ako neobmedzen\u00fd [&hellip;]","og_url":"https:\/\/pmza.sk\/?p=8040","og_site_name":"Pova\u017esk\u00e9 m\u00fazeum","article_publisher":"https:\/\/www.facebook.com\/povazskemuzeum","article_published_time":"2013-09-05T12:00:35+00:00","og_image":[{"url":"https:\/\/pmza.sk.sk\/wp-content\/uploads\/2013\/09\/A4_remesla3-207x300.jpg","type":"","width":"","height":""}],"author":"Pova\u017esk\u00e9 m\u00fazeum","twitter_card":"summary_large_image","twitter_misc":{"Autor":"Pova\u017esk\u00e9 m\u00fazeum","Predpokladan\u00fd \u010das \u010d\u00edtania":"2 min\u00faty"},"schema":{"@context":"https:\/\/schema.org","@graph":[{"@type":"Article","@id":"https:\/\/pmza.sk\/?p=8040#article","isPartOf":{"@id":"https:\/\/pmza.sk\/?p=8040"},"author":{"name":"Pova\u017esk\u00e9 m\u00fazeum","@id":"https:\/\/pmza.sk\/#\/schema\/person\/595e6a2ce731ea94dcd5d7f50a41ae33"},"headline":"Dni stredovek\u00fdch remesiel na hrade Stre\u010dno","datePublished":"2013-09-05T12:00:35+00:00","mainEntityOfPage":{"@id":"https:\/\/pmza.sk\/?p=8040"},"wordCount":349,"publisher":{"@id":"https:\/\/pmza.sk\/#organization"},"image":{"@id":"https:\/\/pmza.sk\/?p=8040#primaryimage"},"thumbnailUrl":"https:\/\/pmza.sk.sk\/wp-content\/uploads\/2013\/09\/A4_remesla3-207x300.jpg","articleSection":["Arch\u00edv 2013"],"inLanguage":"sk-SK"},{"@type":"WebPage","@id":"https:\/\/pmza.sk\/?p=8040","url":"https:\/\/pmza.sk\/?p=8040","name":"Dni stredovek\u00fdch remesiel na hrade Stre\u010dno - Pova\u017esk\u00e9 m\u00fazeum","isPartOf":{"@id":"https:\/\/pmza.sk\/#website"},"primaryImageOfPage":{"@id":"https:\/\/pmza.sk\/?p=8040#primaryimage"},"image":{"@id":"https:\/\/pmza.sk\/?p=8040#primaryimage"},"thumbnailUrl":"https:\/\/pmza.sk.sk\/wp-content\/uploads\/2013\/09\/A4_remesla3-207x300.jpg","datePublished":"2013-09-05T12:00:35+00:00","breadcrumb":{"@id":"https:\/\/pmza.sk\/?p=8040#breadcrumb"},"inLanguage":"sk-SK","potentialAction":[{"@type":"ReadAction","target":["https:\/\/pmza.sk\/?p=8040"]}]},{"@type":"ImageObject","inLanguage":"sk-SK","@id":"https:\/\/pmza.sk\/?p=8040#primaryimage","url":"https:\/\/pmza.sk.sk\/wp-content\/uploads\/2013\/09\/A4_remesla3-207x300.jpg","contentUrl":"https:\/\/pmza.sk.sk\/wp-content\/uploads\/2013\/09\/A4_remesla3-207x300.jpg"},{"@type":"BreadcrumbList","@id":"https:\/\/pmza.sk\/?p=8040#breadcrumb","itemListElement":[{"@type":"ListItem","position":1,"name":"Domovsk\u00e1 str\u00e1nka","item":"https:\/\/pmza.sk\/"},{"@type":"ListItem","position":2,"name":"Dni stredovek\u00fdch remesiel na hrade Stre\u010dno"}]},{"@type":"WebSite","@id":"https:\/\/pmza.sk\/#website","url":"https:\/\/pmza.sk\/","name":"Pova\u017esk\u00e9 m\u00fazeum","description":"Pova\u017esk\u00e9 m\u00fazeum v \u017diline je region\u00e1lne m\u00fazeum so s\u00eddlom v Budat\u00edne. Jeho expoz\u00edcie s\u00fa zameran\u00e9 na dejiny slovensk\u00e9ho umenia, kult\u00fary a dopravy.","publisher":{"@id":"https:\/\/pmza.sk\/#organization"},"potentialAction":[{"@type":"SearchAction","target":{"@type":"EntryPoint","urlTemplate":"https:\/\/pmza.sk\/?s={search_term_string}"},"query-input":{"@type":"PropertyValueSpecification","valueRequired":true,"valueName":"search_term_string"}}],"inLanguage":"sk-SK"},{"@type":"Organization","@id":"https:\/\/pmza.sk\/#organization","name":"Pova\u017esk\u00e9 m\u00fazeum","url":"https:\/\/pmza.sk\/","logo":{"@type":"ImageObject","inLanguage":"sk-SK","@id":"https:\/\/pmza.sk\/#\/schema\/logo\/image\/","url":"https:\/\/pmza.sk\/wp-content\/uploads\/2022\/01\/logo_PM_horizontal.jpg","contentUrl":"https:\/\/pmza.sk\/wp-content\/uploads\/2022\/01\/logo_PM_horizontal.jpg","width":231,"height":142,"caption":"Pova\u017esk\u00e9 m\u00fazeum"},"image":{"@id":"https:\/\/pmza.sk\/#\/schema\/logo\/image\/"},"sameAs":["https:\/\/www.facebook.com\/povazskemuzeum","https:\/\/www.instagram.com\/povazskemuzeum\/"]},{"@type":"Person","@id":"https:\/\/pmza.sk\/#\/schema\/person\/595e6a2ce731ea94dcd5d7f50a41ae33","name":"Pova\u017esk\u00e9 m\u00fazeum","image":{"@type":"ImageObject","inLanguage":"sk-SK","@id":"https:\/\/secure.gravatar.com\/avatar\/2bb7f1561282132fb5826dfeccc66c7996d11ee392ac6aaf7ced8a1c2027fbb2?s=96&d=mm&r=g","url":"https:\/\/secure.gravatar.com\/avatar\/2bb7f1561282132fb5826dfeccc66c7996d11ee392ac6aaf7ced8a1c2027fbb2?s=96&d=mm&r=g","contentUrl":"https:\/\/secure.gravatar.com\/avatar\/2bb7f1561282132fb5826dfeccc66c7996d11ee392ac6aaf7ced8a1c2027fbb2?s=96&d=mm&r=g","caption":"Pova\u017esk\u00e9 m\u00fazeum"}}]}},"_links":{"self":[{"href":"https:\/\/pmza.sk\/index.php?rest_route=\/wp\/v2\/posts\/8040","targetHints":{"allow":["GET"]}}],"collection":[{"href":"https:\/\/pmza.sk\/index.php?rest_route=\/wp\/v2\/posts"}],"about":[{"href":"https:\/\/pmza.sk\/index.php?rest_route=\/wp\/v2\/types\/post"}],"author":[{"embeddable":true,"href":"https:\/\/pmza.sk\/index.php?rest_route=\/wp\/v2\/users\/2"}],"replies":[{"embeddable":true,"href":"https:\/\/pmza.sk\/index.php?rest_route=%2Fwp%2Fv2%2Fcomments&post=8040"}],"version-history":[{"count":0,"href":"https:\/\/pmza.sk\/index.php?rest_route=\/wp\/v2\/posts\/8040\/revisions"}],"wp:attachment":[{"href":"https:\/\/pmza.sk\/index.php?rest_route=%2Fwp%2Fv2%2Fmedia&parent=8040"}],"wp:term":[{"taxonomy":"category","embeddable":true,"href":"https:\/\/pmza.sk\/index.php?rest_route=%2Fwp%2Fv2%2Fcategories&post=8040"},{"taxonomy":"post_tag","embeddable":true,"href":"https:\/\/pmza.sk\/index.php?rest_route=%2Fwp%2Fv2%2Ftags&post=8040"}],"curies":[{"name":"wp","href":"https:\/\/api.w.org\/{rel}","templated":true}]}}