{"id":8140,"date":"2013-09-26T15:05:56","date_gmt":"2013-09-26T13:05:56","guid":{"rendered":"https:\/\/pmza.sk.sk\/?p=8140"},"modified":"2013-09-26T15:05:56","modified_gmt":"2013-09-26T13:05:56","slug":"expedicia-budatinsky-park-2","status":"publish","type":"post","link":"https:\/\/pmza.sk\/?p=8140","title":{"rendered":"Exped\u00edcia Budat\u00ednsky park"},"content":{"rendered":"<p><a href=\"https:\/\/pmza.sk\/wp-content\/uploads\/2013\/09\/IMG_6995.jpg\"><img fetchpriority=\"high\" decoding=\"async\" class=\"alignleft size-medium wp-image-8141\" style=\"border: 2px solid black; margin: 4px;\" title=\"Exped\u00edcia\" src=\"https:\/\/pmza.sk.sk\/wp-content\/uploads\/2013\/09\/IMG_6995-300x200.jpg\" alt=\"\" width=\"300\" height=\"200\" \/><\/a>D\u0148a <strong>8.  a<\/strong><strong> 15. okt\u00f3bra<\/strong><strong> 2013<\/strong> sa <strong>v\u00a0are\u00e1li Budat\u00ednskeho hradu <\/strong>uskuto\u010dn\u00ed tret\u00ed \u00faspe\u0161n\u00fd ro\u010dn\u00edk projektu <strong>Exped\u00edcia Budat\u00ednsky park<\/strong>, ktor\u00fd pripravilo Pova\u017esk\u00e9 m\u00fazeum pre vopred objednan\u00e9 skupiny \u017eiakov z\u00e1kladn\u00fdch \u0161k\u00f4l. <em>\u201eHlavn\u00fdm cie\u013eom projektu je pon\u00faknu\u0165 \u017eiakom alternat\u00edvne formy vyu\u010dovania, kde maj\u00fa mo\u017enos\u0165 zozn\u00e1mi\u0165 sa s\u00a0jedine\u010dnos\u0165ou Budat\u00ednskeho parku, jeho ekosyst\u00e9mom a\u00a0samotn\u00fdm \u017eivotom. Tento projekt u \u0161k\u00f4l vyvol\u00e1va ve\u013ek\u00fd z\u00e1ujem, preto\u017ee sa realizuje v pr\u00edrode a\u00a0deti sa hravou formou a\u00a0prostredn\u00edctvom z\u00e1\u017eitkov nau\u010dia mno\u017estvo poznatkov,\u201c <\/em>informoval riadite\u013e Pova\u017esk\u00e9ho m\u00fazea, Ladislav Cimer\u00e1k.<!--more-->Stretnutie s\u00a0hist\u00f3riou bude sprostredkovan\u00e9 v\u00a0nieko\u013ek\u00fdch tematick\u00fdch okruhoch, ako napr\u00edklad hist\u00f3ria Budat\u00ednskeho hradu, zn\u00e1me rody a\u00a0legendy, ktor\u00e9 sa k\u00a0nemu via\u017eu, \u017eiaci sa tie\u017e dozvedia nov\u00e9 poznatky o\u00a0faune a\u00a0fl\u00f3re v\u00a0Budat\u00ednskom parku, v\u00a0tematickom okruhu Legendy minulosti \u2013 pltn\u00edci v\u00a0parku sa \u017eiaci dozvedia nielen o\u00a0fenom\u00e9ne pltn\u00edctva, ale aj o\u00a0historick\u00fdch \u0161pecifik\u00e1ch dopravy v\u00a0regi\u00f3ne a\u00a0\u010fal\u0161\u00edch zauj\u00edmav\u00fdch t\u00e9mach.<br \/>\nSprievodn\u00fdm programom projektu bude prehliadka expoz\u00edcie Drot\u00e1rstvo a\u00a0v\u00fdstavy Prech\u00e1dzka storo\u010diami.<br \/>\nOrganiz\u00e1torom programu <strong>Exped\u00edcia Budat\u00ednsky park<\/strong>, ktor\u00fd sa uskuto\u010dn\u00ed v\u00a0term\u00ednoch <strong>8. a\u00a015. okt\u00f3bra 2013 <\/strong>je Pova\u017esk\u00e9 m\u00fazeum v\u00a0\u017diline v\u00a0zria\u010fovate\u013eskej p\u00f4sobnosti \u017dilinsk\u00e9ho samospr\u00e1vneho kraja. \u0160koly sa m\u00f4\u017eu nahl\u00e1si\u0165 na telef\u00f3nne \u010d\u00edslo <em>041\/500 15 11<\/em>, kontaktn\u00e1 osoba <em>Mgr. Veronika Gu\u017e\u00edkov\u00e1<\/em> alebo mailom na <em>guzikova@pmza.sk<\/em>.<\/p>\n","protected":false},"excerpt":{"rendered":"<p>D\u0148a 8. a 15. okt\u00f3bra 2013 sa v\u00a0are\u00e1li Budat\u00ednskeho hradu uskuto\u010dn\u00ed tret\u00ed \u00faspe\u0161n\u00fd ro\u010dn\u00edk projektu Exped\u00edcia Budat\u00ednsky park, ktor\u00fd pripravilo Pova\u017esk\u00e9 m\u00fazeum pre vopred objednan\u00e9 skupiny \u017eiakov z\u00e1kladn\u00fdch \u0161k\u00f4l. \u201eHlavn\u00fdm cie\u013eom projektu je pon\u00faknu\u0165 \u017eiakom alternat\u00edvne formy vyu\u010dovania, kde maj\u00fa mo\u017enos\u0165 zozn\u00e1mi\u0165 sa s\u00a0jedine\u010dnos\u0165ou Budat\u00ednskeho parku, jeho ekosyst\u00e9mom a\u00a0samotn\u00fdm \u017eivotom. Tento projekt u \u0161k\u00f4l vyvol\u00e1va [&hellip;]<\/p>\n","protected":false},"author":2,"featured_media":0,"comment_status":"closed","ping_status":"closed","sticky":false,"template":"","format":"standard","meta":{"site-sidebar-layout":"default","site-content-layout":"","ast-site-content-layout":"","site-content-style":"default","site-sidebar-style":"default","ast-global-header-display":"","ast-banner-title-visibility":"","ast-main-header-display":"","ast-hfb-above-header-display":"","ast-hfb-below-header-display":"","ast-hfb-mobile-header-display":"","site-post-title":"","ast-breadcrumbs-content":"","ast-featured-img":"","footer-sml-layout":"","theme-transparent-header-meta":"","adv-header-id-meta":"","stick-header-meta":"","header-above-stick-meta":"","header-main-stick-meta":"","header-below-stick-meta":"","astra-migrate-meta-layouts":"default","ast-page-background-enabled":"default","ast-page-background-meta":{"desktop":{"background-color":"var(--ast-global-color-4)","background-image":"","background-repeat":"repeat","background-position":"center center","background-size":"auto","background-attachment":"scroll","background-type":"","background-media":"","overlay-type":"","overlay-color":"","overlay-opacity":"","overlay-gradient":""},"tablet":{"background-color":"","background-image":"","background-repeat":"repeat","background-position":"center center","background-size":"auto","background-attachment":"scroll","background-type":"","background-media":"","overlay-type":"","overlay-color":"","overlay-opacity":"","overlay-gradient":""},"mobile":{"background-color":"","background-image":"","background-repeat":"repeat","background-position":"center center","background-size":"auto","background-attachment":"scroll","background-type":"","background-media":"","overlay-type":"","overlay-color":"","overlay-opacity":"","overlay-gradient":""}},"ast-content-background-meta":{"desktop":{"background-color":"var(--ast-global-color-5)","background-image":"","background-repeat":"repeat","background-position":"center center","background-size":"auto","background-attachment":"scroll","background-type":"","background-media":"","overlay-type":"","overlay-color":"","overlay-opacity":"","overlay-gradient":""},"tablet":{"background-color":"var(--ast-global-color-5)","background-image":"","background-repeat":"repeat","background-position":"center center","background-size":"auto","background-attachment":"scroll","background-type":"","background-media":"","overlay-type":"","overlay-color":"","overlay-opacity":"","overlay-gradient":""},"mobile":{"background-color":"var(--ast-global-color-5)","background-image":"","background-repeat":"repeat","background-position":"center center","background-size":"auto","background-attachment":"scroll","background-type":"","background-media":"","overlay-type":"","overlay-color":"","overlay-opacity":"","overlay-gradient":""}},"footnotes":""},"categories":[33],"tags":[],"class_list":["post-8140","post","type-post","status-publish","format-standard","hentry","category-archiv-2013"],"yoast_head":"<!-- This site is optimized with the Yoast SEO plugin v27.4 - https:\/\/yoast.com\/product\/yoast-seo-wordpress\/ -->\n<title>Exped\u00edcia Budat\u00ednsky park - Pova\u017esk\u00e9 m\u00fazeum<\/title>\n<meta name=\"robots\" content=\"index, follow, max-snippet:-1, max-image-preview:large, max-video-preview:-1\" \/>\n<link rel=\"canonical\" href=\"https:\/\/pmza.sk\/?p=8140\" \/>\n<meta property=\"og:locale\" content=\"sk_SK\" \/>\n<meta property=\"og:type\" content=\"article\" \/>\n<meta property=\"og:title\" content=\"Exped\u00edcia Budat\u00ednsky park - Pova\u017esk\u00e9 m\u00fazeum\" \/>\n<meta property=\"og:description\" content=\"D\u0148a 8. a 15. okt\u00f3bra 2013 sa v\u00a0are\u00e1li Budat\u00ednskeho hradu uskuto\u010dn\u00ed tret\u00ed \u00faspe\u0161n\u00fd ro\u010dn\u00edk projektu Exped\u00edcia Budat\u00ednsky park, ktor\u00fd pripravilo Pova\u017esk\u00e9 m\u00fazeum pre vopred objednan\u00e9 skupiny \u017eiakov z\u00e1kladn\u00fdch \u0161k\u00f4l. \u201eHlavn\u00fdm cie\u013eom projektu je pon\u00faknu\u0165 \u017eiakom alternat\u00edvne formy vyu\u010dovania, kde maj\u00fa mo\u017enos\u0165 zozn\u00e1mi\u0165 sa s\u00a0jedine\u010dnos\u0165ou Budat\u00ednskeho parku, jeho ekosyst\u00e9mom a\u00a0samotn\u00fdm \u017eivotom. Tento projekt u \u0161k\u00f4l vyvol\u00e1va [&hellip;]\" \/>\n<meta property=\"og:url\" content=\"https:\/\/pmza.sk\/?p=8140\" \/>\n<meta property=\"og:site_name\" content=\"Pova\u017esk\u00e9 m\u00fazeum\" \/>\n<meta property=\"article:publisher\" content=\"https:\/\/www.facebook.com\/povazskemuzeum\" \/>\n<meta property=\"article:published_time\" content=\"2013-09-26T13:05:56+00:00\" \/>\n<meta property=\"og:image\" content=\"https:\/\/pmza.sk.sk\/wp-content\/uploads\/2013\/09\/IMG_6995-300x200.jpg\" \/>\n<meta name=\"author\" content=\"Pova\u017esk\u00e9 m\u00fazeum\" \/>\n<meta name=\"twitter:card\" content=\"summary_large_image\" \/>\n<meta name=\"twitter:label1\" content=\"Autor\" \/>\n\t<meta name=\"twitter:data1\" content=\"Pova\u017esk\u00e9 m\u00fazeum\" \/>\n\t<meta name=\"twitter:label2\" content=\"Predpokladan\u00fd \u010das \u010d\u00edtania\" \/>\n\t<meta name=\"twitter:data2\" content=\"1 min\u00fata\" \/>\n<script type=\"application\/ld+json\" class=\"yoast-schema-graph\">{\"@context\":\"https:\\\/\\\/schema.org\",\"@graph\":[{\"@type\":\"Article\",\"@id\":\"https:\\\/\\\/pmza.sk\\\/?p=8140#article\",\"isPartOf\":{\"@id\":\"https:\\\/\\\/pmza.sk\\\/?p=8140\"},\"author\":{\"name\":\"Pova\u017esk\u00e9 m\u00fazeum\",\"@id\":\"https:\\\/\\\/pmza.sk\\\/#\\\/schema\\\/person\\\/595e6a2ce731ea94dcd5d7f50a41ae33\"},\"headline\":\"Exped\u00edcia Budat\u00ednsky park\",\"datePublished\":\"2013-09-26T13:05:56+00:00\",\"mainEntityOfPage\":{\"@id\":\"https:\\\/\\\/pmza.sk\\\/?p=8140\"},\"wordCount\":284,\"publisher\":{\"@id\":\"https:\\\/\\\/pmza.sk\\\/#organization\"},\"image\":{\"@id\":\"https:\\\/\\\/pmza.sk\\\/?p=8140#primaryimage\"},\"thumbnailUrl\":\"http:\\\/\\\/pmza.sk.sk\\\/wp-content\\\/uploads\\\/2013\\\/09\\\/IMG_6995-300x200.jpg\",\"articleSection\":[\"Arch\u00edv 2013\"],\"inLanguage\":\"sk-SK\"},{\"@type\":\"WebPage\",\"@id\":\"https:\\\/\\\/pmza.sk\\\/?p=8140\",\"url\":\"https:\\\/\\\/pmza.sk\\\/?p=8140\",\"name\":\"Exped\u00edcia Budat\u00ednsky park - Pova\u017esk\u00e9 m\u00fazeum\",\"isPartOf\":{\"@id\":\"https:\\\/\\\/pmza.sk\\\/#website\"},\"primaryImageOfPage\":{\"@id\":\"https:\\\/\\\/pmza.sk\\\/?p=8140#primaryimage\"},\"image\":{\"@id\":\"https:\\\/\\\/pmza.sk\\\/?p=8140#primaryimage\"},\"thumbnailUrl\":\"http:\\\/\\\/pmza.sk.sk\\\/wp-content\\\/uploads\\\/2013\\\/09\\\/IMG_6995-300x200.jpg\",\"datePublished\":\"2013-09-26T13:05:56+00:00\",\"breadcrumb\":{\"@id\":\"https:\\\/\\\/pmza.sk\\\/?p=8140#breadcrumb\"},\"inLanguage\":\"sk-SK\",\"potentialAction\":[{\"@type\":\"ReadAction\",\"target\":[\"https:\\\/\\\/pmza.sk\\\/?p=8140\"]}]},{\"@type\":\"ImageObject\",\"inLanguage\":\"sk-SK\",\"@id\":\"https:\\\/\\\/pmza.sk\\\/?p=8140#primaryimage\",\"url\":\"http:\\\/\\\/pmza.sk.sk\\\/wp-content\\\/uploads\\\/2013\\\/09\\\/IMG_6995-300x200.jpg\",\"contentUrl\":\"http:\\\/\\\/pmza.sk.sk\\\/wp-content\\\/uploads\\\/2013\\\/09\\\/IMG_6995-300x200.jpg\"},{\"@type\":\"BreadcrumbList\",\"@id\":\"https:\\\/\\\/pmza.sk\\\/?p=8140#breadcrumb\",\"itemListElement\":[{\"@type\":\"ListItem\",\"position\":1,\"name\":\"Domovsk\u00e1 str\u00e1nka\",\"item\":\"https:\\\/\\\/pmza.sk\\\/\"},{\"@type\":\"ListItem\",\"position\":2,\"name\":\"Exped\u00edcia Budat\u00ednsky park\"}]},{\"@type\":\"WebSite\",\"@id\":\"https:\\\/\\\/pmza.sk\\\/#website\",\"url\":\"https:\\\/\\\/pmza.sk\\\/\",\"name\":\"Pova\u017esk\u00e9 m\u00fazeum\",\"description\":\"Pova\u017esk\u00e9 m\u00fazeum v \u017diline je region\u00e1lne m\u00fazeum so s\u00eddlom v Budat\u00edne. Jeho expoz\u00edcie s\u00fa zameran\u00e9 na dejiny slovensk\u00e9ho umenia, kult\u00fary a dopravy.\",\"publisher\":{\"@id\":\"https:\\\/\\\/pmza.sk\\\/#organization\"},\"potentialAction\":[{\"@type\":\"SearchAction\",\"target\":{\"@type\":\"EntryPoint\",\"urlTemplate\":\"https:\\\/\\\/pmza.sk\\\/?s={search_term_string}\"},\"query-input\":{\"@type\":\"PropertyValueSpecification\",\"valueRequired\":true,\"valueName\":\"search_term_string\"}}],\"inLanguage\":\"sk-SK\"},{\"@type\":\"Organization\",\"@id\":\"https:\\\/\\\/pmza.sk\\\/#organization\",\"name\":\"Pova\u017esk\u00e9 m\u00fazeum\",\"url\":\"https:\\\/\\\/pmza.sk\\\/\",\"logo\":{\"@type\":\"ImageObject\",\"inLanguage\":\"sk-SK\",\"@id\":\"https:\\\/\\\/pmza.sk\\\/#\\\/schema\\\/logo\\\/image\\\/\",\"url\":\"https:\\\/\\\/pmza.sk\\\/wp-content\\\/uploads\\\/2022\\\/01\\\/logo_PM_horizontal.jpg\",\"contentUrl\":\"https:\\\/\\\/pmza.sk\\\/wp-content\\\/uploads\\\/2022\\\/01\\\/logo_PM_horizontal.jpg\",\"width\":231,\"height\":142,\"caption\":\"Pova\u017esk\u00e9 m\u00fazeum\"},\"image\":{\"@id\":\"https:\\\/\\\/pmza.sk\\\/#\\\/schema\\\/logo\\\/image\\\/\"},\"sameAs\":[\"https:\\\/\\\/www.facebook.com\\\/povazskemuzeum\",\"https:\\\/\\\/www.instagram.com\\\/povazskemuzeum\\\/\"]},{\"@type\":\"Person\",\"@id\":\"https:\\\/\\\/pmza.sk\\\/#\\\/schema\\\/person\\\/595e6a2ce731ea94dcd5d7f50a41ae33\",\"name\":\"Pova\u017esk\u00e9 m\u00fazeum\",\"image\":{\"@type\":\"ImageObject\",\"inLanguage\":\"sk-SK\",\"@id\":\"https:\\\/\\\/secure.gravatar.com\\\/avatar\\\/2bb7f1561282132fb5826dfeccc66c7996d11ee392ac6aaf7ced8a1c2027fbb2?s=96&d=mm&r=g\",\"url\":\"https:\\\/\\\/secure.gravatar.com\\\/avatar\\\/2bb7f1561282132fb5826dfeccc66c7996d11ee392ac6aaf7ced8a1c2027fbb2?s=96&d=mm&r=g\",\"contentUrl\":\"https:\\\/\\\/secure.gravatar.com\\\/avatar\\\/2bb7f1561282132fb5826dfeccc66c7996d11ee392ac6aaf7ced8a1c2027fbb2?s=96&d=mm&r=g\",\"caption\":\"Pova\u017esk\u00e9 m\u00fazeum\"}}]}<\/script>\n<!-- \/ Yoast SEO plugin. -->","yoast_head_json":{"title":"Exped\u00edcia Budat\u00ednsky park - Pova\u017esk\u00e9 m\u00fazeum","robots":{"index":"index","follow":"follow","max-snippet":"max-snippet:-1","max-image-preview":"max-image-preview:large","max-video-preview":"max-video-preview:-1"},"canonical":"https:\/\/pmza.sk\/?p=8140","og_locale":"sk_SK","og_type":"article","og_title":"Exped\u00edcia Budat\u00ednsky park - Pova\u017esk\u00e9 m\u00fazeum","og_description":"D\u0148a 8. a 15. okt\u00f3bra 2013 sa v\u00a0are\u00e1li Budat\u00ednskeho hradu uskuto\u010dn\u00ed tret\u00ed \u00faspe\u0161n\u00fd ro\u010dn\u00edk projektu Exped\u00edcia Budat\u00ednsky park, ktor\u00fd pripravilo Pova\u017esk\u00e9 m\u00fazeum pre vopred objednan\u00e9 skupiny \u017eiakov z\u00e1kladn\u00fdch \u0161k\u00f4l. \u201eHlavn\u00fdm cie\u013eom projektu je pon\u00faknu\u0165 \u017eiakom alternat\u00edvne formy vyu\u010dovania, kde maj\u00fa mo\u017enos\u0165 zozn\u00e1mi\u0165 sa s\u00a0jedine\u010dnos\u0165ou Budat\u00ednskeho parku, jeho ekosyst\u00e9mom a\u00a0samotn\u00fdm \u017eivotom. Tento projekt u \u0161k\u00f4l vyvol\u00e1va [&hellip;]","og_url":"https:\/\/pmza.sk\/?p=8140","og_site_name":"Pova\u017esk\u00e9 m\u00fazeum","article_publisher":"https:\/\/www.facebook.com\/povazskemuzeum","article_published_time":"2013-09-26T13:05:56+00:00","og_image":[{"url":"https:\/\/pmza.sk.sk\/wp-content\/uploads\/2013\/09\/IMG_6995-300x200.jpg","type":"","width":"","height":""}],"author":"Pova\u017esk\u00e9 m\u00fazeum","twitter_card":"summary_large_image","twitter_misc":{"Autor":"Pova\u017esk\u00e9 m\u00fazeum","Predpokladan\u00fd \u010das \u010d\u00edtania":"1 min\u00fata"},"schema":{"@context":"https:\/\/schema.org","@graph":[{"@type":"Article","@id":"https:\/\/pmza.sk\/?p=8140#article","isPartOf":{"@id":"https:\/\/pmza.sk\/?p=8140"},"author":{"name":"Pova\u017esk\u00e9 m\u00fazeum","@id":"https:\/\/pmza.sk\/#\/schema\/person\/595e6a2ce731ea94dcd5d7f50a41ae33"},"headline":"Exped\u00edcia Budat\u00ednsky park","datePublished":"2013-09-26T13:05:56+00:00","mainEntityOfPage":{"@id":"https:\/\/pmza.sk\/?p=8140"},"wordCount":284,"publisher":{"@id":"https:\/\/pmza.sk\/#organization"},"image":{"@id":"https:\/\/pmza.sk\/?p=8140#primaryimage"},"thumbnailUrl":"https:\/\/pmza.sk.sk\/wp-content\/uploads\/2013\/09\/IMG_6995-300x200.jpg","articleSection":["Arch\u00edv 2013"],"inLanguage":"sk-SK"},{"@type":"WebPage","@id":"https:\/\/pmza.sk\/?p=8140","url":"https:\/\/pmza.sk\/?p=8140","name":"Exped\u00edcia Budat\u00ednsky park - Pova\u017esk\u00e9 m\u00fazeum","isPartOf":{"@id":"https:\/\/pmza.sk\/#website"},"primaryImageOfPage":{"@id":"https:\/\/pmza.sk\/?p=8140#primaryimage"},"image":{"@id":"https:\/\/pmza.sk\/?p=8140#primaryimage"},"thumbnailUrl":"https:\/\/pmza.sk.sk\/wp-content\/uploads\/2013\/09\/IMG_6995-300x200.jpg","datePublished":"2013-09-26T13:05:56+00:00","breadcrumb":{"@id":"https:\/\/pmza.sk\/?p=8140#breadcrumb"},"inLanguage":"sk-SK","potentialAction":[{"@type":"ReadAction","target":["https:\/\/pmza.sk\/?p=8140"]}]},{"@type":"ImageObject","inLanguage":"sk-SK","@id":"https:\/\/pmza.sk\/?p=8140#primaryimage","url":"https:\/\/pmza.sk.sk\/wp-content\/uploads\/2013\/09\/IMG_6995-300x200.jpg","contentUrl":"https:\/\/pmza.sk.sk\/wp-content\/uploads\/2013\/09\/IMG_6995-300x200.jpg"},{"@type":"BreadcrumbList","@id":"https:\/\/pmza.sk\/?p=8140#breadcrumb","itemListElement":[{"@type":"ListItem","position":1,"name":"Domovsk\u00e1 str\u00e1nka","item":"https:\/\/pmza.sk\/"},{"@type":"ListItem","position":2,"name":"Exped\u00edcia Budat\u00ednsky park"}]},{"@type":"WebSite","@id":"https:\/\/pmza.sk\/#website","url":"https:\/\/pmza.sk\/","name":"Pova\u017esk\u00e9 m\u00fazeum","description":"Pova\u017esk\u00e9 m\u00fazeum v \u017diline je region\u00e1lne m\u00fazeum so s\u00eddlom v Budat\u00edne. Jeho expoz\u00edcie s\u00fa zameran\u00e9 na dejiny slovensk\u00e9ho umenia, kult\u00fary a dopravy.","publisher":{"@id":"https:\/\/pmza.sk\/#organization"},"potentialAction":[{"@type":"SearchAction","target":{"@type":"EntryPoint","urlTemplate":"https:\/\/pmza.sk\/?s={search_term_string}"},"query-input":{"@type":"PropertyValueSpecification","valueRequired":true,"valueName":"search_term_string"}}],"inLanguage":"sk-SK"},{"@type":"Organization","@id":"https:\/\/pmza.sk\/#organization","name":"Pova\u017esk\u00e9 m\u00fazeum","url":"https:\/\/pmza.sk\/","logo":{"@type":"ImageObject","inLanguage":"sk-SK","@id":"https:\/\/pmza.sk\/#\/schema\/logo\/image\/","url":"https:\/\/pmza.sk\/wp-content\/uploads\/2022\/01\/logo_PM_horizontal.jpg","contentUrl":"https:\/\/pmza.sk\/wp-content\/uploads\/2022\/01\/logo_PM_horizontal.jpg","width":231,"height":142,"caption":"Pova\u017esk\u00e9 m\u00fazeum"},"image":{"@id":"https:\/\/pmza.sk\/#\/schema\/logo\/image\/"},"sameAs":["https:\/\/www.facebook.com\/povazskemuzeum","https:\/\/www.instagram.com\/povazskemuzeum\/"]},{"@type":"Person","@id":"https:\/\/pmza.sk\/#\/schema\/person\/595e6a2ce731ea94dcd5d7f50a41ae33","name":"Pova\u017esk\u00e9 m\u00fazeum","image":{"@type":"ImageObject","inLanguage":"sk-SK","@id":"https:\/\/secure.gravatar.com\/avatar\/2bb7f1561282132fb5826dfeccc66c7996d11ee392ac6aaf7ced8a1c2027fbb2?s=96&d=mm&r=g","url":"https:\/\/secure.gravatar.com\/avatar\/2bb7f1561282132fb5826dfeccc66c7996d11ee392ac6aaf7ced8a1c2027fbb2?s=96&d=mm&r=g","contentUrl":"https:\/\/secure.gravatar.com\/avatar\/2bb7f1561282132fb5826dfeccc66c7996d11ee392ac6aaf7ced8a1c2027fbb2?s=96&d=mm&r=g","caption":"Pova\u017esk\u00e9 m\u00fazeum"}}]}},"_links":{"self":[{"href":"https:\/\/pmza.sk\/index.php?rest_route=\/wp\/v2\/posts\/8140","targetHints":{"allow":["GET"]}}],"collection":[{"href":"https:\/\/pmza.sk\/index.php?rest_route=\/wp\/v2\/posts"}],"about":[{"href":"https:\/\/pmza.sk\/index.php?rest_route=\/wp\/v2\/types\/post"}],"author":[{"embeddable":true,"href":"https:\/\/pmza.sk\/index.php?rest_route=\/wp\/v2\/users\/2"}],"replies":[{"embeddable":true,"href":"https:\/\/pmza.sk\/index.php?rest_route=%2Fwp%2Fv2%2Fcomments&post=8140"}],"version-history":[{"count":0,"href":"https:\/\/pmza.sk\/index.php?rest_route=\/wp\/v2\/posts\/8140\/revisions"}],"wp:attachment":[{"href":"https:\/\/pmza.sk\/index.php?rest_route=%2Fwp%2Fv2%2Fmedia&parent=8140"}],"wp:term":[{"taxonomy":"category","embeddable":true,"href":"https:\/\/pmza.sk\/index.php?rest_route=%2Fwp%2Fv2%2Fcategories&post=8140"},{"taxonomy":"post_tag","embeddable":true,"href":"https:\/\/pmza.sk\/index.php?rest_route=%2Fwp%2Fv2%2Ftags&post=8140"}],"curies":[{"name":"wp","href":"https:\/\/api.w.org\/{rel}","templated":true}]}}