{"id":8171,"date":"2013-10-01T15:37:29","date_gmt":"2013-10-01T13:37:29","guid":{"rendered":"https:\/\/pmza.sk.sk\/?p=8171"},"modified":"2013-10-01T15:37:29","modified_gmt":"2013-10-01T13:37:29","slug":"muzeum-drotarie-v-obci-velke-rovne","status":"publish","type":"post","link":"https:\/\/pmza.sk\/?p=8171","title":{"rendered":"M\u00fazeum Drot\u00e1rie v obci Ve\u013ek\u00e9 Rovn\u00e9"},"content":{"rendered":"<p><a href=\"https:\/\/pmza.sk\/wp-content\/uploads\/2013\/10\/P1010131.jpg\"><img fetchpriority=\"high\" decoding=\"async\" class=\"alignleft size-medium wp-image-8174\" style=\"border: 2px solid black; margin: 4px;\" title=\"M\u00fazeum Drot\u00e1rie\" src=\"https:\/\/pmza.sk.sk\/wp-content\/uploads\/2013\/10\/P1010131-300x225.jpg\" alt=\"\" width=\"300\" height=\"225\" \/><\/a>29. september m\u00e1 v\u00a0drot\u00e1rskej obci Ve\u013ek\u00e9 Rovn\u00e9 ka\u017edoro\u010dne jedine\u010dn\u00fa atmosf\u00e9ru. Hodov\u00e9 sl\u00e1vnosti, ktor\u00e9 sa tu konaj\u00fa v de\u0148 sv. Michala sp\u00e1jaj\u00fa miestnych rod\u00e1kov, priate\u013eov,\u00a0zn\u00e1mych a rodiny roztr\u00fasen\u00e9 v bl\u00edzkych \u010di vzdialen\u00fdch lokalit\u00e1ch. Tento rok bol sl\u00e1vnostn\u00fd de\u0148 pre obec predsa len o\u00a0nie\u010do v\u00fdnimo\u010dnej\u0161\u00ed. V\u00a0zrekon\u0161truovan\u00fdch priestoroch jednej z\u00a0najstar\u0161\u00edch budov, v\u00a0ktorej v\u00a0minulosti s\u00eddlili obecn\u00fd a\u00a0not\u00e1rsky \u00farad, po\u0161ta a\u00a0ordin\u00e1cia v\u0161eobecn\u00e9ho lek\u00e1ra, otvorili <strong>M\u00fazeum Drot\u00e1rie. <\/strong><!--more-->Jeho spr\u00edstupneniu<strong> <\/strong>predch\u00e1dzala takmer trojro\u010dn\u00e1 komplexn\u00e1 rekon\u0161trukcia budovy, ktor\u00e1 na dvoch podla\u017eiach pon\u00faka ve\u013ekolep\u00e9 priestory obecn\u00e9ho m\u00fazea. S\u00a0my\u0161lienkou zriadi\u0165 m\u00fazeum v\u00a0obci, ktor\u00e1 sa pova\u017euje za najv\u00fdznamnej\u0161ie centrum drot\u00e1rstva pri\u0161iel obecn\u00fd \u00farad u\u017e podstatne sk\u00f4r. V\u00a0roku 2008, kedy si Ve\u013ek\u00e9 Rovn\u00e9 pripomenulo 600. v\u00fdro\u010die prvej p\u00edsomnej zmienky o svojej existencii, bola otvoren\u00e1 dlhodob\u00e1 v\u00fdstava pod n\u00e1zvom <em>Vitajte v\u00a0srdci Drot\u00e1rie \u2013 re\u00e1lne a\u00a0virtu\u00e1lne.<\/em> Realizovalo ju Pova\u017esk\u00e9 m\u00fazeum v\u00a0\u017diline v\u00a0spolupr\u00e1ci s obecn\u00fdm \u00faradom, kde mala aj svoje miesto. Po piatich rokoch sa prezent\u00e1cia do\u010dkala nov\u00fdch, skuto\u010dne reprezentat\u00edvnych samostatn\u00fdch priestorov v\u00a0M\u00fazeu Drot\u00e1rie. Sem bola premiestnen\u00e1 pri zachovan\u00ed p\u00f4vodnej koncepcie a\u00a0scen\u00e1ra a\u00a0tie\u017e doplnen\u00e1 o\u00a0\u010fal\u0161ie zauj\u00edmav\u00e9 expon\u00e1ty. T\u00e1to st\u00e1la expoz\u00edcia prostredn\u00edctvom\u00a0 viac ako dvoch stoviek autentick\u00fdch predmetov pribli\u017euje najm\u00e4 drot\u00e1rske remeslo, ktor\u00e9 je neodmyslite\u013ene sp\u00e4t\u00e9 s\u00a0dejinami obce. Mapuje tie\u017e v\u00fdznamn\u00e9 historick\u00e9 udalosti, pr\u00edrodn\u00e9 pomery a\u00a0ka\u017edodenn\u00fd \u017eivot jej obyvate\u013eov. Zauj\u00edmavo ju dop\u013a\u0148a aj bohat\u00fd fotografick\u00fd materi\u00e1l. Expoz\u00edcia je pr\u00edstupn\u00e1 nielen miestnym obyvate\u013eom \u010di z\u00e1ujemcom o\u00a0drot\u00e1rske remeslo, ale aj n\u00e1v\u0161tevn\u00edkom obce a turistom.<\/p>\n","protected":false},"excerpt":{"rendered":"<p>29. september m\u00e1 v\u00a0drot\u00e1rskej obci Ve\u013ek\u00e9 Rovn\u00e9 ka\u017edoro\u010dne jedine\u010dn\u00fa atmosf\u00e9ru. Hodov\u00e9 sl\u00e1vnosti, ktor\u00e9 sa tu konaj\u00fa v de\u0148 sv. Michala sp\u00e1jaj\u00fa miestnych rod\u00e1kov, priate\u013eov,\u00a0zn\u00e1mych a rodiny roztr\u00fasen\u00e9 v bl\u00edzkych \u010di vzdialen\u00fdch lokalit\u00e1ch. Tento rok bol sl\u00e1vnostn\u00fd de\u0148 pre obec predsa len o\u00a0nie\u010do v\u00fdnimo\u010dnej\u0161\u00ed. V\u00a0zrekon\u0161truovan\u00fdch priestoroch jednej z\u00a0najstar\u0161\u00edch budov, v\u00a0ktorej v\u00a0minulosti s\u00eddlili obecn\u00fd a\u00a0not\u00e1rsky \u00farad, po\u0161ta [&hellip;]<\/p>\n","protected":false},"author":2,"featured_media":0,"comment_status":"closed","ping_status":"closed","sticky":false,"template":"","format":"standard","meta":{"site-sidebar-layout":"default","site-content-layout":"","ast-site-content-layout":"","site-content-style":"default","site-sidebar-style":"default","ast-global-header-display":"","ast-banner-title-visibility":"","ast-main-header-display":"","ast-hfb-above-header-display":"","ast-hfb-below-header-display":"","ast-hfb-mobile-header-display":"","site-post-title":"","ast-breadcrumbs-content":"","ast-featured-img":"","footer-sml-layout":"","theme-transparent-header-meta":"","adv-header-id-meta":"","stick-header-meta":"","header-above-stick-meta":"","header-main-stick-meta":"","header-below-stick-meta":"","astra-migrate-meta-layouts":"default","ast-page-background-enabled":"default","ast-page-background-meta":{"desktop":{"background-color":"var(--ast-global-color-4)","background-image":"","background-repeat":"repeat","background-position":"center center","background-size":"auto","background-attachment":"scroll","background-type":"","background-media":"","overlay-type":"","overlay-color":"","overlay-opacity":"","overlay-gradient":""},"tablet":{"background-color":"","background-image":"","background-repeat":"repeat","background-position":"center center","background-size":"auto","background-attachment":"scroll","background-type":"","background-media":"","overlay-type":"","overlay-color":"","overlay-opacity":"","overlay-gradient":""},"mobile":{"background-color":"","background-image":"","background-repeat":"repeat","background-position":"center center","background-size":"auto","background-attachment":"scroll","background-type":"","background-media":"","overlay-type":"","overlay-color":"","overlay-opacity":"","overlay-gradient":""}},"ast-content-background-meta":{"desktop":{"background-color":"var(--ast-global-color-5)","background-image":"","background-repeat":"repeat","background-position":"center center","background-size":"auto","background-attachment":"scroll","background-type":"","background-media":"","overlay-type":"","overlay-color":"","overlay-opacity":"","overlay-gradient":""},"tablet":{"background-color":"var(--ast-global-color-5)","background-image":"","background-repeat":"repeat","background-position":"center center","background-size":"auto","background-attachment":"scroll","background-type":"","background-media":"","overlay-type":"","overlay-color":"","overlay-opacity":"","overlay-gradient":""},"mobile":{"background-color":"var(--ast-global-color-5)","background-image":"","background-repeat":"repeat","background-position":"center center","background-size":"auto","background-attachment":"scroll","background-type":"","background-media":"","overlay-type":"","overlay-color":"","overlay-opacity":"","overlay-gradient":""}},"footnotes":""},"categories":[31],"tags":[],"class_list":["post-8171","post","type-post","status-publish","format-standard","hentry","category-aktuality"],"yoast_head":"<!-- This site is optimized with the Yoast SEO plugin v27.4 - https:\/\/yoast.com\/product\/yoast-seo-wordpress\/ -->\n<title>M\u00fazeum Drot\u00e1rie v obci Ve\u013ek\u00e9 Rovn\u00e9 - Pova\u017esk\u00e9 m\u00fazeum<\/title>\n<meta name=\"robots\" content=\"index, follow, max-snippet:-1, max-image-preview:large, max-video-preview:-1\" \/>\n<link rel=\"canonical\" href=\"https:\/\/pmza.sk\/?p=8171\" \/>\n<meta property=\"og:locale\" content=\"sk_SK\" \/>\n<meta property=\"og:type\" content=\"article\" \/>\n<meta property=\"og:title\" content=\"M\u00fazeum Drot\u00e1rie v obci Ve\u013ek\u00e9 Rovn\u00e9 - Pova\u017esk\u00e9 m\u00fazeum\" \/>\n<meta property=\"og:description\" content=\"29. september m\u00e1 v\u00a0drot\u00e1rskej obci Ve\u013ek\u00e9 Rovn\u00e9 ka\u017edoro\u010dne jedine\u010dn\u00fa atmosf\u00e9ru. Hodov\u00e9 sl\u00e1vnosti, ktor\u00e9 sa tu konaj\u00fa v de\u0148 sv. Michala sp\u00e1jaj\u00fa miestnych rod\u00e1kov, priate\u013eov,\u00a0zn\u00e1mych a rodiny roztr\u00fasen\u00e9 v bl\u00edzkych \u010di vzdialen\u00fdch lokalit\u00e1ch. Tento rok bol sl\u00e1vnostn\u00fd de\u0148 pre obec predsa len o\u00a0nie\u010do v\u00fdnimo\u010dnej\u0161\u00ed. V\u00a0zrekon\u0161truovan\u00fdch priestoroch jednej z\u00a0najstar\u0161\u00edch budov, v\u00a0ktorej v\u00a0minulosti s\u00eddlili obecn\u00fd a\u00a0not\u00e1rsky \u00farad, po\u0161ta [&hellip;]\" \/>\n<meta property=\"og:url\" content=\"https:\/\/pmza.sk\/?p=8171\" \/>\n<meta property=\"og:site_name\" content=\"Pova\u017esk\u00e9 m\u00fazeum\" \/>\n<meta property=\"article:publisher\" content=\"https:\/\/www.facebook.com\/povazskemuzeum\" \/>\n<meta property=\"article:published_time\" content=\"2013-10-01T13:37:29+00:00\" \/>\n<meta property=\"og:image\" content=\"https:\/\/pmza.sk.sk\/wp-content\/uploads\/2013\/10\/P1010131-300x225.jpg\" \/>\n<meta name=\"author\" content=\"Pova\u017esk\u00e9 m\u00fazeum\" \/>\n<meta name=\"twitter:card\" content=\"summary_large_image\" \/>\n<meta name=\"twitter:label1\" content=\"Autor\" \/>\n\t<meta name=\"twitter:data1\" content=\"Pova\u017esk\u00e9 m\u00fazeum\" \/>\n\t<meta name=\"twitter:label2\" content=\"Predpokladan\u00fd \u010das \u010d\u00edtania\" \/>\n\t<meta name=\"twitter:data2\" content=\"2 min\u00faty\" \/>\n<script type=\"application\/ld+json\" class=\"yoast-schema-graph\">{\"@context\":\"https:\\\/\\\/schema.org\",\"@graph\":[{\"@type\":\"Article\",\"@id\":\"https:\\\/\\\/pmza.sk\\\/?p=8171#article\",\"isPartOf\":{\"@id\":\"https:\\\/\\\/pmza.sk\\\/?p=8171\"},\"author\":{\"name\":\"Pova\u017esk\u00e9 m\u00fazeum\",\"@id\":\"https:\\\/\\\/pmza.sk\\\/#\\\/schema\\\/person\\\/595e6a2ce731ea94dcd5d7f50a41ae33\"},\"headline\":\"M\u00fazeum Drot\u00e1rie v obci Ve\u013ek\u00e9 Rovn\u00e9\",\"datePublished\":\"2013-10-01T13:37:29+00:00\",\"mainEntityOfPage\":{\"@id\":\"https:\\\/\\\/pmza.sk\\\/?p=8171\"},\"wordCount\":342,\"publisher\":{\"@id\":\"https:\\\/\\\/pmza.sk\\\/#organization\"},\"image\":{\"@id\":\"https:\\\/\\\/pmza.sk\\\/?p=8171#primaryimage\"},\"thumbnailUrl\":\"http:\\\/\\\/pmza.sk.sk\\\/wp-content\\\/uploads\\\/2013\\\/10\\\/P1010131-300x225.jpg\",\"articleSection\":[\"Aktuality\"],\"inLanguage\":\"sk-SK\"},{\"@type\":\"WebPage\",\"@id\":\"https:\\\/\\\/pmza.sk\\\/?p=8171\",\"url\":\"https:\\\/\\\/pmza.sk\\\/?p=8171\",\"name\":\"M\u00fazeum Drot\u00e1rie v obci Ve\u013ek\u00e9 Rovn\u00e9 - Pova\u017esk\u00e9 m\u00fazeum\",\"isPartOf\":{\"@id\":\"https:\\\/\\\/pmza.sk\\\/#website\"},\"primaryImageOfPage\":{\"@id\":\"https:\\\/\\\/pmza.sk\\\/?p=8171#primaryimage\"},\"image\":{\"@id\":\"https:\\\/\\\/pmza.sk\\\/?p=8171#primaryimage\"},\"thumbnailUrl\":\"http:\\\/\\\/pmza.sk.sk\\\/wp-content\\\/uploads\\\/2013\\\/10\\\/P1010131-300x225.jpg\",\"datePublished\":\"2013-10-01T13:37:29+00:00\",\"breadcrumb\":{\"@id\":\"https:\\\/\\\/pmza.sk\\\/?p=8171#breadcrumb\"},\"inLanguage\":\"sk-SK\",\"potentialAction\":[{\"@type\":\"ReadAction\",\"target\":[\"https:\\\/\\\/pmza.sk\\\/?p=8171\"]}]},{\"@type\":\"ImageObject\",\"inLanguage\":\"sk-SK\",\"@id\":\"https:\\\/\\\/pmza.sk\\\/?p=8171#primaryimage\",\"url\":\"http:\\\/\\\/pmza.sk.sk\\\/wp-content\\\/uploads\\\/2013\\\/10\\\/P1010131-300x225.jpg\",\"contentUrl\":\"http:\\\/\\\/pmza.sk.sk\\\/wp-content\\\/uploads\\\/2013\\\/10\\\/P1010131-300x225.jpg\"},{\"@type\":\"BreadcrumbList\",\"@id\":\"https:\\\/\\\/pmza.sk\\\/?p=8171#breadcrumb\",\"itemListElement\":[{\"@type\":\"ListItem\",\"position\":1,\"name\":\"Domovsk\u00e1 str\u00e1nka\",\"item\":\"https:\\\/\\\/pmza.sk\\\/\"},{\"@type\":\"ListItem\",\"position\":2,\"name\":\"M\u00fazeum Drot\u00e1rie v obci Ve\u013ek\u00e9 Rovn\u00e9\"}]},{\"@type\":\"WebSite\",\"@id\":\"https:\\\/\\\/pmza.sk\\\/#website\",\"url\":\"https:\\\/\\\/pmza.sk\\\/\",\"name\":\"Pova\u017esk\u00e9 m\u00fazeum\",\"description\":\"Pova\u017esk\u00e9 m\u00fazeum v \u017diline je region\u00e1lne m\u00fazeum so s\u00eddlom v Budat\u00edne. Jeho expoz\u00edcie s\u00fa zameran\u00e9 na dejiny slovensk\u00e9ho umenia, kult\u00fary a dopravy.\",\"publisher\":{\"@id\":\"https:\\\/\\\/pmza.sk\\\/#organization\"},\"potentialAction\":[{\"@type\":\"SearchAction\",\"target\":{\"@type\":\"EntryPoint\",\"urlTemplate\":\"https:\\\/\\\/pmza.sk\\\/?s={search_term_string}\"},\"query-input\":{\"@type\":\"PropertyValueSpecification\",\"valueRequired\":true,\"valueName\":\"search_term_string\"}}],\"inLanguage\":\"sk-SK\"},{\"@type\":\"Organization\",\"@id\":\"https:\\\/\\\/pmza.sk\\\/#organization\",\"name\":\"Pova\u017esk\u00e9 m\u00fazeum\",\"url\":\"https:\\\/\\\/pmza.sk\\\/\",\"logo\":{\"@type\":\"ImageObject\",\"inLanguage\":\"sk-SK\",\"@id\":\"https:\\\/\\\/pmza.sk\\\/#\\\/schema\\\/logo\\\/image\\\/\",\"url\":\"https:\\\/\\\/pmza.sk\\\/wp-content\\\/uploads\\\/2022\\\/01\\\/logo_PM_horizontal.jpg\",\"contentUrl\":\"https:\\\/\\\/pmza.sk\\\/wp-content\\\/uploads\\\/2022\\\/01\\\/logo_PM_horizontal.jpg\",\"width\":231,\"height\":142,\"caption\":\"Pova\u017esk\u00e9 m\u00fazeum\"},\"image\":{\"@id\":\"https:\\\/\\\/pmza.sk\\\/#\\\/schema\\\/logo\\\/image\\\/\"},\"sameAs\":[\"https:\\\/\\\/www.facebook.com\\\/povazskemuzeum\",\"https:\\\/\\\/www.instagram.com\\\/povazskemuzeum\\\/\"]},{\"@type\":\"Person\",\"@id\":\"https:\\\/\\\/pmza.sk\\\/#\\\/schema\\\/person\\\/595e6a2ce731ea94dcd5d7f50a41ae33\",\"name\":\"Pova\u017esk\u00e9 m\u00fazeum\",\"image\":{\"@type\":\"ImageObject\",\"inLanguage\":\"sk-SK\",\"@id\":\"https:\\\/\\\/secure.gravatar.com\\\/avatar\\\/2bb7f1561282132fb5826dfeccc66c7996d11ee392ac6aaf7ced8a1c2027fbb2?s=96&d=mm&r=g\",\"url\":\"https:\\\/\\\/secure.gravatar.com\\\/avatar\\\/2bb7f1561282132fb5826dfeccc66c7996d11ee392ac6aaf7ced8a1c2027fbb2?s=96&d=mm&r=g\",\"contentUrl\":\"https:\\\/\\\/secure.gravatar.com\\\/avatar\\\/2bb7f1561282132fb5826dfeccc66c7996d11ee392ac6aaf7ced8a1c2027fbb2?s=96&d=mm&r=g\",\"caption\":\"Pova\u017esk\u00e9 m\u00fazeum\"}}]}<\/script>\n<!-- \/ Yoast SEO plugin. -->","yoast_head_json":{"title":"M\u00fazeum Drot\u00e1rie v obci Ve\u013ek\u00e9 Rovn\u00e9 - Pova\u017esk\u00e9 m\u00fazeum","robots":{"index":"index","follow":"follow","max-snippet":"max-snippet:-1","max-image-preview":"max-image-preview:large","max-video-preview":"max-video-preview:-1"},"canonical":"https:\/\/pmza.sk\/?p=8171","og_locale":"sk_SK","og_type":"article","og_title":"M\u00fazeum Drot\u00e1rie v obci Ve\u013ek\u00e9 Rovn\u00e9 - Pova\u017esk\u00e9 m\u00fazeum","og_description":"29. september m\u00e1 v\u00a0drot\u00e1rskej obci Ve\u013ek\u00e9 Rovn\u00e9 ka\u017edoro\u010dne jedine\u010dn\u00fa atmosf\u00e9ru. Hodov\u00e9 sl\u00e1vnosti, ktor\u00e9 sa tu konaj\u00fa v de\u0148 sv. Michala sp\u00e1jaj\u00fa miestnych rod\u00e1kov, priate\u013eov,\u00a0zn\u00e1mych a rodiny roztr\u00fasen\u00e9 v bl\u00edzkych \u010di vzdialen\u00fdch lokalit\u00e1ch. Tento rok bol sl\u00e1vnostn\u00fd de\u0148 pre obec predsa len o\u00a0nie\u010do v\u00fdnimo\u010dnej\u0161\u00ed. V\u00a0zrekon\u0161truovan\u00fdch priestoroch jednej z\u00a0najstar\u0161\u00edch budov, v\u00a0ktorej v\u00a0minulosti s\u00eddlili obecn\u00fd a\u00a0not\u00e1rsky \u00farad, po\u0161ta [&hellip;]","og_url":"https:\/\/pmza.sk\/?p=8171","og_site_name":"Pova\u017esk\u00e9 m\u00fazeum","article_publisher":"https:\/\/www.facebook.com\/povazskemuzeum","article_published_time":"2013-10-01T13:37:29+00:00","og_image":[{"url":"https:\/\/pmza.sk.sk\/wp-content\/uploads\/2013\/10\/P1010131-300x225.jpg","type":"","width":"","height":""}],"author":"Pova\u017esk\u00e9 m\u00fazeum","twitter_card":"summary_large_image","twitter_misc":{"Autor":"Pova\u017esk\u00e9 m\u00fazeum","Predpokladan\u00fd \u010das \u010d\u00edtania":"2 min\u00faty"},"schema":{"@context":"https:\/\/schema.org","@graph":[{"@type":"Article","@id":"https:\/\/pmza.sk\/?p=8171#article","isPartOf":{"@id":"https:\/\/pmza.sk\/?p=8171"},"author":{"name":"Pova\u017esk\u00e9 m\u00fazeum","@id":"https:\/\/pmza.sk\/#\/schema\/person\/595e6a2ce731ea94dcd5d7f50a41ae33"},"headline":"M\u00fazeum Drot\u00e1rie v obci Ve\u013ek\u00e9 Rovn\u00e9","datePublished":"2013-10-01T13:37:29+00:00","mainEntityOfPage":{"@id":"https:\/\/pmza.sk\/?p=8171"},"wordCount":342,"publisher":{"@id":"https:\/\/pmza.sk\/#organization"},"image":{"@id":"https:\/\/pmza.sk\/?p=8171#primaryimage"},"thumbnailUrl":"https:\/\/pmza.sk.sk\/wp-content\/uploads\/2013\/10\/P1010131-300x225.jpg","articleSection":["Aktuality"],"inLanguage":"sk-SK"},{"@type":"WebPage","@id":"https:\/\/pmza.sk\/?p=8171","url":"https:\/\/pmza.sk\/?p=8171","name":"M\u00fazeum Drot\u00e1rie v obci Ve\u013ek\u00e9 Rovn\u00e9 - Pova\u017esk\u00e9 m\u00fazeum","isPartOf":{"@id":"https:\/\/pmza.sk\/#website"},"primaryImageOfPage":{"@id":"https:\/\/pmza.sk\/?p=8171#primaryimage"},"image":{"@id":"https:\/\/pmza.sk\/?p=8171#primaryimage"},"thumbnailUrl":"https:\/\/pmza.sk.sk\/wp-content\/uploads\/2013\/10\/P1010131-300x225.jpg","datePublished":"2013-10-01T13:37:29+00:00","breadcrumb":{"@id":"https:\/\/pmza.sk\/?p=8171#breadcrumb"},"inLanguage":"sk-SK","potentialAction":[{"@type":"ReadAction","target":["https:\/\/pmza.sk\/?p=8171"]}]},{"@type":"ImageObject","inLanguage":"sk-SK","@id":"https:\/\/pmza.sk\/?p=8171#primaryimage","url":"https:\/\/pmza.sk.sk\/wp-content\/uploads\/2013\/10\/P1010131-300x225.jpg","contentUrl":"https:\/\/pmza.sk.sk\/wp-content\/uploads\/2013\/10\/P1010131-300x225.jpg"},{"@type":"BreadcrumbList","@id":"https:\/\/pmza.sk\/?p=8171#breadcrumb","itemListElement":[{"@type":"ListItem","position":1,"name":"Domovsk\u00e1 str\u00e1nka","item":"https:\/\/pmza.sk\/"},{"@type":"ListItem","position":2,"name":"M\u00fazeum Drot\u00e1rie v obci Ve\u013ek\u00e9 Rovn\u00e9"}]},{"@type":"WebSite","@id":"https:\/\/pmza.sk\/#website","url":"https:\/\/pmza.sk\/","name":"Pova\u017esk\u00e9 m\u00fazeum","description":"Pova\u017esk\u00e9 m\u00fazeum v \u017diline je region\u00e1lne m\u00fazeum so s\u00eddlom v Budat\u00edne. Jeho expoz\u00edcie s\u00fa zameran\u00e9 na dejiny slovensk\u00e9ho umenia, kult\u00fary a dopravy.","publisher":{"@id":"https:\/\/pmza.sk\/#organization"},"potentialAction":[{"@type":"SearchAction","target":{"@type":"EntryPoint","urlTemplate":"https:\/\/pmza.sk\/?s={search_term_string}"},"query-input":{"@type":"PropertyValueSpecification","valueRequired":true,"valueName":"search_term_string"}}],"inLanguage":"sk-SK"},{"@type":"Organization","@id":"https:\/\/pmza.sk\/#organization","name":"Pova\u017esk\u00e9 m\u00fazeum","url":"https:\/\/pmza.sk\/","logo":{"@type":"ImageObject","inLanguage":"sk-SK","@id":"https:\/\/pmza.sk\/#\/schema\/logo\/image\/","url":"https:\/\/pmza.sk\/wp-content\/uploads\/2022\/01\/logo_PM_horizontal.jpg","contentUrl":"https:\/\/pmza.sk\/wp-content\/uploads\/2022\/01\/logo_PM_horizontal.jpg","width":231,"height":142,"caption":"Pova\u017esk\u00e9 m\u00fazeum"},"image":{"@id":"https:\/\/pmza.sk\/#\/schema\/logo\/image\/"},"sameAs":["https:\/\/www.facebook.com\/povazskemuzeum","https:\/\/www.instagram.com\/povazskemuzeum\/"]},{"@type":"Person","@id":"https:\/\/pmza.sk\/#\/schema\/person\/595e6a2ce731ea94dcd5d7f50a41ae33","name":"Pova\u017esk\u00e9 m\u00fazeum","image":{"@type":"ImageObject","inLanguage":"sk-SK","@id":"https:\/\/secure.gravatar.com\/avatar\/2bb7f1561282132fb5826dfeccc66c7996d11ee392ac6aaf7ced8a1c2027fbb2?s=96&d=mm&r=g","url":"https:\/\/secure.gravatar.com\/avatar\/2bb7f1561282132fb5826dfeccc66c7996d11ee392ac6aaf7ced8a1c2027fbb2?s=96&d=mm&r=g","contentUrl":"https:\/\/secure.gravatar.com\/avatar\/2bb7f1561282132fb5826dfeccc66c7996d11ee392ac6aaf7ced8a1c2027fbb2?s=96&d=mm&r=g","caption":"Pova\u017esk\u00e9 m\u00fazeum"}}]}},"_links":{"self":[{"href":"https:\/\/pmza.sk\/index.php?rest_route=\/wp\/v2\/posts\/8171","targetHints":{"allow":["GET"]}}],"collection":[{"href":"https:\/\/pmza.sk\/index.php?rest_route=\/wp\/v2\/posts"}],"about":[{"href":"https:\/\/pmza.sk\/index.php?rest_route=\/wp\/v2\/types\/post"}],"author":[{"embeddable":true,"href":"https:\/\/pmza.sk\/index.php?rest_route=\/wp\/v2\/users\/2"}],"replies":[{"embeddable":true,"href":"https:\/\/pmza.sk\/index.php?rest_route=%2Fwp%2Fv2%2Fcomments&post=8171"}],"version-history":[{"count":0,"href":"https:\/\/pmza.sk\/index.php?rest_route=\/wp\/v2\/posts\/8171\/revisions"}],"wp:attachment":[{"href":"https:\/\/pmza.sk\/index.php?rest_route=%2Fwp%2Fv2%2Fmedia&parent=8171"}],"wp:term":[{"taxonomy":"category","embeddable":true,"href":"https:\/\/pmza.sk\/index.php?rest_route=%2Fwp%2Fv2%2Fcategories&post=8171"},{"taxonomy":"post_tag","embeddable":true,"href":"https:\/\/pmza.sk\/index.php?rest_route=%2Fwp%2Fv2%2Ftags&post=8171"}],"curies":[{"name":"wp","href":"https:\/\/api.w.org\/{rel}","templated":true}]}}