{"id":8185,"date":"2013-10-10T13:16:12","date_gmt":"2013-10-10T11:16:12","guid":{"rendered":"https:\/\/pmza.sk.sk\/?p=8185"},"modified":"2013-10-10T13:16:12","modified_gmt":"2013-10-10T11:16:12","slug":"nostalgicka-jazda-rajeckou-ancou-a-nove-muzeum-dopravy","status":"publish","type":"post","link":"https:\/\/pmza.sk\/?p=8185","title":{"rendered":"Nostalgick\u00e1 jazda Rajeckou An\u010dou a nov\u00e9 m\u00fazeum dopravy"},"content":{"rendered":"<p><a href=\"https:\/\/pmza.sk\/wp-content\/uploads\/2013\/10\/A4_plagat.jpg\"><img fetchpriority=\"high\" decoding=\"async\" class=\"alignleft size-medium wp-image-8186\" style=\"border: 2px solid black; margin: 4px;\" title=\"Rajeck\u00e1 An\u010da\" src=\"https:\/\/pmza.sk.sk\/wp-content\/uploads\/2013\/10\/A4_plagat-209x300.jpg\" alt=\"\" width=\"209\" height=\"300\" \/><\/a>Pova\u017esk\u00e9 m\u00fazeum v\u00a0\u017diline sa roz\u0161iruje o\u00a0\u010fal\u0161iu, v\u00a0porad\u00ed 6. expoz\u00edciu, ktor\u00e1 je zameran\u00e1 na dejiny dopravy. Historick\u00fd vl\u00e1\u010dik bude ma\u0165 tento rok nezvy\u010dajn\u00fa a\u00a0v\u00fdnimo\u010dn\u00fa \u00falohu: privezie prv\u00fdch cestuj\u00facich do pripravovan\u00e9ho m\u00fazea v\u00a0Rajeck\u00fdch Tepliciach.<em> \u201eTak\u00fdmto sp\u00f4sobom osl\u00e1vime \u010fal\u0161ie v\u00fdro\u010die podujatia <strong>Rajeck\u00e1 An\u010da 2013<\/strong> s\u00a0tradi\u010dn\u00fdm motorov\u00fdm voz\u0148om M131.1443 \u2013 Hurv\u00ednek. T\u00ed, ktor\u00ed si bud\u00fa chcie\u0165 pozrie\u0165 pripravovan\u00e9 m\u00fazeum dopravy, vyst\u00fapia na zast\u00e1vke Rajeck\u00e9 Teplice. Vstupy do m\u00fazea bud\u00fa po pr\u00edchode ka\u017ed\u00e9ho vlaku smeruj\u00faceho do Rajeck\u00fdch Tepl\u00edc. Presn\u00e9 \u010dasy odchodov historick\u00e9ho vlaku si n\u00e1v\u0161tevn\u00edci m\u00f4\u017eu pozrie\u0165 na plag\u00e1te v\u013eavo\u00a0a\u00a0na ka\u017edej zast\u00e1vke na trati \u017dilina \u2013 Rajec,\u201c <\/em>informoval Peter \u0160imko, historik Pova\u017esk\u00e9ho m\u00fazea v\u00a0\u017diline. <!--more-->N\u00e1v\u0161tevn\u00edci nov\u00e9ho m\u00fazea dopravy v\u00a0Rajeck\u00fdch Tepliciach bud\u00fa ma\u0165 mo\u017enos\u0165 vidie\u0165 uk\u00e1\u017eku \u017eelezni\u010dnej historickej stanice, prierez dejinami dopravy na Slovensku v\u00a0obrazoch, uk\u00e1\u017eku funk\u010dn\u00e9ho parn\u00e9ho stroja a\u00a0\u017eelezni\u010dn\u00e9 modely.<em> \u201e\u017dilinsk\u00fd regi\u00f3n je od nepam\u00e4ti v\u00fdznamn\u00fdm uzlom dopravy, a\u00a0zasl\u00fa\u017ei si, aby sa v\u00a0\u0148om nach\u00e1dzalo dopravn\u00e9 m\u00fazeum. Ch\u00fdba u\u017e len kr\u00f4\u010dik k\u00a0jeho dokon\u010deniu, a\u00a0preto by sme chceli po\u017eiada\u0165 verejnos\u0165, o\u00a0ak\u00fako\u013evek \u00a0materi\u00e1lnu a\u00a0finan\u010dn\u00fa pomoc, ktor\u00fa s\u00a0v\u010fakou priv\u00edtame,\u201c <\/em>doplnil Peter \u0160imko.<\/p>\n<p>Organiz\u00e1torom 4. ro\u010dn\u00edka spanilej jazdy region\u00e1lneho motorov\u00e9ho vl\u00e1\u010dika pod n\u00e1zvom <strong>Rajeck\u00e1 An\u010da<\/strong>, ktor\u00fd sa uskuto\u010dn\u00ed v\u00a0d\u0148och <strong>19. a\u00a020. okt\u00f3bra 2013 <\/strong>je Pova\u017esk\u00e9 m\u00fazeum v\u00a0\u017diline v\u00a0zria\u010fovate\u013eskej p\u00f4sobnosti \u017dilinsk\u00e9ho samospr\u00e1vneho kraja a\u00a0OZ Spolo\u010dnos\u0165 Pova\u017eskej dr\u00e1hy \u017dilina. Za podporu podujatia \u010fakujeme \u017delezniciam Slovenskej republiky. Zriadenie m\u00fazea dopravy podporilo dot\u00e1ciou MK SR.<\/p>\n","protected":false},"excerpt":{"rendered":"<p>Pova\u017esk\u00e9 m\u00fazeum v\u00a0\u017diline sa roz\u0161iruje o\u00a0\u010fal\u0161iu, v\u00a0porad\u00ed 6. expoz\u00edciu, ktor\u00e1 je zameran\u00e1 na dejiny dopravy. Historick\u00fd vl\u00e1\u010dik bude ma\u0165 tento rok nezvy\u010dajn\u00fa a\u00a0v\u00fdnimo\u010dn\u00fa \u00falohu: privezie prv\u00fdch cestuj\u00facich do pripravovan\u00e9ho m\u00fazea v\u00a0Rajeck\u00fdch Tepliciach. \u201eTak\u00fdmto sp\u00f4sobom osl\u00e1vime \u010fal\u0161ie v\u00fdro\u010die podujatia Rajeck\u00e1 An\u010da 2013 s\u00a0tradi\u010dn\u00fdm motorov\u00fdm voz\u0148om M131.1443 \u2013 Hurv\u00ednek. T\u00ed, ktor\u00ed si bud\u00fa chcie\u0165 pozrie\u0165 pripravovan\u00e9 m\u00fazeum [&hellip;]<\/p>\n","protected":false},"author":2,"featured_media":0,"comment_status":"closed","ping_status":"closed","sticky":false,"template":"","format":"standard","meta":{"site-sidebar-layout":"default","site-content-layout":"","ast-site-content-layout":"","site-content-style":"default","site-sidebar-style":"default","ast-global-header-display":"","ast-banner-title-visibility":"","ast-main-header-display":"","ast-hfb-above-header-display":"","ast-hfb-below-header-display":"","ast-hfb-mobile-header-display":"","site-post-title":"","ast-breadcrumbs-content":"","ast-featured-img":"","footer-sml-layout":"","theme-transparent-header-meta":"","adv-header-id-meta":"","stick-header-meta":"","header-above-stick-meta":"","header-main-stick-meta":"","header-below-stick-meta":"","astra-migrate-meta-layouts":"default","ast-page-background-enabled":"default","ast-page-background-meta":{"desktop":{"background-color":"var(--ast-global-color-4)","background-image":"","background-repeat":"repeat","background-position":"center center","background-size":"auto","background-attachment":"scroll","background-type":"","background-media":"","overlay-type":"","overlay-color":"","overlay-opacity":"","overlay-gradient":""},"tablet":{"background-color":"","background-image":"","background-repeat":"repeat","background-position":"center center","background-size":"auto","background-attachment":"scroll","background-type":"","background-media":"","overlay-type":"","overlay-color":"","overlay-opacity":"","overlay-gradient":""},"mobile":{"background-color":"","background-image":"","background-repeat":"repeat","background-position":"center center","background-size":"auto","background-attachment":"scroll","background-type":"","background-media":"","overlay-type":"","overlay-color":"","overlay-opacity":"","overlay-gradient":""}},"ast-content-background-meta":{"desktop":{"background-color":"var(--ast-global-color-5)","background-image":"","background-repeat":"repeat","background-position":"center center","background-size":"auto","background-attachment":"scroll","background-type":"","background-media":"","overlay-type":"","overlay-color":"","overlay-opacity":"","overlay-gradient":""},"tablet":{"background-color":"var(--ast-global-color-5)","background-image":"","background-repeat":"repeat","background-position":"center center","background-size":"auto","background-attachment":"scroll","background-type":"","background-media":"","overlay-type":"","overlay-color":"","overlay-opacity":"","overlay-gradient":""},"mobile":{"background-color":"var(--ast-global-color-5)","background-image":"","background-repeat":"repeat","background-position":"center center","background-size":"auto","background-attachment":"scroll","background-type":"","background-media":"","overlay-type":"","overlay-color":"","overlay-opacity":"","overlay-gradient":""}},"footnotes":""},"categories":[33],"tags":[],"class_list":["post-8185","post","type-post","status-publish","format-standard","hentry","category-archiv-2013"],"yoast_head":"<!-- This site is optimized with the Yoast SEO plugin v27.4 - https:\/\/yoast.com\/product\/yoast-seo-wordpress\/ -->\n<title>Nostalgick\u00e1 jazda Rajeckou An\u010dou a nov\u00e9 m\u00fazeum dopravy - Pova\u017esk\u00e9 m\u00fazeum<\/title>\n<meta name=\"robots\" content=\"index, follow, max-snippet:-1, max-image-preview:large, max-video-preview:-1\" \/>\n<link rel=\"canonical\" href=\"https:\/\/pmza.sk\/?p=8185\" \/>\n<meta property=\"og:locale\" content=\"sk_SK\" \/>\n<meta property=\"og:type\" content=\"article\" \/>\n<meta property=\"og:title\" content=\"Nostalgick\u00e1 jazda Rajeckou An\u010dou a nov\u00e9 m\u00fazeum dopravy - Pova\u017esk\u00e9 m\u00fazeum\" \/>\n<meta property=\"og:description\" content=\"Pova\u017esk\u00e9 m\u00fazeum v\u00a0\u017diline sa roz\u0161iruje o\u00a0\u010fal\u0161iu, v\u00a0porad\u00ed 6. expoz\u00edciu, ktor\u00e1 je zameran\u00e1 na dejiny dopravy. Historick\u00fd vl\u00e1\u010dik bude ma\u0165 tento rok nezvy\u010dajn\u00fa a\u00a0v\u00fdnimo\u010dn\u00fa \u00falohu: privezie prv\u00fdch cestuj\u00facich do pripravovan\u00e9ho m\u00fazea v\u00a0Rajeck\u00fdch Tepliciach. \u201eTak\u00fdmto sp\u00f4sobom osl\u00e1vime \u010fal\u0161ie v\u00fdro\u010die podujatia Rajeck\u00e1 An\u010da 2013 s\u00a0tradi\u010dn\u00fdm motorov\u00fdm voz\u0148om M131.1443 \u2013 Hurv\u00ednek. T\u00ed, ktor\u00ed si bud\u00fa chcie\u0165 pozrie\u0165 pripravovan\u00e9 m\u00fazeum [&hellip;]\" \/>\n<meta property=\"og:url\" content=\"https:\/\/pmza.sk\/?p=8185\" \/>\n<meta property=\"og:site_name\" content=\"Pova\u017esk\u00e9 m\u00fazeum\" \/>\n<meta property=\"article:publisher\" content=\"https:\/\/www.facebook.com\/povazskemuzeum\" \/>\n<meta property=\"article:published_time\" content=\"2013-10-10T11:16:12+00:00\" \/>\n<meta property=\"og:image\" content=\"https:\/\/pmza.sk.sk\/wp-content\/uploads\/2013\/10\/A4_plagat-209x300.jpg\" \/>\n<meta name=\"author\" content=\"Pova\u017esk\u00e9 m\u00fazeum\" \/>\n<meta name=\"twitter:card\" content=\"summary_large_image\" \/>\n<meta name=\"twitter:label1\" content=\"Autor\" \/>\n\t<meta name=\"twitter:data1\" content=\"Pova\u017esk\u00e9 m\u00fazeum\" \/>\n\t<meta name=\"twitter:label2\" content=\"Predpokladan\u00fd \u010das \u010d\u00edtania\" \/>\n\t<meta name=\"twitter:data2\" content=\"2 min\u00faty\" \/>\n<script type=\"application\/ld+json\" class=\"yoast-schema-graph\">{\"@context\":\"https:\\\/\\\/schema.org\",\"@graph\":[{\"@type\":\"Article\",\"@id\":\"https:\\\/\\\/pmza.sk\\\/?p=8185#article\",\"isPartOf\":{\"@id\":\"https:\\\/\\\/pmza.sk\\\/?p=8185\"},\"author\":{\"name\":\"Pova\u017esk\u00e9 m\u00fazeum\",\"@id\":\"https:\\\/\\\/pmza.sk\\\/#\\\/schema\\\/person\\\/595e6a2ce731ea94dcd5d7f50a41ae33\"},\"headline\":\"Nostalgick\u00e1 jazda Rajeckou An\u010dou a nov\u00e9 m\u00fazeum dopravy\",\"datePublished\":\"2013-10-10T11:16:12+00:00\",\"mainEntityOfPage\":{\"@id\":\"https:\\\/\\\/pmza.sk\\\/?p=8185\"},\"wordCount\":339,\"publisher\":{\"@id\":\"https:\\\/\\\/pmza.sk\\\/#organization\"},\"image\":{\"@id\":\"https:\\\/\\\/pmza.sk\\\/?p=8185#primaryimage\"},\"thumbnailUrl\":\"http:\\\/\\\/pmza.sk.sk\\\/wp-content\\\/uploads\\\/2013\\\/10\\\/A4_plagat-209x300.jpg\",\"articleSection\":[\"Arch\u00edv 2013\"],\"inLanguage\":\"sk-SK\"},{\"@type\":\"WebPage\",\"@id\":\"https:\\\/\\\/pmza.sk\\\/?p=8185\",\"url\":\"https:\\\/\\\/pmza.sk\\\/?p=8185\",\"name\":\"Nostalgick\u00e1 jazda Rajeckou An\u010dou a nov\u00e9 m\u00fazeum dopravy - Pova\u017esk\u00e9 m\u00fazeum\",\"isPartOf\":{\"@id\":\"https:\\\/\\\/pmza.sk\\\/#website\"},\"primaryImageOfPage\":{\"@id\":\"https:\\\/\\\/pmza.sk\\\/?p=8185#primaryimage\"},\"image\":{\"@id\":\"https:\\\/\\\/pmza.sk\\\/?p=8185#primaryimage\"},\"thumbnailUrl\":\"http:\\\/\\\/pmza.sk.sk\\\/wp-content\\\/uploads\\\/2013\\\/10\\\/A4_plagat-209x300.jpg\",\"datePublished\":\"2013-10-10T11:16:12+00:00\",\"breadcrumb\":{\"@id\":\"https:\\\/\\\/pmza.sk\\\/?p=8185#breadcrumb\"},\"inLanguage\":\"sk-SK\",\"potentialAction\":[{\"@type\":\"ReadAction\",\"target\":[\"https:\\\/\\\/pmza.sk\\\/?p=8185\"]}]},{\"@type\":\"ImageObject\",\"inLanguage\":\"sk-SK\",\"@id\":\"https:\\\/\\\/pmza.sk\\\/?p=8185#primaryimage\",\"url\":\"http:\\\/\\\/pmza.sk.sk\\\/wp-content\\\/uploads\\\/2013\\\/10\\\/A4_plagat-209x300.jpg\",\"contentUrl\":\"http:\\\/\\\/pmza.sk.sk\\\/wp-content\\\/uploads\\\/2013\\\/10\\\/A4_plagat-209x300.jpg\"},{\"@type\":\"BreadcrumbList\",\"@id\":\"https:\\\/\\\/pmza.sk\\\/?p=8185#breadcrumb\",\"itemListElement\":[{\"@type\":\"ListItem\",\"position\":1,\"name\":\"Domovsk\u00e1 str\u00e1nka\",\"item\":\"https:\\\/\\\/pmza.sk\\\/\"},{\"@type\":\"ListItem\",\"position\":2,\"name\":\"Nostalgick\u00e1 jazda Rajeckou An\u010dou a nov\u00e9 m\u00fazeum dopravy\"}]},{\"@type\":\"WebSite\",\"@id\":\"https:\\\/\\\/pmza.sk\\\/#website\",\"url\":\"https:\\\/\\\/pmza.sk\\\/\",\"name\":\"Pova\u017esk\u00e9 m\u00fazeum\",\"description\":\"Pova\u017esk\u00e9 m\u00fazeum v \u017diline je region\u00e1lne m\u00fazeum so s\u00eddlom v Budat\u00edne. Jeho expoz\u00edcie s\u00fa zameran\u00e9 na dejiny slovensk\u00e9ho umenia, kult\u00fary a dopravy.\",\"publisher\":{\"@id\":\"https:\\\/\\\/pmza.sk\\\/#organization\"},\"potentialAction\":[{\"@type\":\"SearchAction\",\"target\":{\"@type\":\"EntryPoint\",\"urlTemplate\":\"https:\\\/\\\/pmza.sk\\\/?s={search_term_string}\"},\"query-input\":{\"@type\":\"PropertyValueSpecification\",\"valueRequired\":true,\"valueName\":\"search_term_string\"}}],\"inLanguage\":\"sk-SK\"},{\"@type\":\"Organization\",\"@id\":\"https:\\\/\\\/pmza.sk\\\/#organization\",\"name\":\"Pova\u017esk\u00e9 m\u00fazeum\",\"url\":\"https:\\\/\\\/pmza.sk\\\/\",\"logo\":{\"@type\":\"ImageObject\",\"inLanguage\":\"sk-SK\",\"@id\":\"https:\\\/\\\/pmza.sk\\\/#\\\/schema\\\/logo\\\/image\\\/\",\"url\":\"https:\\\/\\\/pmza.sk\\\/wp-content\\\/uploads\\\/2022\\\/01\\\/logo_PM_horizontal.jpg\",\"contentUrl\":\"https:\\\/\\\/pmza.sk\\\/wp-content\\\/uploads\\\/2022\\\/01\\\/logo_PM_horizontal.jpg\",\"width\":231,\"height\":142,\"caption\":\"Pova\u017esk\u00e9 m\u00fazeum\"},\"image\":{\"@id\":\"https:\\\/\\\/pmza.sk\\\/#\\\/schema\\\/logo\\\/image\\\/\"},\"sameAs\":[\"https:\\\/\\\/www.facebook.com\\\/povazskemuzeum\",\"https:\\\/\\\/www.instagram.com\\\/povazskemuzeum\\\/\"]},{\"@type\":\"Person\",\"@id\":\"https:\\\/\\\/pmza.sk\\\/#\\\/schema\\\/person\\\/595e6a2ce731ea94dcd5d7f50a41ae33\",\"name\":\"Pova\u017esk\u00e9 m\u00fazeum\",\"image\":{\"@type\":\"ImageObject\",\"inLanguage\":\"sk-SK\",\"@id\":\"https:\\\/\\\/secure.gravatar.com\\\/avatar\\\/2bb7f1561282132fb5826dfeccc66c7996d11ee392ac6aaf7ced8a1c2027fbb2?s=96&d=mm&r=g\",\"url\":\"https:\\\/\\\/secure.gravatar.com\\\/avatar\\\/2bb7f1561282132fb5826dfeccc66c7996d11ee392ac6aaf7ced8a1c2027fbb2?s=96&d=mm&r=g\",\"contentUrl\":\"https:\\\/\\\/secure.gravatar.com\\\/avatar\\\/2bb7f1561282132fb5826dfeccc66c7996d11ee392ac6aaf7ced8a1c2027fbb2?s=96&d=mm&r=g\",\"caption\":\"Pova\u017esk\u00e9 m\u00fazeum\"}}]}<\/script>\n<!-- \/ Yoast SEO plugin. -->","yoast_head_json":{"title":"Nostalgick\u00e1 jazda Rajeckou An\u010dou a nov\u00e9 m\u00fazeum dopravy - Pova\u017esk\u00e9 m\u00fazeum","robots":{"index":"index","follow":"follow","max-snippet":"max-snippet:-1","max-image-preview":"max-image-preview:large","max-video-preview":"max-video-preview:-1"},"canonical":"https:\/\/pmza.sk\/?p=8185","og_locale":"sk_SK","og_type":"article","og_title":"Nostalgick\u00e1 jazda Rajeckou An\u010dou a nov\u00e9 m\u00fazeum dopravy - Pova\u017esk\u00e9 m\u00fazeum","og_description":"Pova\u017esk\u00e9 m\u00fazeum v\u00a0\u017diline sa roz\u0161iruje o\u00a0\u010fal\u0161iu, v\u00a0porad\u00ed 6. expoz\u00edciu, ktor\u00e1 je zameran\u00e1 na dejiny dopravy. Historick\u00fd vl\u00e1\u010dik bude ma\u0165 tento rok nezvy\u010dajn\u00fa a\u00a0v\u00fdnimo\u010dn\u00fa \u00falohu: privezie prv\u00fdch cestuj\u00facich do pripravovan\u00e9ho m\u00fazea v\u00a0Rajeck\u00fdch Tepliciach. \u201eTak\u00fdmto sp\u00f4sobom osl\u00e1vime \u010fal\u0161ie v\u00fdro\u010die podujatia Rajeck\u00e1 An\u010da 2013 s\u00a0tradi\u010dn\u00fdm motorov\u00fdm voz\u0148om M131.1443 \u2013 Hurv\u00ednek. T\u00ed, ktor\u00ed si bud\u00fa chcie\u0165 pozrie\u0165 pripravovan\u00e9 m\u00fazeum [&hellip;]","og_url":"https:\/\/pmza.sk\/?p=8185","og_site_name":"Pova\u017esk\u00e9 m\u00fazeum","article_publisher":"https:\/\/www.facebook.com\/povazskemuzeum","article_published_time":"2013-10-10T11:16:12+00:00","og_image":[{"url":"https:\/\/pmza.sk.sk\/wp-content\/uploads\/2013\/10\/A4_plagat-209x300.jpg","type":"","width":"","height":""}],"author":"Pova\u017esk\u00e9 m\u00fazeum","twitter_card":"summary_large_image","twitter_misc":{"Autor":"Pova\u017esk\u00e9 m\u00fazeum","Predpokladan\u00fd \u010das \u010d\u00edtania":"2 min\u00faty"},"schema":{"@context":"https:\/\/schema.org","@graph":[{"@type":"Article","@id":"https:\/\/pmza.sk\/?p=8185#article","isPartOf":{"@id":"https:\/\/pmza.sk\/?p=8185"},"author":{"name":"Pova\u017esk\u00e9 m\u00fazeum","@id":"https:\/\/pmza.sk\/#\/schema\/person\/595e6a2ce731ea94dcd5d7f50a41ae33"},"headline":"Nostalgick\u00e1 jazda Rajeckou An\u010dou a nov\u00e9 m\u00fazeum dopravy","datePublished":"2013-10-10T11:16:12+00:00","mainEntityOfPage":{"@id":"https:\/\/pmza.sk\/?p=8185"},"wordCount":339,"publisher":{"@id":"https:\/\/pmza.sk\/#organization"},"image":{"@id":"https:\/\/pmza.sk\/?p=8185#primaryimage"},"thumbnailUrl":"https:\/\/pmza.sk.sk\/wp-content\/uploads\/2013\/10\/A4_plagat-209x300.jpg","articleSection":["Arch\u00edv 2013"],"inLanguage":"sk-SK"},{"@type":"WebPage","@id":"https:\/\/pmza.sk\/?p=8185","url":"https:\/\/pmza.sk\/?p=8185","name":"Nostalgick\u00e1 jazda Rajeckou An\u010dou a nov\u00e9 m\u00fazeum dopravy - Pova\u017esk\u00e9 m\u00fazeum","isPartOf":{"@id":"https:\/\/pmza.sk\/#website"},"primaryImageOfPage":{"@id":"https:\/\/pmza.sk\/?p=8185#primaryimage"},"image":{"@id":"https:\/\/pmza.sk\/?p=8185#primaryimage"},"thumbnailUrl":"https:\/\/pmza.sk.sk\/wp-content\/uploads\/2013\/10\/A4_plagat-209x300.jpg","datePublished":"2013-10-10T11:16:12+00:00","breadcrumb":{"@id":"https:\/\/pmza.sk\/?p=8185#breadcrumb"},"inLanguage":"sk-SK","potentialAction":[{"@type":"ReadAction","target":["https:\/\/pmza.sk\/?p=8185"]}]},{"@type":"ImageObject","inLanguage":"sk-SK","@id":"https:\/\/pmza.sk\/?p=8185#primaryimage","url":"https:\/\/pmza.sk.sk\/wp-content\/uploads\/2013\/10\/A4_plagat-209x300.jpg","contentUrl":"https:\/\/pmza.sk.sk\/wp-content\/uploads\/2013\/10\/A4_plagat-209x300.jpg"},{"@type":"BreadcrumbList","@id":"https:\/\/pmza.sk\/?p=8185#breadcrumb","itemListElement":[{"@type":"ListItem","position":1,"name":"Domovsk\u00e1 str\u00e1nka","item":"https:\/\/pmza.sk\/"},{"@type":"ListItem","position":2,"name":"Nostalgick\u00e1 jazda Rajeckou An\u010dou a nov\u00e9 m\u00fazeum dopravy"}]},{"@type":"WebSite","@id":"https:\/\/pmza.sk\/#website","url":"https:\/\/pmza.sk\/","name":"Pova\u017esk\u00e9 m\u00fazeum","description":"Pova\u017esk\u00e9 m\u00fazeum v \u017diline je region\u00e1lne m\u00fazeum so s\u00eddlom v Budat\u00edne. Jeho expoz\u00edcie s\u00fa zameran\u00e9 na dejiny slovensk\u00e9ho umenia, kult\u00fary a dopravy.","publisher":{"@id":"https:\/\/pmza.sk\/#organization"},"potentialAction":[{"@type":"SearchAction","target":{"@type":"EntryPoint","urlTemplate":"https:\/\/pmza.sk\/?s={search_term_string}"},"query-input":{"@type":"PropertyValueSpecification","valueRequired":true,"valueName":"search_term_string"}}],"inLanguage":"sk-SK"},{"@type":"Organization","@id":"https:\/\/pmza.sk\/#organization","name":"Pova\u017esk\u00e9 m\u00fazeum","url":"https:\/\/pmza.sk\/","logo":{"@type":"ImageObject","inLanguage":"sk-SK","@id":"https:\/\/pmza.sk\/#\/schema\/logo\/image\/","url":"https:\/\/pmza.sk\/wp-content\/uploads\/2022\/01\/logo_PM_horizontal.jpg","contentUrl":"https:\/\/pmza.sk\/wp-content\/uploads\/2022\/01\/logo_PM_horizontal.jpg","width":231,"height":142,"caption":"Pova\u017esk\u00e9 m\u00fazeum"},"image":{"@id":"https:\/\/pmza.sk\/#\/schema\/logo\/image\/"},"sameAs":["https:\/\/www.facebook.com\/povazskemuzeum","https:\/\/www.instagram.com\/povazskemuzeum\/"]},{"@type":"Person","@id":"https:\/\/pmza.sk\/#\/schema\/person\/595e6a2ce731ea94dcd5d7f50a41ae33","name":"Pova\u017esk\u00e9 m\u00fazeum","image":{"@type":"ImageObject","inLanguage":"sk-SK","@id":"https:\/\/secure.gravatar.com\/avatar\/2bb7f1561282132fb5826dfeccc66c7996d11ee392ac6aaf7ced8a1c2027fbb2?s=96&d=mm&r=g","url":"https:\/\/secure.gravatar.com\/avatar\/2bb7f1561282132fb5826dfeccc66c7996d11ee392ac6aaf7ced8a1c2027fbb2?s=96&d=mm&r=g","contentUrl":"https:\/\/secure.gravatar.com\/avatar\/2bb7f1561282132fb5826dfeccc66c7996d11ee392ac6aaf7ced8a1c2027fbb2?s=96&d=mm&r=g","caption":"Pova\u017esk\u00e9 m\u00fazeum"}}]}},"_links":{"self":[{"href":"https:\/\/pmza.sk\/index.php?rest_route=\/wp\/v2\/posts\/8185","targetHints":{"allow":["GET"]}}],"collection":[{"href":"https:\/\/pmza.sk\/index.php?rest_route=\/wp\/v2\/posts"}],"about":[{"href":"https:\/\/pmza.sk\/index.php?rest_route=\/wp\/v2\/types\/post"}],"author":[{"embeddable":true,"href":"https:\/\/pmza.sk\/index.php?rest_route=\/wp\/v2\/users\/2"}],"replies":[{"embeddable":true,"href":"https:\/\/pmza.sk\/index.php?rest_route=%2Fwp%2Fv2%2Fcomments&post=8185"}],"version-history":[{"count":0,"href":"https:\/\/pmza.sk\/index.php?rest_route=\/wp\/v2\/posts\/8185\/revisions"}],"wp:attachment":[{"href":"https:\/\/pmza.sk\/index.php?rest_route=%2Fwp%2Fv2%2Fmedia&parent=8185"}],"wp:term":[{"taxonomy":"category","embeddable":true,"href":"https:\/\/pmza.sk\/index.php?rest_route=%2Fwp%2Fv2%2Fcategories&post=8185"},{"taxonomy":"post_tag","embeddable":true,"href":"https:\/\/pmza.sk\/index.php?rest_route=%2Fwp%2Fv2%2Ftags&post=8185"}],"curies":[{"name":"wp","href":"https:\/\/api.w.org\/{rel}","templated":true}]}}