{"id":8203,"date":"2013-10-16T16:24:26","date_gmt":"2013-10-16T14:24:26","guid":{"rendered":"https:\/\/pmza.sk.sk\/?p=8203"},"modified":"2013-10-16T16:24:26","modified_gmt":"2013-10-16T14:24:26","slug":"budatinsky-rinok-2013","status":"publish","type":"post","link":"https:\/\/pmza.sk\/?p=8203","title":{"rendered":"Budat\u00ednsky r\u00ednok 2013"},"content":{"rendered":"<p><a href=\"https:\/\/pmza.sk\/wp-content\/uploads\/2013\/10\/rinok_20131.jpg\"><img fetchpriority=\"high\" decoding=\"async\" class=\"alignleft size-medium wp-image-8216\" style=\"border: 2px solid black; margin: 4px;\" title=\"rinok_2013\" src=\"https:\/\/pmza.sk.sk\/wp-content\/uploads\/2013\/10\/rinok_20131-208x300.jpg\" alt=\"\" width=\"208\" height=\"300\" \/><\/a>Posledn\u00e1 okt\u00f3brov\u00e1 sobota sa bude nies\u0165 v duchu tradi\u010dn\u00e9ho z\u00e1vere\u010dn\u00e9ho sez\u00f3nneho podujatia s\u00a0n\u00e1zvom <strong>Budat\u00ednsky r\u00ednok<\/strong>, ktor\u00e9 sa uskuto\u010dn\u00ed <strong>26. okt\u00f3bra 2013 od 12.00 hod. do 19.00 hod. v\u00a0Budat\u00ednskom parku. <\/strong><em>\u201eProgram tretieho ro\u010dn\u00edka bude aj tento rok hudobne zauj\u00edmav\u00fd a\u00a0\u017e\u00e1nrovo bohat\u00fd. Rozhodli sme sa podpori\u0165 nov\u00e9 talenty a\u00a0da\u0165 priestor mlad\u00fdm, nadan\u00fdm hudobn\u00edkom,\u201c <\/em>informoval Ladislav Cimer\u00e1k, riadite\u013e Pova\u017esk\u00e9ho m\u00fazea v\u00a0\u017diline. Program tohto ro\u010dn\u00edka otvor\u00ed koncert netradi\u010dn\u00e9ho hudobn\u00e9ho telesa \u2013 mandol\u00ednov\u00fd s\u00fabor \u017diarinka z\u00a0Neslu\u0161e. Reperto\u00e1r zn\u00e1mej dychovej hudby Fatranka bude pripraven\u00fd od 13.00 hod. a poobedie bude na hlavnom p\u00f3diu patri\u0165 mladej n\u00e1dejnej skupine Curiozity, ktor\u00fa vystrieda rockovo-bigb\u00edtov\u00e1 kapela Whisky Weekend. <!--more-->Ani tento rok nebud\u00fa ch\u00fdba\u0165 orient\u00e1lne tance v\u00a0podan\u00ed Orient Ubaab a\u00a0Anthea a\u00a0n\u00e1v\u0161tevn\u00edci sa tie\u017e m\u00f4\u017eu te\u0161i\u0165 na ob\u013e\u00faben\u00fa skupinu DeART \u2013 N\u00e1hodn\u00ed pocestn\u00ed. \u017dilinsk\u00e1 skupina nad\u0161encov s\u00a0n\u00e1zvom Blue Time svojimi pies\u0148ami vygraduje z\u00e1bavu o\u00a017.00 hod. Ako z\u00e1vere\u010dn\u00fd bod programu je pripraven\u00e1 prv\u00e1 uk\u00e1\u017eka inscenovan\u00e9ho vojensk\u00e9ho prepaduna Slovensku za tmy \u00a0v podan\u00ed Klubu vojenskej hist\u00f3rie Slovensko. V\u00a0spolupr\u00e1ci so\u00a0zdru\u017een\u00edm Cech Terra de Selinan a 5. plukom \u0161peci\u00e1lneho ur\u010denia bud\u00fa m\u00f4c\u0165 n\u00e1v\u0161tevn\u00edci podujatia vidie\u0165 nielen rozlo\u017eenie dobov\u00e9ho t\u00e1bora a\u00a0stredovek\u00e9ho \u0161ermu, ale najm\u00e4 uk\u00e1\u017eky vojenskej techniky aj zo zbierok Pova\u017esk\u00e9ho m\u00fazea v\u00a0\u017diline.<em> \u201eN\u00e1v\u0161tevn\u00edkov Budat\u00ednskeho r\u00ednku \u010dak\u00e1 aj atrakt\u00edvny sprievodn\u00fd program: uk\u00e1\u017eky remeseln\u00edckej v\u00fdroby, dom\u00e1ce ru\u010dne tkan\u00e9 koberce, drot\u00e1rske v\u00fdrobky a\u00a0\u0161perky, dreven\u00e9 hra\u010dky, ma\u013eovan\u00fd hodv\u00e1b, jazda na pon\u00edkoch pre deti, ale tie\u017e\u00a0mnoho gastronomick\u00fdch \u0161pecial\u00edt, ako napr\u00edklad dom\u00e1ce zab\u00edja\u010dkov\u00e9 poch\u00fa\u0165ky, pe\u010den\u00e9 ga\u0161tany, medovn\u00edky, gu\u013e\u00e1\u0161, pe\u010den\u00e9 rebierka a\u00a0ve\u013ea in\u00fdch dobr\u00f4t,\u201c <\/em>dodal na z\u00e1ver Ladislav Cimer\u00e1k.<\/p>\n<p>Organiz\u00e1torom podujatia <strong>Budat\u00ednsky r\u00ednok<\/strong>, ktor\u00e9 sa uskuto\u010dn\u00ed <strong>v\u00a0sobotu 26. okt\u00f3bra 2013 od 12.00 hod. v\u00a0are\u00e1li Budat\u00ednskeho hradu <\/strong>je Pova\u017esk\u00e9 m\u00fazeum v\u00a0\u017diline v\u00a0zria\u010fovate\u013eskej p\u00f4sobnosti \u017dilinsk\u00e9ho samospr\u00e1vneho kraja.<\/p>\n","protected":false},"excerpt":{"rendered":"<p>Posledn\u00e1 okt\u00f3brov\u00e1 sobota sa bude nies\u0165 v duchu tradi\u010dn\u00e9ho z\u00e1vere\u010dn\u00e9ho sez\u00f3nneho podujatia s\u00a0n\u00e1zvom Budat\u00ednsky r\u00ednok, ktor\u00e9 sa uskuto\u010dn\u00ed 26. okt\u00f3bra 2013 od 12.00 hod. do 19.00 hod. v\u00a0Budat\u00ednskom parku. \u201eProgram tretieho ro\u010dn\u00edka bude aj tento rok hudobne zauj\u00edmav\u00fd a\u00a0\u017e\u00e1nrovo bohat\u00fd. Rozhodli sme sa podpori\u0165 nov\u00e9 talenty a\u00a0da\u0165 priestor mlad\u00fdm, nadan\u00fdm hudobn\u00edkom,\u201c informoval Ladislav Cimer\u00e1k, riadite\u013e [&hellip;]<\/p>\n","protected":false},"author":2,"featured_media":0,"comment_status":"closed","ping_status":"closed","sticky":false,"template":"","format":"standard","meta":{"site-sidebar-layout":"default","site-content-layout":"","ast-site-content-layout":"","site-content-style":"default","site-sidebar-style":"default","ast-global-header-display":"","ast-banner-title-visibility":"","ast-main-header-display":"","ast-hfb-above-header-display":"","ast-hfb-below-header-display":"","ast-hfb-mobile-header-display":"","site-post-title":"","ast-breadcrumbs-content":"","ast-featured-img":"","footer-sml-layout":"","theme-transparent-header-meta":"","adv-header-id-meta":"","stick-header-meta":"","header-above-stick-meta":"","header-main-stick-meta":"","header-below-stick-meta":"","astra-migrate-meta-layouts":"default","ast-page-background-enabled":"default","ast-page-background-meta":{"desktop":{"background-color":"var(--ast-global-color-4)","background-image":"","background-repeat":"repeat","background-position":"center center","background-size":"auto","background-attachment":"scroll","background-type":"","background-media":"","overlay-type":"","overlay-color":"","overlay-opacity":"","overlay-gradient":""},"tablet":{"background-color":"","background-image":"","background-repeat":"repeat","background-position":"center center","background-size":"auto","background-attachment":"scroll","background-type":"","background-media":"","overlay-type":"","overlay-color":"","overlay-opacity":"","overlay-gradient":""},"mobile":{"background-color":"","background-image":"","background-repeat":"repeat","background-position":"center center","background-size":"auto","background-attachment":"scroll","background-type":"","background-media":"","overlay-type":"","overlay-color":"","overlay-opacity":"","overlay-gradient":""}},"ast-content-background-meta":{"desktop":{"background-color":"var(--ast-global-color-5)","background-image":"","background-repeat":"repeat","background-position":"center center","background-size":"auto","background-attachment":"scroll","background-type":"","background-media":"","overlay-type":"","overlay-color":"","overlay-opacity":"","overlay-gradient":""},"tablet":{"background-color":"var(--ast-global-color-5)","background-image":"","background-repeat":"repeat","background-position":"center center","background-size":"auto","background-attachment":"scroll","background-type":"","background-media":"","overlay-type":"","overlay-color":"","overlay-opacity":"","overlay-gradient":""},"mobile":{"background-color":"var(--ast-global-color-5)","background-image":"","background-repeat":"repeat","background-position":"center center","background-size":"auto","background-attachment":"scroll","background-type":"","background-media":"","overlay-type":"","overlay-color":"","overlay-opacity":"","overlay-gradient":""}},"footnotes":""},"categories":[33],"tags":[],"class_list":["post-8203","post","type-post","status-publish","format-standard","hentry","category-archiv-2013"],"yoast_head":"<!-- This site is optimized with the Yoast SEO plugin v27.4 - https:\/\/yoast.com\/product\/yoast-seo-wordpress\/ -->\n<title>Budat\u00ednsky r\u00ednok 2013 - Pova\u017esk\u00e9 m\u00fazeum<\/title>\n<meta name=\"robots\" content=\"index, follow, max-snippet:-1, max-image-preview:large, max-video-preview:-1\" \/>\n<link rel=\"canonical\" href=\"https:\/\/pmza.sk\/?p=8203\" \/>\n<meta property=\"og:locale\" content=\"sk_SK\" \/>\n<meta property=\"og:type\" content=\"article\" \/>\n<meta property=\"og:title\" content=\"Budat\u00ednsky r\u00ednok 2013 - Pova\u017esk\u00e9 m\u00fazeum\" \/>\n<meta property=\"og:description\" content=\"Posledn\u00e1 okt\u00f3brov\u00e1 sobota sa bude nies\u0165 v duchu tradi\u010dn\u00e9ho z\u00e1vere\u010dn\u00e9ho sez\u00f3nneho podujatia s\u00a0n\u00e1zvom Budat\u00ednsky r\u00ednok, ktor\u00e9 sa uskuto\u010dn\u00ed 26. okt\u00f3bra 2013 od 12.00 hod. do 19.00 hod. v\u00a0Budat\u00ednskom parku. \u201eProgram tretieho ro\u010dn\u00edka bude aj tento rok hudobne zauj\u00edmav\u00fd a\u00a0\u017e\u00e1nrovo bohat\u00fd. Rozhodli sme sa podpori\u0165 nov\u00e9 talenty a\u00a0da\u0165 priestor mlad\u00fdm, nadan\u00fdm hudobn\u00edkom,\u201c informoval Ladislav Cimer\u00e1k, riadite\u013e [&hellip;]\" \/>\n<meta property=\"og:url\" content=\"https:\/\/pmza.sk\/?p=8203\" \/>\n<meta property=\"og:site_name\" content=\"Pova\u017esk\u00e9 m\u00fazeum\" \/>\n<meta property=\"article:publisher\" content=\"https:\/\/www.facebook.com\/povazskemuzeum\" \/>\n<meta property=\"article:published_time\" content=\"2013-10-16T14:24:26+00:00\" \/>\n<meta property=\"og:image\" content=\"https:\/\/pmza.sk.sk\/wp-content\/uploads\/2013\/10\/rinok_20131-208x300.jpg\" \/>\n<meta name=\"author\" content=\"Pova\u017esk\u00e9 m\u00fazeum\" \/>\n<meta name=\"twitter:card\" content=\"summary_large_image\" \/>\n<meta name=\"twitter:label1\" content=\"Autor\" \/>\n\t<meta name=\"twitter:data1\" content=\"Pova\u017esk\u00e9 m\u00fazeum\" \/>\n\t<meta name=\"twitter:label2\" content=\"Predpokladan\u00fd \u010das \u010d\u00edtania\" \/>\n\t<meta name=\"twitter:data2\" content=\"2 min\u00faty\" \/>\n<script type=\"application\/ld+json\" class=\"yoast-schema-graph\">{\"@context\":\"https:\\\/\\\/schema.org\",\"@graph\":[{\"@type\":\"Article\",\"@id\":\"https:\\\/\\\/pmza.sk\\\/?p=8203#article\",\"isPartOf\":{\"@id\":\"https:\\\/\\\/pmza.sk\\\/?p=8203\"},\"author\":{\"name\":\"Pova\u017esk\u00e9 m\u00fazeum\",\"@id\":\"https:\\\/\\\/pmza.sk\\\/#\\\/schema\\\/person\\\/595e6a2ce731ea94dcd5d7f50a41ae33\"},\"headline\":\"Budat\u00ednsky r\u00ednok 2013\",\"datePublished\":\"2013-10-16T14:24:26+00:00\",\"mainEntityOfPage\":{\"@id\":\"https:\\\/\\\/pmza.sk\\\/?p=8203\"},\"wordCount\":395,\"publisher\":{\"@id\":\"https:\\\/\\\/pmza.sk\\\/#organization\"},\"image\":{\"@id\":\"https:\\\/\\\/pmza.sk\\\/?p=8203#primaryimage\"},\"thumbnailUrl\":\"http:\\\/\\\/pmza.sk.sk\\\/wp-content\\\/uploads\\\/2013\\\/10\\\/rinok_20131-208x300.jpg\",\"articleSection\":[\"Arch\u00edv 2013\"],\"inLanguage\":\"sk-SK\"},{\"@type\":\"WebPage\",\"@id\":\"https:\\\/\\\/pmza.sk\\\/?p=8203\",\"url\":\"https:\\\/\\\/pmza.sk\\\/?p=8203\",\"name\":\"Budat\u00ednsky r\u00ednok 2013 - Pova\u017esk\u00e9 m\u00fazeum\",\"isPartOf\":{\"@id\":\"https:\\\/\\\/pmza.sk\\\/#website\"},\"primaryImageOfPage\":{\"@id\":\"https:\\\/\\\/pmza.sk\\\/?p=8203#primaryimage\"},\"image\":{\"@id\":\"https:\\\/\\\/pmza.sk\\\/?p=8203#primaryimage\"},\"thumbnailUrl\":\"http:\\\/\\\/pmza.sk.sk\\\/wp-content\\\/uploads\\\/2013\\\/10\\\/rinok_20131-208x300.jpg\",\"datePublished\":\"2013-10-16T14:24:26+00:00\",\"breadcrumb\":{\"@id\":\"https:\\\/\\\/pmza.sk\\\/?p=8203#breadcrumb\"},\"inLanguage\":\"sk-SK\",\"potentialAction\":[{\"@type\":\"ReadAction\",\"target\":[\"https:\\\/\\\/pmza.sk\\\/?p=8203\"]}]},{\"@type\":\"ImageObject\",\"inLanguage\":\"sk-SK\",\"@id\":\"https:\\\/\\\/pmza.sk\\\/?p=8203#primaryimage\",\"url\":\"http:\\\/\\\/pmza.sk.sk\\\/wp-content\\\/uploads\\\/2013\\\/10\\\/rinok_20131-208x300.jpg\",\"contentUrl\":\"http:\\\/\\\/pmza.sk.sk\\\/wp-content\\\/uploads\\\/2013\\\/10\\\/rinok_20131-208x300.jpg\"},{\"@type\":\"BreadcrumbList\",\"@id\":\"https:\\\/\\\/pmza.sk\\\/?p=8203#breadcrumb\",\"itemListElement\":[{\"@type\":\"ListItem\",\"position\":1,\"name\":\"Domovsk\u00e1 str\u00e1nka\",\"item\":\"https:\\\/\\\/pmza.sk\\\/\"},{\"@type\":\"ListItem\",\"position\":2,\"name\":\"Budat\u00ednsky r\u00ednok 2013\"}]},{\"@type\":\"WebSite\",\"@id\":\"https:\\\/\\\/pmza.sk\\\/#website\",\"url\":\"https:\\\/\\\/pmza.sk\\\/\",\"name\":\"Pova\u017esk\u00e9 m\u00fazeum\",\"description\":\"Pova\u017esk\u00e9 m\u00fazeum v \u017diline je region\u00e1lne m\u00fazeum so s\u00eddlom v Budat\u00edne. Jeho expoz\u00edcie s\u00fa zameran\u00e9 na dejiny slovensk\u00e9ho umenia, kult\u00fary a dopravy.\",\"publisher\":{\"@id\":\"https:\\\/\\\/pmza.sk\\\/#organization\"},\"potentialAction\":[{\"@type\":\"SearchAction\",\"target\":{\"@type\":\"EntryPoint\",\"urlTemplate\":\"https:\\\/\\\/pmza.sk\\\/?s={search_term_string}\"},\"query-input\":{\"@type\":\"PropertyValueSpecification\",\"valueRequired\":true,\"valueName\":\"search_term_string\"}}],\"inLanguage\":\"sk-SK\"},{\"@type\":\"Organization\",\"@id\":\"https:\\\/\\\/pmza.sk\\\/#organization\",\"name\":\"Pova\u017esk\u00e9 m\u00fazeum\",\"url\":\"https:\\\/\\\/pmza.sk\\\/\",\"logo\":{\"@type\":\"ImageObject\",\"inLanguage\":\"sk-SK\",\"@id\":\"https:\\\/\\\/pmza.sk\\\/#\\\/schema\\\/logo\\\/image\\\/\",\"url\":\"https:\\\/\\\/pmza.sk\\\/wp-content\\\/uploads\\\/2022\\\/01\\\/logo_PM_horizontal.jpg\",\"contentUrl\":\"https:\\\/\\\/pmza.sk\\\/wp-content\\\/uploads\\\/2022\\\/01\\\/logo_PM_horizontal.jpg\",\"width\":231,\"height\":142,\"caption\":\"Pova\u017esk\u00e9 m\u00fazeum\"},\"image\":{\"@id\":\"https:\\\/\\\/pmza.sk\\\/#\\\/schema\\\/logo\\\/image\\\/\"},\"sameAs\":[\"https:\\\/\\\/www.facebook.com\\\/povazskemuzeum\",\"https:\\\/\\\/www.instagram.com\\\/povazskemuzeum\\\/\"]},{\"@type\":\"Person\",\"@id\":\"https:\\\/\\\/pmza.sk\\\/#\\\/schema\\\/person\\\/595e6a2ce731ea94dcd5d7f50a41ae33\",\"name\":\"Pova\u017esk\u00e9 m\u00fazeum\",\"image\":{\"@type\":\"ImageObject\",\"inLanguage\":\"sk-SK\",\"@id\":\"https:\\\/\\\/secure.gravatar.com\\\/avatar\\\/2bb7f1561282132fb5826dfeccc66c7996d11ee392ac6aaf7ced8a1c2027fbb2?s=96&d=mm&r=g\",\"url\":\"https:\\\/\\\/secure.gravatar.com\\\/avatar\\\/2bb7f1561282132fb5826dfeccc66c7996d11ee392ac6aaf7ced8a1c2027fbb2?s=96&d=mm&r=g\",\"contentUrl\":\"https:\\\/\\\/secure.gravatar.com\\\/avatar\\\/2bb7f1561282132fb5826dfeccc66c7996d11ee392ac6aaf7ced8a1c2027fbb2?s=96&d=mm&r=g\",\"caption\":\"Pova\u017esk\u00e9 m\u00fazeum\"}}]}<\/script>\n<!-- \/ Yoast SEO plugin. -->","yoast_head_json":{"title":"Budat\u00ednsky r\u00ednok 2013 - Pova\u017esk\u00e9 m\u00fazeum","robots":{"index":"index","follow":"follow","max-snippet":"max-snippet:-1","max-image-preview":"max-image-preview:large","max-video-preview":"max-video-preview:-1"},"canonical":"https:\/\/pmza.sk\/?p=8203","og_locale":"sk_SK","og_type":"article","og_title":"Budat\u00ednsky r\u00ednok 2013 - Pova\u017esk\u00e9 m\u00fazeum","og_description":"Posledn\u00e1 okt\u00f3brov\u00e1 sobota sa bude nies\u0165 v duchu tradi\u010dn\u00e9ho z\u00e1vere\u010dn\u00e9ho sez\u00f3nneho podujatia s\u00a0n\u00e1zvom Budat\u00ednsky r\u00ednok, ktor\u00e9 sa uskuto\u010dn\u00ed 26. okt\u00f3bra 2013 od 12.00 hod. do 19.00 hod. v\u00a0Budat\u00ednskom parku. \u201eProgram tretieho ro\u010dn\u00edka bude aj tento rok hudobne zauj\u00edmav\u00fd a\u00a0\u017e\u00e1nrovo bohat\u00fd. Rozhodli sme sa podpori\u0165 nov\u00e9 talenty a\u00a0da\u0165 priestor mlad\u00fdm, nadan\u00fdm hudobn\u00edkom,\u201c informoval Ladislav Cimer\u00e1k, riadite\u013e [&hellip;]","og_url":"https:\/\/pmza.sk\/?p=8203","og_site_name":"Pova\u017esk\u00e9 m\u00fazeum","article_publisher":"https:\/\/www.facebook.com\/povazskemuzeum","article_published_time":"2013-10-16T14:24:26+00:00","og_image":[{"url":"https:\/\/pmza.sk.sk\/wp-content\/uploads\/2013\/10\/rinok_20131-208x300.jpg","type":"","width":"","height":""}],"author":"Pova\u017esk\u00e9 m\u00fazeum","twitter_card":"summary_large_image","twitter_misc":{"Autor":"Pova\u017esk\u00e9 m\u00fazeum","Predpokladan\u00fd \u010das \u010d\u00edtania":"2 min\u00faty"},"schema":{"@context":"https:\/\/schema.org","@graph":[{"@type":"Article","@id":"https:\/\/pmza.sk\/?p=8203#article","isPartOf":{"@id":"https:\/\/pmza.sk\/?p=8203"},"author":{"name":"Pova\u017esk\u00e9 m\u00fazeum","@id":"https:\/\/pmza.sk\/#\/schema\/person\/595e6a2ce731ea94dcd5d7f50a41ae33"},"headline":"Budat\u00ednsky r\u00ednok 2013","datePublished":"2013-10-16T14:24:26+00:00","mainEntityOfPage":{"@id":"https:\/\/pmza.sk\/?p=8203"},"wordCount":395,"publisher":{"@id":"https:\/\/pmza.sk\/#organization"},"image":{"@id":"https:\/\/pmza.sk\/?p=8203#primaryimage"},"thumbnailUrl":"https:\/\/pmza.sk.sk\/wp-content\/uploads\/2013\/10\/rinok_20131-208x300.jpg","articleSection":["Arch\u00edv 2013"],"inLanguage":"sk-SK"},{"@type":"WebPage","@id":"https:\/\/pmza.sk\/?p=8203","url":"https:\/\/pmza.sk\/?p=8203","name":"Budat\u00ednsky r\u00ednok 2013 - Pova\u017esk\u00e9 m\u00fazeum","isPartOf":{"@id":"https:\/\/pmza.sk\/#website"},"primaryImageOfPage":{"@id":"https:\/\/pmza.sk\/?p=8203#primaryimage"},"image":{"@id":"https:\/\/pmza.sk\/?p=8203#primaryimage"},"thumbnailUrl":"https:\/\/pmza.sk.sk\/wp-content\/uploads\/2013\/10\/rinok_20131-208x300.jpg","datePublished":"2013-10-16T14:24:26+00:00","breadcrumb":{"@id":"https:\/\/pmza.sk\/?p=8203#breadcrumb"},"inLanguage":"sk-SK","potentialAction":[{"@type":"ReadAction","target":["https:\/\/pmza.sk\/?p=8203"]}]},{"@type":"ImageObject","inLanguage":"sk-SK","@id":"https:\/\/pmza.sk\/?p=8203#primaryimage","url":"https:\/\/pmza.sk.sk\/wp-content\/uploads\/2013\/10\/rinok_20131-208x300.jpg","contentUrl":"https:\/\/pmza.sk.sk\/wp-content\/uploads\/2013\/10\/rinok_20131-208x300.jpg"},{"@type":"BreadcrumbList","@id":"https:\/\/pmza.sk\/?p=8203#breadcrumb","itemListElement":[{"@type":"ListItem","position":1,"name":"Domovsk\u00e1 str\u00e1nka","item":"https:\/\/pmza.sk\/"},{"@type":"ListItem","position":2,"name":"Budat\u00ednsky r\u00ednok 2013"}]},{"@type":"WebSite","@id":"https:\/\/pmza.sk\/#website","url":"https:\/\/pmza.sk\/","name":"Pova\u017esk\u00e9 m\u00fazeum","description":"Pova\u017esk\u00e9 m\u00fazeum v \u017diline je region\u00e1lne m\u00fazeum so s\u00eddlom v Budat\u00edne. Jeho expoz\u00edcie s\u00fa zameran\u00e9 na dejiny slovensk\u00e9ho umenia, kult\u00fary a dopravy.","publisher":{"@id":"https:\/\/pmza.sk\/#organization"},"potentialAction":[{"@type":"SearchAction","target":{"@type":"EntryPoint","urlTemplate":"https:\/\/pmza.sk\/?s={search_term_string}"},"query-input":{"@type":"PropertyValueSpecification","valueRequired":true,"valueName":"search_term_string"}}],"inLanguage":"sk-SK"},{"@type":"Organization","@id":"https:\/\/pmza.sk\/#organization","name":"Pova\u017esk\u00e9 m\u00fazeum","url":"https:\/\/pmza.sk\/","logo":{"@type":"ImageObject","inLanguage":"sk-SK","@id":"https:\/\/pmza.sk\/#\/schema\/logo\/image\/","url":"https:\/\/pmza.sk\/wp-content\/uploads\/2022\/01\/logo_PM_horizontal.jpg","contentUrl":"https:\/\/pmza.sk\/wp-content\/uploads\/2022\/01\/logo_PM_horizontal.jpg","width":231,"height":142,"caption":"Pova\u017esk\u00e9 m\u00fazeum"},"image":{"@id":"https:\/\/pmza.sk\/#\/schema\/logo\/image\/"},"sameAs":["https:\/\/www.facebook.com\/povazskemuzeum","https:\/\/www.instagram.com\/povazskemuzeum\/"]},{"@type":"Person","@id":"https:\/\/pmza.sk\/#\/schema\/person\/595e6a2ce731ea94dcd5d7f50a41ae33","name":"Pova\u017esk\u00e9 m\u00fazeum","image":{"@type":"ImageObject","inLanguage":"sk-SK","@id":"https:\/\/secure.gravatar.com\/avatar\/2bb7f1561282132fb5826dfeccc66c7996d11ee392ac6aaf7ced8a1c2027fbb2?s=96&d=mm&r=g","url":"https:\/\/secure.gravatar.com\/avatar\/2bb7f1561282132fb5826dfeccc66c7996d11ee392ac6aaf7ced8a1c2027fbb2?s=96&d=mm&r=g","contentUrl":"https:\/\/secure.gravatar.com\/avatar\/2bb7f1561282132fb5826dfeccc66c7996d11ee392ac6aaf7ced8a1c2027fbb2?s=96&d=mm&r=g","caption":"Pova\u017esk\u00e9 m\u00fazeum"}}]}},"_links":{"self":[{"href":"https:\/\/pmza.sk\/index.php?rest_route=\/wp\/v2\/posts\/8203","targetHints":{"allow":["GET"]}}],"collection":[{"href":"https:\/\/pmza.sk\/index.php?rest_route=\/wp\/v2\/posts"}],"about":[{"href":"https:\/\/pmza.sk\/index.php?rest_route=\/wp\/v2\/types\/post"}],"author":[{"embeddable":true,"href":"https:\/\/pmza.sk\/index.php?rest_route=\/wp\/v2\/users\/2"}],"replies":[{"embeddable":true,"href":"https:\/\/pmza.sk\/index.php?rest_route=%2Fwp%2Fv2%2Fcomments&post=8203"}],"version-history":[{"count":0,"href":"https:\/\/pmza.sk\/index.php?rest_route=\/wp\/v2\/posts\/8203\/revisions"}],"wp:attachment":[{"href":"https:\/\/pmza.sk\/index.php?rest_route=%2Fwp%2Fv2%2Fmedia&parent=8203"}],"wp:term":[{"taxonomy":"category","embeddable":true,"href":"https:\/\/pmza.sk\/index.php?rest_route=%2Fwp%2Fv2%2Fcategories&post=8203"},{"taxonomy":"post_tag","embeddable":true,"href":"https:\/\/pmza.sk\/index.php?rest_route=%2Fwp%2Fv2%2Ftags&post=8203"}],"curies":[{"name":"wp","href":"https:\/\/api.w.org\/{rel}","templated":true}]}}