{"id":8261,"date":"2013-11-07T10:35:46","date_gmt":"2013-11-07T09:35:46","guid":{"rendered":"https:\/\/pmza.sk.sk\/?p=8261"},"modified":"2013-11-07T10:35:46","modified_gmt":"2013-11-07T09:35:46","slug":"zimni-otuzilci-stavovce-aktivne-v-zimnom-obdobi","status":"publish","type":"post","link":"https:\/\/pmza.sk\/?p=8261","title":{"rendered":"Zimn\u00ed otu\u017eilci \u2013 stavovce akt\u00edvne v zimnom obdob\u00ed"},"content":{"rendered":"<p><em><a href=\"https:\/\/pmza.sk\/wp-content\/uploads\/2013\/11\/Sykorka-uhliarka.jpg\"><img fetchpriority=\"high\" decoding=\"async\" class=\"alignleft size-medium wp-image-8262\" style=\"border: 2px solid black; margin: 4px;\" title=\"S\u00fdkorka uhliarka\" src=\"https:\/\/pmza.sk.sk\/wp-content\/uploads\/2013\/11\/S\u00fdkorka-uhliarka-300x200.jpg\" alt=\"\" width=\"300\" height=\"200\" \/><\/a>Zoologick\u00e1 sekcia Pova\u017esk\u00e9ho m\u00fazea v\u00a0\u017diline pripravila \u010fal\u0161iu zo s\u00e9rie v\u00fdstav venovan\u00fdch problematike stavovcov. Tentoraz zaostrila svoju pozornos\u0165 na fenom\u00e9n zimnej ekol\u00f3gie stavovcov, ktor\u00e9 s\u00fa akt\u00edvne po\u010das cel\u00e9ho roka, t.z. i\u00a0v\u00a0zimnom obdob\u00ed. Zimn\u00ed otu\u017eilci je n\u00e1zov v\u00fdstavy, ktor\u00e1 je od 11. novembra 2013 spr\u00edstupnen\u00e1 v priestoroch Sob\u00e1\u0161neho pal\u00e1ca v Byt\u010di.<\/em><!--more-->Pr\u00edchod zimy v\u00a0podmienkach strednej Eur\u00f3py je spojen\u00fd s\u00a0markantn\u00fdm zhor\u0161en\u00edm poveternostn\u00fdch a\u00a0trofick\u00fdch podmienok. <em>&#8222;Men\u0161ia \u010das\u0165 cicavcov sa adaptovala po\u010das svojej dlhotrvaj\u00facej fylogen\u00e9zy tak, \u017ee toto, pre ne nepriazniv\u00e9 obdobie roka, pre\u017eij\u00fa v\u00a0strnulom stave &#8211; hibernuj\u00fa. So skracuj\u00facou fotoperi\u00f3dou sa u\u00a0nich prostredn\u00edctvom zlo\u017eit\u00fdch fyziologick\u00fdch mechanizmov navodzuje stav, kedy sa zni\u017euje nielen r\u00fdchlos\u0165 ich metabolizmu a\u00a0t\u00fdm aj spotreba potravy, ale aj pohybov\u00e1 aktivita, kles\u00e1 ich telesn\u00e1 teplota a\u00a0spoma\u013euje sa tie\u017e srdcov\u00e1 \u010dinnos\u0165,&#8220;<\/em> informoval Ladislav Hl\u00f4\u0161ka, zool\u00f3g Pova\u017esk\u00e9ho m\u00fazea v \u017diline. S\u0165ahovav\u00e9 vt\u00e1ky op\u00fa\u0161\u0165aj\u00fa na\u0161e zemepisn\u00e9 \u0161\u00edrky a\u00a0odlietaj\u00fa na zimovisk\u00e1 le\u017eiace v\u00a0okol\u00ed Stredozemn\u00e9ho mora alebo a\u017e na africkom kontinente. St\u00e1le vt\u00e1ky a\u00a0cicavce v\u0161ak \u017eij\u00fa na mieste kde pri\u0161li na svet, migruj\u00fa len na mal\u00e9 vzdialenosti a\u00a0zime sa museli prisp\u00f4sobi\u0165 tak, aby pre\u017eili aj v\u00a0\u010dase, kedy je v\u00a0pr\u00edrode nedostatok potravy, n\u00edzke teploty a\u00a0vysok\u00e1 snehov\u00e1 pokr\u00fdvka. Pr\u00e1ve tieto druhy vt\u00e1kov a\u00a0cicavcov m\u00f4\u017eu n\u00e1v\u0161tevn\u00edci uvidie\u0165 pri n\u00e1v\u0161teve Sob\u00e1\u0161neho pal\u00e1ca v\u00a0Byt\u010di. V\u00fdstava bude pr\u00edstupn\u00e1 verejnosti od 11. novembra 2013 do konca janu\u00e1ra 2014.<\/p>\n","protected":false},"excerpt":{"rendered":"<p>Zoologick\u00e1 sekcia Pova\u017esk\u00e9ho m\u00fazea v\u00a0\u017diline pripravila \u010fal\u0161iu zo s\u00e9rie v\u00fdstav venovan\u00fdch problematike stavovcov. Tentoraz zaostrila svoju pozornos\u0165 na fenom\u00e9n zimnej ekol\u00f3gie stavovcov, ktor\u00e9 s\u00fa akt\u00edvne po\u010das cel\u00e9ho roka, t.z. i\u00a0v\u00a0zimnom obdob\u00ed. Zimn\u00ed otu\u017eilci je n\u00e1zov v\u00fdstavy, ktor\u00e1 je od 11. novembra 2013 spr\u00edstupnen\u00e1 v priestoroch Sob\u00e1\u0161neho pal\u00e1ca v Byt\u010di.<\/p>\n","protected":false},"author":2,"featured_media":0,"comment_status":"closed","ping_status":"closed","sticky":false,"template":"","format":"standard","meta":{"site-sidebar-layout":"default","site-content-layout":"","ast-site-content-layout":"","site-content-style":"default","site-sidebar-style":"default","ast-global-header-display":"","ast-banner-title-visibility":"","ast-main-header-display":"","ast-hfb-above-header-display":"","ast-hfb-below-header-display":"","ast-hfb-mobile-header-display":"","site-post-title":"","ast-breadcrumbs-content":"","ast-featured-img":"","footer-sml-layout":"","theme-transparent-header-meta":"","adv-header-id-meta":"","stick-header-meta":"","header-above-stick-meta":"","header-main-stick-meta":"","header-below-stick-meta":"","astra-migrate-meta-layouts":"default","ast-page-background-enabled":"default","ast-page-background-meta":{"desktop":{"background-color":"var(--ast-global-color-4)","background-image":"","background-repeat":"repeat","background-position":"center center","background-size":"auto","background-attachment":"scroll","background-type":"","background-media":"","overlay-type":"","overlay-color":"","overlay-opacity":"","overlay-gradient":""},"tablet":{"background-color":"","background-image":"","background-repeat":"repeat","background-position":"center center","background-size":"auto","background-attachment":"scroll","background-type":"","background-media":"","overlay-type":"","overlay-color":"","overlay-opacity":"","overlay-gradient":""},"mobile":{"background-color":"","background-image":"","background-repeat":"repeat","background-position":"center center","background-size":"auto","background-attachment":"scroll","background-type":"","background-media":"","overlay-type":"","overlay-color":"","overlay-opacity":"","overlay-gradient":""}},"ast-content-background-meta":{"desktop":{"background-color":"var(--ast-global-color-5)","background-image":"","background-repeat":"repeat","background-position":"center center","background-size":"auto","background-attachment":"scroll","background-type":"","background-media":"","overlay-type":"","overlay-color":"","overlay-opacity":"","overlay-gradient":""},"tablet":{"background-color":"var(--ast-global-color-5)","background-image":"","background-repeat":"repeat","background-position":"center center","background-size":"auto","background-attachment":"scroll","background-type":"","background-media":"","overlay-type":"","overlay-color":"","overlay-opacity":"","overlay-gradient":""},"mobile":{"background-color":"var(--ast-global-color-5)","background-image":"","background-repeat":"repeat","background-position":"center center","background-size":"auto","background-attachment":"scroll","background-type":"","background-media":"","overlay-type":"","overlay-color":"","overlay-opacity":"","overlay-gradient":""}},"footnotes":""},"categories":[31],"tags":[],"class_list":["post-8261","post","type-post","status-publish","format-standard","hentry","category-aktuality"],"yoast_head":"<!-- This site is optimized with the Yoast SEO plugin v27.4 - https:\/\/yoast.com\/product\/yoast-seo-wordpress\/ -->\n<title>Zimn\u00ed otu\u017eilci \u2013 stavovce akt\u00edvne v zimnom obdob\u00ed - Pova\u017esk\u00e9 m\u00fazeum<\/title>\n<meta name=\"robots\" content=\"index, follow, max-snippet:-1, max-image-preview:large, max-video-preview:-1\" \/>\n<link rel=\"canonical\" href=\"https:\/\/pmza.sk\/?p=8261\" \/>\n<meta property=\"og:locale\" content=\"sk_SK\" \/>\n<meta property=\"og:type\" content=\"article\" \/>\n<meta property=\"og:title\" content=\"Zimn\u00ed otu\u017eilci \u2013 stavovce akt\u00edvne v zimnom obdob\u00ed - Pova\u017esk\u00e9 m\u00fazeum\" \/>\n<meta property=\"og:description\" content=\"Zoologick\u00e1 sekcia Pova\u017esk\u00e9ho m\u00fazea v\u00a0\u017diline pripravila \u010fal\u0161iu zo s\u00e9rie v\u00fdstav venovan\u00fdch problematike stavovcov. Tentoraz zaostrila svoju pozornos\u0165 na fenom\u00e9n zimnej ekol\u00f3gie stavovcov, ktor\u00e9 s\u00fa akt\u00edvne po\u010das cel\u00e9ho roka, t.z. i\u00a0v\u00a0zimnom obdob\u00ed. Zimn\u00ed otu\u017eilci je n\u00e1zov v\u00fdstavy, ktor\u00e1 je od 11. novembra 2013 spr\u00edstupnen\u00e1 v priestoroch Sob\u00e1\u0161neho pal\u00e1ca v Byt\u010di.\" \/>\n<meta property=\"og:url\" content=\"https:\/\/pmza.sk\/?p=8261\" \/>\n<meta property=\"og:site_name\" content=\"Pova\u017esk\u00e9 m\u00fazeum\" \/>\n<meta property=\"article:publisher\" content=\"https:\/\/www.facebook.com\/povazskemuzeum\" \/>\n<meta property=\"article:published_time\" content=\"2013-11-07T09:35:46+00:00\" \/>\n<meta name=\"author\" content=\"Pova\u017esk\u00e9 m\u00fazeum\" \/>\n<meta name=\"twitter:card\" content=\"summary_large_image\" \/>\n<meta name=\"twitter:label1\" content=\"Autor\" \/>\n\t<meta name=\"twitter:data1\" content=\"Pova\u017esk\u00e9 m\u00fazeum\" \/>\n\t<meta name=\"twitter:label2\" content=\"Predpokladan\u00fd \u010das \u010d\u00edtania\" \/>\n\t<meta name=\"twitter:data2\" content=\"1 min\u00fata\" \/>\n<script type=\"application\/ld+json\" class=\"yoast-schema-graph\">{\"@context\":\"https:\\\/\\\/schema.org\",\"@graph\":[{\"@type\":\"Article\",\"@id\":\"https:\\\/\\\/pmza.sk\\\/?p=8261#article\",\"isPartOf\":{\"@id\":\"https:\\\/\\\/pmza.sk\\\/?p=8261\"},\"author\":{\"name\":\"Pova\u017esk\u00e9 m\u00fazeum\",\"@id\":\"https:\\\/\\\/pmza.sk\\\/#\\\/schema\\\/person\\\/595e6a2ce731ea94dcd5d7f50a41ae33\"},\"headline\":\"Zimn\u00ed otu\u017eilci \u2013 stavovce akt\u00edvne v zimnom obdob\u00ed\",\"datePublished\":\"2013-11-07T09:35:46+00:00\",\"mainEntityOfPage\":{\"@id\":\"https:\\\/\\\/pmza.sk\\\/?p=8261\"},\"wordCount\":303,\"publisher\":{\"@id\":\"https:\\\/\\\/pmza.sk\\\/#organization\"},\"articleSection\":[\"Aktuality\"],\"inLanguage\":\"sk-SK\"},{\"@type\":\"WebPage\",\"@id\":\"https:\\\/\\\/pmza.sk\\\/?p=8261\",\"url\":\"https:\\\/\\\/pmza.sk\\\/?p=8261\",\"name\":\"Zimn\u00ed otu\u017eilci \u2013 stavovce akt\u00edvne v zimnom obdob\u00ed - Pova\u017esk\u00e9 m\u00fazeum\",\"isPartOf\":{\"@id\":\"https:\\\/\\\/pmza.sk\\\/#website\"},\"datePublished\":\"2013-11-07T09:35:46+00:00\",\"breadcrumb\":{\"@id\":\"https:\\\/\\\/pmza.sk\\\/?p=8261#breadcrumb\"},\"inLanguage\":\"sk-SK\",\"potentialAction\":[{\"@type\":\"ReadAction\",\"target\":[\"https:\\\/\\\/pmza.sk\\\/?p=8261\"]}]},{\"@type\":\"BreadcrumbList\",\"@id\":\"https:\\\/\\\/pmza.sk\\\/?p=8261#breadcrumb\",\"itemListElement\":[{\"@type\":\"ListItem\",\"position\":1,\"name\":\"Domovsk\u00e1 str\u00e1nka\",\"item\":\"https:\\\/\\\/pmza.sk\\\/\"},{\"@type\":\"ListItem\",\"position\":2,\"name\":\"Zimn\u00ed otu\u017eilci \u2013 stavovce akt\u00edvne v zimnom obdob\u00ed\"}]},{\"@type\":\"WebSite\",\"@id\":\"https:\\\/\\\/pmza.sk\\\/#website\",\"url\":\"https:\\\/\\\/pmza.sk\\\/\",\"name\":\"Pova\u017esk\u00e9 m\u00fazeum\",\"description\":\"Pova\u017esk\u00e9 m\u00fazeum v \u017diline je region\u00e1lne m\u00fazeum so s\u00eddlom v Budat\u00edne. Jeho expoz\u00edcie s\u00fa zameran\u00e9 na dejiny slovensk\u00e9ho umenia, kult\u00fary a dopravy.\",\"publisher\":{\"@id\":\"https:\\\/\\\/pmza.sk\\\/#organization\"},\"potentialAction\":[{\"@type\":\"SearchAction\",\"target\":{\"@type\":\"EntryPoint\",\"urlTemplate\":\"https:\\\/\\\/pmza.sk\\\/?s={search_term_string}\"},\"query-input\":{\"@type\":\"PropertyValueSpecification\",\"valueRequired\":true,\"valueName\":\"search_term_string\"}}],\"inLanguage\":\"sk-SK\"},{\"@type\":\"Organization\",\"@id\":\"https:\\\/\\\/pmza.sk\\\/#organization\",\"name\":\"Pova\u017esk\u00e9 m\u00fazeum\",\"url\":\"https:\\\/\\\/pmza.sk\\\/\",\"logo\":{\"@type\":\"ImageObject\",\"inLanguage\":\"sk-SK\",\"@id\":\"https:\\\/\\\/pmza.sk\\\/#\\\/schema\\\/logo\\\/image\\\/\",\"url\":\"https:\\\/\\\/pmza.sk\\\/wp-content\\\/uploads\\\/2022\\\/01\\\/logo_PM_horizontal.jpg\",\"contentUrl\":\"https:\\\/\\\/pmza.sk\\\/wp-content\\\/uploads\\\/2022\\\/01\\\/logo_PM_horizontal.jpg\",\"width\":231,\"height\":142,\"caption\":\"Pova\u017esk\u00e9 m\u00fazeum\"},\"image\":{\"@id\":\"https:\\\/\\\/pmza.sk\\\/#\\\/schema\\\/logo\\\/image\\\/\"},\"sameAs\":[\"https:\\\/\\\/www.facebook.com\\\/povazskemuzeum\",\"https:\\\/\\\/www.instagram.com\\\/povazskemuzeum\\\/\"]},{\"@type\":\"Person\",\"@id\":\"https:\\\/\\\/pmza.sk\\\/#\\\/schema\\\/person\\\/595e6a2ce731ea94dcd5d7f50a41ae33\",\"name\":\"Pova\u017esk\u00e9 m\u00fazeum\",\"image\":{\"@type\":\"ImageObject\",\"inLanguage\":\"sk-SK\",\"@id\":\"https:\\\/\\\/secure.gravatar.com\\\/avatar\\\/2bb7f1561282132fb5826dfeccc66c7996d11ee392ac6aaf7ced8a1c2027fbb2?s=96&d=mm&r=g\",\"url\":\"https:\\\/\\\/secure.gravatar.com\\\/avatar\\\/2bb7f1561282132fb5826dfeccc66c7996d11ee392ac6aaf7ced8a1c2027fbb2?s=96&d=mm&r=g\",\"contentUrl\":\"https:\\\/\\\/secure.gravatar.com\\\/avatar\\\/2bb7f1561282132fb5826dfeccc66c7996d11ee392ac6aaf7ced8a1c2027fbb2?s=96&d=mm&r=g\",\"caption\":\"Pova\u017esk\u00e9 m\u00fazeum\"}}]}<\/script>\n<!-- \/ Yoast SEO plugin. -->","yoast_head_json":{"title":"Zimn\u00ed otu\u017eilci \u2013 stavovce akt\u00edvne v zimnom obdob\u00ed - Pova\u017esk\u00e9 m\u00fazeum","robots":{"index":"index","follow":"follow","max-snippet":"max-snippet:-1","max-image-preview":"max-image-preview:large","max-video-preview":"max-video-preview:-1"},"canonical":"https:\/\/pmza.sk\/?p=8261","og_locale":"sk_SK","og_type":"article","og_title":"Zimn\u00ed otu\u017eilci \u2013 stavovce akt\u00edvne v zimnom obdob\u00ed - Pova\u017esk\u00e9 m\u00fazeum","og_description":"Zoologick\u00e1 sekcia Pova\u017esk\u00e9ho m\u00fazea v\u00a0\u017diline pripravila \u010fal\u0161iu zo s\u00e9rie v\u00fdstav venovan\u00fdch problematike stavovcov. Tentoraz zaostrila svoju pozornos\u0165 na fenom\u00e9n zimnej ekol\u00f3gie stavovcov, ktor\u00e9 s\u00fa akt\u00edvne po\u010das cel\u00e9ho roka, t.z. i\u00a0v\u00a0zimnom obdob\u00ed. Zimn\u00ed otu\u017eilci je n\u00e1zov v\u00fdstavy, ktor\u00e1 je od 11. novembra 2013 spr\u00edstupnen\u00e1 v priestoroch Sob\u00e1\u0161neho pal\u00e1ca v Byt\u010di.","og_url":"https:\/\/pmza.sk\/?p=8261","og_site_name":"Pova\u017esk\u00e9 m\u00fazeum","article_publisher":"https:\/\/www.facebook.com\/povazskemuzeum","article_published_time":"2013-11-07T09:35:46+00:00","author":"Pova\u017esk\u00e9 m\u00fazeum","twitter_card":"summary_large_image","twitter_misc":{"Autor":"Pova\u017esk\u00e9 m\u00fazeum","Predpokladan\u00fd \u010das \u010d\u00edtania":"1 min\u00fata"},"schema":{"@context":"https:\/\/schema.org","@graph":[{"@type":"Article","@id":"https:\/\/pmza.sk\/?p=8261#article","isPartOf":{"@id":"https:\/\/pmza.sk\/?p=8261"},"author":{"name":"Pova\u017esk\u00e9 m\u00fazeum","@id":"https:\/\/pmza.sk\/#\/schema\/person\/595e6a2ce731ea94dcd5d7f50a41ae33"},"headline":"Zimn\u00ed otu\u017eilci \u2013 stavovce akt\u00edvne v zimnom obdob\u00ed","datePublished":"2013-11-07T09:35:46+00:00","mainEntityOfPage":{"@id":"https:\/\/pmza.sk\/?p=8261"},"wordCount":303,"publisher":{"@id":"https:\/\/pmza.sk\/#organization"},"articleSection":["Aktuality"],"inLanguage":"sk-SK"},{"@type":"WebPage","@id":"https:\/\/pmza.sk\/?p=8261","url":"https:\/\/pmza.sk\/?p=8261","name":"Zimn\u00ed otu\u017eilci \u2013 stavovce akt\u00edvne v zimnom obdob\u00ed - Pova\u017esk\u00e9 m\u00fazeum","isPartOf":{"@id":"https:\/\/pmza.sk\/#website"},"datePublished":"2013-11-07T09:35:46+00:00","breadcrumb":{"@id":"https:\/\/pmza.sk\/?p=8261#breadcrumb"},"inLanguage":"sk-SK","potentialAction":[{"@type":"ReadAction","target":["https:\/\/pmza.sk\/?p=8261"]}]},{"@type":"BreadcrumbList","@id":"https:\/\/pmza.sk\/?p=8261#breadcrumb","itemListElement":[{"@type":"ListItem","position":1,"name":"Domovsk\u00e1 str\u00e1nka","item":"https:\/\/pmza.sk\/"},{"@type":"ListItem","position":2,"name":"Zimn\u00ed otu\u017eilci \u2013 stavovce akt\u00edvne v zimnom obdob\u00ed"}]},{"@type":"WebSite","@id":"https:\/\/pmza.sk\/#website","url":"https:\/\/pmza.sk\/","name":"Pova\u017esk\u00e9 m\u00fazeum","description":"Pova\u017esk\u00e9 m\u00fazeum v \u017diline je region\u00e1lne m\u00fazeum so s\u00eddlom v Budat\u00edne. Jeho expoz\u00edcie s\u00fa zameran\u00e9 na dejiny slovensk\u00e9ho umenia, kult\u00fary a dopravy.","publisher":{"@id":"https:\/\/pmza.sk\/#organization"},"potentialAction":[{"@type":"SearchAction","target":{"@type":"EntryPoint","urlTemplate":"https:\/\/pmza.sk\/?s={search_term_string}"},"query-input":{"@type":"PropertyValueSpecification","valueRequired":true,"valueName":"search_term_string"}}],"inLanguage":"sk-SK"},{"@type":"Organization","@id":"https:\/\/pmza.sk\/#organization","name":"Pova\u017esk\u00e9 m\u00fazeum","url":"https:\/\/pmza.sk\/","logo":{"@type":"ImageObject","inLanguage":"sk-SK","@id":"https:\/\/pmza.sk\/#\/schema\/logo\/image\/","url":"https:\/\/pmza.sk\/wp-content\/uploads\/2022\/01\/logo_PM_horizontal.jpg","contentUrl":"https:\/\/pmza.sk\/wp-content\/uploads\/2022\/01\/logo_PM_horizontal.jpg","width":231,"height":142,"caption":"Pova\u017esk\u00e9 m\u00fazeum"},"image":{"@id":"https:\/\/pmza.sk\/#\/schema\/logo\/image\/"},"sameAs":["https:\/\/www.facebook.com\/povazskemuzeum","https:\/\/www.instagram.com\/povazskemuzeum\/"]},{"@type":"Person","@id":"https:\/\/pmza.sk\/#\/schema\/person\/595e6a2ce731ea94dcd5d7f50a41ae33","name":"Pova\u017esk\u00e9 m\u00fazeum","image":{"@type":"ImageObject","inLanguage":"sk-SK","@id":"https:\/\/secure.gravatar.com\/avatar\/2bb7f1561282132fb5826dfeccc66c7996d11ee392ac6aaf7ced8a1c2027fbb2?s=96&d=mm&r=g","url":"https:\/\/secure.gravatar.com\/avatar\/2bb7f1561282132fb5826dfeccc66c7996d11ee392ac6aaf7ced8a1c2027fbb2?s=96&d=mm&r=g","contentUrl":"https:\/\/secure.gravatar.com\/avatar\/2bb7f1561282132fb5826dfeccc66c7996d11ee392ac6aaf7ced8a1c2027fbb2?s=96&d=mm&r=g","caption":"Pova\u017esk\u00e9 m\u00fazeum"}}]}},"_links":{"self":[{"href":"https:\/\/pmza.sk\/index.php?rest_route=\/wp\/v2\/posts\/8261","targetHints":{"allow":["GET"]}}],"collection":[{"href":"https:\/\/pmza.sk\/index.php?rest_route=\/wp\/v2\/posts"}],"about":[{"href":"https:\/\/pmza.sk\/index.php?rest_route=\/wp\/v2\/types\/post"}],"author":[{"embeddable":true,"href":"https:\/\/pmza.sk\/index.php?rest_route=\/wp\/v2\/users\/2"}],"replies":[{"embeddable":true,"href":"https:\/\/pmza.sk\/index.php?rest_route=%2Fwp%2Fv2%2Fcomments&post=8261"}],"version-history":[{"count":0,"href":"https:\/\/pmza.sk\/index.php?rest_route=\/wp\/v2\/posts\/8261\/revisions"}],"wp:attachment":[{"href":"https:\/\/pmza.sk\/index.php?rest_route=%2Fwp%2Fv2%2Fmedia&parent=8261"}],"wp:term":[{"taxonomy":"category","embeddable":true,"href":"https:\/\/pmza.sk\/index.php?rest_route=%2Fwp%2Fv2%2Fcategories&post=8261"},{"taxonomy":"post_tag","embeddable":true,"href":"https:\/\/pmza.sk\/index.php?rest_route=%2Fwp%2Fv2%2Ftags&post=8261"}],"curies":[{"name":"wp","href":"https:\/\/api.w.org\/{rel}","templated":true}]}}