{"id":8307,"date":"2013-11-21T08:21:47","date_gmt":"2013-11-21T07:21:47","guid":{"rendered":"https:\/\/pmza.sk.sk\/?p=8307"},"modified":"2013-11-21T08:21:47","modified_gmt":"2013-11-21T07:21:47","slug":"svadobny-dar-palatina-turzu-2","status":"publish","type":"post","link":"https:\/\/pmza.sk\/?p=8307","title":{"rendered":"Sn\u00fabenci, pozor!"},"content":{"rendered":"<p><a href=\"https:\/\/pmza.sk\/wp-content\/uploads\/2013\/11\/Z9H9744.jpg\"><img fetchpriority=\"high\" decoding=\"async\" class=\"alignleft size-medium wp-image-8308\" style=\"border: 2px solid black; margin: 4px;\" alt=\"Z9H9744\" src=\"https:\/\/pmza.sk.sk\/wp-content\/uploads\/2013\/11\/Z9H9744-300x200.jpg\" width=\"300\" height=\"200\" \/><\/a>Aj tento rok maj\u00fa sn\u00fabeneck\u00e9 p\u00e1ry z\u00a0cel\u00e9ho Slovenska z\u00e1ujem pre\u017ei\u0165 svoju rozpr\u00e1vkov\u00fa svadbu v\u00a0priestoroch renesan\u010dn\u00e9ho Sob\u00e1\u0161neho pal\u00e1ca v\u00a0Byt\u010di. Do \u0161tvrt\u00e9ho ro\u010dn\u00edka \u00faspe\u0161nej s\u00fa\u0165a\u017ee <b>Svadobn\u00fd dar palat\u00edna Turzu<\/b> sa op\u00e4\u0165 zapojilo nieko\u013eko p\u00e1rov, ktor\u00e9 splnili s\u00fa\u0165a\u017en\u00e9 podmienky: n\u00e1v\u0161teva kult\u00farnych kr\u00e1s severoz\u00e1padn\u00e9ho Slovenska a zbieranie pe\u010diatok do mapy Poklady m\u00faze\u00ed \u017dilinsk\u00e9ho kraja. Okrem v\u0161etk\u00fdch expoz\u00edci\u00ed Pova\u017esk\u00e9ho m\u00fazea v\u00a0\u017diline mohli bud\u00faci mladoman\u017eelia nav\u0161t\u00edvi\u0165 Oravsk\u00fd hrad a\u00a0Oravsk\u00fa lesn\u00fa \u017eeleznicu na Orave, ka\u0161tie\u013e Rado\u013ea na Kysuciach a\u00a0hrad Likavka \u010di skanzen Vlkol\u00ednec na Liptove. <!--more--><b>\u00a0 S\u00fa\u0165a\u017e prebieha<\/b> od 8. febru\u00e1ra 2013 <b>do 13. decembra 2013<\/b> a\u00a0v\u00fdsledky bud\u00fa vyhl\u00e1sen\u00e9 na najv\u00e4\u010d\u0161om slovenskom Svadobnom ve\u013etrhu v\u00a0Bratislave. Tento rok sa doteraz zapojili sn\u00fabenci preva\u017ene z\u00a0Doln\u00e9ho a\u00a0Horn\u00e9ho Pova\u017eia. <i>\u201eSme ve\u013emi \u0161\u0165astn\u00ed, \u017ee sme na\u0161u vysn\u00edvan\u00fa svadbu mohli realizova\u0165 pr\u00e1ve v\u00a0kr\u00e1snych priestoroch renesan\u010dn\u00e9ho Svadobn\u00e9ho pal\u00e1ca v\u00a0Byt\u010di,\u201c<\/i> povedali slovensko-talianski man\u017eelia Michelini z\u00a0Ferrary, jedni z v\u00ed\u0165azov tretieho ro\u010dn\u00edka s\u00fa\u0165a\u017ee.<br \/>\nSn\u00fabenci maj\u00fa z\u00e1ujem uskuto\u010dni\u0165 svadbu preva\u017ene v\u00a0letn\u00fdch mesiacoch, ale zast\u00fapen\u00e1 je aj farebn\u00e1 jese\u0148. <i>\u201eTento rok \u010dak\u00e1 dva vy\u017erebovan\u00e9 p\u00e1ry sob\u00e1\u0161 a\u00a0svadobn\u00e1 hostina v\u00a0priestoroch Sob\u00e1\u0161neho pal\u00e1ca v\u00a0Byt\u010di, uv\u00edtac\u00ed svadobn\u00fd ceremoni\u00e1l, sl\u00e1vnostn\u00fd pr\u00edpitok od palat\u00edna Turzu a\u00a0\u010fal\u0161ie exkluz\u00edvne svadobn\u00e9 bonusy,\u201c <\/i>uviedol na z\u00e1ver riadite\u013e Pova\u017esk\u00e9ho m\u00fazea v\u00a0\u017diline, Ladislav Cimer\u00e1k.<br \/>\nOrganiz\u00e1torom s\u00fa\u0165a\u017ee Svadobn\u00fd dar Palat\u00edna Turzu, ktor\u00e1 prebieha <b>do 13. decembra 2013 <\/b>je Pova\u017esk\u00e9 m\u00fazeum v\u00a0\u017diline v\u00a0zria\u010fovate\u013eskej p\u00f4sobnosti \u017dilinsk\u00e9ho samospr\u00e1vneho kraja a\u00a0\u0160t\u00fadio \u0160ker\u00e1k Bratislava. Bli\u017e\u0161ie inform\u00e1cie o s\u00fa\u0165a\u017ei s\u00fa na webovej str\u00e1nke Pova\u017esk\u00e9ho m\u00fazea v \u017diline v sekcii Slu\u017eby.<\/p>\n","protected":false},"excerpt":{"rendered":"<p>Aj tento rok maj\u00fa sn\u00fabeneck\u00e9 p\u00e1ry z\u00a0cel\u00e9ho Slovenska z\u00e1ujem pre\u017ei\u0165 svoju rozpr\u00e1vkov\u00fa svadbu v\u00a0priestoroch renesan\u010dn\u00e9ho Sob\u00e1\u0161neho pal\u00e1ca v\u00a0Byt\u010di. Do \u0161tvrt\u00e9ho ro\u010dn\u00edka \u00faspe\u0161nej s\u00fa\u0165a\u017ee Svadobn\u00fd dar palat\u00edna Turzu sa op\u00e4\u0165 zapojilo nieko\u013eko p\u00e1rov, ktor\u00e9 splnili s\u00fa\u0165a\u017en\u00e9 podmienky: n\u00e1v\u0161teva kult\u00farnych kr\u00e1s severoz\u00e1padn\u00e9ho Slovenska a zbieranie pe\u010diatok do mapy Poklady m\u00faze\u00ed \u017dilinsk\u00e9ho kraja. Okrem v\u0161etk\u00fdch expoz\u00edci\u00ed Pova\u017esk\u00e9ho m\u00fazea [&hellip;]<\/p>\n","protected":false},"author":2,"featured_media":0,"comment_status":"closed","ping_status":"closed","sticky":false,"template":"","format":"standard","meta":{"site-sidebar-layout":"default","site-content-layout":"","ast-site-content-layout":"","site-content-style":"default","site-sidebar-style":"default","ast-global-header-display":"","ast-banner-title-visibility":"","ast-main-header-display":"","ast-hfb-above-header-display":"","ast-hfb-below-header-display":"","ast-hfb-mobile-header-display":"","site-post-title":"","ast-breadcrumbs-content":"","ast-featured-img":"","footer-sml-layout":"","theme-transparent-header-meta":"","adv-header-id-meta":"","stick-header-meta":"","header-above-stick-meta":"","header-main-stick-meta":"","header-below-stick-meta":"","astra-migrate-meta-layouts":"default","ast-page-background-enabled":"default","ast-page-background-meta":{"desktop":{"background-color":"var(--ast-global-color-4)","background-image":"","background-repeat":"repeat","background-position":"center center","background-size":"auto","background-attachment":"scroll","background-type":"","background-media":"","overlay-type":"","overlay-color":"","overlay-opacity":"","overlay-gradient":""},"tablet":{"background-color":"","background-image":"","background-repeat":"repeat","background-position":"center center","background-size":"auto","background-attachment":"scroll","background-type":"","background-media":"","overlay-type":"","overlay-color":"","overlay-opacity":"","overlay-gradient":""},"mobile":{"background-color":"","background-image":"","background-repeat":"repeat","background-position":"center center","background-size":"auto","background-attachment":"scroll","background-type":"","background-media":"","overlay-type":"","overlay-color":"","overlay-opacity":"","overlay-gradient":""}},"ast-content-background-meta":{"desktop":{"background-color":"var(--ast-global-color-5)","background-image":"","background-repeat":"repeat","background-position":"center center","background-size":"auto","background-attachment":"scroll","background-type":"","background-media":"","overlay-type":"","overlay-color":"","overlay-opacity":"","overlay-gradient":""},"tablet":{"background-color":"var(--ast-global-color-5)","background-image":"","background-repeat":"repeat","background-position":"center center","background-size":"auto","background-attachment":"scroll","background-type":"","background-media":"","overlay-type":"","overlay-color":"","overlay-opacity":"","overlay-gradient":""},"mobile":{"background-color":"var(--ast-global-color-5)","background-image":"","background-repeat":"repeat","background-position":"center center","background-size":"auto","background-attachment":"scroll","background-type":"","background-media":"","overlay-type":"","overlay-color":"","overlay-opacity":"","overlay-gradient":""}},"footnotes":""},"categories":[33],"tags":[],"class_list":["post-8307","post","type-post","status-publish","format-standard","hentry","category-archiv-2013"],"yoast_head":"<!-- This site is optimized with the Yoast SEO plugin v27.4 - https:\/\/yoast.com\/product\/yoast-seo-wordpress\/ -->\n<title>Sn\u00fabenci, pozor! - Pova\u017esk\u00e9 m\u00fazeum<\/title>\n<meta name=\"robots\" content=\"index, follow, max-snippet:-1, max-image-preview:large, max-video-preview:-1\" \/>\n<link rel=\"canonical\" href=\"https:\/\/pmza.sk\/?p=8307\" \/>\n<meta property=\"og:locale\" content=\"sk_SK\" \/>\n<meta property=\"og:type\" content=\"article\" \/>\n<meta property=\"og:title\" content=\"Sn\u00fabenci, pozor! - Pova\u017esk\u00e9 m\u00fazeum\" \/>\n<meta property=\"og:description\" content=\"Aj tento rok maj\u00fa sn\u00fabeneck\u00e9 p\u00e1ry z\u00a0cel\u00e9ho Slovenska z\u00e1ujem pre\u017ei\u0165 svoju rozpr\u00e1vkov\u00fa svadbu v\u00a0priestoroch renesan\u010dn\u00e9ho Sob\u00e1\u0161neho pal\u00e1ca v\u00a0Byt\u010di. Do \u0161tvrt\u00e9ho ro\u010dn\u00edka \u00faspe\u0161nej s\u00fa\u0165a\u017ee Svadobn\u00fd dar palat\u00edna Turzu sa op\u00e4\u0165 zapojilo nieko\u013eko p\u00e1rov, ktor\u00e9 splnili s\u00fa\u0165a\u017en\u00e9 podmienky: n\u00e1v\u0161teva kult\u00farnych kr\u00e1s severoz\u00e1padn\u00e9ho Slovenska a zbieranie pe\u010diatok do mapy Poklady m\u00faze\u00ed \u017dilinsk\u00e9ho kraja. Okrem v\u0161etk\u00fdch expoz\u00edci\u00ed Pova\u017esk\u00e9ho m\u00fazea [&hellip;]\" \/>\n<meta property=\"og:url\" content=\"https:\/\/pmza.sk\/?p=8307\" \/>\n<meta property=\"og:site_name\" content=\"Pova\u017esk\u00e9 m\u00fazeum\" \/>\n<meta property=\"article:publisher\" content=\"https:\/\/www.facebook.com\/povazskemuzeum\" \/>\n<meta property=\"article:published_time\" content=\"2013-11-21T07:21:47+00:00\" \/>\n<meta property=\"og:image\" content=\"https:\/\/pmza.sk.sk\/wp-content\/uploads\/2013\/11\/Z9H9744-300x200.jpg\" \/>\n<meta name=\"author\" content=\"Pova\u017esk\u00e9 m\u00fazeum\" \/>\n<meta name=\"twitter:card\" content=\"summary_large_image\" \/>\n<meta name=\"twitter:label1\" content=\"Autor\" \/>\n\t<meta name=\"twitter:data1\" content=\"Pova\u017esk\u00e9 m\u00fazeum\" \/>\n\t<meta name=\"twitter:label2\" content=\"Predpokladan\u00fd \u010das \u010d\u00edtania\" \/>\n\t<meta name=\"twitter:data2\" content=\"2 min\u00faty\" \/>\n<script type=\"application\/ld+json\" class=\"yoast-schema-graph\">{\"@context\":\"https:\\\/\\\/schema.org\",\"@graph\":[{\"@type\":\"Article\",\"@id\":\"https:\\\/\\\/pmza.sk\\\/?p=8307#article\",\"isPartOf\":{\"@id\":\"https:\\\/\\\/pmza.sk\\\/?p=8307\"},\"author\":{\"name\":\"Pova\u017esk\u00e9 m\u00fazeum\",\"@id\":\"https:\\\/\\\/pmza.sk\\\/#\\\/schema\\\/person\\\/595e6a2ce731ea94dcd5d7f50a41ae33\"},\"headline\":\"Sn\u00fabenci, pozor!\",\"datePublished\":\"2013-11-21T07:21:47+00:00\",\"mainEntityOfPage\":{\"@id\":\"https:\\\/\\\/pmza.sk\\\/?p=8307\"},\"wordCount\":357,\"publisher\":{\"@id\":\"https:\\\/\\\/pmza.sk\\\/#organization\"},\"image\":{\"@id\":\"https:\\\/\\\/pmza.sk\\\/?p=8307#primaryimage\"},\"thumbnailUrl\":\"http:\\\/\\\/pmza.sk.sk\\\/wp-content\\\/uploads\\\/2013\\\/11\\\/Z9H9744-300x200.jpg\",\"articleSection\":[\"Arch\u00edv 2013\"],\"inLanguage\":\"sk-SK\"},{\"@type\":\"WebPage\",\"@id\":\"https:\\\/\\\/pmza.sk\\\/?p=8307\",\"url\":\"https:\\\/\\\/pmza.sk\\\/?p=8307\",\"name\":\"Sn\u00fabenci, pozor! - Pova\u017esk\u00e9 m\u00fazeum\",\"isPartOf\":{\"@id\":\"https:\\\/\\\/pmza.sk\\\/#website\"},\"primaryImageOfPage\":{\"@id\":\"https:\\\/\\\/pmza.sk\\\/?p=8307#primaryimage\"},\"image\":{\"@id\":\"https:\\\/\\\/pmza.sk\\\/?p=8307#primaryimage\"},\"thumbnailUrl\":\"http:\\\/\\\/pmza.sk.sk\\\/wp-content\\\/uploads\\\/2013\\\/11\\\/Z9H9744-300x200.jpg\",\"datePublished\":\"2013-11-21T07:21:47+00:00\",\"breadcrumb\":{\"@id\":\"https:\\\/\\\/pmza.sk\\\/?p=8307#breadcrumb\"},\"inLanguage\":\"sk-SK\",\"potentialAction\":[{\"@type\":\"ReadAction\",\"target\":[\"https:\\\/\\\/pmza.sk\\\/?p=8307\"]}]},{\"@type\":\"ImageObject\",\"inLanguage\":\"sk-SK\",\"@id\":\"https:\\\/\\\/pmza.sk\\\/?p=8307#primaryimage\",\"url\":\"http:\\\/\\\/pmza.sk.sk\\\/wp-content\\\/uploads\\\/2013\\\/11\\\/Z9H9744-300x200.jpg\",\"contentUrl\":\"http:\\\/\\\/pmza.sk.sk\\\/wp-content\\\/uploads\\\/2013\\\/11\\\/Z9H9744-300x200.jpg\"},{\"@type\":\"BreadcrumbList\",\"@id\":\"https:\\\/\\\/pmza.sk\\\/?p=8307#breadcrumb\",\"itemListElement\":[{\"@type\":\"ListItem\",\"position\":1,\"name\":\"Domovsk\u00e1 str\u00e1nka\",\"item\":\"https:\\\/\\\/pmza.sk\\\/\"},{\"@type\":\"ListItem\",\"position\":2,\"name\":\"Sn\u00fabenci, pozor!\"}]},{\"@type\":\"WebSite\",\"@id\":\"https:\\\/\\\/pmza.sk\\\/#website\",\"url\":\"https:\\\/\\\/pmza.sk\\\/\",\"name\":\"Pova\u017esk\u00e9 m\u00fazeum\",\"description\":\"Pova\u017esk\u00e9 m\u00fazeum v \u017diline je region\u00e1lne m\u00fazeum so s\u00eddlom v Budat\u00edne. Jeho expoz\u00edcie s\u00fa zameran\u00e9 na dejiny slovensk\u00e9ho umenia, kult\u00fary a dopravy.\",\"publisher\":{\"@id\":\"https:\\\/\\\/pmza.sk\\\/#organization\"},\"potentialAction\":[{\"@type\":\"SearchAction\",\"target\":{\"@type\":\"EntryPoint\",\"urlTemplate\":\"https:\\\/\\\/pmza.sk\\\/?s={search_term_string}\"},\"query-input\":{\"@type\":\"PropertyValueSpecification\",\"valueRequired\":true,\"valueName\":\"search_term_string\"}}],\"inLanguage\":\"sk-SK\"},{\"@type\":\"Organization\",\"@id\":\"https:\\\/\\\/pmza.sk\\\/#organization\",\"name\":\"Pova\u017esk\u00e9 m\u00fazeum\",\"url\":\"https:\\\/\\\/pmza.sk\\\/\",\"logo\":{\"@type\":\"ImageObject\",\"inLanguage\":\"sk-SK\",\"@id\":\"https:\\\/\\\/pmza.sk\\\/#\\\/schema\\\/logo\\\/image\\\/\",\"url\":\"https:\\\/\\\/pmza.sk\\\/wp-content\\\/uploads\\\/2022\\\/01\\\/logo_PM_horizontal.jpg\",\"contentUrl\":\"https:\\\/\\\/pmza.sk\\\/wp-content\\\/uploads\\\/2022\\\/01\\\/logo_PM_horizontal.jpg\",\"width\":231,\"height\":142,\"caption\":\"Pova\u017esk\u00e9 m\u00fazeum\"},\"image\":{\"@id\":\"https:\\\/\\\/pmza.sk\\\/#\\\/schema\\\/logo\\\/image\\\/\"},\"sameAs\":[\"https:\\\/\\\/www.facebook.com\\\/povazskemuzeum\",\"https:\\\/\\\/www.instagram.com\\\/povazskemuzeum\\\/\"]},{\"@type\":\"Person\",\"@id\":\"https:\\\/\\\/pmza.sk\\\/#\\\/schema\\\/person\\\/595e6a2ce731ea94dcd5d7f50a41ae33\",\"name\":\"Pova\u017esk\u00e9 m\u00fazeum\",\"image\":{\"@type\":\"ImageObject\",\"inLanguage\":\"sk-SK\",\"@id\":\"https:\\\/\\\/secure.gravatar.com\\\/avatar\\\/2bb7f1561282132fb5826dfeccc66c7996d11ee392ac6aaf7ced8a1c2027fbb2?s=96&d=mm&r=g\",\"url\":\"https:\\\/\\\/secure.gravatar.com\\\/avatar\\\/2bb7f1561282132fb5826dfeccc66c7996d11ee392ac6aaf7ced8a1c2027fbb2?s=96&d=mm&r=g\",\"contentUrl\":\"https:\\\/\\\/secure.gravatar.com\\\/avatar\\\/2bb7f1561282132fb5826dfeccc66c7996d11ee392ac6aaf7ced8a1c2027fbb2?s=96&d=mm&r=g\",\"caption\":\"Pova\u017esk\u00e9 m\u00fazeum\"}}]}<\/script>\n<!-- \/ Yoast SEO plugin. -->","yoast_head_json":{"title":"Sn\u00fabenci, pozor! - Pova\u017esk\u00e9 m\u00fazeum","robots":{"index":"index","follow":"follow","max-snippet":"max-snippet:-1","max-image-preview":"max-image-preview:large","max-video-preview":"max-video-preview:-1"},"canonical":"https:\/\/pmza.sk\/?p=8307","og_locale":"sk_SK","og_type":"article","og_title":"Sn\u00fabenci, pozor! - Pova\u017esk\u00e9 m\u00fazeum","og_description":"Aj tento rok maj\u00fa sn\u00fabeneck\u00e9 p\u00e1ry z\u00a0cel\u00e9ho Slovenska z\u00e1ujem pre\u017ei\u0165 svoju rozpr\u00e1vkov\u00fa svadbu v\u00a0priestoroch renesan\u010dn\u00e9ho Sob\u00e1\u0161neho pal\u00e1ca v\u00a0Byt\u010di. Do \u0161tvrt\u00e9ho ro\u010dn\u00edka \u00faspe\u0161nej s\u00fa\u0165a\u017ee Svadobn\u00fd dar palat\u00edna Turzu sa op\u00e4\u0165 zapojilo nieko\u013eko p\u00e1rov, ktor\u00e9 splnili s\u00fa\u0165a\u017en\u00e9 podmienky: n\u00e1v\u0161teva kult\u00farnych kr\u00e1s severoz\u00e1padn\u00e9ho Slovenska a zbieranie pe\u010diatok do mapy Poklady m\u00faze\u00ed \u017dilinsk\u00e9ho kraja. Okrem v\u0161etk\u00fdch expoz\u00edci\u00ed Pova\u017esk\u00e9ho m\u00fazea [&hellip;]","og_url":"https:\/\/pmza.sk\/?p=8307","og_site_name":"Pova\u017esk\u00e9 m\u00fazeum","article_publisher":"https:\/\/www.facebook.com\/povazskemuzeum","article_published_time":"2013-11-21T07:21:47+00:00","og_image":[{"url":"https:\/\/pmza.sk.sk\/wp-content\/uploads\/2013\/11\/Z9H9744-300x200.jpg","type":"","width":"","height":""}],"author":"Pova\u017esk\u00e9 m\u00fazeum","twitter_card":"summary_large_image","twitter_misc":{"Autor":"Pova\u017esk\u00e9 m\u00fazeum","Predpokladan\u00fd \u010das \u010d\u00edtania":"2 min\u00faty"},"schema":{"@context":"https:\/\/schema.org","@graph":[{"@type":"Article","@id":"https:\/\/pmza.sk\/?p=8307#article","isPartOf":{"@id":"https:\/\/pmza.sk\/?p=8307"},"author":{"name":"Pova\u017esk\u00e9 m\u00fazeum","@id":"https:\/\/pmza.sk\/#\/schema\/person\/595e6a2ce731ea94dcd5d7f50a41ae33"},"headline":"Sn\u00fabenci, pozor!","datePublished":"2013-11-21T07:21:47+00:00","mainEntityOfPage":{"@id":"https:\/\/pmza.sk\/?p=8307"},"wordCount":357,"publisher":{"@id":"https:\/\/pmza.sk\/#organization"},"image":{"@id":"https:\/\/pmza.sk\/?p=8307#primaryimage"},"thumbnailUrl":"https:\/\/pmza.sk.sk\/wp-content\/uploads\/2013\/11\/Z9H9744-300x200.jpg","articleSection":["Arch\u00edv 2013"],"inLanguage":"sk-SK"},{"@type":"WebPage","@id":"https:\/\/pmza.sk\/?p=8307","url":"https:\/\/pmza.sk\/?p=8307","name":"Sn\u00fabenci, pozor! - Pova\u017esk\u00e9 m\u00fazeum","isPartOf":{"@id":"https:\/\/pmza.sk\/#website"},"primaryImageOfPage":{"@id":"https:\/\/pmza.sk\/?p=8307#primaryimage"},"image":{"@id":"https:\/\/pmza.sk\/?p=8307#primaryimage"},"thumbnailUrl":"https:\/\/pmza.sk.sk\/wp-content\/uploads\/2013\/11\/Z9H9744-300x200.jpg","datePublished":"2013-11-21T07:21:47+00:00","breadcrumb":{"@id":"https:\/\/pmza.sk\/?p=8307#breadcrumb"},"inLanguage":"sk-SK","potentialAction":[{"@type":"ReadAction","target":["https:\/\/pmza.sk\/?p=8307"]}]},{"@type":"ImageObject","inLanguage":"sk-SK","@id":"https:\/\/pmza.sk\/?p=8307#primaryimage","url":"https:\/\/pmza.sk.sk\/wp-content\/uploads\/2013\/11\/Z9H9744-300x200.jpg","contentUrl":"https:\/\/pmza.sk.sk\/wp-content\/uploads\/2013\/11\/Z9H9744-300x200.jpg"},{"@type":"BreadcrumbList","@id":"https:\/\/pmza.sk\/?p=8307#breadcrumb","itemListElement":[{"@type":"ListItem","position":1,"name":"Domovsk\u00e1 str\u00e1nka","item":"https:\/\/pmza.sk\/"},{"@type":"ListItem","position":2,"name":"Sn\u00fabenci, pozor!"}]},{"@type":"WebSite","@id":"https:\/\/pmza.sk\/#website","url":"https:\/\/pmza.sk\/","name":"Pova\u017esk\u00e9 m\u00fazeum","description":"Pova\u017esk\u00e9 m\u00fazeum v \u017diline je region\u00e1lne m\u00fazeum so s\u00eddlom v Budat\u00edne. Jeho expoz\u00edcie s\u00fa zameran\u00e9 na dejiny slovensk\u00e9ho umenia, kult\u00fary a dopravy.","publisher":{"@id":"https:\/\/pmza.sk\/#organization"},"potentialAction":[{"@type":"SearchAction","target":{"@type":"EntryPoint","urlTemplate":"https:\/\/pmza.sk\/?s={search_term_string}"},"query-input":{"@type":"PropertyValueSpecification","valueRequired":true,"valueName":"search_term_string"}}],"inLanguage":"sk-SK"},{"@type":"Organization","@id":"https:\/\/pmza.sk\/#organization","name":"Pova\u017esk\u00e9 m\u00fazeum","url":"https:\/\/pmza.sk\/","logo":{"@type":"ImageObject","inLanguage":"sk-SK","@id":"https:\/\/pmza.sk\/#\/schema\/logo\/image\/","url":"https:\/\/pmza.sk\/wp-content\/uploads\/2022\/01\/logo_PM_horizontal.jpg","contentUrl":"https:\/\/pmza.sk\/wp-content\/uploads\/2022\/01\/logo_PM_horizontal.jpg","width":231,"height":142,"caption":"Pova\u017esk\u00e9 m\u00fazeum"},"image":{"@id":"https:\/\/pmza.sk\/#\/schema\/logo\/image\/"},"sameAs":["https:\/\/www.facebook.com\/povazskemuzeum","https:\/\/www.instagram.com\/povazskemuzeum\/"]},{"@type":"Person","@id":"https:\/\/pmza.sk\/#\/schema\/person\/595e6a2ce731ea94dcd5d7f50a41ae33","name":"Pova\u017esk\u00e9 m\u00fazeum","image":{"@type":"ImageObject","inLanguage":"sk-SK","@id":"https:\/\/secure.gravatar.com\/avatar\/2bb7f1561282132fb5826dfeccc66c7996d11ee392ac6aaf7ced8a1c2027fbb2?s=96&d=mm&r=g","url":"https:\/\/secure.gravatar.com\/avatar\/2bb7f1561282132fb5826dfeccc66c7996d11ee392ac6aaf7ced8a1c2027fbb2?s=96&d=mm&r=g","contentUrl":"https:\/\/secure.gravatar.com\/avatar\/2bb7f1561282132fb5826dfeccc66c7996d11ee392ac6aaf7ced8a1c2027fbb2?s=96&d=mm&r=g","caption":"Pova\u017esk\u00e9 m\u00fazeum"}}]}},"_links":{"self":[{"href":"https:\/\/pmza.sk\/index.php?rest_route=\/wp\/v2\/posts\/8307","targetHints":{"allow":["GET"]}}],"collection":[{"href":"https:\/\/pmza.sk\/index.php?rest_route=\/wp\/v2\/posts"}],"about":[{"href":"https:\/\/pmza.sk\/index.php?rest_route=\/wp\/v2\/types\/post"}],"author":[{"embeddable":true,"href":"https:\/\/pmza.sk\/index.php?rest_route=\/wp\/v2\/users\/2"}],"replies":[{"embeddable":true,"href":"https:\/\/pmza.sk\/index.php?rest_route=%2Fwp%2Fv2%2Fcomments&post=8307"}],"version-history":[{"count":0,"href":"https:\/\/pmza.sk\/index.php?rest_route=\/wp\/v2\/posts\/8307\/revisions"}],"wp:attachment":[{"href":"https:\/\/pmza.sk\/index.php?rest_route=%2Fwp%2Fv2%2Fmedia&parent=8307"}],"wp:term":[{"taxonomy":"category","embeddable":true,"href":"https:\/\/pmza.sk\/index.php?rest_route=%2Fwp%2Fv2%2Fcategories&post=8307"},{"taxonomy":"post_tag","embeddable":true,"href":"https:\/\/pmza.sk\/index.php?rest_route=%2Fwp%2Fv2%2Ftags&post=8307"}],"curies":[{"name":"wp","href":"https:\/\/api.w.org\/{rel}","templated":true}]}}