{"id":9044,"date":"2014-02-05T15:20:53","date_gmt":"2014-02-05T14:20:53","guid":{"rendered":"https:\/\/pmza.sk.sk\/?p=9044"},"modified":"2014-02-05T15:20:53","modified_gmt":"2014-02-05T14:20:53","slug":"cezanne-manet-renoir-a-ini-vyznamni-impresionisti-v-budatine","status":"publish","type":"post","link":"https:\/\/pmza.sk\/?p=9044","title":{"rendered":"C\u00e9zanne, Manet, Renoir a in\u00ed v\u00fdznamn\u00ed impresionisti v Budat\u00edne"},"content":{"rendered":"<figure id=\"attachment_9041\" aria-describedby=\"caption-attachment-9041\" style=\"width: 176px\" class=\"wp-caption alignleft\"><a href=\"https:\/\/pmza.sk\/wp-content\/uploads\/2014\/02\/Henri-Jacques-Evenepoel_Au-square_Farblithografie-von-1897_web001.jpg\"><img decoding=\"async\" class=\"size-full wp-image-9041\" alt=\"Henri Jacques Evenepoel_Au square_Farblithografie von 1897\" src=\"https:\/\/pmza.sk\/wp-content\/uploads\/2014\/02\/Henri-Jacques-Evenepoel_Au-square_Farblithografie-von-1897_web001.jpg\" width=\"176\" height=\"260\" \/><\/a><figcaption id=\"caption-attachment-9041\" class=\"wp-caption-text\">Henri Jacques Evenepoel &#8211; Na n\u00e1mest\u00ed, farebn\u00e1 litografia, 1897<\/figcaption><\/figure>\n<p>Priaznivci impresionistick\u00e9ho v\u00fdtvarn\u00e9ho \u0161t\u00fdlu sa m\u00f4\u017eu te\u0161i\u0165 na unik\u00e1tnu v\u00fdstavu, ktor\u00fa pripravuje Pova\u017esk\u00e9 m\u00fazeum v\u00a0\u017diline v\u00a0term\u00edne <strong>25. apr\u00edla a\u017e 8. j\u00fana 2014<\/strong> v\u00a0expozi\u010dn\u00fdch priestoroch are\u00e1lu Budat\u00ednskeho hradu.<\/p>\n<p>V\u00fdstava je v\u00fdnimo\u010dnou pr\u00edle\u017eitos\u0165ou vidie\u0165 a\u00a0spozna\u0165 v\u00fdber z\u00a0origin\u00e1lnej tvorby svetov\u00fdch umelcov, ak\u00fdmi s\u00fa Bonnard, C\u00e9zanne, Manet, Renoir a\u00a0in\u00ed. Prezentovan\u00e9 bud\u00fa grafiky, akvarely a\u00a0olejoma\u013eba.<\/p>\n<p>Umeleck\u00fd \u0161t\u00fdl impresionizmus vznikol okolo roku 1870 vo Franc\u00fazsku a\u00a0nesk\u00f4r sa roz\u0161\u00edril do celej Eur\u00f3py. Z\u00e1merom umelcov bolo tvori\u0165 moment\u00e1lny v\u00fdjav. <!--more-->Tak za\u010dalo ma\u013eovanie v\u00a0plen\u00e9ri s\u00a0vyu\u017eit\u00edm zmeny svetla.<\/p>\n<p>Odkedy existuje impresionizmus, s\u00fa div\u00e1ci fascinovan\u00ed t\u00fdmto umen\u00edm. Bola to umeleck\u00e1 revol\u00facia, ke\u010f\u00a0umelci zlomili akademick\u00e9 konvencie. Kone\u010dne zachytili \u010daro chv\u00edle a\u00a0vo svojich dielach vytvorili fantastick\u00fd a\u00a0kraj\u0161\u00ed svet. Bolo to obdobie \u201eBelle Epoque\u201c (kr\u00e1snej epochy). Maliari ako Paul C\u00e9zanne, Edouard Manet, Pierre-Auguste Renoir a\u00a0in\u00ed vytvorili svoje neopakovate\u013en\u00e9 diela.<\/p>\n<p>Pova\u017esk\u00e9 m\u00fazeum v\u00a0\u017diline je hrd\u00e9 na to, \u017ee m\u00f4\u017ee prezentova\u0165 majstrovsk\u00e9 diela franc\u00fazskeho a\u00a0nemeck\u00e9ho impresionizmu vytvoren\u00e9 v\u00a0obdob\u00ed od roku 1869 \u2013 1930.<\/p>\n<p>V\u00fdstava bude exkluz\u00edvne na Slovensku len v\u00a0Pova\u017eskom m\u00fazeu v \u017diline a\u00a0potom v\u00a0Berl\u00edne. Poskytuje \u013eu\u010fom, ktor\u00ed nemaj\u00fa mo\u017enos\u0165 cestova\u0165 do zahrani\u010dia za umen\u00edm, aj v\u00a0na\u0161om regi\u00f3ne vidie\u0165 diela svetov\u00fdch umelcov. Je to \u010dasov\u00e9 obdobie Milana Rastislava \u0160tef\u00e1nika, ke\u010f p\u00f4sobil vo Franc\u00fazsku, \u010d\u00edm m\u00e1 v\u00fdstava pre Slovensko dvojn\u00e1sobn\u00fd rozmer \u2013 umeleck\u00fd i\u00a0historick\u00fd. Osobne obdivoval a\u00a0ve\u013emi silne bol in\u0161pirovan\u00fd nov\u00fdm umeleck\u00fdm \u0161t\u00fdlom &#8211; franc\u00fazskym impresionizmom.<\/p>\n<p>Nenechajte si ujs\u0165 mo\u017enos\u0165 osobne vidie\u0165 v\u00fdber diel v\u00a0takomto rozsahu na Slovensku. V\u00fdstava je realizovan\u00e1 v spolupr\u00e1ci s gal\u00e9riou <strong>Sundermann Fine Art &#8211; W\u00fcrzburg<\/strong> (Nemecko).<\/p>\n<p>&nbsp;<\/p>\n<p>Term\u00edn v\u00fdstavy 26. 4. &#8211;\u00a0 8. 6. 2014 vo v\u00fdstavnom priestore Budat\u00ednskeho hradu v\u00a0\u017diline. Otvoren\u00e9 bude aj po\u010das pondelkov. Vernis\u00e1\u017e 25. 4. 2014 o 18:00 h.<\/p>\n<figure id=\"attachment_9043\" aria-describedby=\"caption-attachment-9043\" style=\"width: 244px\" class=\"wp-caption alignleft\"><a href=\"https:\/\/pmza.sk\/wp-content\/uploads\/2014\/02\/Paul-Cezanne_La-montagne-Sainte-Victoire_Farbaquatintaradierung-bei-J-Villon_Werkverziechnis-E-639_web003.jpg\"><img decoding=\"async\" class=\"size-full wp-image-9043\" alt=\"Paul C\u00e9zanne_La montagne Sainte-Victoire_Farbaquatintaradierung bei J Villon_Werkverziechnis E 639\" src=\"https:\/\/pmza.sk\/wp-content\/uploads\/2014\/02\/Paul-Cezanne_La-montagne-Sainte-Victoire_Farbaquatintaradierung-bei-J-Villon_Werkverziechnis-E-639_web003.jpg\" width=\"244\" height=\"180\" \/><\/a><figcaption id=\"caption-attachment-9043\" class=\"wp-caption-text\">Paul C\u00e9zanne &#8211; Pohorie Sainte-Victoire, farebn\u00e1 aquatintov\u00e1 rytina J. Villon, zoznam diel E 639<\/figcaption><\/figure>\n<figure id=\"attachment_9132\" aria-describedby=\"caption-attachment-9132\" style=\"width: 216px\" class=\"wp-caption alignleft\"><a href=\"https:\/\/pmza.sk\/wp-content\/uploads\/2014\/02\/Marie-Berton_Badende_olej-na-platne-okolo-roku-1890_web004.jpg\"><img decoding=\"async\" class=\"size-medium wp-image-9132\" alt=\"Marie Berton_Badende_olej na pl\u00e1tne okolo roku 1890\" src=\"https:\/\/pmza.sk.sk\/wp-content\/uploads\/2014\/02\/Marie-Berton_Badende_olej-na-pl\u00e1tne-okolo-roku-1890_web004-300x246.jpg\" width=\"216\" height=\"178\" \/><\/a><figcaption id=\"caption-attachment-9132\" class=\"wp-caption-text\">Marie Berton &#8211; K\u00fapaj\u00face sa, olej na pl\u00e1tne okolo roku 1890<\/figcaption><\/figure>\n<p>&nbsp;<\/p>\n<p>&nbsp;<\/p>\n<p>&nbsp;<\/p>\n<p>&nbsp;<\/p>\n<p>&nbsp;<\/p>\n<p>&nbsp;<\/p>\n<p>&nbsp;<\/p>\n<p>&nbsp;<\/p>\n<p>&nbsp;<\/p>\n<p><strong>Finan\u010dn\u00fd partner:<\/strong><\/p>\n<p><a href=\"https:\/\/pmza.sk\/wp-content\/uploads\/2014\/04\/ARTS-logo-cierne.jpg\"><img loading=\"lazy\" decoding=\"async\" class=\"alignleft size-medium wp-image-9477\" alt=\"ARTS logo cierne\" src=\"https:\/\/pmza.sk.sk\/wp-content\/uploads\/2014\/04\/ARTS-logo-cierne-300x127.jpg\" width=\"300\" height=\"127\" \/><\/a><\/p>\n<p>&nbsp;<\/p>\n<p>&nbsp;<\/p>\n<p>&nbsp;<\/p>\n<p>&nbsp;<\/p>\n<p>&nbsp;<\/p>\n<p><strong>Partneri:<\/strong><\/p>\n<p><a href=\"https:\/\/pmza.sk\/wp-content\/uploads\/2014\/02\/Palace-hotel-Polom-logo_1.png\"><img loading=\"lazy\" decoding=\"async\" class=\"alignleft size-full wp-image-9165\" alt=\"Palace hotel Polom logo_1\" src=\"https:\/\/pmza.sk\/wp-content\/uploads\/2014\/02\/Palace-hotel-Polom-logo_1.png\" width=\"137\" height=\"78\" \/><\/a><\/p>\n<p><a href=\"https:\/\/pmza.sk\/wp-content\/uploads\/2014\/03\/MDS-Povazska-Bystrica_logo_velke.jpg\"><img loading=\"lazy\" decoding=\"async\" class=\"alignleft size-medium wp-image-9275\" alt=\"MDS Pova\u017esk\u00e1 Bystrica_logo_velke\" src=\"https:\/\/pmza.sk.sk\/wp-content\/uploads\/2014\/03\/MDS-Pova\u017esk\u00e1-Bystrica_logo_velke-300x224.jpg\" width=\"104\" height=\"77\" \/><\/a><\/p>\n<p><a href=\"https:\/\/pmza.sk\/wp-content\/uploads\/2014\/03\/11_stanica-nove-logo2.jpg\"><img loading=\"lazy\" decoding=\"async\" class=\"alignleft size-medium wp-image-9266\" alt=\"11_stanica-nove-logo2\" src=\"https:\/\/pmza.sk.sk\/wp-content\/uploads\/2014\/03\/11_stanica-nove-logo2-300x129.jpg\" width=\"115\" height=\"49\" \/><\/a><\/p>\n<p><a href=\"https:\/\/pmza.sk\/wp-content\/uploads\/2014\/03\/artforum1.jpg\"> <img loading=\"lazy\" decoding=\"async\" class=\"alignleft size-medium wp-image-9250\" alt=\"artforum(1)\" src=\"https:\/\/pmza.sk.sk\/wp-content\/uploads\/2014\/03\/artforum1-300x50.jpg\" width=\"108\" height=\"18\" \/><\/a><\/p>\n<p>&nbsp;<\/p>\n<p>&nbsp;<\/p>\n<p>&nbsp;<\/p>\n<p>&nbsp;<\/p>\n<p><a href=\"https:\/\/pmza.sk\/wp-content\/uploads\/2014\/02\/bigmedia.jpg\"><img loading=\"lazy\" decoding=\"async\" class=\"alignleft size-medium wp-image-9422\" alt=\"bigmedia\" src=\"https:\/\/pmza.sk.sk\/wp-content\/uploads\/2014\/02\/bigmedia-300x67.jpg\" width=\"154\" height=\"34\" \/><\/a><\/p>\n<p><a href=\"https:\/\/pmza.sk\/wp-content\/uploads\/2014\/02\/villa_budatin.jpg\"><img loading=\"lazy\" decoding=\"async\" class=\"alignleft size-medium wp-image-9426\" alt=\"villa_budatin\" src=\"https:\/\/pmza.sk.sk\/wp-content\/uploads\/2014\/02\/villa_budatin-300x216.jpg\" width=\"99\" height=\"72\" \/><\/a><\/p>\n<p>&nbsp;<\/p>\n<p>&nbsp;<\/p>\n<p>&nbsp;<\/p>\n<p>&nbsp;<\/p>\n<p><strong>Medi\u00e1lni partneri:<\/strong><\/p>\n<p><a href=\"https:\/\/pmza.sk\/wp-content\/uploads\/2014\/02\/logozilinadnes.png\"><img loading=\"lazy\" decoding=\"async\" class=\"alignleft size-medium wp-image-9098\" alt=\"logozilinadnes\" src=\"https:\/\/pmza.sk.sk\/wp-content\/uploads\/2014\/02\/logozilinadnes-300x125.png\" width=\"142\" height=\"59\" \/><\/a><\/p>\n<p><a href=\"https:\/\/pmza.sk\/wp-content\/uploads\/2014\/03\/TV_FENIX.jpg\"><img loading=\"lazy\" decoding=\"async\" class=\"alignleft size-full wp-image-9288\" alt=\"TV_FENIX\" src=\"https:\/\/pmza.sk\/wp-content\/uploads\/2014\/03\/TV_FENIX.jpg\" width=\"162\" height=\"50\" \/><\/a><\/p>\n<p>\u00a0<a href=\"https:\/\/pmza.sk\/wp-content\/uploads\/2014\/02\/severka-scaled-1.jpg\"><img loading=\"lazy\" decoding=\"async\" class=\"alignleft size-medium wp-image-9159\" alt=\"severka\" src=\"https:\/\/pmza.sk.sk\/wp-content\/uploads\/2014\/02\/severka-300x88.jpg\" width=\"127\" height=\"37\" \/><\/a><\/p>\n<p>&nbsp;<\/p>\n<p>&nbsp;<\/p>\n<p><a href=\"https:\/\/pmza.sk\/wp-content\/uploads\/2014\/03\/LOGO-SEVER_biele_dsc_logo.jpg\"><img loading=\"lazy\" decoding=\"async\" class=\"alignleft size-medium wp-image-9253\" alt=\"LOGO SEVER_biele_dsc_logo\" src=\"https:\/\/pmza.sk.sk\/wp-content\/uploads\/2014\/03\/LOGO-SEVER_biele_dsc_logo-300x193.jpg\" width=\"105\" height=\"67\" \/><\/a><a href=\"https:\/\/pmza.sk\/wp-content\/uploads\/2014\/02\/MY-ZN_logo.jpg\"><img loading=\"lazy\" decoding=\"async\" class=\"alignleft size-full wp-image-9099\" alt=\"MY \u017dN_logo\" src=\"https:\/\/pmza.sk\/wp-content\/uploads\/2014\/02\/MY-ZN_logo.jpg\" width=\"110\" height=\"87\" \/><\/a> <a href=\"https:\/\/pmza.sk\/wp-content\/uploads\/2014\/02\/zilina-sme-sk_logo.jpg\"><img loading=\"lazy\" decoding=\"async\" class=\"alignleft size-full wp-image-9100\" alt=\"zilina sme sk_logo\" src=\"https:\/\/pmza.sk\/wp-content\/uploads\/2014\/02\/zilina-sme-sk_logo.jpg\" width=\"135\" height=\"83\" \/><\/a><a href=\"https:\/\/pmza.sk.sk\/wp-content\/uploads\/2010\/06\/zv-logo_krivky.jpg\"><img loading=\"lazy\" decoding=\"async\" class=\"alignleft size-medium wp-image-8046\" alt=\"zv logo_krivky\" src=\"https:\/\/pmza.sk.sk\/wp-content\/uploads\/2010\/06\/zv-logo_krivky-300x68.jpg\" width=\"170\" height=\"38\" \/><\/a><\/p>\n<p style=\"text-align: left;\">\n<p>&nbsp;<\/p>\n<p style=\"text-align: left;\">\n<p><a href=\"https:\/\/pmza.sk\/wp-content\/uploads\/2014\/03\/TV_FENIX.jpg\">\u00a0 <\/a><\/p>\n<p>&nbsp;<\/p>\n<p>&nbsp;<\/p>\n","protected":false},"excerpt":{"rendered":"<p>Priaznivci impresionistick\u00e9ho v\u00fdtvarn\u00e9ho \u0161t\u00fdlu sa m\u00f4\u017eu te\u0161i\u0165 na unik\u00e1tnu v\u00fdstavu, ktor\u00fa pripravuje Pova\u017esk\u00e9 m\u00fazeum v\u00a0\u017diline v\u00a0term\u00edne 25. apr\u00edla a\u017e 8. j\u00fana 2014 v\u00a0expozi\u010dn\u00fdch priestoroch are\u00e1lu Budat\u00ednskeho hradu. V\u00fdstava je v\u00fdnimo\u010dnou pr\u00edle\u017eitos\u0165ou vidie\u0165 a\u00a0spozna\u0165 v\u00fdber z\u00a0origin\u00e1lnej tvorby svetov\u00fdch umelcov, ak\u00fdmi s\u00fa Bonnard, C\u00e9zanne, Manet, Renoir a\u00a0in\u00ed. Prezentovan\u00e9 bud\u00fa grafiky, akvarely a\u00a0olejoma\u013eba. Umeleck\u00fd \u0161t\u00fdl impresionizmus vznikol okolo [&hellip;]<\/p>\n","protected":false},"author":2,"featured_media":0,"comment_status":"closed","ping_status":"closed","sticky":false,"template":"","format":"standard","meta":{"site-sidebar-layout":"default","site-content-layout":"","ast-site-content-layout":"","site-content-style":"default","site-sidebar-style":"default","ast-global-header-display":"","ast-banner-title-visibility":"","ast-main-header-display":"","ast-hfb-above-header-display":"","ast-hfb-below-header-display":"","ast-hfb-mobile-header-display":"","site-post-title":"","ast-breadcrumbs-content":"","ast-featured-img":"","footer-sml-layout":"","theme-transparent-header-meta":"","adv-header-id-meta":"","stick-header-meta":"","header-above-stick-meta":"","header-main-stick-meta":"","header-below-stick-meta":"","astra-migrate-meta-layouts":"default","ast-page-background-enabled":"default","ast-page-background-meta":{"desktop":{"background-color":"var(--ast-global-color-4)","background-image":"","background-repeat":"repeat","background-position":"center center","background-size":"auto","background-attachment":"scroll","background-type":"","background-media":"","overlay-type":"","overlay-color":"","overlay-opacity":"","overlay-gradient":""},"tablet":{"background-color":"","background-image":"","background-repeat":"repeat","background-position":"center center","background-size":"auto","background-attachment":"scroll","background-type":"","background-media":"","overlay-type":"","overlay-color":"","overlay-opacity":"","overlay-gradient":""},"mobile":{"background-color":"","background-image":"","background-repeat":"repeat","background-position":"center center","background-size":"auto","background-attachment":"scroll","background-type":"","background-media":"","overlay-type":"","overlay-color":"","overlay-opacity":"","overlay-gradient":""}},"ast-content-background-meta":{"desktop":{"background-color":"var(--ast-global-color-5)","background-image":"","background-repeat":"repeat","background-position":"center center","background-size":"auto","background-attachment":"scroll","background-type":"","background-media":"","overlay-type":"","overlay-color":"","overlay-opacity":"","overlay-gradient":""},"tablet":{"background-color":"var(--ast-global-color-5)","background-image":"","background-repeat":"repeat","background-position":"center center","background-size":"auto","background-attachment":"scroll","background-type":"","background-media":"","overlay-type":"","overlay-color":"","overlay-opacity":"","overlay-gradient":""},"mobile":{"background-color":"var(--ast-global-color-5)","background-image":"","background-repeat":"repeat","background-position":"center center","background-size":"auto","background-attachment":"scroll","background-type":"","background-media":"","overlay-type":"","overlay-color":"","overlay-opacity":"","overlay-gradient":""}},"footnotes":""},"categories":[36],"tags":[],"class_list":["post-9044","post","type-post","status-publish","format-standard","hentry","category-archiv-2014"],"yoast_head":"<!-- This site is optimized with the Yoast SEO plugin v27.4 - https:\/\/yoast.com\/product\/yoast-seo-wordpress\/ -->\n<title>C\u00e9zanne, Manet, Renoir a in\u00ed v\u00fdznamn\u00ed impresionisti v Budat\u00edne - Pova\u017esk\u00e9 m\u00fazeum<\/title>\n<meta name=\"robots\" content=\"index, follow, max-snippet:-1, max-image-preview:large, max-video-preview:-1\" \/>\n<link rel=\"canonical\" href=\"https:\/\/pmza.sk\/?p=9044\" \/>\n<meta property=\"og:locale\" content=\"sk_SK\" \/>\n<meta property=\"og:type\" content=\"article\" \/>\n<meta property=\"og:title\" content=\"C\u00e9zanne, Manet, Renoir a in\u00ed v\u00fdznamn\u00ed impresionisti v Budat\u00edne - Pova\u017esk\u00e9 m\u00fazeum\" \/>\n<meta property=\"og:description\" content=\"Priaznivci impresionistick\u00e9ho v\u00fdtvarn\u00e9ho \u0161t\u00fdlu sa m\u00f4\u017eu te\u0161i\u0165 na unik\u00e1tnu v\u00fdstavu, ktor\u00fa pripravuje Pova\u017esk\u00e9 m\u00fazeum v\u00a0\u017diline v\u00a0term\u00edne 25. apr\u00edla a\u017e 8. j\u00fana 2014 v\u00a0expozi\u010dn\u00fdch priestoroch are\u00e1lu Budat\u00ednskeho hradu. V\u00fdstava je v\u00fdnimo\u010dnou pr\u00edle\u017eitos\u0165ou vidie\u0165 a\u00a0spozna\u0165 v\u00fdber z\u00a0origin\u00e1lnej tvorby svetov\u00fdch umelcov, ak\u00fdmi s\u00fa Bonnard, C\u00e9zanne, Manet, Renoir a\u00a0in\u00ed. Prezentovan\u00e9 bud\u00fa grafiky, akvarely a\u00a0olejoma\u013eba. Umeleck\u00fd \u0161t\u00fdl impresionizmus vznikol okolo [&hellip;]\" \/>\n<meta property=\"og:url\" content=\"https:\/\/pmza.sk\/?p=9044\" \/>\n<meta property=\"og:site_name\" content=\"Pova\u017esk\u00e9 m\u00fazeum\" \/>\n<meta property=\"article:publisher\" content=\"https:\/\/www.facebook.com\/povazskemuzeum\" \/>\n<meta property=\"article:published_time\" content=\"2014-02-05T14:20:53+00:00\" \/>\n<meta property=\"og:image\" content=\"https:\/\/pmza.sk\/wp-content\/uploads\/2014\/02\/Henri-Jacques-Evenepoel_Au-square_Farblithografie-von-1897_web001.jpg\" \/>\n<meta name=\"author\" content=\"Pova\u017esk\u00e9 m\u00fazeum\" \/>\n<meta name=\"twitter:card\" content=\"summary_large_image\" \/>\n<meta name=\"twitter:label1\" content=\"Autor\" \/>\n\t<meta name=\"twitter:data1\" content=\"Pova\u017esk\u00e9 m\u00fazeum\" \/>\n\t<meta name=\"twitter:label2\" content=\"Predpokladan\u00fd \u010das \u010d\u00edtania\" \/>\n\t<meta name=\"twitter:data2\" content=\"2 min\u00faty\" \/>\n<script type=\"application\/ld+json\" class=\"yoast-schema-graph\">{\"@context\":\"https:\\\/\\\/schema.org\",\"@graph\":[{\"@type\":\"Article\",\"@id\":\"https:\\\/\\\/pmza.sk\\\/?p=9044#article\",\"isPartOf\":{\"@id\":\"https:\\\/\\\/pmza.sk\\\/?p=9044\"},\"author\":{\"name\":\"Pova\u017esk\u00e9 m\u00fazeum\",\"@id\":\"https:\\\/\\\/pmza.sk\\\/#\\\/schema\\\/person\\\/595e6a2ce731ea94dcd5d7f50a41ae33\"},\"headline\":\"C\u00e9zanne, Manet, Renoir a in\u00ed v\u00fdznamn\u00ed impresionisti v Budat\u00edne\",\"datePublished\":\"2014-02-05T14:20:53+00:00\",\"mainEntityOfPage\":{\"@id\":\"https:\\\/\\\/pmza.sk\\\/?p=9044\"},\"wordCount\":462,\"publisher\":{\"@id\":\"https:\\\/\\\/pmza.sk\\\/#organization\"},\"image\":{\"@id\":\"https:\\\/\\\/pmza.sk\\\/?p=9044#primaryimage\"},\"thumbnailUrl\":\"http:\\\/\\\/pmza.sk\\\/wp-content\\\/uploads\\\/2014\\\/02\\\/Henri-Jacques-Evenepoel_Au-square_Farblithografie-von-1897_web001.jpg\",\"articleSection\":[\"Arch\u00edv 2014\"],\"inLanguage\":\"sk-SK\"},{\"@type\":\"WebPage\",\"@id\":\"https:\\\/\\\/pmza.sk\\\/?p=9044\",\"url\":\"https:\\\/\\\/pmza.sk\\\/?p=9044\",\"name\":\"C\u00e9zanne, Manet, Renoir a in\u00ed v\u00fdznamn\u00ed impresionisti v Budat\u00edne - Pova\u017esk\u00e9 m\u00fazeum\",\"isPartOf\":{\"@id\":\"https:\\\/\\\/pmza.sk\\\/#website\"},\"primaryImageOfPage\":{\"@id\":\"https:\\\/\\\/pmza.sk\\\/?p=9044#primaryimage\"},\"image\":{\"@id\":\"https:\\\/\\\/pmza.sk\\\/?p=9044#primaryimage\"},\"thumbnailUrl\":\"http:\\\/\\\/pmza.sk\\\/wp-content\\\/uploads\\\/2014\\\/02\\\/Henri-Jacques-Evenepoel_Au-square_Farblithografie-von-1897_web001.jpg\",\"datePublished\":\"2014-02-05T14:20:53+00:00\",\"breadcrumb\":{\"@id\":\"https:\\\/\\\/pmza.sk\\\/?p=9044#breadcrumb\"},\"inLanguage\":\"sk-SK\",\"potentialAction\":[{\"@type\":\"ReadAction\",\"target\":[\"https:\\\/\\\/pmza.sk\\\/?p=9044\"]}]},{\"@type\":\"ImageObject\",\"inLanguage\":\"sk-SK\",\"@id\":\"https:\\\/\\\/pmza.sk\\\/?p=9044#primaryimage\",\"url\":\"https:\\\/\\\/pmza.sk\\\/wp-content\\\/uploads\\\/2014\\\/02\\\/Henri-Jacques-Evenepoel_Au-square_Farblithografie-von-1897_web001.jpg\",\"contentUrl\":\"https:\\\/\\\/pmza.sk\\\/wp-content\\\/uploads\\\/2014\\\/02\\\/Henri-Jacques-Evenepoel_Au-square_Farblithografie-von-1897_web001.jpg\",\"width\":176,\"height\":260,\"caption\":\"Henri Jacques Evenepoel_Au square_Farblithografie von 1897\"},{\"@type\":\"BreadcrumbList\",\"@id\":\"https:\\\/\\\/pmza.sk\\\/?p=9044#breadcrumb\",\"itemListElement\":[{\"@type\":\"ListItem\",\"position\":1,\"name\":\"Domovsk\u00e1 str\u00e1nka\",\"item\":\"https:\\\/\\\/pmza.sk\\\/\"},{\"@type\":\"ListItem\",\"position\":2,\"name\":\"C\u00e9zanne, Manet, Renoir a in\u00ed v\u00fdznamn\u00ed impresionisti v Budat\u00edne\"}]},{\"@type\":\"WebSite\",\"@id\":\"https:\\\/\\\/pmza.sk\\\/#website\",\"url\":\"https:\\\/\\\/pmza.sk\\\/\",\"name\":\"Pova\u017esk\u00e9 m\u00fazeum\",\"description\":\"Pova\u017esk\u00e9 m\u00fazeum v \u017diline je region\u00e1lne m\u00fazeum so s\u00eddlom v Budat\u00edne. Jeho expoz\u00edcie s\u00fa zameran\u00e9 na dejiny slovensk\u00e9ho umenia, kult\u00fary a dopravy.\",\"publisher\":{\"@id\":\"https:\\\/\\\/pmza.sk\\\/#organization\"},\"potentialAction\":[{\"@type\":\"SearchAction\",\"target\":{\"@type\":\"EntryPoint\",\"urlTemplate\":\"https:\\\/\\\/pmza.sk\\\/?s={search_term_string}\"},\"query-input\":{\"@type\":\"PropertyValueSpecification\",\"valueRequired\":true,\"valueName\":\"search_term_string\"}}],\"inLanguage\":\"sk-SK\"},{\"@type\":\"Organization\",\"@id\":\"https:\\\/\\\/pmza.sk\\\/#organization\",\"name\":\"Pova\u017esk\u00e9 m\u00fazeum\",\"url\":\"https:\\\/\\\/pmza.sk\\\/\",\"logo\":{\"@type\":\"ImageObject\",\"inLanguage\":\"sk-SK\",\"@id\":\"https:\\\/\\\/pmza.sk\\\/#\\\/schema\\\/logo\\\/image\\\/\",\"url\":\"https:\\\/\\\/pmza.sk\\\/wp-content\\\/uploads\\\/2022\\\/01\\\/logo_PM_horizontal.jpg\",\"contentUrl\":\"https:\\\/\\\/pmza.sk\\\/wp-content\\\/uploads\\\/2022\\\/01\\\/logo_PM_horizontal.jpg\",\"width\":231,\"height\":142,\"caption\":\"Pova\u017esk\u00e9 m\u00fazeum\"},\"image\":{\"@id\":\"https:\\\/\\\/pmza.sk\\\/#\\\/schema\\\/logo\\\/image\\\/\"},\"sameAs\":[\"https:\\\/\\\/www.facebook.com\\\/povazskemuzeum\",\"https:\\\/\\\/www.instagram.com\\\/povazskemuzeum\\\/\"]},{\"@type\":\"Person\",\"@id\":\"https:\\\/\\\/pmza.sk\\\/#\\\/schema\\\/person\\\/595e6a2ce731ea94dcd5d7f50a41ae33\",\"name\":\"Pova\u017esk\u00e9 m\u00fazeum\",\"image\":{\"@type\":\"ImageObject\",\"inLanguage\":\"sk-SK\",\"@id\":\"https:\\\/\\\/secure.gravatar.com\\\/avatar\\\/2bb7f1561282132fb5826dfeccc66c7996d11ee392ac6aaf7ced8a1c2027fbb2?s=96&d=mm&r=g\",\"url\":\"https:\\\/\\\/secure.gravatar.com\\\/avatar\\\/2bb7f1561282132fb5826dfeccc66c7996d11ee392ac6aaf7ced8a1c2027fbb2?s=96&d=mm&r=g\",\"contentUrl\":\"https:\\\/\\\/secure.gravatar.com\\\/avatar\\\/2bb7f1561282132fb5826dfeccc66c7996d11ee392ac6aaf7ced8a1c2027fbb2?s=96&d=mm&r=g\",\"caption\":\"Pova\u017esk\u00e9 m\u00fazeum\"}}]}<\/script>\n<!-- \/ Yoast SEO plugin. -->","yoast_head_json":{"title":"C\u00e9zanne, Manet, Renoir a in\u00ed v\u00fdznamn\u00ed impresionisti v Budat\u00edne - Pova\u017esk\u00e9 m\u00fazeum","robots":{"index":"index","follow":"follow","max-snippet":"max-snippet:-1","max-image-preview":"max-image-preview:large","max-video-preview":"max-video-preview:-1"},"canonical":"https:\/\/pmza.sk\/?p=9044","og_locale":"sk_SK","og_type":"article","og_title":"C\u00e9zanne, Manet, Renoir a in\u00ed v\u00fdznamn\u00ed impresionisti v Budat\u00edne - Pova\u017esk\u00e9 m\u00fazeum","og_description":"Priaznivci impresionistick\u00e9ho v\u00fdtvarn\u00e9ho \u0161t\u00fdlu sa m\u00f4\u017eu te\u0161i\u0165 na unik\u00e1tnu v\u00fdstavu, ktor\u00fa pripravuje Pova\u017esk\u00e9 m\u00fazeum v\u00a0\u017diline v\u00a0term\u00edne 25. apr\u00edla a\u017e 8. j\u00fana 2014 v\u00a0expozi\u010dn\u00fdch priestoroch are\u00e1lu Budat\u00ednskeho hradu. V\u00fdstava je v\u00fdnimo\u010dnou pr\u00edle\u017eitos\u0165ou vidie\u0165 a\u00a0spozna\u0165 v\u00fdber z\u00a0origin\u00e1lnej tvorby svetov\u00fdch umelcov, ak\u00fdmi s\u00fa Bonnard, C\u00e9zanne, Manet, Renoir a\u00a0in\u00ed. Prezentovan\u00e9 bud\u00fa grafiky, akvarely a\u00a0olejoma\u013eba. Umeleck\u00fd \u0161t\u00fdl impresionizmus vznikol okolo [&hellip;]","og_url":"https:\/\/pmza.sk\/?p=9044","og_site_name":"Pova\u017esk\u00e9 m\u00fazeum","article_publisher":"https:\/\/www.facebook.com\/povazskemuzeum","article_published_time":"2014-02-05T14:20:53+00:00","og_image":[{"url":"https:\/\/pmza.sk\/wp-content\/uploads\/2014\/02\/Henri-Jacques-Evenepoel_Au-square_Farblithografie-von-1897_web001.jpg","type":"","width":"","height":""}],"author":"Pova\u017esk\u00e9 m\u00fazeum","twitter_card":"summary_large_image","twitter_misc":{"Autor":"Pova\u017esk\u00e9 m\u00fazeum","Predpokladan\u00fd \u010das \u010d\u00edtania":"2 min\u00faty"},"schema":{"@context":"https:\/\/schema.org","@graph":[{"@type":"Article","@id":"https:\/\/pmza.sk\/?p=9044#article","isPartOf":{"@id":"https:\/\/pmza.sk\/?p=9044"},"author":{"name":"Pova\u017esk\u00e9 m\u00fazeum","@id":"https:\/\/pmza.sk\/#\/schema\/person\/595e6a2ce731ea94dcd5d7f50a41ae33"},"headline":"C\u00e9zanne, Manet, Renoir a in\u00ed v\u00fdznamn\u00ed impresionisti v Budat\u00edne","datePublished":"2014-02-05T14:20:53+00:00","mainEntityOfPage":{"@id":"https:\/\/pmza.sk\/?p=9044"},"wordCount":462,"publisher":{"@id":"https:\/\/pmza.sk\/#organization"},"image":{"@id":"https:\/\/pmza.sk\/?p=9044#primaryimage"},"thumbnailUrl":"https:\/\/pmza.sk\/wp-content\/uploads\/2014\/02\/Henri-Jacques-Evenepoel_Au-square_Farblithografie-von-1897_web001.jpg","articleSection":["Arch\u00edv 2014"],"inLanguage":"sk-SK"},{"@type":"WebPage","@id":"https:\/\/pmza.sk\/?p=9044","url":"https:\/\/pmza.sk\/?p=9044","name":"C\u00e9zanne, Manet, Renoir a in\u00ed v\u00fdznamn\u00ed impresionisti v Budat\u00edne - Pova\u017esk\u00e9 m\u00fazeum","isPartOf":{"@id":"https:\/\/pmza.sk\/#website"},"primaryImageOfPage":{"@id":"https:\/\/pmza.sk\/?p=9044#primaryimage"},"image":{"@id":"https:\/\/pmza.sk\/?p=9044#primaryimage"},"thumbnailUrl":"https:\/\/pmza.sk\/wp-content\/uploads\/2014\/02\/Henri-Jacques-Evenepoel_Au-square_Farblithografie-von-1897_web001.jpg","datePublished":"2014-02-05T14:20:53+00:00","breadcrumb":{"@id":"https:\/\/pmza.sk\/?p=9044#breadcrumb"},"inLanguage":"sk-SK","potentialAction":[{"@type":"ReadAction","target":["https:\/\/pmza.sk\/?p=9044"]}]},{"@type":"ImageObject","inLanguage":"sk-SK","@id":"https:\/\/pmza.sk\/?p=9044#primaryimage","url":"https:\/\/pmza.sk\/wp-content\/uploads\/2014\/02\/Henri-Jacques-Evenepoel_Au-square_Farblithografie-von-1897_web001.jpg","contentUrl":"https:\/\/pmza.sk\/wp-content\/uploads\/2014\/02\/Henri-Jacques-Evenepoel_Au-square_Farblithografie-von-1897_web001.jpg","width":176,"height":260,"caption":"Henri Jacques Evenepoel_Au square_Farblithografie von 1897"},{"@type":"BreadcrumbList","@id":"https:\/\/pmza.sk\/?p=9044#breadcrumb","itemListElement":[{"@type":"ListItem","position":1,"name":"Domovsk\u00e1 str\u00e1nka","item":"https:\/\/pmza.sk\/"},{"@type":"ListItem","position":2,"name":"C\u00e9zanne, Manet, Renoir a in\u00ed v\u00fdznamn\u00ed impresionisti v Budat\u00edne"}]},{"@type":"WebSite","@id":"https:\/\/pmza.sk\/#website","url":"https:\/\/pmza.sk\/","name":"Pova\u017esk\u00e9 m\u00fazeum","description":"Pova\u017esk\u00e9 m\u00fazeum v \u017diline je region\u00e1lne m\u00fazeum so s\u00eddlom v Budat\u00edne. Jeho expoz\u00edcie s\u00fa zameran\u00e9 na dejiny slovensk\u00e9ho umenia, kult\u00fary a dopravy.","publisher":{"@id":"https:\/\/pmza.sk\/#organization"},"potentialAction":[{"@type":"SearchAction","target":{"@type":"EntryPoint","urlTemplate":"https:\/\/pmza.sk\/?s={search_term_string}"},"query-input":{"@type":"PropertyValueSpecification","valueRequired":true,"valueName":"search_term_string"}}],"inLanguage":"sk-SK"},{"@type":"Organization","@id":"https:\/\/pmza.sk\/#organization","name":"Pova\u017esk\u00e9 m\u00fazeum","url":"https:\/\/pmza.sk\/","logo":{"@type":"ImageObject","inLanguage":"sk-SK","@id":"https:\/\/pmza.sk\/#\/schema\/logo\/image\/","url":"https:\/\/pmza.sk\/wp-content\/uploads\/2022\/01\/logo_PM_horizontal.jpg","contentUrl":"https:\/\/pmza.sk\/wp-content\/uploads\/2022\/01\/logo_PM_horizontal.jpg","width":231,"height":142,"caption":"Pova\u017esk\u00e9 m\u00fazeum"},"image":{"@id":"https:\/\/pmza.sk\/#\/schema\/logo\/image\/"},"sameAs":["https:\/\/www.facebook.com\/povazskemuzeum","https:\/\/www.instagram.com\/povazskemuzeum\/"]},{"@type":"Person","@id":"https:\/\/pmza.sk\/#\/schema\/person\/595e6a2ce731ea94dcd5d7f50a41ae33","name":"Pova\u017esk\u00e9 m\u00fazeum","image":{"@type":"ImageObject","inLanguage":"sk-SK","@id":"https:\/\/secure.gravatar.com\/avatar\/2bb7f1561282132fb5826dfeccc66c7996d11ee392ac6aaf7ced8a1c2027fbb2?s=96&d=mm&r=g","url":"https:\/\/secure.gravatar.com\/avatar\/2bb7f1561282132fb5826dfeccc66c7996d11ee392ac6aaf7ced8a1c2027fbb2?s=96&d=mm&r=g","contentUrl":"https:\/\/secure.gravatar.com\/avatar\/2bb7f1561282132fb5826dfeccc66c7996d11ee392ac6aaf7ced8a1c2027fbb2?s=96&d=mm&r=g","caption":"Pova\u017esk\u00e9 m\u00fazeum"}}]}},"_links":{"self":[{"href":"https:\/\/pmza.sk\/index.php?rest_route=\/wp\/v2\/posts\/9044","targetHints":{"allow":["GET"]}}],"collection":[{"href":"https:\/\/pmza.sk\/index.php?rest_route=\/wp\/v2\/posts"}],"about":[{"href":"https:\/\/pmza.sk\/index.php?rest_route=\/wp\/v2\/types\/post"}],"author":[{"embeddable":true,"href":"https:\/\/pmza.sk\/index.php?rest_route=\/wp\/v2\/users\/2"}],"replies":[{"embeddable":true,"href":"https:\/\/pmza.sk\/index.php?rest_route=%2Fwp%2Fv2%2Fcomments&post=9044"}],"version-history":[{"count":0,"href":"https:\/\/pmza.sk\/index.php?rest_route=\/wp\/v2\/posts\/9044\/revisions"}],"wp:attachment":[{"href":"https:\/\/pmza.sk\/index.php?rest_route=%2Fwp%2Fv2%2Fmedia&parent=9044"}],"wp:term":[{"taxonomy":"category","embeddable":true,"href":"https:\/\/pmza.sk\/index.php?rest_route=%2Fwp%2Fv2%2Fcategories&post=9044"},{"taxonomy":"post_tag","embeddable":true,"href":"https:\/\/pmza.sk\/index.php?rest_route=%2Fwp%2Fv2%2Ftags&post=9044"}],"curies":[{"name":"wp","href":"https:\/\/api.w.org\/{rel}","templated":true}]}}